{"id":1091,"date":"2013-02-07T09:15:33","date_gmt":"2013-02-07T07:15:33","guid":{"rendered":"http:\/\/www.kariyerkampuste.com\/?p=1091"},"modified":"2024-07-03T15:32:36","modified_gmt":"2024-07-03T12:32:36","slug":"8-iltek-gunleri","status":"publish","type":"post","link":"https:\/\/www.kariyer.net\/kariyer-rehberi\/8-iltek-gunleri\/","title":{"rendered":"8.\u0130LTEK G\u00dcNLER\u0130"},"content":{"rendered":"<p><a href=\"http:\/\/www.kariyerkampuste.com\/wp-content\/uploads\/2013\/02\/8.iltek-gunleri.jpg\"><br \/>\n<img fetchpriority=\"high\" decoding=\"async\" class=\"alignleft  wp-image-1092\" alt=\"8.iltek gunleri\" src=\"http:\/\/www.kariyerkampuste.com\/wp-content\/uploads\/2013\/02\/8.iltek-gunleri.jpg\" width=\"284\" height=\"399\" \/><\/a><\/p>\n<p align=\"center\"><b>8. \u0130LTEK G\u00fcnleri | 19-20-21 Mart 2013<\/b><\/p>\n<p>Y\u0131ld\u0131z Teknik \u00dcniversitesi b\u00fcnyesinde faaliyet g\u00f6steren ve son iki senedir IEEE\u2019nin uluslararas\u0131 platformda vermi\u015f oldu\u011fu en prestijli \u00f6\u011frenci kul\u00fcb\u00fc \u00f6d\u00fcl\u00fc olan \u2018\u2019Region 8 IEEE Exemplary Student Branch Award\u2019\u2019\u0131 alan YT\u00dc IEEE \u00d6\u011frenci Kul\u00fcb\u00fc <b>19-20-21 Mart 2013<\/b> tarihlerinde <b>8. \u0130LTEK (\u0130leti\u015fim ve Bili\u015fim Teknolojileri) G\u00fcnleri<\/b> etkinli\u011fini ger\u00e7ekle\u015ftiriyor.<\/p>\n<p>YT\u00dc IEEE \u00d6\u011frenci Kul\u00fcb\u00fc, yedi senedir d\u00fczenledi\u011fi &#8220;\u0130LTEK G\u00fcnleri&#8221; &#8216;nde ileti\u015fim, bili\u015fim ve telekom\u00fcnikasyon sekt\u00f6rlerinin \u00f6nc\u00fc firmalar\u0131n\u0131 Y\u0131ld\u0131z Teknik \u00dcniversitesi&#8217;nde a\u011f\u0131rlamakta, organizasyon boyunca \u00e7e\u015fitli seminer ve paneller ile\u00a0ileti\u015fim, bili\u015fim ve telekom\u00fcnikasyon sekt\u00f6rleri mercek alt\u0131na al\u0131nmakta. \u0130LTEK G\u00fcnleri 2006 y\u0131l\u0131nda ba\u015flayarak, sekt\u00f6r\u00fcn en \u00f6nemli firmalar\u0131n\u0131n destek vermesi ve kat\u0131l\u0131m g\u00f6stermesi sayesinde k\u0131sa zamanda kendi\u00a0 alan\u0131nda kariyer planlamas\u0131 yapan \u00fcniversite \u00f6\u011frencilerinin g\u00f6zde organizasyonlar\u0131 aras\u0131nda yerini alm\u0131\u015ft\u0131r.<!--more--><\/p>\n<p>8. \u0130LTEK G\u00fcnleri bu sene \u201c<b>Turkcell Akademi<\/b>\u201dnin platin sponsorlu\u011funda ger\u00e7ekle\u015fecektir. Ayr\u0131ca <b>Akbank<\/b> ve <b>Anel Grup <\/b>alt\u0131n sponsor, <b>Qualcomm<\/b> g\u00fcm\u00fc\u015f sponsor, <b>Gerfawe <\/b>ve <b>Atos<\/b> destek sponsor olarak etkinli\u011fimize destek vermektedir. <b>IBM, Microsoft, Ericsson, Yandex, CISCO, Alcatel-Lucent, Inspark<\/b> gibi sekt\u00f6r\u00fcn \u00f6nde gelen firmalar\u0131 da etkinli\u011fimizde \u201cSosyal Medya , Mobil Uygulamalar, \u0130nternet Bankac\u0131l\u0131\u011f\u0131, Bulut Bili\u015fim, VOIP Teknolojileri, 4G ve LTE\u201d gibi son teknolojiler hakk\u0131nda detayl\u0131 bilgiler vereceklerdir.<\/p>\n<p>Bili\u015fim,ileti\u015fim ve telekom\u00fcnikasyon alan\u0131nda en profesyonel \u00f6\u011frenci etkinli\u011fi olan 8. \u0130LTEK G\u00fcnleri\u2019nde her sene oldu\u011fu gibi CEO Forum, Bili\u015fim, Telekom\u00fcnikasyon ve\u00a0 E-Ticaret Panelleri de ger\u00e7ekle\u015fecektir. Bu oturumlarda panelistler ile kat\u0131l\u0131mc\u0131lar aras\u0131nda daha \u00e7ok bir s\u00f6yle\u015fi havas\u0131 ger\u00e7ekle\u015ftirerek kat\u0131l\u0131mc\u0131lar\u0131n akl\u0131nda yer alan sorular\u0131n giderilmesi ve sekt\u00f6r\u00fcn gelece\u011fi hakk\u0131nda bilgiler edinmesi sa\u011flanacakt\u0131r.<\/p>\n<p>Unutmay\u0131n! 8.\u0130LTEK G\u00fcnleri 19-20-21 Mart\u2019ta Y\u0131ld\u0131z Teknik \u00dcniversitesi Davutpa\u015fa Kamp\u00fcs\u00fc Elektrik Elektronik Fak\u00fcltesi Konferans Salonun\u2019nda!<\/p>\n<p>Etkinlik hakk\u0131nda detayl\u0131 bilgi i\u00e7in;<br \/>\n<a href=\"iltek.ytuieee.com\">iltek.ytuieee.com<\/a><br \/>\n<a href=\"www.facebook.com\/iltekgunleri\">www.facebook.com\/iltekgunleri<\/a><br \/>\n<a href=\"www.twitter.com\/iltekgunleri\">www.twitter.com\/iltekgunleri<\/a><\/p>\n<p><a href=\"http:\/\/www.kariyerkampuste.com\/wp-content\/uploads\/2013\/02\/8.iltek-gunleri.jpg\">[youtuber youtube=&#8217;http:\/\/www.youtube.com\/watch?v=JTQagfD5Co0&#8242;]<\/a><\/p>\n<p>8. \u0130LTEK G\u00fcnleri program\u0131n\u0131 a\u015fa\u011f\u0131da bulabilirsiniz:<\/p>\n<p><a href=\"http:\/\/www.kariyerkampuste.com\/wp-content\/uploads\/2013\/02\/LTEK_programafi__SON.jpg\"><img decoding=\"async\" class=\"alignleft  wp-image-1251\" alt=\"_LTEK_programafi__SON\" src=\"http:\/\/www.kariyerkampuste.com\/wp-content\/uploads\/2013\/02\/LTEK_programafi__SON-726x1024.jpg\" width=\"581\" height=\"819\" \/><\/a><\/p>\n<p>&nbsp;<\/p>\n<p>&nbsp;<\/p>\n<!-- templates\/buttons-placeholder.php -->\n<div class=\"da-reactions-outer TpostID1091\">\n\t    <div class=\"da-reactions-data da-reactions-container-async center\"\n         data-type=\"post\"\n         data-id=\"1091\"\n         id=\"da-reactions-slot-post-1091\">\n        <div class=\"da-reactions-static\">\n\t\t\t<img src=\"https:\/\/www.kariyer.net\/kariyer-rehberi\/wp-content\/plugins\/da-reactions\/assets\/dist\/loading.svg\" alt=\"Loading spinner\" width=\"48\" height=\"48\" style=\"width:48px\" \/>\n        <\/div>\n    <\/div>\n<\/div>\n","protected":false},"excerpt":{"rendered":"<p>8. \u0130LTEK G\u00fcnleri | 19-20-21 Mart 2013 Y\u0131ld\u0131z Teknik \u00dcniversitesi b\u00fcnyesinde faaliyet g\u00f6steren ve son iki senedir IEEE\u2019nin uluslararas\u0131 platformda vermi\u015f oldu\u011fu en prestijli \u00f6\u011frenci kul\u00fcb\u00fc \u00f6d\u00fcl\u00fc olan \u2018\u2019Region 8 IEEE Exemplary Student Branch Award\u2019\u2019\u0131 alan YT\u00dc IEEE \u00d6\u011frenci Kul\u00fcb\u00fc 19-20-21 Mart 2013 tarihlerinde 8. \u0130LTEK (\u0130leti\u015fim ve Bili\u015fim Teknolojileri) G\u00fcnleri etkinli\u011fini ger\u00e7ekle\u015ftiriyor. YT\u00dc IEEE [&hellip;]<\/p>\n<!-- templates\/buttons-placeholder.php -->\n<div class=\"da-reactions-outer TpostID1091\">\n\t    <div class=\"da-reactions-data da-reactions-container-async center\"\n         data-type=\"post\"\n         data-id=\"1091\"\n         id=\"da-reactions-slot-post-1091\">\n        <div class=\"da-reactions-static\">\n\t\t\t<img src=\"https:\/\/www.kariyer.net\/kariyer-rehberi\/wp-content\/plugins\/da-reactions\/assets\/dist\/loading.svg\" alt=\"Loading spinner\" width=\"48\" height=\"48\" style=\"width:48px\" \/>\n        <\/div>\n    <\/div>\n<\/div>\n","protected":false},"author":12,"featured_media":0,"comment_status":"open","ping_status":"open","sticky":false,"template":"","format":"standard","meta":{"footnotes":"","_elementor_edit_mode":"","_elementor_template_type":"","_elementor_data":"","_elementor_page_settings":null,"_elementor_conditions":[]},"categories":[2211,164],"tags":[518,519,520,521],"class_list":{"0":"post-1091","1":"post","2":"type-post","3":"status-publish","4":"format-standard","6":"category-kariyer-gelisimi","7":"category-universite-kuluplerinden-haberler","8":"tag-8-iltek-gunleri","9":"tag-iltek-gunleri-basvuru","10":"tag-iltek-gunleri-katilim","11":"tag-ytuieee"},"yoast_head":"<!-- This site is optimized with the Yoast SEO Premium plugin v21.4 (Yoast SEO v27.0) - https:\/\/yoast.com\/product\/yoast-seo-premium-wordpress\/ -->\n<title>8. \u0130LTEK G\u00fcnleri | Kariyer Rehberi<\/title>\n<meta name=\"description\" content=\"\u0130LTEK G\u00fcnleri 19-20-21 Martta s\u00fcrpriz kat\u0131l\u0131mc\u0131lar\u0131yla Y\u0131ld\u0131z Teknik \u00dcniversitesi Elektrik-Elektronik Fak\u00fcltesi Konferans Salonu\u2019nda ger\u00e7ekle\u015fecektir.\" \/>\n<meta name=\"robots\" content=\"index, follow, max-snippet:-1, max-image-preview:large, max-video-preview:-1\" \/>\n<link rel=\"canonical\" href=\"https:\/\/www.kariyer.net\/kariyer-rehberi\/8-iltek-gunleri\/\" \/>\n<meta property=\"og:locale\" content=\"tr_TR\" \/>\n<meta property=\"og:type\" content=\"article\" \/>\n<meta property=\"og:title\" content=\"8.\u0130LTEK G\u00dcNLER\u0130\" \/>\n<meta property=\"og:description\" content=\"8. \u0130LTEK G\u00fcnleri | 19-20-21 Mart 2013 Y\u0131ld\u0131z Teknik \u00dcniversitesi b\u00fcnyesinde faaliyet g\u00f6steren ve son iki senedir IEEE\u2019nin uluslararas\u0131 platformda vermi\u015f\" \/>\n<meta property=\"og:url\" content=\"https:\/\/www.kariyer.net\/kariyer-rehberi\/8-iltek-gunleri\/\" \/>\n<meta property=\"og:site_name\" content=\"Kariyer Rehberi\" \/>\n<meta property=\"article:published_time\" content=\"2013-02-07T07:15:33+00:00\" \/>\n<meta property=\"article:modified_time\" content=\"2024-07-03T12:32:36+00:00\" \/>\n<meta property=\"og:image\" content=\"http:\/\/www.kariyerkampuste.com\/wp-content\/uploads\/2013\/02\/8.iltek-gunleri.jpg\" \/>\n<meta name=\"author\" content=\"Edit\u00f6r\" \/>\n<meta name=\"twitter:card\" content=\"summary_large_image\" \/>\n<meta name=\"twitter:label1\" content=\"Yazan:\" \/>\n\t<meta name=\"twitter:data1\" content=\"Edit\u00f6r\" \/>\n\t<meta name=\"twitter:label2\" content=\"Tahmini okuma s\u00fcresi\" \/>\n\t<meta name=\"twitter:data2\" content=\"2 dakika\" \/>\n<!-- \/ Yoast SEO Premium plugin. -->","yoast_head_json":{"title":"8. \u0130LTEK G\u00fcnleri | Kariyer Rehberi","description":"\u0130LTEK G\u00fcnleri 19-20-21 Martta s\u00fcrpriz kat\u0131l\u0131mc\u0131lar\u0131yla Y\u0131ld\u0131z Teknik \u00dcniversitesi Elektrik-Elektronik Fak\u00fcltesi Konferans Salonu\u2019nda ger\u00e7ekle\u015fecektir.","robots":{"index":"index","follow":"follow","max-snippet":"max-snippet:-1","max-image-preview":"max-image-preview:large","max-video-preview":"max-video-preview:-1"},"canonical":"https:\/\/www.kariyer.net\/kariyer-rehberi\/8-iltek-gunleri\/","og_locale":"tr_TR","og_type":"article","og_title":"8.\u0130LTEK G\u00dcNLER\u0130","og_description":"8. \u0130LTEK G\u00fcnleri | 19-20-21 Mart 2013 Y\u0131ld\u0131z Teknik \u00dcniversitesi b\u00fcnyesinde faaliyet g\u00f6steren ve son iki senedir IEEE\u2019nin uluslararas\u0131 platformda vermi\u015f","og_url":"https:\/\/www.kariyer.net\/kariyer-rehberi\/8-iltek-gunleri\/","og_site_name":"Kariyer Rehberi","article_published_time":"2013-02-07T07:15:33+00:00","article_modified_time":"2024-07-03T12:32:36+00:00","og_image":[{"url":"http:\/\/www.kariyerkampuste.com\/wp-content\/uploads\/2013\/02\/8.iltek-gunleri.jpg","type":"","width":"","height":""}],"author":"Edit\u00f6r","twitter_card":"summary_large_image","twitter_misc":{"Yazan:":"Edit\u00f6r","Tahmini okuma s\u00fcresi":"2 dakika"},"schema":{"@context":"https:\/\/schema.org","@graph":[{"@type":"Article","@id":"https:\/\/www.kariyer.net\/kariyer-rehberi\/8-iltek-gunleri\/#article","isPartOf":{"@id":"https:\/\/www.kariyer.net\/kariyer-rehberi\/8-iltek-gunleri\/"},"author":{"name":"Edit\u00f6r","@id":"https:\/\/www.kariyer.net\/kariyer-rehberi\/#\/schema\/person\/94fd6e49c7ff1b1b2565a2cc4fd685dd"},"headline":"8.\u0130LTEK G\u00dcNLER\u0130","datePublished":"2013-02-07T07:15:33+00:00","dateModified":"2024-07-03T12:32:36+00:00","mainEntityOfPage":{"@id":"https:\/\/www.kariyer.net\/kariyer-rehberi\/8-iltek-gunleri\/"},"wordCount":392,"commentCount":0,"publisher":{"@id":"https:\/\/www.kariyer.net\/kariyer-rehberi\/#organization"},"image":{"@id":"https:\/\/www.kariyer.net\/kariyer-rehberi\/8-iltek-gunleri\/#primaryimage"},"thumbnailUrl":"http:\/\/www.kariyerkampuste.com\/wp-content\/uploads\/2013\/02\/8.iltek-gunleri.jpg","keywords":["8. iltek g\u00fcnleri","iltek g\u00fcnleri ba\u015fvuru","iltek g\u00fcnleri kat\u0131l\u0131m","ytuieee"],"articleSection":["Kariyer Geli\u015fimi","\u00dcniversite Kul\u00fcplerinden Haberler"],"inLanguage":"tr","potentialAction":[{"@type":"CommentAction","name":"Comment","target":["https:\/\/www.kariyer.net\/kariyer-rehberi\/8-iltek-gunleri\/#respond"]}]},{"@type":"WebPage","@id":"https:\/\/www.kariyer.net\/kariyer-rehberi\/8-iltek-gunleri\/","url":"https:\/\/www.kariyer.net\/kariyer-rehberi\/8-iltek-gunleri\/","name":"8. \u0130LTEK G\u00fcnleri | Kariyer Rehberi","isPartOf":{"@id":"https:\/\/www.kariyer.net\/kariyer-rehberi\/#website"},"primaryImageOfPage":{"@id":"https:\/\/www.kariyer.net\/kariyer-rehberi\/8-iltek-gunleri\/#primaryimage"},"image":{"@id":"https:\/\/www.kariyer.net\/kariyer-rehberi\/8-iltek-gunleri\/#primaryimage"},"thumbnailUrl":"http:\/\/www.kariyerkampuste.com\/wp-content\/uploads\/2013\/02\/8.iltek-gunleri.jpg","datePublished":"2013-02-07T07:15:33+00:00","dateModified":"2024-07-03T12:32:36+00:00","description":"\u0130LTEK G\u00fcnleri 19-20-21 Martta s\u00fcrpriz kat\u0131l\u0131mc\u0131lar\u0131yla Y\u0131ld\u0131z Teknik \u00dcniversitesi Elektrik-Elektronik Fak\u00fcltesi Konferans Salonu\u2019nda ger\u00e7ekle\u015fecektir.","breadcrumb":{"@id":"https:\/\/www.kariyer.net\/kariyer-rehberi\/8-iltek-gunleri\/#breadcrumb"},"inLanguage":"tr","potentialAction":[{"@type":"ReadAction","target":["https:\/\/www.kariyer.net\/kariyer-rehberi\/8-iltek-gunleri\/"]}]},{"@type":"ImageObject","inLanguage":"tr","@id":"https:\/\/www.kariyer.net\/kariyer-rehberi\/8-iltek-gunleri\/#primaryimage","url":"http:\/\/www.kariyerkampuste.com\/wp-content\/uploads\/2013\/02\/8.iltek-gunleri.jpg","contentUrl":"http:\/\/www.kariyerkampuste.com\/wp-content\/uploads\/2013\/02\/8.iltek-gunleri.jpg"},{"@type":"BreadcrumbList","@id":"https:\/\/www.kariyer.net\/kariyer-rehberi\/8-iltek-gunleri\/#breadcrumb","itemListElement":[{"@type":"ListItem","position":1,"name":"Anasayfa","item":"https:\/\/www.kariyer.net\/kariyer-rehberi\/"},{"@type":"ListItem","position":2,"name":"8.\u0130LTEK G\u00dcNLER\u0130"}]},{"@type":"WebSite","@id":"https:\/\/www.kariyer.net\/kariyer-rehberi\/#website","url":"https:\/\/www.kariyer.net\/kariyer-rehberi\/","name":"Kariyer Rehberi","description":"\u0130\u015f D\u00fcnyas\u0131yla \u0130lgili Bilmek \u0130stedi\u011finiz Her \u015eey","publisher":{"@id":"https:\/\/www.kariyer.net\/kariyer-rehberi\/#organization"},"potentialAction":[{"@type":"SearchAction","target":{"@type":"EntryPoint","urlTemplate":"https:\/\/www.kariyer.net\/kariyer-rehberi\/?s={search_term_string}"},"query-input":{"@type":"PropertyValueSpecification","valueRequired":true,"valueName":"search_term_string"}}],"inLanguage":"tr"},{"@type":"Organization","@id":"https:\/\/www.kariyer.net\/kariyer-rehberi\/#organization","name":"Kariyer.net","url":"https:\/\/www.kariyer.net\/kariyer-rehberi\/","logo":{"@type":"ImageObject","inLanguage":"tr","@id":"https:\/\/www.kariyer.net\/kariyer-rehberi\/#\/schema\/logo\/image\/","url":"https:\/\/www.kariyer.net\/kariyer-rehberi-new\/wp-content\/uploads\/2023\/01\/og-image11.jpg","contentUrl":"https:\/\/www.kariyer.net\/kariyer-rehberi-new\/wp-content\/uploads\/2023\/01\/og-image11.jpg","width":800,"height":800,"caption":"Kariyer.net"},"image":{"@id":"https:\/\/www.kariyer.net\/kariyer-rehberi\/#\/schema\/logo\/image\/"}},{"@type":"Person","@id":"https:\/\/www.kariyer.net\/kariyer-rehberi\/#\/schema\/person\/94fd6e49c7ff1b1b2565a2cc4fd685dd","name":"Edit\u00f6r","image":{"@type":"ImageObject","inLanguage":"tr","@id":"https:\/\/www.kariyer.net\/kariyer-rehberi\/#\/schema\/person\/image\/","url":"https:\/\/secure.gravatar.com\/avatar\/0c4fe6688343aed3693b15573beae12c08ace5565409d5ab7509bf9c115f458d?s=96&d=mm&r=g","contentUrl":"https:\/\/secure.gravatar.com\/avatar\/0c4fe6688343aed3693b15573beae12c08ace5565409d5ab7509bf9c115f458d?s=96&d=mm&r=g","caption":"Edit\u00f6r"},"url":"https:\/\/www.kariyer.net\/kariyer-rehberi\/author\/editor\/"}]}},"_links":{"self":[{"href":"https:\/\/www.kariyer.net\/kariyer-rehberi\/wp-json\/wp\/v2\/posts\/1091","targetHints":{"allow":["GET"]}}],"collection":[{"href":"https:\/\/www.kariyer.net\/kariyer-rehberi\/wp-json\/wp\/v2\/posts"}],"about":[{"href":"https:\/\/www.kariyer.net\/kariyer-rehberi\/wp-json\/wp\/v2\/types\/post"}],"author":[{"embeddable":true,"href":"https:\/\/www.kariyer.net\/kariyer-rehberi\/wp-json\/wp\/v2\/users\/12"}],"replies":[{"embeddable":true,"href":"https:\/\/www.kariyer.net\/kariyer-rehberi\/wp-json\/wp\/v2\/comments?post=1091"}],"version-history":[{"count":1,"href":"https:\/\/www.kariyer.net\/kariyer-rehberi\/wp-json\/wp\/v2\/posts\/1091\/revisions"}],"predecessor-version":[{"id":19710,"href":"https:\/\/www.kariyer.net\/kariyer-rehberi\/wp-json\/wp\/v2\/posts\/1091\/revisions\/19710"}],"wp:attachment":[{"href":"https:\/\/www.kariyer.net\/kariyer-rehberi\/wp-json\/wp\/v2\/media?parent=1091"}],"wp:term":[{"taxonomy":"category","embeddable":true,"href":"https:\/\/www.kariyer.net\/kariyer-rehberi\/wp-json\/wp\/v2\/categories?post=1091"},{"taxonomy":"post_tag","embeddable":true,"href":"https:\/\/www.kariyer.net\/kariyer-rehberi\/wp-json\/wp\/v2\/tags?post=1091"}],"curies":[{"name":"wp","href":"https:\/\/api.w.org\/{rel}","templated":true}]}}