{"id":1096,"date":"2012-04-05T03:00:00","date_gmt":"2012-04-05T00:00:00","guid":{"rendered":"http:\/\/92.45.35.169\/bir-omurdur-sanat\/"},"modified":"2024-07-03T16:01:06","modified_gmt":"2024-07-03T13:01:06","slug":"bir-omurdur-sanat","status":"publish","type":"post","link":"https:\/\/www.kariyer.net\/kariyer-rehberi\/bir-omurdur-sanat\/","title":{"rendered":"Bir \u00f6m\u00fcrd\u00fcr sanat\u2026"},"content":{"rendered":"<p><strong><a href=\"http:\/\/www.kariyer.net\/kariyer-rehberi\/wp-content\/uploads\/2012\/04\/devrimerbil.jpg\"><img decoding=\"async\" class=\"size-full wp-image-4156 alignleft\" style=\"margin: 5px;\" alt=\"devrimerbil\" src=\"http:\/\/www.kariyer.net\/kariyer-rehberi\/wp-content\/uploads\/2012\/04\/devrimerbil.jpg\" width=\"290\" height=\"150\" \/><\/a>Sanat\u0131n t\u00fcm insanl\u0131k i\u00e7in ortak bir ba\u011f yaratt\u0131\u011f\u0131na inanan usta ressam Devrim Erbil, Anadolu&#8217;nun k\u00fclt\u00fcrel bereketinin \u00e7ok b\u00fcy\u00fck ve de\u011ferli oldu\u011funu s\u00f6yl\u00fcyor. Erbil\u2019in 60 y\u0131ll\u0131k sanat hayat\u0131 aral\u0131ks\u0131z ve \u00e7ok \u00f6nemli eserlerle dolu olarak s\u00fcr\u00fcyor<\/strong><\/p>\n<p>T\u00fcrk \u00e7a\u011fda\u015f resim sanat\u0131n\u0131n ya\u015fayan en \u00f6nemli temsilcilerinden olan Devrim Erbil, 60 y\u0131l\u0131 a\u015fk\u0131nd\u0131r s\u00fcrd\u00fcrd\u00fc\u011f\u00fc sanat hayat\u0131nda bug\u00fcn hala g\u00fcnde 16 saat \u00e7al\u0131\u015farak \u00fcretmeye devam ediyor.<br \/>\n1954 y\u0131l\u0131nda girdi\u011fi Devlet G\u00fczel Sanatlar Akademisi\u2019nde Bedri Rahmi Ey\u00fcbo\u011flu ba\u015fta olmak \u00fczere bir\u00e7ok \u00f6nemli isimden dersler alan Devrim Erbil, akademik hayat\u0131nda 50 y\u0131l boyunca profes\u00f6r kimli\u011fiyle dersler verdi ve gen\u00e7 sanat\u00e7\u0131lar yeti\u015ftirdi. D\u00fcnyan\u0131n d\u00f6rt bir yan\u0131nda sergiler a\u00e7an ve uluslararas\u0131 sanat \u00e7evrelerinde ad\u0131ndan b\u00fcy\u00fck bir sayg\u0131yla s\u00f6z edilen Erbil\u2019in say\u0131s\u0131z \u00f6d\u00fcl\u00fc bulunuyor. Resmin yan\u0131 s\u0131ra bask\u0131, mark\u00fcteri, mozaik, seramik, vitray ve hal\u0131 resim alan\u0131nda da bir\u00e7ok \u00f6nemli esere hayat veren Erbil, t\u00fcm bunlar\u0131n birle\u015fimini sanat\u0131n ya\u015famla b\u00fct\u00fcnle\u015fmesi olarak nitelendiriyor. Erbil bug\u00fcn \u201cYa\u015farken m\u00fczemin tamamland\u0131\u011f\u0131n\u0131 ve eserlerimin gelecek ku\u015faklara aktar\u0131ld\u0131\u011f\u0131n\u0131 g\u00f6rmek istiyorum\u201d diyerek b\u00fcy\u00fck bir titizlikle \u0130stanbul Suadiye\u2019de kurulacak Devrim Erbil M\u00fczesi\u2019nin haz\u0131rl\u0131klar\u0131n\u0131 yap\u0131yor.<\/p>\n<p>Bizi de Suadiye\u2019deki dairesinde a\u011f\u0131rlayan usta sanat\u00e7\u0131 Erbil, sanat kavram\u0131n\u0131, bir \u00f6m\u00fcr s\u00fcren sanat yolculu\u011funu, \u00e7al\u0131\u015fmalar\u0131n\u0131 ve gelecek ku\u015faklara olan inanc\u0131n\u0131 payla\u015ft\u0131.<\/p>\n<p><strong>Bug\u00fcn hem yurt i\u00e7inde hem de yurt d\u0131\u015f\u0131nda \u00e7al\u0131\u015fmalar\u0131yla \u00e7ok \u00f6nemli \u00e7al\u0131\u015fmalara imza atm\u0131\u015f bir sanat\u00e7\u0131 olarak sizin sanatla tan\u0131\u015fman\u0131z, kendinizi ilk ke\u015ffedi\u015finiz nas\u0131l oldu?<\/strong><br \/>\nBen ilkokuldayken yetene\u011fimin fark\u0131nda de\u011fildim do\u011frusu. G\u00fczel harita \u00e7iziyordum ama as\u0131l ilgi alan\u0131m \u015fiirdi. Bal\u0131kesir\u2019de okuyordum ve oraya kitaplar ula\u015fabiliyordu. Ben de sanata kar\u015f\u0131 duyarl\u0131l\u0131\u011f\u0131m\u0131n kar\u015f\u0131l\u0131\u011f\u0131n\u0131 edebiyatta g\u00f6rd\u00fcm. \u015eiir okumaya ba\u015flad\u0131m, \u00f6yk\u00fc okudum, \u015fiirler yazd\u0131m, roman m\u00fcsveddeleri \u00e7\u0131kard\u0131m. Ancak, sanat insan\u0131n i\u00e7ine girdi\u011finde bir al\u0131\u015fkanl\u0131k, bir tutku bir sevgi gibidir. Benim de ortaokulda sanat\u00e7\u0131 kimli\u011fine sahip hocalar\u0131m ben ke\u015ffettiler ve beni y\u00f6nlendirdiler. Liseye geldi\u011fimde art\u0131k bir tutku halinde resim yap\u0131yordum. Lisedeyken sergiler a\u00e7maya ba\u015flad\u0131m, Asl\u0131na bakarsan\u0131z \u00e7ok parlak bir \u00f6\u011frenciydim, mimar olabilirdim, doktor olabilirdim. Ama kendi niteliklerimi biliyordum ve s\u0131radan bir insan olmay\u0131 g\u00f6ze alamayaca\u011f\u0131m\u0131n fark\u0131ndayd\u0131m. Biliyorum ki siyaset okusayd\u0131m da ba\u015far\u0131l\u0131 olacakt\u0131m. Teredd\u00fcts\u00fcz bir \u015fekilde akademiye girdim. Bu i\u015fi severek yapt\u0131\u011f\u0131m s\u00fcrece mutlu ve ba\u015far\u0131l\u0131 olaca\u011f\u0131m\u0131 biliyordum. \u00c7\u00fcnk\u00fc severek yap\u0131lan bir i\u015fin ba\u015far\u0131 getirmemesi m\u00fcmk\u00fcn de\u011fil.<\/p>\n<p><strong>\u00dcniversite hayat\u0131n\u0131z nas\u0131l ge\u00e7ti? Aileniz sizi destekledi mi?<\/strong><br \/>\nAnnem diki\u015f nak\u0131\u015f \u00f6\u011fretmeniydi. \u0130lk ba\u015fta b\u00fcy\u00fck tepkileri oldu. \u00c7\u00fcnk\u00fc o zaman akademi umut veren bir meslek de\u011fildi. En \u00e7ok bir ortaokulda resim \u00f6\u011fretmeni olabilirdiniz. Tabii ben kendim de bilmiyordum akademiye girdi\u011fim zaman orada profes\u00f6r olaca\u011f\u0131m\u0131, devlet sanat\u00e7\u0131s\u0131 olaca\u011f\u0131m\u0131, hem yurt i\u00e7inde hem yurt d\u0131\u015f\u0131nda \u00fcnl\u00fc olaca\u011f\u0131m\u0131, resimlerimin para edece\u011fini, hayat\u0131m\u0131n \u00e7ok daha farkl\u0131 olaca\u011f\u0131n\u0131\u2026 Ben sadece resim sevdi\u011fim i\u00e7in girdim. Ve h\u00e2l\u00e2 da \u00e7ok seviyorum resim yapmay\u0131. \u00dcniversite y\u0131llar\u0131m \u00e7al\u0131\u015fmakla ge\u00e7ti. Genellikle hocalar\u0131m\u0131n yan\u0131nda, fuarlarda \u00e7al\u0131\u015ft\u0131m. \u0130zmir\u2019deki, Bal\u0131kesir\u2019deki fuarlarda dekor i\u015flerine yard\u0131m ederdim. Hatta demiryollar\u0131nda saati 60 kuru\u015fa i\u015f\u00e7ilik yapt\u0131m. Yani hem \u00e7al\u0131\u015ft\u0131m hem okudum. Ama bu e\u011fitim d\u00f6nemi benim hayata kar\u015f\u0131 \u00f6zg\u00fcvenimi art\u0131rd\u0131. Kendi ayaklar\u0131m\u0131n \u00fczerinde durabilece\u011fimi \u00f6\u011frendim.<\/p>\n<p><strong>Yarat\u0131m s\u00fcre\u00e7leriniz nas\u0131l geli\u015fiyor?<\/strong><br \/>\nElbette sanat bir yarat\u0131c\u0131l\u0131kt\u0131r. Temelinde \u00f6zg\u00fcnl\u00fck farkl\u0131l\u0131k vard\u0131r. Fakat bu yarat\u0131c\u0131l\u0131k zek\u00e2 ister, birikim ister, d\u00fcnyay\u0131 tan\u0131mak ister, kendine \u00f6zg\u00fc bir d\u00fcnya g\u00f6r\u00fc\u015f\u00fcn\u00fcn olmas\u0131n\u0131 ister. Daha do\u011frusu sab\u0131r gerektirir, \u0131srar gerektirir, inat gerektirir. Bu yarat\u0131c\u0131l\u0131k b\u00fct\u00fcn bunlar\u0131n bir araya gelmesiyle ortaya \u00e7\u0131kar. Akademide belki benden daha yetenekli arkada\u015flar\u0131m da vard\u0131. Ama \u0131srar edemediler, sabredemediler, m\u00fccadele edemediler, g\u00f6\u011f\u00fcs geremediler. O yarat\u0131c\u0131l\u0131k dedi\u011finiz g\u00fc\u00e7, yani eskilerin ilham perisi dedikleri kavram elbette sizi bir g\u00fcn gelip yakalayabilir. Ama o geldi\u011fi zaman sizin de \u00e7al\u0131\u015fma halinde olman\u0131z gerekiyor. Hatta art\u0131k zaman\u0131m\u0131n azald\u0131\u011f\u0131n\u0131 d\u00fc\u015f\u00fcn\u00fcp daha fazla \u00e7al\u0131\u015f\u0131yorum. 75 ya\u015f\u0131ndaki bir insan g\u00fcnde 16 saat \u00e7al\u0131\u015f\u0131r m\u0131? Ben \u00e7al\u0131\u015f\u0131yorum ve \u00e7al\u0131\u015fmay\u0131 hi\u00e7 b\u0131rakm\u0131yorum ki, ben \u00e7al\u0131\u015f\u0131rken esin perisi beni bulabilsin.<\/p>\n<p><strong>Geriye d\u00f6n\u00fcp bakt\u0131\u011f\u0131n\u0131zda kendinizi nas\u0131l bir sanat\u00e7\u0131 olarak tan\u0131ml\u0131yorsunuz?<\/strong><br \/>\nBen belki T\u00fcrkiye\u2019de en \u00e7ok eser vermi\u015f sanat\u00e7\u0131lardan biriyim, bir\u00e7ok ilkleri yapt\u0131m, y\u00fczlerce sergi a\u00e7t\u0131m. Elli y\u0131l \u00fcniversitede hocal\u0131k yapt\u0131m. \u015eu anda geriye d\u00f6n\u00fcp ele\u015ftirel bir g\u00f6zle bakt\u0131\u011f\u0131mda, belki diyorum hoca olmasayd\u0131m b\u00fct\u00fcn zaman\u0131m\u0131 resme verseydim, belki \u00e7ok daha farkl\u0131 \u015feyler yapabilirdim. \u00dcstelik 4 y\u0131l da 13 tane yer de\u011fi\u015ftirerek, s\u0131k\u0131nt\u0131lar i\u00e7inde yapt\u0131m. \u00d6te yanda e\u011fitmenlik sanat\u0131n yayg\u0131nla\u015fmas\u0131 ad\u0131na \u00f6nemli. \u00c7\u00fcnk\u00fc ben sanat sadece elit bir z\u00fcmre i\u00e7inde kals\u0131n istemiyorum, halk\u0131n i\u00e7ine de girmeli. Tekniklerle u\u011fra\u015fmam, hocal\u0131k yapmam da bu y\u00fczden. Bu \u00e7aba sadece benim verdi\u011fim bir \u00e7aba de\u011fil. Benden \u00f6nceki ku\u015fak da bu \u00e7abay\u0131 verdi. Hocam Bedri Rahmi de Cumhuriyet Gazetesi\u2019nde yaz\u0131yordu, konferanslar veriyordu. Cemal Tollu, Yeni Sabah\u2019ta yazard\u0131. Nurullah Berk, m\u00fcze m\u00fcd\u00fcr\u00fcyd\u00fc, yaz\u0131 yazard\u0131. Ben de kendi ad\u0131ma bir koltukta \u00fc\u00e7 be\u015f karpuzu ta\u015f\u0131d\u0131m. M\u00fcze m\u00fcd\u00fcrl\u00fc\u011f\u00fc, sanat yazarl\u0131\u011f\u0131, sanat etkinlikleri i\u00e7inde bulunma, hocal\u0131k, sanat\u00e7\u0131l\u0131k, konferanslar\u2026 Bunlardan hangilerini atmal\u0131yd\u0131m, hi\u00e7birisini atamazd\u0131m. Art\u0131k resme daha \u00e7ok zaman ay\u0131rmak istiyorum. 50\u2019li y\u0131llardan beri sanat\u0131n i\u00e7indeyim ama doyamad\u0131m do\u011frusu.<\/p>\n<p><strong>Gen\u00e7lerin sanatla olan ba\u011f\u0131n\u0131 nas\u0131l de\u011ferlendiriyorsunuz?<\/strong><br \/>\nAnadolu Uygarl\u0131\u011f\u0131n\u0131 bir b\u00fct\u00fcn olarak ele almal\u0131y\u0131z ve bu uygarl\u0131\u011f\u0131n \u00e7ok b\u00fcy\u00fck bir k\u00fclt\u00fcrel berekete sahip oldu\u011funun bilincinde olmal\u0131y\u0131z. Burada ya\u015fayan insanlar ister istemez ge\u00e7mi\u015ften bu yana aktar\u0131lan o uygarl\u0131\u011f\u0131n etkisinde ve o nedenle de \u00f6zel bir duyarl\u0131l\u0131\u011fa ve yarat\u0131c\u0131l\u0131\u011fa sahip bireyler. Akademide yetenek s\u0131nav\u0131 yapt\u0131\u011f\u0131m\u0131zda 30-40 ki\u015fi \u00e7\u0131kard\u0131 ki ba\u015fvuranlar i\u00e7inde ne sanat e\u011fitimi g\u00f6rm\u00fc\u015f ne yetene\u011fini geli\u015ftirici bir kursa gitmi\u015f ne de bir m\u00fcze g\u00f6rm\u00fc\u015f. \u00d6yle yetenekliler vard\u0131r ki i\u00e7lerinde bug\u00fcn tan\u0131nm\u0131\u015f bir ressam\u0131n \u00e7izemeyece\u011fi \u015feyleri yapabilecek yetenektelerdi. Bu yetenek genlerden ge\u00e7iyor. Anadolu sanat\u00e7\u0131n\u0131n yeti\u015fmesi i\u00e7in \u00e7ok b\u00fcy\u00fck bir ortam ama o yetenek tek ba\u015f\u0131na yeterli de\u011fil. Bug\u00fcn T\u00fcrkiye\u2019de pek \u00e7ok devletin kurdu\u011fu 19 tane g\u00fczel sanatlar fak\u00fcltesi, 55 tane g\u00fczel sanatlar lisesi var. E\u011fitim fak\u00fcltelerinin resim b\u00f6l\u00fcmleri var. Yani sanat Anadolu\u2019ya yay\u0131lmaya ba\u015flad\u0131 ama bu \u00e7ocuklar\u0131 o kurumlarda yeti\u015ftirecek e\u011fitmen s\u0131k\u0131nt\u0131s\u0131 var. \u0130nan\u0131yorum ki \u0130stanbul k\u0131sa bir s\u00fcre sonra \u00f6nemli sanat merkezlerinden biri olacak ve T\u00fcrkiye de bu sanat\u0131n vazge\u00e7ilmez be\u015fi\u011fi olacak.\u00a0 Ben de kendi at\u00f6lyemde yetenekli \u00e7ocuklardan olu\u015fan 20-25 ki\u015filik bir ekiple \u00e7al\u0131\u015f\u0131yorum. \u015eu anda ben sizle konu\u015furken T\u00fcrkiye\u2019nin bir\u00e7ok yerinde U\u015fak\u2019ta, Bal\u0131kesir\u2019de, K\u00fctahya\u2019da benim hal\u0131lar\u0131m dokunuyor ya da pleksilerim yap\u0131l\u0131yor.<\/p>\n<p><strong>\u00c7ok \u00f6nemli bir hal\u0131 koleksiyonunuz var. Bu konuda yapt\u0131\u011f\u0131n\u0131z \u00e7al\u0131\u015fmalar\u0131 aktar\u0131r m\u0131s\u0131n\u0131z?<\/strong><br \/>\nAsl\u0131nda hal\u0131 \u00e7al\u0131\u015fmalar\u0131m sanat\u0131n ya\u015famla b\u00fct\u00fcnle\u015fmesi d\u00fc\u015f\u00fcncemden kaynaklan\u0131yor. Anadolu\u2019da hal\u0131 k\u00fclt\u00fcr\u00fc \u00e7ok yayg\u0131n ve her b\u00f6lgede farkl\u0131 farkl\u0131 hal\u0131lar vard\u0131r. Ben Anadolu\u2019nun bu potansiyelini de\u011ferlendirmeye \u00e7al\u0131\u015f\u0131yorum. Sanat eseri hal\u0131 T\u00fcrkiye\u2019de \u015fu anda pek kimsenin umursad\u0131\u011f\u0131 bir \u015fey de\u011fildir. Oysa hal\u0131dan ni\u00e7in sanat eseri dokunmas\u0131n? Benim elimde hi\u00e7 sergilemedi\u011fim 30-40 par\u00e7a hal\u0131 var. Bunlar\u0131 b\u00fcy\u00fck bir sergiyle ortaya koyaca\u011f\u0131m. Bunlar\u0131 bir proje olarak 2 y\u0131l sonra \u201cGelenekten \u00e7a\u011fda\u015fa\u201d isimli bir hal\u0131 at\u00f6lyede sergilemek istiyorum. T\u00fcrkiye\u2019de bu i\u015fin sistemle\u015fmesi gerekiyor. Ya\u015fay\u0131p ya\u015famama s\u0131n\u0131r\u0131nda olan hal\u0131 sanat\u0131 art\u0131k canland\u0131r\u0131lmal\u0131. B\u00fcy\u00fck sergiler yapmay\u0131, onu b\u00fct\u00fcn d\u00fcnyada dola\u015ft\u0131rmay\u0131 planl\u0131yorum. En az resimlerim kadar onlar\u0131n da ilgi \u00e7ekici olduklar\u0131na inan\u0131yorum.<\/p>\n<p><strong>Son d\u00f6nemde \u00e7ok \u00f6nemli sanat\u00e7\u0131lar\u0131n eserleri T\u00fcrkiye\u2019ye geliyor ve b\u00fcy\u00fck \u015firketlerin sponsorluklar\u0131yla sergiler a\u00e7\u0131l\u0131yor. Sanat\u0131n de\u011ferinin daha iyi anla\u015f\u0131lmaya ba\u015fland\u0131\u011f\u0131n\u0131 d\u00fc\u015f\u00fcn\u00fcyor musunuz?<\/strong><br \/>\nYa\u015fam\u0131m\u0131za anlam katan y\u00f6n veren g\u00fcd\u00fclerdendir sanat. \u00c7a\u011fda\u015f d\u00fcnyada da sanat\u0131n insanlar\u0131n mutlulu\u011fu ve estetik ihtiyac\u0131 i\u00e7in bir gereksinim oldu\u011fu bir ger\u00e7ek. Bug\u00fcn pek \u00e7ok i\u015f adam\u0131 koleksiyon yap\u0131yor. Hem T\u00fcrkiye\u2019den hem d\u00fcnyadan \u00f6nemli eserler al\u0131yor. Artan bir de\u011fere sahip olmak ad\u0131na sanat eseri yat\u0131r\u0131m ara\u00e7lar\u0131 i\u00e7erisinde yer al\u0131yor. Sadece T\u00fcrkiye\u2019de de\u011fil b\u00fct\u00fcn d\u00fcnyada, iyi se\u00e7ilmi\u015f bir sanat eseri alt\u0131n, d\u00f6viz, gayrimenkul, hisse senedinden daha y\u00fcksek gelir getirir. \u0130ster bir gelir amac\u0131yla baks\u0131n, ister evinde sanat eseri oldu\u011fu zaman o ki\u015fi sosyal stat\u00fc bak\u0131m\u0131ndan iyi hissetsin, yine de \u00e7ok \u00f6nemli. Ayr\u0131ca, T\u00fcrkiye\u2019de bir sergiyi d\u00f6rt-be\u015f g\u00fcn i\u00e7inde 60 bin ki\u015finin dola\u015fmas\u0131 \u00e7ok kolay bir \u015fey de\u011fil. B\u00fct\u00fcn bunlar sanat\u0131n evrensel yap\u0131s\u0131 i\u00e7inde oluyor. Eskiden \u00f6nemli kentler oradaki mimari eserleriyle an\u0131l\u0131rd\u0131. K\u00f6ln Katedrali denirdi, Selimiye Camii Edirne\u2019nin simgesiydi. Bug\u00fcn dikkat edin b\u00fcy\u00fck kentler oradaki \u00f6nemli \u00e7a\u011fda\u015f m\u00fczeleriyle an\u0131l\u0131yor. Bunun anlam\u0131 \u015fu: Sanat insanlar aras\u0131nda ortak bir ba\u011f. Ben insanlar aras\u0131nda da sevginin, g\u00fczelli\u011fin, iyi niyetin ancak bar\u0131\u015f yoluyla gelebilece\u011fine ve dirlik d\u00fczenli\u011fi olu\u015fturacak en \u00f6nemli kurumlardan birinin sanat oldu\u011funa inan\u0131yorum.<\/p>\n<!-- templates\/buttons-placeholder.php -->\n<div class=\"da-reactions-outer TpostID1096\">\n\t    <div class=\"da-reactions-data da-reactions-container-async center\"\n         data-type=\"post\"\n         data-id=\"1096\"\n         id=\"da-reactions-slot-post-1096\">\n        <div class=\"da-reactions-static\">\n\t\t\t<img src=\"https:\/\/www.kariyer.net\/kariyer-rehberi\/wp-content\/plugins\/da-reactions\/assets\/dist\/loading.svg\" alt=\"Loading spinner\" width=\"48\" height=\"48\" style=\"width:48px\" \/>\n        <\/div>\n    <\/div>\n<\/div>\n","protected":false},"excerpt":{"rendered":"<p>Sanat\u0131n t\u00fcm insanl\u0131k i\u00e7in ortak bir ba\u011f yaratt\u0131\u011f\u0131na inanan usta ressam Devrim Erbil, Anadolu&#8217;nun k\u00fclt\u00fcrel bereketinin \u00e7ok b\u00fcy\u00fck ve de\u011ferli oldu\u011funu s\u00f6yl\u00fcyor. Erbil\u2019in 60 y\u0131ll\u0131k sanat hayat\u0131 aral\u0131ks\u0131z ve \u00e7ok \u00f6nemli eserlerle dolu olarak s\u00fcr\u00fcyor T\u00fcrk \u00e7a\u011fda\u015f resim sanat\u0131n\u0131n ya\u015fayan en \u00f6nemli temsilcilerinden olan Devrim Erbil, 60 y\u0131l\u0131 a\u015fk\u0131nd\u0131r s\u00fcrd\u00fcrd\u00fc\u011f\u00fc sanat hayat\u0131nda bug\u00fcn hala g\u00fcnde [&hellip;]<\/p>\n<!-- templates\/buttons-placeholder.php -->\n<div class=\"da-reactions-outer TpostID1096\">\n\t    <div class=\"da-reactions-data da-reactions-container-async center\"\n         data-type=\"post\"\n         data-id=\"1096\"\n         id=\"da-reactions-slot-post-1096\">\n        <div class=\"da-reactions-static\">\n\t\t\t<img src=\"https:\/\/www.kariyer.net\/kariyer-rehberi\/wp-content\/plugins\/da-reactions\/assets\/dist\/loading.svg\" alt=\"Loading spinner\" width=\"48\" height=\"48\" style=\"width:48px\" \/>\n        <\/div>\n    <\/div>\n<\/div>\n","protected":false},"author":4,"featured_media":4156,"comment_status":"open","ping_status":"open","sticky":false,"template":"","format":"standard","meta":{"footnotes":"","_elementor_edit_mode":"","_elementor_template_type":"","_elementor_data":"","_elementor_page_settings":null,"_elementor_conditions":[]},"categories":[2211],"tags":[],"class_list":{"0":"post-1096","1":"post","2":"type-post","3":"status-publish","4":"format-standard","5":"has-post-thumbnail","7":"category-kariyer-gelisimi"},"yoast_head":"<!-- This site is optimized with the Yoast SEO Premium plugin v21.4 (Yoast SEO v27.0) - https:\/\/yoast.com\/product\/yoast-seo-premium-wordpress\/ -->\n<title>Bir \u00f6m\u00fcrd\u00fcr sanat\u2026 | Kariyer Rehberi<\/title>\n<meta name=\"description\" content=\"Sanat\u0131n t\u00fcm insanl\u0131k i\u00e7in ortak bir ba\u011f yaratt\u0131\u011f\u0131na inanan usta ressam Devrim Erbil, Anadolu&#039;nun k\u00fclt\u00fcrel bereketinin \u00e7ok b\u00fcy\u00fck ve de\u011ferli oldu\u011funu\" \/>\n<meta name=\"robots\" content=\"index, follow, max-snippet:-1, max-image-preview:large, max-video-preview:-1\" \/>\n<link rel=\"canonical\" href=\"https:\/\/www.kariyer.net\/kariyer-rehberi\/bir-omurdur-sanat\/\" \/>\n<meta property=\"og:locale\" content=\"tr_TR\" \/>\n<meta property=\"og:type\" content=\"article\" \/>\n<meta property=\"og:title\" content=\"Bir \u00f6m\u00fcrd\u00fcr sanat\u2026\" \/>\n<meta property=\"og:description\" content=\"Sanat\u0131n t\u00fcm insanl\u0131k i\u00e7in ortak bir ba\u011f yaratt\u0131\u011f\u0131na inanan usta ressam Devrim Erbil, Anadolu&#039;nun k\u00fclt\u00fcrel bereketinin \u00e7ok b\u00fcy\u00fck ve de\u011ferli oldu\u011funu\" \/>\n<meta property=\"og:url\" content=\"https:\/\/www.kariyer.net\/kariyer-rehberi\/bir-omurdur-sanat\/\" \/>\n<meta property=\"og:site_name\" content=\"Kariyer Rehberi\" \/>\n<meta property=\"article:published_time\" content=\"2012-04-05T00:00:00+00:00\" \/>\n<meta property=\"article:modified_time\" content=\"2024-07-03T13:01:06+00:00\" \/>\n<meta property=\"og:image\" content=\"https:\/\/www.kariyer.net\/kariyer-rehberi\/wp-content\/uploads\/2012\/04\/devrimerbil.jpg\" \/>\n\t<meta property=\"og:image:width\" content=\"290\" \/>\n\t<meta property=\"og:image:height\" content=\"150\" \/>\n\t<meta property=\"og:image:type\" content=\"image\/jpeg\" \/>\n<meta name=\"author\" content=\"Ye\u015fim Sar\u0131er Aksu\" \/>\n<meta name=\"twitter:card\" content=\"summary_large_image\" \/>\n<meta name=\"twitter:creator\" content=\"@http:\/\/twitter.com\/yesimsarier\" \/>\n<meta name=\"twitter:label1\" content=\"Yazan:\" \/>\n\t<meta name=\"twitter:data1\" content=\"Ye\u015fim Sar\u0131er Aksu\" \/>\n\t<meta name=\"twitter:label2\" content=\"Tahmini okuma s\u00fcresi\" \/>\n\t<meta name=\"twitter:data2\" content=\"9 dakika\" \/>\n<!-- \/ Yoast SEO Premium plugin. -->","yoast_head_json":{"title":"Bir \u00f6m\u00fcrd\u00fcr sanat\u2026 | Kariyer Rehberi","description":"Sanat\u0131n t\u00fcm insanl\u0131k i\u00e7in ortak bir ba\u011f yaratt\u0131\u011f\u0131na inanan usta ressam Devrim Erbil, Anadolu'nun k\u00fclt\u00fcrel bereketinin \u00e7ok b\u00fcy\u00fck ve de\u011ferli oldu\u011funu","robots":{"index":"index","follow":"follow","max-snippet":"max-snippet:-1","max-image-preview":"max-image-preview:large","max-video-preview":"max-video-preview:-1"},"canonical":"https:\/\/www.kariyer.net\/kariyer-rehberi\/bir-omurdur-sanat\/","og_locale":"tr_TR","og_type":"article","og_title":"Bir \u00f6m\u00fcrd\u00fcr sanat\u2026","og_description":"Sanat\u0131n t\u00fcm insanl\u0131k i\u00e7in ortak bir ba\u011f yaratt\u0131\u011f\u0131na inanan usta ressam Devrim Erbil, Anadolu'nun k\u00fclt\u00fcrel bereketinin \u00e7ok b\u00fcy\u00fck ve de\u011ferli oldu\u011funu","og_url":"https:\/\/www.kariyer.net\/kariyer-rehberi\/bir-omurdur-sanat\/","og_site_name":"Kariyer Rehberi","article_published_time":"2012-04-05T00:00:00+00:00","article_modified_time":"2024-07-03T13:01:06+00:00","og_image":[{"width":290,"height":150,"url":"https:\/\/www.kariyer.net\/kariyer-rehberi\/wp-content\/uploads\/2012\/04\/devrimerbil.jpg","type":"image\/jpeg"}],"author":"Ye\u015fim Sar\u0131er Aksu","twitter_card":"summary_large_image","twitter_creator":"@http:\/\/twitter.com\/yesimsarier","twitter_misc":{"Yazan:":"Ye\u015fim Sar\u0131er Aksu","Tahmini okuma s\u00fcresi":"9 dakika"},"schema":{"@context":"https:\/\/schema.org","@graph":[{"@type":"Article","@id":"https:\/\/www.kariyer.net\/kariyer-rehberi\/bir-omurdur-sanat\/#article","isPartOf":{"@id":"https:\/\/www.kariyer.net\/kariyer-rehberi\/bir-omurdur-sanat\/"},"author":{"name":"Ye\u015fim Sar\u0131er Aksu","@id":"https:\/\/www.kariyer.net\/kariyer-rehberi\/#\/schema\/person\/96c80fcfe6e088628dd105b9746b44a8"},"headline":"Bir \u00f6m\u00fcrd\u00fcr sanat\u2026","datePublished":"2012-04-05T00:00:00+00:00","dateModified":"2024-07-03T13:01:06+00:00","mainEntityOfPage":{"@id":"https:\/\/www.kariyer.net\/kariyer-rehberi\/bir-omurdur-sanat\/"},"wordCount":1857,"commentCount":0,"publisher":{"@id":"https:\/\/www.kariyer.net\/kariyer-rehberi\/#organization"},"image":{"@id":"https:\/\/www.kariyer.net\/kariyer-rehberi\/bir-omurdur-sanat\/#primaryimage"},"thumbnailUrl":"https:\/\/www.kariyer.net\/kariyer-rehberi\/wp-content\/uploads\/2012\/04\/devrimerbil.jpg","articleSection":["Kariyer Geli\u015fimi"],"inLanguage":"tr","potentialAction":[{"@type":"CommentAction","name":"Comment","target":["https:\/\/www.kariyer.net\/kariyer-rehberi\/bir-omurdur-sanat\/#respond"]}]},{"@type":"WebPage","@id":"https:\/\/www.kariyer.net\/kariyer-rehberi\/bir-omurdur-sanat\/","url":"https:\/\/www.kariyer.net\/kariyer-rehberi\/bir-omurdur-sanat\/","name":"Bir \u00f6m\u00fcrd\u00fcr sanat\u2026 | Kariyer Rehberi","isPartOf":{"@id":"https:\/\/www.kariyer.net\/kariyer-rehberi\/#website"},"primaryImageOfPage":{"@id":"https:\/\/www.kariyer.net\/kariyer-rehberi\/bir-omurdur-sanat\/#primaryimage"},"image":{"@id":"https:\/\/www.kariyer.net\/kariyer-rehberi\/bir-omurdur-sanat\/#primaryimage"},"thumbnailUrl":"https:\/\/www.kariyer.net\/kariyer-rehberi\/wp-content\/uploads\/2012\/04\/devrimerbil.jpg","datePublished":"2012-04-05T00:00:00+00:00","dateModified":"2024-07-03T13:01:06+00:00","description":"Sanat\u0131n t\u00fcm insanl\u0131k i\u00e7in ortak bir ba\u011f yaratt\u0131\u011f\u0131na inanan usta ressam Devrim Erbil, Anadolu'nun k\u00fclt\u00fcrel bereketinin \u00e7ok b\u00fcy\u00fck ve de\u011ferli oldu\u011funu","breadcrumb":{"@id":"https:\/\/www.kariyer.net\/kariyer-rehberi\/bir-omurdur-sanat\/#breadcrumb"},"inLanguage":"tr","potentialAction":[{"@type":"ReadAction","target":["https:\/\/www.kariyer.net\/kariyer-rehberi\/bir-omurdur-sanat\/"]}]},{"@type":"ImageObject","inLanguage":"tr","@id":"https:\/\/www.kariyer.net\/kariyer-rehberi\/bir-omurdur-sanat\/#primaryimage","url":"https:\/\/www.kariyer.net\/kariyer-rehberi\/wp-content\/uploads\/2012\/04\/devrimerbil.jpg","contentUrl":"https:\/\/www.kariyer.net\/kariyer-rehberi\/wp-content\/uploads\/2012\/04\/devrimerbil.jpg","width":290,"height":150},{"@type":"BreadcrumbList","@id":"https:\/\/www.kariyer.net\/kariyer-rehberi\/bir-omurdur-sanat\/#breadcrumb","itemListElement":[{"@type":"ListItem","position":1,"name":"Anasayfa","item":"https:\/\/www.kariyer.net\/kariyer-rehberi\/"},{"@type":"ListItem","position":2,"name":"Bir \u00f6m\u00fcrd\u00fcr sanat\u2026"}]},{"@type":"WebSite","@id":"https:\/\/www.kariyer.net\/kariyer-rehberi\/#website","url":"https:\/\/www.kariyer.net\/kariyer-rehberi\/","name":"Kariyer Rehberi","description":"\u0130\u015f D\u00fcnyas\u0131yla \u0130lgili Bilmek \u0130stedi\u011finiz Her \u015eey","publisher":{"@id":"https:\/\/www.kariyer.net\/kariyer-rehberi\/#organization"},"potentialAction":[{"@type":"SearchAction","target":{"@type":"EntryPoint","urlTemplate":"https:\/\/www.kariyer.net\/kariyer-rehberi\/?s={search_term_string}"},"query-input":{"@type":"PropertyValueSpecification","valueRequired":true,"valueName":"search_term_string"}}],"inLanguage":"tr"},{"@type":"Organization","@id":"https:\/\/www.kariyer.net\/kariyer-rehberi\/#organization","name":"Kariyer.net","url":"https:\/\/www.kariyer.net\/kariyer-rehberi\/","logo":{"@type":"ImageObject","inLanguage":"tr","@id":"https:\/\/www.kariyer.net\/kariyer-rehberi\/#\/schema\/logo\/image\/","url":"https:\/\/www.kariyer.net\/kariyer-rehberi-new\/wp-content\/uploads\/2023\/01\/og-image11.jpg","contentUrl":"https:\/\/www.kariyer.net\/kariyer-rehberi-new\/wp-content\/uploads\/2023\/01\/og-image11.jpg","width":800,"height":800,"caption":"Kariyer.net"},"image":{"@id":"https:\/\/www.kariyer.net\/kariyer-rehberi\/#\/schema\/logo\/image\/"}},{"@type":"Person","@id":"https:\/\/www.kariyer.net\/kariyer-rehberi\/#\/schema\/person\/96c80fcfe6e088628dd105b9746b44a8","name":"Ye\u015fim Sar\u0131er Aksu","image":{"@type":"ImageObject","inLanguage":"tr","@id":"https:\/\/www.kariyer.net\/kariyer-rehberi\/#\/schema\/person\/image\/","url":"https:\/\/secure.gravatar.com\/avatar\/e104674e9a8338d72bcce6b74dbe01074c987dfd015f629c6f7f9ff039a6aa6e?s=96&d=mm&r=g","contentUrl":"https:\/\/secure.gravatar.com\/avatar\/e104674e9a8338d72bcce6b74dbe01074c987dfd015f629c6f7f9ff039a6aa6e?s=96&d=mm&r=g","caption":"Ye\u015fim Sar\u0131er Aksu"},"description":"Kocaeli \u00dcniversitesi Gazetecilik b\u00f6l\u00fcm\u00fcnde okurken gen\u00e7 bir muhabir olarak ba\u015flad\u0131\u011f\u0131 yaz\u0131 ve haber merak\u0131 hi\u00e7 eksilmedi. Muhabirlik, edit\u00f6rl\u00fck ve kurumlar\u0131n web sitelerinin y\u00f6netiminin ard\u0131ndan Temmuz 2011\u2019de Kariyer.net\u2019e \u0130\u00e7erik Y\u00f6neticisi olarak kat\u0131ld\u0131. Haber T\u00fcrk Kariyer, Kariyer Dergi ve Kariyer Rehberi i\u00e7in i\u00e7erikler \u00fcretti.","sameAs":["http:\/\/www.kariyer.net\/kariyer-rehberi\/yesim-sarier-aksu\/","https:\/\/x.com\/http:\/\/twitter.com\/yesimsarier"],"url":"https:\/\/www.kariyer.net\/kariyer-rehberi\/author\/yesimsarieraksu\/"}]}},"_links":{"self":[{"href":"https:\/\/www.kariyer.net\/kariyer-rehberi\/wp-json\/wp\/v2\/posts\/1096","targetHints":{"allow":["GET"]}}],"collection":[{"href":"https:\/\/www.kariyer.net\/kariyer-rehberi\/wp-json\/wp\/v2\/posts"}],"about":[{"href":"https:\/\/www.kariyer.net\/kariyer-rehberi\/wp-json\/wp\/v2\/types\/post"}],"author":[{"embeddable":true,"href":"https:\/\/www.kariyer.net\/kariyer-rehberi\/wp-json\/wp\/v2\/users\/4"}],"replies":[{"embeddable":true,"href":"https:\/\/www.kariyer.net\/kariyer-rehberi\/wp-json\/wp\/v2\/comments?post=1096"}],"version-history":[{"count":1,"href":"https:\/\/www.kariyer.net\/kariyer-rehberi\/wp-json\/wp\/v2\/posts\/1096\/revisions"}],"predecessor-version":[{"id":20323,"href":"https:\/\/www.kariyer.net\/kariyer-rehberi\/wp-json\/wp\/v2\/posts\/1096\/revisions\/20323"}],"wp:featuredmedia":[{"embeddable":true,"href":"https:\/\/www.kariyer.net\/kariyer-rehberi\/wp-json\/wp\/v2\/media\/4156"}],"wp:attachment":[{"href":"https:\/\/www.kariyer.net\/kariyer-rehberi\/wp-json\/wp\/v2\/media?parent=1096"}],"wp:term":[{"taxonomy":"category","embeddable":true,"href":"https:\/\/www.kariyer.net\/kariyer-rehberi\/wp-json\/wp\/v2\/categories?post=1096"},{"taxonomy":"post_tag","embeddable":true,"href":"https:\/\/www.kariyer.net\/kariyer-rehberi\/wp-json\/wp\/v2\/tags?post=1096"}],"curies":[{"name":"wp","href":"https:\/\/api.w.org\/{rel}","templated":true}]}}