{"id":1101,"date":"2012-05-07T03:00:00","date_gmt":"2012-05-07T00:00:00","guid":{"rendered":"http:\/\/92.45.35.169\/yillarin-en-comert-davrandigi-isim-aysegul-aldinc\/"},"modified":"2024-07-03T16:01:04","modified_gmt":"2024-07-03T13:01:04","slug":"yillarin-en-comert-davrandigi-isim-aysegul-aldinc","status":"publish","type":"post","link":"https:\/\/www.kariyer.net\/kariyer-rehberi\/yillarin-en-comert-davrandigi-isim-aysegul-aldinc\/","title":{"rendered":"Y\u0131llar\u0131n en c\u00f6mert davrand\u0131\u011f\u0131 isim: Ay\u015feg\u00fcl Aldin\u00e7"},"content":{"rendered":"<p><strong><img decoding=\"async\" style=\"width: 304px; height: 200px; margin: 10px; float: left;\" alt=\"\" src=\"http:\/\/img1.kariyer.net\/WebSite\/uploads\/KariyerRehberi\/pictures\/ayseg\u00fclaldinc1(1).jpg\" \/>Y\u0131llard\u0131r korudu\u011fu \u00e7izgisiyle sanat d\u00fcnyas\u0131n\u0131n \u00f6nemli isimleri aras\u0131nda yer alan Ay\u015feg\u00fcl Aldin\u00e7, \u015fimdi Pis 7\u2019li dizisindeki rol\u00fcyle hem \u015fa\u015f\u0131rt\u0131yor hem de gen\u00e7lerle bulu\u015fuyor. Gen\u00e7li\u011fini peki\u015ftiriyor\u2026<\/strong><\/p>\n<p>Modern Folk \u00dc\u00e7l\u00fcs\u00fc ile birlikte 1983 y\u0131l\u0131nda kat\u0131ld\u0131\u011f\u0131 Eurovision \u015fark\u0131 yar\u0131\u015fmas\u0131n\u0131n sonras\u0131nda hayatlar\u0131m\u0131za giren Ay\u015feg\u00fcl Aldin\u00e7,\u00a0 yorumlad\u0131\u011f\u0131 bir\u00e7ok unutulmaz \u015fark\u0131yla T\u00fcrk pop\u00fcler m\u00fczik k\u00fclt\u00fcr\u00fcn\u00fcn en \u00f6nemli isimlerinden biri.\u00a0 \u015eark\u0131lar\u0131n\u0131n yan\u0131 s\u0131ra 1986 y\u0131l\u0131nda Orhan Aksoy&#8217;un Ediz Hun&#8217;la ba\u015frolleri payla\u015ft\u0131\u011f\u0131 Ac\u0131mak, ard\u0131ndan da 1987&#8217;de \u015eerif G\u00f6ren&#8217;in y\u00f6netti\u011fi ve Kadir \u0130nan\u0131r&#8217;la birlikte rol ald\u0131\u011f\u0131 Kat\u0131rc\u0131lar filmiyle sinemadaki yerini kan\u0131tlayan Ay\u015feg\u00fcl Aldin\u00e7, filmleri, dizileri ve seslendirdi\u011fi onlarca \u015fark\u0131yla sanat d\u00fcnyas\u0131n\u0131n sayg\u0131 duyulan isimleri aras\u0131ndaki yerini her zaman ba\u015far\u0131yla korudu.<\/p>\n<p>Uzun bir s\u00fcre ekranlarda g\u00f6remedi\u011fimiz Ay\u015feg\u00fcl Aldin\u00e7, 2010 y\u0131l\u0131nda Sezen Aksu imzal\u0131 O K\u0131z ve A\u011fla isimli \u015fark\u0131lardan olu\u015fan single ve hemen ard\u0131ndan yine Sezen Aksu&#8217;nun \u015fark\u0131s\u0131 Li Lal Lal La La isimli single\u2019yla m\u00fczik d\u00fcnyas\u0131na geri d\u00f6nd\u00fc. Ve son olarak bir Gani M\u00fcjde projesi olan Pis 7&#8217;li dizisindeki Esma Sultan karakteriyle hem hayranlar\u0131n\u0131 \u015fa\u015f\u0131rtt\u0131 hem de yeniden televizyon ekran\u0131ndaki yerini tekrar ald\u0131.<\/p>\n<p>Karasevda, Sorma, Alimallah, Al Beni, Yanl\u0131\u015fs\u0131n,\u00a0 Beni Hat\u0131rla gibi unutulmaz \u015fark\u0131lar\u0131n yorumlay\u0131c\u0131s\u0131 Ay\u015feg\u00fcl Aldin\u00e7 d\u00fcnden bug\u00fcne yolculu\u011funun bir b\u00f6l\u00fcm\u00fcn\u00fc bizimle payla\u015ft\u0131.<\/p>\n<p><strong>Eurovision \u015eark\u0131 Yar\u0131\u015fmas\u0131&#8217;na kat\u0131ld\u0131\u011f\u0131n\u0131z 1983 y\u0131l\u0131n\u0131 bir d\u00f6n\u00fcm noktas\u0131 olarak tan\u0131mlayabilir miyiz?<\/strong><\/p>\n<p>Okulu bitirirken Eurovision \u015eark\u0131 Yar\u0131\u015fmas\u0131\u2019na kat\u0131ld\u0131m ve o d\u00f6nemde kendimi \u015fark\u0131 s\u00f6yleyerek ifade etmeyi tercih ettim. Yar\u0131\u015fmay\u0131 kazanmak ve \u00fclkemi yurt d\u0131\u015f\u0131nda temsil etmek benim i\u00e7in \u00f6nemli bir motivasyondu. O d\u00f6ne \u00e7ok heyecanl\u0131 bir s\u00fcre\u00e7ti. \u00c7\u00fcnk\u00fc Eurovision\u2019a se\u00e7ilip \u00fclkesini tan\u0131tan ya da tan\u0131tacak her gen\u00e7 gibi bir yandan olay\u0131n irili\u011fi kar\u015f\u0131s\u0131nda \u00fcrk\u00fcyorsunuz, \u00f6te yandan da omuzlar\u0131n\u0131za binen sorumlulu\u011fun da hakk\u0131n\u0131 vermeniz gerekti\u011fini biliyorsunuz. O d\u00f6nemde, Modern Folk \u00dc\u00e7l\u00fcs\u00fc hayran\u0131 oldu\u011fum deneyimli bir m\u00fczik grubuydu. Onlar\u0131n da destekleri b\u00fcy\u00fckt\u00fc ve ben bunu hayat\u0131m\u0131n her d\u00f6neminde hakk\u0131n\u0131 vererek hat\u0131rlad\u0131m. Yar\u0131\u015fmada \u015fark\u0131 se\u00e7ildikten sonra orkestrasyonun yenilenip geli\u015ftirilmesi o zaman da s\u00f6z konusuydu. Koreografiye \u00e7al\u0131\u015fmam\u0131z, provalar\u0131m\u0131z ve o b\u00fcy\u00fck g\u00fcn\u00fc beklemenin heyecan\u0131 m\u00fcthi\u015fti.<\/p>\n<p><strong>Uzun y\u0131llard\u0131r hayat\u0131m\u0131zda olan bir isim olarak projelerinizi uzun aral\u0131klarla haz\u0131rl\u0131yor ve \u00e7ok s\u0131k alb\u00fcmler yapm\u0131yorsunuz. Bu tercihli bir bak\u0131\u015f a\u00e7\u0131s\u0131 m\u0131 yoksa ba\u015fka fakt\u00f6rler mi etkili oluyor?<\/strong><\/p>\n<p>\u0130nce eler s\u0131k dokur tavr\u0131m hayat\u0131m\u0131n her d\u00f6neminde beni hem zorlad\u0131 hem de kariyerim boyunca alg\u0131lan\u0131\u015f bi\u00e7imimde pozitif rol oynad\u0131. Yani genel olarak yer ald\u0131\u011f\u0131m projelere bakt\u0131\u011f\u0131mda, \u00f6zenli, ba\u015far\u0131l\u0131 ve kal\u0131c\u0131 \u00e7al\u0131\u015fmalar oldu\u011funu g\u00f6r\u00fcyorum. Talep g\u00f6rmenin se\u00e7ici olmakla ilgisi olsa gerek. E\u011fer, sevdi\u011finiz i\u015fi yap\u0131yorsan\u0131z sevmeye devam ederken bir s\u00fcre yapmama \u00f6zg\u00fcrl\u00fc\u011f\u00fcn\u00fcz\u00fc de kullan\u0131rs\u0131n\u0131z. 2000 y\u0131l\u0131ndan bu yana \u00e7ok fazla \u00e7al\u0131\u015fma yapmad\u0131m ama o arada ba\u015fka i\u015flerim oldu. Yapt\u0131\u011f\u0131m her i\u015fi profesyonel sorumlulukla ama ger\u00e7ekten amat\u00f6r ruhla yapanlardan\u0131m. Y\u0131llarca \u015fark\u0131c\u0131l\u0131\u011f\u0131 oyunculukla, k\u00f6\u015fe yazarl\u0131\u011f\u0131 ile birlikte y\u00fcr\u00fctebildi\u011fim i\u00e7in \u015fansl\u0131y\u0131m. \u015eimdi de m\u00fczik \u00e7al\u0131\u015fmalar\u0131mda diziden f\u0131rsat bulduk\u00e7a iki yeni proje \u00fczerinde \u00e7al\u0131\u015f\u0131yorum. Olgunla\u015ft\u0131\u011f\u0131nda payla\u015fabilece\u011fim projeler bunlar.<\/p>\n<p><strong>Yeni bir alb\u00fcm\u00fcn ya da projenin haz\u0131rl\u0131klar\u0131n\u0131 nas\u0131l planl\u0131yorsunuz?<\/strong><br \/>\n\u015eu s\u0131ralar Pis 7\u2019li dizisinde oynuyorum. Dizi \u00e7al\u0131\u015fmalar\u0131 \u00e7ok yo\u011fun oldu\u011fu i\u00e7in ne yaz\u0131k ki herhangi ba\u015fka bir \u015feyin planlamas\u0131na girmek zor oluyor. Dizi \u00e7ekmenin ko\u015fullar\u0131 ve zamanlamas\u0131 hi\u00e7 bir \u015feye benzemiyor. \u00c7ekimleri yapt\u0131\u011f\u0131m\u0131z okulda \u00f6\u011frenim devam ediyor. Bu nedenle ancak okulda dersler bittikten sonra, g\u00fcn biterken \u00e7al\u0131\u015f\u0131yoruz. Bu durum da uyku saatlerimizi etkiliyor ve \u00f6zel hayatlar\u0131m\u0131z\u0131n da sekteye u\u011framas\u0131na yol a\u00e7\u0131yor. Ama b\u00fct\u00fcn bu zorluklar\u0131na ra\u011fmen i\u015fine g\u00f6nl\u00fcn\u00fc vermi\u015f ve i\u015fini ciddiye alan sanat\u00e7\u0131lar her se\u00e7i\u015fin bir vazge\u00e7i\u015f oldu\u011funu bilirler&#8230;<\/p>\n<p><strong>T\u00fcrkiye\u2019de \u015fark\u0131c\u0131l\u0131\u011f\u0131n yan\u0131 s\u0131ra oyunculu\u011funuzla da \u00e7ok \u00f6nemli bir yer tutuyorsunuz. Y\u0131llar i\u00e7inde oyunculukla m\u00fczik aras\u0131ndaki dengeyi nas\u0131l planlad\u0131n\u0131z?<\/strong><img decoding=\"async\" style=\"width: 200px; height: 272px; margin: 10px; float: right;\" alt=\"\" src=\"http:\/\/img1.kariyer.net\/WebSite\/uploads\/KariyerRehberi\/pictures\/aysegulaldinc2(1).jpg\" \/><br \/>\n\u015eark\u0131c\u0131l\u0131kla oyunculu\u011fu aktif bir bi\u00e7imde birlikte y\u00fcr\u00fctt\u00fc\u011f\u00fcm d\u00f6nemler oldu. \u0130\u00e7inde bulundu\u011fumuz \u00e7a\u011f h\u0131z \u00e7a\u011f\u0131. Teknolojinin hayat\u0131m\u0131z\u0131n bu denli i\u00e7inde olmas\u0131 hayat\u0131 hem kolayla\u015ft\u0131r\u0131yor hem de zaten k\u0131s\u0131tl\u0131 olan vaktimizi bir bi\u00e7imde \u00e7al\u0131yor. Diziler de bundan nasibini ald\u0131 t\u00fcketim fazla h\u0131zl\u0131. Sesli \u00e7ekti\u011fimiz halde bir haftay\u0131 ucu ucuna yeti\u015ftiriyoruz diyebilirim. M\u00fczikle ilgili sahne \u00e7al\u0131\u015fmalar\u0131m devam ediyor yut i\u00e7i ve yurt d\u0131\u015f\u0131nda \u00f6zel gecelerde sahneye \u00e7\u0131kmaya devam ediyorum. \u00c7\u00fcnk\u00fc sahnenin duygusu bamba\u015fka\u2026<\/p>\n<p><strong>Hangisine daha yak\u0131n hissediyorsunuz kendinizi? Aras\u0131ndaki farklar neler?<\/strong><br \/>\nK\u00fc\u00e7\u00fckl\u00fc\u011f\u00fcmden bu yana \u015fark\u0131c\u0131 ve oyuncu olmak isteyen biri olarak her ikisinde de ser\u00fcvenimi s\u00fcrd\u00fcr\u00fcyor olmaktan memnunum. Sinema ya da dizi projelerinde bir ekip sizden azade haz\u0131rl\u0131\u011f\u0131n\u0131 yapar; siz oynamakla m\u00fckellefsinizdir. M\u00fczikte ise i\u011fneden ipli\u011fe sizin t\u00fcm detaylarla ilgilenmeniz gerekir. Bu da baya\u011f\u0131 iri yar\u0131 bir fark olarak kar\u015f\u0131n\u0131za gelir. Dizi projelerine gelince orada e\u011fer rol\u00fcn\u00fcz\u00fc buluyorsan\u0131z bir \u015fanst\u0131r. Sinema ise b\u00fcsb\u00fct\u00fcn \u015fanst\u0131r. Bu nedenle de sinema filmleri dizilere g\u00f6re daha az say\u0131da ger\u00e7ekle\u015ftirilebiliyor.<\/p>\n<p><strong>Pis 7\u2019li dizisinde oynamay\u0131 nas\u0131l kabul ettiniz?<\/strong><br \/>\nGani M\u00fcjde ile Kahpe Bizans\u2019ta \u00e7al\u0131\u015ft\u0131m ilk defa. O zamandan beri birbirimizi severek takip eder, takdirle dostlu\u011fumuzu s\u00fcrd\u00fcr\u00fcr\u00fcz. Bana ilk kez bu teklifle geldi\u011finde \u00f6nce, her zamanki gibi, reddettim. Bir daha d\u00fc\u015f\u00fcn deyince ve \u0131srar\u0131n\u0131 s\u00fcrd\u00fcr\u00fcnce kabul ettim. Bir anti kahramana can verecektim. \u00d6te yandan rahmetli Erol Ta\u015f\u2019\u0131n ta\u015fland\u0131\u011f\u0131, Kutlar Vadisi dizisindeki \u00c7ak\u0131r tiplemesinin ard\u0131ndansa mevl\u00fct okutuldu\u011fu bir \u00fclkede ya\u015fad\u0131\u011f\u0131m\u0131z\u0131 unutmayal\u0131m. \u00c7atlak ve negatif bir karakteri canland\u0131r\u0131yorum, fakat geri d\u00f6n\u00fc\u015flerinin \u00e7ok iyi oldu\u011funu g\u00f6r\u00fcyorum. Bu da do\u011fru yolda oldu\u011fumuzun g\u00f6stergesi oldu. Gen\u00e7lerin ve \u00e7ocuklar\u0131n bu tiplemeyi sevmesi ise ger\u00e7ekten ilgin\u00e7.<\/p>\n<p><strong>Sanat d\u00fcnyas\u0131nda ba\u015far\u0131l\u0131 ve herkes taraf\u0131ndan kabul g\u00f6ren bir isim olman\u0131n kriteri nedir? Nas\u0131l bir hayat ve \u00e7al\u0131\u015fma bi\u00e7imi kariyerde ba\u015far\u0131y\u0131 getiriyor?<\/strong><br \/>\nDikkatli, \u00f6zenli, sayg\u0131l\u0131 olur ve i\u015finizi d\u00fczg\u00fcn yapmaya \u00e7al\u0131\u015f\u0131rsan\u0131z hayat size her zaman yard\u0131m eder. \u0130yi yeti\u015ftirilmi\u015f olmay\u0131 en ba\u015fa koymak gerekiyor bu arada. Elbette, h\u0131rs da kariyerde \u00f6nemli bir fakt\u00f6r. Zaman zaman h\u0131rsl\u0131 oldu\u011fuma dair dedikodular duysam da ger\u00e7ekten h\u0131rsl\u0131 olsayd\u0131m neler olabilece\u011fini hayal bile edemiyorum.<\/p>\n<p><strong>Son olarak, her zaman g\u00fczelli\u011finiz ve bak\u0131m\u0131n\u0131zla an\u0131l\u0131yorsunuz. Bunu nas\u0131l ba\u015far\u0131yorsunuz?<\/strong><\/p>\n<p>D\u00fczenli ya\u015f\u0131yorum. Yeme i\u00e7me kriterlerim belli. Spor diziden arta kalan zamanlarda yorgun olmazsam yapabildi\u011fim bir \u015fey haline geldi ve buna i\u00e7erledi\u011fim oluyor a\u00e7\u0131k\u00e7as\u0131. Zira diziden \u00f6nce \u00e7ok daha verimliydim spor konusunda. Bunun yan\u0131 s\u0131ra i\u00e7ki, sigara gibi zaaflar\u0131m yok ve ya\u015fam kaliteme dikkat ediyorum. Tabi ki bunun sosyal anlamda biraz baz\u0131 \u015feylerden eksik kalma anlam\u0131n\u0131 i\u00e7erdi\u011fini de s\u00f6ylemem gerek. Ama dedim ya, her se\u00e7i\u015f bir vazge\u00e7i\u015ftir&#8230; \u00d6yle hem yiyeyim hem \u00e7\u00f6re\u011fim b\u00fct\u00fcn kals\u0131n olmuyor maalesef.<\/p>\n<!-- templates\/buttons-placeholder.php -->\n<div class=\"da-reactions-outer TpostID1101\">\n\t    <div class=\"da-reactions-data da-reactions-container-async center\"\n         data-type=\"post\"\n         data-id=\"1101\"\n         id=\"da-reactions-slot-post-1101\">\n        <div class=\"da-reactions-static\">\n\t\t\t<img src=\"https:\/\/www.kariyer.net\/kariyer-rehberi\/wp-content\/plugins\/da-reactions\/assets\/dist\/loading.svg\" alt=\"Loading spinner\" width=\"48\" height=\"48\" style=\"width:48px\" \/>\n        <\/div>\n    <\/div>\n<\/div>\n","protected":false},"excerpt":{"rendered":"<p>Y\u0131llard\u0131r korudu\u011fu \u00e7izgisiyle sanat d\u00fcnyas\u0131n\u0131n \u00f6nemli isimleri aras\u0131nda yer alan Ay\u015feg\u00fcl Aldin\u00e7, \u015fimdi Pis 7\u2019li dizisindeki rol\u00fcyle hem \u015fa\u015f\u0131rt\u0131yor hem de gen\u00e7lerle bulu\u015fuyor. Gen\u00e7li\u011fini peki\u015ftiriyor\u2026 Modern Folk \u00dc\u00e7l\u00fcs\u00fc ile birlikte 1983 y\u0131l\u0131nda kat\u0131ld\u0131\u011f\u0131 Eurovision \u015fark\u0131 yar\u0131\u015fmas\u0131n\u0131n sonras\u0131nda hayatlar\u0131m\u0131za giren Ay\u015feg\u00fcl Aldin\u00e7,\u00a0 yorumlad\u0131\u011f\u0131 bir\u00e7ok unutulmaz \u015fark\u0131yla T\u00fcrk pop\u00fcler m\u00fczik k\u00fclt\u00fcr\u00fcn\u00fcn en \u00f6nemli isimlerinden biri.\u00a0 \u015eark\u0131lar\u0131n\u0131n yan\u0131 [&hellip;]<\/p>\n<!-- templates\/buttons-placeholder.php -->\n<div class=\"da-reactions-outer TpostID1101\">\n\t    <div class=\"da-reactions-data da-reactions-container-async center\"\n         data-type=\"post\"\n         data-id=\"1101\"\n         id=\"da-reactions-slot-post-1101\">\n        <div class=\"da-reactions-static\">\n\t\t\t<img src=\"https:\/\/www.kariyer.net\/kariyer-rehberi\/wp-content\/plugins\/da-reactions\/assets\/dist\/loading.svg\" alt=\"Loading spinner\" width=\"48\" height=\"48\" style=\"width:48px\" \/>\n        <\/div>\n    <\/div>\n<\/div>\n","protected":false},"author":4,"featured_media":4153,"comment_status":"open","ping_status":"open","sticky":false,"template":"","format":"standard","meta":{"footnotes":"","_elementor_edit_mode":"","_elementor_template_type":"","_elementor_data":"","_elementor_page_settings":null,"_elementor_conditions":[]},"categories":[2211],"tags":[],"class_list":{"0":"post-1101","1":"post","2":"type-post","3":"status-publish","4":"format-standard","5":"has-post-thumbnail","7":"category-kariyer-gelisimi"},"yoast_head":"<!-- This site is optimized with the Yoast SEO Premium plugin v21.4 (Yoast SEO v27.0) - https:\/\/yoast.com\/product\/yoast-seo-premium-wordpress\/ -->\n<title>Y\u0131llar\u0131n en c\u00f6mert davrand\u0131\u011f\u0131 isim: Ay\u015feg\u00fcl Aldin\u00e7 | Kariyer Rehberi<\/title>\n<meta name=\"description\" content=\"Y\u0131llard\u0131r korudu\u011fu \u00e7izgisiyle sanat d\u00fcnyas\u0131n\u0131n \u00f6nemli isimleri aras\u0131nda yer alan Ay\u015feg\u00fcl Aldin\u00e7, \u015fimdi Pis 7\u2019li dizisindeki rol\u00fcyle hem \u015fa\u015f\u0131rt\u0131yor hem de\" \/>\n<meta name=\"robots\" content=\"index, follow, max-snippet:-1, max-image-preview:large, max-video-preview:-1\" \/>\n<link rel=\"canonical\" href=\"https:\/\/www.kariyer.net\/kariyer-rehberi\/yillarin-en-comert-davrandigi-isim-aysegul-aldinc\/\" \/>\n<meta property=\"og:locale\" content=\"tr_TR\" \/>\n<meta property=\"og:type\" content=\"article\" \/>\n<meta property=\"og:title\" content=\"Y\u0131llar\u0131n en c\u00f6mert davrand\u0131\u011f\u0131 isim: Ay\u015feg\u00fcl Aldin\u00e7\" \/>\n<meta property=\"og:description\" content=\"Y\u0131llard\u0131r korudu\u011fu \u00e7izgisiyle sanat d\u00fcnyas\u0131n\u0131n \u00f6nemli isimleri aras\u0131nda yer alan Ay\u015feg\u00fcl Aldin\u00e7, \u015fimdi Pis 7\u2019li dizisindeki rol\u00fcyle hem \u015fa\u015f\u0131rt\u0131yor hem de\" \/>\n<meta property=\"og:url\" content=\"https:\/\/www.kariyer.net\/kariyer-rehberi\/yillarin-en-comert-davrandigi-isim-aysegul-aldinc\/\" \/>\n<meta property=\"og:site_name\" content=\"Kariyer Rehberi\" \/>\n<meta property=\"article:published_time\" content=\"2012-05-07T00:00:00+00:00\" \/>\n<meta property=\"article:modified_time\" content=\"2024-07-03T13:01:04+00:00\" \/>\n<meta property=\"og:image\" content=\"https:\/\/www.kariyer.net\/kariyer-rehberi\/wp-content\/uploads\/2012\/05\/aysegulaldinc.jpg\" \/>\n\t<meta property=\"og:image:width\" content=\"290\" \/>\n\t<meta property=\"og:image:height\" content=\"150\" \/>\n\t<meta property=\"og:image:type\" content=\"image\/jpeg\" \/>\n<meta name=\"author\" content=\"Ye\u015fim Sar\u0131er Aksu\" \/>\n<meta name=\"twitter:card\" content=\"summary_large_image\" \/>\n<meta name=\"twitter:creator\" content=\"@http:\/\/twitter.com\/yesimsarier\" \/>\n<meta name=\"twitter:label1\" content=\"Yazan:\" \/>\n\t<meta name=\"twitter:data1\" content=\"Ye\u015fim Sar\u0131er Aksu\" \/>\n\t<meta name=\"twitter:label2\" content=\"Tahmini okuma s\u00fcresi\" \/>\n\t<meta name=\"twitter:data2\" content=\"7 dakika\" \/>\n<!-- \/ Yoast SEO Premium plugin. -->","yoast_head_json":{"title":"Y\u0131llar\u0131n en c\u00f6mert davrand\u0131\u011f\u0131 isim: Ay\u015feg\u00fcl Aldin\u00e7 | Kariyer Rehberi","description":"Y\u0131llard\u0131r korudu\u011fu \u00e7izgisiyle sanat d\u00fcnyas\u0131n\u0131n \u00f6nemli isimleri aras\u0131nda yer alan Ay\u015feg\u00fcl Aldin\u00e7, \u015fimdi Pis 7\u2019li dizisindeki rol\u00fcyle hem \u015fa\u015f\u0131rt\u0131yor hem de","robots":{"index":"index","follow":"follow","max-snippet":"max-snippet:-1","max-image-preview":"max-image-preview:large","max-video-preview":"max-video-preview:-1"},"canonical":"https:\/\/www.kariyer.net\/kariyer-rehberi\/yillarin-en-comert-davrandigi-isim-aysegul-aldinc\/","og_locale":"tr_TR","og_type":"article","og_title":"Y\u0131llar\u0131n en c\u00f6mert davrand\u0131\u011f\u0131 isim: Ay\u015feg\u00fcl Aldin\u00e7","og_description":"Y\u0131llard\u0131r korudu\u011fu \u00e7izgisiyle sanat d\u00fcnyas\u0131n\u0131n \u00f6nemli isimleri aras\u0131nda yer alan Ay\u015feg\u00fcl Aldin\u00e7, \u015fimdi Pis 7\u2019li dizisindeki rol\u00fcyle hem \u015fa\u015f\u0131rt\u0131yor hem de","og_url":"https:\/\/www.kariyer.net\/kariyer-rehberi\/yillarin-en-comert-davrandigi-isim-aysegul-aldinc\/","og_site_name":"Kariyer Rehberi","article_published_time":"2012-05-07T00:00:00+00:00","article_modified_time":"2024-07-03T13:01:04+00:00","og_image":[{"width":290,"height":150,"url":"https:\/\/www.kariyer.net\/kariyer-rehberi\/wp-content\/uploads\/2012\/05\/aysegulaldinc.jpg","type":"image\/jpeg"}],"author":"Ye\u015fim Sar\u0131er Aksu","twitter_card":"summary_large_image","twitter_creator":"@http:\/\/twitter.com\/yesimsarier","twitter_misc":{"Yazan:":"Ye\u015fim Sar\u0131er Aksu","Tahmini okuma s\u00fcresi":"7 dakika"},"schema":{"@context":"https:\/\/schema.org","@graph":[{"@type":"Article","@id":"https:\/\/www.kariyer.net\/kariyer-rehberi\/yillarin-en-comert-davrandigi-isim-aysegul-aldinc\/#article","isPartOf":{"@id":"https:\/\/www.kariyer.net\/kariyer-rehberi\/yillarin-en-comert-davrandigi-isim-aysegul-aldinc\/"},"author":{"name":"Ye\u015fim Sar\u0131er Aksu","@id":"https:\/\/www.kariyer.net\/kariyer-rehberi\/#\/schema\/person\/96c80fcfe6e088628dd105b9746b44a8"},"headline":"Y\u0131llar\u0131n en c\u00f6mert davrand\u0131\u011f\u0131 isim: Ay\u015feg\u00fcl Aldin\u00e7","datePublished":"2012-05-07T00:00:00+00:00","dateModified":"2024-07-03T13:01:04+00:00","mainEntityOfPage":{"@id":"https:\/\/www.kariyer.net\/kariyer-rehberi\/yillarin-en-comert-davrandigi-isim-aysegul-aldinc\/"},"wordCount":1419,"commentCount":0,"publisher":{"@id":"https:\/\/www.kariyer.net\/kariyer-rehberi\/#organization"},"image":{"@id":"https:\/\/www.kariyer.net\/kariyer-rehberi\/yillarin-en-comert-davrandigi-isim-aysegul-aldinc\/#primaryimage"},"thumbnailUrl":"https:\/\/www.kariyer.net\/kariyer-rehberi\/wp-content\/uploads\/2012\/05\/aysegulaldinc.jpg","articleSection":["Kariyer Geli\u015fimi"],"inLanguage":"tr","potentialAction":[{"@type":"CommentAction","name":"Comment","target":["https:\/\/www.kariyer.net\/kariyer-rehberi\/yillarin-en-comert-davrandigi-isim-aysegul-aldinc\/#respond"]}]},{"@type":"WebPage","@id":"https:\/\/www.kariyer.net\/kariyer-rehberi\/yillarin-en-comert-davrandigi-isim-aysegul-aldinc\/","url":"https:\/\/www.kariyer.net\/kariyer-rehberi\/yillarin-en-comert-davrandigi-isim-aysegul-aldinc\/","name":"Y\u0131llar\u0131n en c\u00f6mert davrand\u0131\u011f\u0131 isim: Ay\u015feg\u00fcl Aldin\u00e7 | Kariyer Rehberi","isPartOf":{"@id":"https:\/\/www.kariyer.net\/kariyer-rehberi\/#website"},"primaryImageOfPage":{"@id":"https:\/\/www.kariyer.net\/kariyer-rehberi\/yillarin-en-comert-davrandigi-isim-aysegul-aldinc\/#primaryimage"},"image":{"@id":"https:\/\/www.kariyer.net\/kariyer-rehberi\/yillarin-en-comert-davrandigi-isim-aysegul-aldinc\/#primaryimage"},"thumbnailUrl":"https:\/\/www.kariyer.net\/kariyer-rehberi\/wp-content\/uploads\/2012\/05\/aysegulaldinc.jpg","datePublished":"2012-05-07T00:00:00+00:00","dateModified":"2024-07-03T13:01:04+00:00","description":"Y\u0131llard\u0131r korudu\u011fu \u00e7izgisiyle sanat d\u00fcnyas\u0131n\u0131n \u00f6nemli isimleri aras\u0131nda yer alan Ay\u015feg\u00fcl Aldin\u00e7, \u015fimdi Pis 7\u2019li dizisindeki rol\u00fcyle hem \u015fa\u015f\u0131rt\u0131yor hem de","breadcrumb":{"@id":"https:\/\/www.kariyer.net\/kariyer-rehberi\/yillarin-en-comert-davrandigi-isim-aysegul-aldinc\/#breadcrumb"},"inLanguage":"tr","potentialAction":[{"@type":"ReadAction","target":["https:\/\/www.kariyer.net\/kariyer-rehberi\/yillarin-en-comert-davrandigi-isim-aysegul-aldinc\/"]}]},{"@type":"ImageObject","inLanguage":"tr","@id":"https:\/\/www.kariyer.net\/kariyer-rehberi\/yillarin-en-comert-davrandigi-isim-aysegul-aldinc\/#primaryimage","url":"https:\/\/www.kariyer.net\/kariyer-rehberi\/wp-content\/uploads\/2012\/05\/aysegulaldinc.jpg","contentUrl":"https:\/\/www.kariyer.net\/kariyer-rehberi\/wp-content\/uploads\/2012\/05\/aysegulaldinc.jpg","width":290,"height":150},{"@type":"BreadcrumbList","@id":"https:\/\/www.kariyer.net\/kariyer-rehberi\/yillarin-en-comert-davrandigi-isim-aysegul-aldinc\/#breadcrumb","itemListElement":[{"@type":"ListItem","position":1,"name":"Anasayfa","item":"https:\/\/www.kariyer.net\/kariyer-rehberi\/"},{"@type":"ListItem","position":2,"name":"Y\u0131llar\u0131n en c\u00f6mert davrand\u0131\u011f\u0131 isim: Ay\u015feg\u00fcl Aldin\u00e7"}]},{"@type":"WebSite","@id":"https:\/\/www.kariyer.net\/kariyer-rehberi\/#website","url":"https:\/\/www.kariyer.net\/kariyer-rehberi\/","name":"Kariyer Rehberi","description":"\u0130\u015f D\u00fcnyas\u0131yla \u0130lgili Bilmek \u0130stedi\u011finiz Her \u015eey","publisher":{"@id":"https:\/\/www.kariyer.net\/kariyer-rehberi\/#organization"},"potentialAction":[{"@type":"SearchAction","target":{"@type":"EntryPoint","urlTemplate":"https:\/\/www.kariyer.net\/kariyer-rehberi\/?s={search_term_string}"},"query-input":{"@type":"PropertyValueSpecification","valueRequired":true,"valueName":"search_term_string"}}],"inLanguage":"tr"},{"@type":"Organization","@id":"https:\/\/www.kariyer.net\/kariyer-rehberi\/#organization","name":"Kariyer.net","url":"https:\/\/www.kariyer.net\/kariyer-rehberi\/","logo":{"@type":"ImageObject","inLanguage":"tr","@id":"https:\/\/www.kariyer.net\/kariyer-rehberi\/#\/schema\/logo\/image\/","url":"https:\/\/www.kariyer.net\/kariyer-rehberi-new\/wp-content\/uploads\/2023\/01\/og-image11.jpg","contentUrl":"https:\/\/www.kariyer.net\/kariyer-rehberi-new\/wp-content\/uploads\/2023\/01\/og-image11.jpg","width":800,"height":800,"caption":"Kariyer.net"},"image":{"@id":"https:\/\/www.kariyer.net\/kariyer-rehberi\/#\/schema\/logo\/image\/"}},{"@type":"Person","@id":"https:\/\/www.kariyer.net\/kariyer-rehberi\/#\/schema\/person\/96c80fcfe6e088628dd105b9746b44a8","name":"Ye\u015fim Sar\u0131er Aksu","image":{"@type":"ImageObject","inLanguage":"tr","@id":"https:\/\/www.kariyer.net\/kariyer-rehberi\/#\/schema\/person\/image\/","url":"https:\/\/secure.gravatar.com\/avatar\/e104674e9a8338d72bcce6b74dbe01074c987dfd015f629c6f7f9ff039a6aa6e?s=96&d=mm&r=g","contentUrl":"https:\/\/secure.gravatar.com\/avatar\/e104674e9a8338d72bcce6b74dbe01074c987dfd015f629c6f7f9ff039a6aa6e?s=96&d=mm&r=g","caption":"Ye\u015fim Sar\u0131er Aksu"},"description":"Kocaeli \u00dcniversitesi Gazetecilik b\u00f6l\u00fcm\u00fcnde okurken gen\u00e7 bir muhabir olarak ba\u015flad\u0131\u011f\u0131 yaz\u0131 ve haber merak\u0131 hi\u00e7 eksilmedi. Muhabirlik, edit\u00f6rl\u00fck ve kurumlar\u0131n web sitelerinin y\u00f6netiminin ard\u0131ndan Temmuz 2011\u2019de Kariyer.net\u2019e \u0130\u00e7erik Y\u00f6neticisi olarak kat\u0131ld\u0131. Haber T\u00fcrk Kariyer, Kariyer Dergi ve Kariyer Rehberi i\u00e7in i\u00e7erikler \u00fcretti.","sameAs":["http:\/\/www.kariyer.net\/kariyer-rehberi\/yesim-sarier-aksu\/","https:\/\/x.com\/http:\/\/twitter.com\/yesimsarier"],"url":"https:\/\/www.kariyer.net\/kariyer-rehberi\/author\/yesimsarieraksu\/"}]}},"_links":{"self":[{"href":"https:\/\/www.kariyer.net\/kariyer-rehberi\/wp-json\/wp\/v2\/posts\/1101","targetHints":{"allow":["GET"]}}],"collection":[{"href":"https:\/\/www.kariyer.net\/kariyer-rehberi\/wp-json\/wp\/v2\/posts"}],"about":[{"href":"https:\/\/www.kariyer.net\/kariyer-rehberi\/wp-json\/wp\/v2\/types\/post"}],"author":[{"embeddable":true,"href":"https:\/\/www.kariyer.net\/kariyer-rehberi\/wp-json\/wp\/v2\/users\/4"}],"replies":[{"embeddable":true,"href":"https:\/\/www.kariyer.net\/kariyer-rehberi\/wp-json\/wp\/v2\/comments?post=1101"}],"version-history":[{"count":1,"href":"https:\/\/www.kariyer.net\/kariyer-rehberi\/wp-json\/wp\/v2\/posts\/1101\/revisions"}],"predecessor-version":[{"id":20321,"href":"https:\/\/www.kariyer.net\/kariyer-rehberi\/wp-json\/wp\/v2\/posts\/1101\/revisions\/20321"}],"wp:featuredmedia":[{"embeddable":true,"href":"https:\/\/www.kariyer.net\/kariyer-rehberi\/wp-json\/wp\/v2\/media\/4153"}],"wp:attachment":[{"href":"https:\/\/www.kariyer.net\/kariyer-rehberi\/wp-json\/wp\/v2\/media?parent=1101"}],"wp:term":[{"taxonomy":"category","embeddable":true,"href":"https:\/\/www.kariyer.net\/kariyer-rehberi\/wp-json\/wp\/v2\/categories?post=1101"},{"taxonomy":"post_tag","embeddable":true,"href":"https:\/\/www.kariyer.net\/kariyer-rehberi\/wp-json\/wp\/v2\/tags?post=1101"}],"curies":[{"name":"wp","href":"https:\/\/api.w.org\/{rel}","templated":true}]}}