{"id":11078,"date":"2018-01-10T16:34:59","date_gmt":"2018-01-10T13:34:59","guid":{"rendered":"http:\/\/www.kariyer.net\/kariyer-rehberi\/?p=11078"},"modified":"2024-07-03T16:06:04","modified_gmt":"2024-07-03T13:06:04","slug":"kariyer-yolculugunda-kaygini-yoneterek-fark-yarat","status":"publish","type":"post","link":"https:\/\/www.kariyer.net\/kariyer-rehberi\/kariyer-yolculugunda-kaygini-yoneterek-fark-yarat\/","title":{"rendered":"Kariyer yolculu\u011funda kayg\u0131n\u0131 y\u00f6neterek fark yarat"},"content":{"rendered":"<p><strong>\u0130leti\u015fim ve Ya\u015fam Dan\u0131\u015fman\u0131 Beral Fi\u015fek\u00e7i\u2019nin \u201cKariyer Yolculu\u011funda Kayg\u0131n\u0131 Y\u00f6neterek Fark Yarat\u201d ba\u015fl\u0131kl\u0131 e\u011fitimi kayg\u0131 y\u00f6netimine odaklan\u0131yor.<\/strong><\/p>\n<p>Kariyer.net, i\u015f hayat\u0131nda s\u0131kl\u0131kla ya\u015fan\u0131lan kayg\u0131 problemine odaklan\u0131yor ve bu ama\u00e7la bir e\u011fitim d\u00fczenliyor. \u0130leti\u015fim ve Ya\u015fam Dan\u0131\u015fman\u0131 Beral Fi\u015fek\u00e7i taraf\u0131ndan verilen \u201c<strong>Kariyer Yolculu\u011funda Kayg\u0131n\u0131 Y\u00f6neterek Fark Yarat<\/strong>\u201d ba\u015fl\u0131kl\u0131 e\u011fitim, kayg\u0131 y\u00f6netimine ili\u015fkin t\u00fcm detaylar\u0131 konu al\u0131yor.<\/p>\n<!-- templates\/buttons-placeholder.php -->\n<div class=\"da-reactions-outer TpostID11078\">\n\t    <div class=\"da-reactions-data da-reactions-container-async center\"\n         data-type=\"post\"\n         data-id=\"11078\"\n         id=\"da-reactions-slot-post-11078\">\n        <div class=\"da-reactions-static\">\n\t\t\t<img src=\"https:\/\/www.kariyer.net\/kariyer-rehberi\/wp-content\/plugins\/da-reactions\/assets\/dist\/loading.svg\" alt=\"Loading spinner\" width=\"48\" height=\"48\" style=\"width:48px\" \/>\n        <\/div>\n    <\/div>\n<\/div>\n","protected":false},"excerpt":{"rendered":"<p>\u0130leti\u015fim ve Ya\u015fam Dan\u0131\u015fman\u0131 Beral Fi\u015fek\u00e7i\u2019nin \u201cKariyer Yolculu\u011funda Kayg\u0131n\u0131 Y\u00f6neterek Fark Yarat\u201d ba\u015fl\u0131kl\u0131 e\u011fitimi kayg\u0131 y\u00f6netimine odaklan\u0131yor. Kariyer.net, i\u015f hayat\u0131nda s\u0131kl\u0131kla ya\u015fan\u0131lan kayg\u0131 problemine odaklan\u0131yor ve bu ama\u00e7la bir e\u011fitim d\u00fczenliyor. \u0130leti\u015fim ve Ya\u015fam Dan\u0131\u015fman\u0131 Beral Fi\u015fek\u00e7i taraf\u0131ndan verilen \u201cKariyer Yolculu\u011funda Kayg\u0131n\u0131 Y\u00f6neterek Fark Yarat\u201d ba\u015fl\u0131kl\u0131 e\u011fitim, kayg\u0131 y\u00f6netimine ili\u015fkin t\u00fcm detaylar\u0131 konu al\u0131yor.<\/p>\n<!-- templates\/buttons-placeholder.php -->\n<div class=\"da-reactions-outer TpostID11078\">\n\t    <div class=\"da-reactions-data da-reactions-container-async center\"\n         data-type=\"post\"\n         data-id=\"11078\"\n         id=\"da-reactions-slot-post-11078\">\n        <div class=\"da-reactions-static\">\n\t\t\t<img src=\"https:\/\/www.kariyer.net\/kariyer-rehberi\/wp-content\/plugins\/da-reactions\/assets\/dist\/loading.svg\" alt=\"Loading spinner\" width=\"48\" height=\"48\" style=\"width:48px\" \/>\n        <\/div>\n    <\/div>\n<\/div>\n","protected":false},"author":12,"featured_media":11080,"comment_status":"open","ping_status":"open","sticky":false,"template":"","format":"video","meta":{"footnotes":"","_elementor_edit_mode":"","_elementor_template_type":"","_elementor_data":"","_elementor_page_settings":null,"_elementor_conditions":[]},"categories":[52],"tags":[877,961,878,59,956,957,64],"class_list":{"0":"post-11078","1":"post","2":"type-post","3":"status-publish","4":"format-video","5":"has-post-thumbnail","7":"category-video","8":"tag-beral-fisekci","9":"tag-genc-profesyoneller","10":"tag-is-hayatinda-kaygi-yonetimi","11":"tag-stajyer","12":"tag-uzman","13":"tag-uzman-yardimcisi","14":"tag-yeni-mezun","15":"post_format-post-format-video"},"yoast_head":"<!-- This site is optimized with the Yoast SEO Premium plugin v21.4 (Yoast SEO v27.0) - https:\/\/yoast.com\/product\/yoast-seo-premium-wordpress\/ -->\n<title>Kariyer yolculu\u011funda kayg\u0131n\u0131 y\u00f6neterek fark yarat | Kariyer Rehberi<\/title>\n<meta name=\"description\" content=\"\u0130leti\u015fim ve Ya\u015fam Dan\u0131\u015fman\u0131 Beral Fi\u015fek\u00e7i\u2019nin \u201cKariyer Yolculu\u011funda Kayg\u0131n\u0131 Y\u00f6neterek Fark Yarat\u201d ba\u015fl\u0131kl\u0131 e\u011fitimi kayg\u0131 y\u00f6netimine odaklan\u0131yor.\" \/>\n<meta name=\"robots\" content=\"index, follow, max-snippet:-1, max-image-preview:large, max-video-preview:-1\" \/>\n<link rel=\"canonical\" href=\"https:\/\/www.kariyer.net\/kariyer-rehberi\/kariyer-yolculugunda-kaygini-yoneterek-fark-yarat\/\" \/>\n<meta property=\"og:locale\" content=\"tr_TR\" \/>\n<meta property=\"og:type\" content=\"article\" \/>\n<meta property=\"og:title\" content=\"Kariyer yolculu\u011funda kayg\u0131n\u0131 y\u00f6neterek fark yarat\" \/>\n<meta property=\"og:description\" content=\"\u0130leti\u015fim ve Ya\u015fam Dan\u0131\u015fman\u0131 Beral Fi\u015fek\u00e7i\u2019nin \u201cKariyer Yolculu\u011funda Kayg\u0131n\u0131 Y\u00f6neterek Fark Yarat\u201d ba\u015fl\u0131kl\u0131 e\u011fitimi kayg\u0131 y\u00f6netimine odaklan\u0131yor.\" \/>\n<meta property=\"og:url\" content=\"https:\/\/www.kariyer.net\/kariyer-rehberi\/kariyer-yolculugunda-kaygini-yoneterek-fark-yarat\/\" \/>\n<meta property=\"og:site_name\" content=\"Kariyer Rehberi\" \/>\n<meta property=\"article:published_time\" content=\"2018-01-10T13:34:59+00:00\" \/>\n<meta property=\"article:modified_time\" content=\"2024-07-03T13:06:04+00:00\" \/>\n<meta property=\"og:image\" content=\"https:\/\/www.kariyer.net\/kariyer-rehberi\/wp-content\/uploads\/2018\/01\/maxresdefault-3.jpg\" \/>\n\t<meta property=\"og:image:width\" content=\"1280\" \/>\n\t<meta property=\"og:image:height\" content=\"720\" \/>\n\t<meta property=\"og:image:type\" content=\"image\/jpeg\" \/>\n<meta name=\"author\" content=\"Edit\u00f6r\" \/>\n<meta name=\"twitter:card\" content=\"summary_large_image\" \/>\n<meta name=\"twitter:label1\" content=\"Yazan:\" \/>\n\t<meta name=\"twitter:data1\" content=\"Edit\u00f6r\" \/>\n<!-- \/ Yoast SEO Premium plugin. -->","yoast_head_json":{"title":"Kariyer yolculu\u011funda kayg\u0131n\u0131 y\u00f6neterek fark yarat | Kariyer Rehberi","description":"\u0130leti\u015fim ve Ya\u015fam Dan\u0131\u015fman\u0131 Beral Fi\u015fek\u00e7i\u2019nin \u201cKariyer Yolculu\u011funda Kayg\u0131n\u0131 Y\u00f6neterek Fark Yarat\u201d ba\u015fl\u0131kl\u0131 e\u011fitimi kayg\u0131 y\u00f6netimine odaklan\u0131yor.","robots":{"index":"index","follow":"follow","max-snippet":"max-snippet:-1","max-image-preview":"max-image-preview:large","max-video-preview":"max-video-preview:-1"},"canonical":"https:\/\/www.kariyer.net\/kariyer-rehberi\/kariyer-yolculugunda-kaygini-yoneterek-fark-yarat\/","og_locale":"tr_TR","og_type":"article","og_title":"Kariyer yolculu\u011funda kayg\u0131n\u0131 y\u00f6neterek fark yarat","og_description":"\u0130leti\u015fim ve Ya\u015fam Dan\u0131\u015fman\u0131 Beral Fi\u015fek\u00e7i\u2019nin \u201cKariyer Yolculu\u011funda Kayg\u0131n\u0131 Y\u00f6neterek Fark Yarat\u201d ba\u015fl\u0131kl\u0131 e\u011fitimi kayg\u0131 y\u00f6netimine odaklan\u0131yor.","og_url":"https:\/\/www.kariyer.net\/kariyer-rehberi\/kariyer-yolculugunda-kaygini-yoneterek-fark-yarat\/","og_site_name":"Kariyer Rehberi","article_published_time":"2018-01-10T13:34:59+00:00","article_modified_time":"2024-07-03T13:06:04+00:00","og_image":[{"width":1280,"height":720,"url":"https:\/\/www.kariyer.net\/kariyer-rehberi\/wp-content\/uploads\/2018\/01\/maxresdefault-3.jpg","type":"image\/jpeg"}],"author":"Edit\u00f6r","twitter_card":"summary_large_image","twitter_misc":{"Yazan:":"Edit\u00f6r"},"schema":{"@context":"https:\/\/schema.org","@graph":[{"@type":"Article","@id":"https:\/\/www.kariyer.net\/kariyer-rehberi\/kariyer-yolculugunda-kaygini-yoneterek-fark-yarat\/#article","isPartOf":{"@id":"https:\/\/www.kariyer.net\/kariyer-rehberi\/kariyer-yolculugunda-kaygini-yoneterek-fark-yarat\/"},"author":{"name":"Edit\u00f6r","@id":"https:\/\/www.kariyer.net\/kariyer-rehberi\/#\/schema\/person\/94fd6e49c7ff1b1b2565a2cc4fd685dd"},"headline":"Kariyer yolculu\u011funda kayg\u0131n\u0131 y\u00f6neterek fark yarat","datePublished":"2018-01-10T13:34:59+00:00","dateModified":"2024-07-03T13:06:04+00:00","mainEntityOfPage":{"@id":"https:\/\/www.kariyer.net\/kariyer-rehberi\/kariyer-yolculugunda-kaygini-yoneterek-fark-yarat\/"},"wordCount":103,"commentCount":0,"publisher":{"@id":"https:\/\/www.kariyer.net\/kariyer-rehberi\/#organization"},"image":{"@id":"https:\/\/www.kariyer.net\/kariyer-rehberi\/kariyer-yolculugunda-kaygini-yoneterek-fark-yarat\/#primaryimage"},"thumbnailUrl":"https:\/\/www.kariyer.net\/kariyer-rehberi\/wp-content\/uploads\/2018\/01\/maxresdefault-3.jpg","keywords":["Beral Fi\u015fek\u00e7i","gen\u00e7 profesyoneller","i\u015f hayat\u0131nda kayg\u0131 y\u00f6netimi","Stajyer","uzman","uzman yard\u0131mc\u0131s\u0131","yeni mezun"],"articleSection":["Video"],"inLanguage":"tr","potentialAction":[{"@type":"CommentAction","name":"Comment","target":["https:\/\/www.kariyer.net\/kariyer-rehberi\/kariyer-yolculugunda-kaygini-yoneterek-fark-yarat\/#respond"]}]},{"@type":"WebPage","@id":"https:\/\/www.kariyer.net\/kariyer-rehberi\/kariyer-yolculugunda-kaygini-yoneterek-fark-yarat\/","url":"https:\/\/www.kariyer.net\/kariyer-rehberi\/kariyer-yolculugunda-kaygini-yoneterek-fark-yarat\/","name":"Kariyer yolculu\u011funda kayg\u0131n\u0131 y\u00f6neterek fark yarat | Kariyer Rehberi","isPartOf":{"@id":"https:\/\/www.kariyer.net\/kariyer-rehberi\/#website"},"primaryImageOfPage":{"@id":"https:\/\/www.kariyer.net\/kariyer-rehberi\/kariyer-yolculugunda-kaygini-yoneterek-fark-yarat\/#primaryimage"},"image":{"@id":"https:\/\/www.kariyer.net\/kariyer-rehberi\/kariyer-yolculugunda-kaygini-yoneterek-fark-yarat\/#primaryimage"},"thumbnailUrl":"https:\/\/www.kariyer.net\/kariyer-rehberi\/wp-content\/uploads\/2018\/01\/maxresdefault-3.jpg","datePublished":"2018-01-10T13:34:59+00:00","dateModified":"2024-07-03T13:06:04+00:00","description":"\u0130leti\u015fim ve Ya\u015fam Dan\u0131\u015fman\u0131 Beral Fi\u015fek\u00e7i\u2019nin \u201cKariyer Yolculu\u011funda Kayg\u0131n\u0131 Y\u00f6neterek Fark Yarat\u201d ba\u015fl\u0131kl\u0131 e\u011fitimi kayg\u0131 y\u00f6netimine odaklan\u0131yor.","breadcrumb":{"@id":"https:\/\/www.kariyer.net\/kariyer-rehberi\/kariyer-yolculugunda-kaygini-yoneterek-fark-yarat\/#breadcrumb"},"inLanguage":"tr","potentialAction":[{"@type":"ReadAction","target":["https:\/\/www.kariyer.net\/kariyer-rehberi\/kariyer-yolculugunda-kaygini-yoneterek-fark-yarat\/"]}]},{"@type":"ImageObject","inLanguage":"tr","@id":"https:\/\/www.kariyer.net\/kariyer-rehberi\/kariyer-yolculugunda-kaygini-yoneterek-fark-yarat\/#primaryimage","url":"https:\/\/www.kariyer.net\/kariyer-rehberi\/wp-content\/uploads\/2018\/01\/maxresdefault-3.jpg","contentUrl":"https:\/\/www.kariyer.net\/kariyer-rehberi\/wp-content\/uploads\/2018\/01\/maxresdefault-3.jpg","width":1280,"height":720},{"@type":"BreadcrumbList","@id":"https:\/\/www.kariyer.net\/kariyer-rehberi\/kariyer-yolculugunda-kaygini-yoneterek-fark-yarat\/#breadcrumb","itemListElement":[{"@type":"ListItem","position":1,"name":"Anasayfa","item":"https:\/\/www.kariyer.net\/kariyer-rehberi\/"},{"@type":"ListItem","position":2,"name":"Kariyer yolculu\u011funda kayg\u0131n\u0131 y\u00f6neterek fark yarat"}]},{"@type":"WebSite","@id":"https:\/\/www.kariyer.net\/kariyer-rehberi\/#website","url":"https:\/\/www.kariyer.net\/kariyer-rehberi\/","name":"Kariyer Rehberi","description":"\u0130\u015f D\u00fcnyas\u0131yla \u0130lgili Bilmek \u0130stedi\u011finiz Her \u015eey","publisher":{"@id":"https:\/\/www.kariyer.net\/kariyer-rehberi\/#organization"},"potentialAction":[{"@type":"SearchAction","target":{"@type":"EntryPoint","urlTemplate":"https:\/\/www.kariyer.net\/kariyer-rehberi\/?s={search_term_string}"},"query-input":{"@type":"PropertyValueSpecification","valueRequired":true,"valueName":"search_term_string"}}],"inLanguage":"tr"},{"@type":"Organization","@id":"https:\/\/www.kariyer.net\/kariyer-rehberi\/#organization","name":"Kariyer.net","url":"https:\/\/www.kariyer.net\/kariyer-rehberi\/","logo":{"@type":"ImageObject","inLanguage":"tr","@id":"https:\/\/www.kariyer.net\/kariyer-rehberi\/#\/schema\/logo\/image\/","url":"https:\/\/www.kariyer.net\/kariyer-rehberi-new\/wp-content\/uploads\/2023\/01\/og-image11.jpg","contentUrl":"https:\/\/www.kariyer.net\/kariyer-rehberi-new\/wp-content\/uploads\/2023\/01\/og-image11.jpg","width":800,"height":800,"caption":"Kariyer.net"},"image":{"@id":"https:\/\/www.kariyer.net\/kariyer-rehberi\/#\/schema\/logo\/image\/"}},{"@type":"Person","@id":"https:\/\/www.kariyer.net\/kariyer-rehberi\/#\/schema\/person\/94fd6e49c7ff1b1b2565a2cc4fd685dd","name":"Edit\u00f6r","image":{"@type":"ImageObject","inLanguage":"tr","@id":"https:\/\/www.kariyer.net\/kariyer-rehberi\/#\/schema\/person\/image\/","url":"https:\/\/secure.gravatar.com\/avatar\/0c4fe6688343aed3693b15573beae12c08ace5565409d5ab7509bf9c115f458d?s=96&d=mm&r=g","contentUrl":"https:\/\/secure.gravatar.com\/avatar\/0c4fe6688343aed3693b15573beae12c08ace5565409d5ab7509bf9c115f458d?s=96&d=mm&r=g","caption":"Edit\u00f6r"},"url":"https:\/\/www.kariyer.net\/kariyer-rehberi\/author\/editor\/"}]}},"_links":{"self":[{"href":"https:\/\/www.kariyer.net\/kariyer-rehberi\/wp-json\/wp\/v2\/posts\/11078","targetHints":{"allow":["GET"]}}],"collection":[{"href":"https:\/\/www.kariyer.net\/kariyer-rehberi\/wp-json\/wp\/v2\/posts"}],"about":[{"href":"https:\/\/www.kariyer.net\/kariyer-rehberi\/wp-json\/wp\/v2\/types\/post"}],"author":[{"embeddable":true,"href":"https:\/\/www.kariyer.net\/kariyer-rehberi\/wp-json\/wp\/v2\/users\/12"}],"replies":[{"embeddable":true,"href":"https:\/\/www.kariyer.net\/kariyer-rehberi\/wp-json\/wp\/v2\/comments?post=11078"}],"version-history":[{"count":1,"href":"https:\/\/www.kariyer.net\/kariyer-rehberi\/wp-json\/wp\/v2\/posts\/11078\/revisions"}],"predecessor-version":[{"id":20493,"href":"https:\/\/www.kariyer.net\/kariyer-rehberi\/wp-json\/wp\/v2\/posts\/11078\/revisions\/20493"}],"wp:featuredmedia":[{"embeddable":true,"href":"https:\/\/www.kariyer.net\/kariyer-rehberi\/wp-json\/wp\/v2\/media\/11080"}],"wp:attachment":[{"href":"https:\/\/www.kariyer.net\/kariyer-rehberi\/wp-json\/wp\/v2\/media?parent=11078"}],"wp:term":[{"taxonomy":"category","embeddable":true,"href":"https:\/\/www.kariyer.net\/kariyer-rehberi\/wp-json\/wp\/v2\/categories?post=11078"},{"taxonomy":"post_tag","embeddable":true,"href":"https:\/\/www.kariyer.net\/kariyer-rehberi\/wp-json\/wp\/v2\/tags?post=11078"}],"curies":[{"name":"wp","href":"https:\/\/api.w.org\/{rel}","templated":true}]}}