{"id":11179,"date":"2018-02-28T15:31:08","date_gmt":"2018-02-28T12:31:08","guid":{"rendered":"http:\/\/www.kariyer.net\/kariyer-rehberi\/?p=11179"},"modified":"2024-07-03T15:26:52","modified_gmt":"2024-07-03T12:26:52","slug":"3-acdc-gunleri-cukurova-universitesinde-yapilacak","status":"publish","type":"post","link":"https:\/\/www.kariyer.net\/kariyer-rehberi\/3-acdc-gunleri-cukurova-universitesinde-yapilacak\/","title":{"rendered":"3. ACDC G\u00fcnleri \u00c7ukurova \u00dcniversitesi\u2019nde yap\u0131lacak"},"content":{"rendered":"<p><strong>M\u00fchendislik \u00f6\u011frencilerinin ufkunu geni\u015fletmeyi ve \u00fclke sanayisi i\u00e7in yenilik\u00e7i ve geli\u015fimci bir vizyon katmay\u0131 hedefleyen 3. ACDC G\u00fcnleri \u00c7ukurova \u00dcniversitesi\u2019nde 3-4 Nisan\u2019da yap\u0131lacak.<\/strong><\/p>\n<p>&#8220;\u0130\u015f D\u00fcnyas\u0131nda Elektrik-Elektronik M\u00fchendisli\u011fi&#8221; temas\u0131yla yola \u00e7\u0131kan, Elektrik-Elektronik M\u00fchendisli\u011fi ba\u015fta olmak \u00fczere di\u011fer t\u00fcm m\u00fchendislik dallar\u0131na da hitap edecek \u015fekilde d\u00fczenlenen \u201c3. ACDC G\u00fcnleri\u201d 3 ve 4 Nisan tarihlerinde ger\u00e7ekle\u015ftirilecek. \u00c7ukurova \u00dcniversitesi Mithat \u00d6zsan amfisinde yap\u0131lacak etkinlikte, i\u015f d\u00fcnyas\u0131 ve \u00f6\u011frenciler bir araya gelecek; alan\u0131nda tecr\u00fcbeli m\u00fchendisler mesleklerine dair deneyimlerini gen\u00e7lere aktaracak.<\/p>\n<p>Ba\u015fvuru i\u00e7in <a href=\"http:\/\/bit.ly\/acdcgunleri\">http:\/\/bit.ly\/acdcgunleri<\/a> adresi ziyaret edilebilir.<\/p>\n<p>&nbsp;<\/p>\n<!-- templates\/buttons-placeholder.php -->\n<div class=\"da-reactions-outer TpostID11179\">\n\t    <div class=\"da-reactions-data da-reactions-container-async center\"\n         data-type=\"post\"\n         data-id=\"11179\"\n         id=\"da-reactions-slot-post-11179\">\n        <div class=\"da-reactions-static\">\n\t\t\t<img src=\"https:\/\/www.kariyer.net\/kariyer-rehberi\/wp-content\/plugins\/da-reactions\/assets\/dist\/loading.svg\" alt=\"Loading spinner\" width=\"48\" height=\"48\" style=\"width:48px\" \/>\n        <\/div>\n    <\/div>\n<\/div>\n","protected":false},"excerpt":{"rendered":"<p>M\u00fchendislik \u00f6\u011frencilerinin ufkunu geni\u015fletmeyi ve \u00fclke sanayisi i\u00e7in yenilik\u00e7i ve geli\u015fimci bir vizyon katmay\u0131 hedefleyen 3. ACDC G\u00fcnleri \u00c7ukurova \u00dcniversitesi\u2019nde 3-4 Nisan\u2019da yap\u0131lacak. &#8220;\u0130\u015f D\u00fcnyas\u0131nda Elektrik-Elektronik M\u00fchendisli\u011fi&#8221; temas\u0131yla yola \u00e7\u0131kan, Elektrik-Elektronik M\u00fchendisli\u011fi ba\u015fta olmak \u00fczere di\u011fer t\u00fcm m\u00fchendislik dallar\u0131na da hitap edecek \u015fekilde d\u00fczenlenen \u201c3. ACDC G\u00fcnleri\u201d 3 ve 4 Nisan tarihlerinde ger\u00e7ekle\u015ftirilecek. \u00c7ukurova \u00dcniversitesi [&hellip;]<\/p>\n<!-- templates\/buttons-placeholder.php -->\n<div class=\"da-reactions-outer TpostID11179\">\n\t    <div class=\"da-reactions-data da-reactions-container-async center\"\n         data-type=\"post\"\n         data-id=\"11179\"\n         id=\"da-reactions-slot-post-11179\">\n        <div class=\"da-reactions-static\">\n\t\t\t<img src=\"https:\/\/www.kariyer.net\/kariyer-rehberi\/wp-content\/plugins\/da-reactions\/assets\/dist\/loading.svg\" alt=\"Loading spinner\" width=\"48\" height=\"48\" style=\"width:48px\" \/>\n        <\/div>\n    <\/div>\n<\/div>\n","protected":false},"author":12,"featured_media":11180,"comment_status":"open","ping_status":"open","sticky":false,"template":"","format":"standard","meta":{"footnotes":"","_elementor_edit_mode":"","_elementor_template_type":"","_elementor_data":"","_elementor_page_settings":null,"_elementor_conditions":[]},"categories":[2211],"tags":[],"class_list":{"0":"post-11179","1":"post","2":"type-post","3":"status-publish","4":"format-standard","5":"has-post-thumbnail","7":"category-kariyer-gelisimi"},"yoast_head":"<!-- This site is optimized with the Yoast SEO Premium plugin v21.4 (Yoast SEO v27.0) - https:\/\/yoast.com\/product\/yoast-seo-premium-wordpress\/ -->\n<title>3. ACDC G\u00fcnleri \u00c7ukurova \u00dcniversitesi\u2019nde yap\u0131lacak | Kariyer Rehberi<\/title>\n<meta name=\"description\" content=\"M\u00fchendislik \u00f6\u011frencilerinin ufkunu geni\u015fletmeyi ve \u00fclke sanayisi i\u00e7in yenilik\u00e7i ve geli\u015fimci bir vizyon katmay\u0131 hedefleyen 3. ACDC G\u00fcnleri \u00c7ukurova\" \/>\n<meta name=\"robots\" content=\"index, follow, max-snippet:-1, max-image-preview:large, max-video-preview:-1\" \/>\n<link rel=\"canonical\" href=\"https:\/\/www.kariyer.net\/kariyer-rehberi\/3-acdc-gunleri-cukurova-universitesinde-yapilacak\/\" \/>\n<meta property=\"og:locale\" content=\"tr_TR\" \/>\n<meta property=\"og:type\" content=\"article\" \/>\n<meta property=\"og:title\" content=\"3. ACDC G\u00fcnleri \u00c7ukurova \u00dcniversitesi\u2019nde yap\u0131lacak\" \/>\n<meta property=\"og:description\" content=\"M\u00fchendislik \u00f6\u011frencilerinin ufkunu geni\u015fletmeyi ve \u00fclke sanayisi i\u00e7in yenilik\u00e7i ve geli\u015fimci bir vizyon katmay\u0131 hedefleyen 3. ACDC G\u00fcnleri \u00c7ukurova\" \/>\n<meta property=\"og:url\" content=\"https:\/\/www.kariyer.net\/kariyer-rehberi\/3-acdc-gunleri-cukurova-universitesinde-yapilacak\/\" \/>\n<meta property=\"og:site_name\" content=\"Kariyer Rehberi\" \/>\n<meta property=\"article:published_time\" content=\"2018-02-28T12:31:08+00:00\" \/>\n<meta property=\"article:modified_time\" content=\"2024-07-03T12:26:52+00:00\" \/>\n<meta property=\"og:image\" content=\"https:\/\/www.kariyer.net\/kariyer-rehberi\/wp-content\/uploads\/2018\/03\/banner900-600-01.jpg\" \/>\n\t<meta property=\"og:image:width\" content=\"900\" \/>\n\t<meta property=\"og:image:height\" content=\"600\" \/>\n\t<meta property=\"og:image:type\" content=\"image\/jpeg\" \/>\n<meta name=\"author\" content=\"Edit\u00f6r\" \/>\n<meta name=\"twitter:card\" content=\"summary_large_image\" \/>\n<meta name=\"twitter:label1\" content=\"Yazan:\" \/>\n\t<meta name=\"twitter:data1\" content=\"Edit\u00f6r\" \/>\n\t<meta name=\"twitter:label2\" content=\"Tahmini okuma s\u00fcresi\" \/>\n\t<meta name=\"twitter:data2\" content=\"1 dakika\" \/>\n<!-- \/ Yoast SEO Premium plugin. -->","yoast_head_json":{"title":"3. ACDC G\u00fcnleri \u00c7ukurova \u00dcniversitesi\u2019nde yap\u0131lacak | Kariyer Rehberi","description":"M\u00fchendislik \u00f6\u011frencilerinin ufkunu geni\u015fletmeyi ve \u00fclke sanayisi i\u00e7in yenilik\u00e7i ve geli\u015fimci bir vizyon katmay\u0131 hedefleyen 3. ACDC G\u00fcnleri \u00c7ukurova","robots":{"index":"index","follow":"follow","max-snippet":"max-snippet:-1","max-image-preview":"max-image-preview:large","max-video-preview":"max-video-preview:-1"},"canonical":"https:\/\/www.kariyer.net\/kariyer-rehberi\/3-acdc-gunleri-cukurova-universitesinde-yapilacak\/","og_locale":"tr_TR","og_type":"article","og_title":"3. ACDC G\u00fcnleri \u00c7ukurova \u00dcniversitesi\u2019nde yap\u0131lacak","og_description":"M\u00fchendislik \u00f6\u011frencilerinin ufkunu geni\u015fletmeyi ve \u00fclke sanayisi i\u00e7in yenilik\u00e7i ve geli\u015fimci bir vizyon katmay\u0131 hedefleyen 3. ACDC G\u00fcnleri \u00c7ukurova","og_url":"https:\/\/www.kariyer.net\/kariyer-rehberi\/3-acdc-gunleri-cukurova-universitesinde-yapilacak\/","og_site_name":"Kariyer Rehberi","article_published_time":"2018-02-28T12:31:08+00:00","article_modified_time":"2024-07-03T12:26:52+00:00","og_image":[{"width":900,"height":600,"url":"https:\/\/www.kariyer.net\/kariyer-rehberi\/wp-content\/uploads\/2018\/03\/banner900-600-01.jpg","type":"image\/jpeg"}],"author":"Edit\u00f6r","twitter_card":"summary_large_image","twitter_misc":{"Yazan:":"Edit\u00f6r","Tahmini okuma s\u00fcresi":"1 dakika"},"schema":{"@context":"https:\/\/schema.org","@graph":[{"@type":"Article","@id":"https:\/\/www.kariyer.net\/kariyer-rehberi\/3-acdc-gunleri-cukurova-universitesinde-yapilacak\/#article","isPartOf":{"@id":"https:\/\/www.kariyer.net\/kariyer-rehberi\/3-acdc-gunleri-cukurova-universitesinde-yapilacak\/"},"author":{"name":"Edit\u00f6r","@id":"https:\/\/www.kariyer.net\/kariyer-rehberi\/#\/schema\/person\/94fd6e49c7ff1b1b2565a2cc4fd685dd"},"headline":"3. ACDC G\u00fcnleri \u00c7ukurova \u00dcniversitesi\u2019nde yap\u0131lacak","datePublished":"2018-02-28T12:31:08+00:00","dateModified":"2024-07-03T12:26:52+00:00","mainEntityOfPage":{"@id":"https:\/\/www.kariyer.net\/kariyer-rehberi\/3-acdc-gunleri-cukurova-universitesinde-yapilacak\/"},"wordCount":121,"commentCount":0,"publisher":{"@id":"https:\/\/www.kariyer.net\/kariyer-rehberi\/#organization"},"image":{"@id":"https:\/\/www.kariyer.net\/kariyer-rehberi\/3-acdc-gunleri-cukurova-universitesinde-yapilacak\/#primaryimage"},"thumbnailUrl":"https:\/\/www.kariyer.net\/kariyer-rehberi\/wp-content\/uploads\/2018\/03\/banner900-600-01.jpg","articleSection":["Kariyer Geli\u015fimi"],"inLanguage":"tr","potentialAction":[{"@type":"CommentAction","name":"Comment","target":["https:\/\/www.kariyer.net\/kariyer-rehberi\/3-acdc-gunleri-cukurova-universitesinde-yapilacak\/#respond"]}]},{"@type":"WebPage","@id":"https:\/\/www.kariyer.net\/kariyer-rehberi\/3-acdc-gunleri-cukurova-universitesinde-yapilacak\/","url":"https:\/\/www.kariyer.net\/kariyer-rehberi\/3-acdc-gunleri-cukurova-universitesinde-yapilacak\/","name":"3. ACDC G\u00fcnleri \u00c7ukurova \u00dcniversitesi\u2019nde yap\u0131lacak | Kariyer Rehberi","isPartOf":{"@id":"https:\/\/www.kariyer.net\/kariyer-rehberi\/#website"},"primaryImageOfPage":{"@id":"https:\/\/www.kariyer.net\/kariyer-rehberi\/3-acdc-gunleri-cukurova-universitesinde-yapilacak\/#primaryimage"},"image":{"@id":"https:\/\/www.kariyer.net\/kariyer-rehberi\/3-acdc-gunleri-cukurova-universitesinde-yapilacak\/#primaryimage"},"thumbnailUrl":"https:\/\/www.kariyer.net\/kariyer-rehberi\/wp-content\/uploads\/2018\/03\/banner900-600-01.jpg","datePublished":"2018-02-28T12:31:08+00:00","dateModified":"2024-07-03T12:26:52+00:00","description":"M\u00fchendislik \u00f6\u011frencilerinin ufkunu geni\u015fletmeyi ve \u00fclke sanayisi i\u00e7in yenilik\u00e7i ve geli\u015fimci bir vizyon katmay\u0131 hedefleyen 3. ACDC G\u00fcnleri \u00c7ukurova","breadcrumb":{"@id":"https:\/\/www.kariyer.net\/kariyer-rehberi\/3-acdc-gunleri-cukurova-universitesinde-yapilacak\/#breadcrumb"},"inLanguage":"tr","potentialAction":[{"@type":"ReadAction","target":["https:\/\/www.kariyer.net\/kariyer-rehberi\/3-acdc-gunleri-cukurova-universitesinde-yapilacak\/"]}]},{"@type":"ImageObject","inLanguage":"tr","@id":"https:\/\/www.kariyer.net\/kariyer-rehberi\/3-acdc-gunleri-cukurova-universitesinde-yapilacak\/#primaryimage","url":"https:\/\/www.kariyer.net\/kariyer-rehberi\/wp-content\/uploads\/2018\/03\/banner900-600-01.jpg","contentUrl":"https:\/\/www.kariyer.net\/kariyer-rehberi\/wp-content\/uploads\/2018\/03\/banner900-600-01.jpg","width":900,"height":600},{"@type":"BreadcrumbList","@id":"https:\/\/www.kariyer.net\/kariyer-rehberi\/3-acdc-gunleri-cukurova-universitesinde-yapilacak\/#breadcrumb","itemListElement":[{"@type":"ListItem","position":1,"name":"Anasayfa","item":"https:\/\/www.kariyer.net\/kariyer-rehberi\/"},{"@type":"ListItem","position":2,"name":"3. ACDC G\u00fcnleri \u00c7ukurova \u00dcniversitesi\u2019nde yap\u0131lacak"}]},{"@type":"WebSite","@id":"https:\/\/www.kariyer.net\/kariyer-rehberi\/#website","url":"https:\/\/www.kariyer.net\/kariyer-rehberi\/","name":"Kariyer Rehberi","description":"\u0130\u015f D\u00fcnyas\u0131yla \u0130lgili Bilmek \u0130stedi\u011finiz Her \u015eey","publisher":{"@id":"https:\/\/www.kariyer.net\/kariyer-rehberi\/#organization"},"potentialAction":[{"@type":"SearchAction","target":{"@type":"EntryPoint","urlTemplate":"https:\/\/www.kariyer.net\/kariyer-rehberi\/?s={search_term_string}"},"query-input":{"@type":"PropertyValueSpecification","valueRequired":true,"valueName":"search_term_string"}}],"inLanguage":"tr"},{"@type":"Organization","@id":"https:\/\/www.kariyer.net\/kariyer-rehberi\/#organization","name":"Kariyer.net","url":"https:\/\/www.kariyer.net\/kariyer-rehberi\/","logo":{"@type":"ImageObject","inLanguage":"tr","@id":"https:\/\/www.kariyer.net\/kariyer-rehberi\/#\/schema\/logo\/image\/","url":"https:\/\/www.kariyer.net\/kariyer-rehberi-new\/wp-content\/uploads\/2023\/01\/og-image11.jpg","contentUrl":"https:\/\/www.kariyer.net\/kariyer-rehberi-new\/wp-content\/uploads\/2023\/01\/og-image11.jpg","width":800,"height":800,"caption":"Kariyer.net"},"image":{"@id":"https:\/\/www.kariyer.net\/kariyer-rehberi\/#\/schema\/logo\/image\/"}},{"@type":"Person","@id":"https:\/\/www.kariyer.net\/kariyer-rehberi\/#\/schema\/person\/94fd6e49c7ff1b1b2565a2cc4fd685dd","name":"Edit\u00f6r","image":{"@type":"ImageObject","inLanguage":"tr","@id":"https:\/\/www.kariyer.net\/kariyer-rehberi\/#\/schema\/person\/image\/","url":"https:\/\/secure.gravatar.com\/avatar\/0c4fe6688343aed3693b15573beae12c08ace5565409d5ab7509bf9c115f458d?s=96&d=mm&r=g","contentUrl":"https:\/\/secure.gravatar.com\/avatar\/0c4fe6688343aed3693b15573beae12c08ace5565409d5ab7509bf9c115f458d?s=96&d=mm&r=g","caption":"Edit\u00f6r"},"url":"https:\/\/www.kariyer.net\/kariyer-rehberi\/author\/editor\/"}]}},"_links":{"self":[{"href":"https:\/\/www.kariyer.net\/kariyer-rehberi\/wp-json\/wp\/v2\/posts\/11179","targetHints":{"allow":["GET"]}}],"collection":[{"href":"https:\/\/www.kariyer.net\/kariyer-rehberi\/wp-json\/wp\/v2\/posts"}],"about":[{"href":"https:\/\/www.kariyer.net\/kariyer-rehberi\/wp-json\/wp\/v2\/types\/post"}],"author":[{"embeddable":true,"href":"https:\/\/www.kariyer.net\/kariyer-rehberi\/wp-json\/wp\/v2\/users\/12"}],"replies":[{"embeddable":true,"href":"https:\/\/www.kariyer.net\/kariyer-rehberi\/wp-json\/wp\/v2\/comments?post=11179"}],"version-history":[{"count":1,"href":"https:\/\/www.kariyer.net\/kariyer-rehberi\/wp-json\/wp\/v2\/posts\/11179\/revisions"}],"predecessor-version":[{"id":19509,"href":"https:\/\/www.kariyer.net\/kariyer-rehberi\/wp-json\/wp\/v2\/posts\/11179\/revisions\/19509"}],"wp:featuredmedia":[{"embeddable":true,"href":"https:\/\/www.kariyer.net\/kariyer-rehberi\/wp-json\/wp\/v2\/media\/11180"}],"wp:attachment":[{"href":"https:\/\/www.kariyer.net\/kariyer-rehberi\/wp-json\/wp\/v2\/media?parent=11179"}],"wp:term":[{"taxonomy":"category","embeddable":true,"href":"https:\/\/www.kariyer.net\/kariyer-rehberi\/wp-json\/wp\/v2\/categories?post=11179"},{"taxonomy":"post_tag","embeddable":true,"href":"https:\/\/www.kariyer.net\/kariyer-rehberi\/wp-json\/wp\/v2\/tags?post=11179"}],"curies":[{"name":"wp","href":"https:\/\/api.w.org\/{rel}","templated":true}]}}