{"id":11293,"date":"2018-05-04T11:26:07","date_gmt":"2018-05-04T08:26:07","guid":{"rendered":"http:\/\/www.kariyer.net\/kariyer-rehberi\/?p=11293"},"modified":"2024-07-03T15:26:50","modified_gmt":"2024-07-03T12:26:50","slug":"house-of-talent-zirvesi-basliyor","status":"publish","type":"post","link":"https:\/\/www.kariyer.net\/kariyer-rehberi\/house-of-talent-zirvesi-basliyor\/","title":{"rendered":"House of Talent Zirvesi ba\u015fl\u0131yor"},"content":{"rendered":"<p><strong>\u00dcniversiteli yetenekleri insan kaynaklar\u0131 profesyonelleriyle, i\u015f d\u00fcnyas\u0131 profesyonellerini ise e\u011fitimin merkezi \u00fcniversitelerle bulu\u015fturan House of Talent Zirvesi ba\u015fl\u0131yor.<\/strong><\/p>\n<p>House of Talent Zirvesi, \u00fcniversiteli yetenekleri bug\u00fcn\u00fcn i\u015f d\u00fcnyas\u0131n\u0131 daha yak\u0131ndan tan\u0131malar\u0131 i\u00e7in \u015firketlerle, \u015firketlerin yeteneklerini ise gelece\u011fe daha haz\u0131r hale gelmeleri i\u00e7in \u00fcniversitelerin Ya\u015fam Boyu E\u011fitim Merkezleri ve Lisans\u00fcst\u00fc programlar\u0131 ile bulu\u015fturuyor. Zirve, \u015firketler ile \u00fcniversitelerdeki yetenekleri bug\u00fcn\u00fcn ihtiya\u00e7lar\u0131na uyum sa\u011flayacak donan\u0131mla bulu\u015fturmak i\u00e7in Now Business &amp;Tech Week\u2019te yerini alacak. Etkinlikte, T\u00fcrkiye\u2019de ilk kez ger\u00e7ekle\u015ftirilecek Speed Interviewing Seanslar\u0131 ile \u00fcniversiteliler \u00e7ok k\u0131sa s\u00fcrede \u00e7ok say\u0131da m\u00fclakat deneyimi ya\u015fayacak.<\/p>\n<p>\u00c7al\u0131\u015fanlar\u0131n\u0131n e\u011fitim ve geli\u015fimine milyonlarca lira yat\u0131r\u0131m yapan \u015firketlerin y\u00f6netici ve \u0130K uzmanlar\u0131, \u00fcniversitelerin Ya\u015fam Boyu E\u011fitim Merkezleri ve lisans\u00fcst\u00fc programlar\u0131 ile kurumsal anla\u015fmalar yapmak i\u00e7in bulu\u015facak. \u00dc\u00e7 g\u00fcn boyunca \u00fcniversitelerle \u015firketler \u00fcniversite standlar\u0131nda bulu\u015furken, \u00fc\u00e7 farkl\u0131 etkinlikle de \u00fcniversiteliler \u015firket profesyonelleri ile bir araya gelecek.<\/p>\n<h2><strong>8 May\u0131s 2018 Sal\u0131 18:00 \u2013 20:00\/ M\u00fclakat Deneyimi Konferans\u0131<\/strong><\/h2>\n<p>\u00dcniversitelilere \u00f6zel haz\u0131rlanan M\u00fclakat Deneyimi Konferans\u0131 ile m\u00fclakatlar \u00f6ncesi haz\u0131rl\u0131kl\u0131 olmalar\u0131na katk\u0131 sa\u011flanacak. 2 saat s\u00fcrecek etkinlikte, \u0130nsan Kaynaklar\u0131 profesyonelleri m\u00fclakat deneyimini sahneye ta\u015f\u0131yacak ve uygulamal\u0131 olarak dikkat edilmesi gereken konulara dikkat \u00e7ekecek. Bu sayede \u00fcniversiteli yetenekler sonraki iki g\u00fcn s\u00fcrecek m\u00fclakatlara daha haz\u0131r olacak.<\/p>\n<h2><strong>9 May\u0131s 2018 \u00c7ar\u015famba 14:00-18:00 \u2013 10 May\u0131s 2018 Per\u015fembe\u00a010:00-13:00\u00a0\/ Speed Interviewing Seanslar\u0131<\/strong><\/h2>\n<p>T\u00fcrkiye\u2019de ilk kez ger\u00e7ekle\u015ftirilecek Speed Interviewing etkinli\u011fi ile kat\u0131l\u0131m hakk\u0131 kazanan \u00fcniversiteli yetenekler daha k\u0131sa s\u00fcrede onlarca \u015firketle g\u00f6r\u00fc\u015fme imkan\u0131na sahip olacak. Farkl\u0131 sekt\u00f6rlerin farkl\u0131 saatlerde ger\u00e7ekle\u015fece\u011fi m\u00fclakatlarda her \u00fcniversiteli en az alt\u0131 profesyonelle, dahil olan her \u015firket de en az 12 adayla bir saat i\u00e7inde g\u00f6r\u00fc\u015fme \u015fans\u0131 yakalayacak. Online olarak al\u0131nacak ba\u015fvurularla yap\u0131lacak ilk eleme sonras\u0131 se\u00e7ilen \u00fcniversiteli yetenekler bu ayr\u0131cal\u0131\u011fa sahip olacak.<\/p>\n<h2><strong>9 May\u0131s 2018 \u00c7ar\u015famba\/\u0130nsan Kaynaklar\u0131 Zirvesi \u00d6zel Kat\u0131l\u0131m Hakk\u0131<\/strong><\/h2>\n<p>Yaln\u0131zca \u00fcniversite \u00f6\u011frencilerine \u00f6zel bir fiyat ile Volkswagen Arena\u2019da 23. \u0130nsan Kaynaklar\u0131 Zirvesi\u2019nin ilk g\u00fcn\u00fc a\u00e7\u0131l\u0131\u015f oturumlar\u0131na kat\u0131l\u0131m imkan\u0131na sahip olacak. Kat\u0131l\u0131m i\u00e7in <a href=\"https:\/\/www.biletino.com\/event\/eventdetail\/5334\">https:\/\/www.biletino.com\/event\/eventdetail\/5334<\/a> adresi ziyaret edilebilir.<\/p>\n<!-- templates\/buttons-placeholder.php -->\n<div class=\"da-reactions-outer TpostID11293\">\n\t    <div class=\"da-reactions-data da-reactions-container-async center\"\n         data-type=\"post\"\n         data-id=\"11293\"\n         id=\"da-reactions-slot-post-11293\">\n        <div class=\"da-reactions-static\">\n\t\t\t<img src=\"https:\/\/www.kariyer.net\/kariyer-rehberi\/wp-content\/plugins\/da-reactions\/assets\/dist\/loading.svg\" alt=\"Loading spinner\" width=\"48\" height=\"48\" style=\"width:48px\" \/>\n        <\/div>\n    <\/div>\n<\/div>\n","protected":false},"excerpt":{"rendered":"<p>\u00dcniversiteli yetenekleri insan kaynaklar\u0131 profesyonelleriyle, i\u015f d\u00fcnyas\u0131 profesyonellerini ise e\u011fitimin merkezi \u00fcniversitelerle bulu\u015fturan House of Talent Zirvesi ba\u015fl\u0131yor. House of Talent Zirvesi, \u00fcniversiteli yetenekleri bug\u00fcn\u00fcn i\u015f d\u00fcnyas\u0131n\u0131 daha yak\u0131ndan tan\u0131malar\u0131 i\u00e7in \u015firketlerle, \u015firketlerin yeteneklerini ise gelece\u011fe daha haz\u0131r hale gelmeleri i\u00e7in \u00fcniversitelerin Ya\u015fam Boyu E\u011fitim Merkezleri ve Lisans\u00fcst\u00fc programlar\u0131 ile bulu\u015fturuyor. Zirve, \u015firketler ile \u00fcniversitelerdeki [&hellip;]<\/p>\n<!-- templates\/buttons-placeholder.php -->\n<div class=\"da-reactions-outer TpostID11293\">\n\t    <div class=\"da-reactions-data da-reactions-container-async center\"\n         data-type=\"post\"\n         data-id=\"11293\"\n         id=\"da-reactions-slot-post-11293\">\n        <div class=\"da-reactions-static\">\n\t\t\t<img src=\"https:\/\/www.kariyer.net\/kariyer-rehberi\/wp-content\/plugins\/da-reactions\/assets\/dist\/loading.svg\" alt=\"Loading spinner\" width=\"48\" height=\"48\" style=\"width:48px\" \/>\n        <\/div>\n    <\/div>\n<\/div>\n","protected":false},"author":21,"featured_media":11294,"comment_status":"open","ping_status":"open","sticky":false,"template":"","format":"standard","meta":{"footnotes":"","_elementor_edit_mode":"","_elementor_template_type":"","_elementor_data":"","_elementor_page_settings":null,"_elementor_conditions":[]},"categories":[2211],"tags":[],"class_list":{"0":"post-11293","1":"post","2":"type-post","3":"status-publish","4":"format-standard","5":"has-post-thumbnail","7":"category-kariyer-gelisimi"},"yoast_head":"<!-- This site is optimized with the Yoast SEO Premium plugin v21.4 (Yoast SEO v27.0) - https:\/\/yoast.com\/product\/yoast-seo-premium-wordpress\/ -->\n<title>House of Talent Zirvesi ba\u015fl\u0131yor | Kariyer Rehberi<\/title>\n<meta name=\"description\" content=\"\u00dcniversiteli yetenekleri insan kaynaklar\u0131 profesyonelleriyle, i\u015f d\u00fcnyas\u0131 profesyonellerini ise e\u011fitimin merkezi \u00fcniversitelerle bulu\u015fturan House of Talent\" \/>\n<meta name=\"robots\" content=\"index, follow, max-snippet:-1, max-image-preview:large, max-video-preview:-1\" \/>\n<link rel=\"canonical\" href=\"https:\/\/www.kariyer.net\/kariyer-rehberi\/house-of-talent-zirvesi-basliyor\/\" \/>\n<meta property=\"og:locale\" content=\"tr_TR\" \/>\n<meta property=\"og:type\" content=\"article\" \/>\n<meta property=\"og:title\" content=\"House of Talent Zirvesi ba\u015fl\u0131yor\" \/>\n<meta property=\"og:description\" content=\"\u00dcniversiteli yetenekleri insan kaynaklar\u0131 profesyonelleriyle, i\u015f d\u00fcnyas\u0131 profesyonellerini ise e\u011fitimin merkezi \u00fcniversitelerle bulu\u015fturan House of Talent\" \/>\n<meta property=\"og:url\" content=\"https:\/\/www.kariyer.net\/kariyer-rehberi\/house-of-talent-zirvesi-basliyor\/\" \/>\n<meta property=\"og:site_name\" content=\"Kariyer Rehberi\" \/>\n<meta property=\"article:published_time\" content=\"2018-05-04T08:26:07+00:00\" \/>\n<meta property=\"article:modified_time\" content=\"2024-07-03T12:26:50+00:00\" \/>\n<meta property=\"og:image\" content=\"https:\/\/www.kariyer.net\/kariyer-rehberi\/wp-content\/uploads\/2018\/05\/hot_gorsel9393.jpg\" \/>\n\t<meta property=\"og:image:width\" content=\"900\" \/>\n\t<meta property=\"og:image:height\" content=\"600\" \/>\n\t<meta property=\"og:image:type\" content=\"image\/jpeg\" \/>\n<meta name=\"author\" content=\"Mehlika Akg\u00fcn\" \/>\n<meta name=\"twitter:card\" content=\"summary_large_image\" \/>\n<meta name=\"twitter:label1\" content=\"Yazan:\" \/>\n\t<meta name=\"twitter:data1\" content=\"Mehlika Akg\u00fcn\" \/>\n\t<meta name=\"twitter:label2\" content=\"Tahmini okuma s\u00fcresi\" \/>\n\t<meta name=\"twitter:data2\" content=\"2 dakika\" \/>\n<!-- \/ Yoast SEO Premium plugin. -->","yoast_head_json":{"title":"House of Talent Zirvesi ba\u015fl\u0131yor | Kariyer Rehberi","description":"\u00dcniversiteli yetenekleri insan kaynaklar\u0131 profesyonelleriyle, i\u015f d\u00fcnyas\u0131 profesyonellerini ise e\u011fitimin merkezi \u00fcniversitelerle bulu\u015fturan House of Talent","robots":{"index":"index","follow":"follow","max-snippet":"max-snippet:-1","max-image-preview":"max-image-preview:large","max-video-preview":"max-video-preview:-1"},"canonical":"https:\/\/www.kariyer.net\/kariyer-rehberi\/house-of-talent-zirvesi-basliyor\/","og_locale":"tr_TR","og_type":"article","og_title":"House of Talent Zirvesi ba\u015fl\u0131yor","og_description":"\u00dcniversiteli yetenekleri insan kaynaklar\u0131 profesyonelleriyle, i\u015f d\u00fcnyas\u0131 profesyonellerini ise e\u011fitimin merkezi \u00fcniversitelerle bulu\u015fturan House of Talent","og_url":"https:\/\/www.kariyer.net\/kariyer-rehberi\/house-of-talent-zirvesi-basliyor\/","og_site_name":"Kariyer Rehberi","article_published_time":"2018-05-04T08:26:07+00:00","article_modified_time":"2024-07-03T12:26:50+00:00","og_image":[{"width":900,"height":600,"url":"https:\/\/www.kariyer.net\/kariyer-rehberi\/wp-content\/uploads\/2018\/05\/hot_gorsel9393.jpg","type":"image\/jpeg"}],"author":"Mehlika Akg\u00fcn","twitter_card":"summary_large_image","twitter_misc":{"Yazan:":"Mehlika Akg\u00fcn","Tahmini okuma s\u00fcresi":"2 dakika"},"schema":{"@context":"https:\/\/schema.org","@graph":[{"@type":"Article","@id":"https:\/\/www.kariyer.net\/kariyer-rehberi\/house-of-talent-zirvesi-basliyor\/#article","isPartOf":{"@id":"https:\/\/www.kariyer.net\/kariyer-rehberi\/house-of-talent-zirvesi-basliyor\/"},"author":{"name":"Mehlika Akg\u00fcn","@id":"https:\/\/www.kariyer.net\/kariyer-rehberi\/#\/schema\/person\/decccb85f55a7adf9dd3be68ee3eaa53"},"headline":"House of Talent Zirvesi ba\u015fl\u0131yor","datePublished":"2018-05-04T08:26:07+00:00","dateModified":"2024-07-03T12:26:50+00:00","mainEntityOfPage":{"@id":"https:\/\/www.kariyer.net\/kariyer-rehberi\/house-of-talent-zirvesi-basliyor\/"},"wordCount":415,"commentCount":0,"publisher":{"@id":"https:\/\/www.kariyer.net\/kariyer-rehberi\/#organization"},"image":{"@id":"https:\/\/www.kariyer.net\/kariyer-rehberi\/house-of-talent-zirvesi-basliyor\/#primaryimage"},"thumbnailUrl":"https:\/\/www.kariyer.net\/kariyer-rehberi\/wp-content\/uploads\/2018\/05\/hot_gorsel9393.jpg","articleSection":["Kariyer Geli\u015fimi"],"inLanguage":"tr","potentialAction":[{"@type":"CommentAction","name":"Comment","target":["https:\/\/www.kariyer.net\/kariyer-rehberi\/house-of-talent-zirvesi-basliyor\/#respond"]}]},{"@type":"WebPage","@id":"https:\/\/www.kariyer.net\/kariyer-rehberi\/house-of-talent-zirvesi-basliyor\/","url":"https:\/\/www.kariyer.net\/kariyer-rehberi\/house-of-talent-zirvesi-basliyor\/","name":"House of Talent Zirvesi ba\u015fl\u0131yor | Kariyer Rehberi","isPartOf":{"@id":"https:\/\/www.kariyer.net\/kariyer-rehberi\/#website"},"primaryImageOfPage":{"@id":"https:\/\/www.kariyer.net\/kariyer-rehberi\/house-of-talent-zirvesi-basliyor\/#primaryimage"},"image":{"@id":"https:\/\/www.kariyer.net\/kariyer-rehberi\/house-of-talent-zirvesi-basliyor\/#primaryimage"},"thumbnailUrl":"https:\/\/www.kariyer.net\/kariyer-rehberi\/wp-content\/uploads\/2018\/05\/hot_gorsel9393.jpg","datePublished":"2018-05-04T08:26:07+00:00","dateModified":"2024-07-03T12:26:50+00:00","description":"\u00dcniversiteli yetenekleri insan kaynaklar\u0131 profesyonelleriyle, i\u015f d\u00fcnyas\u0131 profesyonellerini ise e\u011fitimin merkezi \u00fcniversitelerle bulu\u015fturan House of Talent","breadcrumb":{"@id":"https:\/\/www.kariyer.net\/kariyer-rehberi\/house-of-talent-zirvesi-basliyor\/#breadcrumb"},"inLanguage":"tr","potentialAction":[{"@type":"ReadAction","target":["https:\/\/www.kariyer.net\/kariyer-rehberi\/house-of-talent-zirvesi-basliyor\/"]}]},{"@type":"ImageObject","inLanguage":"tr","@id":"https:\/\/www.kariyer.net\/kariyer-rehberi\/house-of-talent-zirvesi-basliyor\/#primaryimage","url":"https:\/\/www.kariyer.net\/kariyer-rehberi\/wp-content\/uploads\/2018\/05\/hot_gorsel9393.jpg","contentUrl":"https:\/\/www.kariyer.net\/kariyer-rehberi\/wp-content\/uploads\/2018\/05\/hot_gorsel9393.jpg","width":900,"height":600},{"@type":"BreadcrumbList","@id":"https:\/\/www.kariyer.net\/kariyer-rehberi\/house-of-talent-zirvesi-basliyor\/#breadcrumb","itemListElement":[{"@type":"ListItem","position":1,"name":"Anasayfa","item":"https:\/\/www.kariyer.net\/kariyer-rehberi\/"},{"@type":"ListItem","position":2,"name":"House of Talent Zirvesi ba\u015fl\u0131yor"}]},{"@type":"WebSite","@id":"https:\/\/www.kariyer.net\/kariyer-rehberi\/#website","url":"https:\/\/www.kariyer.net\/kariyer-rehberi\/","name":"Kariyer Rehberi","description":"\u0130\u015f D\u00fcnyas\u0131yla \u0130lgili Bilmek \u0130stedi\u011finiz Her \u015eey","publisher":{"@id":"https:\/\/www.kariyer.net\/kariyer-rehberi\/#organization"},"potentialAction":[{"@type":"SearchAction","target":{"@type":"EntryPoint","urlTemplate":"https:\/\/www.kariyer.net\/kariyer-rehberi\/?s={search_term_string}"},"query-input":{"@type":"PropertyValueSpecification","valueRequired":true,"valueName":"search_term_string"}}],"inLanguage":"tr"},{"@type":"Organization","@id":"https:\/\/www.kariyer.net\/kariyer-rehberi\/#organization","name":"Kariyer.net","url":"https:\/\/www.kariyer.net\/kariyer-rehberi\/","logo":{"@type":"ImageObject","inLanguage":"tr","@id":"https:\/\/www.kariyer.net\/kariyer-rehberi\/#\/schema\/logo\/image\/","url":"https:\/\/www.kariyer.net\/kariyer-rehberi-new\/wp-content\/uploads\/2023\/01\/og-image11.jpg","contentUrl":"https:\/\/www.kariyer.net\/kariyer-rehberi-new\/wp-content\/uploads\/2023\/01\/og-image11.jpg","width":800,"height":800,"caption":"Kariyer.net"},"image":{"@id":"https:\/\/www.kariyer.net\/kariyer-rehberi\/#\/schema\/logo\/image\/"}},{"@type":"Person","@id":"https:\/\/www.kariyer.net\/kariyer-rehberi\/#\/schema\/person\/decccb85f55a7adf9dd3be68ee3eaa53","name":"Mehlika Akg\u00fcn","image":{"@type":"ImageObject","inLanguage":"tr","@id":"https:\/\/www.kariyer.net\/kariyer-rehberi\/#\/schema\/person\/image\/","url":"https:\/\/secure.gravatar.com\/avatar\/0048a8f41307557d30c39a26a0869ff21758d0d8db97b2b4047abc9b1e394df0?s=96&d=mm&r=g","contentUrl":"https:\/\/secure.gravatar.com\/avatar\/0048a8f41307557d30c39a26a0869ff21758d0d8db97b2b4047abc9b1e394df0?s=96&d=mm&r=g","caption":"Mehlika Akg\u00fcn"},"sameAs":["http:\/\/www.kariyer.net\/kariyer-rehberi\/mehlika-akgun\/"],"url":"https:\/\/www.kariyer.net\/kariyer-rehberi\/author\/mehlikaa\/"}]}},"_links":{"self":[{"href":"https:\/\/www.kariyer.net\/kariyer-rehberi\/wp-json\/wp\/v2\/posts\/11293","targetHints":{"allow":["GET"]}}],"collection":[{"href":"https:\/\/www.kariyer.net\/kariyer-rehberi\/wp-json\/wp\/v2\/posts"}],"about":[{"href":"https:\/\/www.kariyer.net\/kariyer-rehberi\/wp-json\/wp\/v2\/types\/post"}],"author":[{"embeddable":true,"href":"https:\/\/www.kariyer.net\/kariyer-rehberi\/wp-json\/wp\/v2\/users\/21"}],"replies":[{"embeddable":true,"href":"https:\/\/www.kariyer.net\/kariyer-rehberi\/wp-json\/wp\/v2\/comments?post=11293"}],"version-history":[{"count":1,"href":"https:\/\/www.kariyer.net\/kariyer-rehberi\/wp-json\/wp\/v2\/posts\/11293\/revisions"}],"predecessor-version":[{"id":19505,"href":"https:\/\/www.kariyer.net\/kariyer-rehberi\/wp-json\/wp\/v2\/posts\/11293\/revisions\/19505"}],"wp:featuredmedia":[{"embeddable":true,"href":"https:\/\/www.kariyer.net\/kariyer-rehberi\/wp-json\/wp\/v2\/media\/11294"}],"wp:attachment":[{"href":"https:\/\/www.kariyer.net\/kariyer-rehberi\/wp-json\/wp\/v2\/media?parent=11293"}],"wp:term":[{"taxonomy":"category","embeddable":true,"href":"https:\/\/www.kariyer.net\/kariyer-rehberi\/wp-json\/wp\/v2\/categories?post=11293"},{"taxonomy":"post_tag","embeddable":true,"href":"https:\/\/www.kariyer.net\/kariyer-rehberi\/wp-json\/wp\/v2\/tags?post=11293"}],"curies":[{"name":"wp","href":"https:\/\/api.w.org\/{rel}","templated":true}]}}