{"id":11311,"date":"2018-05-12T16:09:33","date_gmt":"2018-05-12T13:09:33","guid":{"rendered":"http:\/\/www.kariyer.net\/kariyer-rehberi\/?p=11311"},"modified":"2024-08-08T21:09:50","modified_gmt":"2024-08-08T18:09:50","slug":"is-yazismalarinda-emoji-kullanmali-misin","status":"publish","type":"post","link":"https:\/\/www.kariyer.net\/kariyer-rehberi\/is-yazismalarinda-emoji-kullanmali-misin\/","title":{"rendered":"\u0130\u015f yaz\u0131\u015fmalar\u0131nda emoji kullanmal\u0131 m\u0131s\u0131n?"},"content":{"rendered":"<p><strong>Emojiler son birka\u00e7 y\u0131ld\u0131r hayat\u0131m\u0131zda, ancak her yerdeler. B\u00fct\u00fcn yaz\u0131\u015fmalarda art\u0131k onlar\u0131 kullan\u0131yoruz. K\u00f6keni Japon \u00e7izgi romanlar\u0131na dayanan emojiler dijital ileti\u015fimde duygular\u0131 ve beden dilini ifade etmek i\u00e7in bolca kullan\u0131l\u0131yor. Ki\u015fisel yaz\u0131\u015fmalarda onlar\u0131 her yere zaten bol bol serpi\u015ftiriyoruz. Peki ya i\u015f yaz\u0131\u015fmalar\u0131nda emoji kullanman\u0131n etkileri neler? Ara\u015ft\u0131rmac\u0131lara g\u00f6re i\u015f yaz\u0131\u015fmalar\u0131nda emoji kullan\u0131m\u0131n\u0131n bir s\u00fcr\u00fc riski var.<\/strong><\/p>\n<p>Marka \u0130li\u015fkileri Stratejisti Andrea Lehr&#8217;e g\u00f6re, emojilerin ifade etti\u011fi duygular ya da beden dili \u00e7a\u011fr\u0131\u015f\u0131mlar\u0131 evrensel de\u011fil. Yani sizin kulland\u0131\u011f\u0131n\u0131z emojiyi kar\u015f\u0131 taraftaki insan \u00e7ok farkl\u0131 \u015fekillerde yorumlayabilir. \u00d6rne\u011fin \u00e7ok komik buldu\u011funuz bir duruma kar\u015f\u0131 g\u00fclmekten a\u011flayan surat emojisi g\u00f6nderdiniz. Kar\u015f\u0131daki insan sizinle ayn\u0131 hislerde de\u011filse sizin \u00fcz\u00fcnt\u00fcden a\u011flad\u0131\u011f\u0131n\u0131za kanaat getirebilir. K\u0131rm\u0131z\u0131 y\u00fczl\u00fc emoji bir ki\u015fiye \u201c\u00f6fke\u201d ifade edebilirken, ba\u015fka bir ki\u015fi bunu \u201cutanm\u0131\u015f\u201d olarak yorumlayabilir. Bu da kar\u0131\u015f\u0131kl\u0131\u011fa neden olabilir ve ileti\u015fimi sekteye u\u011fratabilir.<\/p>\n<p>Ba\u015fka bir akademik ara\u015ft\u0131rmaya g\u00f6reyse emojiler, onlar\u0131 kullanarak yaz\u0131\u015fan \u00e7al\u0131\u015fanlar\u0131n daha az yetkin g\u00f6r\u00fcnmesine yol a\u00e7\u0131yor. Farkl\u0131 bir \u00e7al\u0131\u015fmaya g\u00f6re de \u00fcst d\u00fczey y\u00f6neticilerin y\u00fczde 39&#8217;u i\u015f yaz\u0131\u015fmalar\u0131n\u0131n emoji i\u00e7ermesinin profesyonelce olmad\u0131\u011f\u0131n\u0131 d\u00fc\u015f\u00fcn\u00fcyor. Yani emojilere yer vererek att\u0131\u011f\u0131n\u0131z bir email kariyerinizi mahvedebilir.<\/p>\n<p>Tabii t\u00fcm bunlara ra\u011fmen bir\u00e7ok \u00e7al\u0131\u015fan i\u015f yaz\u0131\u015fmalar\u0131nda emoji kullanmaya devam ediyor. Ofis i\u00e7i yaz\u0131\u015fmalarda emoji kullan\u0131p kullanmamak elbette biraz da ofisin resmiyetiyle ba\u011flant\u0131l\u0131. \u00c7ok resmi bir ofiste yaz\u0131\u015fmalarda emojilerin yer almas\u0131 sorun yaratabilir.<\/p>\n<p>Ofis yar\u0131 resmi hatta rahat olarak tan\u0131mlanabilecek olsa bile emojileri \u00e7ok iyi tan\u0131mad\u0131\u011f\u0131n insanlarla yaz\u0131\u015f\u0131rken kullanmamakta fayda var. Patronunuza mesaj yazarken ve \u00f6zellikle m\u00fc\u015fterilerle \u00e7al\u0131\u015f\u0131rken de dikkatli olmal\u0131s\u0131n. Biriyle rahat bir ileti\u015fimin yoksa, potansiyel olarak onlar\u0131 uzakla\u015ft\u0131rabilecek bir \u015feyden ka\u00e7\u0131nmak en iyisidir.<\/p>\n<p>E\u011fer hen\u00fcz tan\u0131\u015fmad\u0131\u011f\u0131n\u0131z yeni bir m\u00fc\u015fteriye i\u015f e-postas\u0131 olu\u015fturuyorsan\u0131z, emojilerin kullan\u0131m\u0131ndan ka\u00e7\u0131nman en do\u011frusu olur. Elbette al\u0131c\u0131 bir i\u015f arkada\u015f\u0131n\u0131z ya da arada bir sohbet ili\u015fkiniz olan bir m\u00fc\u015fterinizse istedi\u011finiz kadar emoji kullanabilirsiniz.<\/p>\n<p><strong>Ara\u015ft\u0131rmalara g\u00f6re i\u015f yaz\u0131\u015fmalar\u0131nda emoji kullan\u0131m\u0131n\u0131n etkileri\u00a0<\/strong><\/p>\n<p>\u0130\u015f yaz\u0131\u015fmalar\u0131nda emoji kullan\u0131m\u0131na ili\u015fkin en kapsaml\u0131 ara\u015ft\u0131rmalardan biri de \u0130srail\u2019deki Ben Gurion \u00dcniversitesi&#8217;nde yap\u0131ld\u0131. Bilim insanlar\u0131, yapt\u0131klar\u0131 bir deneyle emojilerin (g\u00fclen surat) ofis i\u00e7i yaz\u0131\u015fmalardaki etkisini inceledi.<\/p>\n<p>Deney i\u00e7in 29 \u00fclkeden 549 kat\u0131l\u0131mc\u0131ya, birbirinin ayn\u0131 olmakla beraber bir k\u0131sm\u0131 g\u00fclen surat emojisi i\u00e7eren e-postalar okutuldu. Daha sonra okurlara e-posta&#8217;y\u0131 g\u00f6nderen ki\u015finin ne derece arkada\u015f canl\u0131s\u0131 ve i\u015finde usta oldu\u011funu d\u00fc\u015f\u00fcnd\u00fckleri soruldu.<\/p>\n<p>Kat\u0131l\u0131mc\u0131lar\u0131n \u00e7o\u011fu, ilk soruyla ilgili bir yorum yapamazken, emoji i\u00e7eren metni g\u00f6nderen ki\u015finin i\u015finde iyi olmayabilece\u011fi \u00e7\u0131kar\u0131m\u0131nda bulundu. Kat\u0131l\u0131mc\u0131lardan e-postaya cevap vermeleri istendi\u011finde ise emoji i\u00e7ermeyen e-posta&#8217;y\u0131 okuyan kat\u0131l\u0131mc\u0131lar\u0131n cevaplar\u0131n\u0131n daha detayl\u0131 oldu\u011fu g\u00f6r\u00fcld\u00fc.<\/p>\n<p>\u00c7al\u0131\u015fmay\u0131 yapan ekibin ba\u015f\u0131nda yer alan Ella Glikson, sonu\u00e7lar g\u00f6z \u00f6n\u00fcnde bulunduruldu\u011funda \u00e7al\u0131\u015fanlar\u0131n i\u015f yaz\u0131\u015fmalar\u0131nda emoji kullanmadan \u00f6nce iki kere d\u00fc\u015f\u00fcnmeleri gerekti\u011fini s\u00f6yl\u00fcyor. Ger\u00e7ek g\u00fcl\u00fcmsemenin aksine, g\u00fclen surat emojileri kar\u015f\u0131 tarafta arkada\u015f canl\u0131s\u0131 bir etki yaratmad\u0131\u011f\u0131 gibi, bu ki\u015finin i\u015finin ehli olmad\u0131\u011f\u0131 alg\u0131s\u0131na neden oluyor.<\/p>\n<p>Glikson\u2019a g\u00f6re \u015fimdilik, diyebiliriz ki g\u00fclen surat, ancak muhatab\u0131n\u0131z\u0131 tan\u0131yorsan\u0131z ger\u00e7ek g\u00fcl\u00fc\u015f\u00fc ikame edebilir. \u0130lk defa muhatap olunacak ki\u015filer i\u00e7inse, ya\u015f ve cinsiyete bak\u0131lmaks\u0131z\u0131n g\u00fclen surattan uzak durmakta yarar var.<\/p>\n<p>&nbsp;<\/p>\n<!-- templates\/buttons-placeholder.php -->\n<div class=\"da-reactions-outer TpostID11311\">\n\t    <div class=\"da-reactions-data da-reactions-container-async center\"\n         data-type=\"post\"\n         data-id=\"11311\"\n         id=\"da-reactions-slot-post-11311\">\n        <div class=\"da-reactions-static\">\n\t\t\t<img src=\"https:\/\/www.kariyer.net\/kariyer-rehberi\/wp-content\/plugins\/da-reactions\/assets\/dist\/loading.svg\" alt=\"Loading spinner\" width=\"48\" height=\"48\" style=\"width:48px\" \/>\n        <\/div>\n    <\/div>\n<\/div>\n","protected":false},"excerpt":{"rendered":"<p>Emojiler son birka\u00e7 y\u0131ld\u0131r hayat\u0131m\u0131zda, ancak her yerdeler. B\u00fct\u00fcn yaz\u0131\u015fmalarda art\u0131k onlar\u0131 kullan\u0131yoruz. K\u00f6keni Japon \u00e7izgi romanlar\u0131na dayanan emojiler dijital ileti\u015fimde duygular\u0131 ve beden dilini ifade etmek i\u00e7in bolca kullan\u0131l\u0131yor. Ki\u015fisel yaz\u0131\u015fmalarda onlar\u0131 her yere zaten bol bol serpi\u015ftiriyoruz. Peki ya i\u015f yaz\u0131\u015fmalar\u0131nda emoji kullanman\u0131n etkileri neler? Ara\u015ft\u0131rmac\u0131lara g\u00f6re i\u015f yaz\u0131\u015fmalar\u0131nda emoji kullan\u0131m\u0131n\u0131n bir s\u00fcr\u00fc [&hellip;]<\/p>\n<!-- templates\/buttons-placeholder.php -->\n<div class=\"da-reactions-outer TpostID11311\">\n\t    <div class=\"da-reactions-data da-reactions-container-async center\"\n         data-type=\"post\"\n         data-id=\"11311\"\n         id=\"da-reactions-slot-post-11311\">\n        <div class=\"da-reactions-static\">\n\t\t\t<img src=\"https:\/\/www.kariyer.net\/kariyer-rehberi\/wp-content\/plugins\/da-reactions\/assets\/dist\/loading.svg\" alt=\"Loading spinner\" width=\"48\" height=\"48\" style=\"width:48px\" \/>\n        <\/div>\n    <\/div>\n<\/div>\n","protected":false},"author":12,"featured_media":11312,"comment_status":"open","ping_status":"open","sticky":false,"template":"","format":"standard","meta":{"footnotes":"","_elementor_edit_mode":"","_elementor_template_type":"","_elementor_data":"","_elementor_page_settings":null,"_elementor_conditions":[]},"categories":[46,2214],"tags":[959,940,961,964,939,963,962,957,64],"class_list":{"0":"post-11311","1":"post","2":"type-post","3":"status-publish","4":"format-standard","5":"has-post-thumbnail","7":"category-is-hayati","8":"category-yasam","9":"tag-beyaz-yaka","10":"tag-emoji","11":"tag-genc-profesyoneller","12":"tag-is-yazisma-kurallari","13":"tag-is-yazismalari","14":"tag-is-yazismalarinda-emoji","15":"tag-kurumsal-e-posta","16":"tag-uzman-yardimcisi","17":"tag-yeni-mezun"},"yoast_head":"<!-- This site is optimized with the Yoast SEO Premium plugin v21.4 (Yoast SEO v27.0) - https:\/\/yoast.com\/product\/yoast-seo-premium-wordpress\/ -->\n<title>\u0130\u015f yaz\u0131\u015fmalar\u0131nda emoji kullanmal\u0131 m\u0131s\u0131n? | Kariyer Rehberi<\/title>\n<meta name=\"description\" content=\"\u0130\u015f yaz\u0131\u015fmalar\u0131nda emoji kullanmal\u0131 m\u0131s\u0131n? Ara\u015ft\u0131rmac\u0131lara g\u00f6re i\u015f yaz\u0131\u015fmalar\u0131nda emoji kullan\u0131m\u0131n\u0131n bir s\u00fcr\u00fc riski var. Hemen ke\u015ffedin.\" \/>\n<meta name=\"robots\" content=\"index, follow, max-snippet:-1, max-image-preview:large, max-video-preview:-1\" \/>\n<link rel=\"canonical\" href=\"https:\/\/www.kariyer.net\/kariyer-rehberi\/is-yazismalarinda-emoji-kullanmali-misin\/\" \/>\n<meta property=\"og:locale\" content=\"tr_TR\" \/>\n<meta property=\"og:type\" content=\"article\" \/>\n<meta property=\"og:title\" content=\"\u0130\u015f yaz\u0131\u015fmalar\u0131nda emoji kullanmal\u0131 m\u0131s\u0131n?\" \/>\n<meta property=\"og:description\" content=\"Emojiler son birka\u00e7 y\u0131ld\u0131r hayat\u0131m\u0131zda, ancak her yerdeler. B\u00fct\u00fcn yaz\u0131\u015fmalarda art\u0131k onlar\u0131 kullan\u0131yoruz. K\u00f6keni Japon \u00e7izgi romanlar\u0131na dayanan emojiler\" \/>\n<meta property=\"og:url\" content=\"https:\/\/www.kariyer.net\/kariyer-rehberi\/is-yazismalarinda-emoji-kullanmali-misin\/\" \/>\n<meta property=\"og:site_name\" content=\"Kariyer Rehberi\" \/>\n<meta property=\"article:published_time\" content=\"2018-05-12T13:09:33+00:00\" \/>\n<meta property=\"article:modified_time\" content=\"2024-08-08T18:09:50+00:00\" \/>\n<meta property=\"og:image\" content=\"https:\/\/www.kariyer.net\/kariyer-rehberi\/wp-content\/uploads\/2018\/05\/krrehberi-emoji.jpg\" \/>\n\t<meta property=\"og:image:width\" content=\"900\" \/>\n\t<meta property=\"og:image:height\" content=\"514\" \/>\n\t<meta property=\"og:image:type\" content=\"image\/jpeg\" \/>\n<meta name=\"author\" content=\"Edit\u00f6r\" \/>\n<meta name=\"twitter:card\" content=\"summary_large_image\" \/>\n<meta name=\"twitter:label1\" content=\"Yazan:\" \/>\n\t<meta name=\"twitter:data1\" content=\"Edit\u00f6r\" \/>\n\t<meta name=\"twitter:label2\" content=\"Tahmini okuma s\u00fcresi\" \/>\n\t<meta name=\"twitter:data2\" content=\"3 dakika\" \/>\n<!-- \/ Yoast SEO Premium plugin. -->","yoast_head_json":{"title":"\u0130\u015f yaz\u0131\u015fmalar\u0131nda emoji kullanmal\u0131 m\u0131s\u0131n? | Kariyer Rehberi","description":"\u0130\u015f yaz\u0131\u015fmalar\u0131nda emoji kullanmal\u0131 m\u0131s\u0131n? Ara\u015ft\u0131rmac\u0131lara g\u00f6re i\u015f yaz\u0131\u015fmalar\u0131nda emoji kullan\u0131m\u0131n\u0131n bir s\u00fcr\u00fc riski var. Hemen ke\u015ffedin.","robots":{"index":"index","follow":"follow","max-snippet":"max-snippet:-1","max-image-preview":"max-image-preview:large","max-video-preview":"max-video-preview:-1"},"canonical":"https:\/\/www.kariyer.net\/kariyer-rehberi\/is-yazismalarinda-emoji-kullanmali-misin\/","og_locale":"tr_TR","og_type":"article","og_title":"\u0130\u015f yaz\u0131\u015fmalar\u0131nda emoji kullanmal\u0131 m\u0131s\u0131n?","og_description":"Emojiler son birka\u00e7 y\u0131ld\u0131r hayat\u0131m\u0131zda, ancak her yerdeler. B\u00fct\u00fcn yaz\u0131\u015fmalarda art\u0131k onlar\u0131 kullan\u0131yoruz. K\u00f6keni Japon \u00e7izgi romanlar\u0131na dayanan emojiler","og_url":"https:\/\/www.kariyer.net\/kariyer-rehberi\/is-yazismalarinda-emoji-kullanmali-misin\/","og_site_name":"Kariyer Rehberi","article_published_time":"2018-05-12T13:09:33+00:00","article_modified_time":"2024-08-08T18:09:50+00:00","og_image":[{"width":900,"height":514,"url":"https:\/\/www.kariyer.net\/kariyer-rehberi\/wp-content\/uploads\/2018\/05\/krrehberi-emoji.jpg","type":"image\/jpeg"}],"author":"Edit\u00f6r","twitter_card":"summary_large_image","twitter_misc":{"Yazan:":"Edit\u00f6r","Tahmini okuma s\u00fcresi":"3 dakika"},"schema":{"@context":"https:\/\/schema.org","@graph":[{"@type":"Article","@id":"https:\/\/www.kariyer.net\/kariyer-rehberi\/is-yazismalarinda-emoji-kullanmali-misin\/#article","isPartOf":{"@id":"https:\/\/www.kariyer.net\/kariyer-rehberi\/is-yazismalarinda-emoji-kullanmali-misin\/"},"author":{"name":"Edit\u00f6r","@id":"https:\/\/www.kariyer.net\/kariyer-rehberi\/#\/schema\/person\/94fd6e49c7ff1b1b2565a2cc4fd685dd"},"headline":"\u0130\u015f yaz\u0131\u015fmalar\u0131nda emoji kullanmal\u0131 m\u0131s\u0131n?","datePublished":"2018-05-12T13:09:33+00:00","dateModified":"2024-08-08T18:09:50+00:00","mainEntityOfPage":{"@id":"https:\/\/www.kariyer.net\/kariyer-rehberi\/is-yazismalarinda-emoji-kullanmali-misin\/"},"wordCount":697,"commentCount":0,"publisher":{"@id":"https:\/\/www.kariyer.net\/kariyer-rehberi\/#organization"},"image":{"@id":"https:\/\/www.kariyer.net\/kariyer-rehberi\/is-yazismalarinda-emoji-kullanmali-misin\/#primaryimage"},"thumbnailUrl":"https:\/\/www.kariyer.net\/kariyer-rehberi\/wp-content\/uploads\/2018\/05\/krrehberi-emoji.jpg","keywords":["beyaz yaka","emoji","gen\u00e7 profesyoneller","i\u015f yaz\u0131\u015fma kurallar\u0131","i\u015f yaz\u0131\u015fmalar\u0131","i\u015f yaz\u0131\u015fmalar\u0131nda emoji","kurumsal e-posta","uzman yard\u0131mc\u0131s\u0131","yeni mezun"],"articleSection":["\u0130\u015f Hayat\u0131","Ya\u015fam"],"inLanguage":"tr","potentialAction":[{"@type":"CommentAction","name":"Comment","target":["https:\/\/www.kariyer.net\/kariyer-rehberi\/is-yazismalarinda-emoji-kullanmali-misin\/#respond"]}]},{"@type":"WebPage","@id":"https:\/\/www.kariyer.net\/kariyer-rehberi\/is-yazismalarinda-emoji-kullanmali-misin\/","url":"https:\/\/www.kariyer.net\/kariyer-rehberi\/is-yazismalarinda-emoji-kullanmali-misin\/","name":"\u0130\u015f yaz\u0131\u015fmalar\u0131nda emoji kullanmal\u0131 m\u0131s\u0131n? | Kariyer Rehberi","isPartOf":{"@id":"https:\/\/www.kariyer.net\/kariyer-rehberi\/#website"},"primaryImageOfPage":{"@id":"https:\/\/www.kariyer.net\/kariyer-rehberi\/is-yazismalarinda-emoji-kullanmali-misin\/#primaryimage"},"image":{"@id":"https:\/\/www.kariyer.net\/kariyer-rehberi\/is-yazismalarinda-emoji-kullanmali-misin\/#primaryimage"},"thumbnailUrl":"https:\/\/www.kariyer.net\/kariyer-rehberi\/wp-content\/uploads\/2018\/05\/krrehberi-emoji.jpg","datePublished":"2018-05-12T13:09:33+00:00","dateModified":"2024-08-08T18:09:50+00:00","description":"\u0130\u015f yaz\u0131\u015fmalar\u0131nda emoji kullanmal\u0131 m\u0131s\u0131n? Ara\u015ft\u0131rmac\u0131lara g\u00f6re i\u015f yaz\u0131\u015fmalar\u0131nda emoji kullan\u0131m\u0131n\u0131n bir s\u00fcr\u00fc riski var. Hemen ke\u015ffedin.","breadcrumb":{"@id":"https:\/\/www.kariyer.net\/kariyer-rehberi\/is-yazismalarinda-emoji-kullanmali-misin\/#breadcrumb"},"inLanguage":"tr","potentialAction":[{"@type":"ReadAction","target":["https:\/\/www.kariyer.net\/kariyer-rehberi\/is-yazismalarinda-emoji-kullanmali-misin\/"]}]},{"@type":"ImageObject","inLanguage":"tr","@id":"https:\/\/www.kariyer.net\/kariyer-rehberi\/is-yazismalarinda-emoji-kullanmali-misin\/#primaryimage","url":"https:\/\/www.kariyer.net\/kariyer-rehberi\/wp-content\/uploads\/2018\/05\/krrehberi-emoji.jpg","contentUrl":"https:\/\/www.kariyer.net\/kariyer-rehberi\/wp-content\/uploads\/2018\/05\/krrehberi-emoji.jpg","width":900,"height":514,"caption":"i\u015f yaz\u0131\u015fmalar\u0131nda"},{"@type":"BreadcrumbList","@id":"https:\/\/www.kariyer.net\/kariyer-rehberi\/is-yazismalarinda-emoji-kullanmali-misin\/#breadcrumb","itemListElement":[{"@type":"ListItem","position":1,"name":"Anasayfa","item":"https:\/\/www.kariyer.net\/kariyer-rehberi\/"},{"@type":"ListItem","position":2,"name":"\u0130\u015f yaz\u0131\u015fmalar\u0131nda emoji kullanmal\u0131 m\u0131s\u0131n?"}]},{"@type":"WebSite","@id":"https:\/\/www.kariyer.net\/kariyer-rehberi\/#website","url":"https:\/\/www.kariyer.net\/kariyer-rehberi\/","name":"Kariyer Rehberi","description":"\u0130\u015f D\u00fcnyas\u0131yla \u0130lgili Bilmek \u0130stedi\u011finiz Her \u015eey","publisher":{"@id":"https:\/\/www.kariyer.net\/kariyer-rehberi\/#organization"},"potentialAction":[{"@type":"SearchAction","target":{"@type":"EntryPoint","urlTemplate":"https:\/\/www.kariyer.net\/kariyer-rehberi\/?s={search_term_string}"},"query-input":{"@type":"PropertyValueSpecification","valueRequired":true,"valueName":"search_term_string"}}],"inLanguage":"tr"},{"@type":"Organization","@id":"https:\/\/www.kariyer.net\/kariyer-rehberi\/#organization","name":"Kariyer.net","url":"https:\/\/www.kariyer.net\/kariyer-rehberi\/","logo":{"@type":"ImageObject","inLanguage":"tr","@id":"https:\/\/www.kariyer.net\/kariyer-rehberi\/#\/schema\/logo\/image\/","url":"https:\/\/www.kariyer.net\/kariyer-rehberi-new\/wp-content\/uploads\/2023\/01\/og-image11.jpg","contentUrl":"https:\/\/www.kariyer.net\/kariyer-rehberi-new\/wp-content\/uploads\/2023\/01\/og-image11.jpg","width":800,"height":800,"caption":"Kariyer.net"},"image":{"@id":"https:\/\/www.kariyer.net\/kariyer-rehberi\/#\/schema\/logo\/image\/"}},{"@type":"Person","@id":"https:\/\/www.kariyer.net\/kariyer-rehberi\/#\/schema\/person\/94fd6e49c7ff1b1b2565a2cc4fd685dd","name":"Edit\u00f6r","image":{"@type":"ImageObject","inLanguage":"tr","@id":"https:\/\/www.kariyer.net\/kariyer-rehberi\/#\/schema\/person\/image\/","url":"https:\/\/secure.gravatar.com\/avatar\/0c4fe6688343aed3693b15573beae12c08ace5565409d5ab7509bf9c115f458d?s=96&d=mm&r=g","contentUrl":"https:\/\/secure.gravatar.com\/avatar\/0c4fe6688343aed3693b15573beae12c08ace5565409d5ab7509bf9c115f458d?s=96&d=mm&r=g","caption":"Edit\u00f6r"},"url":"https:\/\/www.kariyer.net\/kariyer-rehberi\/author\/editor\/"}]}},"_links":{"self":[{"href":"https:\/\/www.kariyer.net\/kariyer-rehberi\/wp-json\/wp\/v2\/posts\/11311","targetHints":{"allow":["GET"]}}],"collection":[{"href":"https:\/\/www.kariyer.net\/kariyer-rehberi\/wp-json\/wp\/v2\/posts"}],"about":[{"href":"https:\/\/www.kariyer.net\/kariyer-rehberi\/wp-json\/wp\/v2\/types\/post"}],"author":[{"embeddable":true,"href":"https:\/\/www.kariyer.net\/kariyer-rehberi\/wp-json\/wp\/v2\/users\/12"}],"replies":[{"embeddable":true,"href":"https:\/\/www.kariyer.net\/kariyer-rehberi\/wp-json\/wp\/v2\/comments?post=11311"}],"version-history":[{"count":1,"href":"https:\/\/www.kariyer.net\/kariyer-rehberi\/wp-json\/wp\/v2\/posts\/11311\/revisions"}],"predecessor-version":[{"id":20657,"href":"https:\/\/www.kariyer.net\/kariyer-rehberi\/wp-json\/wp\/v2\/posts\/11311\/revisions\/20657"}],"wp:featuredmedia":[{"embeddable":true,"href":"https:\/\/www.kariyer.net\/kariyer-rehberi\/wp-json\/wp\/v2\/media\/11312"}],"wp:attachment":[{"href":"https:\/\/www.kariyer.net\/kariyer-rehberi\/wp-json\/wp\/v2\/media?parent=11311"}],"wp:term":[{"taxonomy":"category","embeddable":true,"href":"https:\/\/www.kariyer.net\/kariyer-rehberi\/wp-json\/wp\/v2\/categories?post=11311"},{"taxonomy":"post_tag","embeddable":true,"href":"https:\/\/www.kariyer.net\/kariyer-rehberi\/wp-json\/wp\/v2\/tags?post=11311"}],"curies":[{"name":"wp","href":"https:\/\/api.w.org\/{rel}","templated":true}]}}