{"id":11316,"date":"2018-05-17T11:10:54","date_gmt":"2018-05-17T08:10:54","guid":{"rendered":"http:\/\/www.kariyer.net\/kariyer-rehberi\/?p=11316"},"modified":"2024-07-03T15:07:41","modified_gmt":"2024-07-03T12:07:41","slug":"ilk-isimden-nasil-istifa-etmeliyim","status":"publish","type":"post","link":"https:\/\/www.kariyer.net\/kariyer-rehberi\/ilk-isimden-nasil-istifa-etmeliyim\/","title":{"rendered":"\u0130lk i\u015fimden nas\u0131l istifa etmeliyim?"},"content":{"rendered":"<p><strong>Okul bitti, ilk i\u015fine girdin ve bir s\u00fcredir her \u015fey gayet iyi gidiyor. Ekip arkada\u015flar\u0131nla iyi anla\u015f\u0131yorsun, i\u015finde ba\u015far\u0131l\u0131s\u0131n ve y\u00f6neticin senden \u00e7ok memnun. T\u00fcm bu resme ra\u011fmen kar\u015f\u0131na daha iyi bir f\u0131rsat \u00e7\u0131kabilir, yapt\u0131\u011f\u0131n i\u015ften s\u0131k\u0131labilirsin ya da kafanda ba\u015fka planlar olu\u015fabilir. Nedeni ne olursa olsun, ilk i\u015f yerinden nas\u0131l ayr\u0131ld\u0131\u011f\u0131n ilk izlenim a\u00e7\u0131s\u0131ndan olduk\u00e7a \u00f6nemli. Bu s\u00fcreci kolayla\u015ft\u0131racak 7 ipucunu seninle payla\u015ft\u0131k.<\/strong><\/p>\n<p>\u0130lk i\u015f, <a href=\"https:\/\/www.kariyer.net\/kariyer-rehberi\/ilk-is-deneyimi-hakkinda-bilmen-gerekenler\/\">ilk deneyim<\/a>, i\u015f hayat\u0131na giri\u015f ve kariyer yolunu anlamak a\u00e7\u0131s\u0131ndan olduk\u00e7a \u00f6nemli. Bu s\u00fcre\u00e7te pek \u00e7ok \u015fey \u00f6\u011frenilir, yepyeni arkada\u015flar edinilir ve hayat boyu referans olabilecek de\u011ferli y\u00f6neticilerle tan\u0131\u015f\u0131l\u0131r. Fakat elbette g\u00fcn\u00fc geldi\u011finde, ba\u015fka bir i\u015fe girmek istedi\u011finde ilk i\u015finden nas\u0131l ayr\u0131ld\u0131\u011f\u0131n\u00a0 referans\u00a0 noktas\u0131nda \u00f6nemli olacak.<\/p>\n<p>\u0130\u015fte bu s\u00fcre\u00e7te dikkat etmen gereken baz\u0131 \u00f6nemli detaylar:<\/p>\n<p><strong>Karar\u0131n gizli olsun<\/strong><\/p>\n<p>Ayr\u0131lma karar\u0131 ald\u0131ktan sonra bunu kimseyle payla\u015fmamaya \u00f6zen g\u00f6ster. Aksi halde karar\u0131n y\u00f6neticininin kula\u011f\u0131na \u00f6nceden gidebilir ve ho\u015f olmayan bir atmosfer olu\u015fabilir.<\/p>\n<p><strong>Karar\u0131n\u0131 y\u00fcz y\u00fcze bildir<\/strong><\/p>\n<p>\u0130stifa haberini mail, telefon ya da mesaj yoluyla bildirmemelisin. Evet bu konuda konu\u015fmak zor gelebilir ve gerilebilirsin. Ama en do\u011fru y\u00f6ntemin y\u00fcz y\u00fcze konu\u015fmak oldu\u011funu unutma. Sadece 10 dakika s\u00fcrecek bir diyalog <a href=\"https:\/\/www.kariyer.net\/kariyer-rehberi\/google-yoneticilerinden-ilham-verici-sozler\/\">y\u00f6neticinin<\/a> g\u00f6z\u00fcnde k\u00f6t\u00fc bir izlenim b\u0131rakmamak i\u00e7in yeterli.<\/p>\n<p><strong>S\u00fcreyi iyi hesapla<\/strong><\/p>\n<p>\u0130stifa bildirimini do\u011fru zamanda yapmak, hem i\u015flerin ak\u0131\u015f\u0131n\u0131 sekteye u\u011fratmamak hem de y\u00f6neticin ba\u015fta olmak \u00fczere tak\u0131m arkada\u015flar\u0131n\u0131 ma\u011fdur etmemek a\u00e7\u0131s\u0131ndan olduk\u00e7a \u00f6nemli. \u0130hbar s\u00fcrene g\u00f6re hesaplama yaparak en az 15 g\u00fcn \u00f6nceden karar\u0131n\u0131 bildirmeli, e\u011fer \u00f6n\u00fcnde ciddi bir proje varsa daha da \u00f6nceden (en az 1 ay) bilgi vermelisin.<\/p>\n<p><strong>Neler s\u00f6yleyece\u011fini \u00f6nceden d\u00fc\u015f\u00fcn<\/strong><\/p>\n<p>Y\u00f6neticinle yapaca\u011f\u0131n istifa konu\u015fmas\u0131n\u0131 \u00f6nceden hayal etmek, neler s\u00f6yleyece\u011fini d\u00fc\u015f\u00fcnmek i\u015fleri senin ad\u0131na kolayla\u015ft\u0131racakt\u0131r. \u0130stifa nedenin soruldu\u011funda olumlu bir geri bildirim vermeye \u00f6zen g\u00f6ster. \u201cSizinle \u00e7al\u0131\u015fmak benim i\u00e7in olduk\u00e7a \u00f6\u011fretici ve keyifliydi. Ancak \u015fu nedenle yoluma farkl\u0131 bir \u015fekilde devam etmek istiyorum\u201d benzeri \u00e7ok fazla detay i\u00e7ermeyen c\u00fcmleler tercih edebilirsin.<\/p>\n<p><strong>Gelecek tekliflere haz\u0131rl\u0131kl\u0131 ol<\/strong><\/p>\n<p>E\u011fer iyi bir \u00e7al\u0131\u015fansan y\u00f6neticin gitmeni istemeyebilir ve sana yeni bir teklifle gelebilir. Bu teklife haz\u0131r m\u0131s\u0131n? Teklif karar\u0131n\u0131 etkiler mi? Yoksa ayr\u0131lma karar\u0131n kesin mi? Bu gibi sorular\u0131 iyi d\u00fc\u015f\u00fcnmek haz\u0131rl\u0131ks\u0131z bir \u015fekilde yakalanman\u0131 engeller.<\/p>\n<p><strong>Referans iste<\/strong><\/p>\n<p>\u0130kinci i\u015finde ilk deneyiminle ilgili mutlaka referans istenece\u011fini unutma. Sonradan alman zor olaca\u011f\u0131 i\u00e7in ayr\u0131lma konu\u015fmas\u0131n\u0131n ard\u0131ndan y\u00f6neticinden mutlaka referans iste. E\u011fer y\u00f6neticin \u00e7ok yo\u011funsa bu referans\u0131 sen haz\u0131rlayabilir, ard\u0131ndan y\u00f6neticine onaylatabilirsin.<\/p>\n<p><strong>Son g\u00fcn<\/strong><\/p>\n<p>Son g\u00fcn y\u00f6neticilerine ve tak\u0131m arkada\u015flar\u0131na ho\u015f\u00e7a kal maili atarak ho\u015f bir etki yaratabilirsin. E\u011fer istiyorsan ileti\u015fim bilgilerini de bu maile ekleyebilir, gelecek d\u00f6nemde olu\u015fabilecek f\u0131rsatlar ad\u0131na insanlar\u0131n sana ula\u015fmas\u0131n\u0131 sa\u011flayabilirsin. Te\u015fekk\u00fcrle, pozitif bir enerji yayarak ayr\u0131lman\u0131n gelecek d\u00f6nemde sana katk\u0131s\u0131 olaca\u011f\u0131n\u0131 unutma.<\/p>\n<!-- templates\/buttons-placeholder.php -->\n<div class=\"da-reactions-outer TpostID11316\">\n\t    <div class=\"da-reactions-data da-reactions-container-async center\"\n         data-type=\"post\"\n         data-id=\"11316\"\n         id=\"da-reactions-slot-post-11316\">\n        <div class=\"da-reactions-static\">\n\t\t\t<img src=\"https:\/\/www.kariyer.net\/kariyer-rehberi\/wp-content\/plugins\/da-reactions\/assets\/dist\/loading.svg\" alt=\"Loading spinner\" width=\"48\" height=\"48\" style=\"width:48px\" \/>\n        <\/div>\n    <\/div>\n<\/div>\n","protected":false},"excerpt":{"rendered":"<p>Okul bitti, ilk i\u015fine girdin ve bir s\u00fcredir her \u015fey gayet iyi gidiyor. Ekip arkada\u015flar\u0131nla iyi anla\u015f\u0131yorsun, i\u015finde ba\u015far\u0131l\u0131s\u0131n ve y\u00f6neticin senden \u00e7ok memnun. T\u00fcm bu resme ra\u011fmen kar\u015f\u0131na daha iyi bir f\u0131rsat \u00e7\u0131kabilir, yapt\u0131\u011f\u0131n i\u015ften s\u0131k\u0131labilirsin ya da kafanda ba\u015fka planlar olu\u015fabilir. Nedeni ne olursa olsun, ilk i\u015f yerinden nas\u0131l ayr\u0131ld\u0131\u011f\u0131n ilk izlenim a\u00e7\u0131s\u0131ndan [&hellip;]<\/p>\n<!-- templates\/buttons-placeholder.php -->\n<div class=\"da-reactions-outer TpostID11316\">\n\t    <div class=\"da-reactions-data da-reactions-container-async center\"\n         data-type=\"post\"\n         data-id=\"11316\"\n         id=\"da-reactions-slot-post-11316\">\n        <div class=\"da-reactions-static\">\n\t\t\t<img src=\"https:\/\/www.kariyer.net\/kariyer-rehberi\/wp-content\/plugins\/da-reactions\/assets\/dist\/loading.svg\" alt=\"Loading spinner\" width=\"48\" height=\"48\" style=\"width:48px\" \/>\n        <\/div>\n    <\/div>\n<\/div>\n","protected":false},"author":12,"featured_media":11318,"comment_status":"open","ping_status":"open","sticky":false,"template":"","format":"standard","meta":{"footnotes":"","_elementor_edit_mode":"","_elementor_template_type":"","_elementor_data":"","_elementor_page_settings":null,"_elementor_conditions":[]},"categories":[46,2211],"tags":[961,941,942,59,956,957,64],"class_list":{"0":"post-11316","1":"post","2":"type-post","3":"status-publish","4":"format-standard","5":"has-post-thumbnail","7":"category-is-hayati","8":"category-kariyer-gelisimi","9":"tag-genc-profesyoneller","10":"tag-ilk-isten-istifa","11":"tag-istifa-ederken-dikkat-edilmesi-gerekenler","12":"tag-stajyer","13":"tag-uzman","14":"tag-uzman-yardimcisi","15":"tag-yeni-mezun"},"yoast_head":"<!-- This site is optimized with the Yoast SEO Premium plugin v21.4 (Yoast SEO v27.0) - https:\/\/yoast.com\/product\/yoast-seo-premium-wordpress\/ -->\n<title>\u0130lk i\u015fimden nas\u0131l istifa etmeliyim? | Kariyer Rehberi<\/title>\n<meta name=\"description\" content=\"Okul bitti, ilk i\u015fine girdin ve bir s\u00fcredir her \u015fey gayet iyi gidiyor. Ekip arkada\u015flar\u0131nla iyi anla\u015f\u0131yorsun, i\u015finde ba\u015far\u0131l\u0131s\u0131n ve y\u00f6neticin senden \u00e7ok\" \/>\n<meta name=\"robots\" content=\"index, follow, max-snippet:-1, max-image-preview:large, max-video-preview:-1\" \/>\n<link rel=\"canonical\" href=\"https:\/\/www.kariyer.net\/kariyer-rehberi\/ilk-isimden-nasil-istifa-etmeliyim\/\" \/>\n<meta property=\"og:locale\" content=\"tr_TR\" \/>\n<meta property=\"og:type\" content=\"article\" \/>\n<meta property=\"og:title\" content=\"\u0130lk i\u015fimden nas\u0131l istifa etmeliyim?\" \/>\n<meta property=\"og:description\" content=\"Okul bitti, ilk i\u015fine girdin ve bir s\u00fcredir her \u015fey gayet iyi gidiyor. Ekip arkada\u015flar\u0131nla iyi anla\u015f\u0131yorsun, i\u015finde ba\u015far\u0131l\u0131s\u0131n ve y\u00f6neticin senden \u00e7ok\" \/>\n<meta property=\"og:url\" content=\"https:\/\/www.kariyer.net\/kariyer-rehberi\/ilk-isimden-nasil-istifa-etmeliyim\/\" \/>\n<meta property=\"og:site_name\" content=\"Kariyer Rehberi\" \/>\n<meta property=\"article:published_time\" content=\"2018-05-17T08:10:54+00:00\" \/>\n<meta property=\"article:modified_time\" content=\"2024-07-03T12:07:41+00:00\" \/>\n<meta property=\"og:image\" content=\"https:\/\/www.kariyer.net\/kariyer-rehberi\/wp-content\/uploads\/2018\/05\/istifa.jpg\" \/>\n\t<meta property=\"og:image:width\" content=\"900\" \/>\n\t<meta property=\"og:image:height\" content=\"600\" \/>\n\t<meta property=\"og:image:type\" content=\"image\/jpeg\" \/>\n<meta name=\"author\" content=\"Edit\u00f6r\" \/>\n<meta name=\"twitter:card\" content=\"summary_large_image\" \/>\n<meta name=\"twitter:label1\" content=\"Yazan:\" \/>\n\t<meta name=\"twitter:data1\" content=\"Edit\u00f6r\" \/>\n\t<meta name=\"twitter:label2\" content=\"Tahmini okuma s\u00fcresi\" \/>\n\t<meta name=\"twitter:data2\" content=\"3 dakika\" \/>\n<!-- \/ Yoast SEO Premium plugin. -->","yoast_head_json":{"title":"\u0130lk i\u015fimden nas\u0131l istifa etmeliyim? | Kariyer Rehberi","description":"Okul bitti, ilk i\u015fine girdin ve bir s\u00fcredir her \u015fey gayet iyi gidiyor. Ekip arkada\u015flar\u0131nla iyi anla\u015f\u0131yorsun, i\u015finde ba\u015far\u0131l\u0131s\u0131n ve y\u00f6neticin senden \u00e7ok","robots":{"index":"index","follow":"follow","max-snippet":"max-snippet:-1","max-image-preview":"max-image-preview:large","max-video-preview":"max-video-preview:-1"},"canonical":"https:\/\/www.kariyer.net\/kariyer-rehberi\/ilk-isimden-nasil-istifa-etmeliyim\/","og_locale":"tr_TR","og_type":"article","og_title":"\u0130lk i\u015fimden nas\u0131l istifa etmeliyim?","og_description":"Okul bitti, ilk i\u015fine girdin ve bir s\u00fcredir her \u015fey gayet iyi gidiyor. Ekip arkada\u015flar\u0131nla iyi anla\u015f\u0131yorsun, i\u015finde ba\u015far\u0131l\u0131s\u0131n ve y\u00f6neticin senden \u00e7ok","og_url":"https:\/\/www.kariyer.net\/kariyer-rehberi\/ilk-isimden-nasil-istifa-etmeliyim\/","og_site_name":"Kariyer Rehberi","article_published_time":"2018-05-17T08:10:54+00:00","article_modified_time":"2024-07-03T12:07:41+00:00","og_image":[{"width":900,"height":600,"url":"https:\/\/www.kariyer.net\/kariyer-rehberi\/wp-content\/uploads\/2018\/05\/istifa.jpg","type":"image\/jpeg"}],"author":"Edit\u00f6r","twitter_card":"summary_large_image","twitter_misc":{"Yazan:":"Edit\u00f6r","Tahmini okuma s\u00fcresi":"3 dakika"},"schema":{"@context":"https:\/\/schema.org","@graph":[{"@type":"Article","@id":"https:\/\/www.kariyer.net\/kariyer-rehberi\/ilk-isimden-nasil-istifa-etmeliyim\/#article","isPartOf":{"@id":"https:\/\/www.kariyer.net\/kariyer-rehberi\/ilk-isimden-nasil-istifa-etmeliyim\/"},"author":{"name":"Edit\u00f6r","@id":"https:\/\/www.kariyer.net\/kariyer-rehberi\/#\/schema\/person\/94fd6e49c7ff1b1b2565a2cc4fd685dd"},"headline":"\u0130lk i\u015fimden nas\u0131l istifa etmeliyim?","datePublished":"2018-05-17T08:10:54+00:00","dateModified":"2024-07-03T12:07:41+00:00","mainEntityOfPage":{"@id":"https:\/\/www.kariyer.net\/kariyer-rehberi\/ilk-isimden-nasil-istifa-etmeliyim\/"},"wordCount":596,"commentCount":0,"publisher":{"@id":"https:\/\/www.kariyer.net\/kariyer-rehberi\/#organization"},"image":{"@id":"https:\/\/www.kariyer.net\/kariyer-rehberi\/ilk-isimden-nasil-istifa-etmeliyim\/#primaryimage"},"thumbnailUrl":"https:\/\/www.kariyer.net\/kariyer-rehberi\/wp-content\/uploads\/2018\/05\/istifa.jpg","keywords":["gen\u00e7 profesyoneller","ilk i\u015ften istifa","istifa ederken dikkat edilmesi gerekenler","Stajyer","uzman","uzman yard\u0131mc\u0131s\u0131","yeni mezun"],"articleSection":["\u0130\u015f Hayat\u0131","Kariyer Geli\u015fimi"],"inLanguage":"tr","potentialAction":[{"@type":"CommentAction","name":"Comment","target":["https:\/\/www.kariyer.net\/kariyer-rehberi\/ilk-isimden-nasil-istifa-etmeliyim\/#respond"]}]},{"@type":"WebPage","@id":"https:\/\/www.kariyer.net\/kariyer-rehberi\/ilk-isimden-nasil-istifa-etmeliyim\/","url":"https:\/\/www.kariyer.net\/kariyer-rehberi\/ilk-isimden-nasil-istifa-etmeliyim\/","name":"\u0130lk i\u015fimden nas\u0131l istifa etmeliyim? | Kariyer Rehberi","isPartOf":{"@id":"https:\/\/www.kariyer.net\/kariyer-rehberi\/#website"},"primaryImageOfPage":{"@id":"https:\/\/www.kariyer.net\/kariyer-rehberi\/ilk-isimden-nasil-istifa-etmeliyim\/#primaryimage"},"image":{"@id":"https:\/\/www.kariyer.net\/kariyer-rehberi\/ilk-isimden-nasil-istifa-etmeliyim\/#primaryimage"},"thumbnailUrl":"https:\/\/www.kariyer.net\/kariyer-rehberi\/wp-content\/uploads\/2018\/05\/istifa.jpg","datePublished":"2018-05-17T08:10:54+00:00","dateModified":"2024-07-03T12:07:41+00:00","description":"Okul bitti, ilk i\u015fine girdin ve bir s\u00fcredir her \u015fey gayet iyi gidiyor. Ekip arkada\u015flar\u0131nla iyi anla\u015f\u0131yorsun, i\u015finde ba\u015far\u0131l\u0131s\u0131n ve y\u00f6neticin senden \u00e7ok","breadcrumb":{"@id":"https:\/\/www.kariyer.net\/kariyer-rehberi\/ilk-isimden-nasil-istifa-etmeliyim\/#breadcrumb"},"inLanguage":"tr","potentialAction":[{"@type":"ReadAction","target":["https:\/\/www.kariyer.net\/kariyer-rehberi\/ilk-isimden-nasil-istifa-etmeliyim\/"]}]},{"@type":"ImageObject","inLanguage":"tr","@id":"https:\/\/www.kariyer.net\/kariyer-rehberi\/ilk-isimden-nasil-istifa-etmeliyim\/#primaryimage","url":"https:\/\/www.kariyer.net\/kariyer-rehberi\/wp-content\/uploads\/2018\/05\/istifa.jpg","contentUrl":"https:\/\/www.kariyer.net\/kariyer-rehberi\/wp-content\/uploads\/2018\/05\/istifa.jpg","width":900,"height":600},{"@type":"BreadcrumbList","@id":"https:\/\/www.kariyer.net\/kariyer-rehberi\/ilk-isimden-nasil-istifa-etmeliyim\/#breadcrumb","itemListElement":[{"@type":"ListItem","position":1,"name":"Anasayfa","item":"https:\/\/www.kariyer.net\/kariyer-rehberi\/"},{"@type":"ListItem","position":2,"name":"\u0130lk i\u015fimden nas\u0131l istifa etmeliyim?"}]},{"@type":"WebSite","@id":"https:\/\/www.kariyer.net\/kariyer-rehberi\/#website","url":"https:\/\/www.kariyer.net\/kariyer-rehberi\/","name":"Kariyer Rehberi","description":"\u0130\u015f D\u00fcnyas\u0131yla \u0130lgili Bilmek \u0130stedi\u011finiz Her \u015eey","publisher":{"@id":"https:\/\/www.kariyer.net\/kariyer-rehberi\/#organization"},"potentialAction":[{"@type":"SearchAction","target":{"@type":"EntryPoint","urlTemplate":"https:\/\/www.kariyer.net\/kariyer-rehberi\/?s={search_term_string}"},"query-input":{"@type":"PropertyValueSpecification","valueRequired":true,"valueName":"search_term_string"}}],"inLanguage":"tr"},{"@type":"Organization","@id":"https:\/\/www.kariyer.net\/kariyer-rehberi\/#organization","name":"Kariyer.net","url":"https:\/\/www.kariyer.net\/kariyer-rehberi\/","logo":{"@type":"ImageObject","inLanguage":"tr","@id":"https:\/\/www.kariyer.net\/kariyer-rehberi\/#\/schema\/logo\/image\/","url":"https:\/\/www.kariyer.net\/kariyer-rehberi-new\/wp-content\/uploads\/2023\/01\/og-image11.jpg","contentUrl":"https:\/\/www.kariyer.net\/kariyer-rehberi-new\/wp-content\/uploads\/2023\/01\/og-image11.jpg","width":800,"height":800,"caption":"Kariyer.net"},"image":{"@id":"https:\/\/www.kariyer.net\/kariyer-rehberi\/#\/schema\/logo\/image\/"}},{"@type":"Person","@id":"https:\/\/www.kariyer.net\/kariyer-rehberi\/#\/schema\/person\/94fd6e49c7ff1b1b2565a2cc4fd685dd","name":"Edit\u00f6r","image":{"@type":"ImageObject","inLanguage":"tr","@id":"https:\/\/www.kariyer.net\/kariyer-rehberi\/#\/schema\/person\/image\/","url":"https:\/\/secure.gravatar.com\/avatar\/0c4fe6688343aed3693b15573beae12c08ace5565409d5ab7509bf9c115f458d?s=96&d=mm&r=g","contentUrl":"https:\/\/secure.gravatar.com\/avatar\/0c4fe6688343aed3693b15573beae12c08ace5565409d5ab7509bf9c115f458d?s=96&d=mm&r=g","caption":"Edit\u00f6r"},"url":"https:\/\/www.kariyer.net\/kariyer-rehberi\/author\/editor\/"}]}},"_links":{"self":[{"href":"https:\/\/www.kariyer.net\/kariyer-rehberi\/wp-json\/wp\/v2\/posts\/11316","targetHints":{"allow":["GET"]}}],"collection":[{"href":"https:\/\/www.kariyer.net\/kariyer-rehberi\/wp-json\/wp\/v2\/posts"}],"about":[{"href":"https:\/\/www.kariyer.net\/kariyer-rehberi\/wp-json\/wp\/v2\/types\/post"}],"author":[{"embeddable":true,"href":"https:\/\/www.kariyer.net\/kariyer-rehberi\/wp-json\/wp\/v2\/users\/12"}],"replies":[{"embeddable":true,"href":"https:\/\/www.kariyer.net\/kariyer-rehberi\/wp-json\/wp\/v2\/comments?post=11316"}],"version-history":[{"count":1,"href":"https:\/\/www.kariyer.net\/kariyer-rehberi\/wp-json\/wp\/v2\/posts\/11316\/revisions"}],"predecessor-version":[{"id":19230,"href":"https:\/\/www.kariyer.net\/kariyer-rehberi\/wp-json\/wp\/v2\/posts\/11316\/revisions\/19230"}],"wp:featuredmedia":[{"embeddable":true,"href":"https:\/\/www.kariyer.net\/kariyer-rehberi\/wp-json\/wp\/v2\/media\/11318"}],"wp:attachment":[{"href":"https:\/\/www.kariyer.net\/kariyer-rehberi\/wp-json\/wp\/v2\/media?parent=11316"}],"wp:term":[{"taxonomy":"category","embeddable":true,"href":"https:\/\/www.kariyer.net\/kariyer-rehberi\/wp-json\/wp\/v2\/categories?post=11316"},{"taxonomy":"post_tag","embeddable":true,"href":"https:\/\/www.kariyer.net\/kariyer-rehberi\/wp-json\/wp\/v2\/tags?post=11316"}],"curies":[{"name":"wp","href":"https:\/\/api.w.org\/{rel}","templated":true}]}}