{"id":1140,"date":"2013-03-27T02:00:00","date_gmt":"2013-03-27T00:00:00","guid":{"rendered":"http:\/\/92.45.35.169\/turkiyede-ise-alim-ayni-hizla-devam-ediyor\/"},"modified":"2024-07-03T14:53:04","modified_gmt":"2024-07-03T11:53:04","slug":"turkiyede-ise-alim-ayni-hizla-devam-ediyor","status":"publish","type":"post","link":"https:\/\/www.kariyer.net\/kariyer-rehberi\/turkiyede-ise-alim-ayni-hizla-devam-ediyor\/","title":{"rendered":"T\u00fcrkiye\u2019de i\u015fe al\u0131m ayn\u0131 h\u0131zla devam ediyor"},"content":{"rendered":"<p>&nbsp;<\/p>\n<div><strong>Michael Page taraf\u0131ndan haz\u0131rlanan 2013 \u0130K Barometresine g\u00f6re, d\u00fcnya genelinde \u015firketlerin \u00a0i\u015fe al\u0131m planlar\u0131nda bir aksakl\u0131k yok. Globalde 4 bin 300 \u0130K liderinin kat\u0131ld\u0131\u011f\u0131 ara\u015ft\u0131rmada T\u00fcrkiye\u2019deki \u015firketlerin y\u00fczde 95\u2019i i\u015fe al\u0131m yapmaya devam edeceklerini a\u00e7\u0131kl\u0131yor.<\/strong><\/div>\n<div><\/div>\n<div><img decoding=\"async\" style=\"width: 286px; height: 200px; margin: 10px; float: left;\" alt=\"\" src=\"http:\/\/img1.kariyer.net\/WebSite\/uploads\/KariyerRehberi\/pictures\/103332706_7.jpg\" \/><\/div>\n<div>Michael Page\u2019in d\u00fcnya genelinde 4 bin 300 \u0130K liderleriyle g\u00f6r\u00fc\u015ferek haz\u0131rlad\u0131\u011f\u0131 2013 \u0130K Barometresi, \u00a0\u015firketlerin i\u015fe al\u0131m planlar\u0131yla ilgili \u00f6nemli veriler sunuyor. Ara\u015ft\u0131rmaya g\u00f6re 2013 y\u0131l\u0131nda global \u015firketler ekonomik karga\u015falara ra\u011fmen i\u015fe al\u0131m planlar\u0131n\u0131 s\u00fcrd\u00fcr\u00fcyor. D\u00fcnya genelindeki \u015firketlerin y\u00fczde 86\u2019s\u0131 i\u015fe al\u0131m yapmay\u0131 planlad\u0131\u011f\u0131n\u0131 belirtirken T\u00fcrkiye y\u00fczde 95\u2019lik oran\u0131yla i\u015fe al\u0131m planlar\u0131n\u0131 s\u00fcrd\u00fcren \u00fclkeler aras\u0131nda ilk s\u0131ralarda yer al\u0131yor. Ara\u015ft\u0131rmada Avrupa\u2019daki \u015firketlerin y\u00fczde 76\u2019s\u0131n\u0131n i\u015fe al\u0131m yapmay\u0131 planlad\u0131\u011f\u0131 ortaya \u00e7\u0131k\u0131yor.<\/div>\n<div><\/div>\n<div><strong>\u0130yi bir aday bulmakta zorlan\u0131l\u0131yor\u00a0<\/strong><\/div>\n<div><\/div>\n<div>Barometre, Avrupa\u2019da \u0130K liderleri i\u00e7in 2013 y\u0131l\u0131nda, her sekt\u00f6rde \u00e7al\u0131\u015fanlarla ili\u015fkileri kapsayan, kurumsal k\u00fclt\u00fcr y\u00f6netimini de ele al\u0131yor. Buna g\u00f6re, yetenek avc\u0131l\u0131\u011f\u0131yla i\u015fe al\u0131mda Kuzey Amerika ve Avustralya birinci s\u0131rada, Asya ise ikinci s\u0131rada yer al\u0131yor. Ayr\u0131ca yetenek avc\u0131l\u0131\u011f\u0131 d\u00fcnya genelinde de \u0130K liderleri taraf\u0131ndan en yayg\u0131n kullan\u0131lan i\u015flev olarak kabul ediliyor. Michael Page T\u00fcrkiye Genel M\u00fcd\u00fcr\u00fc Pietro Valdes, \u201cB\u00f6lgedeki ekonomik kar\u0131\u015f\u0131kl\u0131klara ra\u011fmen, Avrupa \u015firketlerinin d\u00f6rtte \u00fc\u00e7\u00fc, 2013 y\u0131l\u0131nda yeni i\u015fe al\u0131mlar yapmay\u0131 ve yeniden yap\u0131lanmay\u0131 planl\u0131yor. Bu demek oluyor ki en iyi yeteneklerin se\u00e7imi her \u015feye ra\u011fmen \u015firketler i\u00e7in \u00f6ncelik ta\u015f\u0131yor. \u00d6zellikle \u015firketlerin yetenekli ve deneyimli \u0130K liderlerine ihtiya\u00e7lar\u0131 var. \u00c7\u00fcnk\u00fc \u0130K liderleri, \u015firketin di\u011fer departmanlar\u0131 i\u00e7in de iyi y\u00f6neticiler se\u00e7mekte b\u00fcy\u00fck rol oynuyor\u201d diye konu\u015fuyor.<\/div>\n<div><\/div>\n<div><strong>\u00c7al\u0131\u015fanlar\u0131n ba\u011fl\u0131l\u0131klar\u0131 da giderek zorla\u015f\u0131yor\u00a0<\/strong><\/div>\n<div><\/div>\n<div>\u0130K Barometresi, do\u011fru \u00e7al\u0131\u015fan bulmak i\u00e7in yap\u0131lan yetenek avc\u0131l\u0131\u011f\u0131n\u0131n yan\u0131 s\u0131ra \u00e7al\u0131\u015fan ba\u011fl\u0131l\u0131\u011f\u0131 ile ilgili de verileri i\u00e7eriyor. \u00c7al\u0131\u015fan ba\u011fl\u0131l\u011f\u0131 i\u00e7in globalde 10 \u015firketten 8\u2019i i\u015f-ya\u015fam dengesi se\u00e7enekleri sunuyor ve art\u0131k bir\u00e7ok \u00a0i\u015f teklifi sa\u011fl\u0131k ve ya\u015fam programlar\u0131n\u0131 da i\u00e7eriyor. Avrupa \u015firketlerinde di\u011fer b\u00f6lgeler ile k\u0131yasland\u0131\u011f\u0131nda ise bu \u015fartlar \u00e7al\u0131\u015fanlara daha \u00e7ok sa\u011flan\u0131yor. Pietro Valdes i\u015fe al\u0131mda iyi \u00e7al\u0131\u015fanlar bulman\u0131n ilk ad\u0131m oldu\u011funu vurgularken, \u201c\u0130yi \u00e7al\u0131\u015fanlar\u0131 koruyabilmek ise ikinci bir ad\u0131m. \u0130\u015f-ya\u015fam dengesi, d\u00fcnya \u00e7ap\u0131nda i\u015fletmelerin g\u00fcndeminin en \u00f6nemli par\u00e7alar\u0131ndan biri haline geldi. \u00c7al\u0131\u015fma ko\u015fullar\u0131, \u00e7al\u0131\u015fanlar i\u00e7in \u00e7ok \u00f6nemli\u201d diyor.<\/div>\n<div><\/div>\n<div><strong>Maa\u015f ve tazminat paketleri de\u011fi\u015fiyor\u00a0<img decoding=\"async\" style=\"width: 300px; height: 200px; margin: 10px; float: right;\" alt=\"\" src=\"http:\/\/img1.kariyer.net\/WebSite\/uploads\/KariyerRehberi\/pictures\/pietrovaldes_ic.jpg\" \/><\/strong><\/div>\n<div><\/div>\n<div>Rapor ayr\u0131ca \u0130K liderlerinin d\u00fcnya \u00e7ap\u0131ndaki maa\u015f ve tazminat paketlerindeki farkl\u0131l\u0131klar konusunda da bilgi veriyor. Buna g\u00f6re, Asya \u015firketlerinin \u00a0y\u00fczde 40\u2019\u0131 ve Avrupa \u015firketlerinin y\u00fczde 35\u2019i \u0130K Direkt\u00f6rlerine ve M\u00fcd\u00fcrlerine y\u0131ll\u0131k 60.000 \u20ac \/ 75.000 $\u2019dan az maa\u015f paketi sunuyor. \u0130svi\u00e7re, Almanya ve Hollanda gibi gelir d\u00fczeyi y\u00fcksek \u00fclkeler ise Avrupa\u2019da en y\u00fcksek maa\u015f paketleri sunan \u00a0\u00fclkelerin ba\u015f\u0131nda yer al\u0131yor. Ancak \u00a0ara\u015ft\u0131rma, zay\u0131f Avrupa tazminat seviyesi, \u00e7o\u011funlukla Portekiz, Rusya, Polonya, T\u00fcrkiye ve Fransa gibi gen\u00e7 \u00e7al\u0131\u015fan n\u00fcfusunun yani gen\u00e7 yap\u0131n\u0131n fazla oldu\u011fu \u00fclkeler taraf\u0131ndan etkilendi\u011fini g\u00f6steriyor. \u00a0Avrupa\u2019 daki \u0130K liderlerinin sadece y\u00fczde 9\u2019unun y\u0131lda 150.000 \u20ac \/ 185.000 $ maa\u015f paketine sahip oldu\u011fu g\u00f6r\u00fcl\u00fcyor. Bununla birlikte Finansal hizmetler, enerji ve t\u00fcketici \u00fcr\u00fcnleri sekt\u00f6rleri, \u0130K liderlerine en y\u00fcksek maa\u015f paketleri sunan sekt\u00f6rler aras\u0131nda yer al\u0131yor. Pietro Valdes Avrupa\u2019daki \u0130K liderlerinin sahip olduklar\u0131 d\u00fc\u015f\u00fck maa\u015f seviyelerinin sebebinin G\u00fcney Avrupa\u2019da ya\u015fanan ekonomik s\u0131k\u0131nt\u0131lar oldu\u011fu yorumunu yap\u0131yor.<\/div>\n<div><\/div>\n<div><\/div>\n<div><\/div>\n<div><strong>2013 \u0130K Barometresinden birka\u00e7 \u00f6nemli ba\u015fl\u0131k ise \u015f\u00f6yle:<\/strong><\/div>\n<div><\/div>\n<div><strong>\u2022\u00a0<\/strong>2013\u2019te, T\u00fcrkiye \u0130K g\u00fcndeminin ba\u015f\u0131n\u0131 \u00e7eken iki \u00f6nemli konu Performans Y\u00f6netimi ve Kurumsal K\u00fclt\u00fcr olarak de\u011ferlendiriliyor<\/div>\n<div><strong>\u2022\u00a0<\/strong>T\u00fcrkiye\u2019de ki \u0130K liderlerinin y\u00fczde 54\u2019\u00fcn\u00fc kad\u0131n y\u00f6neticiler kaps\u0131yor. T\u00fcm Avrupa g\u00f6z \u00f6n\u00fcne al\u0131nd\u0131\u011f\u0131nda ise T\u00fcrk kad\u0131n y\u00f6neticiler y\u00fczde 50\u2019lik bir paya sahiptirler.<\/div>\n<div><strong>\u2022\u00a0<\/strong>\u00c7al\u0131\u015fanlar\u0131n \u015firketlerine ba\u011fl\u0131l\u0131klar\u0131n\u0131 sa\u011flamak i\u00e7in \u015firketlerin y\u00fczde 50\u2019si e\u011fitim ve geli\u015fim programlar\u0131n\u0131 kullan\u0131yor.<\/div>\n<div><strong>\u2022\u00a0<\/strong>Avrupa, Kuzey Amerika ve Avustralya\u2019da \u0130K liderlerinin y\u00fczde 40\u2019\u0131 \u00e7ok d\u00fc\u015f\u00fck tazminat oranlar\u0131na sahip. ( y\u00fczde 5\u2019ten daha az). Latin Amerika\u2019da ise bu oran y\u00fczde 20\u2019lerin \u00fcst\u00fcne \u00e7\u0131kabiliyor.<\/div>\n<!-- templates\/buttons-placeholder.php -->\n<div class=\"da-reactions-outer TpostID1140\">\n\t    <div class=\"da-reactions-data da-reactions-container-async center\"\n         data-type=\"post\"\n         data-id=\"1140\"\n         id=\"da-reactions-slot-post-1140\">\n        <div class=\"da-reactions-static\">\n\t\t\t<img src=\"https:\/\/www.kariyer.net\/kariyer-rehberi\/wp-content\/plugins\/da-reactions\/assets\/dist\/loading.svg\" alt=\"Loading spinner\" width=\"48\" height=\"48\" style=\"width:48px\" \/>\n        <\/div>\n    <\/div>\n<\/div>\n","protected":false},"excerpt":{"rendered":"<p>&nbsp; Michael Page taraf\u0131ndan haz\u0131rlanan 2013 \u0130K Barometresine g\u00f6re, d\u00fcnya genelinde \u015firketlerin \u00a0i\u015fe al\u0131m planlar\u0131nda bir aksakl\u0131k yok. Globalde 4 bin 300 \u0130K liderinin kat\u0131ld\u0131\u011f\u0131 ara\u015ft\u0131rmada T\u00fcrkiye\u2019deki \u015firketlerin y\u00fczde 95\u2019i i\u015fe al\u0131m yapmaya devam edeceklerini a\u00e7\u0131kl\u0131yor. Michael Page\u2019in d\u00fcnya genelinde 4 bin 300 \u0130K liderleriyle g\u00f6r\u00fc\u015ferek haz\u0131rlad\u0131\u011f\u0131 2013 \u0130K Barometresi, \u00a0\u015firketlerin i\u015fe al\u0131m planlar\u0131yla ilgili [&hellip;]<\/p>\n<!-- templates\/buttons-placeholder.php -->\n<div class=\"da-reactions-outer TpostID1140\">\n\t    <div class=\"da-reactions-data da-reactions-container-async center\"\n         data-type=\"post\"\n         data-id=\"1140\"\n         id=\"da-reactions-slot-post-1140\">\n        <div class=\"da-reactions-static\">\n\t\t\t<img src=\"https:\/\/www.kariyer.net\/kariyer-rehberi\/wp-content\/plugins\/da-reactions\/assets\/dist\/loading.svg\" alt=\"Loading spinner\" width=\"48\" height=\"48\" style=\"width:48px\" \/>\n        <\/div>\n    <\/div>\n<\/div>\n","protected":false},"author":4,"featured_media":4027,"comment_status":"open","ping_status":"open","sticky":false,"template":"","format":"standard","meta":{"footnotes":"","_elementor_edit_mode":"","_elementor_template_type":"","_elementor_data":"","_elementor_page_settings":null,"_elementor_conditions":[]},"categories":[2203],"tags":[],"class_list":{"0":"post-1140","1":"post","2":"type-post","3":"status-publish","4":"format-standard","5":"has-post-thumbnail","7":"category-haberler-duyurular"},"yoast_head":"<!-- This site is optimized with the Yoast SEO Premium plugin v21.4 (Yoast SEO v27.0) - https:\/\/yoast.com\/product\/yoast-seo-premium-wordpress\/ -->\n<title>T\u00fcrkiye\u2019de i\u015fe al\u0131m ayn\u0131 h\u0131zla devam ediyor | Kariyer Rehberi<\/title>\n<meta name=\"description\" content=\"&nbsp; Michael Page taraf\u0131ndan haz\u0131rlanan 2013 \u0130K Barometresine g\u00f6re, d\u00fcnya genelinde \u015firketlerin \u00a0i\u015fe al\u0131m planlar\u0131nda bir aksakl\u0131k yok. Globalde 4 bin\" \/>\n<meta name=\"robots\" content=\"index, follow, max-snippet:-1, max-image-preview:large, max-video-preview:-1\" \/>\n<link rel=\"canonical\" href=\"https:\/\/www.kariyer.net\/kariyer-rehberi\/turkiyede-ise-alim-ayni-hizla-devam-ediyor\/\" \/>\n<meta property=\"og:locale\" content=\"tr_TR\" \/>\n<meta property=\"og:type\" content=\"article\" \/>\n<meta property=\"og:title\" content=\"T\u00fcrkiye\u2019de i\u015fe al\u0131m ayn\u0131 h\u0131zla devam ediyor\" \/>\n<meta property=\"og:description\" content=\"&nbsp; Michael Page taraf\u0131ndan haz\u0131rlanan 2013 \u0130K Barometresine g\u00f6re, d\u00fcnya genelinde \u015firketlerin \u00a0i\u015fe al\u0131m planlar\u0131nda bir aksakl\u0131k yok. Globalde 4 bin\" \/>\n<meta property=\"og:url\" content=\"https:\/\/www.kariyer.net\/kariyer-rehberi\/turkiyede-ise-alim-ayni-hizla-devam-ediyor\/\" \/>\n<meta property=\"og:site_name\" content=\"Kariyer Rehberi\" \/>\n<meta property=\"article:published_time\" content=\"2013-03-27T00:00:00+00:00\" \/>\n<meta property=\"article:modified_time\" content=\"2024-07-03T11:53:04+00:00\" \/>\n<meta property=\"og:image\" content=\"https:\/\/www.kariyer.net\/kariyer-rehberi\/wp-content\/uploads\/2013\/03\/isealim.jpg\" \/>\n\t<meta property=\"og:image:width\" content=\"290\" \/>\n\t<meta property=\"og:image:height\" content=\"150\" \/>\n\t<meta property=\"og:image:type\" content=\"image\/jpeg\" \/>\n<meta name=\"author\" content=\"Ye\u015fim Sar\u0131er Aksu\" \/>\n<meta name=\"twitter:card\" content=\"summary_large_image\" \/>\n<meta name=\"twitter:creator\" content=\"@http:\/\/twitter.com\/yesimsarier\" \/>\n<meta name=\"twitter:label1\" content=\"Yazan:\" \/>\n\t<meta name=\"twitter:data1\" content=\"Ye\u015fim Sar\u0131er Aksu\" \/>\n\t<meta name=\"twitter:label2\" content=\"Tahmini okuma s\u00fcresi\" \/>\n\t<meta name=\"twitter:data2\" content=\"4 dakika\" \/>\n<!-- \/ Yoast SEO Premium plugin. -->","yoast_head_json":{"title":"T\u00fcrkiye\u2019de i\u015fe al\u0131m ayn\u0131 h\u0131zla devam ediyor | Kariyer Rehberi","description":"&nbsp; Michael Page taraf\u0131ndan haz\u0131rlanan 2013 \u0130K Barometresine g\u00f6re, d\u00fcnya genelinde \u015firketlerin \u00a0i\u015fe al\u0131m planlar\u0131nda bir aksakl\u0131k yok. Globalde 4 bin","robots":{"index":"index","follow":"follow","max-snippet":"max-snippet:-1","max-image-preview":"max-image-preview:large","max-video-preview":"max-video-preview:-1"},"canonical":"https:\/\/www.kariyer.net\/kariyer-rehberi\/turkiyede-ise-alim-ayni-hizla-devam-ediyor\/","og_locale":"tr_TR","og_type":"article","og_title":"T\u00fcrkiye\u2019de i\u015fe al\u0131m ayn\u0131 h\u0131zla devam ediyor","og_description":"&nbsp; Michael Page taraf\u0131ndan haz\u0131rlanan 2013 \u0130K Barometresine g\u00f6re, d\u00fcnya genelinde \u015firketlerin \u00a0i\u015fe al\u0131m planlar\u0131nda bir aksakl\u0131k yok. Globalde 4 bin","og_url":"https:\/\/www.kariyer.net\/kariyer-rehberi\/turkiyede-ise-alim-ayni-hizla-devam-ediyor\/","og_site_name":"Kariyer Rehberi","article_published_time":"2013-03-27T00:00:00+00:00","article_modified_time":"2024-07-03T11:53:04+00:00","og_image":[{"width":290,"height":150,"url":"https:\/\/www.kariyer.net\/kariyer-rehberi\/wp-content\/uploads\/2013\/03\/isealim.jpg","type":"image\/jpeg"}],"author":"Ye\u015fim Sar\u0131er Aksu","twitter_card":"summary_large_image","twitter_creator":"@http:\/\/twitter.com\/yesimsarier","twitter_misc":{"Yazan:":"Ye\u015fim Sar\u0131er Aksu","Tahmini okuma s\u00fcresi":"4 dakika"},"schema":{"@context":"https:\/\/schema.org","@graph":[{"@type":"Article","@id":"https:\/\/www.kariyer.net\/kariyer-rehberi\/turkiyede-ise-alim-ayni-hizla-devam-ediyor\/#article","isPartOf":{"@id":"https:\/\/www.kariyer.net\/kariyer-rehberi\/turkiyede-ise-alim-ayni-hizla-devam-ediyor\/"},"author":{"name":"Ye\u015fim Sar\u0131er Aksu","@id":"https:\/\/www.kariyer.net\/kariyer-rehberi\/#\/schema\/person\/96c80fcfe6e088628dd105b9746b44a8"},"headline":"T\u00fcrkiye\u2019de i\u015fe al\u0131m ayn\u0131 h\u0131zla devam ediyor","datePublished":"2013-03-27T00:00:00+00:00","dateModified":"2024-07-03T11:53:04+00:00","mainEntityOfPage":{"@id":"https:\/\/www.kariyer.net\/kariyer-rehberi\/turkiyede-ise-alim-ayni-hizla-devam-ediyor\/"},"wordCount":826,"commentCount":0,"publisher":{"@id":"https:\/\/www.kariyer.net\/kariyer-rehberi\/#organization"},"image":{"@id":"https:\/\/www.kariyer.net\/kariyer-rehberi\/turkiyede-ise-alim-ayni-hizla-devam-ediyor\/#primaryimage"},"thumbnailUrl":"https:\/\/www.kariyer.net\/kariyer-rehberi\/wp-content\/uploads\/2013\/03\/isealim.jpg","articleSection":["Haberler ve Duyurular"],"inLanguage":"tr","potentialAction":[{"@type":"CommentAction","name":"Comment","target":["https:\/\/www.kariyer.net\/kariyer-rehberi\/turkiyede-ise-alim-ayni-hizla-devam-ediyor\/#respond"]}]},{"@type":"WebPage","@id":"https:\/\/www.kariyer.net\/kariyer-rehberi\/turkiyede-ise-alim-ayni-hizla-devam-ediyor\/","url":"https:\/\/www.kariyer.net\/kariyer-rehberi\/turkiyede-ise-alim-ayni-hizla-devam-ediyor\/","name":"T\u00fcrkiye\u2019de i\u015fe al\u0131m ayn\u0131 h\u0131zla devam ediyor | Kariyer Rehberi","isPartOf":{"@id":"https:\/\/www.kariyer.net\/kariyer-rehberi\/#website"},"primaryImageOfPage":{"@id":"https:\/\/www.kariyer.net\/kariyer-rehberi\/turkiyede-ise-alim-ayni-hizla-devam-ediyor\/#primaryimage"},"image":{"@id":"https:\/\/www.kariyer.net\/kariyer-rehberi\/turkiyede-ise-alim-ayni-hizla-devam-ediyor\/#primaryimage"},"thumbnailUrl":"https:\/\/www.kariyer.net\/kariyer-rehberi\/wp-content\/uploads\/2013\/03\/isealim.jpg","datePublished":"2013-03-27T00:00:00+00:00","dateModified":"2024-07-03T11:53:04+00:00","description":"&nbsp; Michael Page taraf\u0131ndan haz\u0131rlanan 2013 \u0130K Barometresine g\u00f6re, d\u00fcnya genelinde \u015firketlerin \u00a0i\u015fe al\u0131m planlar\u0131nda bir aksakl\u0131k yok. Globalde 4 bin","breadcrumb":{"@id":"https:\/\/www.kariyer.net\/kariyer-rehberi\/turkiyede-ise-alim-ayni-hizla-devam-ediyor\/#breadcrumb"},"inLanguage":"tr","potentialAction":[{"@type":"ReadAction","target":["https:\/\/www.kariyer.net\/kariyer-rehberi\/turkiyede-ise-alim-ayni-hizla-devam-ediyor\/"]}]},{"@type":"ImageObject","inLanguage":"tr","@id":"https:\/\/www.kariyer.net\/kariyer-rehberi\/turkiyede-ise-alim-ayni-hizla-devam-ediyor\/#primaryimage","url":"https:\/\/www.kariyer.net\/kariyer-rehberi\/wp-content\/uploads\/2013\/03\/isealim.jpg","contentUrl":"https:\/\/www.kariyer.net\/kariyer-rehberi\/wp-content\/uploads\/2013\/03\/isealim.jpg","width":290,"height":150},{"@type":"BreadcrumbList","@id":"https:\/\/www.kariyer.net\/kariyer-rehberi\/turkiyede-ise-alim-ayni-hizla-devam-ediyor\/#breadcrumb","itemListElement":[{"@type":"ListItem","position":1,"name":"Anasayfa","item":"https:\/\/www.kariyer.net\/kariyer-rehberi\/"},{"@type":"ListItem","position":2,"name":"T\u00fcrkiye\u2019de i\u015fe al\u0131m ayn\u0131 h\u0131zla devam ediyor"}]},{"@type":"WebSite","@id":"https:\/\/www.kariyer.net\/kariyer-rehberi\/#website","url":"https:\/\/www.kariyer.net\/kariyer-rehberi\/","name":"Kariyer Rehberi","description":"\u0130\u015f D\u00fcnyas\u0131yla \u0130lgili Bilmek \u0130stedi\u011finiz Her \u015eey","publisher":{"@id":"https:\/\/www.kariyer.net\/kariyer-rehberi\/#organization"},"potentialAction":[{"@type":"SearchAction","target":{"@type":"EntryPoint","urlTemplate":"https:\/\/www.kariyer.net\/kariyer-rehberi\/?s={search_term_string}"},"query-input":{"@type":"PropertyValueSpecification","valueRequired":true,"valueName":"search_term_string"}}],"inLanguage":"tr"},{"@type":"Organization","@id":"https:\/\/www.kariyer.net\/kariyer-rehberi\/#organization","name":"Kariyer.net","url":"https:\/\/www.kariyer.net\/kariyer-rehberi\/","logo":{"@type":"ImageObject","inLanguage":"tr","@id":"https:\/\/www.kariyer.net\/kariyer-rehberi\/#\/schema\/logo\/image\/","url":"https:\/\/www.kariyer.net\/kariyer-rehberi-new\/wp-content\/uploads\/2023\/01\/og-image11.jpg","contentUrl":"https:\/\/www.kariyer.net\/kariyer-rehberi-new\/wp-content\/uploads\/2023\/01\/og-image11.jpg","width":800,"height":800,"caption":"Kariyer.net"},"image":{"@id":"https:\/\/www.kariyer.net\/kariyer-rehberi\/#\/schema\/logo\/image\/"}},{"@type":"Person","@id":"https:\/\/www.kariyer.net\/kariyer-rehberi\/#\/schema\/person\/96c80fcfe6e088628dd105b9746b44a8","name":"Ye\u015fim Sar\u0131er Aksu","image":{"@type":"ImageObject","inLanguage":"tr","@id":"https:\/\/www.kariyer.net\/kariyer-rehberi\/#\/schema\/person\/image\/","url":"https:\/\/secure.gravatar.com\/avatar\/e104674e9a8338d72bcce6b74dbe01074c987dfd015f629c6f7f9ff039a6aa6e?s=96&d=mm&r=g","contentUrl":"https:\/\/secure.gravatar.com\/avatar\/e104674e9a8338d72bcce6b74dbe01074c987dfd015f629c6f7f9ff039a6aa6e?s=96&d=mm&r=g","caption":"Ye\u015fim Sar\u0131er Aksu"},"description":"Kocaeli \u00dcniversitesi Gazetecilik b\u00f6l\u00fcm\u00fcnde okurken gen\u00e7 bir muhabir olarak ba\u015flad\u0131\u011f\u0131 yaz\u0131 ve haber merak\u0131 hi\u00e7 eksilmedi. Muhabirlik, edit\u00f6rl\u00fck ve kurumlar\u0131n web sitelerinin y\u00f6netiminin ard\u0131ndan Temmuz 2011\u2019de Kariyer.net\u2019e \u0130\u00e7erik Y\u00f6neticisi olarak kat\u0131ld\u0131. Haber T\u00fcrk Kariyer, Kariyer Dergi ve Kariyer Rehberi i\u00e7in i\u00e7erikler \u00fcretti.","sameAs":["http:\/\/www.kariyer.net\/kariyer-rehberi\/yesim-sarier-aksu\/","https:\/\/x.com\/http:\/\/twitter.com\/yesimsarier"],"url":"https:\/\/www.kariyer.net\/kariyer-rehberi\/author\/yesimsarieraksu\/"}]}},"_links":{"self":[{"href":"https:\/\/www.kariyer.net\/kariyer-rehberi\/wp-json\/wp\/v2\/posts\/1140","targetHints":{"allow":["GET"]}}],"collection":[{"href":"https:\/\/www.kariyer.net\/kariyer-rehberi\/wp-json\/wp\/v2\/posts"}],"about":[{"href":"https:\/\/www.kariyer.net\/kariyer-rehberi\/wp-json\/wp\/v2\/types\/post"}],"author":[{"embeddable":true,"href":"https:\/\/www.kariyer.net\/kariyer-rehberi\/wp-json\/wp\/v2\/users\/4"}],"replies":[{"embeddable":true,"href":"https:\/\/www.kariyer.net\/kariyer-rehberi\/wp-json\/wp\/v2\/comments?post=1140"}],"version-history":[{"count":1,"href":"https:\/\/www.kariyer.net\/kariyer-rehberi\/wp-json\/wp\/v2\/posts\/1140\/revisions"}],"predecessor-version":[{"id":18714,"href":"https:\/\/www.kariyer.net\/kariyer-rehberi\/wp-json\/wp\/v2\/posts\/1140\/revisions\/18714"}],"wp:featuredmedia":[{"embeddable":true,"href":"https:\/\/www.kariyer.net\/kariyer-rehberi\/wp-json\/wp\/v2\/media\/4027"}],"wp:attachment":[{"href":"https:\/\/www.kariyer.net\/kariyer-rehberi\/wp-json\/wp\/v2\/media?parent=1140"}],"wp:term":[{"taxonomy":"category","embeddable":true,"href":"https:\/\/www.kariyer.net\/kariyer-rehberi\/wp-json\/wp\/v2\/categories?post=1140"},{"taxonomy":"post_tag","embeddable":true,"href":"https:\/\/www.kariyer.net\/kariyer-rehberi\/wp-json\/wp\/v2\/tags?post=1140"}],"curies":[{"name":"wp","href":"https:\/\/api.w.org\/{rel}","templated":true}]}}