{"id":1146,"date":"2013-05-02T03:00:00","date_gmt":"2013-05-02T00:00:00","guid":{"rendered":"http:\/\/92.45.35.169\/buyume-egitim-yatirimlarini-artirdi\/"},"modified":"2024-07-03T14:53:01","modified_gmt":"2024-07-03T11:53:01","slug":"buyume-egitim-yatirimlarini-artirdi","status":"publish","type":"post","link":"https:\/\/www.kariyer.net\/kariyer-rehberi\/buyume-egitim-yatirimlarini-artirdi\/","title":{"rendered":"B\u00fcy\u00fcme e\u011fitim yat\u0131r\u0131mlar\u0131n\u0131 art\u0131rd\u0131"},"content":{"rendered":"<p><strong><img decoding=\"async\" style=\"width: 300px; height: 200px; margin: 10px; float: left;\" alt=\"\" src=\"http:\/\/img1.kariyer.net\/WebSite\/uploads\/KariyerRehberi\/pictures\/mazars_ic(1).JPG\" \/>Mazars Denge a\u00e7t\u0131\u011f\u0131 yeni ofisleriyle birlikte bu y\u0131l e\u011fitime odakland\u0131, uzmanl\u0131k alanlar\u0131na g\u00f6re al\u0131nacak e\u011fitimleri \u00e7e\u015fitlendirdi. \u015eirketin yeni e\u011fitim politikas\u0131yla ilgili bilgi veren Mazars Denge \u0130K Direkt\u00f6r\u00fc Mehmet Eronat, \u00f6rne\u011fin vergi departman\u0131nda \u00e7al\u0131\u015fanlar aras\u0131nda y\u0131lda 16 g\u00fcn e\u011fitim alanlar\u0131n olaca\u011f\u0131n\u0131 aktar\u0131yor.<\/strong><\/p>\n<p>Vergi, denetim, outsourcing muhasebe ve kurumsal finansman konular\u0131nda 36 y\u0131ldan fazla s\u00fcredir \u00e7al\u0131\u015fmalar yapan Mazars Denge, bu y\u0131l a\u00e7\u0131lan b\u00f6lge ofisleriyle birlikte yeni bir e\u011fitim plan\u0131n\u0131 hayata ge\u00e7irdi. \u015eirketin \u0130K Direkt\u00f6r\u00fc Mehmet Eronat, e\u011fitimleri mesleki teknik e\u011fitimler ve liderlik, ki\u015filik \u00f6zellikleri, ileti\u015fim gibi becerileri kapsayan soft skills olarak iki gruba ay\u0131rd\u0131klar\u0131n\u0131 kaydediyor. Eronat\u2019tan yeni e\u011fitim faaliyetleri hakk\u0131nda bilgi ald\u0131k.<\/p>\n<p><strong>1998\u2019ten bu yana Paris\u2019le i\u015fbirli\u011fi <\/strong><\/p>\n<p>Mehmet Eronat, 1977 y\u0131l\u0131nda kurulan \u015firketin iki ki\u015filik bir \u015firketten 36 y\u0131l\u0131n sonunda yedi ofiste hizmet veren 300 ki\u015filik bir yap\u0131ya d\u00f6n\u00fc\u015ft\u00fc\u011f\u00fcn\u00fc kaydediyor. 1998 y\u0131l\u0131nda yurt d\u0131\u015f\u0131 ortakl\u0131\u011f\u0131 ihtiyac\u0131yla merkezi Paris\u2019te bulunan Mazars grubunun \u00fcyesi olduklar\u0131n\u0131 belirten Eronat, bug\u00fcn y\u00fczde 50\u2019si yabanc\u0131 olmak \u00fczere 600\u2019den fazla firmaya hizmet verdiklerini kaydediyor.<\/p>\n<p><strong>Y\u0131lda 16 g\u00fcn e\u011fitim alacaklar var <\/strong><\/p>\n<p>Eronat, \u015firketin her y\u0131l gelenekselle\u015fen e\u011fitim faaliyetleri \u00e7er\u00e7evesinde \u00e7al\u0131\u015fan ba\u015f\u0131na y\u0131ll\u0131k 5 g\u00fcn ortalama e\u011fitim faaliyeti oldu\u011funu kaydediyor. Eronat e\u011fitimlerle ilgili olarak, \u201c2013 y\u0131l\u0131nda yeni a\u00e7\u0131lan b\u00f6lge ofislerimizle birlikte yeni bir e\u011fitim plan\u0131 uygulamaya karar verdik ve program\u0131m\u0131z\u0131 \u201cMazars Denge Ki\u015fisel Geli\u015fim ve Mesleki E\u011fitim Program\u0131\u201d olarak adland\u0131rd\u0131k. Bu plan \u00e7er\u00e7evesinde her pozisyon i\u00e7in verilecek e\u011fitimler mesleki teknik e\u011fitimler ve soft skills e\u011fitimler olarak iki ana ba\u015fl\u0131kta topland\u0131. Y\u0131lda iki kez ger\u00e7ekle\u015ftirdi\u011fimiz 360 derece Yetkinlik Bazl\u0131 Performans De\u011ferlendirme sistemimizden ald\u0131\u011f\u0131m\u0131z sonu\u00e7lar\u0131n pozisyonlara g\u00f6re soft skills e\u011fitim ihtiya\u00e7lar\u0131n\u0131 belirlememizde bize \u00e7ok yard\u0131mc\u0131 oldu\u011funu s\u00f6yleyebilirim. 2012 y\u0131l\u0131nda 5 g\u00fcn\/adam olan e\u011fitim verme ortalamam\u0131z\u0131 bu y\u0131l 8 g\u00fcn\/adama, baz\u0131 pozisyonlar\u0131m\u0131zda ise 9-11 g\u00fcn\/adama \u00e7\u0131karacak bir e\u011fitim program\u0131 haz\u0131rlad\u0131k. \u00d6rne\u011fin, bu y\u0131l vergi departman\u0131m\u0131zda uzman olarak g\u00f6rev yapan bir arkada\u015f\u0131m\u0131z\u0131n soft skill e\u011fitimlerle birlikte 128 saat ( 16 g\u00fcn\/adam) e\u011fitim alaca\u011f\u0131n\u0131 s\u00f6yleyebilirim\u201d diyor.<\/p>\n<p><strong>E\u011fitimler her departman i\u00e7in <\/strong><\/p>\n<p>Eronat, e\u011fitimlerin i\u00e7erikleriyle ilgili de bilgi veriyor. Teknik e\u011fitimlerinin yan\u0131 s\u0131ra bu y\u0131l verecekleri soft skills e\u011fitimler i\u00e7in bir e\u011fitim firmas\u0131yla anla\u015fma yapt\u0131klar\u0131n\u0131n bilgisin veren Eronat, \u201cAsistan pozisyonundan ortaklar\u0131m\u0131za kadar olan geni\u015f \u00e7er\u00e7evede, ileti\u015fim, tak\u0131m \u00e7al\u0131\u015fmas\u0131, tak\u0131m y\u00f6netimi, zaman y\u00f6netimi ve etkin delegasyon, geli\u015ftiren y\u00f6netici, liderlik ve ko\u00e7luk e\u011fitimlerini s\u0131n\u0131f ortam\u0131nda alaca\u011f\u0131z\u201d diye konu\u015fuyor.<\/p>\n<p><strong>Y\u0131ll\u0131k oryantasyon toplant\u0131s\u0131\u00a0 <\/strong><\/p>\n<p>Bu y\u0131l yeni a\u00e7\u0131lan \u00fc\u00e7 ofisimizle birlikte toplam alt\u0131 ilde yedi ofise ula\u015ft\u0131k ve 300 ki\u015fiyi a\u015fk\u0131n bir kadrolar\u0131 oldu\u011funu hat\u0131rlatan Eronat, \u201c\u00d6zellikle aram\u0131za yeni kat\u0131lan arkada\u015flar\u0131m\u0131za ve b\u00f6lge ofislerinde g\u00f6revli arkada\u015flar\u0131m\u0131za Mazars Denge k\u00fclt\u00fcr\u00fcn\u00fc anlatmak ve ofisler ve departmanlar aras\u0131ndaki k\u00fclt\u00fcr entegrasyonunu sa\u011flamak amac\u0131yla bu y\u0131l bir b\u00f6lgeler oryantasyon toplant\u0131s\u0131 d\u00fczenliyoruz. 03-04-05 May\u0131s tarihlerinde Bolu\u2019da d\u00fczenleyece\u011fimiz ve \u00fc\u00e7 g\u00fcn s\u00fcrecek toplant\u0131m\u0131za 2013 y\u0131l\u0131nda i\u015fe giren t\u00fcm \u00e7al\u0131\u015fanlar\u0131m\u0131z ile birlikte b\u00f6lge ofislerimizde g\u00f6revli t\u00fcm arkada\u015flar\u0131m\u0131z dahil olacak. D\u00fczenlenecek oryantasyon program\u0131m\u0131zda temel de\u011ferlerimizin aktar\u0131laca\u011f\u0131 sunumlardan, departman sunumlar\u0131na, soru-cevap b\u00f6l\u00fcmlerinden, insan kaynaklar\u0131 uygulamalar\u0131na kadar uzanan geni\u015f bir program haz\u0131rlad\u0131k\u201d diyor.<\/p>\n<!-- templates\/buttons-placeholder.php -->\n<div class=\"da-reactions-outer TpostID1146\">\n\t    <div class=\"da-reactions-data da-reactions-container-async center\"\n         data-type=\"post\"\n         data-id=\"1146\"\n         id=\"da-reactions-slot-post-1146\">\n        <div class=\"da-reactions-static\">\n\t\t\t<img src=\"https:\/\/www.kariyer.net\/kariyer-rehberi\/wp-content\/plugins\/da-reactions\/assets\/dist\/loading.svg\" alt=\"Loading spinner\" width=\"48\" height=\"48\" style=\"width:48px\" \/>\n        <\/div>\n    <\/div>\n<\/div>\n","protected":false},"excerpt":{"rendered":"<p>Mazars Denge a\u00e7t\u0131\u011f\u0131 yeni ofisleriyle birlikte bu y\u0131l e\u011fitime odakland\u0131, uzmanl\u0131k alanlar\u0131na g\u00f6re al\u0131nacak e\u011fitimleri \u00e7e\u015fitlendirdi. \u015eirketin yeni e\u011fitim politikas\u0131yla ilgili bilgi veren Mazars Denge \u0130K Direkt\u00f6r\u00fc Mehmet Eronat, \u00f6rne\u011fin vergi departman\u0131nda \u00e7al\u0131\u015fanlar aras\u0131nda y\u0131lda 16 g\u00fcn e\u011fitim alanlar\u0131n olaca\u011f\u0131n\u0131 aktar\u0131yor. Vergi, denetim, outsourcing muhasebe ve kurumsal finansman konular\u0131nda 36 y\u0131ldan fazla s\u00fcredir \u00e7al\u0131\u015fmalar yapan [&hellip;]<\/p>\n<!-- templates\/buttons-placeholder.php -->\n<div class=\"da-reactions-outer TpostID1146\">\n\t    <div class=\"da-reactions-data da-reactions-container-async center\"\n         data-type=\"post\"\n         data-id=\"1146\"\n         id=\"da-reactions-slot-post-1146\">\n        <div class=\"da-reactions-static\">\n\t\t\t<img src=\"https:\/\/www.kariyer.net\/kariyer-rehberi\/wp-content\/plugins\/da-reactions\/assets\/dist\/loading.svg\" alt=\"Loading spinner\" width=\"48\" height=\"48\" style=\"width:48px\" \/>\n        <\/div>\n    <\/div>\n<\/div>\n","protected":false},"author":4,"featured_media":0,"comment_status":"open","ping_status":"open","sticky":false,"template":"","format":"standard","meta":{"footnotes":"","_elementor_edit_mode":"","_elementor_template_type":"","_elementor_data":"","_elementor_page_settings":null,"_elementor_conditions":[]},"categories":[2203],"tags":[],"class_list":{"0":"post-1146","1":"post","2":"type-post","3":"status-publish","4":"format-standard","6":"category-haberler-duyurular"},"yoast_head":"<!-- This site is optimized with the Yoast SEO Premium plugin v21.4 (Yoast SEO v27.0) - https:\/\/yoast.com\/product\/yoast-seo-premium-wordpress\/ -->\n<title>B\u00fcy\u00fcme e\u011fitim yat\u0131r\u0131mlar\u0131n\u0131 art\u0131rd\u0131 | Kariyer Rehberi<\/title>\n<meta name=\"description\" content=\"Mazars Denge a\u00e7t\u0131\u011f\u0131 yeni ofisleriyle birlikte bu y\u0131l e\u011fitime odakland\u0131, uzmanl\u0131k alanlar\u0131na g\u00f6re al\u0131nacak e\u011fitimleri \u00e7e\u015fitlendirdi. \u015eirketin yeni e\u011fitim\" \/>\n<meta name=\"robots\" content=\"index, follow, max-snippet:-1, max-image-preview:large, max-video-preview:-1\" \/>\n<link rel=\"canonical\" href=\"https:\/\/www.kariyer.net\/kariyer-rehberi\/buyume-egitim-yatirimlarini-artirdi\/\" \/>\n<meta property=\"og:locale\" content=\"tr_TR\" \/>\n<meta property=\"og:type\" content=\"article\" \/>\n<meta property=\"og:title\" content=\"B\u00fcy\u00fcme e\u011fitim yat\u0131r\u0131mlar\u0131n\u0131 art\u0131rd\u0131\" \/>\n<meta property=\"og:description\" content=\"Mazars Denge a\u00e7t\u0131\u011f\u0131 yeni ofisleriyle birlikte bu y\u0131l e\u011fitime odakland\u0131, uzmanl\u0131k alanlar\u0131na g\u00f6re al\u0131nacak e\u011fitimleri \u00e7e\u015fitlendirdi. \u015eirketin yeni e\u011fitim\" \/>\n<meta property=\"og:url\" content=\"https:\/\/www.kariyer.net\/kariyer-rehberi\/buyume-egitim-yatirimlarini-artirdi\/\" \/>\n<meta property=\"og:site_name\" content=\"Kariyer Rehberi\" \/>\n<meta property=\"article:published_time\" content=\"2013-05-02T00:00:00+00:00\" \/>\n<meta property=\"article:modified_time\" content=\"2024-07-03T11:53:01+00:00\" \/>\n<meta property=\"og:image\" content=\"http:\/\/img1.kariyer.net\/WebSite\/uploads\/KariyerRehberi\/pictures\/mazars_ic(1).JPG\" \/>\n<meta name=\"author\" content=\"Ye\u015fim Sar\u0131er Aksu\" \/>\n<meta name=\"twitter:card\" content=\"summary_large_image\" \/>\n<meta name=\"twitter:creator\" content=\"@http:\/\/twitter.com\/yesimsarier\" \/>\n<meta name=\"twitter:label1\" content=\"Yazan:\" \/>\n\t<meta name=\"twitter:data1\" content=\"Ye\u015fim Sar\u0131er Aksu\" \/>\n\t<meta name=\"twitter:label2\" content=\"Tahmini okuma s\u00fcresi\" \/>\n\t<meta name=\"twitter:data2\" content=\"3 dakika\" \/>\n<!-- \/ Yoast SEO Premium plugin. -->","yoast_head_json":{"title":"B\u00fcy\u00fcme e\u011fitim yat\u0131r\u0131mlar\u0131n\u0131 art\u0131rd\u0131 | Kariyer Rehberi","description":"Mazars Denge a\u00e7t\u0131\u011f\u0131 yeni ofisleriyle birlikte bu y\u0131l e\u011fitime odakland\u0131, uzmanl\u0131k alanlar\u0131na g\u00f6re al\u0131nacak e\u011fitimleri \u00e7e\u015fitlendirdi. \u015eirketin yeni e\u011fitim","robots":{"index":"index","follow":"follow","max-snippet":"max-snippet:-1","max-image-preview":"max-image-preview:large","max-video-preview":"max-video-preview:-1"},"canonical":"https:\/\/www.kariyer.net\/kariyer-rehberi\/buyume-egitim-yatirimlarini-artirdi\/","og_locale":"tr_TR","og_type":"article","og_title":"B\u00fcy\u00fcme e\u011fitim yat\u0131r\u0131mlar\u0131n\u0131 art\u0131rd\u0131","og_description":"Mazars Denge a\u00e7t\u0131\u011f\u0131 yeni ofisleriyle birlikte bu y\u0131l e\u011fitime odakland\u0131, uzmanl\u0131k alanlar\u0131na g\u00f6re al\u0131nacak e\u011fitimleri \u00e7e\u015fitlendirdi. \u015eirketin yeni e\u011fitim","og_url":"https:\/\/www.kariyer.net\/kariyer-rehberi\/buyume-egitim-yatirimlarini-artirdi\/","og_site_name":"Kariyer Rehberi","article_published_time":"2013-05-02T00:00:00+00:00","article_modified_time":"2024-07-03T11:53:01+00:00","og_image":[{"url":"http:\/\/img1.kariyer.net\/WebSite\/uploads\/KariyerRehberi\/pictures\/mazars_ic(1).JPG","type":"","width":"","height":""}],"author":"Ye\u015fim Sar\u0131er Aksu","twitter_card":"summary_large_image","twitter_creator":"@http:\/\/twitter.com\/yesimsarier","twitter_misc":{"Yazan:":"Ye\u015fim Sar\u0131er Aksu","Tahmini okuma s\u00fcresi":"3 dakika"},"schema":{"@context":"https:\/\/schema.org","@graph":[{"@type":"Article","@id":"https:\/\/www.kariyer.net\/kariyer-rehberi\/buyume-egitim-yatirimlarini-artirdi\/#article","isPartOf":{"@id":"https:\/\/www.kariyer.net\/kariyer-rehberi\/buyume-egitim-yatirimlarini-artirdi\/"},"author":{"name":"Ye\u015fim Sar\u0131er Aksu","@id":"https:\/\/www.kariyer.net\/kariyer-rehberi\/#\/schema\/person\/96c80fcfe6e088628dd105b9746b44a8"},"headline":"B\u00fcy\u00fcme e\u011fitim yat\u0131r\u0131mlar\u0131n\u0131 art\u0131rd\u0131","datePublished":"2013-05-02T00:00:00+00:00","dateModified":"2024-07-03T11:53:01+00:00","mainEntityOfPage":{"@id":"https:\/\/www.kariyer.net\/kariyer-rehberi\/buyume-egitim-yatirimlarini-artirdi\/"},"wordCount":694,"commentCount":0,"publisher":{"@id":"https:\/\/www.kariyer.net\/kariyer-rehberi\/#organization"},"image":{"@id":"https:\/\/www.kariyer.net\/kariyer-rehberi\/buyume-egitim-yatirimlarini-artirdi\/#primaryimage"},"thumbnailUrl":"http:\/\/img1.kariyer.net\/WebSite\/uploads\/KariyerRehberi\/pictures\/mazars_ic(1).JPG","articleSection":["Haberler ve Duyurular"],"inLanguage":"tr","potentialAction":[{"@type":"CommentAction","name":"Comment","target":["https:\/\/www.kariyer.net\/kariyer-rehberi\/buyume-egitim-yatirimlarini-artirdi\/#respond"]}]},{"@type":"WebPage","@id":"https:\/\/www.kariyer.net\/kariyer-rehberi\/buyume-egitim-yatirimlarini-artirdi\/","url":"https:\/\/www.kariyer.net\/kariyer-rehberi\/buyume-egitim-yatirimlarini-artirdi\/","name":"B\u00fcy\u00fcme e\u011fitim yat\u0131r\u0131mlar\u0131n\u0131 art\u0131rd\u0131 | Kariyer Rehberi","isPartOf":{"@id":"https:\/\/www.kariyer.net\/kariyer-rehberi\/#website"},"primaryImageOfPage":{"@id":"https:\/\/www.kariyer.net\/kariyer-rehberi\/buyume-egitim-yatirimlarini-artirdi\/#primaryimage"},"image":{"@id":"https:\/\/www.kariyer.net\/kariyer-rehberi\/buyume-egitim-yatirimlarini-artirdi\/#primaryimage"},"thumbnailUrl":"http:\/\/img1.kariyer.net\/WebSite\/uploads\/KariyerRehberi\/pictures\/mazars_ic(1).JPG","datePublished":"2013-05-02T00:00:00+00:00","dateModified":"2024-07-03T11:53:01+00:00","description":"Mazars Denge a\u00e7t\u0131\u011f\u0131 yeni ofisleriyle birlikte bu y\u0131l e\u011fitime odakland\u0131, uzmanl\u0131k alanlar\u0131na g\u00f6re al\u0131nacak e\u011fitimleri \u00e7e\u015fitlendirdi. \u015eirketin yeni e\u011fitim","breadcrumb":{"@id":"https:\/\/www.kariyer.net\/kariyer-rehberi\/buyume-egitim-yatirimlarini-artirdi\/#breadcrumb"},"inLanguage":"tr","potentialAction":[{"@type":"ReadAction","target":["https:\/\/www.kariyer.net\/kariyer-rehberi\/buyume-egitim-yatirimlarini-artirdi\/"]}]},{"@type":"ImageObject","inLanguage":"tr","@id":"https:\/\/www.kariyer.net\/kariyer-rehberi\/buyume-egitim-yatirimlarini-artirdi\/#primaryimage","url":"http:\/\/img1.kariyer.net\/WebSite\/uploads\/KariyerRehberi\/pictures\/mazars_ic(1).JPG","contentUrl":"http:\/\/img1.kariyer.net\/WebSite\/uploads\/KariyerRehberi\/pictures\/mazars_ic(1).JPG"},{"@type":"BreadcrumbList","@id":"https:\/\/www.kariyer.net\/kariyer-rehberi\/buyume-egitim-yatirimlarini-artirdi\/#breadcrumb","itemListElement":[{"@type":"ListItem","position":1,"name":"Anasayfa","item":"https:\/\/www.kariyer.net\/kariyer-rehberi\/"},{"@type":"ListItem","position":2,"name":"B\u00fcy\u00fcme e\u011fitim yat\u0131r\u0131mlar\u0131n\u0131 art\u0131rd\u0131"}]},{"@type":"WebSite","@id":"https:\/\/www.kariyer.net\/kariyer-rehberi\/#website","url":"https:\/\/www.kariyer.net\/kariyer-rehberi\/","name":"Kariyer Rehberi","description":"\u0130\u015f D\u00fcnyas\u0131yla \u0130lgili Bilmek \u0130stedi\u011finiz Her \u015eey","publisher":{"@id":"https:\/\/www.kariyer.net\/kariyer-rehberi\/#organization"},"potentialAction":[{"@type":"SearchAction","target":{"@type":"EntryPoint","urlTemplate":"https:\/\/www.kariyer.net\/kariyer-rehberi\/?s={search_term_string}"},"query-input":{"@type":"PropertyValueSpecification","valueRequired":true,"valueName":"search_term_string"}}],"inLanguage":"tr"},{"@type":"Organization","@id":"https:\/\/www.kariyer.net\/kariyer-rehberi\/#organization","name":"Kariyer.net","url":"https:\/\/www.kariyer.net\/kariyer-rehberi\/","logo":{"@type":"ImageObject","inLanguage":"tr","@id":"https:\/\/www.kariyer.net\/kariyer-rehberi\/#\/schema\/logo\/image\/","url":"https:\/\/www.kariyer.net\/kariyer-rehberi-new\/wp-content\/uploads\/2023\/01\/og-image11.jpg","contentUrl":"https:\/\/www.kariyer.net\/kariyer-rehberi-new\/wp-content\/uploads\/2023\/01\/og-image11.jpg","width":800,"height":800,"caption":"Kariyer.net"},"image":{"@id":"https:\/\/www.kariyer.net\/kariyer-rehberi\/#\/schema\/logo\/image\/"}},{"@type":"Person","@id":"https:\/\/www.kariyer.net\/kariyer-rehberi\/#\/schema\/person\/96c80fcfe6e088628dd105b9746b44a8","name":"Ye\u015fim Sar\u0131er Aksu","image":{"@type":"ImageObject","inLanguage":"tr","@id":"https:\/\/www.kariyer.net\/kariyer-rehberi\/#\/schema\/person\/image\/","url":"https:\/\/secure.gravatar.com\/avatar\/e104674e9a8338d72bcce6b74dbe01074c987dfd015f629c6f7f9ff039a6aa6e?s=96&d=mm&r=g","contentUrl":"https:\/\/secure.gravatar.com\/avatar\/e104674e9a8338d72bcce6b74dbe01074c987dfd015f629c6f7f9ff039a6aa6e?s=96&d=mm&r=g","caption":"Ye\u015fim Sar\u0131er Aksu"},"description":"Kocaeli \u00dcniversitesi Gazetecilik b\u00f6l\u00fcm\u00fcnde okurken gen\u00e7 bir muhabir olarak ba\u015flad\u0131\u011f\u0131 yaz\u0131 ve haber merak\u0131 hi\u00e7 eksilmedi. Muhabirlik, edit\u00f6rl\u00fck ve kurumlar\u0131n web sitelerinin y\u00f6netiminin ard\u0131ndan Temmuz 2011\u2019de Kariyer.net\u2019e \u0130\u00e7erik Y\u00f6neticisi olarak kat\u0131ld\u0131. Haber T\u00fcrk Kariyer, Kariyer Dergi ve Kariyer Rehberi i\u00e7in i\u00e7erikler \u00fcretti.","sameAs":["http:\/\/www.kariyer.net\/kariyer-rehberi\/yesim-sarier-aksu\/","https:\/\/x.com\/http:\/\/twitter.com\/yesimsarier"],"url":"https:\/\/www.kariyer.net\/kariyer-rehberi\/author\/yesimsarieraksu\/"}]}},"_links":{"self":[{"href":"https:\/\/www.kariyer.net\/kariyer-rehberi\/wp-json\/wp\/v2\/posts\/1146","targetHints":{"allow":["GET"]}}],"collection":[{"href":"https:\/\/www.kariyer.net\/kariyer-rehberi\/wp-json\/wp\/v2\/posts"}],"about":[{"href":"https:\/\/www.kariyer.net\/kariyer-rehberi\/wp-json\/wp\/v2\/types\/post"}],"author":[{"embeddable":true,"href":"https:\/\/www.kariyer.net\/kariyer-rehberi\/wp-json\/wp\/v2\/users\/4"}],"replies":[{"embeddable":true,"href":"https:\/\/www.kariyer.net\/kariyer-rehberi\/wp-json\/wp\/v2\/comments?post=1146"}],"version-history":[{"count":1,"href":"https:\/\/www.kariyer.net\/kariyer-rehberi\/wp-json\/wp\/v2\/posts\/1146\/revisions"}],"predecessor-version":[{"id":18710,"href":"https:\/\/www.kariyer.net\/kariyer-rehberi\/wp-json\/wp\/v2\/posts\/1146\/revisions\/18710"}],"wp:attachment":[{"href":"https:\/\/www.kariyer.net\/kariyer-rehberi\/wp-json\/wp\/v2\/media?parent=1146"}],"wp:term":[{"taxonomy":"category","embeddable":true,"href":"https:\/\/www.kariyer.net\/kariyer-rehberi\/wp-json\/wp\/v2\/categories?post=1146"},{"taxonomy":"post_tag","embeddable":true,"href":"https:\/\/www.kariyer.net\/kariyer-rehberi\/wp-json\/wp\/v2\/tags?post=1146"}],"curies":[{"name":"wp","href":"https:\/\/api.w.org\/{rel}","templated":true}]}}