{"id":1150,"date":"2013-05-10T03:00:00","date_gmt":"2013-05-10T00:00:00","guid":{"rendered":"http:\/\/92.45.35.169\/aktuerya-alaninda-calismayi-dusunur-musunuz\/"},"modified":"2017-08-21T17:31:30","modified_gmt":"2017-08-21T14:31:30","slug":"aktuerya-alaninda-calismayi-dusunur-musunuz","status":"publish","type":"post","link":"https:\/\/www.kariyer.net\/kariyer-rehberi\/aktuerya-alaninda-calismayi-dusunur-musunuz\/","title":{"rendered":"Akt\u00fcerya alan\u0131nda \u00e7al\u0131\u015fmay\u0131 d\u00fc\u015f\u00fcn\u00fcr m\u00fcs\u00fcn\u00fcz?"},"content":{"rendered":"<p>&nbsp;<\/p>\n<p><strong>Akt\u00fcerya bilimi T\u00fcrkiye\u2019de yeterince tan\u0131nm\u0131yor. Oysa geli\u015fmeye \u00e7ok a\u00e7\u0131k olan bu alan istatistik ve matematik seven gen\u00e7 yetenekler i\u00e7in ideal. Mercer Akt\u00fcerya Birim Lideri Ay\u015fe Nur Kavas, bu dal\u0131n gelecekte etkisinin artaca\u011f\u0131n\u0131 ifade ediyor.<\/strong><\/p>\n<p><img decoding=\"async\" style=\"width: 307px; height: 200px; margin: 10px; float: left;\" alt=\"\" src=\"http:\/\/img1.kariyer.net\/WebSite\/uploads\/KariyerRehberi\/pictures\/AyseNur_Kavasic(1).jpg\" \/>Her ne kadar T\u00fcrkiye\u2019de 1951 y\u0131l\u0131nda ilk derne\u011fi kurulsa da Akt\u00fcerya bilimi \u00e7ok bilinen bir dal de\u011fil. Bug\u00fcn lisans seviyesinde sadece iki \u00fcniversitede e\u011fitimi verilen Akt\u00fcerya, oysaki geli\u015fim alan\u0131 y\u00fcksek ve gelece\u011fi olan bir alan. Akt\u00fcerya as\u0131l olarak insanlar\u0131n, do\u011fum, \u00f6l\u00fcm, hastal\u0131k, sakatl\u0131k, emeklilik gibi ya\u015fam\u0131n\u0131; yang\u0131n, kaza, deprem, sel, h\u0131rs\u0131zl\u0131k gibi mal varl\u0131\u011f\u0131n\u0131 etkileyen rastgeleli\u011fe ba\u011fl\u0131, \u00f6ng\u00f6r\u00fclemeyen olaylarla ve bu olaylar\u0131n finansal etkileriyle ilgilenir. Mercer Akt\u00fcerya Birim Lideri Ay\u015fe Nur Kavas, bu bilim dal\u0131n\u0131n ilk temellerinin 1792 y\u0131l\u0131nda \u0130ngiltere\u2019de ortaya \u00e7\u0131kt\u0131\u011f\u0131n\u0131, matematik, istatistik, ekonomi ve finans gibi disiplinleri i\u00e7inde bar\u0131nd\u0131ran ve as\u0131l olarak riskin bulundu\u011fu her yerde uygulama alan\u0131 olan bir dal oldu\u011funu aktar\u0131yor. \u0130\u015fin do\u011fas\u0131 gere\u011fi ilk akt\u00fcerlerin matematik\u00e7iler oldu\u011funu ifade eden Kavas, \u00f6zellikle sigortac\u0131l\u0131k alan\u0131nda uygulamalar\u0131n\u0131n yayg\u0131n oldu\u011funun bilgisini veriyor.<\/p>\n<p>&nbsp;<\/p>\n<p><strong>En iyi 100 meslekte ilk s\u0131rada <\/strong><\/p>\n<p>&nbsp;<\/p>\n<p>Kuzey Amerika\u2019daki istatistiklere g\u00f6re, akt\u00fcerlerin belli ba\u015fl\u0131 istihdam alanlar\u0131n\u0131n sigorta \u015firketleri, dan\u0131\u015fmanl\u0131k \u015firketleri, devlet kurulu\u015flar\u0131, \u00fcniversiteler ve yat\u0131r\u0131m kurulu\u015flar\u0131 oldu\u011funu aktaran Kavas, \u201cAkt\u00fcerya mesle\u011fi; i\u015f g\u00fcvenli\u011fi, gelir d\u00fczeyi, \u00e7al\u0131\u015fma ortam\u0131, sayg\u0131nl\u0131k, i\u015f-ya\u015fam dengesi gibi kriterler alt\u0131nda k\u0131yasland\u0131\u011f\u0131nda ara\u015ft\u0131rmalar bir numaral\u0131 meslek olarak kar\u015f\u0131m\u0131za \u00e7\u0131k\u0131yor. Ge\u00e7en hafta CareerCast.com taraf\u0131ndan, bu y\u0131l 25&#8217;incisi yay\u0131nlanan meslek derecelendirme raporunda, Akt\u00fcerya mesle\u011fi en iyi 100 meslek ve kazan\u00e7lar\u0131 s\u0131ralamas\u0131nda ilk s\u0131rada yer al\u0131yor\u201d diyor.<\/p>\n<p>&nbsp;<\/p>\n<p><strong>Kriz d\u00f6nemlerinde \u00f6nemi art\u0131yor <\/strong><\/p>\n<p>&nbsp;<\/p>\n<p>Kavas, bu alana ilgi duyanlar\u0131n matematik, ekonomi, m\u00fchendislik gibi alanlarda e\u011fitim ald\u0131ktan sonra T\u00fcrkiye\u2019de Hazine M\u00fcste\u015farl\u0131\u011f\u0131 taraf\u0131ndan haz\u0131rlanan bir dizi s\u0131nava girmesi gerekti\u011fini kaydediyor.\u00a0 \u00d6zellikle T\u00fcrkiye\u2019de olduk\u00e7a yeni ve hen\u00fcz geli\u015fmeye a\u00e7\u0131k bir alan oldu\u011funu anlatan Kavas, kriz zamanlar\u0131nda daha \u00f6nem kazanmas\u0131 nedeniyle gelecek i\u00e7in b\u00fcy\u00fck bir potansiyele sahip oldu\u011funu ifade ediyor. Kavas, \u00f6u disipline ilgi duyan ve merak eden \u00fcniversite \u00f6\u011frencisi adaylar\u0131n yaz d\u00f6nemlerinde sigorta\/emeklilik \u015firketleri ile dan\u0131\u015fmanl\u0131k \u015firketlerinin akt\u00fcerya b\u00f6l\u00fcmlerinde staj yapmalar\u0131n\u0131 ve akt\u00fceryay\u0131 uygulama ortam\u0131nda g\u00f6zlemlemelerini tavsiye ediyor.<\/p>\n<p>&nbsp;<\/p>\n<p>&nbsp;<\/p>\n<p>2013 y\u0131l\u0131 Akt\u00fcerlik s\u0131navlar\u0131 takvimi, ba\u015fvuru ve uygulama k\u0131lavuzu ile ilgili detayl\u0131 bilgiye <a href=\"http:\/\/www.aktuerlerdernegi.org\/\">http:\/\/www.aktuerlerdernegi.org\/<\/a>web sitesinden ula\u015fabilir.<\/p>\n<!-- templates\/buttons-placeholder.php -->\n<div class=\"da-reactions-outer TpostID1150\">\n\t    <div class=\"da-reactions-data da-reactions-container-async center\"\n         data-type=\"post\"\n         data-id=\"1150\"\n         id=\"da-reactions-slot-post-1150\">\n        <div class=\"da-reactions-static\">\n\t\t\t<img src=\"https:\/\/www.kariyer.net\/kariyer-rehberi\/wp-content\/plugins\/da-reactions\/assets\/dist\/loading.svg\" alt=\"Loading spinner\" width=\"48\" height=\"48\" style=\"width:48px\" \/>\n        <\/div>\n    <\/div>\n<\/div>\n","protected":false},"excerpt":{"rendered":"<p>&nbsp; Akt\u00fcerya bilimi T\u00fcrkiye\u2019de yeterince tan\u0131nm\u0131yor. Oysa geli\u015fmeye \u00e7ok a\u00e7\u0131k olan bu alan istatistik ve matematik seven gen\u00e7 yetenekler i\u00e7in ideal. Mercer Akt\u00fcerya Birim Lideri Ay\u015fe Nur Kavas, bu dal\u0131n gelecekte etkisinin artaca\u011f\u0131n\u0131 ifade ediyor. Her ne kadar T\u00fcrkiye\u2019de 1951 y\u0131l\u0131nda ilk derne\u011fi kurulsa da Akt\u00fcerya bilimi \u00e7ok bilinen bir dal de\u011fil. Bug\u00fcn lisans seviyesinde [&hellip;]<\/p>\n<!-- templates\/buttons-placeholder.php -->\n<div class=\"da-reactions-outer TpostID1150\">\n\t    <div class=\"da-reactions-data da-reactions-container-async center\"\n         data-type=\"post\"\n         data-id=\"1150\"\n         id=\"da-reactions-slot-post-1150\">\n        <div class=\"da-reactions-static\">\n\t\t\t<img src=\"https:\/\/www.kariyer.net\/kariyer-rehberi\/wp-content\/plugins\/da-reactions\/assets\/dist\/loading.svg\" alt=\"Loading spinner\" width=\"48\" height=\"48\" style=\"width:48px\" \/>\n        <\/div>\n    <\/div>\n<\/div>\n","protected":false},"author":4,"featured_media":4020,"comment_status":"open","ping_status":"open","sticky":false,"template":"","format":"standard","meta":{"footnotes":"","_elementor_edit_mode":"","_elementor_template_type":"","_elementor_data":"","_elementor_page_settings":null,"_elementor_conditions":[]},"categories":[46],"tags":[],"class_list":{"0":"post-1150","1":"post","2":"type-post","3":"status-publish","4":"format-standard","5":"has-post-thumbnail","7":"category-is-hayati"},"yoast_head":"<!-- This site is optimized with the Yoast SEO Premium plugin v21.4 (Yoast SEO v27.0) - https:\/\/yoast.com\/product\/yoast-seo-premium-wordpress\/ -->\n<title>Akt\u00fcerya alan\u0131nda \u00e7al\u0131\u015fmay\u0131 d\u00fc\u015f\u00fcn\u00fcr m\u00fcs\u00fcn\u00fcz? | Kariyer Rehberi<\/title>\n<meta name=\"description\" content=\"&nbsp; Akt\u00fcerya bilimi T\u00fcrkiye\u2019de yeterince tan\u0131nm\u0131yor. Oysa geli\u015fmeye \u00e7ok a\u00e7\u0131k olan bu alan istatistik ve matematik seven gen\u00e7 yetenekler i\u00e7in ideal.\" \/>\n<meta name=\"robots\" content=\"index, follow, max-snippet:-1, max-image-preview:large, max-video-preview:-1\" \/>\n<link rel=\"canonical\" href=\"https:\/\/www.kariyer.net\/kariyer-rehberi\/aktuerya-alaninda-calismayi-dusunur-musunuz\/\" \/>\n<meta property=\"og:locale\" content=\"tr_TR\" \/>\n<meta property=\"og:type\" content=\"article\" \/>\n<meta property=\"og:title\" content=\"Akt\u00fcerya alan\u0131nda \u00e7al\u0131\u015fmay\u0131 d\u00fc\u015f\u00fcn\u00fcr m\u00fcs\u00fcn\u00fcz?\" \/>\n<meta property=\"og:description\" content=\"&nbsp; Akt\u00fcerya bilimi T\u00fcrkiye\u2019de yeterince tan\u0131nm\u0131yor. Oysa geli\u015fmeye \u00e7ok a\u00e7\u0131k olan bu alan istatistik ve matematik seven gen\u00e7 yetenekler i\u00e7in ideal.\" \/>\n<meta property=\"og:url\" content=\"https:\/\/www.kariyer.net\/kariyer-rehberi\/aktuerya-alaninda-calismayi-dusunur-musunuz\/\" \/>\n<meta property=\"og:site_name\" content=\"Kariyer Rehberi\" \/>\n<meta property=\"article:published_time\" content=\"2013-05-10T00:00:00+00:00\" \/>\n<meta property=\"article:modified_time\" content=\"2017-08-21T14:31:30+00:00\" \/>\n<meta property=\"og:image\" content=\"https:\/\/www.kariyer.net\/kariyer-rehberi\/wp-content\/uploads\/2013\/05\/aysenur-kavasic.jpg\" \/>\n\t<meta property=\"og:image:width\" content=\"290\" \/>\n\t<meta property=\"og:image:height\" content=\"150\" \/>\n\t<meta property=\"og:image:type\" content=\"image\/jpeg\" \/>\n<meta name=\"author\" content=\"Ye\u015fim Sar\u0131er Aksu\" \/>\n<meta name=\"twitter:card\" content=\"summary_large_image\" \/>\n<meta name=\"twitter:creator\" content=\"@http:\/\/twitter.com\/yesimsarier\" \/>\n<meta name=\"twitter:label1\" content=\"Yazan:\" \/>\n\t<meta name=\"twitter:data1\" content=\"Ye\u015fim Sar\u0131er Aksu\" \/>\n\t<meta name=\"twitter:label2\" content=\"Tahmini okuma s\u00fcresi\" \/>\n\t<meta name=\"twitter:data2\" content=\"2 dakika\" \/>\n<!-- \/ Yoast SEO Premium plugin. -->","yoast_head_json":{"title":"Akt\u00fcerya alan\u0131nda \u00e7al\u0131\u015fmay\u0131 d\u00fc\u015f\u00fcn\u00fcr m\u00fcs\u00fcn\u00fcz? | Kariyer Rehberi","description":"&nbsp; Akt\u00fcerya bilimi T\u00fcrkiye\u2019de yeterince tan\u0131nm\u0131yor. Oysa geli\u015fmeye \u00e7ok a\u00e7\u0131k olan bu alan istatistik ve matematik seven gen\u00e7 yetenekler i\u00e7in ideal.","robots":{"index":"index","follow":"follow","max-snippet":"max-snippet:-1","max-image-preview":"max-image-preview:large","max-video-preview":"max-video-preview:-1"},"canonical":"https:\/\/www.kariyer.net\/kariyer-rehberi\/aktuerya-alaninda-calismayi-dusunur-musunuz\/","og_locale":"tr_TR","og_type":"article","og_title":"Akt\u00fcerya alan\u0131nda \u00e7al\u0131\u015fmay\u0131 d\u00fc\u015f\u00fcn\u00fcr m\u00fcs\u00fcn\u00fcz?","og_description":"&nbsp; Akt\u00fcerya bilimi T\u00fcrkiye\u2019de yeterince tan\u0131nm\u0131yor. Oysa geli\u015fmeye \u00e7ok a\u00e7\u0131k olan bu alan istatistik ve matematik seven gen\u00e7 yetenekler i\u00e7in ideal.","og_url":"https:\/\/www.kariyer.net\/kariyer-rehberi\/aktuerya-alaninda-calismayi-dusunur-musunuz\/","og_site_name":"Kariyer Rehberi","article_published_time":"2013-05-10T00:00:00+00:00","article_modified_time":"2017-08-21T14:31:30+00:00","og_image":[{"width":290,"height":150,"url":"https:\/\/www.kariyer.net\/kariyer-rehberi\/wp-content\/uploads\/2013\/05\/aysenur-kavasic.jpg","type":"image\/jpeg"}],"author":"Ye\u015fim Sar\u0131er Aksu","twitter_card":"summary_large_image","twitter_creator":"@http:\/\/twitter.com\/yesimsarier","twitter_misc":{"Yazan:":"Ye\u015fim Sar\u0131er Aksu","Tahmini okuma s\u00fcresi":"2 dakika"},"schema":{"@context":"https:\/\/schema.org","@graph":[{"@type":"Article","@id":"https:\/\/www.kariyer.net\/kariyer-rehberi\/aktuerya-alaninda-calismayi-dusunur-musunuz\/#article","isPartOf":{"@id":"https:\/\/www.kariyer.net\/kariyer-rehberi\/aktuerya-alaninda-calismayi-dusunur-musunuz\/"},"author":{"name":"Ye\u015fim Sar\u0131er Aksu","@id":"https:\/\/www.kariyer.net\/kariyer-rehberi\/#\/schema\/person\/96c80fcfe6e088628dd105b9746b44a8"},"headline":"Akt\u00fcerya alan\u0131nda \u00e7al\u0131\u015fmay\u0131 d\u00fc\u015f\u00fcn\u00fcr m\u00fcs\u00fcn\u00fcz?","datePublished":"2013-05-10T00:00:00+00:00","dateModified":"2017-08-21T14:31:30+00:00","mainEntityOfPage":{"@id":"https:\/\/www.kariyer.net\/kariyer-rehberi\/aktuerya-alaninda-calismayi-dusunur-musunuz\/"},"wordCount":511,"commentCount":0,"publisher":{"@id":"https:\/\/www.kariyer.net\/kariyer-rehberi\/#organization"},"image":{"@id":"https:\/\/www.kariyer.net\/kariyer-rehberi\/aktuerya-alaninda-calismayi-dusunur-musunuz\/#primaryimage"},"thumbnailUrl":"https:\/\/www.kariyer.net\/kariyer-rehberi\/wp-content\/uploads\/2013\/05\/aysenur-kavasic.jpg","articleSection":["\u0130\u015f Hayat\u0131"],"inLanguage":"tr","potentialAction":[{"@type":"CommentAction","name":"Comment","target":["https:\/\/www.kariyer.net\/kariyer-rehberi\/aktuerya-alaninda-calismayi-dusunur-musunuz\/#respond"]}]},{"@type":"WebPage","@id":"https:\/\/www.kariyer.net\/kariyer-rehberi\/aktuerya-alaninda-calismayi-dusunur-musunuz\/","url":"https:\/\/www.kariyer.net\/kariyer-rehberi\/aktuerya-alaninda-calismayi-dusunur-musunuz\/","name":"Akt\u00fcerya alan\u0131nda \u00e7al\u0131\u015fmay\u0131 d\u00fc\u015f\u00fcn\u00fcr m\u00fcs\u00fcn\u00fcz? | Kariyer Rehberi","isPartOf":{"@id":"https:\/\/www.kariyer.net\/kariyer-rehberi\/#website"},"primaryImageOfPage":{"@id":"https:\/\/www.kariyer.net\/kariyer-rehberi\/aktuerya-alaninda-calismayi-dusunur-musunuz\/#primaryimage"},"image":{"@id":"https:\/\/www.kariyer.net\/kariyer-rehberi\/aktuerya-alaninda-calismayi-dusunur-musunuz\/#primaryimage"},"thumbnailUrl":"https:\/\/www.kariyer.net\/kariyer-rehberi\/wp-content\/uploads\/2013\/05\/aysenur-kavasic.jpg","datePublished":"2013-05-10T00:00:00+00:00","dateModified":"2017-08-21T14:31:30+00:00","description":"&nbsp; Akt\u00fcerya bilimi T\u00fcrkiye\u2019de yeterince tan\u0131nm\u0131yor. Oysa geli\u015fmeye \u00e7ok a\u00e7\u0131k olan bu alan istatistik ve matematik seven gen\u00e7 yetenekler i\u00e7in ideal.","breadcrumb":{"@id":"https:\/\/www.kariyer.net\/kariyer-rehberi\/aktuerya-alaninda-calismayi-dusunur-musunuz\/#breadcrumb"},"inLanguage":"tr","potentialAction":[{"@type":"ReadAction","target":["https:\/\/www.kariyer.net\/kariyer-rehberi\/aktuerya-alaninda-calismayi-dusunur-musunuz\/"]}]},{"@type":"ImageObject","inLanguage":"tr","@id":"https:\/\/www.kariyer.net\/kariyer-rehberi\/aktuerya-alaninda-calismayi-dusunur-musunuz\/#primaryimage","url":"https:\/\/www.kariyer.net\/kariyer-rehberi\/wp-content\/uploads\/2013\/05\/aysenur-kavasic.jpg","contentUrl":"https:\/\/www.kariyer.net\/kariyer-rehberi\/wp-content\/uploads\/2013\/05\/aysenur-kavasic.jpg","width":290,"height":150},{"@type":"BreadcrumbList","@id":"https:\/\/www.kariyer.net\/kariyer-rehberi\/aktuerya-alaninda-calismayi-dusunur-musunuz\/#breadcrumb","itemListElement":[{"@type":"ListItem","position":1,"name":"Anasayfa","item":"https:\/\/www.kariyer.net\/kariyer-rehberi\/"},{"@type":"ListItem","position":2,"name":"Akt\u00fcerya alan\u0131nda \u00e7al\u0131\u015fmay\u0131 d\u00fc\u015f\u00fcn\u00fcr m\u00fcs\u00fcn\u00fcz?"}]},{"@type":"WebSite","@id":"https:\/\/www.kariyer.net\/kariyer-rehberi\/#website","url":"https:\/\/www.kariyer.net\/kariyer-rehberi\/","name":"Kariyer Rehberi","description":"\u0130\u015f D\u00fcnyas\u0131yla \u0130lgili Bilmek \u0130stedi\u011finiz Her \u015eey","publisher":{"@id":"https:\/\/www.kariyer.net\/kariyer-rehberi\/#organization"},"potentialAction":[{"@type":"SearchAction","target":{"@type":"EntryPoint","urlTemplate":"https:\/\/www.kariyer.net\/kariyer-rehberi\/?s={search_term_string}"},"query-input":{"@type":"PropertyValueSpecification","valueRequired":true,"valueName":"search_term_string"}}],"inLanguage":"tr"},{"@type":"Organization","@id":"https:\/\/www.kariyer.net\/kariyer-rehberi\/#organization","name":"Kariyer.net","url":"https:\/\/www.kariyer.net\/kariyer-rehberi\/","logo":{"@type":"ImageObject","inLanguage":"tr","@id":"https:\/\/www.kariyer.net\/kariyer-rehberi\/#\/schema\/logo\/image\/","url":"https:\/\/www.kariyer.net\/kariyer-rehberi-new\/wp-content\/uploads\/2023\/01\/og-image11.jpg","contentUrl":"https:\/\/www.kariyer.net\/kariyer-rehberi-new\/wp-content\/uploads\/2023\/01\/og-image11.jpg","width":800,"height":800,"caption":"Kariyer.net"},"image":{"@id":"https:\/\/www.kariyer.net\/kariyer-rehberi\/#\/schema\/logo\/image\/"}},{"@type":"Person","@id":"https:\/\/www.kariyer.net\/kariyer-rehberi\/#\/schema\/person\/96c80fcfe6e088628dd105b9746b44a8","name":"Ye\u015fim Sar\u0131er Aksu","image":{"@type":"ImageObject","inLanguage":"tr","@id":"https:\/\/www.kariyer.net\/kariyer-rehberi\/#\/schema\/person\/image\/","url":"https:\/\/secure.gravatar.com\/avatar\/e104674e9a8338d72bcce6b74dbe01074c987dfd015f629c6f7f9ff039a6aa6e?s=96&d=mm&r=g","contentUrl":"https:\/\/secure.gravatar.com\/avatar\/e104674e9a8338d72bcce6b74dbe01074c987dfd015f629c6f7f9ff039a6aa6e?s=96&d=mm&r=g","caption":"Ye\u015fim Sar\u0131er Aksu"},"description":"Kocaeli \u00dcniversitesi Gazetecilik b\u00f6l\u00fcm\u00fcnde okurken gen\u00e7 bir muhabir olarak ba\u015flad\u0131\u011f\u0131 yaz\u0131 ve haber merak\u0131 hi\u00e7 eksilmedi. Muhabirlik, edit\u00f6rl\u00fck ve kurumlar\u0131n web sitelerinin y\u00f6netiminin ard\u0131ndan Temmuz 2011\u2019de Kariyer.net\u2019e \u0130\u00e7erik Y\u00f6neticisi olarak kat\u0131ld\u0131. Haber T\u00fcrk Kariyer, Kariyer Dergi ve Kariyer Rehberi i\u00e7in i\u00e7erikler \u00fcretti.","sameAs":["http:\/\/www.kariyer.net\/kariyer-rehberi\/yesim-sarier-aksu\/","https:\/\/x.com\/http:\/\/twitter.com\/yesimsarier"],"url":"https:\/\/www.kariyer.net\/kariyer-rehberi\/author\/yesimsarieraksu\/"}]}},"_links":{"self":[{"href":"https:\/\/www.kariyer.net\/kariyer-rehberi\/wp-json\/wp\/v2\/posts\/1150","targetHints":{"allow":["GET"]}}],"collection":[{"href":"https:\/\/www.kariyer.net\/kariyer-rehberi\/wp-json\/wp\/v2\/posts"}],"about":[{"href":"https:\/\/www.kariyer.net\/kariyer-rehberi\/wp-json\/wp\/v2\/types\/post"}],"author":[{"embeddable":true,"href":"https:\/\/www.kariyer.net\/kariyer-rehberi\/wp-json\/wp\/v2\/users\/4"}],"replies":[{"embeddable":true,"href":"https:\/\/www.kariyer.net\/kariyer-rehberi\/wp-json\/wp\/v2\/comments?post=1150"}],"version-history":[{"count":0,"href":"https:\/\/www.kariyer.net\/kariyer-rehberi\/wp-json\/wp\/v2\/posts\/1150\/revisions"}],"wp:featuredmedia":[{"embeddable":true,"href":"https:\/\/www.kariyer.net\/kariyer-rehberi\/wp-json\/wp\/v2\/media\/4020"}],"wp:attachment":[{"href":"https:\/\/www.kariyer.net\/kariyer-rehberi\/wp-json\/wp\/v2\/media?parent=1150"}],"wp:term":[{"taxonomy":"category","embeddable":true,"href":"https:\/\/www.kariyer.net\/kariyer-rehberi\/wp-json\/wp\/v2\/categories?post=1150"},{"taxonomy":"post_tag","embeddable":true,"href":"https:\/\/www.kariyer.net\/kariyer-rehberi\/wp-json\/wp\/v2\/tags?post=1150"}],"curies":[{"name":"wp","href":"https:\/\/api.w.org\/{rel}","templated":true}]}}