{"id":11756,"date":"2018-09-17T13:27:05","date_gmt":"2018-09-17T10:27:05","guid":{"rendered":"https:\/\/www.kariyer.net\/kariyer-rehberi\/?p=11756"},"modified":"2024-07-03T15:26:46","modified_gmt":"2024-07-03T12:26:46","slug":"bu-mulakat-deneyimi-kacmaz","status":"publish","type":"post","link":"https:\/\/www.kariyer.net\/kariyer-rehberi\/bu-mulakat-deneyimi-kacmaz\/","title":{"rendered":"Bu m\u00fclakat deneyimi ka\u00e7maz!"},"content":{"rendered":"<p><strong>Kariyerin boyunca ihtiya\u00e7 duydu\u011fun her alanda yan\u0131nda olmay\u0131 ama\u00e7layan Kariyer.net, 5. kez d\u00fczenlenecek olan Interview Challenge ile i\u015f d\u00fcnyas\u0131n\u0131n kap\u0131lar\u0131n\u0131 aralamana yard\u0131mc\u0131 oluyor! Proje kapsam\u0131nda Kariyer.net, T\u00fcrkiye\u2019nin en iyi \u015firketlerinin \u00fcst d\u00fczey \u0130K y\u00f6neticileriyle 100 \u015fansl\u0131 \u00fcniversite \u00f6\u011frencisini bir araya getiriyor! \u00a0<\/strong><\/p>\n<p>Kariyer.net \u00fcniversite \u00f6\u011frencilerini Interview Challenge ile i\u015f d\u00fcnyas\u0131na haz\u0131rlamaya devam ediyor. 26 Eyl\u00fcl 2018\u2019de 5. kez ger\u00e7ekle\u015ftirilecek olan <strong>Interview Challenge<\/strong> adl\u0131 m\u00fclakat sim\u00fclasyonunda T\u00fcrkiye\u2019nin \u00f6nde gelen 10 \u015firketinden \u0130nsan Kaynaklar\u0131 y\u00f6neticisi, 100 yetenekli \u00fcniversite \u00f6\u011frencisiyle bire bir m\u00fclakat ger\u00e7ekle\u015ftirecek.<\/p>\n<p>Bug\u00fcne kadar yap\u0131lan 4 etkinlikte, 36 \u015firket y\u00f6neticisi 420 \u00f6\u011frenci ile bir araya gelerek m\u00fclakat sim\u00fclasyonu ger\u00e7ekle\u015ftirdi ve sekt\u00f6r\u00fcnde \u00f6nde gelen \u015firketlerinin insan kaynaklar\u0131 yetkilileri ile tan\u0131\u015farak m\u00fclakat deneyimi kazand\u0131.<\/p>\n<p>E\u011fer sen de 100 \u015fansl\u0131 \u00f6\u011frenciden biri olmak, \u00a0i\u015f hayat\u0131na sa\u011flam bir ba\u015flang\u0131\u00e7 yapmak ve m\u00fclakat deneyimi kazanmak istiyorsan \u00a0<strong><em><a href=\"https:\/\/www.kariyer.net\/is-ilani\/kariyer-interview-challenge-2140648?ilankodusfr=2140648&amp;f=f15j&amp;ulkeId=0&amp;sehirId=0&amp;firmaAd=&amp;pozisyonad\" target=\"_blank\" rel=\"noopener\">hemen ilana ba\u015fvurman gerekiyor!<\/a><\/em><\/strong><\/p>\n<h3><strong>\u201cInterview Challenge\u201da se\u00e7ilmek i\u00e7in neler yapmal\u0131s\u0131n?<\/strong><\/h3>\n<p>Interview Challenge\u2019da 100 \u015fanl\u0131 \u00f6\u011frencinin aras\u0131nda yer almak i\u00e7in \u00f6ncelikle etkileyici bir \u00f6nyaz\u0131 haz\u0131rlayarak<strong>\u00a0<\/strong>Kariyer.net\u2019teki Interview Challenge ilan\u0131na 28 Eyl\u00fcl 2018\u2019e kadar ba\u015fvurman gerekiyor! Ayr\u0131ca, CV\u2019ler aras\u0131nda \u00f6ne \u00e7\u0131kmak i\u00e7in altta yer alan iki maddeye de dikkat etmelisin;<\/p>\n<ul>\n<li>E\u011fitim bilgilerini, burslar\u0131n\u0131, bildi\u011fin yabanc\u0131 dilleri, bu zamana kadar ald\u0131\u011f\u0131n sertifikalar\u0131, kat\u0131ld\u0131\u011f\u0131n ya da y\u00f6netti\u011fin projeleri \u00f6zge\u00e7mi\u015fine mutlaka ekle.<\/li>\n<li>\u00d6zge\u00e7mi\u015f doluluk oran\u0131n\u0131n %60 ve \u00fczerinde olmas\u0131na \u00f6zen g\u00f6ster!<\/li>\n<\/ul>\n<h3><strong>Interview Challenge\u2019da neler olacak?<\/strong><\/h3>\n<ul>\n<li>Sekt\u00f6r\u00fcn\u00fcn lideri \u015firketlerden kat\u0131l\u0131m sa\u011flayacak her bir y\u00f6netici, senin gibi 10 yetenekli \u00fcniversite \u00f6\u011frencisi ile bire bir m\u00fclakat sim\u00fclasyonu yapacak.<\/li>\n<li>Birebir m\u00fclakat sim\u00fclasyonunun 15 dakikas\u0131 m\u00fclakattan, 5 dakikas\u0131 da y\u00f6neticinin sana verece\u011fi geri bildirimden olu\u015facak.<\/li>\n<li>Kat\u0131l\u0131mc\u0131 \u015firketler aras\u0131ndan iki farkl\u0131 \u015firket ile bu g\u00f6r\u00fc\u015fmeleri yapacaks\u0131n.<\/li>\n<li>G\u00f6r\u00fc\u015fmenin sonunda her y\u00f6netici g\u00f6r\u00fc\u015ft\u00fc\u011f\u00fc \u00f6\u011frenciye puan verecek.<\/li>\n<\/ul>\n<h3><strong>Kat\u0131l\u0131mc\u0131lar ne kazanacak?<\/strong><\/h3>\n<ul>\n<li>G\u00fcn sonunda, en y\u00fcksek puan\u0131 alan \u00f6\u011frenciye 3 ay boyunca Kariyer.net Strateji ve \u0130\u015f Geli\u015ftirme Genel M\u00fcd\u00fcr Yard\u0131mc\u0131s\u0131 Bar\u0131\u015f Karadenizli\u2019den ment\u00f6rl\u00fck,<\/li>\n<li>T\u00fcm kat\u0131l\u0131mc\u0131lara Interview Challenge kat\u0131l\u0131m sertifikas\u0131,<\/li>\n<li>Kat\u0131l\u0131mc\u0131 \u015firketlerden s\u00fcrpriz hediyeler verilecek.<\/li>\n<\/ul>\n<h3>\u00a0<strong>Etkinlik ne zaman, nerede yap\u0131lacak<\/strong><strong>?<\/strong><\/h3>\n<ul>\n<li><strong>Tarih:<\/strong>26 Eyl\u00fcl 2018, \u00c7ar\u015famba g\u00fcn\u00fc<\/li>\n<li><strong>Zamanlama:<\/strong>\u0130ki oturumda ger\u00e7ekle\u015fecek 09.00 \u2013 13.00 \/ 13.00 \u2013 17.00<\/li>\n<li><strong>Yer:<\/strong>Levent Workinton\u2019da<\/li>\n<\/ul>\n<h3><strong>Se\u00e7ilen 100 ki\u015fiden biri oldu\u011funu nas\u0131l \u00f6\u011freneceksin?<\/strong><\/h3>\n<ul>\n<li>Etkinlikten 1 g\u00fcn \u00f6ncesine kadar Kariyer.net taraf\u0131ndan telefon, SMS veya e-posta yolu ile davet edilebilirsin.<\/li>\n<\/ul>\n<p><a href=\"https:\/\/www.kariyer.net\/is-ilani\/kariyer-interview-challenge-2140648?ilankodusfr=2140648&amp;f=f15j&amp;ulkeId=0&amp;sehirId=0&amp;firmaAd=&amp;pozisyonad\" target=\"_blank\" rel=\"noopener\"><img decoding=\"async\" class=\"size-full wp-image-7812 aligncenter\" src=\"https:\/\/www.kariyer.net\/kariyer-rehberi\/wp-content\/uploads\/2016\/06\/basvurbuton.jpg\" alt=\"\" width=\"138\" height=\"36\" \/><\/a><em>Kat\u0131l\u0131mc\u0131 \u015firketleri \u00f6\u011frenmek i\u00e7in takipte kal! M\u00fclakata kat\u0131lamayacaksan arand\u0131\u011f\u0131nda veya sonras\u0131nda bizi haberdar etmelisin!<\/em><\/p>\n<!-- templates\/buttons-placeholder.php -->\n<div class=\"da-reactions-outer TpostID11756\">\n\t    <div class=\"da-reactions-data da-reactions-container-async center\"\n         data-type=\"post\"\n         data-id=\"11756\"\n         id=\"da-reactions-slot-post-11756\">\n        <div class=\"da-reactions-static\">\n\t\t\t<img src=\"https:\/\/www.kariyer.net\/kariyer-rehberi\/wp-content\/plugins\/da-reactions\/assets\/dist\/loading.svg\" alt=\"Loading spinner\" width=\"48\" height=\"48\" style=\"width:48px\" \/>\n        <\/div>\n    <\/div>\n<\/div>\n","protected":false},"excerpt":{"rendered":"<p>Kariyerin boyunca ihtiya\u00e7 duydu\u011fun her alanda yan\u0131nda olmay\u0131 ama\u00e7layan Kariyer.net, 5. kez d\u00fczenlenecek olan Interview Challenge ile i\u015f d\u00fcnyas\u0131n\u0131n kap\u0131lar\u0131n\u0131 aralamana yard\u0131mc\u0131 oluyor! Proje kapsam\u0131nda Kariyer.net, T\u00fcrkiye\u2019nin en iyi \u015firketlerinin \u00fcst d\u00fczey \u0130K y\u00f6neticileriyle 100 \u015fansl\u0131 \u00fcniversite \u00f6\u011frencisini bir araya getiriyor! \u00a0 Kariyer.net \u00fcniversite \u00f6\u011frencilerini Interview Challenge ile i\u015f d\u00fcnyas\u0131na haz\u0131rlamaya devam ediyor. 26 Eyl\u00fcl [&hellip;]<\/p>\n<!-- templates\/buttons-placeholder.php -->\n<div class=\"da-reactions-outer TpostID11756\">\n\t    <div class=\"da-reactions-data da-reactions-container-async center\"\n         data-type=\"post\"\n         data-id=\"11756\"\n         id=\"da-reactions-slot-post-11756\">\n        <div class=\"da-reactions-static\">\n\t\t\t<img src=\"https:\/\/www.kariyer.net\/kariyer-rehberi\/wp-content\/plugins\/da-reactions\/assets\/dist\/loading.svg\" alt=\"Loading spinner\" width=\"48\" height=\"48\" style=\"width:48px\" \/>\n        <\/div>\n    <\/div>\n<\/div>\n","protected":false},"author":12,"featured_media":11759,"comment_status":"open","ping_status":"open","sticky":false,"template":"","format":"standard","meta":{"footnotes":"","_elementor_edit_mode":"","_elementor_template_type":"","_elementor_data":"","_elementor_page_settings":null,"_elementor_conditions":[]},"categories":[2211],"tags":[1107],"class_list":{"0":"post-11756","1":"post","2":"type-post","3":"status-publish","4":"format-standard","5":"has-post-thumbnail","7":"category-kariyer-gelisimi","8":"tag-interview-challenge"},"yoast_head":"<!-- This site is optimized with the Yoast SEO Premium plugin v21.4 (Yoast SEO v27.0) - https:\/\/yoast.com\/product\/yoast-seo-premium-wordpress\/ -->\n<title>Bu m\u00fclakat deneyimi ka\u00e7maz! | Kariyer Rehberi<\/title>\n<meta name=\"description\" content=\"Kariyerin boyunca ihtiya\u00e7 duydu\u011fun her alanda yan\u0131nda olmay\u0131 ama\u00e7layan Kariyer.net, 5. kez d\u00fczenlenecek olan Interview Challenge ile i\u015f d\u00fcnyas\u0131n\u0131n\" \/>\n<meta name=\"robots\" content=\"index, follow, max-snippet:-1, max-image-preview:large, max-video-preview:-1\" \/>\n<link rel=\"canonical\" href=\"https:\/\/www.kariyer.net\/kariyer-rehberi\/bu-mulakat-deneyimi-kacmaz\/\" \/>\n<meta property=\"og:locale\" content=\"tr_TR\" \/>\n<meta property=\"og:type\" content=\"article\" \/>\n<meta property=\"og:title\" content=\"Bu m\u00fclakat deneyimi ka\u00e7maz!\" \/>\n<meta property=\"og:description\" content=\"Kariyerin boyunca ihtiya\u00e7 duydu\u011fun her alanda yan\u0131nda olmay\u0131 ama\u00e7layan Kariyer.net, 5. kez d\u00fczenlenecek olan Interview Challenge ile i\u015f d\u00fcnyas\u0131n\u0131n\" \/>\n<meta property=\"og:url\" content=\"https:\/\/www.kariyer.net\/kariyer-rehberi\/bu-mulakat-deneyimi-kacmaz\/\" \/>\n<meta property=\"og:site_name\" content=\"Kariyer Rehberi\" \/>\n<meta property=\"article:published_time\" content=\"2018-09-17T10:27:05+00:00\" \/>\n<meta property=\"article:modified_time\" content=\"2024-07-03T12:26:46+00:00\" \/>\n<meta property=\"og:image\" content=\"https:\/\/www.kariyer.net\/kariyer-rehberi\/wp-content\/uploads\/2018\/09\/\u0131nterview-challenge7474.jpg\" \/>\n\t<meta property=\"og:image:width\" content=\"900\" \/>\n\t<meta property=\"og:image:height\" content=\"600\" \/>\n\t<meta property=\"og:image:type\" content=\"image\/jpeg\" \/>\n<meta name=\"author\" content=\"Edit\u00f6r\" \/>\n<meta name=\"twitter:card\" content=\"summary_large_image\" \/>\n<meta name=\"twitter:label1\" content=\"Yazan:\" \/>\n\t<meta name=\"twitter:data1\" content=\"Edit\u00f6r\" \/>\n\t<meta name=\"twitter:label2\" content=\"Tahmini okuma s\u00fcresi\" \/>\n\t<meta name=\"twitter:data2\" content=\"2 dakika\" \/>\n<!-- \/ Yoast SEO Premium plugin. -->","yoast_head_json":{"title":"Bu m\u00fclakat deneyimi ka\u00e7maz! | Kariyer Rehberi","description":"Kariyerin boyunca ihtiya\u00e7 duydu\u011fun her alanda yan\u0131nda olmay\u0131 ama\u00e7layan Kariyer.net, 5. kez d\u00fczenlenecek olan Interview Challenge ile i\u015f d\u00fcnyas\u0131n\u0131n","robots":{"index":"index","follow":"follow","max-snippet":"max-snippet:-1","max-image-preview":"max-image-preview:large","max-video-preview":"max-video-preview:-1"},"canonical":"https:\/\/www.kariyer.net\/kariyer-rehberi\/bu-mulakat-deneyimi-kacmaz\/","og_locale":"tr_TR","og_type":"article","og_title":"Bu m\u00fclakat deneyimi ka\u00e7maz!","og_description":"Kariyerin boyunca ihtiya\u00e7 duydu\u011fun her alanda yan\u0131nda olmay\u0131 ama\u00e7layan Kariyer.net, 5. kez d\u00fczenlenecek olan Interview Challenge ile i\u015f d\u00fcnyas\u0131n\u0131n","og_url":"https:\/\/www.kariyer.net\/kariyer-rehberi\/bu-mulakat-deneyimi-kacmaz\/","og_site_name":"Kariyer Rehberi","article_published_time":"2018-09-17T10:27:05+00:00","article_modified_time":"2024-07-03T12:26:46+00:00","og_image":[{"width":900,"height":600,"url":"https:\/\/www.kariyer.net\/kariyer-rehberi\/wp-content\/uploads\/2018\/09\/\u0131nterview-challenge7474.jpg","type":"image\/jpeg"}],"author":"Edit\u00f6r","twitter_card":"summary_large_image","twitter_misc":{"Yazan:":"Edit\u00f6r","Tahmini okuma s\u00fcresi":"2 dakika"},"schema":{"@context":"https:\/\/schema.org","@graph":[{"@type":"Article","@id":"https:\/\/www.kariyer.net\/kariyer-rehberi\/bu-mulakat-deneyimi-kacmaz\/#article","isPartOf":{"@id":"https:\/\/www.kariyer.net\/kariyer-rehberi\/bu-mulakat-deneyimi-kacmaz\/"},"author":{"name":"Edit\u00f6r","@id":"https:\/\/www.kariyer.net\/kariyer-rehberi\/#\/schema\/person\/94fd6e49c7ff1b1b2565a2cc4fd685dd"},"headline":"Bu m\u00fclakat deneyimi ka\u00e7maz!","datePublished":"2018-09-17T10:27:05+00:00","dateModified":"2024-07-03T12:26:46+00:00","mainEntityOfPage":{"@id":"https:\/\/www.kariyer.net\/kariyer-rehberi\/bu-mulakat-deneyimi-kacmaz\/"},"wordCount":488,"commentCount":0,"publisher":{"@id":"https:\/\/www.kariyer.net\/kariyer-rehberi\/#organization"},"image":{"@id":"https:\/\/www.kariyer.net\/kariyer-rehberi\/bu-mulakat-deneyimi-kacmaz\/#primaryimage"},"thumbnailUrl":"https:\/\/www.kariyer.net\/kariyer-rehberi\/wp-content\/uploads\/2018\/09\/\u0131nterview-challenge7474.jpg","keywords":["Interview Challenge"],"articleSection":["Kariyer Geli\u015fimi"],"inLanguage":"tr","potentialAction":[{"@type":"CommentAction","name":"Comment","target":["https:\/\/www.kariyer.net\/kariyer-rehberi\/bu-mulakat-deneyimi-kacmaz\/#respond"]}]},{"@type":"WebPage","@id":"https:\/\/www.kariyer.net\/kariyer-rehberi\/bu-mulakat-deneyimi-kacmaz\/","url":"https:\/\/www.kariyer.net\/kariyer-rehberi\/bu-mulakat-deneyimi-kacmaz\/","name":"Bu m\u00fclakat deneyimi ka\u00e7maz! | Kariyer Rehberi","isPartOf":{"@id":"https:\/\/www.kariyer.net\/kariyer-rehberi\/#website"},"primaryImageOfPage":{"@id":"https:\/\/www.kariyer.net\/kariyer-rehberi\/bu-mulakat-deneyimi-kacmaz\/#primaryimage"},"image":{"@id":"https:\/\/www.kariyer.net\/kariyer-rehberi\/bu-mulakat-deneyimi-kacmaz\/#primaryimage"},"thumbnailUrl":"https:\/\/www.kariyer.net\/kariyer-rehberi\/wp-content\/uploads\/2018\/09\/\u0131nterview-challenge7474.jpg","datePublished":"2018-09-17T10:27:05+00:00","dateModified":"2024-07-03T12:26:46+00:00","description":"Kariyerin boyunca ihtiya\u00e7 duydu\u011fun her alanda yan\u0131nda olmay\u0131 ama\u00e7layan Kariyer.net, 5. kez d\u00fczenlenecek olan Interview Challenge ile i\u015f d\u00fcnyas\u0131n\u0131n","breadcrumb":{"@id":"https:\/\/www.kariyer.net\/kariyer-rehberi\/bu-mulakat-deneyimi-kacmaz\/#breadcrumb"},"inLanguage":"tr","potentialAction":[{"@type":"ReadAction","target":["https:\/\/www.kariyer.net\/kariyer-rehberi\/bu-mulakat-deneyimi-kacmaz\/"]}]},{"@type":"ImageObject","inLanguage":"tr","@id":"https:\/\/www.kariyer.net\/kariyer-rehberi\/bu-mulakat-deneyimi-kacmaz\/#primaryimage","url":"https:\/\/www.kariyer.net\/kariyer-rehberi\/wp-content\/uploads\/2018\/09\/\u0131nterview-challenge7474.jpg","contentUrl":"https:\/\/www.kariyer.net\/kariyer-rehberi\/wp-content\/uploads\/2018\/09\/\u0131nterview-challenge7474.jpg","width":900,"height":600},{"@type":"BreadcrumbList","@id":"https:\/\/www.kariyer.net\/kariyer-rehberi\/bu-mulakat-deneyimi-kacmaz\/#breadcrumb","itemListElement":[{"@type":"ListItem","position":1,"name":"Anasayfa","item":"https:\/\/www.kariyer.net\/kariyer-rehberi\/"},{"@type":"ListItem","position":2,"name":"Bu m\u00fclakat deneyimi ka\u00e7maz!"}]},{"@type":"WebSite","@id":"https:\/\/www.kariyer.net\/kariyer-rehberi\/#website","url":"https:\/\/www.kariyer.net\/kariyer-rehberi\/","name":"Kariyer Rehberi","description":"\u0130\u015f D\u00fcnyas\u0131yla \u0130lgili Bilmek \u0130stedi\u011finiz Her \u015eey","publisher":{"@id":"https:\/\/www.kariyer.net\/kariyer-rehberi\/#organization"},"potentialAction":[{"@type":"SearchAction","target":{"@type":"EntryPoint","urlTemplate":"https:\/\/www.kariyer.net\/kariyer-rehberi\/?s={search_term_string}"},"query-input":{"@type":"PropertyValueSpecification","valueRequired":true,"valueName":"search_term_string"}}],"inLanguage":"tr"},{"@type":"Organization","@id":"https:\/\/www.kariyer.net\/kariyer-rehberi\/#organization","name":"Kariyer.net","url":"https:\/\/www.kariyer.net\/kariyer-rehberi\/","logo":{"@type":"ImageObject","inLanguage":"tr","@id":"https:\/\/www.kariyer.net\/kariyer-rehberi\/#\/schema\/logo\/image\/","url":"https:\/\/www.kariyer.net\/kariyer-rehberi-new\/wp-content\/uploads\/2023\/01\/og-image11.jpg","contentUrl":"https:\/\/www.kariyer.net\/kariyer-rehberi-new\/wp-content\/uploads\/2023\/01\/og-image11.jpg","width":800,"height":800,"caption":"Kariyer.net"},"image":{"@id":"https:\/\/www.kariyer.net\/kariyer-rehberi\/#\/schema\/logo\/image\/"}},{"@type":"Person","@id":"https:\/\/www.kariyer.net\/kariyer-rehberi\/#\/schema\/person\/94fd6e49c7ff1b1b2565a2cc4fd685dd","name":"Edit\u00f6r","image":{"@type":"ImageObject","inLanguage":"tr","@id":"https:\/\/www.kariyer.net\/kariyer-rehberi\/#\/schema\/person\/image\/","url":"https:\/\/secure.gravatar.com\/avatar\/0c4fe6688343aed3693b15573beae12c08ace5565409d5ab7509bf9c115f458d?s=96&d=mm&r=g","contentUrl":"https:\/\/secure.gravatar.com\/avatar\/0c4fe6688343aed3693b15573beae12c08ace5565409d5ab7509bf9c115f458d?s=96&d=mm&r=g","caption":"Edit\u00f6r"},"url":"https:\/\/www.kariyer.net\/kariyer-rehberi\/author\/editor\/"}]}},"_links":{"self":[{"href":"https:\/\/www.kariyer.net\/kariyer-rehberi\/wp-json\/wp\/v2\/posts\/11756","targetHints":{"allow":["GET"]}}],"collection":[{"href":"https:\/\/www.kariyer.net\/kariyer-rehberi\/wp-json\/wp\/v2\/posts"}],"about":[{"href":"https:\/\/www.kariyer.net\/kariyer-rehberi\/wp-json\/wp\/v2\/types\/post"}],"author":[{"embeddable":true,"href":"https:\/\/www.kariyer.net\/kariyer-rehberi\/wp-json\/wp\/v2\/users\/12"}],"replies":[{"embeddable":true,"href":"https:\/\/www.kariyer.net\/kariyer-rehberi\/wp-json\/wp\/v2\/comments?post=11756"}],"version-history":[{"count":1,"href":"https:\/\/www.kariyer.net\/kariyer-rehberi\/wp-json\/wp\/v2\/posts\/11756\/revisions"}],"predecessor-version":[{"id":19502,"href":"https:\/\/www.kariyer.net\/kariyer-rehberi\/wp-json\/wp\/v2\/posts\/11756\/revisions\/19502"}],"wp:featuredmedia":[{"embeddable":true,"href":"https:\/\/www.kariyer.net\/kariyer-rehberi\/wp-json\/wp\/v2\/media\/11759"}],"wp:attachment":[{"href":"https:\/\/www.kariyer.net\/kariyer-rehberi\/wp-json\/wp\/v2\/media?parent=11756"}],"wp:term":[{"taxonomy":"category","embeddable":true,"href":"https:\/\/www.kariyer.net\/kariyer-rehberi\/wp-json\/wp\/v2\/categories?post=11756"},{"taxonomy":"post_tag","embeddable":true,"href":"https:\/\/www.kariyer.net\/kariyer-rehberi\/wp-json\/wp\/v2\/tags?post=11756"}],"curies":[{"name":"wp","href":"https:\/\/api.w.org\/{rel}","templated":true}]}}