{"id":11899,"date":"2018-11-05T07:00:49","date_gmt":"2018-11-05T04:00:49","guid":{"rendered":"https:\/\/www.kariyer.net\/kariyer-rehberi\/?p=11899"},"modified":"2018-11-05T16:29:00","modified_gmt":"2018-11-05T13:29:00","slug":"20-bin-sozlesmeli-ogretmen-atamasinin-tarihi-aciklandi","status":"publish","type":"post","link":"https:\/\/www.kariyer.net\/kariyer-rehberi\/20-bin-sozlesmeli-ogretmen-atamasinin-tarihi-aciklandi\/","title":{"rendered":"20 bin s\u00f6zle\u015fmeli \u00f6\u011fretmen atamas\u0131n\u0131n tarihi a\u00e7\u0131kland\u0131"},"content":{"rendered":"<p><strong>Milli E\u011fitim Bakanl\u0131\u011f\u0131 taraf\u0131ndan yap\u0131lan a\u00e7\u0131klamaya g\u00f6re, 20 bin s\u00f6zle\u015fmeli \u00f6\u011fretmenin atamas\u0131 7 \u015eubat 2019&#8217;da yap\u0131lacak. \u00d6n ba\u015fvurular ise 19-23 Kas\u0131m\u2019da al\u0131nacak.<\/strong><\/p>\n<p>Milli E\u011fitim Bakanl\u0131\u011f\u0131 taraf\u0131ndan yap\u0131lan a\u00e7\u0131klamaya g\u00f6re 20 bin s\u00f6zle\u015fmeli \u00f6\u011fretmen al\u0131m\u0131na ili\u015fkin \u00f6n ba\u015fvurular 19-23 Kas\u0131m\u2019da al\u0131nacak. Adaylar\u0131n s\u00f6zl\u00fc s\u0131nava al\u0131nacaklar\u0131 s\u0131nav merkezleri 3 Aral\u0131k\u2019ta ilan edilecek, s\u00f6zl\u00fc s\u0131navlar 10-31 Aral\u0131k 2018\u2019de yap\u0131lacak. Sonu\u00e7lar\u0131n ilan\u0131 15 Ocak, tercihlerin al\u0131nmas\u0131 28 Ocak- 1 \u015eubat tarihleri aras\u0131nda, atamalar ise 7 \u015eubat 2019 tarihinde ger\u00e7ekle\u015ftirilecek.<\/p>\n<p>A\u00e7\u0131klanan takvimde 2019 y\u0131l\u0131 \u00f6\u011fretmenlerin mazerete ba\u011fl\u0131, il i\u00e7i ve iller aras\u0131 yer de\u011fi\u015ftirme i\u015flemlerine ili\u015fkin s\u00fcre\u00e7 de yer ald\u0131. Buna g\u00f6re, \u00f6\u011fretmenlerin Ocak d\u00f6nemi mazerete ba\u011fl\u0131 atamalar\u0131 18 Ocak\u2019ta; A\u011fustos d\u00f6nemi mazerete ba\u011fl\u0131 atamalar ise 29 A\u011fustos 2019 tarihinde yap\u0131lacak.\u00a0\u00d6\u011fretmenlerin il i\u00e7i yer de\u011fi\u015ftirme i\u015flemlerine ili\u015fkin olarak; ba\u015fvurular 21-24 May\u0131s tarihleri aras\u0131nda, atamalar 29 May\u0131s 2019 tarihinde ger\u00e7ekle\u015ftirilecek.<\/p>\n<p>\u00d6\u011fretmenlerin iller aras\u0131 iste\u011fe ba\u011fl\u0131 ve zorunlu \u00e7al\u0131\u015fma y\u00fck\u00fcml\u00fcl\u00fc\u011f\u00fcne ba\u011fl\u0131 yer de\u011fi\u015ftirme i\u015flemleri i\u00e7in ba\u015fvurular 10-14 Haziran tarihleri aras\u0131nda, atamalar ise 18 Haziran 2019 tarihinde ger\u00e7ekle\u015ftirilecek.<\/p>\n<p>&nbsp;<\/p>\n<!-- templates\/buttons-placeholder.php -->\n<div class=\"da-reactions-outer TpostID11899\">\n\t    <div class=\"da-reactions-data da-reactions-container-async center\"\n         data-type=\"post\"\n         data-id=\"11899\"\n         id=\"da-reactions-slot-post-11899\">\n        <div class=\"da-reactions-static\">\n\t\t\t<img src=\"https:\/\/www.kariyer.net\/kariyer-rehberi\/wp-content\/plugins\/da-reactions\/assets\/dist\/loading.svg\" alt=\"Loading spinner\" width=\"48\" height=\"48\" style=\"width:48px\" \/>\n        <\/div>\n    <\/div>\n<\/div>\n","protected":false},"excerpt":{"rendered":"<p>Milli E\u011fitim Bakanl\u0131\u011f\u0131 taraf\u0131ndan yap\u0131lan a\u00e7\u0131klamaya g\u00f6re, 20 bin s\u00f6zle\u015fmeli \u00f6\u011fretmenin atamas\u0131 7 \u015eubat 2019&#8217;da yap\u0131lacak. \u00d6n ba\u015fvurular ise 19-23 Kas\u0131m\u2019da al\u0131nacak. Milli E\u011fitim Bakanl\u0131\u011f\u0131 taraf\u0131ndan yap\u0131lan a\u00e7\u0131klamaya g\u00f6re 20 bin s\u00f6zle\u015fmeli \u00f6\u011fretmen al\u0131m\u0131na ili\u015fkin \u00f6n ba\u015fvurular 19-23 Kas\u0131m\u2019da al\u0131nacak. Adaylar\u0131n s\u00f6zl\u00fc s\u0131nava al\u0131nacaklar\u0131 s\u0131nav merkezleri 3 Aral\u0131k\u2019ta ilan edilecek, s\u00f6zl\u00fc s\u0131navlar 10-31 Aral\u0131k 2018\u2019de [&hellip;]<\/p>\n<!-- templates\/buttons-placeholder.php -->\n<div class=\"da-reactions-outer TpostID11899\">\n\t    <div class=\"da-reactions-data da-reactions-container-async center\"\n         data-type=\"post\"\n         data-id=\"11899\"\n         id=\"da-reactions-slot-post-11899\">\n        <div class=\"da-reactions-static\">\n\t\t\t<img src=\"https:\/\/www.kariyer.net\/kariyer-rehberi\/wp-content\/plugins\/da-reactions\/assets\/dist\/loading.svg\" alt=\"Loading spinner\" width=\"48\" height=\"48\" style=\"width:48px\" \/>\n        <\/div>\n    <\/div>\n<\/div>\n","protected":false},"author":12,"featured_media":11900,"comment_status":"open","ping_status":"open","sticky":false,"template":"","format":"standard","meta":{"footnotes":"","_elementor_edit_mode":"","_elementor_template_type":"","_elementor_data":"","_elementor_page_settings":null,"_elementor_conditions":[]},"categories":[46],"tags":[],"class_list":{"0":"post-11899","1":"post","2":"type-post","3":"status-publish","4":"format-standard","5":"has-post-thumbnail","7":"category-is-hayati"},"yoast_head":"<!-- This site is optimized with the Yoast SEO Premium plugin v21.4 (Yoast SEO v27.0) - https:\/\/yoast.com\/product\/yoast-seo-premium-wordpress\/ -->\n<title>20 bin s\u00f6zle\u015fmeli \u00f6\u011fretmen atamas\u0131n\u0131n tarihi a\u00e7\u0131kland\u0131 | Kariyer Rehberi<\/title>\n<meta name=\"description\" content=\"Milli E\u011fitim Bakanl\u0131\u011f\u0131 taraf\u0131ndan yap\u0131lan a\u00e7\u0131klamaya g\u00f6re, 20 bin s\u00f6zle\u015fmeli \u00f6\u011fretmenin atamas\u0131 7 \u015eubat 2019&#039;da yap\u0131lacak. \u00d6n ba\u015fvurular ise 19-23\" \/>\n<meta name=\"robots\" content=\"index, follow, max-snippet:-1, max-image-preview:large, max-video-preview:-1\" \/>\n<link rel=\"canonical\" href=\"https:\/\/www.kariyer.net\/kariyer-rehberi\/20-bin-sozlesmeli-ogretmen-atamasinin-tarihi-aciklandi\/\" \/>\n<meta property=\"og:locale\" content=\"tr_TR\" \/>\n<meta property=\"og:type\" content=\"article\" \/>\n<meta property=\"og:title\" content=\"20 bin s\u00f6zle\u015fmeli \u00f6\u011fretmen atamas\u0131n\u0131n tarihi a\u00e7\u0131kland\u0131\" \/>\n<meta property=\"og:description\" content=\"Milli E\u011fitim Bakanl\u0131\u011f\u0131 taraf\u0131ndan yap\u0131lan a\u00e7\u0131klamaya g\u00f6re, 20 bin s\u00f6zle\u015fmeli \u00f6\u011fretmenin atamas\u0131 7 \u015eubat 2019&#039;da yap\u0131lacak. \u00d6n ba\u015fvurular ise 19-23\" \/>\n<meta property=\"og:url\" content=\"https:\/\/www.kariyer.net\/kariyer-rehberi\/20-bin-sozlesmeli-ogretmen-atamasinin-tarihi-aciklandi\/\" \/>\n<meta property=\"og:site_name\" content=\"Kariyer Rehberi\" \/>\n<meta property=\"article:published_time\" content=\"2018-11-05T04:00:49+00:00\" \/>\n<meta property=\"article:modified_time\" content=\"2018-11-05T13:29:00+00:00\" \/>\n<meta property=\"og:image\" content=\"https:\/\/www.kariyer.net\/kariyer-rehberi\/wp-content\/uploads\/2018\/11\/ogretmen_atama.jpg\" \/>\n\t<meta property=\"og:image:width\" content=\"900\" \/>\n\t<meta property=\"og:image:height\" content=\"600\" \/>\n\t<meta property=\"og:image:type\" content=\"image\/jpeg\" \/>\n<meta name=\"author\" content=\"Edit\u00f6r\" \/>\n<meta name=\"twitter:card\" content=\"summary_large_image\" \/>\n<meta name=\"twitter:label1\" content=\"Yazan:\" \/>\n\t<meta name=\"twitter:data1\" content=\"Edit\u00f6r\" \/>\n\t<meta name=\"twitter:label2\" content=\"Tahmini okuma s\u00fcresi\" \/>\n\t<meta name=\"twitter:data2\" content=\"1 dakika\" \/>\n<!-- \/ Yoast SEO Premium plugin. -->","yoast_head_json":{"title":"20 bin s\u00f6zle\u015fmeli \u00f6\u011fretmen atamas\u0131n\u0131n tarihi a\u00e7\u0131kland\u0131 | Kariyer Rehberi","description":"Milli E\u011fitim Bakanl\u0131\u011f\u0131 taraf\u0131ndan yap\u0131lan a\u00e7\u0131klamaya g\u00f6re, 20 bin s\u00f6zle\u015fmeli \u00f6\u011fretmenin atamas\u0131 7 \u015eubat 2019'da yap\u0131lacak. \u00d6n ba\u015fvurular ise 19-23","robots":{"index":"index","follow":"follow","max-snippet":"max-snippet:-1","max-image-preview":"max-image-preview:large","max-video-preview":"max-video-preview:-1"},"canonical":"https:\/\/www.kariyer.net\/kariyer-rehberi\/20-bin-sozlesmeli-ogretmen-atamasinin-tarihi-aciklandi\/","og_locale":"tr_TR","og_type":"article","og_title":"20 bin s\u00f6zle\u015fmeli \u00f6\u011fretmen atamas\u0131n\u0131n tarihi a\u00e7\u0131kland\u0131","og_description":"Milli E\u011fitim Bakanl\u0131\u011f\u0131 taraf\u0131ndan yap\u0131lan a\u00e7\u0131klamaya g\u00f6re, 20 bin s\u00f6zle\u015fmeli \u00f6\u011fretmenin atamas\u0131 7 \u015eubat 2019'da yap\u0131lacak. \u00d6n ba\u015fvurular ise 19-23","og_url":"https:\/\/www.kariyer.net\/kariyer-rehberi\/20-bin-sozlesmeli-ogretmen-atamasinin-tarihi-aciklandi\/","og_site_name":"Kariyer Rehberi","article_published_time":"2018-11-05T04:00:49+00:00","article_modified_time":"2018-11-05T13:29:00+00:00","og_image":[{"width":900,"height":600,"url":"https:\/\/www.kariyer.net\/kariyer-rehberi\/wp-content\/uploads\/2018\/11\/ogretmen_atama.jpg","type":"image\/jpeg"}],"author":"Edit\u00f6r","twitter_card":"summary_large_image","twitter_misc":{"Yazan:":"Edit\u00f6r","Tahmini okuma s\u00fcresi":"1 dakika"},"schema":{"@context":"https:\/\/schema.org","@graph":[{"@type":"Article","@id":"https:\/\/www.kariyer.net\/kariyer-rehberi\/20-bin-sozlesmeli-ogretmen-atamasinin-tarihi-aciklandi\/#article","isPartOf":{"@id":"https:\/\/www.kariyer.net\/kariyer-rehberi\/20-bin-sozlesmeli-ogretmen-atamasinin-tarihi-aciklandi\/"},"author":{"name":"Edit\u00f6r","@id":"https:\/\/www.kariyer.net\/kariyer-rehberi\/#\/schema\/person\/94fd6e49c7ff1b1b2565a2cc4fd685dd"},"headline":"20 bin s\u00f6zle\u015fmeli \u00f6\u011fretmen atamas\u0131n\u0131n tarihi a\u00e7\u0131kland\u0131","datePublished":"2018-11-05T04:00:49+00:00","dateModified":"2018-11-05T13:29:00+00:00","mainEntityOfPage":{"@id":"https:\/\/www.kariyer.net\/kariyer-rehberi\/20-bin-sozlesmeli-ogretmen-atamasinin-tarihi-aciklandi\/"},"wordCount":244,"commentCount":0,"publisher":{"@id":"https:\/\/www.kariyer.net\/kariyer-rehberi\/#organization"},"image":{"@id":"https:\/\/www.kariyer.net\/kariyer-rehberi\/20-bin-sozlesmeli-ogretmen-atamasinin-tarihi-aciklandi\/#primaryimage"},"thumbnailUrl":"https:\/\/www.kariyer.net\/kariyer-rehberi\/wp-content\/uploads\/2018\/11\/ogretmen_atama.jpg","articleSection":["\u0130\u015f Hayat\u0131"],"inLanguage":"tr","potentialAction":[{"@type":"CommentAction","name":"Comment","target":["https:\/\/www.kariyer.net\/kariyer-rehberi\/20-bin-sozlesmeli-ogretmen-atamasinin-tarihi-aciklandi\/#respond"]}]},{"@type":"WebPage","@id":"https:\/\/www.kariyer.net\/kariyer-rehberi\/20-bin-sozlesmeli-ogretmen-atamasinin-tarihi-aciklandi\/","url":"https:\/\/www.kariyer.net\/kariyer-rehberi\/20-bin-sozlesmeli-ogretmen-atamasinin-tarihi-aciklandi\/","name":"20 bin s\u00f6zle\u015fmeli \u00f6\u011fretmen atamas\u0131n\u0131n tarihi a\u00e7\u0131kland\u0131 | Kariyer Rehberi","isPartOf":{"@id":"https:\/\/www.kariyer.net\/kariyer-rehberi\/#website"},"primaryImageOfPage":{"@id":"https:\/\/www.kariyer.net\/kariyer-rehberi\/20-bin-sozlesmeli-ogretmen-atamasinin-tarihi-aciklandi\/#primaryimage"},"image":{"@id":"https:\/\/www.kariyer.net\/kariyer-rehberi\/20-bin-sozlesmeli-ogretmen-atamasinin-tarihi-aciklandi\/#primaryimage"},"thumbnailUrl":"https:\/\/www.kariyer.net\/kariyer-rehberi\/wp-content\/uploads\/2018\/11\/ogretmen_atama.jpg","datePublished":"2018-11-05T04:00:49+00:00","dateModified":"2018-11-05T13:29:00+00:00","description":"Milli E\u011fitim Bakanl\u0131\u011f\u0131 taraf\u0131ndan yap\u0131lan a\u00e7\u0131klamaya g\u00f6re, 20 bin s\u00f6zle\u015fmeli \u00f6\u011fretmenin atamas\u0131 7 \u015eubat 2019'da yap\u0131lacak. \u00d6n ba\u015fvurular ise 19-23","breadcrumb":{"@id":"https:\/\/www.kariyer.net\/kariyer-rehberi\/20-bin-sozlesmeli-ogretmen-atamasinin-tarihi-aciklandi\/#breadcrumb"},"inLanguage":"tr","potentialAction":[{"@type":"ReadAction","target":["https:\/\/www.kariyer.net\/kariyer-rehberi\/20-bin-sozlesmeli-ogretmen-atamasinin-tarihi-aciklandi\/"]}]},{"@type":"ImageObject","inLanguage":"tr","@id":"https:\/\/www.kariyer.net\/kariyer-rehberi\/20-bin-sozlesmeli-ogretmen-atamasinin-tarihi-aciklandi\/#primaryimage","url":"https:\/\/www.kariyer.net\/kariyer-rehberi\/wp-content\/uploads\/2018\/11\/ogretmen_atama.jpg","contentUrl":"https:\/\/www.kariyer.net\/kariyer-rehberi\/wp-content\/uploads\/2018\/11\/ogretmen_atama.jpg","width":900,"height":600},{"@type":"BreadcrumbList","@id":"https:\/\/www.kariyer.net\/kariyer-rehberi\/20-bin-sozlesmeli-ogretmen-atamasinin-tarihi-aciklandi\/#breadcrumb","itemListElement":[{"@type":"ListItem","position":1,"name":"Anasayfa","item":"https:\/\/www.kariyer.net\/kariyer-rehberi\/"},{"@type":"ListItem","position":2,"name":"20 bin s\u00f6zle\u015fmeli \u00f6\u011fretmen atamas\u0131n\u0131n tarihi a\u00e7\u0131kland\u0131"}]},{"@type":"WebSite","@id":"https:\/\/www.kariyer.net\/kariyer-rehberi\/#website","url":"https:\/\/www.kariyer.net\/kariyer-rehberi\/","name":"Kariyer Rehberi","description":"\u0130\u015f D\u00fcnyas\u0131yla \u0130lgili Bilmek \u0130stedi\u011finiz Her \u015eey","publisher":{"@id":"https:\/\/www.kariyer.net\/kariyer-rehberi\/#organization"},"potentialAction":[{"@type":"SearchAction","target":{"@type":"EntryPoint","urlTemplate":"https:\/\/www.kariyer.net\/kariyer-rehberi\/?s={search_term_string}"},"query-input":{"@type":"PropertyValueSpecification","valueRequired":true,"valueName":"search_term_string"}}],"inLanguage":"tr"},{"@type":"Organization","@id":"https:\/\/www.kariyer.net\/kariyer-rehberi\/#organization","name":"Kariyer.net","url":"https:\/\/www.kariyer.net\/kariyer-rehberi\/","logo":{"@type":"ImageObject","inLanguage":"tr","@id":"https:\/\/www.kariyer.net\/kariyer-rehberi\/#\/schema\/logo\/image\/","url":"https:\/\/www.kariyer.net\/kariyer-rehberi-new\/wp-content\/uploads\/2023\/01\/og-image11.jpg","contentUrl":"https:\/\/www.kariyer.net\/kariyer-rehberi-new\/wp-content\/uploads\/2023\/01\/og-image11.jpg","width":800,"height":800,"caption":"Kariyer.net"},"image":{"@id":"https:\/\/www.kariyer.net\/kariyer-rehberi\/#\/schema\/logo\/image\/"}},{"@type":"Person","@id":"https:\/\/www.kariyer.net\/kariyer-rehberi\/#\/schema\/person\/94fd6e49c7ff1b1b2565a2cc4fd685dd","name":"Edit\u00f6r","image":{"@type":"ImageObject","inLanguage":"tr","@id":"https:\/\/www.kariyer.net\/kariyer-rehberi\/#\/schema\/person\/image\/","url":"https:\/\/secure.gravatar.com\/avatar\/0c4fe6688343aed3693b15573beae12c08ace5565409d5ab7509bf9c115f458d?s=96&d=mm&r=g","contentUrl":"https:\/\/secure.gravatar.com\/avatar\/0c4fe6688343aed3693b15573beae12c08ace5565409d5ab7509bf9c115f458d?s=96&d=mm&r=g","caption":"Edit\u00f6r"},"url":"https:\/\/www.kariyer.net\/kariyer-rehberi\/author\/editor\/"}]}},"_links":{"self":[{"href":"https:\/\/www.kariyer.net\/kariyer-rehberi\/wp-json\/wp\/v2\/posts\/11899","targetHints":{"allow":["GET"]}}],"collection":[{"href":"https:\/\/www.kariyer.net\/kariyer-rehberi\/wp-json\/wp\/v2\/posts"}],"about":[{"href":"https:\/\/www.kariyer.net\/kariyer-rehberi\/wp-json\/wp\/v2\/types\/post"}],"author":[{"embeddable":true,"href":"https:\/\/www.kariyer.net\/kariyer-rehberi\/wp-json\/wp\/v2\/users\/12"}],"replies":[{"embeddable":true,"href":"https:\/\/www.kariyer.net\/kariyer-rehberi\/wp-json\/wp\/v2\/comments?post=11899"}],"version-history":[{"count":0,"href":"https:\/\/www.kariyer.net\/kariyer-rehberi\/wp-json\/wp\/v2\/posts\/11899\/revisions"}],"wp:featuredmedia":[{"embeddable":true,"href":"https:\/\/www.kariyer.net\/kariyer-rehberi\/wp-json\/wp\/v2\/media\/11900"}],"wp:attachment":[{"href":"https:\/\/www.kariyer.net\/kariyer-rehberi\/wp-json\/wp\/v2\/media?parent=11899"}],"wp:term":[{"taxonomy":"category","embeddable":true,"href":"https:\/\/www.kariyer.net\/kariyer-rehberi\/wp-json\/wp\/v2\/categories?post=11899"},{"taxonomy":"post_tag","embeddable":true,"href":"https:\/\/www.kariyer.net\/kariyer-rehberi\/wp-json\/wp\/v2\/tags?post=11899"}],"curies":[{"name":"wp","href":"https:\/\/api.w.org\/{rel}","templated":true}]}}