{"id":12179,"date":"2021-01-13T11:35:25","date_gmt":"2021-01-13T08:35:25","guid":{"rendered":"https:\/\/www.kariyer.net\/kariyer-rehberi\/?p=12179"},"modified":"2025-06-18T17:56:08","modified_gmt":"2025-06-18T14:56:08","slug":"maas-zammi-nasil-istenir","status":"publish","type":"post","link":"https:\/\/www.kariyer.net\/kariyer-rehberi\/maas-zammi-nasil-istenir\/","title":{"rendered":"Maa\u015f zamm\u0131 nas\u0131l istenir?"},"content":{"rendered":"<p><strong>Maa\u015f zamm\u0131 konusunun g\u00fcndemde oldu\u011fu bir d\u00f6nemdeyiz. Zam oranlar\u0131na g\u00f6re kimi \u00e7al\u0131\u015fanlar yeni i\u015f tekliflerini de\u011ferlendirirken kimileri de maa\u015f beklentilerini y\u00f6netime sunacak. \u0130K ve Kariyer Dan\u0131\u015fman\u0131 Esra Kemer, \u00e7al\u0131\u015fanlar\u0131n maa\u015f zamm\u0131 g\u00f6r\u00fc\u015fmelerinde dikkat etmesi gerekenleri yaz\u0131m\u0131zda anlatt\u0131.<\/strong><\/p>\n<p>Maa\u015f zamm\u0131 konu\u015fulmaya ba\u015fland\u0131. Kimi \u015firketlerde zamlar maa\u015flara yans\u0131maya ba\u015flam\u0131\u015fken kimilerinde ise s\u00fcre\u00e7 hen\u00fcz ba\u015flamad\u0131. Son d\u00f6nemde yapt\u0131\u011f\u0131m m\u00fclakatlarda ve dan\u0131\u015fmanl\u0131k g\u00f6r\u00fc\u015fmelerinde, \u201cYeni bir i\u015fe ba\u015flamak m\u0131, yoksa \u00e7al\u0131\u015f\u0131lan i\u015fte maa\u015f pazarl\u0131\u011f\u0131 yapmak m\u0131 daha mant\u0131kl\u0131?\u201d sorusu s\u0131kl\u0131kla y\u00f6neltiliyor. \u0130\u015f de\u011fi\u015fikli\u011fi karar\u0131 vermeden \u00f6nce beklentilerini, var olan i\u015finin bu beklentileri ne kadar kar\u015f\u0131lad\u0131\u011f\u0131n\u0131 ara\u015ft\u0131rman ve karar\u0131n\u0131 buna g\u00f6re vermen do\u011fru ad\u0131m atman\u0131 kolayla\u015ft\u0131r\u0131r.<\/p>\n<p>Hepimizin i\u015f ve \u00f6zel ya\u015fam beklentisi farkl\u0131d\u0131r. \u0130\u015f de\u011fi\u015fikli\u011fi yapmadan \u00f6nce, bizim i\u00e7in en do\u011fru karar\u0131 vermemiz, ileride pi\u015fman olmamam\u0131z\u0131 engeller. \u00d6rne\u011fin, ald\u0131\u011f\u0131n maa\u015f sebebiyle i\u015f de\u011fi\u015ftirmek bazen en do\u011fru karar olmayabilir. \u015e\u00f6yle d\u00fc\u015f\u00fcn; y\u00f6neticin seni destekliyorsa, yapt\u0131\u011f\u0131n i\u015ften mutluysan, huzurlu bir \u00e7al\u0131\u015fma ortam\u0131n varsa bunlar iyi i\u015faretlerdir. E\u011fer konu sadece maa\u015f\u0131n ise en son ne zaman maa\u015f\u0131na zam ald\u0131\u011f\u0131n\u0131, zam konusuyla ilgili akl\u0131na tak\u0131n t\u00fcm sorular\u0131 yazmal\u0131 ve bunlar\u0131n cevaplar\u0131n\u0131 bulunmal\u0131s\u0131n. \u0130\u015f de\u011fi\u015ftirmek yerine maa\u015f\u0131n\u0131n artmas\u0131 i\u00e7in yapaca\u011f\u0131n konu\u015fma, verece\u011fin en do\u011fru karar olabilir.<\/p>\n<h2><strong>Zam isterken nelere dikkat etmelisin?<\/strong><\/h2>\n<p>E\u011fer akl\u0131ndan maa\u015f zamm\u0131 konu\u015fmas\u0131 yapmak ge\u00e7iyorsa, bu konu\u015fmay\u0131 yapmadan \u00f6nce mutlaka haz\u0131rl\u0131k yapmal\u0131s\u0131n. G\u00f6r\u00fc\u015fmede kullanaca\u011f\u0131n c\u00fcmleleri, art\u0131\u015f\u0131 neden istedi\u011fini, yeni d\u00f6nemde \u015firkete kataca\u011f\u0131n de\u011ferleri net olarak belirlemelisin. Burada kritik olan, y\u00f6neticinin uygun bir zaman\u0131n\u0131 kollaman. \u00d6rne\u011fin, \u00f6nemli bir sat\u0131\u015f projesinin sonras\u0131nda bu zam talebini iletmen lehine olabilir. Bu konu\u015fmaya haz\u0131rlan\u0131rken i\u015f yerinin kurumsall\u0131\u011f\u0131, maa\u015f politikas\u0131 gibi detaylar\u0131 dikkate almay\u0131 unutma. Ayr\u0131ca, maa\u015f\u0131n\u0131n olmas\u0131 gerekenden daha az oldu\u011funu d\u00fc\u015f\u00fcn\u00fcyorsan, iyile\u015ftirme de isteyebilirsin.<\/p>\n<h2><strong>De\u011ferini belirle<\/strong><\/h2>\n<p>Zam konu\u015fmas\u0131n\u0131 yapmadan \u00f6nce tecr\u00fcbenin ve konumunun i\u015f hayat\u0131ndaki de\u011ferini \u00f6\u011fren<em>.<\/em> Yeni maa\u015f\u0131n\u0131 isterken ortalama bir de\u011fer vermek yerine, k\u00fcsurat\u0131 bar\u0131nd\u0131ran bir \u00fccret verebilirsin. Mesela 8.500 demek yerine 8.700 TL olarak belirtebilirsin. K\u00fcsuratlar detayl\u0131 \u00e7al\u0131\u015fman\u0131n g\u00f6stergesidir ve bu da bir nevi sat\u0131\u015f stratejisidir.<\/p>\n<h2><strong>Maa\u015f aral\u0131\u011f\u0131 belirle<\/strong><\/h2>\n<p>Maa\u015f zamm\u0131 konusunu ifade ederken bir aral\u0131k belirleyerek maa\u015f beklentini dile getirebilirsin. Bir aral\u0131k belirlemen yani esnek olman, sana pozitif bir \u015fekilde d\u00f6nebilir. Maa\u015f zamm\u0131n\u0131 istedi\u011fin oranda alamayaca\u011f\u0131n\u0131 d\u00fc\u015f\u00fcn\u00fcyorsan, yan haklar\u0131n\u0131zda bir art\u0131\u015f\/farkl\u0131l\u0131k da isteyebilirsin.<\/p>\n<h2><strong>T<\/strong><strong>alebini ki\u015fiselle\u015ftir<\/strong><\/h2>\n<p>Maa\u015f zamm\u0131 talebinde bulunurken sana \u00f6zel gerekliliklerden bahsedebilirsin. \u00c7aresiz bir \u015fekilde istemek yerine, somut \u00f6rnekler verebilirsin. \u00d6rne\u011fin, ailene yeni kat\u0131lacak bebe\u011finden bahsederek zamma neden ihtiya\u00e7 duydu\u011funu belirtebilirsin. Ki\u015fiselle\u015ftirmenin di\u011fer yolu; seninle ayn\u0131 i\u015fi yapan meslekta\u015flar\u0131ndan seni ay\u0131ran ve \u00f6ne \u00e7\u0131karan y\u00f6n\u00fcn\u00fc ifade etmenle olur. E\u011fer bu art\u0131n firma i\u00e7in de ayr\u0131 bir \u00f6nem ta\u015f\u0131yorsa, zam isterken bunu dile getirebilirsin.<\/p>\n<h2><strong>Say\u0131lardan faydalan<\/strong><\/h2>\n<p>Maa\u015f zamm\u0131n i\u00e7in pazarl\u0131k yaparken, yetkinliklerin, portf\u00f6y\u00fcn ve i\u015finle ilgili ba\u015far\u0131lar\u0131n \u00fczerine odaklanabilirsin. Ge\u00e7mi\u015f d\u00f6nemde yapt\u0131klar\u0131n\u0131 dile getirirken say\u0131lara yer vermen, somut \u00f6rnekler sunman, \u00fcretti\u011fin projelere yer vermen elini sa\u011flamla\u015ft\u0131r\u0131r.<\/p>\n<h2><strong>Pozitif ol<\/strong><\/h2>\n<p>\u201cMaa\u015f\u0131ma zam yapmazsan\u0131z \u00e7ekip giderim\u201d <a href=\"https:\/\/www.kariyer.net\/kariyer-rehberi\/maas-zammi-gorusmesinde-soylememeniz-gerekenler\/\" target=\"_blank\" rel=\"noopener\">mesaj\u0131<\/a><a href=\"https:\/\/www.kariyer.net\/kariyer-rehberi\/maas-zammi-gorusmesinde-soylememeniz-gerekenler\/\" target=\"_blank\" rel=\"noopener\">n\u0131<\/a><a href=\"https:\/\/www.kariyer.net\/kariyer-rehberi\/maas-zammi-gorusmesinde-soylememeniz-gerekenler\/\" target=\"_blank\" rel=\"noopener\"> vermekten ka\u00e7\u0131n.<\/a> Maa\u015f\u0131na art\u0131\u015f isterken; \u00e7al\u0131\u015ft\u0131\u011f\u0131n \u015firkete ve i\u015fine \u00f6nem verdi\u011fini, ba\u011fl\u0131l\u0131\u011f\u0131n\u0131 ve bu ekibin bir par\u00e7as\u0131 olmaktan duydu\u011fun mutlulu\u011fu, samimiyetinle y\u00f6neticine hissettir. Konu\u015fman\u0131 yapmak i\u00e7in mutlaka haz\u0131rlan.<\/p>\n<p>Maa\u015flar ve yap\u0131lan zam oranlar\u0131 \u015firket i\u00e7inde en h\u0131zl\u0131 yay\u0131lan bilgidir. E\u011fer genele g\u00f6re daha az zam ald\u0131\u011f\u0131n\u0131 d\u00fc\u015f\u00fcn\u00fcyorsan, \u00f6ncelikle sakin ol ve fevri davranma. \u00d6fkeyle y\u00f6neticinle veya \u0130K birimiyle ileti\u015fime ge\u00e7mek ve gemileri yakmak yerine \u00e7\u00f6z\u00fcm \u00fcretmeye \u00e7al\u0131\u015f. D\u00fc\u015f\u00fcnmeden alaca\u011f\u0131n istifa karar\u0131, mali durumunu olduk\u00e7a sarsabilir. \u00c7al\u0131\u015fma hayat\u0131 ve kariyerin i\u00e7in \u015fartlar\u0131, gereklilikleri, \u015firket i\u00e7i konumunu ve hedeflerini d\u00fc\u015f\u00fcn\u00fcp gerekirse yeni bir aksiyon plan\u0131 \u00e7\u0131karmal\u0131s\u0131n. Fevri davranmak yerine b\u00fcy\u00fck resme, hedeflerine odaklan ve i\u015f bulmadan i\u015ften ayr\u0131lmamaya gayret et.<\/p>\n<div class=\"td-post-content tagdiv-type\">\n<div class=\"td-post-content tagdiv-type\">\n<div class=\"td-post-content tagdiv-type\">\n<div class=\"td-post-content\">\n<p><strong>Konuk Yazar:<\/strong> Esra Kemer\/\u0130nsan Kaynaklar\u0131 ve Kariyer Dan\u0131\u015fman\u0131<\/p>\n<\/div>\n<\/div>\n<\/div>\n<\/div>\n<!-- templates\/buttons-placeholder.php -->\n<div class=\"da-reactions-outer TpostID12179\">\n\t    <div class=\"da-reactions-data da-reactions-container-async center\"\n         data-type=\"post\"\n         data-id=\"12179\"\n         id=\"da-reactions-slot-post-12179\">\n        <div class=\"da-reactions-static\">\n\t\t\t<img src=\"https:\/\/www.kariyer.net\/kariyer-rehberi\/wp-content\/plugins\/da-reactions\/assets\/dist\/loading.svg\" alt=\"Loading spinner\" width=\"48\" height=\"48\" style=\"width:48px\" \/>\n        <\/div>\n    <\/div>\n<\/div>\n","protected":false},"excerpt":{"rendered":"<p>Maa\u015f zamm\u0131 konusunun g\u00fcndemde oldu\u011fu bir d\u00f6nemdeyiz. Zam oranlar\u0131na g\u00f6re kimi \u00e7al\u0131\u015fanlar yeni i\u015f tekliflerini de\u011ferlendirirken kimileri de maa\u015f beklentilerini y\u00f6netime sunacak. \u0130K ve Kariyer Dan\u0131\u015fman\u0131 Esra Kemer, \u00e7al\u0131\u015fanlar\u0131n maa\u015f zamm\u0131 g\u00f6r\u00fc\u015fmelerinde dikkat etmesi gerekenleri yaz\u0131m\u0131zda anlatt\u0131. Maa\u015f zamm\u0131 konu\u015fulmaya ba\u015fland\u0131. Kimi \u015firketlerde zamlar maa\u015flara yans\u0131maya ba\u015flam\u0131\u015fken kimilerinde ise s\u00fcre\u00e7 hen\u00fcz ba\u015flamad\u0131. Son d\u00f6nemde yapt\u0131\u011f\u0131m [&hellip;]<\/p>\n<!-- templates\/buttons-placeholder.php -->\n<div class=\"da-reactions-outer TpostID12179\">\n\t    <div class=\"da-reactions-data da-reactions-container-async center\"\n         data-type=\"post\"\n         data-id=\"12179\"\n         id=\"da-reactions-slot-post-12179\">\n        <div class=\"da-reactions-static\">\n\t\t\t<img src=\"https:\/\/www.kariyer.net\/kariyer-rehberi\/wp-content\/plugins\/da-reactions\/assets\/dist\/loading.svg\" alt=\"Loading spinner\" width=\"48\" height=\"48\" style=\"width:48px\" \/>\n        <\/div>\n    <\/div>\n<\/div>\n","protected":false},"author":9,"featured_media":14351,"comment_status":"open","ping_status":"open","sticky":false,"template":"","format":"standard","meta":{"footnotes":"","_elementor_edit_mode":"","_elementor_template_type":"","_elementor_data":"","_elementor_page_settings":null,"_elementor_conditions":[]},"categories":[46,2214],"tags":[2222,2225],"class_list":{"0":"post-12179","1":"post","2":"type-post","3":"status-publish","4":"format-standard","5":"has-post-thumbnail","7":"category-is-hayati","8":"category-yasam","9":"tag-maas","10":"tag-tum-kitle"},"yoast_head":"<!-- This site is optimized with the Yoast SEO Premium plugin v21.4 (Yoast SEO v27.0) - https:\/\/yoast.com\/product\/yoast-seo-premium-wordpress\/ -->\n<title>Maa\u015f zamm\u0131 nas\u0131l istenir? | Kariyer Rehberi<\/title>\n<meta name=\"description\" content=\"Maa\u015f zamm\u0131 nas\u0131l istenir? Maa\u015f zamlar\u0131n\u0131n g\u00fcndemde oldu\u011fu bir d\u00f6nemdeyiz. yaz\u0131m\u0131z\u0131 okuyarak nas\u0131l maa\u015f zamm\u0131 isteyebilece\u011finizi \u00f6\u011frenin.\" \/>\n<meta name=\"robots\" content=\"index, follow, max-snippet:-1, max-image-preview:large, max-video-preview:-1\" \/>\n<link rel=\"canonical\" href=\"https:\/\/www.kariyer.net\/kariyer-rehberi\/maas-zammi-nasil-istenir\/\" \/>\n<meta property=\"og:locale\" content=\"tr_TR\" \/>\n<meta property=\"og:type\" content=\"article\" \/>\n<meta property=\"og:title\" content=\"Maa\u015f zamm\u0131 nas\u0131l istenir?\" \/>\n<meta property=\"og:description\" content=\"Maa\u015f zamm\u0131 konusunun g\u00fcndemde oldu\u011fu bir d\u00f6nemdeyiz. Zam oranlar\u0131na g\u00f6re kimi \u00e7al\u0131\u015fanlar yeni i\u015f tekliflerini de\u011ferlendirirken kimileri de maa\u015f\" \/>\n<meta property=\"og:url\" content=\"https:\/\/www.kariyer.net\/kariyer-rehberi\/maas-zammi-nasil-istenir\/\" \/>\n<meta property=\"og:site_name\" content=\"Kariyer Rehberi\" \/>\n<meta property=\"article:published_time\" content=\"2021-01-13T08:35:25+00:00\" \/>\n<meta property=\"article:modified_time\" content=\"2025-06-18T14:56:08+00:00\" \/>\n<meta property=\"og:image\" content=\"https:\/\/www.kariyer.net\/kariyer-rehberi\/wp-content\/uploads\/2019\/02\/iStock-1294578601.jpg\" \/>\n\t<meta property=\"og:image:width\" content=\"900\" \/>\n\t<meta property=\"og:image:height\" content=\"600\" \/>\n\t<meta property=\"og:image:type\" content=\"image\/jpeg\" \/>\n<meta name=\"author\" content=\"Konuk Yazar\" \/>\n<meta name=\"twitter:card\" content=\"summary_large_image\" \/>\n<meta name=\"twitter:label1\" content=\"Yazan:\" \/>\n\t<meta name=\"twitter:data1\" content=\"Konuk Yazar\" \/>\n\t<meta name=\"twitter:label2\" content=\"Tahmini okuma s\u00fcresi\" \/>\n\t<meta name=\"twitter:data2\" content=\"4 dakika\" \/>\n<!-- \/ Yoast SEO Premium plugin. -->","yoast_head_json":{"title":"Maa\u015f zamm\u0131 nas\u0131l istenir? | Kariyer Rehberi","description":"Maa\u015f zamm\u0131 nas\u0131l istenir? Maa\u015f zamlar\u0131n\u0131n g\u00fcndemde oldu\u011fu bir d\u00f6nemdeyiz. yaz\u0131m\u0131z\u0131 okuyarak nas\u0131l maa\u015f zamm\u0131 isteyebilece\u011finizi \u00f6\u011frenin.","robots":{"index":"index","follow":"follow","max-snippet":"max-snippet:-1","max-image-preview":"max-image-preview:large","max-video-preview":"max-video-preview:-1"},"canonical":"https:\/\/www.kariyer.net\/kariyer-rehberi\/maas-zammi-nasil-istenir\/","og_locale":"tr_TR","og_type":"article","og_title":"Maa\u015f zamm\u0131 nas\u0131l istenir?","og_description":"Maa\u015f zamm\u0131 konusunun g\u00fcndemde oldu\u011fu bir d\u00f6nemdeyiz. Zam oranlar\u0131na g\u00f6re kimi \u00e7al\u0131\u015fanlar yeni i\u015f tekliflerini de\u011ferlendirirken kimileri de maa\u015f","og_url":"https:\/\/www.kariyer.net\/kariyer-rehberi\/maas-zammi-nasil-istenir\/","og_site_name":"Kariyer Rehberi","article_published_time":"2021-01-13T08:35:25+00:00","article_modified_time":"2025-06-18T14:56:08+00:00","og_image":[{"width":900,"height":600,"url":"https:\/\/www.kariyer.net\/kariyer-rehberi\/wp-content\/uploads\/2019\/02\/iStock-1294578601.jpg","type":"image\/jpeg"}],"author":"Konuk Yazar","twitter_card":"summary_large_image","twitter_misc":{"Yazan:":"Konuk Yazar","Tahmini okuma s\u00fcresi":"4 dakika"},"schema":{"@context":"https:\/\/schema.org","@graph":[{"@type":"Article","@id":"https:\/\/www.kariyer.net\/kariyer-rehberi\/maas-zammi-nasil-istenir\/#article","isPartOf":{"@id":"https:\/\/www.kariyer.net\/kariyer-rehberi\/maas-zammi-nasil-istenir\/"},"author":{"name":"Konuk Yazar","@id":"https:\/\/www.kariyer.net\/kariyer-rehberi\/#\/schema\/person\/6154a58a8375a4df7f7fc847997c4657"},"headline":"Maa\u015f zamm\u0131 nas\u0131l istenir?","datePublished":"2021-01-13T08:35:25+00:00","dateModified":"2025-06-18T14:56:08+00:00","mainEntityOfPage":{"@id":"https:\/\/www.kariyer.net\/kariyer-rehberi\/maas-zammi-nasil-istenir\/"},"wordCount":806,"commentCount":0,"publisher":{"@id":"https:\/\/www.kariyer.net\/kariyer-rehberi\/#organization"},"image":{"@id":"https:\/\/www.kariyer.net\/kariyer-rehberi\/maas-zammi-nasil-istenir\/#primaryimage"},"thumbnailUrl":"https:\/\/www.kariyer.net\/kariyer-rehberi\/wp-content\/uploads\/2019\/02\/iStock-1294578601.jpg","keywords":["Maa\u015f","T\u00fcm kitle"],"articleSection":["\u0130\u015f Hayat\u0131","Ya\u015fam"],"inLanguage":"tr","potentialAction":[{"@type":"CommentAction","name":"Comment","target":["https:\/\/www.kariyer.net\/kariyer-rehberi\/maas-zammi-nasil-istenir\/#respond"]}]},{"@type":"WebPage","@id":"https:\/\/www.kariyer.net\/kariyer-rehberi\/maas-zammi-nasil-istenir\/","url":"https:\/\/www.kariyer.net\/kariyer-rehberi\/maas-zammi-nasil-istenir\/","name":"Maa\u015f zamm\u0131 nas\u0131l istenir? | Kariyer Rehberi","isPartOf":{"@id":"https:\/\/www.kariyer.net\/kariyer-rehberi\/#website"},"primaryImageOfPage":{"@id":"https:\/\/www.kariyer.net\/kariyer-rehberi\/maas-zammi-nasil-istenir\/#primaryimage"},"image":{"@id":"https:\/\/www.kariyer.net\/kariyer-rehberi\/maas-zammi-nasil-istenir\/#primaryimage"},"thumbnailUrl":"https:\/\/www.kariyer.net\/kariyer-rehberi\/wp-content\/uploads\/2019\/02\/iStock-1294578601.jpg","datePublished":"2021-01-13T08:35:25+00:00","dateModified":"2025-06-18T14:56:08+00:00","description":"Maa\u015f zamm\u0131 nas\u0131l istenir? Maa\u015f zamlar\u0131n\u0131n g\u00fcndemde oldu\u011fu bir d\u00f6nemdeyiz. yaz\u0131m\u0131z\u0131 okuyarak nas\u0131l maa\u015f zamm\u0131 isteyebilece\u011finizi \u00f6\u011frenin.","breadcrumb":{"@id":"https:\/\/www.kariyer.net\/kariyer-rehberi\/maas-zammi-nasil-istenir\/#breadcrumb"},"inLanguage":"tr","potentialAction":[{"@type":"ReadAction","target":["https:\/\/www.kariyer.net\/kariyer-rehberi\/maas-zammi-nasil-istenir\/"]}]},{"@type":"ImageObject","inLanguage":"tr","@id":"https:\/\/www.kariyer.net\/kariyer-rehberi\/maas-zammi-nasil-istenir\/#primaryimage","url":"https:\/\/www.kariyer.net\/kariyer-rehberi\/wp-content\/uploads\/2019\/02\/iStock-1294578601.jpg","contentUrl":"https:\/\/www.kariyer.net\/kariyer-rehberi\/wp-content\/uploads\/2019\/02\/iStock-1294578601.jpg","width":900,"height":600,"caption":"Maa\u015f zamm\u0131 nas\u0131l istenir?"},{"@type":"BreadcrumbList","@id":"https:\/\/www.kariyer.net\/kariyer-rehberi\/maas-zammi-nasil-istenir\/#breadcrumb","itemListElement":[{"@type":"ListItem","position":1,"name":"Anasayfa","item":"https:\/\/www.kariyer.net\/kariyer-rehberi\/"},{"@type":"ListItem","position":2,"name":"Maa\u015f zamm\u0131 nas\u0131l istenir?"}]},{"@type":"WebSite","@id":"https:\/\/www.kariyer.net\/kariyer-rehberi\/#website","url":"https:\/\/www.kariyer.net\/kariyer-rehberi\/","name":"Kariyer Rehberi","description":"\u0130\u015f D\u00fcnyas\u0131yla \u0130lgili Bilmek \u0130stedi\u011finiz Her \u015eey","publisher":{"@id":"https:\/\/www.kariyer.net\/kariyer-rehberi\/#organization"},"potentialAction":[{"@type":"SearchAction","target":{"@type":"EntryPoint","urlTemplate":"https:\/\/www.kariyer.net\/kariyer-rehberi\/?s={search_term_string}"},"query-input":{"@type":"PropertyValueSpecification","valueRequired":true,"valueName":"search_term_string"}}],"inLanguage":"tr"},{"@type":"Organization","@id":"https:\/\/www.kariyer.net\/kariyer-rehberi\/#organization","name":"Kariyer.net","url":"https:\/\/www.kariyer.net\/kariyer-rehberi\/","logo":{"@type":"ImageObject","inLanguage":"tr","@id":"https:\/\/www.kariyer.net\/kariyer-rehberi\/#\/schema\/logo\/image\/","url":"https:\/\/www.kariyer.net\/kariyer-rehberi-new\/wp-content\/uploads\/2023\/01\/og-image11.jpg","contentUrl":"https:\/\/www.kariyer.net\/kariyer-rehberi-new\/wp-content\/uploads\/2023\/01\/og-image11.jpg","width":800,"height":800,"caption":"Kariyer.net"},"image":{"@id":"https:\/\/www.kariyer.net\/kariyer-rehberi\/#\/schema\/logo\/image\/"}},{"@type":"Person","@id":"https:\/\/www.kariyer.net\/kariyer-rehberi\/#\/schema\/person\/6154a58a8375a4df7f7fc847997c4657","name":"Konuk Yazar","image":{"@type":"ImageObject","inLanguage":"tr","@id":"https:\/\/www.kariyer.net\/kariyer-rehberi\/#\/schema\/person\/image\/","url":"https:\/\/secure.gravatar.com\/avatar\/f03aa189ddb09160e6f0ad7e5e2c4b69c7102a041cc145a1e45a96f0100baa41?s=96&d=mm&r=g","contentUrl":"https:\/\/secure.gravatar.com\/avatar\/f03aa189ddb09160e6f0ad7e5e2c4b69c7102a041cc145a1e45a96f0100baa41?s=96&d=mm&r=g","caption":"Konuk Yazar"},"url":"https:\/\/www.kariyer.net\/kariyer-rehberi\/author\/konukyazar\/"}]}},"_links":{"self":[{"href":"https:\/\/www.kariyer.net\/kariyer-rehberi\/wp-json\/wp\/v2\/posts\/12179","targetHints":{"allow":["GET"]}}],"collection":[{"href":"https:\/\/www.kariyer.net\/kariyer-rehberi\/wp-json\/wp\/v2\/posts"}],"about":[{"href":"https:\/\/www.kariyer.net\/kariyer-rehberi\/wp-json\/wp\/v2\/types\/post"}],"author":[{"embeddable":true,"href":"https:\/\/www.kariyer.net\/kariyer-rehberi\/wp-json\/wp\/v2\/users\/9"}],"replies":[{"embeddable":true,"href":"https:\/\/www.kariyer.net\/kariyer-rehberi\/wp-json\/wp\/v2\/comments?post=12179"}],"version-history":[{"count":1,"href":"https:\/\/www.kariyer.net\/kariyer-rehberi\/wp-json\/wp\/v2\/posts\/12179\/revisions"}],"predecessor-version":[{"id":20600,"href":"https:\/\/www.kariyer.net\/kariyer-rehberi\/wp-json\/wp\/v2\/posts\/12179\/revisions\/20600"}],"wp:featuredmedia":[{"embeddable":true,"href":"https:\/\/www.kariyer.net\/kariyer-rehberi\/wp-json\/wp\/v2\/media\/14351"}],"wp:attachment":[{"href":"https:\/\/www.kariyer.net\/kariyer-rehberi\/wp-json\/wp\/v2\/media?parent=12179"}],"wp:term":[{"taxonomy":"category","embeddable":true,"href":"https:\/\/www.kariyer.net\/kariyer-rehberi\/wp-json\/wp\/v2\/categories?post=12179"},{"taxonomy":"post_tag","embeddable":true,"href":"https:\/\/www.kariyer.net\/kariyer-rehberi\/wp-json\/wp\/v2\/tags?post=12179"}],"curies":[{"name":"wp","href":"https:\/\/api.w.org\/{rel}","templated":true}]}}