{"id":12358,"date":"2019-03-29T09:25:37","date_gmt":"2019-03-29T06:25:37","guid":{"rendered":"https:\/\/www.kariyer.net\/kariyer-rehberi\/?p=12358"},"modified":"2024-07-03T16:05:44","modified_gmt":"2024-07-03T13:05:44","slug":"sanayi-sektorunun-bilinmeyenleri-off-the-recordta-konusuldu","status":"publish","type":"post","link":"https:\/\/www.kariyer.net\/kariyer-rehberi\/sanayi-sektorunun-bilinmeyenleri-off-the-recordta-konusuldu\/","title":{"rendered":"Sanayi sekt\u00f6r\u00fcn\u00fcn bilinmeyenleri Off The Record&#8217;ta konu\u015fuldu!"},"content":{"rendered":"<p><strong>Sanayi sekt\u00f6r\u00fcn\u00fcn bilinmeyenlerini sekt\u00f6r\u00fcn ba\u015far\u0131l\u0131 isimleriyle Off The Record sosyal medya canl\u0131 yay\u0131n\u0131m\u0131zda ele ald\u0131k&#8230;<\/strong><\/p>\n<p>Kale Holding \u0130K Grubu Ba\u015fkan Yard\u0131mc\u0131s\u0131 Selda Se\u00e7kinler, Tofa\u015f \u0130K Direkt\u00f6r\u00fc Burhan \u00c7ak\u0131r ve Unilever Tedarik Zinciri Direkt\u00f6r\u00fc Elif \u00c7ak\u0131r, Kariyer.net Genel M\u00fcd\u00fcr\u00fc Fatih Uysal&#8217;\u0131n konu\u011fu oldu ve sanayi sekt\u00f6r\u00fcne dair t\u00fcm merak edilenleri sosyal medya canl\u0131 yay\u0131n\u0131nda anlatt\u0131.<\/p>\n<!-- templates\/buttons-placeholder.php -->\n<div class=\"da-reactions-outer TpostID12358\">\n\t    <div class=\"da-reactions-data da-reactions-container-async center\"\n         data-type=\"post\"\n         data-id=\"12358\"\n         id=\"da-reactions-slot-post-12358\">\n        <div class=\"da-reactions-static\">\n\t\t\t<img src=\"https:\/\/www.kariyer.net\/kariyer-rehberi\/wp-content\/plugins\/da-reactions\/assets\/dist\/loading.svg\" alt=\"Loading spinner\" width=\"48\" height=\"48\" style=\"width:48px\" \/>\n        <\/div>\n    <\/div>\n<\/div>\n","protected":false},"excerpt":{"rendered":"<p>Sanayi sekt\u00f6r\u00fcn\u00fcn bilinmeyenlerini sekt\u00f6r\u00fcn ba\u015far\u0131l\u0131 isimleriyle Off The Record sosyal medya canl\u0131 yay\u0131n\u0131m\u0131zda ele ald\u0131k&#8230; Kale Holding \u0130K Grubu Ba\u015fkan Yard\u0131mc\u0131s\u0131 Selda Se\u00e7kinler, Tofa\u015f \u0130K Direkt\u00f6r\u00fc Burhan \u00c7ak\u0131r ve Unilever Tedarik Zinciri Direkt\u00f6r\u00fc Elif \u00c7ak\u0131r, Kariyer.net Genel M\u00fcd\u00fcr\u00fc Fatih Uysal&#8217;\u0131n konu\u011fu oldu ve sanayi sekt\u00f6r\u00fcne dair t\u00fcm merak edilenleri sosyal medya canl\u0131 yay\u0131n\u0131nda anlatt\u0131.<\/p>\n<!-- templates\/buttons-placeholder.php -->\n<div class=\"da-reactions-outer TpostID12358\">\n\t    <div class=\"da-reactions-data da-reactions-container-async center\"\n         data-type=\"post\"\n         data-id=\"12358\"\n         id=\"da-reactions-slot-post-12358\">\n        <div class=\"da-reactions-static\">\n\t\t\t<img src=\"https:\/\/www.kariyer.net\/kariyer-rehberi\/wp-content\/plugins\/da-reactions\/assets\/dist\/loading.svg\" alt=\"Loading spinner\" width=\"48\" height=\"48\" style=\"width:48px\" \/>\n        <\/div>\n    <\/div>\n<\/div>\n","protected":false},"author":12,"featured_media":12363,"comment_status":"open","ping_status":"open","sticky":false,"template":"","format":"video","meta":{"footnotes":"","_elementor_edit_mode":"","_elementor_template_type":"","_elementor_data":"","_elementor_page_settings":null,"_elementor_conditions":[]},"categories":[52],"tags":[],"class_list":{"0":"post-12358","1":"post","2":"type-post","3":"status-publish","4":"format-video","5":"has-post-thumbnail","7":"category-video","8":"post_format-post-format-video"},"yoast_head":"<!-- This site is optimized with the Yoast SEO Premium plugin v21.4 (Yoast SEO v27.0) - https:\/\/yoast.com\/product\/yoast-seo-premium-wordpress\/ -->\n<title>Sanayi sekt\u00f6r\u00fcn\u00fcn bilinmeyenleri Off The Record&#039;ta konu\u015fuldu! | Kariyer Rehberi<\/title>\n<meta name=\"description\" content=\"Sanayi sekt\u00f6r\u00fcn\u00fcn bilinmeyenlerini sekt\u00f6r\u00fcn ba\u015far\u0131l\u0131 isimleriyle Off The Record sosyal medya canl\u0131 yay\u0131n\u0131m\u0131zda ele ald\u0131k...\" \/>\n<meta name=\"robots\" content=\"index, follow, max-snippet:-1, max-image-preview:large, max-video-preview:-1\" \/>\n<link rel=\"canonical\" href=\"https:\/\/www.kariyer.net\/kariyer-rehberi\/sanayi-sektorunun-bilinmeyenleri-off-the-recordta-konusuldu\/\" \/>\n<meta property=\"og:locale\" content=\"tr_TR\" \/>\n<meta property=\"og:type\" content=\"article\" \/>\n<meta property=\"og:title\" content=\"Sanayi sekt\u00f6r\u00fcn\u00fcn bilinmeyenleri Off The Record&#039;ta konu\u015fuldu!\" \/>\n<meta property=\"og:description\" content=\"Sanayi sekt\u00f6r\u00fcn\u00fcn bilinmeyenlerini sekt\u00f6r\u00fcn ba\u015far\u0131l\u0131 isimleriyle Off The Record sosyal medya canl\u0131 yay\u0131n\u0131m\u0131zda ele ald\u0131k... Kale Holding \u0130K Grubu Ba\u015fkan\" \/>\n<meta property=\"og:url\" content=\"https:\/\/www.kariyer.net\/kariyer-rehberi\/sanayi-sektorunun-bilinmeyenleri-off-the-recordta-konusuldu\/\" \/>\n<meta property=\"og:site_name\" content=\"Kariyer Rehberi\" \/>\n<meta property=\"article:published_time\" content=\"2019-03-29T06:25:37+00:00\" \/>\n<meta property=\"article:modified_time\" content=\"2024-07-03T13:05:44+00:00\" \/>\n<meta property=\"og:image\" content=\"https:\/\/www.kariyer.net\/kariyer-rehberi\/wp-content\/uploads\/2019\/03\/smya.jpg\" \/>\n\t<meta property=\"og:image:width\" content=\"899\" \/>\n\t<meta property=\"og:image:height\" content=\"600\" \/>\n\t<meta property=\"og:image:type\" content=\"image\/jpeg\" \/>\n<meta name=\"author\" content=\"Edit\u00f6r\" \/>\n<meta name=\"twitter:card\" content=\"summary_large_image\" \/>\n<meta name=\"twitter:label1\" content=\"Yazan:\" \/>\n\t<meta name=\"twitter:data1\" content=\"Edit\u00f6r\" \/>\n<!-- \/ Yoast SEO Premium plugin. -->","yoast_head_json":{"title":"Sanayi sekt\u00f6r\u00fcn\u00fcn bilinmeyenleri Off The Record'ta konu\u015fuldu! | Kariyer Rehberi","description":"Sanayi sekt\u00f6r\u00fcn\u00fcn bilinmeyenlerini sekt\u00f6r\u00fcn ba\u015far\u0131l\u0131 isimleriyle Off The Record sosyal medya canl\u0131 yay\u0131n\u0131m\u0131zda ele ald\u0131k...","robots":{"index":"index","follow":"follow","max-snippet":"max-snippet:-1","max-image-preview":"max-image-preview:large","max-video-preview":"max-video-preview:-1"},"canonical":"https:\/\/www.kariyer.net\/kariyer-rehberi\/sanayi-sektorunun-bilinmeyenleri-off-the-recordta-konusuldu\/","og_locale":"tr_TR","og_type":"article","og_title":"Sanayi sekt\u00f6r\u00fcn\u00fcn bilinmeyenleri Off The Record'ta konu\u015fuldu!","og_description":"Sanayi sekt\u00f6r\u00fcn\u00fcn bilinmeyenlerini sekt\u00f6r\u00fcn ba\u015far\u0131l\u0131 isimleriyle Off The Record sosyal medya canl\u0131 yay\u0131n\u0131m\u0131zda ele ald\u0131k... Kale Holding \u0130K Grubu Ba\u015fkan","og_url":"https:\/\/www.kariyer.net\/kariyer-rehberi\/sanayi-sektorunun-bilinmeyenleri-off-the-recordta-konusuldu\/","og_site_name":"Kariyer Rehberi","article_published_time":"2019-03-29T06:25:37+00:00","article_modified_time":"2024-07-03T13:05:44+00:00","og_image":[{"width":899,"height":600,"url":"https:\/\/www.kariyer.net\/kariyer-rehberi\/wp-content\/uploads\/2019\/03\/smya.jpg","type":"image\/jpeg"}],"author":"Edit\u00f6r","twitter_card":"summary_large_image","twitter_misc":{"Yazan:":"Edit\u00f6r"},"schema":{"@context":"https:\/\/schema.org","@graph":[{"@type":"Article","@id":"https:\/\/www.kariyer.net\/kariyer-rehberi\/sanayi-sektorunun-bilinmeyenleri-off-the-recordta-konusuldu\/#article","isPartOf":{"@id":"https:\/\/www.kariyer.net\/kariyer-rehberi\/sanayi-sektorunun-bilinmeyenleri-off-the-recordta-konusuldu\/"},"author":{"name":"Edit\u00f6r","@id":"https:\/\/www.kariyer.net\/kariyer-rehberi\/#\/schema\/person\/94fd6e49c7ff1b1b2565a2cc4fd685dd"},"headline":"Sanayi sekt\u00f6r\u00fcn\u00fcn bilinmeyenleri Off The Record&#8217;ta konu\u015fuldu!","datePublished":"2019-03-29T06:25:37+00:00","dateModified":"2024-07-03T13:05:44+00:00","mainEntityOfPage":{"@id":"https:\/\/www.kariyer.net\/kariyer-rehberi\/sanayi-sektorunun-bilinmeyenleri-off-the-recordta-konusuldu\/"},"wordCount":95,"commentCount":0,"publisher":{"@id":"https:\/\/www.kariyer.net\/kariyer-rehberi\/#organization"},"image":{"@id":"https:\/\/www.kariyer.net\/kariyer-rehberi\/sanayi-sektorunun-bilinmeyenleri-off-the-recordta-konusuldu\/#primaryimage"},"thumbnailUrl":"https:\/\/www.kariyer.net\/kariyer-rehberi\/wp-content\/uploads\/2019\/03\/smya.jpg","articleSection":["Video"],"inLanguage":"tr","potentialAction":[{"@type":"CommentAction","name":"Comment","target":["https:\/\/www.kariyer.net\/kariyer-rehberi\/sanayi-sektorunun-bilinmeyenleri-off-the-recordta-konusuldu\/#respond"]}]},{"@type":"WebPage","@id":"https:\/\/www.kariyer.net\/kariyer-rehberi\/sanayi-sektorunun-bilinmeyenleri-off-the-recordta-konusuldu\/","url":"https:\/\/www.kariyer.net\/kariyer-rehberi\/sanayi-sektorunun-bilinmeyenleri-off-the-recordta-konusuldu\/","name":"Sanayi sekt\u00f6r\u00fcn\u00fcn bilinmeyenleri Off The Record'ta konu\u015fuldu! | Kariyer Rehberi","isPartOf":{"@id":"https:\/\/www.kariyer.net\/kariyer-rehberi\/#website"},"primaryImageOfPage":{"@id":"https:\/\/www.kariyer.net\/kariyer-rehberi\/sanayi-sektorunun-bilinmeyenleri-off-the-recordta-konusuldu\/#primaryimage"},"image":{"@id":"https:\/\/www.kariyer.net\/kariyer-rehberi\/sanayi-sektorunun-bilinmeyenleri-off-the-recordta-konusuldu\/#primaryimage"},"thumbnailUrl":"https:\/\/www.kariyer.net\/kariyer-rehberi\/wp-content\/uploads\/2019\/03\/smya.jpg","datePublished":"2019-03-29T06:25:37+00:00","dateModified":"2024-07-03T13:05:44+00:00","description":"Sanayi sekt\u00f6r\u00fcn\u00fcn bilinmeyenlerini sekt\u00f6r\u00fcn ba\u015far\u0131l\u0131 isimleriyle Off The Record sosyal medya canl\u0131 yay\u0131n\u0131m\u0131zda ele ald\u0131k...","breadcrumb":{"@id":"https:\/\/www.kariyer.net\/kariyer-rehberi\/sanayi-sektorunun-bilinmeyenleri-off-the-recordta-konusuldu\/#breadcrumb"},"inLanguage":"tr","potentialAction":[{"@type":"ReadAction","target":["https:\/\/www.kariyer.net\/kariyer-rehberi\/sanayi-sektorunun-bilinmeyenleri-off-the-recordta-konusuldu\/"]}]},{"@type":"ImageObject","inLanguage":"tr","@id":"https:\/\/www.kariyer.net\/kariyer-rehberi\/sanayi-sektorunun-bilinmeyenleri-off-the-recordta-konusuldu\/#primaryimage","url":"https:\/\/www.kariyer.net\/kariyer-rehberi\/wp-content\/uploads\/2019\/03\/smya.jpg","contentUrl":"https:\/\/www.kariyer.net\/kariyer-rehberi\/wp-content\/uploads\/2019\/03\/smya.jpg","width":899,"height":600},{"@type":"BreadcrumbList","@id":"https:\/\/www.kariyer.net\/kariyer-rehberi\/sanayi-sektorunun-bilinmeyenleri-off-the-recordta-konusuldu\/#breadcrumb","itemListElement":[{"@type":"ListItem","position":1,"name":"Anasayfa","item":"https:\/\/www.kariyer.net\/kariyer-rehberi\/"},{"@type":"ListItem","position":2,"name":"Sanayi sekt\u00f6r\u00fcn\u00fcn bilinmeyenleri Off The Record&#8217;ta konu\u015fuldu!"}]},{"@type":"WebSite","@id":"https:\/\/www.kariyer.net\/kariyer-rehberi\/#website","url":"https:\/\/www.kariyer.net\/kariyer-rehberi\/","name":"Kariyer Rehberi","description":"\u0130\u015f D\u00fcnyas\u0131yla \u0130lgili Bilmek \u0130stedi\u011finiz Her \u015eey","publisher":{"@id":"https:\/\/www.kariyer.net\/kariyer-rehberi\/#organization"},"potentialAction":[{"@type":"SearchAction","target":{"@type":"EntryPoint","urlTemplate":"https:\/\/www.kariyer.net\/kariyer-rehberi\/?s={search_term_string}"},"query-input":{"@type":"PropertyValueSpecification","valueRequired":true,"valueName":"search_term_string"}}],"inLanguage":"tr"},{"@type":"Organization","@id":"https:\/\/www.kariyer.net\/kariyer-rehberi\/#organization","name":"Kariyer.net","url":"https:\/\/www.kariyer.net\/kariyer-rehberi\/","logo":{"@type":"ImageObject","inLanguage":"tr","@id":"https:\/\/www.kariyer.net\/kariyer-rehberi\/#\/schema\/logo\/image\/","url":"https:\/\/www.kariyer.net\/kariyer-rehberi-new\/wp-content\/uploads\/2023\/01\/og-image11.jpg","contentUrl":"https:\/\/www.kariyer.net\/kariyer-rehberi-new\/wp-content\/uploads\/2023\/01\/og-image11.jpg","width":800,"height":800,"caption":"Kariyer.net"},"image":{"@id":"https:\/\/www.kariyer.net\/kariyer-rehberi\/#\/schema\/logo\/image\/"}},{"@type":"Person","@id":"https:\/\/www.kariyer.net\/kariyer-rehberi\/#\/schema\/person\/94fd6e49c7ff1b1b2565a2cc4fd685dd","name":"Edit\u00f6r","image":{"@type":"ImageObject","inLanguage":"tr","@id":"https:\/\/www.kariyer.net\/kariyer-rehberi\/#\/schema\/person\/image\/","url":"https:\/\/secure.gravatar.com\/avatar\/0c4fe6688343aed3693b15573beae12c08ace5565409d5ab7509bf9c115f458d?s=96&d=mm&r=g","contentUrl":"https:\/\/secure.gravatar.com\/avatar\/0c4fe6688343aed3693b15573beae12c08ace5565409d5ab7509bf9c115f458d?s=96&d=mm&r=g","caption":"Edit\u00f6r"},"url":"https:\/\/www.kariyer.net\/kariyer-rehberi\/author\/editor\/"}]}},"_links":{"self":[{"href":"https:\/\/www.kariyer.net\/kariyer-rehberi\/wp-json\/wp\/v2\/posts\/12358","targetHints":{"allow":["GET"]}}],"collection":[{"href":"https:\/\/www.kariyer.net\/kariyer-rehberi\/wp-json\/wp\/v2\/posts"}],"about":[{"href":"https:\/\/www.kariyer.net\/kariyer-rehberi\/wp-json\/wp\/v2\/types\/post"}],"author":[{"embeddable":true,"href":"https:\/\/www.kariyer.net\/kariyer-rehberi\/wp-json\/wp\/v2\/users\/12"}],"replies":[{"embeddable":true,"href":"https:\/\/www.kariyer.net\/kariyer-rehberi\/wp-json\/wp\/v2\/comments?post=12358"}],"version-history":[{"count":1,"href":"https:\/\/www.kariyer.net\/kariyer-rehberi\/wp-json\/wp\/v2\/posts\/12358\/revisions"}],"predecessor-version":[{"id":20443,"href":"https:\/\/www.kariyer.net\/kariyer-rehberi\/wp-json\/wp\/v2\/posts\/12358\/revisions\/20443"}],"wp:featuredmedia":[{"embeddable":true,"href":"https:\/\/www.kariyer.net\/kariyer-rehberi\/wp-json\/wp\/v2\/media\/12363"}],"wp:attachment":[{"href":"https:\/\/www.kariyer.net\/kariyer-rehberi\/wp-json\/wp\/v2\/media?parent=12358"}],"wp:term":[{"taxonomy":"category","embeddable":true,"href":"https:\/\/www.kariyer.net\/kariyer-rehberi\/wp-json\/wp\/v2\/categories?post=12358"},{"taxonomy":"post_tag","embeddable":true,"href":"https:\/\/www.kariyer.net\/kariyer-rehberi\/wp-json\/wp\/v2\/tags?post=12358"}],"curies":[{"name":"wp","href":"https:\/\/api.w.org\/{rel}","templated":true}]}}