{"id":12411,"date":"2019-04-11T14:17:25","date_gmt":"2019-04-11T11:17:25","guid":{"rendered":"https:\/\/www.kariyer.net\/kariyer-rehberi\/?p=12411"},"modified":"2024-07-03T15:26:14","modified_gmt":"2024-07-03T12:26:14","slug":"girisimcilik-ekonomi-ve-teknoloji-zirvesi-basliyor","status":"publish","type":"post","link":"https:\/\/www.kariyer.net\/kariyer-rehberi\/girisimcilik-ekonomi-ve-teknoloji-zirvesi-basliyor\/","title":{"rendered":"Giri\u015fimcilik, Ekonomi ve Teknoloji Zirvesi ba\u015fl\u0131yor!"},"content":{"rendered":"<p><strong>MEF \u00dcniversitesi 2019 Giri\u015fimcilik, Ekonomi ve Teknoloji Zirvesi, bu y\u0131l \u201cTheir Vision Our Future\u201d temas\u0131yla kat\u0131l\u0131mc\u0131larla bulu\u015facak.<\/strong><\/p>\n<p>MEF \u00dcniversitesi \u00f6\u011frencileri taraf\u0131ndan d\u00fczenlenen \u201cMEF \u00dcniversitesi 2019 Giri\u015fimcilik, Ekonomi ve Teknoloji Zirvesi\u201d, 21 Nisan&#8217;da, MEF Okullar\u0131 Ulus Kamp\u00fcs\u00fc\u2019nde ger\u00e7ekle\u015fecek. MEF \u00dcniversitesi&#8217;nin ve Ar\u0131kanl\u0131 Holding\u2019in ana sponsorlu\u011funda d\u00fczenlenen etkinlik; ekonominin, teknolojinin ve giri\u015fimin detaylar\u0131na odaklanarak dijitalle\u015fmeyle gelen geli\u015fmeleri ve gen\u00e7lerin endi\u015felerini, sorular\u0131 merkeze alan bir yakla\u015f\u0131mla cevaplamaya geliyor.<\/p>\n<p><strong>MEF \u00dcniversitesi 2019 Giri\u015fimcilik, Ekonomi ve Teknoloji Zirvesi\u2019ne kat\u0131lacak isimler;<\/strong><\/p>\n<ul>\n<li>\u00a0\u00a0\u00a0\u00a0\u00a0\u00a0\u00a0Elis Y\u0131lmaz, Youthall Kurucu Ortak ve Y\u00f6neticisi<\/li>\n<li>\u00a0\u00a0\u00a0\u00a0\u00a0\u00a0\u00a0Asl\u0131 \u015een, Ashley Joy Kurucusu<\/li>\n<li>\u00a0\u00a0\u00a0\u00a0\u00a0\u00a0\u00a0Duygu Akbudak, DeneBunu Kurucusu<\/li>\n<li>\u00a0\u00a0\u00a0\u00a0\u00a0\u00a0\u00a0Demet Z\u00fcbeyiro\u011flu, KOOPhub Kurucu Orta\u011f\u0131<\/li>\n<li>\u00a0\u00a0\u00a0\u00a0\u00a0\u00a0\u00a0\u00d6zlem S\u00f6kmen, Personal Best Kurucusu<\/li>\n<li>\u00a0\u00a0\u00a0\u00a0\u00a0\u00a0\u00a0Mahmut N. \u00d6zdemir, Kworks Direkt\u00f6r\u00fc<\/li>\n<li>\u00a0\u00a0\u00a0\u00a0\u00a0\u00a0\u00a0Berke Uygun, Pepapp ve Doktorderki Kurucu Orta\u011f\u0131<\/li>\n<li>\u00a0\u00a0\u00a0\u00a0\u00a0\u00a0\u00a0Emrah Yi\u011fit, Pepapp ve Doktorderki Kurucu Orta\u011f\u0131<\/li>\n<li>\u00a0\u00a0\u00a0\u00a0\u00a0\u00a0\u00a0Baran G\u00fcrcan, Kalebende Kurucusu<\/li>\n<li>\u00a0\u00a0\u00a0\u00a0\u00a0\u00a0\u00a0Merve Nazl\u0131o\u011flu, Insider Pazarlama M\u00fcd\u00fcr\u00fc ve Hissedar\u0131<\/li>\n<li>\u00a0\u00a0\u00a0\u00a0\u00a0\u00a0\u00a0O\u011fuz Demir, \u0130stanbul Ticaret \u00dcniversitesi Ekonomistler Platformu Ba\u015fkan\u0131<\/li>\n<li>\u00a0\u00a0\u00a0\u00a0\u00a0\u00a0\u00a0Cevat Kabata\u015f, Dan\u0131\u015fman ve K\u00f6\u015fe Yazar\u0131<\/li>\n<li>\u00a0\u00a0\u00a0\u00a0\u00a0\u00a0\u00a0Damla Hac\u0131ibrahimo\u011flu, Ekonomist<\/li>\n<li>\u00a0\u00a0\u00a0\u00a0\u00a0\u00a0\u00a0Taylan Y\u0131ld\u0131z, Dijital D\u00f6n\u00fc\u015f\u00fcm Uzman\u0131<\/li>\n<li>\u00a0\u00a0\u00a0\u00a0\u00a0\u00a0\u00a0Esra Talu, Dan\u0131\u015fman<\/li>\n<li>\u00a0\u00a0\u00a0\u00a0\u00a0\u00a0\u00a0Belgin Mavi\u015f, Ekonomist<\/li>\n<li>\u00a0\u00a0\u00a0\u00a0\u00a0\u00a0\u00a0Yavuz \u00c7ingita\u015f, GooInn ve Giri\u015fimciye D\u00f6n\u00fc\u015f Kurucusu<\/li>\n<\/ul>\n<p>Detayl\u0131 bilgi almak isteyenler <a href=\"http:\/\/theirvisionourfuture.com\">theirvisionourfuture.com<\/a> adresini ziyaret edebilir.<\/p>\n<!-- templates\/buttons-placeholder.php -->\n<div class=\"da-reactions-outer TpostID12411\">\n\t    <div class=\"da-reactions-data da-reactions-container-async center\"\n         data-type=\"post\"\n         data-id=\"12411\"\n         id=\"da-reactions-slot-post-12411\">\n        <div class=\"da-reactions-static\">\n\t\t\t<img src=\"https:\/\/www.kariyer.net\/kariyer-rehberi\/wp-content\/plugins\/da-reactions\/assets\/dist\/loading.svg\" alt=\"Loading spinner\" width=\"48\" height=\"48\" style=\"width:48px\" \/>\n        <\/div>\n    <\/div>\n<\/div>\n","protected":false},"excerpt":{"rendered":"<p>MEF \u00dcniversitesi 2019 Giri\u015fimcilik, Ekonomi ve Teknoloji Zirvesi, bu y\u0131l \u201cTheir Vision Our Future\u201d temas\u0131yla kat\u0131l\u0131mc\u0131larla bulu\u015facak. MEF \u00dcniversitesi \u00f6\u011frencileri taraf\u0131ndan d\u00fczenlenen \u201cMEF \u00dcniversitesi 2019 Giri\u015fimcilik, Ekonomi ve Teknoloji Zirvesi\u201d, 21 Nisan&#8217;da, MEF Okullar\u0131 Ulus Kamp\u00fcs\u00fc\u2019nde ger\u00e7ekle\u015fecek. MEF \u00dcniversitesi&#8217;nin ve Ar\u0131kanl\u0131 Holding\u2019in ana sponsorlu\u011funda d\u00fczenlenen etkinlik; ekonominin, teknolojinin ve giri\u015fimin detaylar\u0131na odaklanarak dijitalle\u015fmeyle gelen geli\u015fmeleri [&hellip;]<\/p>\n<!-- templates\/buttons-placeholder.php -->\n<div class=\"da-reactions-outer TpostID12411\">\n\t    <div class=\"da-reactions-data da-reactions-container-async center\"\n         data-type=\"post\"\n         data-id=\"12411\"\n         id=\"da-reactions-slot-post-12411\">\n        <div class=\"da-reactions-static\">\n\t\t\t<img src=\"https:\/\/www.kariyer.net\/kariyer-rehberi\/wp-content\/plugins\/da-reactions\/assets\/dist\/loading.svg\" alt=\"Loading spinner\" width=\"48\" height=\"48\" style=\"width:48px\" \/>\n        <\/div>\n    <\/div>\n<\/div>\n","protected":false},"author":12,"featured_media":12412,"comment_status":"open","ping_status":"open","sticky":false,"template":"","format":"standard","meta":{"footnotes":"","_elementor_edit_mode":"","_elementor_template_type":"","_elementor_data":"","_elementor_page_settings":null,"_elementor_conditions":[]},"categories":[2211],"tags":[991,1261,956,957,64],"class_list":{"0":"post-12411","1":"post","2":"type-post","3":"status-publish","4":"format-standard","5":"has-post-thumbnail","7":"category-kariyer-gelisimi","8":"tag-genc-profesyonel","9":"tag-mef-universitesi","10":"tag-uzman","11":"tag-uzman-yardimcisi","12":"tag-yeni-mezun"},"yoast_head":"<!-- This site is optimized with the Yoast SEO Premium plugin v21.4 (Yoast SEO v27.0) - https:\/\/yoast.com\/product\/yoast-seo-premium-wordpress\/ -->\n<title>Giri\u015fimcilik, Ekonomi ve Teknoloji Zirvesi ba\u015fl\u0131yor! | Kariyer Rehberi<\/title>\n<meta name=\"description\" content=\"MEF \u00dcniversitesi 2019 Giri\u015fimcilik, Ekonomi ve Teknoloji Zirvesi, bu y\u0131l \u201cTheir Vision Our Future\u201d temas\u0131yla kat\u0131l\u0131mc\u0131larla bulu\u015facak.\" \/>\n<meta name=\"robots\" content=\"index, follow, max-snippet:-1, max-image-preview:large, max-video-preview:-1\" \/>\n<link rel=\"canonical\" href=\"https:\/\/www.kariyer.net\/kariyer-rehberi\/girisimcilik-ekonomi-ve-teknoloji-zirvesi-basliyor\/\" \/>\n<meta property=\"og:locale\" content=\"tr_TR\" \/>\n<meta property=\"og:type\" content=\"article\" \/>\n<meta property=\"og:title\" content=\"Giri\u015fimcilik, Ekonomi ve Teknoloji Zirvesi ba\u015fl\u0131yor!\" \/>\n<meta property=\"og:description\" content=\"MEF \u00dcniversitesi 2019 Giri\u015fimcilik, Ekonomi ve Teknoloji Zirvesi, bu y\u0131l \u201cTheir Vision Our Future\u201d temas\u0131yla kat\u0131l\u0131mc\u0131larla bulu\u015facak. MEF \u00dcniversitesi\" \/>\n<meta property=\"og:url\" content=\"https:\/\/www.kariyer.net\/kariyer-rehberi\/girisimcilik-ekonomi-ve-teknoloji-zirvesi-basliyor\/\" \/>\n<meta property=\"og:site_name\" content=\"Kariyer Rehberi\" \/>\n<meta property=\"article:published_time\" content=\"2019-04-11T11:17:25+00:00\" \/>\n<meta property=\"article:modified_time\" content=\"2024-07-03T12:26:14+00:00\" \/>\n<meta property=\"og:image\" content=\"https:\/\/www.kariyer.net\/kariyer-rehberi\/wp-content\/uploads\/2019\/04\/adresbilgileri_afis\u0327.jpeg\" \/>\n\t<meta property=\"og:image:width\" content=\"900\" \/>\n\t<meta property=\"og:image:height\" content=\"600\" \/>\n\t<meta property=\"og:image:type\" content=\"image\/jpeg\" \/>\n<meta name=\"author\" content=\"Edit\u00f6r\" \/>\n<meta name=\"twitter:card\" content=\"summary_large_image\" \/>\n<meta name=\"twitter:label1\" content=\"Yazan:\" \/>\n\t<meta name=\"twitter:data1\" content=\"Edit\u00f6r\" \/>\n\t<meta name=\"twitter:label2\" content=\"Tahmini okuma s\u00fcresi\" \/>\n\t<meta name=\"twitter:data2\" content=\"1 dakika\" \/>\n<!-- \/ Yoast SEO Premium plugin. -->","yoast_head_json":{"title":"Giri\u015fimcilik, Ekonomi ve Teknoloji Zirvesi ba\u015fl\u0131yor! | Kariyer Rehberi","description":"MEF \u00dcniversitesi 2019 Giri\u015fimcilik, Ekonomi ve Teknoloji Zirvesi, bu y\u0131l \u201cTheir Vision Our Future\u201d temas\u0131yla kat\u0131l\u0131mc\u0131larla bulu\u015facak.","robots":{"index":"index","follow":"follow","max-snippet":"max-snippet:-1","max-image-preview":"max-image-preview:large","max-video-preview":"max-video-preview:-1"},"canonical":"https:\/\/www.kariyer.net\/kariyer-rehberi\/girisimcilik-ekonomi-ve-teknoloji-zirvesi-basliyor\/","og_locale":"tr_TR","og_type":"article","og_title":"Giri\u015fimcilik, Ekonomi ve Teknoloji Zirvesi ba\u015fl\u0131yor!","og_description":"MEF \u00dcniversitesi 2019 Giri\u015fimcilik, Ekonomi ve Teknoloji Zirvesi, bu y\u0131l \u201cTheir Vision Our Future\u201d temas\u0131yla kat\u0131l\u0131mc\u0131larla bulu\u015facak. MEF \u00dcniversitesi","og_url":"https:\/\/www.kariyer.net\/kariyer-rehberi\/girisimcilik-ekonomi-ve-teknoloji-zirvesi-basliyor\/","og_site_name":"Kariyer Rehberi","article_published_time":"2019-04-11T11:17:25+00:00","article_modified_time":"2024-07-03T12:26:14+00:00","og_image":[{"width":900,"height":600,"url":"https:\/\/www.kariyer.net\/kariyer-rehberi\/wp-content\/uploads\/2019\/04\/adresbilgileri_afis\u0327.jpeg","type":"image\/jpeg"}],"author":"Edit\u00f6r","twitter_card":"summary_large_image","twitter_misc":{"Yazan:":"Edit\u00f6r","Tahmini okuma s\u00fcresi":"1 dakika"},"schema":{"@context":"https:\/\/schema.org","@graph":[{"@type":"Article","@id":"https:\/\/www.kariyer.net\/kariyer-rehberi\/girisimcilik-ekonomi-ve-teknoloji-zirvesi-basliyor\/#article","isPartOf":{"@id":"https:\/\/www.kariyer.net\/kariyer-rehberi\/girisimcilik-ekonomi-ve-teknoloji-zirvesi-basliyor\/"},"author":{"name":"Edit\u00f6r","@id":"https:\/\/www.kariyer.net\/kariyer-rehberi\/#\/schema\/person\/94fd6e49c7ff1b1b2565a2cc4fd685dd"},"headline":"Giri\u015fimcilik, Ekonomi ve Teknoloji Zirvesi ba\u015fl\u0131yor!","datePublished":"2019-04-11T11:17:25+00:00","dateModified":"2024-07-03T12:26:14+00:00","mainEntityOfPage":{"@id":"https:\/\/www.kariyer.net\/kariyer-rehberi\/girisimcilik-ekonomi-ve-teknoloji-zirvesi-basliyor\/"},"wordCount":235,"commentCount":0,"publisher":{"@id":"https:\/\/www.kariyer.net\/kariyer-rehberi\/#organization"},"image":{"@id":"https:\/\/www.kariyer.net\/kariyer-rehberi\/girisimcilik-ekonomi-ve-teknoloji-zirvesi-basliyor\/#primaryimage"},"thumbnailUrl":"https:\/\/www.kariyer.net\/kariyer-rehberi\/wp-content\/uploads\/2019\/04\/adresbilgileri_afis\u0327.jpeg","keywords":["gen\u00e7 profesyonel","MEF \u00dcniversitesi","uzman","uzman yard\u0131mc\u0131s\u0131","yeni mezun"],"articleSection":["Kariyer Geli\u015fimi"],"inLanguage":"tr","potentialAction":[{"@type":"CommentAction","name":"Comment","target":["https:\/\/www.kariyer.net\/kariyer-rehberi\/girisimcilik-ekonomi-ve-teknoloji-zirvesi-basliyor\/#respond"]}]},{"@type":"WebPage","@id":"https:\/\/www.kariyer.net\/kariyer-rehberi\/girisimcilik-ekonomi-ve-teknoloji-zirvesi-basliyor\/","url":"https:\/\/www.kariyer.net\/kariyer-rehberi\/girisimcilik-ekonomi-ve-teknoloji-zirvesi-basliyor\/","name":"Giri\u015fimcilik, Ekonomi ve Teknoloji Zirvesi ba\u015fl\u0131yor! | Kariyer Rehberi","isPartOf":{"@id":"https:\/\/www.kariyer.net\/kariyer-rehberi\/#website"},"primaryImageOfPage":{"@id":"https:\/\/www.kariyer.net\/kariyer-rehberi\/girisimcilik-ekonomi-ve-teknoloji-zirvesi-basliyor\/#primaryimage"},"image":{"@id":"https:\/\/www.kariyer.net\/kariyer-rehberi\/girisimcilik-ekonomi-ve-teknoloji-zirvesi-basliyor\/#primaryimage"},"thumbnailUrl":"https:\/\/www.kariyer.net\/kariyer-rehberi\/wp-content\/uploads\/2019\/04\/adresbilgileri_afis\u0327.jpeg","datePublished":"2019-04-11T11:17:25+00:00","dateModified":"2024-07-03T12:26:14+00:00","description":"MEF \u00dcniversitesi 2019 Giri\u015fimcilik, Ekonomi ve Teknoloji Zirvesi, bu y\u0131l \u201cTheir Vision Our Future\u201d temas\u0131yla kat\u0131l\u0131mc\u0131larla bulu\u015facak.","breadcrumb":{"@id":"https:\/\/www.kariyer.net\/kariyer-rehberi\/girisimcilik-ekonomi-ve-teknoloji-zirvesi-basliyor\/#breadcrumb"},"inLanguage":"tr","potentialAction":[{"@type":"ReadAction","target":["https:\/\/www.kariyer.net\/kariyer-rehberi\/girisimcilik-ekonomi-ve-teknoloji-zirvesi-basliyor\/"]}]},{"@type":"ImageObject","inLanguage":"tr","@id":"https:\/\/www.kariyer.net\/kariyer-rehberi\/girisimcilik-ekonomi-ve-teknoloji-zirvesi-basliyor\/#primaryimage","url":"https:\/\/www.kariyer.net\/kariyer-rehberi\/wp-content\/uploads\/2019\/04\/adresbilgileri_afis\u0327.jpeg","contentUrl":"https:\/\/www.kariyer.net\/kariyer-rehberi\/wp-content\/uploads\/2019\/04\/adresbilgileri_afis\u0327.jpeg","width":900,"height":600},{"@type":"BreadcrumbList","@id":"https:\/\/www.kariyer.net\/kariyer-rehberi\/girisimcilik-ekonomi-ve-teknoloji-zirvesi-basliyor\/#breadcrumb","itemListElement":[{"@type":"ListItem","position":1,"name":"Anasayfa","item":"https:\/\/www.kariyer.net\/kariyer-rehberi\/"},{"@type":"ListItem","position":2,"name":"Giri\u015fimcilik, Ekonomi ve Teknoloji Zirvesi ba\u015fl\u0131yor!"}]},{"@type":"WebSite","@id":"https:\/\/www.kariyer.net\/kariyer-rehberi\/#website","url":"https:\/\/www.kariyer.net\/kariyer-rehberi\/","name":"Kariyer Rehberi","description":"\u0130\u015f D\u00fcnyas\u0131yla \u0130lgili Bilmek \u0130stedi\u011finiz Her \u015eey","publisher":{"@id":"https:\/\/www.kariyer.net\/kariyer-rehberi\/#organization"},"potentialAction":[{"@type":"SearchAction","target":{"@type":"EntryPoint","urlTemplate":"https:\/\/www.kariyer.net\/kariyer-rehberi\/?s={search_term_string}"},"query-input":{"@type":"PropertyValueSpecification","valueRequired":true,"valueName":"search_term_string"}}],"inLanguage":"tr"},{"@type":"Organization","@id":"https:\/\/www.kariyer.net\/kariyer-rehberi\/#organization","name":"Kariyer.net","url":"https:\/\/www.kariyer.net\/kariyer-rehberi\/","logo":{"@type":"ImageObject","inLanguage":"tr","@id":"https:\/\/www.kariyer.net\/kariyer-rehberi\/#\/schema\/logo\/image\/","url":"https:\/\/www.kariyer.net\/kariyer-rehberi-new\/wp-content\/uploads\/2023\/01\/og-image11.jpg","contentUrl":"https:\/\/www.kariyer.net\/kariyer-rehberi-new\/wp-content\/uploads\/2023\/01\/og-image11.jpg","width":800,"height":800,"caption":"Kariyer.net"},"image":{"@id":"https:\/\/www.kariyer.net\/kariyer-rehberi\/#\/schema\/logo\/image\/"}},{"@type":"Person","@id":"https:\/\/www.kariyer.net\/kariyer-rehberi\/#\/schema\/person\/94fd6e49c7ff1b1b2565a2cc4fd685dd","name":"Edit\u00f6r","image":{"@type":"ImageObject","inLanguage":"tr","@id":"https:\/\/www.kariyer.net\/kariyer-rehberi\/#\/schema\/person\/image\/","url":"https:\/\/secure.gravatar.com\/avatar\/0c4fe6688343aed3693b15573beae12c08ace5565409d5ab7509bf9c115f458d?s=96&d=mm&r=g","contentUrl":"https:\/\/secure.gravatar.com\/avatar\/0c4fe6688343aed3693b15573beae12c08ace5565409d5ab7509bf9c115f458d?s=96&d=mm&r=g","caption":"Edit\u00f6r"},"url":"https:\/\/www.kariyer.net\/kariyer-rehberi\/author\/editor\/"}]}},"_links":{"self":[{"href":"https:\/\/www.kariyer.net\/kariyer-rehberi\/wp-json\/wp\/v2\/posts\/12411","targetHints":{"allow":["GET"]}}],"collection":[{"href":"https:\/\/www.kariyer.net\/kariyer-rehberi\/wp-json\/wp\/v2\/posts"}],"about":[{"href":"https:\/\/www.kariyer.net\/kariyer-rehberi\/wp-json\/wp\/v2\/types\/post"}],"author":[{"embeddable":true,"href":"https:\/\/www.kariyer.net\/kariyer-rehberi\/wp-json\/wp\/v2\/users\/12"}],"replies":[{"embeddable":true,"href":"https:\/\/www.kariyer.net\/kariyer-rehberi\/wp-json\/wp\/v2\/comments?post=12411"}],"version-history":[{"count":1,"href":"https:\/\/www.kariyer.net\/kariyer-rehberi\/wp-json\/wp\/v2\/posts\/12411\/revisions"}],"predecessor-version":[{"id":19484,"href":"https:\/\/www.kariyer.net\/kariyer-rehberi\/wp-json\/wp\/v2\/posts\/12411\/revisions\/19484"}],"wp:featuredmedia":[{"embeddable":true,"href":"https:\/\/www.kariyer.net\/kariyer-rehberi\/wp-json\/wp\/v2\/media\/12412"}],"wp:attachment":[{"href":"https:\/\/www.kariyer.net\/kariyer-rehberi\/wp-json\/wp\/v2\/media?parent=12411"}],"wp:term":[{"taxonomy":"category","embeddable":true,"href":"https:\/\/www.kariyer.net\/kariyer-rehberi\/wp-json\/wp\/v2\/categories?post=12411"},{"taxonomy":"post_tag","embeddable":true,"href":"https:\/\/www.kariyer.net\/kariyer-rehberi\/wp-json\/wp\/v2\/tags?post=12411"}],"curies":[{"name":"wp","href":"https:\/\/api.w.org\/{rel}","templated":true}]}}