{"id":12443,"date":"2019-04-17T11:21:43","date_gmt":"2019-04-17T08:21:43","guid":{"rendered":"https:\/\/www.kariyer.net\/kariyer-rehberi\/?p=12443"},"modified":"2024-08-08T21:09:49","modified_gmt":"2024-08-08T18:09:49","slug":"itu-veri-bilimi-zirvesi-icin-geri-sayim-basladi","status":"publish","type":"post","link":"https:\/\/www.kariyer.net\/kariyer-rehberi\/itu-veri-bilimi-zirvesi-icin-geri-sayim-basladi\/","title":{"rendered":"\u0130T\u00dc Veri Bilimi Zirvesi i\u00e7in geri say\u0131m ba\u015flad\u0131!"},"content":{"rendered":"<p><strong>T\u00fcm d\u00fcnyada oldu\u011fu gibi T\u00fcrkiye\u2019de de olduk\u00e7a pop\u00fcler bir \u00e7al\u0131\u015fma alan\u0131 haline gelen Veri Bilimi (Data Science) konseptini, bu alanda \u00e7al\u0131\u015fmalar\u0131 olan \u015firketler arac\u0131l\u0131\u011f\u0131yla sunmay\u0131 hedefleyen \u0130T\u00dc Veri Bilimi Zirvesi 24 Nisan&#8217;da ba\u015fl\u0131yor!<\/strong><\/p>\n<p>\u0130T\u00dc Veri Bilimi Zirvesi, verinin kullan\u0131m alanlar\u0131n\u0131 ve bu verilerle neler yap\u0131labilece\u011fini \u00f6\u011frenerek <strong><a href=\"https:\/\/www.kariyer.net\/pozisyonlar\/veri+bilimci\" target=\"_blank\" rel=\"noopener noreferrer\">Data Science<\/a> <\/strong>alan\u0131nda ufkunu geni\u015fletmek ve geli\u015fen bu alanda bilgi sahibi olarak i\u015f d\u00fcnyas\u0131nda bir ad\u0131m \u00f6nde olmak isteyenleri bir araya getirmeyi hedefliyor.<\/p>\n<h2><\/h2>\n<p><a href=\"https:\/\/www.kariyer.net\/kariyer-rehberi\/wp-content\/uploads\/2019\/04\/900x600-haber-g\u00f6rseli-jjjff.jpg\"><img fetchpriority=\"high\" decoding=\"async\" class=\"wp-image-12451 aligncenter\" src=\"https:\/\/www.kariyer.net\/kariyer-rehberi\/wp-content\/uploads\/2019\/04\/900x600-haber-g\u00f6rseli-jjjff.jpg\" alt=\"\" width=\"507\" height=\"351\" data-wp-editing=\"1\" srcset=\"https:\/\/www.kariyer.net\/kariyer-rehberi\/wp-content\/uploads\/2019\/04\/900x600-haber-g\u00f6rseli-jjjff.jpg 650w, https:\/\/www.kariyer.net\/kariyer-rehberi\/wp-content\/uploads\/2019\/04\/900x600-haber-g\u00f6rseli-jjjff-300x208.jpg 300w, https:\/\/www.kariyer.net\/kariyer-rehberi\/wp-content\/uploads\/2019\/04\/900x600-haber-g\u00f6rseli-jjjff-100x70.jpg 100w, https:\/\/www.kariyer.net\/kariyer-rehberi\/wp-content\/uploads\/2019\/04\/900x600-haber-g\u00f6rseli-jjjff-218x150.jpg 218w, https:\/\/www.kariyer.net\/kariyer-rehberi\/wp-content\/uploads\/2019\/04\/900x600-haber-g\u00f6rseli-jjjff-607x420.jpg 607w\" sizes=\"(max-width: 507px) 100vw, 507px\" \/><\/a><\/p>\n<h2><strong>Zirvede yer alacak konu\u015fmac\u0131lar<\/strong><\/h2>\n<ul>\n<li><strong>Serta\u00e7 Do\u011fanay<\/strong> \u2013 \u0130leti\u015fim Dan\u0131\u015fman\u0131\/Akademisyen<\/li>\n<li><strong>Emirhan Oru\u00e7<\/strong> \u2013 Denizbank Bireysel CRM Uzman Yard\u0131mc\u0131s\u0131, Data Scientist<\/li>\n<li><strong>G\u00f6k\u015fen G\u00fcltekin<\/strong> \u2013 Denizbank Kredi Analitik ve Modelleme Uzman Yard\u0131mc\u0131s\u0131, Data Scientist<\/li>\n<li><strong>Mehmet Ali Akarca<\/strong> \u2013 Ko\u00e7Digital Genel M\u00fcd\u00fcr<\/li>\n<li><strong>Onur Ko\u00e7<\/strong> \u2013 Microsoft CTO<\/li>\n<li><strong>Kadir K\u0131rm\u0131z\u0131<\/strong> &#8211;\u00a0 Turna.com CEO<\/li>\n<li><strong>A\u015fk\u0131n Karaka\u015f<\/strong> \u2013 Kariyer.net Yeni Teknolojiler ve Projeler Genel M\u00fcd\u00fcr Yard\u0131mc\u0131s\u0131<\/li>\n<li><strong>Berk Orak\u00e7\u0131<\/strong> \u2013 SAS Profesyonel Hizmetler ve Dan\u0131\u015fmanl\u0131k \u00dclke M\u00fcd\u00fcr\u00fc<\/li>\n<li><strong>Mustafa Acungil<\/strong> \u2013 Bilge Adam \u00c7\u00f6z\u00fcm Mimar\u0131 \/ Veri Bilimci<\/li>\n<li><strong>Metin Karabiber<\/strong> \u2013 Enqura CEO, Kurucu<\/li>\n<li><strong>Tolga Durdu<\/strong> \u2013 Accelera Managing Partner<\/li>\n<li><strong>Ay\u015fe B\u00fcy\u00fckkaya<\/strong> \u2013 Intertech DWH ve Yapay Zeka Projeleri Genel M\u00fcd\u00fcr Yard\u0131mc\u0131s\u0131<\/li>\n<li><strong>Ferhat \u0130\u015fyapan<\/strong> \u2013 Yemeksepeti.com Business Intelligence Manager<\/li>\n<li><strong>Muhammed Ali Ercan<\/strong> \u2013 BSH Global Uygulama Hizmetleri Direkt\u00f6r\u00fc<\/li>\n<li><strong>Se\u00e7kin Karaba\u011f<\/strong> \u2013 Veri Bilimi Alan Y\u00f6neticisi<\/li>\n<\/ul>\n<p>Etkinlik i\u00e7in kay\u0131t olu\u015fturmak isteyenler <strong><a href=\"https:\/\/docs.google.com\/forms\/d\/e\/1FAIpQLSdRWk6SJin6uY8RxRTxdkMKrbASEwX8Ul_nS0SRspa_7KTRUQ\/viewform\" target=\"_blank\" rel=\"noopener noreferrer\">buraya<\/a><\/strong> t\u0131klayabilir.<\/p>\n<!-- templates\/buttons-placeholder.php -->\n<div class=\"da-reactions-outer TpostID12443\">\n\t    <div class=\"da-reactions-data da-reactions-container-async center\"\n         data-type=\"post\"\n         data-id=\"12443\"\n         id=\"da-reactions-slot-post-12443\">\n        <div class=\"da-reactions-static\">\n\t\t\t<img src=\"https:\/\/www.kariyer.net\/kariyer-rehberi\/wp-content\/plugins\/da-reactions\/assets\/dist\/loading.svg\" alt=\"Loading spinner\" width=\"48\" height=\"48\" style=\"width:48px\" \/>\n        <\/div>\n    <\/div>\n<\/div>\n","protected":false},"excerpt":{"rendered":"<p>T\u00fcm d\u00fcnyada oldu\u011fu gibi T\u00fcrkiye\u2019de de olduk\u00e7a pop\u00fcler bir \u00e7al\u0131\u015fma alan\u0131 haline gelen Veri Bilimi (Data Science) konseptini, bu alanda \u00e7al\u0131\u015fmalar\u0131 olan \u015firketler arac\u0131l\u0131\u011f\u0131yla sunmay\u0131 hedefleyen \u0130T\u00dc Veri Bilimi Zirvesi 24 Nisan&#8217;da ba\u015fl\u0131yor! \u0130T\u00dc Veri Bilimi Zirvesi, verinin kullan\u0131m alanlar\u0131n\u0131 ve bu verilerle neler yap\u0131labilece\u011fini \u00f6\u011frenerek Data Science alan\u0131nda ufkunu geni\u015fletmek ve geli\u015fen bu alanda [&hellip;]<\/p>\n<!-- templates\/buttons-placeholder.php -->\n<div class=\"da-reactions-outer TpostID12443\">\n\t    <div class=\"da-reactions-data da-reactions-container-async center\"\n         data-type=\"post\"\n         data-id=\"12443\"\n         id=\"da-reactions-slot-post-12443\">\n        <div class=\"da-reactions-static\">\n\t\t\t<img src=\"https:\/\/www.kariyer.net\/kariyer-rehberi\/wp-content\/plugins\/da-reactions\/assets\/dist\/loading.svg\" alt=\"Loading spinner\" width=\"48\" height=\"48\" style=\"width:48px\" \/>\n        <\/div>\n    <\/div>\n<\/div>\n","protected":false},"author":12,"featured_media":12449,"comment_status":"open","ping_status":"open","sticky":false,"template":"","format":"standard","meta":{"footnotes":"","_elementor_edit_mode":"","_elementor_template_type":"","_elementor_data":"","_elementor_page_settings":null,"_elementor_conditions":[]},"categories":[2203,2211,2214],"tags":[1266,258],"class_list":{"0":"post-12443","1":"post","2":"type-post","3":"status-publish","4":"format-standard","5":"has-post-thumbnail","7":"category-haberler-duyurular","8":"category-kariyer-gelisimi","9":"category-yasam","10":"tag-itu-veri-bilimi-zirvesi","11":"tag-kariyer-net"},"yoast_head":"<!-- This site is optimized with the Yoast SEO Premium plugin v21.4 (Yoast SEO v27.0) - https:\/\/yoast.com\/product\/yoast-seo-premium-wordpress\/ -->\n<title>\u0130T\u00dc Veri Bilimi Zirvesi i\u00e7in geri say\u0131m ba\u015flad\u0131! | Kariyer Rehberi<\/title>\n<meta name=\"description\" content=\"T\u00fcm d\u00fcnyada oldu\u011fu gibi T\u00fcrkiye\u2019de de olduk\u00e7a pop\u00fcler bir \u00e7al\u0131\u015fma alan\u0131 haline gelen Veri Bilimi (Data Science) konseptini, bu alanda \u00e7al\u0131\u015fmalar\u0131 olan \u015firketler arac\u0131l\u0131\u011f\u0131yla sunmay\u0131 hedefleyen \u0130T\u00dc Veri Bilimi Zirvesi 24 Nisan&#039;da ba\u015fl\u0131yor!\" \/>\n<meta name=\"robots\" content=\"index, follow, max-snippet:-1, max-image-preview:large, max-video-preview:-1\" \/>\n<link rel=\"canonical\" href=\"https:\/\/www.kariyer.net\/kariyer-rehberi\/itu-veri-bilimi-zirvesi-icin-geri-sayim-basladi\/\" \/>\n<meta property=\"og:locale\" content=\"tr_TR\" \/>\n<meta property=\"og:type\" content=\"article\" \/>\n<meta property=\"og:title\" content=\"\u0130T\u00dc Veri Bilimi Zirvesi i\u00e7in geri say\u0131m ba\u015flad\u0131!\" \/>\n<meta property=\"og:description\" content=\"T\u00fcm d\u00fcnyada oldu\u011fu gibi T\u00fcrkiye\u2019de de olduk\u00e7a pop\u00fcler bir \u00e7al\u0131\u015fma alan\u0131 haline gelen Veri Bilimi (Data Science) konseptini, bu alanda \u00e7al\u0131\u015fmalar\u0131 olan\" \/>\n<meta property=\"og:url\" content=\"https:\/\/www.kariyer.net\/kariyer-rehberi\/itu-veri-bilimi-zirvesi-icin-geri-sayim-basladi\/\" \/>\n<meta property=\"og:site_name\" content=\"Kariyer Rehberi\" \/>\n<meta property=\"article:published_time\" content=\"2019-04-17T08:21:43+00:00\" \/>\n<meta property=\"article:modified_time\" content=\"2024-08-08T18:09:49+00:00\" \/>\n<meta property=\"og:image\" content=\"https:\/\/www.kariyer.net\/kariyer-rehberi\/wp-content\/uploads\/2019\/04\/Depositphotos_192576854_s-2019.jpg\" \/>\n\t<meta property=\"og:image:width\" content=\"900\" \/>\n\t<meta property=\"og:image:height\" content=\"600\" \/>\n\t<meta property=\"og:image:type\" content=\"image\/jpeg\" \/>\n<meta name=\"author\" content=\"Edit\u00f6r\" \/>\n<meta name=\"twitter:card\" content=\"summary_large_image\" \/>\n<meta name=\"twitter:label1\" content=\"Yazan:\" \/>\n\t<meta name=\"twitter:data1\" content=\"Edit\u00f6r\" \/>\n\t<meta name=\"twitter:label2\" content=\"Tahmini okuma s\u00fcresi\" \/>\n\t<meta name=\"twitter:data2\" content=\"1 dakika\" \/>\n<!-- \/ Yoast SEO Premium plugin. -->","yoast_head_json":{"title":"\u0130T\u00dc Veri Bilimi Zirvesi i\u00e7in geri say\u0131m ba\u015flad\u0131! | Kariyer Rehberi","description":"T\u00fcm d\u00fcnyada oldu\u011fu gibi T\u00fcrkiye\u2019de de olduk\u00e7a pop\u00fcler bir \u00e7al\u0131\u015fma alan\u0131 haline gelen Veri Bilimi (Data Science) konseptini, bu alanda \u00e7al\u0131\u015fmalar\u0131 olan \u015firketler arac\u0131l\u0131\u011f\u0131yla sunmay\u0131 hedefleyen \u0130T\u00dc Veri Bilimi Zirvesi 24 Nisan'da ba\u015fl\u0131yor!","robots":{"index":"index","follow":"follow","max-snippet":"max-snippet:-1","max-image-preview":"max-image-preview:large","max-video-preview":"max-video-preview:-1"},"canonical":"https:\/\/www.kariyer.net\/kariyer-rehberi\/itu-veri-bilimi-zirvesi-icin-geri-sayim-basladi\/","og_locale":"tr_TR","og_type":"article","og_title":"\u0130T\u00dc Veri Bilimi Zirvesi i\u00e7in geri say\u0131m ba\u015flad\u0131!","og_description":"T\u00fcm d\u00fcnyada oldu\u011fu gibi T\u00fcrkiye\u2019de de olduk\u00e7a pop\u00fcler bir \u00e7al\u0131\u015fma alan\u0131 haline gelen Veri Bilimi (Data Science) konseptini, bu alanda \u00e7al\u0131\u015fmalar\u0131 olan","og_url":"https:\/\/www.kariyer.net\/kariyer-rehberi\/itu-veri-bilimi-zirvesi-icin-geri-sayim-basladi\/","og_site_name":"Kariyer Rehberi","article_published_time":"2019-04-17T08:21:43+00:00","article_modified_time":"2024-08-08T18:09:49+00:00","og_image":[{"width":900,"height":600,"url":"https:\/\/www.kariyer.net\/kariyer-rehberi\/wp-content\/uploads\/2019\/04\/Depositphotos_192576854_s-2019.jpg","type":"image\/jpeg"}],"author":"Edit\u00f6r","twitter_card":"summary_large_image","twitter_misc":{"Yazan:":"Edit\u00f6r","Tahmini okuma s\u00fcresi":"1 dakika"},"schema":{"@context":"https:\/\/schema.org","@graph":[{"@type":"Article","@id":"https:\/\/www.kariyer.net\/kariyer-rehberi\/itu-veri-bilimi-zirvesi-icin-geri-sayim-basladi\/#article","isPartOf":{"@id":"https:\/\/www.kariyer.net\/kariyer-rehberi\/itu-veri-bilimi-zirvesi-icin-geri-sayim-basladi\/"},"author":{"name":"Edit\u00f6r","@id":"https:\/\/www.kariyer.net\/kariyer-rehberi\/#\/schema\/person\/94fd6e49c7ff1b1b2565a2cc4fd685dd"},"headline":"\u0130T\u00dc Veri Bilimi Zirvesi i\u00e7in geri say\u0131m ba\u015flad\u0131!","datePublished":"2019-04-17T08:21:43+00:00","dateModified":"2024-08-08T18:09:49+00:00","mainEntityOfPage":{"@id":"https:\/\/www.kariyer.net\/kariyer-rehberi\/itu-veri-bilimi-zirvesi-icin-geri-sayim-basladi\/"},"wordCount":267,"commentCount":0,"publisher":{"@id":"https:\/\/www.kariyer.net\/kariyer-rehberi\/#organization"},"image":{"@id":"https:\/\/www.kariyer.net\/kariyer-rehberi\/itu-veri-bilimi-zirvesi-icin-geri-sayim-basladi\/#primaryimage"},"thumbnailUrl":"https:\/\/www.kariyer.net\/kariyer-rehberi\/wp-content\/uploads\/2019\/04\/Depositphotos_192576854_s-2019.jpg","keywords":["\u0130T\u00dc Veri Bilimi Zirvesi","kariyer.net"],"articleSection":["Haberler ve Duyurular","Kariyer Geli\u015fimi","Ya\u015fam"],"inLanguage":"tr","potentialAction":[{"@type":"CommentAction","name":"Comment","target":["https:\/\/www.kariyer.net\/kariyer-rehberi\/itu-veri-bilimi-zirvesi-icin-geri-sayim-basladi\/#respond"]}]},{"@type":"WebPage","@id":"https:\/\/www.kariyer.net\/kariyer-rehberi\/itu-veri-bilimi-zirvesi-icin-geri-sayim-basladi\/","url":"https:\/\/www.kariyer.net\/kariyer-rehberi\/itu-veri-bilimi-zirvesi-icin-geri-sayim-basladi\/","name":"\u0130T\u00dc Veri Bilimi Zirvesi i\u00e7in geri say\u0131m ba\u015flad\u0131! | Kariyer Rehberi","isPartOf":{"@id":"https:\/\/www.kariyer.net\/kariyer-rehberi\/#website"},"primaryImageOfPage":{"@id":"https:\/\/www.kariyer.net\/kariyer-rehberi\/itu-veri-bilimi-zirvesi-icin-geri-sayim-basladi\/#primaryimage"},"image":{"@id":"https:\/\/www.kariyer.net\/kariyer-rehberi\/itu-veri-bilimi-zirvesi-icin-geri-sayim-basladi\/#primaryimage"},"thumbnailUrl":"https:\/\/www.kariyer.net\/kariyer-rehberi\/wp-content\/uploads\/2019\/04\/Depositphotos_192576854_s-2019.jpg","datePublished":"2019-04-17T08:21:43+00:00","dateModified":"2024-08-08T18:09:49+00:00","description":"T\u00fcm d\u00fcnyada oldu\u011fu gibi T\u00fcrkiye\u2019de de olduk\u00e7a pop\u00fcler bir \u00e7al\u0131\u015fma alan\u0131 haline gelen Veri Bilimi (Data Science) konseptini, bu alanda \u00e7al\u0131\u015fmalar\u0131 olan \u015firketler arac\u0131l\u0131\u011f\u0131yla sunmay\u0131 hedefleyen \u0130T\u00dc Veri Bilimi Zirvesi 24 Nisan'da ba\u015fl\u0131yor!","breadcrumb":{"@id":"https:\/\/www.kariyer.net\/kariyer-rehberi\/itu-veri-bilimi-zirvesi-icin-geri-sayim-basladi\/#breadcrumb"},"inLanguage":"tr","potentialAction":[{"@type":"ReadAction","target":["https:\/\/www.kariyer.net\/kariyer-rehberi\/itu-veri-bilimi-zirvesi-icin-geri-sayim-basladi\/"]}]},{"@type":"ImageObject","inLanguage":"tr","@id":"https:\/\/www.kariyer.net\/kariyer-rehberi\/itu-veri-bilimi-zirvesi-icin-geri-sayim-basladi\/#primaryimage","url":"https:\/\/www.kariyer.net\/kariyer-rehberi\/wp-content\/uploads\/2019\/04\/Depositphotos_192576854_s-2019.jpg","contentUrl":"https:\/\/www.kariyer.net\/kariyer-rehberi\/wp-content\/uploads\/2019\/04\/Depositphotos_192576854_s-2019.jpg","width":900,"height":600},{"@type":"BreadcrumbList","@id":"https:\/\/www.kariyer.net\/kariyer-rehberi\/itu-veri-bilimi-zirvesi-icin-geri-sayim-basladi\/#breadcrumb","itemListElement":[{"@type":"ListItem","position":1,"name":"Anasayfa","item":"https:\/\/www.kariyer.net\/kariyer-rehberi\/"},{"@type":"ListItem","position":2,"name":"\u0130T\u00dc Veri Bilimi Zirvesi i\u00e7in geri say\u0131m ba\u015flad\u0131!"}]},{"@type":"WebSite","@id":"https:\/\/www.kariyer.net\/kariyer-rehberi\/#website","url":"https:\/\/www.kariyer.net\/kariyer-rehberi\/","name":"Kariyer Rehberi","description":"\u0130\u015f D\u00fcnyas\u0131yla \u0130lgili Bilmek \u0130stedi\u011finiz Her \u015eey","publisher":{"@id":"https:\/\/www.kariyer.net\/kariyer-rehberi\/#organization"},"potentialAction":[{"@type":"SearchAction","target":{"@type":"EntryPoint","urlTemplate":"https:\/\/www.kariyer.net\/kariyer-rehberi\/?s={search_term_string}"},"query-input":{"@type":"PropertyValueSpecification","valueRequired":true,"valueName":"search_term_string"}}],"inLanguage":"tr"},{"@type":"Organization","@id":"https:\/\/www.kariyer.net\/kariyer-rehberi\/#organization","name":"Kariyer.net","url":"https:\/\/www.kariyer.net\/kariyer-rehberi\/","logo":{"@type":"ImageObject","inLanguage":"tr","@id":"https:\/\/www.kariyer.net\/kariyer-rehberi\/#\/schema\/logo\/image\/","url":"https:\/\/www.kariyer.net\/kariyer-rehberi-new\/wp-content\/uploads\/2023\/01\/og-image11.jpg","contentUrl":"https:\/\/www.kariyer.net\/kariyer-rehberi-new\/wp-content\/uploads\/2023\/01\/og-image11.jpg","width":800,"height":800,"caption":"Kariyer.net"},"image":{"@id":"https:\/\/www.kariyer.net\/kariyer-rehberi\/#\/schema\/logo\/image\/"}},{"@type":"Person","@id":"https:\/\/www.kariyer.net\/kariyer-rehberi\/#\/schema\/person\/94fd6e49c7ff1b1b2565a2cc4fd685dd","name":"Edit\u00f6r","image":{"@type":"ImageObject","inLanguage":"tr","@id":"https:\/\/www.kariyer.net\/kariyer-rehberi\/#\/schema\/person\/image\/","url":"https:\/\/secure.gravatar.com\/avatar\/0c4fe6688343aed3693b15573beae12c08ace5565409d5ab7509bf9c115f458d?s=96&d=mm&r=g","contentUrl":"https:\/\/secure.gravatar.com\/avatar\/0c4fe6688343aed3693b15573beae12c08ace5565409d5ab7509bf9c115f458d?s=96&d=mm&r=g","caption":"Edit\u00f6r"},"url":"https:\/\/www.kariyer.net\/kariyer-rehberi\/author\/editor\/"}]}},"_links":{"self":[{"href":"https:\/\/www.kariyer.net\/kariyer-rehberi\/wp-json\/wp\/v2\/posts\/12443","targetHints":{"allow":["GET"]}}],"collection":[{"href":"https:\/\/www.kariyer.net\/kariyer-rehberi\/wp-json\/wp\/v2\/posts"}],"about":[{"href":"https:\/\/www.kariyer.net\/kariyer-rehberi\/wp-json\/wp\/v2\/types\/post"}],"author":[{"embeddable":true,"href":"https:\/\/www.kariyer.net\/kariyer-rehberi\/wp-json\/wp\/v2\/users\/12"}],"replies":[{"embeddable":true,"href":"https:\/\/www.kariyer.net\/kariyer-rehberi\/wp-json\/wp\/v2\/comments?post=12443"}],"version-history":[{"count":1,"href":"https:\/\/www.kariyer.net\/kariyer-rehberi\/wp-json\/wp\/v2\/posts\/12443\/revisions"}],"predecessor-version":[{"id":18401,"href":"https:\/\/www.kariyer.net\/kariyer-rehberi\/wp-json\/wp\/v2\/posts\/12443\/revisions\/18401"}],"wp:featuredmedia":[{"embeddable":true,"href":"https:\/\/www.kariyer.net\/kariyer-rehberi\/wp-json\/wp\/v2\/media\/12449"}],"wp:attachment":[{"href":"https:\/\/www.kariyer.net\/kariyer-rehberi\/wp-json\/wp\/v2\/media?parent=12443"}],"wp:term":[{"taxonomy":"category","embeddable":true,"href":"https:\/\/www.kariyer.net\/kariyer-rehberi\/wp-json\/wp\/v2\/categories?post=12443"},{"taxonomy":"post_tag","embeddable":true,"href":"https:\/\/www.kariyer.net\/kariyer-rehberi\/wp-json\/wp\/v2\/tags?post=12443"}],"curies":[{"name":"wp","href":"https:\/\/api.w.org\/{rel}","templated":true}]}}