{"id":12553,"date":"2019-05-17T10:40:32","date_gmt":"2019-05-17T07:40:32","guid":{"rendered":"https:\/\/www.kariyer.net\/kariyer-rehberi\/?p=12553"},"modified":"2024-08-08T21:09:48","modified_gmt":"2024-08-08T18:09:48","slug":"yaz-gelmeden-kariyer-hedeflerini-gozden-gecir","status":"publish","type":"post","link":"https:\/\/www.kariyer.net\/kariyer-rehberi\/yaz-gelmeden-kariyer-hedeflerini-gozden-gecir\/","title":{"rendered":"Yaz gelmeden kariyer hedeflerini g\u00f6zden ge\u00e7ir"},"content":{"rendered":"<p><strong>Y\u0131l\u0131n ilk \u00e7eyre\u011fi \u00e7oktan geride kald\u0131, yaz mevsimi ise kap\u0131da! \u015eimdi bug\u00fcne kadarki s\u00fcreci g\u00f6zden ge\u00e7irip, aksiyon alman\u0131n tam zaman\u0131. Kariyerinin k\u0131s\u0131r bir d\u00f6ng\u00fcye girdi\u011fini d\u00fc\u015f\u00fcn\u00fcyorsan, unutma de\u011fi\u015fimi ba\u015flatmak senin elinde!<\/strong><\/p>\n<p>Bu sene i\u00e7in planlad\u0131\u011f\u0131n kariyer hedeflerine ne kadar uzaks\u0131n? Bu hedefleri ger\u00e7ekle\u015ftirmek i\u00e7in sonbahara kadar neler yapabilirsin? Peki, karar\u0131n yeni bir i\u015f kurmak m\u0131 yoksa kendine yeni bir i\u015f aramak m\u0131? T\u00fcm bu sorulara verece\u011fin cevaplar, kariyer hedeflerini g\u00f6zden ge\u00e7irmene, enerjini bu konulara yo\u011funla\u015ft\u0131rmana ve hedeflerini geli\u015ftirmene yard\u0131mc\u0131 olacak.<\/p>\n<p>\u0130\u015fte, kariyer planlar\u0131n\u0131 de\u011ferlendirmende sana yard\u0131mc\u0131 olabilecek 7 \u00f6nemli ad\u0131m:<\/p>\n<h2><strong>\u00d6ncelikle hedeflerini yaz\u0131ya d\u00f6k<\/strong><\/h2>\n<p>Hedeflerini yazman demek, kendine s\u00f6z vermen demektir. Planlar\u0131n\u0131 kaydetmemen bir nevi bu sorumluluklardan ka\u00e7man anlam\u0131na gelir. Bu nedenle kendine s\u00fcrekli hat\u0131rlatma yapmak i\u00e7in yazma al\u0131\u015fkanl\u0131\u011f\u0131 kazanmal\u0131s\u0131n.<\/p>\n<h2><strong>Ger\u00e7ekten ne istedi\u011fini netle\u015ftir<\/strong><\/h2>\n<p>Senin i\u00e7in nelerin \u00f6nemli olup olmad\u0131\u011f\u0131n\u0131 d\u00fc\u015f\u00fcnmek i\u00e7in kendine zaman ay\u0131r. Hangi hedeflerden vazge\u00e7ebilece\u011fine veya hangi hedeflerin kritik \u00f6neme sahip oldu\u011funa karar ver. 1 ve 2 numaral\u0131 hedeflerini belirle ve ba\u015far\u0131l\u0131 oldu\u011funda bunlar\u0131n nas\u0131l g\u00f6r\u00fcnece\u011fini d\u00fc\u015f\u00fcn.<\/p>\n<h2><strong>\u015eimdiye kadar neler ba\u015fard\u0131\u011f\u0131n\u0131 d\u00fc\u015f\u00fcn<\/strong><\/h2>\n<p>Kat\u0131ld\u0131\u011f\u0131n etkinlikleri sayarak, ne kadar \u00f6vg\u00fc ald\u0131\u011f\u0131n\u0131 ve bunlar\u0131n ka\u00e7\u0131n\u0131n i\u015fverenine iletildi\u011fini d\u00fc\u015f\u00fcn. Ka\u00e7 tane blog yaz\u0131s\u0131 yazd\u0131n ya da b\u00f6yle bir \u015fey yapmaya haz\u0131r m\u0131s\u0131n? Ka\u00e7 tane potansiyel m\u00fc\u015fteriye yakla\u015fabildin? Hedeflerin aras\u0131nda olmad\u0131\u011f\u0131 halde ba\u015fard\u0131\u011f\u0131n neler var? T\u00fcm bunlar\u0131n de\u011ferlendirmesini yap ve durum g\u00fcncellemelerinle beraber kaydet.<\/p>\n<h2><strong>\u00d6nceliklerini k\u00fc\u00e7\u00fck par\u00e7alara ay\u0131r <\/strong><\/h2>\n<p>Baz\u0131lar\u0131 hedeflerini kontrol etmek ve daha ileri ta\u015f\u0131mak i\u00e7in takvimlerine haftal\u0131k hat\u0131rlat\u0131c\u0131lar koymay\u0131 tercih ediyor. Baz\u0131lar\u0131 da planlar\u0131n\u0131 ad\u0131m ad\u0131m netle\u015ftirip, bunlar\u0131 yaz\u0131yor.<\/p>\n<h2><strong>Seni motive eden \u015feyleri a\u00e7\u0131\u011fa \u00e7\u0131kar<\/strong><\/h2>\n<p>Bazen hepimiz, neden terfi istedi\u011fimizin veya neden yeni bir m\u00fc\u015fteriye ula\u015fmaya \u00e7al\u0131\u015ft\u0131\u011f\u0131m\u0131z\u0131n alt\u0131nda yatan as\u0131l sebepleri unuturuz. E\u011fer b\u00fct\u00fcn bunlar harika bir tatil ge\u00e7irmek veya k\u00fc\u00e7\u00fck karde\u015finin okul masraflar\u0131n\u0131 kar\u015f\u0131lamak i\u00e7inse bu duygusal ba\u011flar\u0131n\u0131 netle\u015ftir.<\/p>\n<h2><strong>Kendini \u00f6d\u00fcllendir <\/strong><\/h2>\n<p>E\u011fer hedeflerine ula\u015ft\u0131ysan, \u015fimdi kutlama zaman\u0131. Fakat bu ba\u015far\u0131n\u0131 sosyal medya hesab\u0131ndan duyurman bir kutlama say\u0131lmaz. Ba\u015far\u0131n\u0131 sevdi\u011fin insanlarla payla\u015farak kutlamal\u0131s\u0131n.<\/p>\n<h2><strong>Bir ara ver<\/strong><\/h2>\n<p>Art\u0131k hayat\u0131nda \u00f6nemli g\u00f6rd\u00fc\u011f\u00fcn di\u011fer \u015feyleri d\u00fc\u015f\u00fcnme s\u0131ras\u0131. Hi\u00e7 durmaks\u0131z\u0131n \u00e7al\u0131\u015f\u0131rken bir yandan da kariyer plan\u0131 yapmak seni y\u0131pratabilir. Bu y\u00fczden bu yaz; arkada\u015flar\u0131n, e\u011flencenin ve ya\u015fam\u0131n tad\u0131n\u0131 \u00e7\u0131karmak i\u00e7in kendine bir hafta ay\u0131r. Bu tatil, b\u00fct\u00fcn enerjini geri kazanmana ve yeni hedeflere do\u011fru sa\u011flam ad\u0131mlarla ilerlemene yard\u0131mc\u0131 olacakt\u0131r.<\/p>\n<p>Baz\u0131 insanlar, y\u0131l ortas\u0131na kadar hedeflerinin \u00e7o\u011funu ger\u00e7ekle\u015ftirdi\u011fini belirtiyor. E\u011fer \u00f6yleyse, art\u0131k kendine yeni hedefler olu\u015fturma zaman\u0131 gelmi\u015f demektir. Ayr\u0131ca bu hedefleri olabildi\u011fince y\u00fcksek tutman \u00f6nemli. Kimilerini ise hedeflerinin bir\u00e7o\u011funu ba\u015faramam\u0131\u015f olmak hayal k\u0131r\u0131kl\u0131\u011f\u0131na u\u011frat\u0131r. Belki de onlar i\u00e7in ba\u015far\u0131ya giden yol, iyi bir tak\u0131m arkada\u015f\u0131 veya bir kariyer ko\u00e7undan ge\u00e7iyordur.<\/p>\n<!-- templates\/buttons-placeholder.php -->\n<div class=\"da-reactions-outer TpostID12553\">\n\t    <div class=\"da-reactions-data da-reactions-container-async center\"\n         data-type=\"post\"\n         data-id=\"12553\"\n         id=\"da-reactions-slot-post-12553\">\n        <div class=\"da-reactions-static\">\n\t\t\t<img src=\"https:\/\/www.kariyer.net\/kariyer-rehberi\/wp-content\/plugins\/da-reactions\/assets\/dist\/loading.svg\" alt=\"Loading spinner\" width=\"48\" height=\"48\" style=\"width:48px\" \/>\n        <\/div>\n    <\/div>\n<\/div>\n","protected":false},"excerpt":{"rendered":"<p>Y\u0131l\u0131n ilk \u00e7eyre\u011fi \u00e7oktan geride kald\u0131, yaz mevsimi ise kap\u0131da! \u015eimdi bug\u00fcne kadarki s\u00fcreci g\u00f6zden ge\u00e7irip, aksiyon alman\u0131n tam zaman\u0131. Kariyerinin k\u0131s\u0131r bir d\u00f6ng\u00fcye girdi\u011fini d\u00fc\u015f\u00fcn\u00fcyorsan, unutma de\u011fi\u015fimi ba\u015flatmak senin elinde! Bu sene i\u00e7in planlad\u0131\u011f\u0131n kariyer hedeflerine ne kadar uzaks\u0131n? Bu hedefleri ger\u00e7ekle\u015ftirmek i\u00e7in sonbahara kadar neler yapabilirsin? Peki, karar\u0131n yeni bir i\u015f kurmak m\u0131 [&hellip;]<\/p>\n<!-- templates\/buttons-placeholder.php -->\n<div class=\"da-reactions-outer TpostID12553\">\n\t    <div class=\"da-reactions-data da-reactions-container-async center\"\n         data-type=\"post\"\n         data-id=\"12553\"\n         id=\"da-reactions-slot-post-12553\">\n        <div class=\"da-reactions-static\">\n\t\t\t<img src=\"https:\/\/www.kariyer.net\/kariyer-rehberi\/wp-content\/plugins\/da-reactions\/assets\/dist\/loading.svg\" alt=\"Loading spinner\" width=\"48\" height=\"48\" style=\"width:48px\" \/>\n        <\/div>\n    <\/div>\n<\/div>\n","protected":false},"author":12,"featured_media":12555,"comment_status":"open","ping_status":"open","sticky":false,"template":"","format":"standard","meta":{"footnotes":"","_elementor_edit_mode":"","_elementor_template_type":"","_elementor_data":"","_elementor_page_settings":null,"_elementor_conditions":[]},"categories":[2203,38,40,6,46,2211,2214],"tags":[991,1287,1286,258,956,957,958],"class_list":{"0":"post-12553","1":"post","2":"type-post","3":"status-publish","4":"format-standard","5":"has-post-thumbnail","7":"category-haberler-duyurular","8":"category-is-arama","9":"category-is-arama-trendleri","10":"category-is-bulma-stratejileri","11":"category-is-hayati","12":"category-kariyer-gelisimi","13":"category-yasam","14":"tag-genc-profesyonel","15":"tag-kariyer-hedefi-belirleme","16":"tag-kariyer-hedefi-nasil-belirlenir","17":"tag-kariyer-net","18":"tag-uzman","19":"tag-uzman-yardimcisi","20":"tag-yonetici"},"yoast_head":"<!-- This site is optimized with the Yoast SEO Premium plugin v21.4 (Yoast SEO v27.0) - https:\/\/yoast.com\/product\/yoast-seo-premium-wordpress\/ -->\n<title>Yaz gelmeden kariyer hedeflerini g\u00f6zden ge\u00e7ir | Kariyer Rehberi<\/title>\n<meta name=\"description\" content=\"Y\u0131l\u0131n ilk \u00e7eyre\u011fi \u00e7oktan geride kald\u0131, yaz mevsimi ise kap\u0131da! \u015eimdi bug\u00fcne kadarki s\u00fcreci g\u00f6zden ge\u00e7irip, aksiyon alman\u0131n tam zaman\u0131. Kariyerinin k\u0131s\u0131r bir d\u00f6ng\u00fcye girdi\u011fini d\u00fc\u015f\u00fcn\u00fcyorsan, unutma de\u011fi\u015fimi ba\u015flatmak senin elinde!\" \/>\n<meta name=\"robots\" content=\"index, follow, max-snippet:-1, max-image-preview:large, max-video-preview:-1\" \/>\n<link rel=\"canonical\" href=\"https:\/\/www.kariyer.net\/kariyer-rehberi\/yaz-gelmeden-kariyer-hedeflerini-gozden-gecir\/\" \/>\n<meta property=\"og:locale\" content=\"tr_TR\" \/>\n<meta property=\"og:type\" content=\"article\" \/>\n<meta property=\"og:title\" content=\"Yaz gelmeden kariyer hedeflerini g\u00f6zden ge\u00e7ir\" \/>\n<meta property=\"og:description\" content=\"Y\u0131l\u0131n ilk \u00e7eyre\u011fi \u00e7oktan geride kald\u0131, yaz mevsimi ise kap\u0131da! \u015eimdi bug\u00fcne kadarki s\u00fcreci g\u00f6zden ge\u00e7irip, aksiyon alman\u0131n tam zaman\u0131. Kariyerinin k\u0131s\u0131r\" \/>\n<meta property=\"og:url\" content=\"https:\/\/www.kariyer.net\/kariyer-rehberi\/yaz-gelmeden-kariyer-hedeflerini-gozden-gecir\/\" \/>\n<meta property=\"og:site_name\" content=\"Kariyer Rehberi\" \/>\n<meta property=\"article:published_time\" content=\"2019-05-17T07:40:32+00:00\" \/>\n<meta property=\"article:modified_time\" content=\"2024-08-08T18:09:48+00:00\" \/>\n<meta property=\"og:image\" content=\"https:\/\/www.kariyer.net\/kariyer-rehberi\/wp-content\/uploads\/2019\/05\/eee.jpg\" \/>\n\t<meta property=\"og:image:width\" content=\"900\" \/>\n\t<meta property=\"og:image:height\" content=\"600\" \/>\n\t<meta property=\"og:image:type\" content=\"image\/jpeg\" \/>\n<meta name=\"author\" content=\"Edit\u00f6r\" \/>\n<meta name=\"twitter:card\" content=\"summary_large_image\" \/>\n<meta name=\"twitter:label1\" content=\"Yazan:\" \/>\n\t<meta name=\"twitter:data1\" content=\"Edit\u00f6r\" \/>\n\t<meta name=\"twitter:label2\" content=\"Tahmini okuma s\u00fcresi\" \/>\n\t<meta name=\"twitter:data2\" content=\"3 dakika\" \/>\n<!-- \/ Yoast SEO Premium plugin. -->","yoast_head_json":{"title":"Yaz gelmeden kariyer hedeflerini g\u00f6zden ge\u00e7ir | Kariyer Rehberi","description":"Y\u0131l\u0131n ilk \u00e7eyre\u011fi \u00e7oktan geride kald\u0131, yaz mevsimi ise kap\u0131da! \u015eimdi bug\u00fcne kadarki s\u00fcreci g\u00f6zden ge\u00e7irip, aksiyon alman\u0131n tam zaman\u0131. Kariyerinin k\u0131s\u0131r bir d\u00f6ng\u00fcye girdi\u011fini d\u00fc\u015f\u00fcn\u00fcyorsan, unutma de\u011fi\u015fimi ba\u015flatmak senin elinde!","robots":{"index":"index","follow":"follow","max-snippet":"max-snippet:-1","max-image-preview":"max-image-preview:large","max-video-preview":"max-video-preview:-1"},"canonical":"https:\/\/www.kariyer.net\/kariyer-rehberi\/yaz-gelmeden-kariyer-hedeflerini-gozden-gecir\/","og_locale":"tr_TR","og_type":"article","og_title":"Yaz gelmeden kariyer hedeflerini g\u00f6zden ge\u00e7ir","og_description":"Y\u0131l\u0131n ilk \u00e7eyre\u011fi \u00e7oktan geride kald\u0131, yaz mevsimi ise kap\u0131da! \u015eimdi bug\u00fcne kadarki s\u00fcreci g\u00f6zden ge\u00e7irip, aksiyon alman\u0131n tam zaman\u0131. Kariyerinin k\u0131s\u0131r","og_url":"https:\/\/www.kariyer.net\/kariyer-rehberi\/yaz-gelmeden-kariyer-hedeflerini-gozden-gecir\/","og_site_name":"Kariyer Rehberi","article_published_time":"2019-05-17T07:40:32+00:00","article_modified_time":"2024-08-08T18:09:48+00:00","og_image":[{"width":900,"height":600,"url":"https:\/\/www.kariyer.net\/kariyer-rehberi\/wp-content\/uploads\/2019\/05\/eee.jpg","type":"image\/jpeg"}],"author":"Edit\u00f6r","twitter_card":"summary_large_image","twitter_misc":{"Yazan:":"Edit\u00f6r","Tahmini okuma s\u00fcresi":"3 dakika"},"schema":{"@context":"https:\/\/schema.org","@graph":[{"@type":"Article","@id":"https:\/\/www.kariyer.net\/kariyer-rehberi\/yaz-gelmeden-kariyer-hedeflerini-gozden-gecir\/#article","isPartOf":{"@id":"https:\/\/www.kariyer.net\/kariyer-rehberi\/yaz-gelmeden-kariyer-hedeflerini-gozden-gecir\/"},"author":{"name":"Edit\u00f6r","@id":"https:\/\/www.kariyer.net\/kariyer-rehberi\/#\/schema\/person\/94fd6e49c7ff1b1b2565a2cc4fd685dd"},"headline":"Yaz gelmeden kariyer hedeflerini g\u00f6zden ge\u00e7ir","datePublished":"2019-05-17T07:40:32+00:00","dateModified":"2024-08-08T18:09:48+00:00","mainEntityOfPage":{"@id":"https:\/\/www.kariyer.net\/kariyer-rehberi\/yaz-gelmeden-kariyer-hedeflerini-gozden-gecir\/"},"wordCount":614,"commentCount":0,"publisher":{"@id":"https:\/\/www.kariyer.net\/kariyer-rehberi\/#organization"},"image":{"@id":"https:\/\/www.kariyer.net\/kariyer-rehberi\/yaz-gelmeden-kariyer-hedeflerini-gozden-gecir\/#primaryimage"},"thumbnailUrl":"https:\/\/www.kariyer.net\/kariyer-rehberi\/wp-content\/uploads\/2019\/05\/eee.jpg","keywords":["gen\u00e7 profesyonel","kariyer hedefi belirleme","kariyer hedefi nas\u0131l belirlenir","kariyer.net","uzman","uzman yard\u0131mc\u0131s\u0131","y\u00f6netici"],"articleSection":["Haberler ve Duyurular","\u0130\u015f Arama","\u0130\u015f Arama Trendleri","\u0130\u015f Bulma Stratejileri","\u0130\u015f Hayat\u0131","Kariyer Geli\u015fimi","Ya\u015fam"],"inLanguage":"tr","potentialAction":[{"@type":"CommentAction","name":"Comment","target":["https:\/\/www.kariyer.net\/kariyer-rehberi\/yaz-gelmeden-kariyer-hedeflerini-gozden-gecir\/#respond"]}]},{"@type":"WebPage","@id":"https:\/\/www.kariyer.net\/kariyer-rehberi\/yaz-gelmeden-kariyer-hedeflerini-gozden-gecir\/","url":"https:\/\/www.kariyer.net\/kariyer-rehberi\/yaz-gelmeden-kariyer-hedeflerini-gozden-gecir\/","name":"Yaz gelmeden kariyer hedeflerini g\u00f6zden ge\u00e7ir | Kariyer Rehberi","isPartOf":{"@id":"https:\/\/www.kariyer.net\/kariyer-rehberi\/#website"},"primaryImageOfPage":{"@id":"https:\/\/www.kariyer.net\/kariyer-rehberi\/yaz-gelmeden-kariyer-hedeflerini-gozden-gecir\/#primaryimage"},"image":{"@id":"https:\/\/www.kariyer.net\/kariyer-rehberi\/yaz-gelmeden-kariyer-hedeflerini-gozden-gecir\/#primaryimage"},"thumbnailUrl":"https:\/\/www.kariyer.net\/kariyer-rehberi\/wp-content\/uploads\/2019\/05\/eee.jpg","datePublished":"2019-05-17T07:40:32+00:00","dateModified":"2024-08-08T18:09:48+00:00","description":"Y\u0131l\u0131n ilk \u00e7eyre\u011fi \u00e7oktan geride kald\u0131, yaz mevsimi ise kap\u0131da! \u015eimdi bug\u00fcne kadarki s\u00fcreci g\u00f6zden ge\u00e7irip, aksiyon alman\u0131n tam zaman\u0131. Kariyerinin k\u0131s\u0131r bir d\u00f6ng\u00fcye girdi\u011fini d\u00fc\u015f\u00fcn\u00fcyorsan, unutma de\u011fi\u015fimi ba\u015flatmak senin elinde!","breadcrumb":{"@id":"https:\/\/www.kariyer.net\/kariyer-rehberi\/yaz-gelmeden-kariyer-hedeflerini-gozden-gecir\/#breadcrumb"},"inLanguage":"tr","potentialAction":[{"@type":"ReadAction","target":["https:\/\/www.kariyer.net\/kariyer-rehberi\/yaz-gelmeden-kariyer-hedeflerini-gozden-gecir\/"]}]},{"@type":"ImageObject","inLanguage":"tr","@id":"https:\/\/www.kariyer.net\/kariyer-rehberi\/yaz-gelmeden-kariyer-hedeflerini-gozden-gecir\/#primaryimage","url":"https:\/\/www.kariyer.net\/kariyer-rehberi\/wp-content\/uploads\/2019\/05\/eee.jpg","contentUrl":"https:\/\/www.kariyer.net\/kariyer-rehberi\/wp-content\/uploads\/2019\/05\/eee.jpg","width":900,"height":600},{"@type":"BreadcrumbList","@id":"https:\/\/www.kariyer.net\/kariyer-rehberi\/yaz-gelmeden-kariyer-hedeflerini-gozden-gecir\/#breadcrumb","itemListElement":[{"@type":"ListItem","position":1,"name":"Anasayfa","item":"https:\/\/www.kariyer.net\/kariyer-rehberi\/"},{"@type":"ListItem","position":2,"name":"Yaz gelmeden kariyer hedeflerini g\u00f6zden ge\u00e7ir"}]},{"@type":"WebSite","@id":"https:\/\/www.kariyer.net\/kariyer-rehberi\/#website","url":"https:\/\/www.kariyer.net\/kariyer-rehberi\/","name":"Kariyer Rehberi","description":"\u0130\u015f D\u00fcnyas\u0131yla \u0130lgili Bilmek \u0130stedi\u011finiz Her \u015eey","publisher":{"@id":"https:\/\/www.kariyer.net\/kariyer-rehberi\/#organization"},"potentialAction":[{"@type":"SearchAction","target":{"@type":"EntryPoint","urlTemplate":"https:\/\/www.kariyer.net\/kariyer-rehberi\/?s={search_term_string}"},"query-input":{"@type":"PropertyValueSpecification","valueRequired":true,"valueName":"search_term_string"}}],"inLanguage":"tr"},{"@type":"Organization","@id":"https:\/\/www.kariyer.net\/kariyer-rehberi\/#organization","name":"Kariyer.net","url":"https:\/\/www.kariyer.net\/kariyer-rehberi\/","logo":{"@type":"ImageObject","inLanguage":"tr","@id":"https:\/\/www.kariyer.net\/kariyer-rehberi\/#\/schema\/logo\/image\/","url":"https:\/\/www.kariyer.net\/kariyer-rehberi-new\/wp-content\/uploads\/2023\/01\/og-image11.jpg","contentUrl":"https:\/\/www.kariyer.net\/kariyer-rehberi-new\/wp-content\/uploads\/2023\/01\/og-image11.jpg","width":800,"height":800,"caption":"Kariyer.net"},"image":{"@id":"https:\/\/www.kariyer.net\/kariyer-rehberi\/#\/schema\/logo\/image\/"}},{"@type":"Person","@id":"https:\/\/www.kariyer.net\/kariyer-rehberi\/#\/schema\/person\/94fd6e49c7ff1b1b2565a2cc4fd685dd","name":"Edit\u00f6r","image":{"@type":"ImageObject","inLanguage":"tr","@id":"https:\/\/www.kariyer.net\/kariyer-rehberi\/#\/schema\/person\/image\/","url":"https:\/\/secure.gravatar.com\/avatar\/0c4fe6688343aed3693b15573beae12c08ace5565409d5ab7509bf9c115f458d?s=96&d=mm&r=g","contentUrl":"https:\/\/secure.gravatar.com\/avatar\/0c4fe6688343aed3693b15573beae12c08ace5565409d5ab7509bf9c115f458d?s=96&d=mm&r=g","caption":"Edit\u00f6r"},"url":"https:\/\/www.kariyer.net\/kariyer-rehberi\/author\/editor\/"}]}},"_links":{"self":[{"href":"https:\/\/www.kariyer.net\/kariyer-rehberi\/wp-json\/wp\/v2\/posts\/12553","targetHints":{"allow":["GET"]}}],"collection":[{"href":"https:\/\/www.kariyer.net\/kariyer-rehberi\/wp-json\/wp\/v2\/posts"}],"about":[{"href":"https:\/\/www.kariyer.net\/kariyer-rehberi\/wp-json\/wp\/v2\/types\/post"}],"author":[{"embeddable":true,"href":"https:\/\/www.kariyer.net\/kariyer-rehberi\/wp-json\/wp\/v2\/users\/12"}],"replies":[{"embeddable":true,"href":"https:\/\/www.kariyer.net\/kariyer-rehberi\/wp-json\/wp\/v2\/comments?post=12553"}],"version-history":[{"count":1,"href":"https:\/\/www.kariyer.net\/kariyer-rehberi\/wp-json\/wp\/v2\/posts\/12553\/revisions"}],"predecessor-version":[{"id":18664,"href":"https:\/\/www.kariyer.net\/kariyer-rehberi\/wp-json\/wp\/v2\/posts\/12553\/revisions\/18664"}],"wp:featuredmedia":[{"embeddable":true,"href":"https:\/\/www.kariyer.net\/kariyer-rehberi\/wp-json\/wp\/v2\/media\/12555"}],"wp:attachment":[{"href":"https:\/\/www.kariyer.net\/kariyer-rehberi\/wp-json\/wp\/v2\/media?parent=12553"}],"wp:term":[{"taxonomy":"category","embeddable":true,"href":"https:\/\/www.kariyer.net\/kariyer-rehberi\/wp-json\/wp\/v2\/categories?post=12553"},{"taxonomy":"post_tag","embeddable":true,"href":"https:\/\/www.kariyer.net\/kariyer-rehberi\/wp-json\/wp\/v2\/tags?post=12553"}],"curies":[{"name":"wp","href":"https:\/\/api.w.org\/{rel}","templated":true}]}}