{"id":12633,"date":"2020-02-20T09:45:07","date_gmt":"2020-02-20T06:45:07","guid":{"rendered":"https:\/\/www.kariyer.net\/kariyer-rehberi\/?p=12633"},"modified":"2024-08-08T21:09:33","modified_gmt":"2024-08-08T18:09:33","slug":"on-yazi-hazirlarken-dikkat-edilmesi-gereken-6-sey","status":"publish","type":"post","link":"https:\/\/www.kariyer.net\/kariyer-rehberi\/on-yazi-hazirlarken-dikkat-edilmesi-gereken-6-sey\/","title":{"rendered":"\u00d6n yaz\u0131 haz\u0131rlarken dikkat edilmesi gereken 6 \u015fey"},"content":{"rendered":"<p><strong>\u0130K uzmanlar\u0131n\u0131n bir CV&#8217;yi incelemek i\u00e7in ortalama 30 saniye gibi bir s\u00fcre ay\u0131rd\u0131\u011f\u0131n\u0131 bilsen, onlara neler s\u00f6ylerdin? \u00d6zenli ve do\u011fru i\u00e7erikle haz\u0131rlayaca\u011f\u0131n bir \u00f6n yaz\u0131, i\u015fte tam da bu noktada en b\u00fcy\u00fck kurtar\u0131c\u0131n olabilir. \u0130K uzmanlar\u0131n\u0131 etkileyece\u011fin etkili bir \u00f6n yaz\u0131 i\u00e7in bilmen gerenler ve \u00f6n yaz\u0131 \u00f6rnekleri bu yaz\u0131m\u0131zda!<\/strong><\/p>\n<p>Hemen herkes \u00f6zge\u00e7mi\u015fine \u00f6n yaz\u0131 eklemenin \u00f6nemini bilse de nas\u0131l bir i\u00e7erik olu\u015fturmas\u0131 gerekti\u011fi konusunda net bir fikre sahip de\u011fil. Asl\u0131nda \u00f6n yaz\u0131y\u0131 kariyer hayat\u0131n\u0131n \u00f6zeti gibi d\u00fc\u015f\u00fcnebilirsin. Bu nedenle ba\u015fvuruna ekleyece\u011fin \u00f6n yaz\u0131, senin hakk\u0131nda i\u015fverene h\u0131zla \u00f6zet bir bilgi sunacak \u00f6zellikte olmal\u0131. \u00d6zge\u00e7mi\u015fine ekleyece\u011fin bu k\u0131sa yaz\u0131, \u00f6zge\u00e7mi\u015fini g\u00fc\u00e7lendirecek ve seni ayn\u0131 i\u015fe ba\u015fvuran di\u011fer adaylar aras\u0131ndan \u00f6n plana \u00e7\u0131karacakt\u0131r.<\/p>\n<p>Yap\u0131lan ara\u015ft\u0131rmalar, \u0130K uzmanlar\u0131n\u0131n bir CV\u2019yi incelemek i\u00e7in ortalama <strong><a href=\"https:\/\/www.totaljobs.com\/insidejob\/cv-pass-30-second-test\/\" target=\"_blank\" rel=\"noopener noreferrer\">30 saniye<\/a><\/strong> ay\u0131rd\u0131\u011f\u0131n\u0131 g\u00f6steriyor. H\u00e2l b\u00f6yleyken k\u0131sa s\u00fcrede i\u015fverenlerin dikkatini \u00e7ekebilmek i\u00e7in ba\u015fvuruna \u00f6zel bir \u00f6n yaz\u0131 eklemen \u015fart. <strong>\u201c\u00d6n yaz\u0131 nas\u0131l yaz\u0131l\u0131r?\u201d<\/strong> diye merak ediyorsan, hemen ba\u015flayal\u0131m\u2026<\/p>\n<p>\u0130\u015fte, ideal bir \u00f6n yaz\u0131da bulunmas\u0131 gereken \u00f6zellikler:<\/p>\n<h2><strong>\u00d6zge\u00e7mi\u015finin k\u00fc\u00e7\u00fck bir kopyas\u0131 olmamal\u0131<\/strong><\/h2>\n<p>\u00d6zge\u00e7mi\u015fin zaten seninle ilgili e\u011fitim, i\u015f deneyimleri gibi t\u00fcm detaylar\u0131 i\u00e7eriyor. Bu nedenle \u00f6n yaz\u0131nda ayn\u0131 \u015feyleri anlatmak yerine pozisyona neden uygun oldu\u011funu anlatabilirsin. \u0130\u015fe al\u0131nd\u0131\u011f\u0131nda \u015firkete kataca\u011f\u0131n de\u011ferlerden \u00f6n yaz\u0131nda bahsetmen de i\u015f g\u00f6r\u00fc\u015fmesine davet edilme ihtimaline b\u00fcy\u00fck etki edecektir. Ba\u015fvurdu\u011fun pozisyonla ilgili detayl\u0131 bir ara\u015ft\u0131rma yapt\u0131\u011f\u0131nda \u015firkete katabileceklerin konusunda daha sa\u011fl\u0131kl\u0131 sonu\u00e7lara ula\u015fabilirsin.<\/p>\n<h2><strong>Ak\u0131lda kal\u0131c\u0131 rakamsal ifadeler olmal\u0131<\/strong><\/h2>\n<p>Rakamsal de\u011ferler vererek ba\u015far\u0131lar\u0131n\u0131 anlatman, ak\u0131lda kalma ihtimalini artt\u0131rmakla birlikte hakk\u0131nda olumlu bir izlenim de yaratacakt\u0131r. Mevcut veya daha \u00f6nceki i\u015f yerinde kazand\u0131\u011f\u0131n ba\u015far\u0131lar\u0131 y\u00fczdelik de\u011ferlerle payla\u015fabilirsin. Ba\u015far\u0131lardan bahsederken rakamsal de\u011fer vermenin, inand\u0131r\u0131c\u0131l\u0131\u011f\u0131n\u0131 daha \u00e7ok art\u0131raca\u011f\u0131n\u0131 unutmamal\u0131s\u0131n.<\/p>\n<h2><strong>\u00d6zge\u00e7mi\u015fte olmayan yeteneklere yer verilmeli<\/strong><\/h2>\n<p>\u0130nsan ili\u015fkilerindeki tutumun, problem \u00e7\u00f6zme yetene\u011fin ya da kriz ortam\u0131nda tak\u0131nd\u0131\u011f\u0131n tav\u0131r konular\u0131na \u00f6zge\u00e7mi\u015finde yer vermediysen, \u00f6n yaz\u0131nda bu konularda bilgi verebilirsin.\u00a0 \u00d6n yaz\u0131nda bu \u00f6zelliklerini g\u00fcndeme getirerek, aran\u0131lan yetene\u011fin sen oldu\u011funu i\u015fverenlere g\u00f6sterebilirsin.<\/p>\n<h2><strong>\u0130\u015fe ara verilen d\u00f6nemler a\u00e7\u0131klamal\u0131<\/strong><\/h2>\n<p>Herhangi bir nedenle \u00e7al\u0131\u015fmad\u0131\u011f\u0131n d\u00f6nemler olabilir. Bu gibi d\u00f6nemlerde neler yapt\u0131\u011f\u0131na dair k\u0131sa bilgilendirme yapabilirsin. \u0130\u015fe ara verdi\u011fin d\u00f6nemde; freelance \u00e7al\u0131\u015fm\u0131\u015f olabilirsin, e\u011fitimine devam etmi\u015f olabilirsin ya da mesleki kurslar alm\u0131\u015f olabilirsin. \u00d6zetle, bu d\u00f6nemi nas\u0131l verimli ge\u00e7irdi\u011fine dair bilgilere \u00f6n yaz\u0131nda yer verebilirsin.<\/p>\n<h2><strong>Otomatik bir \u00f6n yaz\u0131 izlenimi vermemeli<\/strong><\/h2>\n<p>Her ba\u015fvurunda kullanabilce\u011fin bir \u00f6n yaz\u0131 haz\u0131rlaman sana zaman kazand\u0131rabilir, ama i\u015fveren taraf\u0131nda bekledi\u011fin etkiyi de yaratmayabilir. Bu nedenle ba\u015fvurdu\u011fun pozisyon ya da \u015firket \u00f6zelinde bir \u00f6n yaz\u0131 haz\u0131rlamanda fayda var.<\/p>\n<h2><strong>Dil bilgisi ve anlat\u0131m hatalar\u0131 olmamal\u0131<\/strong><\/h2>\n<p>\u015eu ana kadar i\u00e7eri\u011fin nas\u0131l olmas\u0131 gerekti\u011fini anlatt\u0131k. \u00d6n yaz\u0131 haz\u0131rlama konusunda seninle payla\u015fmak\u00a0 istedi\u011fimiz son p\u00fcf noktas\u0131 ise yazaca\u011f\u0131n metnin dil bilgisi kurallar\u0131na uygun oldu\u011fundan emin olman. Bu nedenle \u00f6n yaz\u0131n\u0131 haz\u0131rlad\u0131ktan sonra son bir kez okuman\u0131 ve\u00a0 varsa yaz\u0131m hatalar\u0131n\u0131 d\u00fczeltmeni \u00f6neririz.<\/p>\n<h2 style=\"text-align: left;\"><strong>\u00d6n yaz\u0131 \u00f6rnekleri<\/strong><\/h2>\n<p><strong>\u015eablon 1: A\u00e7\u0131k bir pozisyon i\u00e7in yap\u0131lan ba\u015fvurular<\/strong><\/p>\n<p>Say\u0131n Yetkili,<\/p>\n<p>Firman\u0131zdaki x pozisyonuyla yak\u0131ndan ilgileniyorum. \u00d6zge\u00e7mi\u015fimde detayl\u0131 olarak verdi\u011fim bilgilerde de g\u00f6rebilece\u011finiz gibi ald\u0131\u011f\u0131m e\u011fitimlerin ve i\u015f deneyimlerimin ba\u015fvurdu\u011fum pozisyona uygun oldu\u011funa inan\u0131yorum. Ge\u00e7mi\u015f tecr\u00fcbelerimde edindi\u011fim bilgilerin, pozisyona neler katabilece\u011fini sizlerle payla\u015farak kendimi daha yak\u0131ndan tan\u0131tmak isterim.<\/p>\n<p>Sayg\u0131lar\u0131mla<\/p>\n<p>Ad Soyad<\/p>\n<p><strong>\u015eablon 2: Genel ba\u015fvuru yap\u0131lan \u015firketler<\/strong><\/p>\n<p>Say\u0131n Yetkili,<\/p>\n<p>X e\u011fitimim sonras\u0131\u00a0 x alan\u0131nda x y\u0131l deneyim sahibi oldum. Bu s\u00fcre\u00e7te i\u00e7inde bulundu\u011fum ekiplerle birlikte bir\u00e7ok ba\u015far\u0131ya imza att\u0131m ve krizlerin \u00fcstesinden geldim. Alan\u0131ndaki geli\u015fmeleri merakla takip eden biri olarak, kariyerime inand\u0131\u011f\u0131m bir markada devam etmek istiyorum.<\/p>\n<p>E\u011fitim ve deneyimlerime uygun olan bir pozisyonda de\u011ferlendirmeniz \u00fczere \u00f6zge\u00e7mi\u015fimi sizinle payla\u015f\u0131yorum.<\/p>\n<p>G\u00f6r\u00fc\u015fmek dile\u011fiyle<\/p>\n<p>Sayg\u0131lar\u0131mla<\/p>\n<p>Ad Soyad<\/p>\n<p>\u00d6n yaz\u0131 haz\u0131rlarken ana hatlar\u0131yla bu \u00f6rneklerden yararlanabilirsin. Ancak sana \u00f6nerimiz, olabildi\u011fince vakit ay\u0131rarak her ba\u015fvuruna \u00f6zel bir i\u00e7erik haz\u0131rlaman.<\/p>\n<p><strong>Kaynak: <\/strong><a href=\"https:\/\/www.totaljobs.com\/insidejob\/cv-pass-30-second-test\/\" target=\"_blank\" rel=\"noopener noreferrer\">Totaljobs<\/a><\/p>\n<!-- templates\/buttons-placeholder.php -->\n<div class=\"da-reactions-outer TpostID12633\">\n\t    <div class=\"da-reactions-data da-reactions-container-async center\"\n         data-type=\"post\"\n         data-id=\"12633\"\n         id=\"da-reactions-slot-post-12633\">\n        <div class=\"da-reactions-static\">\n\t\t\t<img src=\"https:\/\/www.kariyer.net\/kariyer-rehberi\/wp-content\/plugins\/da-reactions\/assets\/dist\/loading.svg\" alt=\"Loading spinner\" width=\"48\" height=\"48\" style=\"width:48px\" \/>\n        <\/div>\n    <\/div>\n<\/div>\n","protected":false},"excerpt":{"rendered":"<p>\u0130K uzmanlar\u0131n\u0131n bir CV&#8217;yi incelemek i\u00e7in ortalama 30 saniye gibi bir s\u00fcre ay\u0131rd\u0131\u011f\u0131n\u0131 bilsen, onlara neler s\u00f6ylerdin? \u00d6zenli ve do\u011fru i\u00e7erikle haz\u0131rlayaca\u011f\u0131n bir \u00f6n yaz\u0131, i\u015fte tam da bu noktada en b\u00fcy\u00fck kurtar\u0131c\u0131n olabilir. \u0130K uzmanlar\u0131n\u0131 etkileyece\u011fin etkili bir \u00f6n yaz\u0131 i\u00e7in bilmen gerenler ve \u00f6n yaz\u0131 \u00f6rnekleri bu yaz\u0131m\u0131zda! Hemen herkes \u00f6zge\u00e7mi\u015fine \u00f6n yaz\u0131 [&hellip;]<\/p>\n<!-- templates\/buttons-placeholder.php -->\n<div class=\"da-reactions-outer TpostID12633\">\n\t    <div class=\"da-reactions-data da-reactions-container-async center\"\n         data-type=\"post\"\n         data-id=\"12633\"\n         id=\"da-reactions-slot-post-12633\">\n        <div class=\"da-reactions-static\">\n\t\t\t<img src=\"https:\/\/www.kariyer.net\/kariyer-rehberi\/wp-content\/plugins\/da-reactions\/assets\/dist\/loading.svg\" alt=\"Loading spinner\" width=\"48\" height=\"48\" style=\"width:48px\" \/>\n        <\/div>\n    <\/div>\n<\/div>\n","protected":false},"author":29,"featured_media":13367,"comment_status":"open","ping_status":"open","sticky":false,"template":"","format":"standard","meta":{"footnotes":"","_elementor_edit_mode":"","_elementor_template_type":"","_elementor_data":"","_elementor_page_settings":null,"_elementor_conditions":[]},"categories":[39,38,43,36,34,35,2214],"tags":[334,1303,1207],"class_list":{"0":"post-12633","1":"post","2":"type-post","3":"status-publish","4":"format-standard","5":"has-post-thumbnail","7":"category-dogru-basvuru","8":"category-is-arama","9":"category-is-gorusmesine-hazirlik","10":"category-onyazi","11":"category-oz-gecmis","12":"category-ozgecmis-hazirlama","13":"category-yasam","14":"tag-onyazi","15":"tag-onyazi-hazirlamanin-puf-noktalari","16":"tag-ozden-yilmaz"},"yoast_head":"<!-- This site is optimized with the Yoast SEO Premium plugin v21.4 (Yoast SEO v27.0) - https:\/\/yoast.com\/product\/yoast-seo-premium-wordpress\/ -->\n<title>\u00d6nyaz\u0131 haz\u0131rlarken dikkat edilmesi gereken 6 \u015fey | Kariyer Rehberi<\/title>\n<meta name=\"description\" content=\"\u00d6zenli ve do\u011fru i\u00e7erikle haz\u0131rlanan bir \u00f6nyaz\u0131, sana o hayalini kurdu\u011fun i\u015fte \u00e7al\u0131\u015fma f\u0131rsat\u0131n\u0131 sunabilecek kadar \u00f6nemli. Peki, i\u015fe al\u0131m uzmanlar\u0131n\u0131 etkileyece\u011fin iyi bir \u00f6nyaz\u0131 nas\u0131l olmal\u0131? \u00a0\" \/>\n<meta name=\"robots\" content=\"index, follow, max-snippet:-1, max-image-preview:large, max-video-preview:-1\" \/>\n<link rel=\"canonical\" href=\"https:\/\/www.kariyer.net\/kariyer-rehberi\/on-yazi-hazirlarken-dikkat-edilmesi-gereken-6-sey\/\" \/>\n<meta property=\"og:locale\" content=\"tr_TR\" \/>\n<meta property=\"og:type\" content=\"article\" \/>\n<meta property=\"og:title\" content=\"\u00d6n yaz\u0131 haz\u0131rlarken dikkat edilmesi gereken 6 \u015fey\" \/>\n<meta property=\"og:description\" content=\"\u0130K uzmanlar\u0131n\u0131n bir CV&#039;yi incelemek i\u00e7in ortalama 30 saniye gibi bir s\u00fcre ay\u0131rd\u0131\u011f\u0131n\u0131 bilsen, onlara neler s\u00f6ylerdin? \u00d6zenli ve do\u011fru i\u00e7erikle\" \/>\n<meta property=\"og:url\" content=\"https:\/\/www.kariyer.net\/kariyer-rehberi\/on-yazi-hazirlarken-dikkat-edilmesi-gereken-6-sey\/\" \/>\n<meta property=\"og:site_name\" content=\"Kariyer Rehberi\" \/>\n<meta property=\"article:published_time\" content=\"2020-02-20T06:45:07+00:00\" \/>\n<meta property=\"article:modified_time\" content=\"2024-08-08T18:09:33+00:00\" \/>\n<meta property=\"og:image\" content=\"https:\/\/www.kariyer.net\/kariyer-rehberi\/wp-content\/uploads\/2020\/02\/onyaz\u0131.jpg\" \/>\n\t<meta property=\"og:image:width\" content=\"900\" \/>\n\t<meta property=\"og:image:height\" content=\"600\" \/>\n\t<meta property=\"og:image:type\" content=\"image\/jpeg\" \/>\n<meta name=\"author\" content=\"\u00d6zden Y\u0131lmaz\" \/>\n<meta name=\"twitter:card\" content=\"summary_large_image\" \/>\n<meta name=\"twitter:label1\" content=\"Yazan:\" \/>\n\t<meta name=\"twitter:data1\" content=\"\u00d6zden Y\u0131lmaz\" \/>\n\t<meta name=\"twitter:label2\" content=\"Tahmini okuma s\u00fcresi\" \/>\n\t<meta name=\"twitter:data2\" content=\"4 dakika\" \/>\n<!-- \/ Yoast SEO Premium plugin. -->","yoast_head_json":{"title":"\u00d6nyaz\u0131 haz\u0131rlarken dikkat edilmesi gereken 6 \u015fey | Kariyer Rehberi","description":"\u00d6zenli ve do\u011fru i\u00e7erikle haz\u0131rlanan bir \u00f6nyaz\u0131, sana o hayalini kurdu\u011fun i\u015fte \u00e7al\u0131\u015fma f\u0131rsat\u0131n\u0131 sunabilecek kadar \u00f6nemli. Peki, i\u015fe al\u0131m uzmanlar\u0131n\u0131 etkileyece\u011fin iyi bir \u00f6nyaz\u0131 nas\u0131l olmal\u0131? \u00a0","robots":{"index":"index","follow":"follow","max-snippet":"max-snippet:-1","max-image-preview":"max-image-preview:large","max-video-preview":"max-video-preview:-1"},"canonical":"https:\/\/www.kariyer.net\/kariyer-rehberi\/on-yazi-hazirlarken-dikkat-edilmesi-gereken-6-sey\/","og_locale":"tr_TR","og_type":"article","og_title":"\u00d6n yaz\u0131 haz\u0131rlarken dikkat edilmesi gereken 6 \u015fey","og_description":"\u0130K uzmanlar\u0131n\u0131n bir CV'yi incelemek i\u00e7in ortalama 30 saniye gibi bir s\u00fcre ay\u0131rd\u0131\u011f\u0131n\u0131 bilsen, onlara neler s\u00f6ylerdin? \u00d6zenli ve do\u011fru i\u00e7erikle","og_url":"https:\/\/www.kariyer.net\/kariyer-rehberi\/on-yazi-hazirlarken-dikkat-edilmesi-gereken-6-sey\/","og_site_name":"Kariyer Rehberi","article_published_time":"2020-02-20T06:45:07+00:00","article_modified_time":"2024-08-08T18:09:33+00:00","og_image":[{"width":900,"height":600,"url":"https:\/\/www.kariyer.net\/kariyer-rehberi\/wp-content\/uploads\/2020\/02\/onyaz\u0131.jpg","type":"image\/jpeg"}],"author":"\u00d6zden Y\u0131lmaz","twitter_card":"summary_large_image","twitter_misc":{"Yazan:":"\u00d6zden Y\u0131lmaz","Tahmini okuma s\u00fcresi":"4 dakika"},"schema":{"@context":"https:\/\/schema.org","@graph":[{"@type":"Article","@id":"https:\/\/www.kariyer.net\/kariyer-rehberi\/on-yazi-hazirlarken-dikkat-edilmesi-gereken-6-sey\/#article","isPartOf":{"@id":"https:\/\/www.kariyer.net\/kariyer-rehberi\/on-yazi-hazirlarken-dikkat-edilmesi-gereken-6-sey\/"},"author":{"name":"\u00d6zden Y\u0131lmaz","@id":"https:\/\/www.kariyer.net\/kariyer-rehberi\/#\/schema\/person\/71c4f71ffd069a4c47a69e85a0e09215"},"headline":"\u00d6n yaz\u0131 haz\u0131rlarken dikkat edilmesi gereken 6 \u015fey","datePublished":"2020-02-20T06:45:07+00:00","dateModified":"2024-08-08T18:09:33+00:00","mainEntityOfPage":{"@id":"https:\/\/www.kariyer.net\/kariyer-rehberi\/on-yazi-hazirlarken-dikkat-edilmesi-gereken-6-sey\/"},"wordCount":831,"commentCount":0,"publisher":{"@id":"https:\/\/www.kariyer.net\/kariyer-rehberi\/#organization"},"image":{"@id":"https:\/\/www.kariyer.net\/kariyer-rehberi\/on-yazi-hazirlarken-dikkat-edilmesi-gereken-6-sey\/#primaryimage"},"thumbnailUrl":"https:\/\/www.kariyer.net\/kariyer-rehberi\/wp-content\/uploads\/2020\/02\/onyaz\u0131.jpg","keywords":["\u00f6nyaz\u0131","\u00f6nyaz\u0131 haz\u0131rlaman\u0131n p\u00fcf noktalar\u0131","\u00d6zden Y\u0131lmaz"],"articleSection":["Do\u011fru Ba\u015fvuru","\u0130\u015f Arama","\u0130\u015f G\u00f6r\u00fc\u015fmesine Haz\u0131rl\u0131k","\u00d6nyaz\u0131","\u00d6zge\u00e7mi\u015f","\u00d6zge\u00e7mi\u015f Haz\u0131rlama","Ya\u015fam"],"inLanguage":"tr","potentialAction":[{"@type":"CommentAction","name":"Comment","target":["https:\/\/www.kariyer.net\/kariyer-rehberi\/on-yazi-hazirlarken-dikkat-edilmesi-gereken-6-sey\/#respond"]}]},{"@type":"WebPage","@id":"https:\/\/www.kariyer.net\/kariyer-rehberi\/on-yazi-hazirlarken-dikkat-edilmesi-gereken-6-sey\/","url":"https:\/\/www.kariyer.net\/kariyer-rehberi\/on-yazi-hazirlarken-dikkat-edilmesi-gereken-6-sey\/","name":"\u00d6nyaz\u0131 haz\u0131rlarken dikkat edilmesi gereken 6 \u015fey | Kariyer Rehberi","isPartOf":{"@id":"https:\/\/www.kariyer.net\/kariyer-rehberi\/#website"},"primaryImageOfPage":{"@id":"https:\/\/www.kariyer.net\/kariyer-rehberi\/on-yazi-hazirlarken-dikkat-edilmesi-gereken-6-sey\/#primaryimage"},"image":{"@id":"https:\/\/www.kariyer.net\/kariyer-rehberi\/on-yazi-hazirlarken-dikkat-edilmesi-gereken-6-sey\/#primaryimage"},"thumbnailUrl":"https:\/\/www.kariyer.net\/kariyer-rehberi\/wp-content\/uploads\/2020\/02\/onyaz\u0131.jpg","datePublished":"2020-02-20T06:45:07+00:00","dateModified":"2024-08-08T18:09:33+00:00","description":"\u00d6zenli ve do\u011fru i\u00e7erikle haz\u0131rlanan bir \u00f6nyaz\u0131, sana o hayalini kurdu\u011fun i\u015fte \u00e7al\u0131\u015fma f\u0131rsat\u0131n\u0131 sunabilecek kadar \u00f6nemli. Peki, i\u015fe al\u0131m uzmanlar\u0131n\u0131 etkileyece\u011fin iyi bir \u00f6nyaz\u0131 nas\u0131l olmal\u0131? \u00a0","breadcrumb":{"@id":"https:\/\/www.kariyer.net\/kariyer-rehberi\/on-yazi-hazirlarken-dikkat-edilmesi-gereken-6-sey\/#breadcrumb"},"inLanguage":"tr","potentialAction":[{"@type":"ReadAction","target":["https:\/\/www.kariyer.net\/kariyer-rehberi\/on-yazi-hazirlarken-dikkat-edilmesi-gereken-6-sey\/"]}]},{"@type":"ImageObject","inLanguage":"tr","@id":"https:\/\/www.kariyer.net\/kariyer-rehberi\/on-yazi-hazirlarken-dikkat-edilmesi-gereken-6-sey\/#primaryimage","url":"https:\/\/www.kariyer.net\/kariyer-rehberi\/wp-content\/uploads\/2020\/02\/onyaz\u0131.jpg","contentUrl":"https:\/\/www.kariyer.net\/kariyer-rehberi\/wp-content\/uploads\/2020\/02\/onyaz\u0131.jpg","width":900,"height":600},{"@type":"BreadcrumbList","@id":"https:\/\/www.kariyer.net\/kariyer-rehberi\/on-yazi-hazirlarken-dikkat-edilmesi-gereken-6-sey\/#breadcrumb","itemListElement":[{"@type":"ListItem","position":1,"name":"Anasayfa","item":"https:\/\/www.kariyer.net\/kariyer-rehberi\/"},{"@type":"ListItem","position":2,"name":"\u00d6n yaz\u0131 haz\u0131rlarken dikkat edilmesi gereken 6 \u015fey"}]},{"@type":"WebSite","@id":"https:\/\/www.kariyer.net\/kariyer-rehberi\/#website","url":"https:\/\/www.kariyer.net\/kariyer-rehberi\/","name":"Kariyer Rehberi","description":"\u0130\u015f D\u00fcnyas\u0131yla \u0130lgili Bilmek \u0130stedi\u011finiz Her \u015eey","publisher":{"@id":"https:\/\/www.kariyer.net\/kariyer-rehberi\/#organization"},"potentialAction":[{"@type":"SearchAction","target":{"@type":"EntryPoint","urlTemplate":"https:\/\/www.kariyer.net\/kariyer-rehberi\/?s={search_term_string}"},"query-input":{"@type":"PropertyValueSpecification","valueRequired":true,"valueName":"search_term_string"}}],"inLanguage":"tr"},{"@type":"Organization","@id":"https:\/\/www.kariyer.net\/kariyer-rehberi\/#organization","name":"Kariyer.net","url":"https:\/\/www.kariyer.net\/kariyer-rehberi\/","logo":{"@type":"ImageObject","inLanguage":"tr","@id":"https:\/\/www.kariyer.net\/kariyer-rehberi\/#\/schema\/logo\/image\/","url":"https:\/\/www.kariyer.net\/kariyer-rehberi-new\/wp-content\/uploads\/2023\/01\/og-image11.jpg","contentUrl":"https:\/\/www.kariyer.net\/kariyer-rehberi-new\/wp-content\/uploads\/2023\/01\/og-image11.jpg","width":800,"height":800,"caption":"Kariyer.net"},"image":{"@id":"https:\/\/www.kariyer.net\/kariyer-rehberi\/#\/schema\/logo\/image\/"}},{"@type":"Person","@id":"https:\/\/www.kariyer.net\/kariyer-rehberi\/#\/schema\/person\/71c4f71ffd069a4c47a69e85a0e09215","name":"\u00d6zden Y\u0131lmaz","image":{"@type":"ImageObject","inLanguage":"tr","@id":"https:\/\/www.kariyer.net\/kariyer-rehberi\/#\/schema\/person\/image\/","url":"https:\/\/secure.gravatar.com\/avatar\/776750a3e7166486a1e43527c51a8f7088279a624700d0e81666f27a714cbbc2?s=96&d=mm&r=g","contentUrl":"https:\/\/secure.gravatar.com\/avatar\/776750a3e7166486a1e43527c51a8f7088279a624700d0e81666f27a714cbbc2?s=96&d=mm&r=g","caption":"\u00d6zden Y\u0131lmaz"},"description":"Kocaeli \u00dcniversitesi \u0130leti\u015fim Fak\u00fcltesi mezunu olan \u00d6zden, Bilgi \u00dcniversitesi\u2019nde \u0130nteraktif Pazarlama alan\u0131nda y\u00fcksek lisans yapm\u0131\u015ft\u0131r. Lisans \u00f6\u011freniminin ilk y\u0131llar\u0131nda TRT Haber\u2019de asistan muhabirlik yaparak meslek hayat\u0131na ba\u015flam\u0131\u015ft\u0131r. Mezun olduktan sonra farkl\u0131 d\u00f6nemlerde TV8 Haber ve Cem TV\u2019de; yap\u0131mc\u0131, y\u00f6netmen ve edit\u00f6r olarak g\u00f6rev alm\u0131\u015ft\u0131r. Dijital d\u00fcnyadaki geli\u015fmelerle birlikte editoryal deneyimini online platformlara ta\u015f\u0131m\u0131\u015f, Markafoni\u2019de ve Mudo\u2019da i\u00e7erik edit\u00f6rl\u00fc\u011f\u00fc yapm\u0131\u015ft\u0131r. Kurumsal markalar i\u00e7in freelance SEO edit\u00f6rl\u00fc\u011f\u00fc de yapan \u00d6zden, 2018 y\u0131l\u0131 itibar\u0131yla kariyerine, Kariyer.net i\u00e7erik edit\u00f6r\u00fc olarak devam etmekte ve online\/offline i\u00e7erik \u00fcretmektedir.","url":"https:\/\/www.kariyer.net\/kariyer-rehberi\/author\/ozdenyilmaz\/"}]}},"_links":{"self":[{"href":"https:\/\/www.kariyer.net\/kariyer-rehberi\/wp-json\/wp\/v2\/posts\/12633","targetHints":{"allow":["GET"]}}],"collection":[{"href":"https:\/\/www.kariyer.net\/kariyer-rehberi\/wp-json\/wp\/v2\/posts"}],"about":[{"href":"https:\/\/www.kariyer.net\/kariyer-rehberi\/wp-json\/wp\/v2\/types\/post"}],"author":[{"embeddable":true,"href":"https:\/\/www.kariyer.net\/kariyer-rehberi\/wp-json\/wp\/v2\/users\/29"}],"replies":[{"embeddable":true,"href":"https:\/\/www.kariyer.net\/kariyer-rehberi\/wp-json\/wp\/v2\/comments?post=12633"}],"version-history":[{"count":1,"href":"https:\/\/www.kariyer.net\/kariyer-rehberi\/wp-json\/wp\/v2\/posts\/12633\/revisions"}],"predecessor-version":[{"id":20619,"href":"https:\/\/www.kariyer.net\/kariyer-rehberi\/wp-json\/wp\/v2\/posts\/12633\/revisions\/20619"}],"wp:featuredmedia":[{"embeddable":true,"href":"https:\/\/www.kariyer.net\/kariyer-rehberi\/wp-json\/wp\/v2\/media\/13367"}],"wp:attachment":[{"href":"https:\/\/www.kariyer.net\/kariyer-rehberi\/wp-json\/wp\/v2\/media?parent=12633"}],"wp:term":[{"taxonomy":"category","embeddable":true,"href":"https:\/\/www.kariyer.net\/kariyer-rehberi\/wp-json\/wp\/v2\/categories?post=12633"},{"taxonomy":"post_tag","embeddable":true,"href":"https:\/\/www.kariyer.net\/kariyer-rehberi\/wp-json\/wp\/v2\/tags?post=12633"}],"curies":[{"name":"wp","href":"https:\/\/api.w.org\/{rel}","templated":true}]}}