{"id":12705,"date":"2022-03-01T10:00:19","date_gmt":"2022-03-01T07:00:19","guid":{"rendered":"https:\/\/www.kariyer.net\/kariyer-rehberi\/?p=12705"},"modified":"2024-08-08T21:12:20","modified_gmt":"2024-08-08T18:12:20","slug":"karakter-rengini-ogren-is-hayatinda-daha-basarili-ol","status":"publish","type":"post","link":"https:\/\/www.kariyer.net\/kariyer-rehberi\/karakter-rengini-ogren-is-hayatinda-daha-basarili-ol\/","title":{"rendered":"Karakter rengini \u00f6\u011fren, i\u015f hayat\u0131nda daha ba\u015far\u0131l\u0131 ol!"},"content":{"rendered":"<p><strong>\u0130\u015f hayat\u0131ndaki ba\u015far\u0131na etki edecek bir\u00e7ok \u015feyi ara\u015ft\u0131rm\u0131\u015f olabilirsin. Peki, karakter renklerinin ba\u015far\u0131ya etkileri hakk\u0131nda neler biliyorsun? Kariyerinin ilk ad\u0131m\u0131nda ya da kariyer de\u011fi\u015fikli\u011fi yapmak istedi\u011finde bundan sonra renklerden de yard\u0131m alabilirsin.<\/strong><\/p>\n<p>Yap\u0131lan ara\u015ft\u0131rmalar, bir insan\u0131n karakterini ortaya koyan en \u00f6nemli g\u00f6stergeler aras\u0131nda \u201crenklerin\u201d de oldu\u011funu ortaya koyuyor. Renkler, bu \u00f6zelli\u011fiyle insan\u0131n karakterine dair ipu\u00e7lar\u0131 verebiliyor ya da belli d\u00f6nemlerde se\u00e7ilen renkler, ki\u015finin psikolojisini yans\u0131tabiliyor. Renk ve karakter ili\u015fkisi olduk\u00e7a geni\u015f bir konu. Bu nedenle biz bug\u00fcn, renklerin kariyerimize etkileri konusuna yo\u011funla\u015faca\u011f\u0131z. \u0130\u015f hayat\u0131ndaki karakterinin hangi renk oldu\u011funu merak ediyorsan, bu yaz\u0131m\u0131z tam da sana g\u00f6re!<\/p>\n<p>Renklerin, insanlar\u0131n psikolojik ve fiziksel \u00f6zelliklerini ortaya \u00e7\u0131karma gibi bir g\u00fcc\u00fc oldu\u011funu daha \u00f6nce duymu\u015f ya da test etmi\u015f miydin? G\u00fcn\u00fcm\u00fczde insan kaynaklar\u0131 birimlerinde kullan\u0131lan \u00e7o\u011fu ki\u015filik envanteri, renk uyumlar\u0131n\u0131 ortaya \u00e7\u0131kararak adaylar\u0131n ba\u015fvurdu\u011fu pozisyona uygunlu\u011funu kontrol etmek i\u00e7in kullan\u0131l\u0131yor.<\/p>\n<p>Kullan\u0131lan bu testlerde karakter renkleri d\u00f6rt ana renk \u00fczerinde toplan\u0131yor:<\/p>\n<h2><strong>K\u0131rm\u0131z\u0131 <\/strong><\/h2>\n<ul>\n<li>Sosyal,<\/li>\n<li>Zorluklar\u0131n \u00fcstesinden pratik \u00e7\u00f6z\u00fcmlerle gelebilen,<\/li>\n<li>Rekabet\u00e7i,<\/li>\n<li>Zaman y\u00f6netiminde ba\u015far\u0131l\u0131,<\/li>\n<li>Ele\u015ftirilere a\u00e7\u0131k olmayan, ama ele\u015ftirmeyi seven,<\/li>\n<li>H\u0131rsl\u0131, ayn\u0131 zamanda ak\u0131c\u0131 konu\u015fmalar\u0131yla \u00fcn salan,<\/li>\n<li>Kontrol mekanizmas\u0131n\u0131 elinde tutabilen,<\/li>\n<li>\u00d6z g\u00fcveni y\u00fcksek,<\/li>\n<li>\u00c7ok y\u00f6nl\u00fc olup ayn\u0131 anda bir\u00e7ok i\u015fe konsantre olabilen ki\u015filer.<\/li>\n<\/ul>\n<p>K\u0131rm\u0131z\u0131 karaktere sahip ki\u015filer; dominant ve lider s\u0131n\u0131f kadrosunun i\u00e7inde yer al\u0131r. Zorlay\u0131c\u0131 ortamlarda konuya egemen olma davran\u0131\u015f\u0131n\u0131 benimser. &#8221;Zorluklara ra\u011fmen&#8221; ba\u015farmay\u0131 sever ve motivasyonunu ba\u015farma duygusunun verdi\u011fi hazdan al\u0131r. \u0130leti\u015fim s\u0131ras\u0131nda, durum ve olaylar kendi standartlar\u0131na uymad\u0131\u011f\u0131 taktirde, ele\u015ftirme \u00f6zelliklerini devreye sokmaktan \u00e7ekinmezler. Bu yap\u0131ya sahip biri oldu\u011funu d\u00fc\u015f\u00fcn\u00fcyorsan, liderlik vasf\u0131n\u0131 kullanabilece\u011fin alanlara y\u00f6nelmen ba\u015far\u0131ya daha kolay ula\u015fman\u0131 sa\u011flar.<\/p>\n<h2><strong>Sar\u0131 Renk<\/strong><\/h2>\n<ul>\n<li>Hareketli,<\/li>\n<li>\u00c7al\u0131\u015fma d\u00fczeni genellikle da\u011f\u0131n\u0131k,<\/li>\n<li>Sevecen,<\/li>\n<li>\u00c7al\u0131\u015fan bireylerle iyi ili\u015fkiler kurabilen,<\/li>\n<li>D\u0131\u015f g\u00f6r\u00fcn\u00fc\u015f\u00fcne \u00f6nem veren,<\/li>\n<li>Duygusal yap\u0131da olup hayal kurmay\u0131 seven,<\/li>\n<li>Mutlu, uyumlu, tak\u0131m \u00e7al\u0131\u015fmalar\u0131na yatk\u0131n,<\/li>\n<li>Stratejik d\u00fc\u015f\u00fcncelerde \u00f6n plana \u00e7\u0131kan, ki\u015filer bu renkte tarif edilir.<\/li>\n<\/ul>\n<p>Sar\u0131 bir karaktere sahip bireyler; yarat\u0131c\u0131l\u0131klar\u0131n\u0131 kullanacaklar\u0131 e\u011flence sekt\u00f6r\u00fcnde yer alabilir, ileti\u015fim alan\u0131nda insanlarla kolayca ba\u011f kurabilir, sezgilerini ve deneyimlerini i\u015f d\u00fcnyas\u0131ndaki adaptasyon s\u00fcre\u00e7lerinde kullanabilirler. Sar\u0131 rengi temsil edenler; etkileyici konu\u015fmalar\u0131yla, e\u011flenceli tav\u0131rlar\u0131yla birlikte i\u015f arkada\u015flar\u0131 taraf\u0131ndan dikkat \u00e7eken bireyler olarak da tan\u0131mlanabilirler.<\/p>\n<p>E\u011fer sar\u0131y\u0131 temsil etti\u011fini d\u00fc\u015f\u00fcn\u00fcyorsan, \u00e7al\u0131\u015ft\u0131\u011f\u0131n birimlerin, dinamik bir yap\u0131ya sahip olmas\u0131 motivasyonunun s\u00fcreklili\u011fini sa\u011flayacakt\u0131r. \u0130nsan kaynaklar\u0131, turizm ve otelcilik, terc\u00fcmanl\u0131k, psikoloji vb. gibi alanlarda \u00e7al\u0131\u015fman seni daha ba\u015far\u0131l\u0131 k\u0131labilir.<\/p>\n<h2>\u00a0<strong>Ye\u015fil<\/strong><\/h2>\n<ul>\n<li>\u0130\u015fine ve yapt\u0131\u011f\u0131 g\u00f6reve sad\u0131k,<\/li>\n<li>Zor anla\u015f\u0131lan,<\/li>\n<li>\u0130\u00e7e d\u00f6n\u00fck,<\/li>\n<li>Hay\u0131r diyemeyen,<\/li>\n<li>Ba\u015flad\u0131\u011f\u0131 i\u015fi yar\u0131da b\u0131rakmayan, uzun saatler mesai yapabilen,<\/li>\n<li>Bilin\u00e7li, heyecanl\u0131, g\u00fcvenilir,<\/li>\n<li>Aile yap\u0131s\u0131na ve tak\u0131m uyumuna de\u011fer veren ki\u015filer bu renkte tarif edilir.<\/li>\n<\/ul>\n<p>Ye\u015fil karaktere sahip olanlar; bar\u0131\u015f\u00e7\u0131l, planlamac\u0131 ve organizasyonel bir yap\u0131n\u0131n i\u00e7inde yer alabilir. Olumlu ortamlarda stat\u00fclerini ve devaml\u0131l\u0131klar\u0131n\u0131 sa\u011flamak i\u00e7in bar\u0131\u015f\u00e7\u0131l bir davran\u0131\u015f i\u00e7inde olurlar. Tak\u0131mlar\u0131na uyumlu bir \u00e7al\u0131\u015fma bi\u00e7imi benimserler, da\u011f\u0131n\u0131kl\u0131ktan hi\u00e7 ho\u015flanmazlar ve \u00e7al\u0131\u015fma ortamlar\u0131n\u0131n d\u00fczenlili\u011fini kendileri sa\u011flarlar. Kendi i\u015flerini kendileri yapar, ba\u015fkalar\u0131na bu konuda g\u00fcvenmezler. \u00c7al\u0131\u015fma disiplini konusunda \u00e7ok titizdirler.<\/p>\n<p>Bu karaktere sahip oldu\u011funu d\u00fc\u015f\u00fcn\u00fcyorsan, bir tak\u0131m i\u00e7erisinde dinamik olabilecek biri oldu\u011fun s\u00f6ylenebilir. Tak\u0131m i\u00e7i \u00e7al\u0131\u015fmalar\u0131n yo\u011fun oldu\u011fu, senin liderli\u011finle y\u00f6netilebilecek alanlarda \u00e7al\u0131\u015fman sana daha fazla ba\u015far\u0131 getirecektir.<\/p>\n<h2><strong>Mavi<\/strong><\/h2>\n<ul>\n<li>M\u00fckemmeliyet\u00e7i,<\/li>\n<li>Mant\u0131ksal yanlar\u0131 bask\u0131n,<\/li>\n<li>\u00d6zenli, d\u00fczenli ve da\u011f\u0131n\u0131kl\u0131\u011f\u0131 sevmeyen,<\/li>\n<li>Analitik ve profesyonel,<\/li>\n<li>Kolay kolay birine g\u00fcvenmeyi tercih etmeyen,<\/li>\n<li>Hayat\u0131n\u0131 planl\u0131 ve programl\u0131 ya\u015fayan,<\/li>\n<li>Yetenekli, ayn\u0131 zamanda titiz \u00e7al\u0131\u015fmay\u0131 seven,<\/li>\n<li>Hatalar\u0131n\u0131 \u00e7abuk fark eden ve an\u0131nda \u00e7\u00f6z\u00fcme kavu\u015fturabilen ki\u015filer de bu renkte tarif edilir.<\/li>\n<\/ul>\n<p>Mavi karaktere sahip ki\u015filer; kurallara ba\u011fl\u0131, disiplinli, mant\u0131kl\u0131 ve uyumlu bir yap\u0131n\u0131n i\u00e7inde yer al\u0131r. Kurallara ve d\u00fczene uyumlu, ayn\u0131 zamanda yanl\u0131\u015f yapmaktan ka\u00e7an bir davran\u0131\u015f\u0131 benimseyerek, \u00e7at\u0131\u015fmay\u0131 sevmeyen bir yap\u0131n\u0131n i\u00e7inde olmay\u0131 tercih ederler. \u00c7al\u0131\u015f\u0131rken kurallar\u0131n, yetkilerin kesin olarak belirlenmesi ve i\u015fleyi\u015fin bir d\u00fczen i\u00e7inde ilerlemesi mavi karaktere sahip ki\u015filer i\u00e7in olduk\u00e7a \u00f6nemlidir.<\/p>\n<p>Bu karaktere sahip biri oldu\u011funu d\u00fc\u015f\u00fcn\u00fcyorsan, disiplinize olmu\u015f bir yap\u0131n\u0131n i\u00e7inde kurallara ba\u011fl\u0131 olarak \u00e7al\u0131\u015fan ve ciddiyeti hi\u00e7bir zaman kaybetmeyen bir yap\u0131n oldu\u011fu s\u00f6ylenebilir. Finans, hukuk, ihracat ve ithalat alanlar\u0131nda \u00e7al\u0131\u015fmak seni mutlu edebilir.<\/p>\n<p>\u0130\u015fe al\u0131m s\u00fcre\u00e7lerinde insan kaynaklar\u0131 birimleri bu ve buna benzer bir\u00e7ok ki\u015filik envanteri testlerini uygulayarak, adaylar\u0131 kategorize ediyor ve ilgili pozisyona uygunlu\u011funu \u00f6l\u00e7meye \u00e7al\u0131\u015f\u0131yor. Sen de kendi karakter analizini yaparak, i\u015f g\u00f6r\u00fc\u015fmelerine gitmeden \u00f6nce dahil oldu\u011fun grubu \u00f6\u011frenebilirsin. B\u00f6ylece karakterinde hangi renklerin bask\u0131n hangi renklerin \u00e7ekinik oldu\u011funu ay\u0131rt edebilir, i\u015f hayat\u0131nda da daha sa\u011flam ad\u0131mlarla ilerleyebilirsin.<\/p>\n<p><strong>Konuk Yazar:<\/strong> Eda Akar \/ \u0130K Profesyoneli<\/p>\n<!-- templates\/buttons-placeholder.php -->\n<div class=\"da-reactions-outer TpostID12705\">\n\t    <div class=\"da-reactions-data da-reactions-container-async center\"\n         data-type=\"post\"\n         data-id=\"12705\"\n         id=\"da-reactions-slot-post-12705\">\n        <div class=\"da-reactions-static\">\n\t\t\t<img src=\"https:\/\/www.kariyer.net\/kariyer-rehberi\/wp-content\/plugins\/da-reactions\/assets\/dist\/loading.svg\" alt=\"Loading spinner\" width=\"48\" height=\"48\" style=\"width:48px\" \/>\n        <\/div>\n    <\/div>\n<\/div>\n","protected":false},"excerpt":{"rendered":"<p>\u0130\u015f hayat\u0131ndaki ba\u015far\u0131na etki edecek bir\u00e7ok \u015feyi ara\u015ft\u0131rm\u0131\u015f olabilirsin. Peki, karakter renklerinin ba\u015far\u0131ya etkileri hakk\u0131nda neler biliyorsun? Kariyerinin ilk ad\u0131m\u0131nda ya da kariyer de\u011fi\u015fikli\u011fi yapmak istedi\u011finde bundan sonra renklerden de yard\u0131m alabilirsin. Yap\u0131lan ara\u015ft\u0131rmalar, bir insan\u0131n karakterini ortaya koyan en \u00f6nemli g\u00f6stergeler aras\u0131nda \u201crenklerin\u201d de oldu\u011funu ortaya koyuyor. Renkler, bu \u00f6zelli\u011fiyle insan\u0131n karakterine dair ipu\u00e7lar\u0131 [&hellip;]<\/p>\n<!-- templates\/buttons-placeholder.php -->\n<div class=\"da-reactions-outer TpostID12705\">\n\t    <div class=\"da-reactions-data da-reactions-container-async center\"\n         data-type=\"post\"\n         data-id=\"12705\"\n         id=\"da-reactions-slot-post-12705\">\n        <div class=\"da-reactions-static\">\n\t\t\t<img src=\"https:\/\/www.kariyer.net\/kariyer-rehberi\/wp-content\/plugins\/da-reactions\/assets\/dist\/loading.svg\" alt=\"Loading spinner\" width=\"48\" height=\"48\" style=\"width:48px\" \/>\n        <\/div>\n    <\/div>\n<\/div>\n","protected":false},"author":9,"featured_media":12708,"comment_status":"open","ping_status":"open","sticky":false,"template":"","format":"standard","meta":{"footnotes":"","_elementor_edit_mode":"","_elementor_template_type":"","_elementor_data":"","_elementor_page_settings":null,"_elementor_conditions":[]},"categories":[2203,38,6,43,2211,45,2214],"tags":[76,1318,1317,1315,1316],"class_list":{"0":"post-12705","1":"post","2":"type-post","3":"status-publish","4":"format-standard","5":"has-post-thumbnail","7":"category-haberler-duyurular","8":"category-is-arama","9":"category-is-bulma-stratejileri","10":"category-is-gorusmesine-hazirlik","11":"category-kariyer-gelisimi","12":"category-mulakat-taktikleri","13":"category-yasam","14":"tag-is-gorusmesi","15":"tag-karakter-testi","16":"tag-kisilik-testi-renk-anlamlari","17":"tag-kisilik-testleri","18":"tag-mulakat-testleri"},"yoast_head":"<!-- This site is optimized with the Yoast SEO Premium plugin v21.4 (Yoast SEO v27.0) - https:\/\/yoast.com\/product\/yoast-seo-premium-wordpress\/ -->\n<title>Karakter rengini \u00f6\u011fren, daha ba\u015far\u0131l\u0131 ol! | Kariyer.net<\/title>\n<meta name=\"description\" content=\"Karakter rengini \u00f6\u011frenerek daha ba\u015far\u0131l\u0131 olabilece\u011fini biliyor musun? Renklerin anlam\u0131n\u0131 \u00f6\u011frenerek i\u015f hayat\u0131na ilerlemek i\u00e7in t\u0131kla!\" \/>\n<meta name=\"robots\" content=\"index, follow, max-snippet:-1, max-image-preview:large, max-video-preview:-1\" \/>\n<link rel=\"canonical\" href=\"https:\/\/www.kariyer.net\/kariyer-rehberi\/karakter-rengini-ogren-is-hayatinda-daha-basarili-ol\/\" \/>\n<meta property=\"og:locale\" content=\"tr_TR\" \/>\n<meta property=\"og:type\" content=\"article\" \/>\n<meta property=\"og:title\" content=\"Karakter rengini \u00f6\u011fren, i\u015f hayat\u0131nda daha ba\u015far\u0131l\u0131 ol!\" \/>\n<meta property=\"og:description\" content=\"\u0130\u015f hayat\u0131ndaki ba\u015far\u0131na etki edecek bir\u00e7ok \u015feyi ara\u015ft\u0131rm\u0131\u015f olabilirsin. Peki, karakter renklerinin ba\u015far\u0131ya etkileri hakk\u0131nda neler biliyorsun?\" \/>\n<meta property=\"og:url\" content=\"https:\/\/www.kariyer.net\/kariyer-rehberi\/karakter-rengini-ogren-is-hayatinda-daha-basarili-ol\/\" \/>\n<meta property=\"og:site_name\" content=\"Kariyer Rehberi\" \/>\n<meta property=\"article:published_time\" content=\"2022-03-01T07:00:19+00:00\" \/>\n<meta property=\"article:modified_time\" content=\"2024-08-08T18:12:20+00:00\" \/>\n<meta property=\"og:image\" content=\"https:\/\/www.kariyer.net\/kariyer-rehberi\/wp-content\/uploads\/2019\/07\/yaz\u0131-eda.jpg\" \/>\n\t<meta property=\"og:image:width\" content=\"900\" \/>\n\t<meta property=\"og:image:height\" content=\"600\" \/>\n\t<meta property=\"og:image:type\" content=\"image\/jpeg\" \/>\n<meta name=\"author\" content=\"Konuk Yazar\" \/>\n<meta name=\"twitter:card\" content=\"summary_large_image\" \/>\n<meta name=\"twitter:label1\" content=\"Yazan:\" \/>\n\t<meta name=\"twitter:data1\" content=\"Konuk Yazar\" \/>\n\t<meta name=\"twitter:label2\" content=\"Tahmini okuma s\u00fcresi\" \/>\n\t<meta name=\"twitter:data2\" content=\"5 dakika\" \/>\n<!-- \/ Yoast SEO Premium plugin. -->","yoast_head_json":{"title":"Karakter rengini \u00f6\u011fren, daha ba\u015far\u0131l\u0131 ol! | Kariyer.net","description":"Karakter rengini \u00f6\u011frenerek daha ba\u015far\u0131l\u0131 olabilece\u011fini biliyor musun? Renklerin anlam\u0131n\u0131 \u00f6\u011frenerek i\u015f hayat\u0131na ilerlemek i\u00e7in t\u0131kla!","robots":{"index":"index","follow":"follow","max-snippet":"max-snippet:-1","max-image-preview":"max-image-preview:large","max-video-preview":"max-video-preview:-1"},"canonical":"https:\/\/www.kariyer.net\/kariyer-rehberi\/karakter-rengini-ogren-is-hayatinda-daha-basarili-ol\/","og_locale":"tr_TR","og_type":"article","og_title":"Karakter rengini \u00f6\u011fren, i\u015f hayat\u0131nda daha ba\u015far\u0131l\u0131 ol!","og_description":"\u0130\u015f hayat\u0131ndaki ba\u015far\u0131na etki edecek bir\u00e7ok \u015feyi ara\u015ft\u0131rm\u0131\u015f olabilirsin. Peki, karakter renklerinin ba\u015far\u0131ya etkileri hakk\u0131nda neler biliyorsun?","og_url":"https:\/\/www.kariyer.net\/kariyer-rehberi\/karakter-rengini-ogren-is-hayatinda-daha-basarili-ol\/","og_site_name":"Kariyer Rehberi","article_published_time":"2022-03-01T07:00:19+00:00","article_modified_time":"2024-08-08T18:12:20+00:00","og_image":[{"width":900,"height":600,"url":"https:\/\/www.kariyer.net\/kariyer-rehberi\/wp-content\/uploads\/2019\/07\/yaz\u0131-eda.jpg","type":"image\/jpeg"}],"author":"Konuk Yazar","twitter_card":"summary_large_image","twitter_misc":{"Yazan:":"Konuk Yazar","Tahmini okuma s\u00fcresi":"5 dakika"},"schema":{"@context":"https:\/\/schema.org","@graph":[{"@type":"Article","@id":"https:\/\/www.kariyer.net\/kariyer-rehberi\/karakter-rengini-ogren-is-hayatinda-daha-basarili-ol\/#article","isPartOf":{"@id":"https:\/\/www.kariyer.net\/kariyer-rehberi\/karakter-rengini-ogren-is-hayatinda-daha-basarili-ol\/"},"author":{"name":"Konuk Yazar","@id":"https:\/\/www.kariyer.net\/kariyer-rehberi\/#\/schema\/person\/6154a58a8375a4df7f7fc847997c4657"},"headline":"Karakter rengini \u00f6\u011fren, i\u015f hayat\u0131nda daha ba\u015far\u0131l\u0131 ol!","datePublished":"2022-03-01T07:00:19+00:00","dateModified":"2024-08-08T18:12:20+00:00","mainEntityOfPage":{"@id":"https:\/\/www.kariyer.net\/kariyer-rehberi\/karakter-rengini-ogren-is-hayatinda-daha-basarili-ol\/"},"wordCount":982,"commentCount":0,"publisher":{"@id":"https:\/\/www.kariyer.net\/kariyer-rehberi\/#organization"},"image":{"@id":"https:\/\/www.kariyer.net\/kariyer-rehberi\/karakter-rengini-ogren-is-hayatinda-daha-basarili-ol\/#primaryimage"},"thumbnailUrl":"https:\/\/www.kariyer.net\/kariyer-rehberi\/wp-content\/uploads\/2019\/07\/yaz\u0131-eda.jpg","keywords":["\u0130\u015f g\u00f6r\u00fc\u015fmesi","karakter testi","ki\u015filik testi renk anlamlar\u0131","ki\u015filik testleri","m\u00fclakat testleri"],"articleSection":["Haberler ve Duyurular","\u0130\u015f Arama","\u0130\u015f Bulma Stratejileri","\u0130\u015f G\u00f6r\u00fc\u015fmesine Haz\u0131rl\u0131k","Kariyer Geli\u015fimi","M\u00fclakat Taktikleri","Ya\u015fam"],"inLanguage":"tr","potentialAction":[{"@type":"CommentAction","name":"Comment","target":["https:\/\/www.kariyer.net\/kariyer-rehberi\/karakter-rengini-ogren-is-hayatinda-daha-basarili-ol\/#respond"]}]},{"@type":"WebPage","@id":"https:\/\/www.kariyer.net\/kariyer-rehberi\/karakter-rengini-ogren-is-hayatinda-daha-basarili-ol\/","url":"https:\/\/www.kariyer.net\/kariyer-rehberi\/karakter-rengini-ogren-is-hayatinda-daha-basarili-ol\/","name":"Karakter rengini \u00f6\u011fren, daha ba\u015far\u0131l\u0131 ol! | Kariyer.net","isPartOf":{"@id":"https:\/\/www.kariyer.net\/kariyer-rehberi\/#website"},"primaryImageOfPage":{"@id":"https:\/\/www.kariyer.net\/kariyer-rehberi\/karakter-rengini-ogren-is-hayatinda-daha-basarili-ol\/#primaryimage"},"image":{"@id":"https:\/\/www.kariyer.net\/kariyer-rehberi\/karakter-rengini-ogren-is-hayatinda-daha-basarili-ol\/#primaryimage"},"thumbnailUrl":"https:\/\/www.kariyer.net\/kariyer-rehberi\/wp-content\/uploads\/2019\/07\/yaz\u0131-eda.jpg","datePublished":"2022-03-01T07:00:19+00:00","dateModified":"2024-08-08T18:12:20+00:00","description":"Karakter rengini \u00f6\u011frenerek daha ba\u015far\u0131l\u0131 olabilece\u011fini biliyor musun? Renklerin anlam\u0131n\u0131 \u00f6\u011frenerek i\u015f hayat\u0131na ilerlemek i\u00e7in t\u0131kla!","breadcrumb":{"@id":"https:\/\/www.kariyer.net\/kariyer-rehberi\/karakter-rengini-ogren-is-hayatinda-daha-basarili-ol\/#breadcrumb"},"inLanguage":"tr","potentialAction":[{"@type":"ReadAction","target":["https:\/\/www.kariyer.net\/kariyer-rehberi\/karakter-rengini-ogren-is-hayatinda-daha-basarili-ol\/"]}]},{"@type":"ImageObject","inLanguage":"tr","@id":"https:\/\/www.kariyer.net\/kariyer-rehberi\/karakter-rengini-ogren-is-hayatinda-daha-basarili-ol\/#primaryimage","url":"https:\/\/www.kariyer.net\/kariyer-rehberi\/wp-content\/uploads\/2019\/07\/yaz\u0131-eda.jpg","contentUrl":"https:\/\/www.kariyer.net\/kariyer-rehberi\/wp-content\/uploads\/2019\/07\/yaz\u0131-eda.jpg","width":900,"height":600,"caption":"karakter rengini \u00f6\u011fren"},{"@type":"BreadcrumbList","@id":"https:\/\/www.kariyer.net\/kariyer-rehberi\/karakter-rengini-ogren-is-hayatinda-daha-basarili-ol\/#breadcrumb","itemListElement":[{"@type":"ListItem","position":1,"name":"Anasayfa","item":"https:\/\/www.kariyer.net\/kariyer-rehberi\/"},{"@type":"ListItem","position":2,"name":"Karakter rengini \u00f6\u011fren, i\u015f hayat\u0131nda daha ba\u015far\u0131l\u0131 ol!"}]},{"@type":"WebSite","@id":"https:\/\/www.kariyer.net\/kariyer-rehberi\/#website","url":"https:\/\/www.kariyer.net\/kariyer-rehberi\/","name":"Kariyer Rehberi","description":"\u0130\u015f D\u00fcnyas\u0131yla \u0130lgili Bilmek \u0130stedi\u011finiz Her \u015eey","publisher":{"@id":"https:\/\/www.kariyer.net\/kariyer-rehberi\/#organization"},"potentialAction":[{"@type":"SearchAction","target":{"@type":"EntryPoint","urlTemplate":"https:\/\/www.kariyer.net\/kariyer-rehberi\/?s={search_term_string}"},"query-input":{"@type":"PropertyValueSpecification","valueRequired":true,"valueName":"search_term_string"}}],"inLanguage":"tr"},{"@type":"Organization","@id":"https:\/\/www.kariyer.net\/kariyer-rehberi\/#organization","name":"Kariyer.net","url":"https:\/\/www.kariyer.net\/kariyer-rehberi\/","logo":{"@type":"ImageObject","inLanguage":"tr","@id":"https:\/\/www.kariyer.net\/kariyer-rehberi\/#\/schema\/logo\/image\/","url":"https:\/\/www.kariyer.net\/kariyer-rehberi-new\/wp-content\/uploads\/2023\/01\/og-image11.jpg","contentUrl":"https:\/\/www.kariyer.net\/kariyer-rehberi-new\/wp-content\/uploads\/2023\/01\/og-image11.jpg","width":800,"height":800,"caption":"Kariyer.net"},"image":{"@id":"https:\/\/www.kariyer.net\/kariyer-rehberi\/#\/schema\/logo\/image\/"}},{"@type":"Person","@id":"https:\/\/www.kariyer.net\/kariyer-rehberi\/#\/schema\/person\/6154a58a8375a4df7f7fc847997c4657","name":"Konuk Yazar","image":{"@type":"ImageObject","inLanguage":"tr","@id":"https:\/\/www.kariyer.net\/kariyer-rehberi\/#\/schema\/person\/image\/","url":"https:\/\/secure.gravatar.com\/avatar\/f03aa189ddb09160e6f0ad7e5e2c4b69c7102a041cc145a1e45a96f0100baa41?s=96&d=mm&r=g","contentUrl":"https:\/\/secure.gravatar.com\/avatar\/f03aa189ddb09160e6f0ad7e5e2c4b69c7102a041cc145a1e45a96f0100baa41?s=96&d=mm&r=g","caption":"Konuk Yazar"},"url":"https:\/\/www.kariyer.net\/kariyer-rehberi\/author\/konukyazar\/"}]}},"_links":{"self":[{"href":"https:\/\/www.kariyer.net\/kariyer-rehberi\/wp-json\/wp\/v2\/posts\/12705","targetHints":{"allow":["GET"]}}],"collection":[{"href":"https:\/\/www.kariyer.net\/kariyer-rehberi\/wp-json\/wp\/v2\/posts"}],"about":[{"href":"https:\/\/www.kariyer.net\/kariyer-rehberi\/wp-json\/wp\/v2\/types\/post"}],"author":[{"embeddable":true,"href":"https:\/\/www.kariyer.net\/kariyer-rehberi\/wp-json\/wp\/v2\/users\/9"}],"replies":[{"embeddable":true,"href":"https:\/\/www.kariyer.net\/kariyer-rehberi\/wp-json\/wp\/v2\/comments?post=12705"}],"version-history":[{"count":1,"href":"https:\/\/www.kariyer.net\/kariyer-rehberi\/wp-json\/wp\/v2\/posts\/12705\/revisions"}],"predecessor-version":[{"id":18542,"href":"https:\/\/www.kariyer.net\/kariyer-rehberi\/wp-json\/wp\/v2\/posts\/12705\/revisions\/18542"}],"wp:featuredmedia":[{"embeddable":true,"href":"https:\/\/www.kariyer.net\/kariyer-rehberi\/wp-json\/wp\/v2\/media\/12708"}],"wp:attachment":[{"href":"https:\/\/www.kariyer.net\/kariyer-rehberi\/wp-json\/wp\/v2\/media?parent=12705"}],"wp:term":[{"taxonomy":"category","embeddable":true,"href":"https:\/\/www.kariyer.net\/kariyer-rehberi\/wp-json\/wp\/v2\/categories?post=12705"},{"taxonomy":"post_tag","embeddable":true,"href":"https:\/\/www.kariyer.net\/kariyer-rehberi\/wp-json\/wp\/v2\/tags?post=12705"}],"curies":[{"name":"wp","href":"https:\/\/api.w.org\/{rel}","templated":true}]}}