{"id":12716,"date":"2019-07-16T10:14:46","date_gmt":"2019-07-16T07:14:46","guid":{"rendered":"https:\/\/www.kariyer.net\/kariyer-rehberi\/?p=12716"},"modified":"2024-08-08T21:09:48","modified_gmt":"2024-08-08T18:09:48","slug":"bir-ceonun-gozunden-etkili-cvnin-ozellikleri","status":"publish","type":"post","link":"https:\/\/www.kariyer.net\/kariyer-rehberi\/bir-ceonun-gozunden-etkili-cvnin-ozellikleri\/","title":{"rendered":"Bir CEO\u2019nun g\u00f6z\u00fcnden etkili CV&#8217;nin \u00f6zellikleri"},"content":{"rendered":"<p><strong>Global dan\u0131\u015fmanl\u0131k \u015firketi Korn Ferry\u2019nin CEO\u2019su Gary Burnison, kar\u015f\u0131la\u015ft\u0131\u011f\u0131 en etkili \u00f6zge\u00e7mi\u015fte bulunan \u00f6zellikleri 5 ba\u015fl\u0131kta toplad\u0131. CV\u2019ni g\u00fcncellemek i\u00e7in p\u00fcf noktalar\u0131na ihtiyac\u0131n varsa bu yaz\u0131 tam sana g\u00f6re!<\/strong><\/p>\n<p><a href=\"https:\/\/www.kariyer.net\/kariyer-rehberi\/ozgecmisinle-one-cikmani-saglayacak-5-puf-noktasi\/\" target=\"_blank\" rel=\"noopener noreferrer\"><strong>Etkili bir \u00f6zge\u00e7mi\u015f haz\u0131rlaman\u0131n p\u00fcf noktalar\u0131na<\/strong><\/a> bug\u00fcne kadar yaz\u0131lar\u0131m\u0131zda pek \u00e7ok kez yer verdik. Peki, bir CEO\u2019nun bak\u0131\u015f a\u00e7\u0131s\u0131yla etkili CV&#8217;de bulunmas\u0131 gereken \u00f6zellikler neler \u00f6\u011frenmek ister misin? \u015eirketlerin en iyi yetenekleri se\u00e7melerini sa\u011flayan global dan\u0131\u015fmanl\u0131k \u015firketi Korn Ferry\u2019nin CEO\u2019su Gary Burnison, kariyer hayat\u0131nda kar\u015f\u0131la\u015ft\u0131\u011f\u0131 en dikkat \u00e7eken CV\u2019nin \u00f6zelliklerini \u015fu s\u00f6zlerle anlat\u0131yor:<\/p>\n<p>Kariyerim boyunca binlerce \u00f6zge\u00e7mi\u015f inceledim ve \u00f6zge\u00e7mi\u015flerde genel olarak benzer s\u0131k\u0131nt\u0131lar oldu\u011funu s\u00f6yleyebilirim. Ya dikkati da\u011f\u0131tacak kadar uzunlar ya da ki\u015fiyi tan\u0131maya engel olacak kadar k\u0131salar. Yaz\u0131m hatalar\u0131, d\u00fczensiz g\u00f6r\u00fcn\u00fcm gibi olumsuz noktalar ise zaten genel bir problem. Her \u015feyiyle iyi bir \u00f6zge\u00e7mi\u015fi ise birka\u00e7 y\u0131l \u00f6nce inceleme f\u0131rsat\u0131 buldum ve ger\u00e7ekten etkilendim. Asl\u0131nda, 20 y\u0131ll\u0131k insan kaynaklar\u0131 kariyerimde g\u00f6rd\u00fc\u011f\u00fcm en iyi \u00f6zge\u00e7mi\u015flerden biriydi.<\/p>\n<p>Neden mi?<\/p>\n<h2><strong>Okumas\u0131 kolayd\u0131<\/strong><\/h2>\n<p>Sat\u0131r bo\u015fluklar\u0131, bold olmas\u0131 gereken kelimeler, ba\u015fl\u0131klar, a\u00e7\u0131klamalar k\u0131sacas\u0131 her \u015fey olmas\u0131 gerekti\u011fi gibiydi ve tek bir yaz\u0131m hatas\u0131 yoktu. S\u00fcsl\u00fc yaz\u0131 fontlar\u0131 yerine (bunu pek \u00e7ok aday yap\u0131yor) basit ve g\u00f6z yormayan bir font tercih etmi\u015fti. (Calibri, T. N. Roman vb. )<\/p>\n<h2><strong>Bir hikaye anlat\u0131yordu<\/strong><\/h2>\n<p>Aday\u0131n kariyer yolculu\u011fu hakk\u0131nda bir hikaye anlat\u0131yordu ve her \u015fey kronolojik olarak s\u0131ralanm\u0131\u015ft\u0131. \u0130fadeleri aras\u0131nda tezatl\u0131k yoktu. \u00d6zge\u00e7mi\u015fi \u015f\u00f6yle bir inceledi\u011fimde, kariyer hayat\u0131yla ilgili pek \u00e7ok \u015fey h\u0131zla zihnimde \u015fekillenmi\u015fti.<\/p>\n<h2><strong>Sadece sorumluluklar\u0131 de\u011fil ba\u015far\u0131lar\u0131 da vard\u0131<\/strong><\/h2>\n<p>\u0130\u015f tan\u0131m\u0131 listelerinden kopyala\u00a0 yap\u0131\u015ft\u0131r yap\u0131lan sorumluluklarla i\u015fe al\u0131m uzmanlar\u0131n\u0131n dikkatini \u00e7ekmek ger\u00e7ekten zor. \u0130\u015fverenlerin as\u0131l bilmek istedi\u011fi, g\u00f6r\u00fc\u015ft\u00fckleri aday\u0131n \u00f6l\u00e7\u00fclebilir sonu\u00e7lar sunabilecek ortalaman\u0131n \u00fcst\u00fcnde olup olmad\u0131\u011f\u0131. Bu noktada ba\u015far\u0131lar\u0131 ayr\u0131nt\u0131land\u0131rarak sorumluluklar\u0131 vurgulamak en iyisi.<\/p>\n<p>\u00d6rne\u011fin inceledi\u011fim \u00f6zge\u00e7mi\u015fte; \u201cUluslararas\u0131 pazarlara y\u00f6nelik geni\u015fletilmi\u015f operasyonlar\u201d yerine, \u201cLatin Amerika\u2019daki sekiz yeni \u00fclkeye geni\u015fletilmi\u015f operasyonlar\u201d diyordu&#8230;<\/p>\n<h2><strong>Do\u011fruyu s\u00f6yl\u00fcyordu<\/strong><\/h2>\n<p>\u00d6zge\u00e7mi\u015f, kendi i\u00e7inde tutarl\u0131yd\u0131. Her \u015fey inand\u0131r\u0131c\u0131yd\u0131 ve say\u0131lar abart\u0131l\u0131 de\u011fildi. Daha da iyisi \u00f6zge\u00e7mi\u015fte, ki\u015finin portf\u00f6y\u00fcn\u00fcn bulundu\u011fu web sitesine ula\u015fmam\u0131 sa\u011flayan ba\u011flant\u0131lara da yer verilmi\u015fti.<\/p>\n<h2><strong>Herhangi bir kli\u015fe iddias\u0131 yoktu<\/strong><\/h2>\n<p>Yarat\u0131c\u0131, \u00e7al\u0131\u015fkan, sonu\u00e7 odakl\u0131, m\u00fckemmel ileti\u015fimci gibi genel ve \u00fcst d\u00fczey hi\u00e7bir iddias\u0131 yoktu.<\/p>\n<p>\u00d6rne\u011fin; \u201cM\u00fckemmel ileti\u015fimci\u201d yerine, \u201cM\u00fc\u015fteri toplant\u0131lar\u0131nda veya etkinlerinde konu\u015ftu.\u201d \u201c\u00c7ok yarat\u0131c\u0131\u201d yerine \u201cYeni bir k\u00fcresel uygulama izleme platformu tasarlad\u0131 ve uygulad\u0131\u201d diyordu&#8230;<\/p>\n<p>\u0130\u015fverenlere kendinizi tan\u0131tt\u0131\u011f\u0131n\u0131z bu ilk ana haz\u0131rl\u0131kl\u0131 olmak i\u00e7in \u00f6zge\u00e7mi\u015finizi yeniden g\u00f6zden ge\u00e7irmenizi \u00f6neririm. D\u00fczeltilmesi gereken noktalara bir de bu ba\u015fl\u0131klar a\u00e7\u0131s\u0131ndan bakman\u0131zda fayda var.<\/p>\n<p>Aday\u0131n i\u015fe al\u0131n\u0131p al\u0131nmad\u0131\u011f\u0131n\u0131 merak edenler i\u00e7in hemen s\u00f6yleyelim: Elbette ki i\u015fe al\u0131nd\u0131.<\/p>\n<p>Kaynak: <a href=\"https:\/\/www.cnbc.com\/2019\/06\/26\/most-impressive-resume-ever-based-on-20-years-of-hiring-and-interviewing.html?utm_source=pocket-newtab\" target=\"_blank\" rel=\"noopener noreferrer\">Link<\/a><\/p>\n<!-- templates\/buttons-placeholder.php -->\n<div class=\"da-reactions-outer TpostID12716\">\n\t    <div class=\"da-reactions-data da-reactions-container-async center\"\n         data-type=\"post\"\n         data-id=\"12716\"\n         id=\"da-reactions-slot-post-12716\">\n        <div class=\"da-reactions-static\">\n\t\t\t<img src=\"https:\/\/www.kariyer.net\/kariyer-rehberi\/wp-content\/plugins\/da-reactions\/assets\/dist\/loading.svg\" alt=\"Loading spinner\" width=\"48\" height=\"48\" style=\"width:48px\" \/>\n        <\/div>\n    <\/div>\n<\/div>\n","protected":false},"excerpt":{"rendered":"<p>Global dan\u0131\u015fmanl\u0131k \u015firketi Korn Ferry\u2019nin CEO\u2019su Gary Burnison, kar\u015f\u0131la\u015ft\u0131\u011f\u0131 en etkili \u00f6zge\u00e7mi\u015fte bulunan \u00f6zellikleri 5 ba\u015fl\u0131kta toplad\u0131. CV\u2019ni g\u00fcncellemek i\u00e7in p\u00fcf noktalar\u0131na ihtiyac\u0131n varsa bu yaz\u0131 tam sana g\u00f6re! Etkili bir \u00f6zge\u00e7mi\u015f haz\u0131rlaman\u0131n p\u00fcf noktalar\u0131na bug\u00fcne kadar yaz\u0131lar\u0131m\u0131zda pek \u00e7ok kez yer verdik. Peki, bir CEO\u2019nun bak\u0131\u015f a\u00e7\u0131s\u0131yla etkili CV&#8217;de bulunmas\u0131 gereken \u00f6zellikler neler \u00f6\u011frenmek [&hellip;]<\/p>\n<!-- templates\/buttons-placeholder.php -->\n<div class=\"da-reactions-outer TpostID12716\">\n\t    <div class=\"da-reactions-data da-reactions-container-async center\"\n         data-type=\"post\"\n         data-id=\"12716\"\n         id=\"da-reactions-slot-post-12716\">\n        <div class=\"da-reactions-static\">\n\t\t\t<img src=\"https:\/\/www.kariyer.net\/kariyer-rehberi\/wp-content\/plugins\/da-reactions\/assets\/dist\/loading.svg\" alt=\"Loading spinner\" width=\"48\" height=\"48\" style=\"width:48px\" \/>\n        <\/div>\n    <\/div>\n<\/div>\n","protected":false},"author":29,"featured_media":12719,"comment_status":"open","ping_status":"open","sticky":false,"template":"","format":"standard","meta":{"footnotes":"","_elementor_edit_mode":"","_elementor_template_type":"","_elementor_data":"","_elementor_page_settings":null,"_elementor_conditions":[]},"categories":[39,2203,38,43,34,35,2214],"tags":[1321,1320,1319,1207,65,977],"class_list":{"0":"post-12716","1":"post","2":"type-post","3":"status-publish","4":"format-standard","5":"has-post-thumbnail","7":"category-dogru-basvuru","8":"category-haberler-duyurular","9":"category-is-arama","10":"category-is-gorusmesine-hazirlik","11":"category-oz-gecmis","12":"category-ozgecmis-hazirlama","13":"category-yasam","14":"tag-cv-olustur","15":"tag-gary-burnison","16":"tag-korn-ferry","17":"tag-ozden-yilmaz","18":"tag-ozgecmis-hazirlama","19":"tag-ozgecmis-nasil-yazilir"},"yoast_head":"<!-- This site is optimized with the Yoast SEO Premium plugin v21.4 (Yoast SEO v27.0) - https:\/\/yoast.com\/product\/yoast-seo-premium-wordpress\/ -->\n<title>Bir CEO\u2019nun g\u00f6z\u00fcnden etkili CV&#039;nin \u00f6zellikleri | Kariyer Rehberi<\/title>\n<meta name=\"description\" content=\"Global dan\u0131\u015fmanl\u0131k \u015firketi Korn Ferry\u2019nin CEO\u2019su Gary Burnison, kar\u015f\u0131la\u015ft\u0131\u011f\u0131 en etkili \u00f6zge\u00e7mi\u015fte bulunan \u00f6zellikleri 5 ba\u015fl\u0131kta toplad\u0131. CV\u2019ni g\u00fcncellemek i\u00e7in p\u00fcf noktalar\u0131na ihtiyac\u0131n varsa bu yaz\u0131 tam sana g\u00f6re!\" \/>\n<meta name=\"robots\" content=\"index, follow, max-snippet:-1, max-image-preview:large, max-video-preview:-1\" \/>\n<link rel=\"canonical\" href=\"https:\/\/www.kariyer.net\/kariyer-rehberi\/bir-ceonun-gozunden-etkili-cvnin-ozellikleri\/\" \/>\n<meta property=\"og:locale\" content=\"tr_TR\" \/>\n<meta property=\"og:type\" content=\"article\" \/>\n<meta property=\"og:title\" content=\"Bir CEO\u2019nun g\u00f6z\u00fcnden etkili CV&#039;nin \u00f6zellikleri\" \/>\n<meta property=\"og:description\" content=\"Global dan\u0131\u015fmanl\u0131k \u015firketi Korn Ferry\u2019nin CEO\u2019su Gary Burnison, kar\u015f\u0131la\u015ft\u0131\u011f\u0131 en etkili \u00f6zge\u00e7mi\u015fte bulunan \u00f6zellikleri 5 ba\u015fl\u0131kta toplad\u0131. CV\u2019ni\" \/>\n<meta property=\"og:url\" content=\"https:\/\/www.kariyer.net\/kariyer-rehberi\/bir-ceonun-gozunden-etkili-cvnin-ozellikleri\/\" \/>\n<meta property=\"og:site_name\" content=\"Kariyer Rehberi\" \/>\n<meta property=\"article:published_time\" content=\"2019-07-16T07:14:46+00:00\" \/>\n<meta property=\"article:modified_time\" content=\"2024-08-08T18:09:48+00:00\" \/>\n<meta property=\"og:image\" content=\"https:\/\/www.kariyer.net\/kariyer-rehberi\/wp-content\/uploads\/2019\/07\/iStock-157404128.jpg\" \/>\n\t<meta property=\"og:image:width\" content=\"900\" \/>\n\t<meta property=\"og:image:height\" content=\"600\" \/>\n\t<meta property=\"og:image:type\" content=\"image\/jpeg\" \/>\n<meta name=\"author\" content=\"\u00d6zden Y\u0131lmaz\" \/>\n<meta name=\"twitter:card\" content=\"summary_large_image\" \/>\n<meta name=\"twitter:label1\" content=\"Yazan:\" \/>\n\t<meta name=\"twitter:data1\" content=\"\u00d6zden Y\u0131lmaz\" \/>\n\t<meta name=\"twitter:label2\" content=\"Tahmini okuma s\u00fcresi\" \/>\n\t<meta name=\"twitter:data2\" content=\"3 dakika\" \/>\n<!-- \/ Yoast SEO Premium plugin. -->","yoast_head_json":{"title":"Bir CEO\u2019nun g\u00f6z\u00fcnden etkili CV'nin \u00f6zellikleri | Kariyer Rehberi","description":"Global dan\u0131\u015fmanl\u0131k \u015firketi Korn Ferry\u2019nin CEO\u2019su Gary Burnison, kar\u015f\u0131la\u015ft\u0131\u011f\u0131 en etkili \u00f6zge\u00e7mi\u015fte bulunan \u00f6zellikleri 5 ba\u015fl\u0131kta toplad\u0131. CV\u2019ni g\u00fcncellemek i\u00e7in p\u00fcf noktalar\u0131na ihtiyac\u0131n varsa bu yaz\u0131 tam sana g\u00f6re!","robots":{"index":"index","follow":"follow","max-snippet":"max-snippet:-1","max-image-preview":"max-image-preview:large","max-video-preview":"max-video-preview:-1"},"canonical":"https:\/\/www.kariyer.net\/kariyer-rehberi\/bir-ceonun-gozunden-etkili-cvnin-ozellikleri\/","og_locale":"tr_TR","og_type":"article","og_title":"Bir CEO\u2019nun g\u00f6z\u00fcnden etkili CV'nin \u00f6zellikleri","og_description":"Global dan\u0131\u015fmanl\u0131k \u015firketi Korn Ferry\u2019nin CEO\u2019su Gary Burnison, kar\u015f\u0131la\u015ft\u0131\u011f\u0131 en etkili \u00f6zge\u00e7mi\u015fte bulunan \u00f6zellikleri 5 ba\u015fl\u0131kta toplad\u0131. CV\u2019ni","og_url":"https:\/\/www.kariyer.net\/kariyer-rehberi\/bir-ceonun-gozunden-etkili-cvnin-ozellikleri\/","og_site_name":"Kariyer Rehberi","article_published_time":"2019-07-16T07:14:46+00:00","article_modified_time":"2024-08-08T18:09:48+00:00","og_image":[{"width":900,"height":600,"url":"https:\/\/www.kariyer.net\/kariyer-rehberi\/wp-content\/uploads\/2019\/07\/iStock-157404128.jpg","type":"image\/jpeg"}],"author":"\u00d6zden Y\u0131lmaz","twitter_card":"summary_large_image","twitter_misc":{"Yazan:":"\u00d6zden Y\u0131lmaz","Tahmini okuma s\u00fcresi":"3 dakika"},"schema":{"@context":"https:\/\/schema.org","@graph":[{"@type":"Article","@id":"https:\/\/www.kariyer.net\/kariyer-rehberi\/bir-ceonun-gozunden-etkili-cvnin-ozellikleri\/#article","isPartOf":{"@id":"https:\/\/www.kariyer.net\/kariyer-rehberi\/bir-ceonun-gozunden-etkili-cvnin-ozellikleri\/"},"author":{"name":"\u00d6zden Y\u0131lmaz","@id":"https:\/\/www.kariyer.net\/kariyer-rehberi\/#\/schema\/person\/71c4f71ffd069a4c47a69e85a0e09215"},"headline":"Bir CEO\u2019nun g\u00f6z\u00fcnden etkili CV&#8217;nin \u00f6zellikleri","datePublished":"2019-07-16T07:14:46+00:00","dateModified":"2024-08-08T18:09:48+00:00","mainEntityOfPage":{"@id":"https:\/\/www.kariyer.net\/kariyer-rehberi\/bir-ceonun-gozunden-etkili-cvnin-ozellikleri\/"},"wordCount":598,"commentCount":0,"publisher":{"@id":"https:\/\/www.kariyer.net\/kariyer-rehberi\/#organization"},"image":{"@id":"https:\/\/www.kariyer.net\/kariyer-rehberi\/bir-ceonun-gozunden-etkili-cvnin-ozellikleri\/#primaryimage"},"thumbnailUrl":"https:\/\/www.kariyer.net\/kariyer-rehberi\/wp-content\/uploads\/2019\/07\/iStock-157404128.jpg","keywords":["cv olu\u015ftur","Gary Burnison","Korn Ferry","\u00d6zden Y\u0131lmaz","\u00d6zge\u00e7mi\u015f haz\u0131rlama","\u00f6zge\u00e7mi\u015f nas\u0131l yaz\u0131l\u0131r"],"articleSection":["Do\u011fru Ba\u015fvuru","Haberler ve Duyurular","\u0130\u015f Arama","\u0130\u015f G\u00f6r\u00fc\u015fmesine Haz\u0131rl\u0131k","\u00d6zge\u00e7mi\u015f","\u00d6zge\u00e7mi\u015f Haz\u0131rlama","Ya\u015fam"],"inLanguage":"tr","potentialAction":[{"@type":"CommentAction","name":"Comment","target":["https:\/\/www.kariyer.net\/kariyer-rehberi\/bir-ceonun-gozunden-etkili-cvnin-ozellikleri\/#respond"]}]},{"@type":"WebPage","@id":"https:\/\/www.kariyer.net\/kariyer-rehberi\/bir-ceonun-gozunden-etkili-cvnin-ozellikleri\/","url":"https:\/\/www.kariyer.net\/kariyer-rehberi\/bir-ceonun-gozunden-etkili-cvnin-ozellikleri\/","name":"Bir CEO\u2019nun g\u00f6z\u00fcnden etkili CV'nin \u00f6zellikleri | Kariyer Rehberi","isPartOf":{"@id":"https:\/\/www.kariyer.net\/kariyer-rehberi\/#website"},"primaryImageOfPage":{"@id":"https:\/\/www.kariyer.net\/kariyer-rehberi\/bir-ceonun-gozunden-etkili-cvnin-ozellikleri\/#primaryimage"},"image":{"@id":"https:\/\/www.kariyer.net\/kariyer-rehberi\/bir-ceonun-gozunden-etkili-cvnin-ozellikleri\/#primaryimage"},"thumbnailUrl":"https:\/\/www.kariyer.net\/kariyer-rehberi\/wp-content\/uploads\/2019\/07\/iStock-157404128.jpg","datePublished":"2019-07-16T07:14:46+00:00","dateModified":"2024-08-08T18:09:48+00:00","description":"Global dan\u0131\u015fmanl\u0131k \u015firketi Korn Ferry\u2019nin CEO\u2019su Gary Burnison, kar\u015f\u0131la\u015ft\u0131\u011f\u0131 en etkili \u00f6zge\u00e7mi\u015fte bulunan \u00f6zellikleri 5 ba\u015fl\u0131kta toplad\u0131. CV\u2019ni g\u00fcncellemek i\u00e7in p\u00fcf noktalar\u0131na ihtiyac\u0131n varsa bu yaz\u0131 tam sana g\u00f6re!","breadcrumb":{"@id":"https:\/\/www.kariyer.net\/kariyer-rehberi\/bir-ceonun-gozunden-etkili-cvnin-ozellikleri\/#breadcrumb"},"inLanguage":"tr","potentialAction":[{"@type":"ReadAction","target":["https:\/\/www.kariyer.net\/kariyer-rehberi\/bir-ceonun-gozunden-etkili-cvnin-ozellikleri\/"]}]},{"@type":"ImageObject","inLanguage":"tr","@id":"https:\/\/www.kariyer.net\/kariyer-rehberi\/bir-ceonun-gozunden-etkili-cvnin-ozellikleri\/#primaryimage","url":"https:\/\/www.kariyer.net\/kariyer-rehberi\/wp-content\/uploads\/2019\/07\/iStock-157404128.jpg","contentUrl":"https:\/\/www.kariyer.net\/kariyer-rehberi\/wp-content\/uploads\/2019\/07\/iStock-157404128.jpg","width":900,"height":600},{"@type":"BreadcrumbList","@id":"https:\/\/www.kariyer.net\/kariyer-rehberi\/bir-ceonun-gozunden-etkili-cvnin-ozellikleri\/#breadcrumb","itemListElement":[{"@type":"ListItem","position":1,"name":"Anasayfa","item":"https:\/\/www.kariyer.net\/kariyer-rehberi\/"},{"@type":"ListItem","position":2,"name":"Bir CEO\u2019nun g\u00f6z\u00fcnden etkili CV&#8217;nin \u00f6zellikleri"}]},{"@type":"WebSite","@id":"https:\/\/www.kariyer.net\/kariyer-rehberi\/#website","url":"https:\/\/www.kariyer.net\/kariyer-rehberi\/","name":"Kariyer Rehberi","description":"\u0130\u015f D\u00fcnyas\u0131yla \u0130lgili Bilmek \u0130stedi\u011finiz Her \u015eey","publisher":{"@id":"https:\/\/www.kariyer.net\/kariyer-rehberi\/#organization"},"potentialAction":[{"@type":"SearchAction","target":{"@type":"EntryPoint","urlTemplate":"https:\/\/www.kariyer.net\/kariyer-rehberi\/?s={search_term_string}"},"query-input":{"@type":"PropertyValueSpecification","valueRequired":true,"valueName":"search_term_string"}}],"inLanguage":"tr"},{"@type":"Organization","@id":"https:\/\/www.kariyer.net\/kariyer-rehberi\/#organization","name":"Kariyer.net","url":"https:\/\/www.kariyer.net\/kariyer-rehberi\/","logo":{"@type":"ImageObject","inLanguage":"tr","@id":"https:\/\/www.kariyer.net\/kariyer-rehberi\/#\/schema\/logo\/image\/","url":"https:\/\/www.kariyer.net\/kariyer-rehberi-new\/wp-content\/uploads\/2023\/01\/og-image11.jpg","contentUrl":"https:\/\/www.kariyer.net\/kariyer-rehberi-new\/wp-content\/uploads\/2023\/01\/og-image11.jpg","width":800,"height":800,"caption":"Kariyer.net"},"image":{"@id":"https:\/\/www.kariyer.net\/kariyer-rehberi\/#\/schema\/logo\/image\/"}},{"@type":"Person","@id":"https:\/\/www.kariyer.net\/kariyer-rehberi\/#\/schema\/person\/71c4f71ffd069a4c47a69e85a0e09215","name":"\u00d6zden Y\u0131lmaz","image":{"@type":"ImageObject","inLanguage":"tr","@id":"https:\/\/www.kariyer.net\/kariyer-rehberi\/#\/schema\/person\/image\/","url":"https:\/\/secure.gravatar.com\/avatar\/776750a3e7166486a1e43527c51a8f7088279a624700d0e81666f27a714cbbc2?s=96&d=mm&r=g","contentUrl":"https:\/\/secure.gravatar.com\/avatar\/776750a3e7166486a1e43527c51a8f7088279a624700d0e81666f27a714cbbc2?s=96&d=mm&r=g","caption":"\u00d6zden Y\u0131lmaz"},"description":"Kocaeli \u00dcniversitesi \u0130leti\u015fim Fak\u00fcltesi mezunu olan \u00d6zden, Bilgi \u00dcniversitesi\u2019nde \u0130nteraktif Pazarlama alan\u0131nda y\u00fcksek lisans yapm\u0131\u015ft\u0131r. Lisans \u00f6\u011freniminin ilk y\u0131llar\u0131nda TRT Haber\u2019de asistan muhabirlik yaparak meslek hayat\u0131na ba\u015flam\u0131\u015ft\u0131r. Mezun olduktan sonra farkl\u0131 d\u00f6nemlerde TV8 Haber ve Cem TV\u2019de; yap\u0131mc\u0131, y\u00f6netmen ve edit\u00f6r olarak g\u00f6rev alm\u0131\u015ft\u0131r. Dijital d\u00fcnyadaki geli\u015fmelerle birlikte editoryal deneyimini online platformlara ta\u015f\u0131m\u0131\u015f, Markafoni\u2019de ve Mudo\u2019da i\u00e7erik edit\u00f6rl\u00fc\u011f\u00fc yapm\u0131\u015ft\u0131r. Kurumsal markalar i\u00e7in freelance SEO edit\u00f6rl\u00fc\u011f\u00fc de yapan \u00d6zden, 2018 y\u0131l\u0131 itibar\u0131yla kariyerine, Kariyer.net i\u00e7erik edit\u00f6r\u00fc olarak devam etmekte ve online\/offline i\u00e7erik \u00fcretmektedir.","url":"https:\/\/www.kariyer.net\/kariyer-rehberi\/author\/ozdenyilmaz\/"}]}},"_links":{"self":[{"href":"https:\/\/www.kariyer.net\/kariyer-rehberi\/wp-json\/wp\/v2\/posts\/12716","targetHints":{"allow":["GET"]}}],"collection":[{"href":"https:\/\/www.kariyer.net\/kariyer-rehberi\/wp-json\/wp\/v2\/posts"}],"about":[{"href":"https:\/\/www.kariyer.net\/kariyer-rehberi\/wp-json\/wp\/v2\/types\/post"}],"author":[{"embeddable":true,"href":"https:\/\/www.kariyer.net\/kariyer-rehberi\/wp-json\/wp\/v2\/users\/29"}],"replies":[{"embeddable":true,"href":"https:\/\/www.kariyer.net\/kariyer-rehberi\/wp-json\/wp\/v2\/comments?post=12716"}],"version-history":[{"count":1,"href":"https:\/\/www.kariyer.net\/kariyer-rehberi\/wp-json\/wp\/v2\/posts\/12716\/revisions"}],"predecessor-version":[{"id":18662,"href":"https:\/\/www.kariyer.net\/kariyer-rehberi\/wp-json\/wp\/v2\/posts\/12716\/revisions\/18662"}],"wp:featuredmedia":[{"embeddable":true,"href":"https:\/\/www.kariyer.net\/kariyer-rehberi\/wp-json\/wp\/v2\/media\/12719"}],"wp:attachment":[{"href":"https:\/\/www.kariyer.net\/kariyer-rehberi\/wp-json\/wp\/v2\/media?parent=12716"}],"wp:term":[{"taxonomy":"category","embeddable":true,"href":"https:\/\/www.kariyer.net\/kariyer-rehberi\/wp-json\/wp\/v2\/categories?post=12716"},{"taxonomy":"post_tag","embeddable":true,"href":"https:\/\/www.kariyer.net\/kariyer-rehberi\/wp-json\/wp\/v2\/tags?post=12716"}],"curies":[{"name":"wp","href":"https:\/\/api.w.org\/{rel}","templated":true}]}}