{"id":1281,"date":"2012-03-16T02:00:00","date_gmt":"2012-03-16T00:00:00","guid":{"rendered":"http:\/\/92.45.35.169\/onyazi-nasil-yazilmali\/"},"modified":"2024-11-29T22:59:57","modified_gmt":"2024-11-29T19:59:57","slug":"onyazi-nasil-yazilmali","status":"publish","type":"post","link":"https:\/\/www.kariyer.net\/kariyer-rehberi\/onyazi-nasil-yazilmali\/","title":{"rendered":"\u00d6nyaz\u0131 nas\u0131l yaz\u0131lmal\u0131?"},"content":{"rendered":"<div style=\"margin: 0cm 0cm 10pt;\">\n<div style=\"margin: 0cm 0cm 10pt;\">\n<div style=\"margin: 0cm 0cm 10pt;\">\n<div style=\"margin: 0cm 0cm 10pt;\">\n<p><strong>\u0130\u015fte sana iki \u00f6nyaz\u0131 \u00f6rne\u011fi ve kendine uyarlayabilece\u011fin bir \u00f6nyaz\u0131 format\u0131. Bunlar\u0131 \u00f6rnek alarak sen de ba\u015far\u0131l\u0131 \u00f6nyaz\u0131lar olu\u015fturabilirsin; ama unutma, bir \u00f6nyaz\u0131 mutlaka \u00f6zg\u00fcn olmal\u0131 ve senin ki\u015fili\u011fini yans\u0131tmal\u0131. <\/strong><\/p>\n<p>\u0130\u015f ba\u015fvurusunda bulunurken \u00f6zge\u00e7mi\u015finin yan\u0131na \u00f6nyaz\u0131 eklemelisin. \u00d6nyaz\u0131n ba\u015fvurdu\u011fun i\u015fe \u00f6zel, tecr\u00fcbe ve becerinle ilgili olmal\u0131. \u00c7ok uzun bir yaz\u0131 olmas\u0131na da gerek yok. \u00d6nyaz\u0131n\u0131n; hangi pozisyonla ilgilendi\u011fini, nedenini ve i\u015fe uygunlu\u011funu anlatmas\u0131 yeterli. E\u011fer ne yazaca\u011f\u0131na emin de\u011filsen, \u00f6nyaz\u0131 \u00f6rneklerimize g\u00f6z atabilirsin.<\/p>\n<p>\u0130lk izlenim, \u00f6nyaz\u0131 i\u00e7in de \u00e7ok \u00f6nemli. \u00d6nyaz\u0131lar\u0131n etkili olabilmesi i\u00e7in ni\u00e7in i\u015fle ilgilenildi\u011fini ve bu i\u015fe ni\u00e7in ba\u015fvurdu\u011funu d\u00fczg\u00fcn bir dille anlatmal\u0131s\u0131n. Unutma ki seni i\u015fe alacak ki\u015fi seni hi\u00e7 tan\u0131m\u0131yor. Amac\u0131n i\u015fi istedi\u011fini ve i\u015fin \u00f6zelliklerinin sana uydu\u011funu anlatmak olmal\u0131. Bunu da m\u00fcmk\u00fcn oldu\u011funca amac\u0131ndan uzakla\u015fmadan \u00f6zelliklerin ve farkl\u0131 y\u00f6nlerini anlatarak yapmal\u0131s\u0131n. \u0130\u015f ilan\u0131nda istenilen kriterlerin senin becerilerinle uyu\u015ftu\u011funu yaz\u0131nda belirtmeli ve bu g\u00f6r\u00fc\u015f\u00fcn\u00fc destekleyen \u00f6rnekler vermelisin.<\/p>\n<p>Herkesin \u00f6nyaz\u0131s\u0131 kendi \u00f6zelliklerini anlatt\u0131\u011f\u0131ndan ve farkl\u0131 i\u015flere y\u00f6nelik oldu\u011fundan ayn\u0131 formatta farkl\u0131 bir\u00e7ok \u00f6nyaz\u0131 haz\u0131rlanabilir. Zaten \u00f6nyaz\u0131n\u0131n da anlam\u0131 budur. Benzer \u00f6zellikler ta\u015f\u0131d\u0131\u011f\u0131n ki\u015filerle i\u015fverenin g\u00f6z\u00fcnde bir fark yaratman\u0131 sa\u011flayacak bilgiler vermek.<\/p>\n<p>Sen de g\u00fczel bir \u00f6nyaz\u0131yla ki\u015fili\u011fini, farklar\u0131n\u0131 ortaya koyabilir, i\u015fverene kendini daha iyi anlatarak \u00f6ne ge\u00e7ebilirsin. \u0130\u015fte s\u0131ras\u0131yla bir \u00f6nyaz\u0131 format\u0131 ve iki \u00f6nyaz\u0131 \u00f6rne\u011fi&#8230;<\/p>\n<p><strong>\u00d6NYAZI FORMATI<\/strong><br \/>\nBu format, d\u00fc\u015f\u00fcncelerini organize etme a\u00e7\u0131s\u0131ndan sana yard\u0131mc\u0131 olacak. \u0130\u00e7erik tamamen sana ait.<br \/>\nGiri\u015f<br \/>\nSay\u0131n \u0130lgili,<br \/>\n<strong>Ba\u015flang\u0131\u00e7 k\u0131sm\u0131<\/strong><br \/>\nBu b\u00f6l\u00fcmde hangi pozisyon i\u00e7in ba\u015fvurdu\u011fundan ve i\u015fverenin seni neden i\u015f g\u00f6r\u00fc\u015fmesine \u00e7a\u011f\u0131rmas\u0131 gerekti\u011finden bahsedin.<br \/>\n\u0130lk paragraf, neden bu \u00f6nyaz\u0131y\u0131 yazd\u0131\u011f\u0131na dair bilgi i\u00e7ermeli. \u0130\u015f ilan\u0131n\u0131 nerede g\u00f6rd\u00fc\u011f\u00fcn\u00fc ve pozisyona neden ba\u015fvurmaya karar verdi\u011fini anlatabilirsin.<br \/>\n<strong>Orta Paragraf<\/strong><br \/>\n\u00d6nyaz\u0131n\u0131n bu etab\u0131nda i\u015fverene i\u015fle ilgili \u00f6nerilerini sun. Hangi \u00f6zelliklerinin ba\u015fvurdu\u011fun i\u015f i\u00e7in uygun oldu\u011funu belirt. \u0130\u015fin ihtiya\u00e7lar\u0131 ve senin yeteneklerin aras\u0131nda g\u00fc\u00e7l\u00fc ba\u011flant\u0131lar kur. Kendini anlatan c\u00fcmlelerini kan\u0131tlarla desteklemeye \u00e7al\u0131\u015f. \u0130yi oldu\u011funu d\u00fc\u015f\u00fcnd\u00fc\u011f\u00fc konular\u0131 anlat. \u00d6zge\u00e7mi\u015finle beraber de\u011ferlendirilece\u011fin i\u00e7in tutarl\u0131 ol, ama \u00f6zge\u00e7mi\u015fteki bilgileri aynen tekrar etme.<br \/>\n<strong>Son Paragraf<\/strong><br \/>\n\u00d6nyaz\u0131n\u0131n sonu\u00e7 c\u00fcmlesini, pozisyona ba\u015fvurunla ilgilendi\u011fi i\u00e7in yetkiliye te\u015fekk\u00fcr ederek sonland\u0131rabilirsin ve geli\u015fmeler hakk\u0131nda bilgi bekledi\u011fini de son olarak yaz\u0131na ekleyebilirsin.<br \/>\n\u0130smini soy ismini yaz\u0131p, te\u015fekk\u00fcr ve imzanla yaz\u0131n\u0131 sonland\u0131rabilirsin.<br \/>\n<strong>\u00d6RNEK 1<\/strong><br \/>\nBu t\u00fcr bir \u00f6nyaz\u0131y\u0131 belirli bir pozisyona ba\u015fvururken kullanabilece\u011fin gibi, genel ba\u015fvurular\u0131nda da kullanabilirsin.<br \/>\nSay\u0131n Yetkili,<br \/>\nKariyer.net\u2019te yay\u0131nlanan \u201c\u0130leti\u015fim Uzman\u0131\u201d ilan\u0131n\u0131zla ilgileniyorum.<br \/>\nXYZ firmas\u0131nda iki y\u0131ld\u0131r \u201c\u0130leti\u015fim Uzman\u0131 yard\u0131mc\u0131s\u0131\u201d olarak \u00e7al\u0131\u015f\u0131yorum. \u00c7al\u0131\u015ft\u0131\u011f\u0131m s\u00fcre i\u00e7erisinde bir\u00e7ok makale yazd\u0131m, konuk yazarlar\u0131n yaz\u0131lar\u0131n\u0131 organize ettim, her hafta bas\u0131n b\u00fclteni haz\u0131rlayarak abonelerimize g\u00f6nderdim. \u0130sterseniz internette yer alan yaz\u0131lar\u0131ma a\u015fa\u011f\u0131daki adreslerden ula\u015fabilirsiniz:<br \/>\nURL www\u2026\u2026<br \/>\nURL www\u2026\u2026<br \/>\nDirekt\u00f6r\u00fcm X\u2019e asistanl\u0131k ederken; yeni \u015firket ilkeleri belirlenmesi a\u015famas\u0131na ara\u015ft\u0131rmalar\u0131mla destek verdim. Ofisteki ileti\u015fimin koordinasyonu, bas\u0131n duyurular\u0131n\u0131n haz\u0131rlanmas\u0131 gibi g\u00f6revleri de \u00fcstlendim. Ofis i\u00e7i ileti\u015fimi online platforma ta\u015f\u0131ma \u00f6nerimin uygulanmas\u0131yla \u015firkette ileti\u015fim h\u0131z kazand\u0131. Bir\u00e7ok i\u015fi bir arada yapt\u0131\u011f\u0131m i\u00e7in i\u015fin i\u015fleyi\u015f s\u00fcrecinde \u00e7ok fazla tecr\u00fcbe kazand\u0131m. M\u00fclakata kat\u0131larak tan\u0131\u015fmay\u0131 ve i\u015fin becerilerime uygunlu\u011fu hakk\u0131nda konu\u015fmay\u0131 \u00e7ok isterim. Ekstra bilgi isterseniz ileti\u015fim bilgilerimden bana ula\u015fabilirsiniz.<\/p>\n<p>Zaman ay\u0131rd\u0131\u011f\u0131n\u0131z i\u00e7in te\u015fekk\u00fcr ederim.<br \/>\nAd Soyad ve \u0130mza<\/p>\n<p><a href=\"https:\/\/www.kariyer.net\/aday\/uyeol?utm_source=aday&amp;utm_medium=banner&amp;utm_campaign=kariyer_rehberi_uyelik_banner_zaman_kaybetme\"><img fetchpriority=\"high\" decoding=\"async\" class=\"alignnone size-full wp-image-21527\" src=\"https:\/\/www.kariyer.net\/kariyer-rehberi\/wp-content\/uploads\/2012\/03\/1140x192-3.png\" alt=\"\" width=\"1140\" height=\"192\" srcset=\"https:\/\/www.kariyer.net\/kariyer-rehberi\/wp-content\/uploads\/2012\/03\/1140x192-3.png 1140w, https:\/\/www.kariyer.net\/kariyer-rehberi\/wp-content\/uploads\/2012\/03\/1140x192-3-300x51.png 300w, https:\/\/www.kariyer.net\/kariyer-rehberi\/wp-content\/uploads\/2012\/03\/1140x192-3-1024x172.png 1024w, https:\/\/www.kariyer.net\/kariyer-rehberi\/wp-content\/uploads\/2012\/03\/1140x192-3-768x129.png 768w, https:\/\/www.kariyer.net\/kariyer-rehberi\/wp-content\/uploads\/2012\/03\/1140x192-3-450x76.png 450w, https:\/\/www.kariyer.net\/kariyer-rehberi\/wp-content\/uploads\/2012\/03\/1140x192-3-780x131.png 780w\" sizes=\"(max-width: 1140px) 100vw, 1140px\" \/><\/a><\/p>\n<p><strong>\u00d6RNEK 2<\/strong><\/p>\n<p>Bu t\u00fcr bir \u00f6nyaz\u0131y\u0131 sadece belirli bir pozisyon i\u00e7in kullanabilirsin. \u0130\u015f ilan\u0131ndaki \u00f6zelliklerle uyumlu oldu\u011funu vurgulayan, i\u015flevsel bir \u00f6nyaz\u0131 t\u00fcr\u00fcd\u00fcr.<\/p>\n<p>Say\u0131n \u0130lgili,<\/p>\n<p>Kariyer.net\u2019te yay\u0131nlanan <strong><a href=\"https:\/\/www.kariyer.net\/is-ilanlari\/satis+sorumlusu\" target=\"_blank\" rel=\"noopener\">\u201c Sat\u0131\u015f Sorumlusu\u201d<\/a><\/strong> pozisyonunuzla ilgileniyorum. \u00d6zge\u00e7mi\u015fimin, yeteneklerimin i\u015f tan\u0131m\u0131n\u0131za ve \u015firketiniz bak\u0131\u015f a\u00e7\u0131s\u0131na uygun oldu\u011funu d\u00fc\u015f\u00fcn\u00fcyorum.<br \/>\n\u0130\u015f i\u00e7in istedi\u011finiz \u015fartlar;<\/p>\n<p>*\u00dcniversitelerin 4 y\u0131ll\u0131k e\u011fitim veren ilgili b\u00f6l\u00fcmlerinden mezun,<br \/>\n*MS Office uygulamalar\u0131na hakim,<br \/>\n*Tercihen iyi derecede \u0130ngilizce bilen,<br \/>\n*Seyahat engeli olmayan,<br \/>\n*S\u00fcr\u00fcc\u00fc belgesine ve aktif s\u00fcr\u00fc\u015f deneyimine sahip,<br \/>\n*Erkek adaylar i\u00e7in askerli\u011fini yapm\u0131\u015f,<br \/>\n*T\u00fcrkiye\u2019nin illerinde g\u00f6rev alabilecek,<br \/>\n*\u0130la\u00e7 sekt\u00f6r\u00fcnde t\u0131bbi m\u00fcmessillik deneyimi olmayan<\/p>\n<p>Benim \u00f6zelliklerim;<\/p>\n<p>*Marmara \u00dcniversitesi \u0130\u015fletme mezunuyum.<br \/>\n*\u00dc\u00e7 y\u0131l halkla ili\u015fkiler asistan\u0131 olarak \u00e7al\u0131\u015ft\u0131\u011f\u0131m d\u00f6nemde MS Office ekipmanlar\u0131ndan Excel, Power Point, Word uygulamalar\u0131n\u0131 yo\u011fun olarak kulland\u0131m.<br \/>\n*Be\u015f y\u0131ld\u0131r aktif olarak araba kullan\u0131yorum.<br \/>\n*Gerekti\u011finde i\u015f i\u00e7in seyahat edebilirim.<br \/>\n*Ortaokul e\u011fitimimden ba\u015flayarak \u0130ngilizce e\u011fitim ald\u0131m, ak\u0131c\u0131 bir \u015fekilde \u0130ngilizce kullanabilirim.<br \/>\n*\u00d6zge\u00e7mi\u015fim ve \u00f6nyaz\u0131mla ilgilendi\u011finiz i\u00e7in te\u015fekk\u00fcrler. Y\u00fcz y\u00fcze m\u00fclakata kat\u0131larak i\u015f ve i\u015fin becerilerime uygunlu\u011fu hakk\u0131nda detayl\u0131 konu\u015fmay\u0131 \u00e7ok isterim.<\/p>\n<p>Te\u015fekk\u00fcr ederim,<\/p>\n<p>Ad, Soyad ve \u0130mza<\/p>\n<p><span style=\"line-height: 115%; font-size: 8pt;\"><span style=\"font-family: verdana, arial, helvetica, sans-serif; font-size: 11px;\"><span style=\"line-height: 115%; font-size: 8pt;\"><strong>\u00a0<\/strong><\/span><\/span><\/span><\/p>\n<\/div>\n<\/div>\n<\/div>\n<\/div>\n<!-- templates\/buttons-placeholder.php -->\n<div class=\"da-reactions-outer TpostID1281\">\n\t    <div class=\"da-reactions-data da-reactions-container-async center\"\n         data-type=\"post\"\n         data-id=\"1281\"\n         id=\"da-reactions-slot-post-1281\">\n        <div class=\"da-reactions-static\">\n\t\t\t<img src=\"https:\/\/www.kariyer.net\/kariyer-rehberi\/wp-content\/plugins\/da-reactions\/assets\/dist\/loading.svg\" alt=\"Loading spinner\" width=\"48\" height=\"48\" style=\"width:48px\" \/>\n        <\/div>\n    <\/div>\n<\/div>\n","protected":false},"excerpt":{"rendered":"<p>\u0130\u015fte sana iki \u00f6nyaz\u0131 \u00f6rne\u011fi ve kendine uyarlayabilece\u011fin bir \u00f6nyaz\u0131 format\u0131. Bunlar\u0131 \u00f6rnek alarak sen de ba\u015far\u0131l\u0131 \u00f6nyaz\u0131lar olu\u015fturabilirsin; ama unutma, bir \u00f6nyaz\u0131 mutlaka \u00f6zg\u00fcn olmal\u0131 ve senin ki\u015fili\u011fini yans\u0131tmal\u0131. \u0130\u015f ba\u015fvurusunda bulunurken \u00f6zge\u00e7mi\u015finin yan\u0131na \u00f6nyaz\u0131 eklemelisin. \u00d6nyaz\u0131n ba\u015fvurdu\u011fun i\u015fe \u00f6zel, tecr\u00fcbe ve becerinle ilgili olmal\u0131. \u00c7ok uzun bir yaz\u0131 olmas\u0131na da gerek yok. \u00d6nyaz\u0131n\u0131n; [&hellip;]<\/p>\n<!-- templates\/buttons-placeholder.php -->\n<div class=\"da-reactions-outer TpostID1281\">\n\t    <div class=\"da-reactions-data da-reactions-container-async center\"\n         data-type=\"post\"\n         data-id=\"1281\"\n         id=\"da-reactions-slot-post-1281\">\n        <div class=\"da-reactions-static\">\n\t\t\t<img src=\"https:\/\/www.kariyer.net\/kariyer-rehberi\/wp-content\/plugins\/da-reactions\/assets\/dist\/loading.svg\" alt=\"Loading spinner\" width=\"48\" height=\"48\" style=\"width:48px\" \/>\n        <\/div>\n    <\/div>\n<\/div>\n","protected":false},"author":5,"featured_media":21529,"comment_status":"open","ping_status":"open","sticky":false,"template":"","format":"standard","meta":{"footnotes":"","_elementor_edit_mode":"","_elementor_template_type":"","_elementor_data":"","_elementor_page_settings":null,"_elementor_conditions":[]},"categories":[36],"tags":[],"class_list":{"0":"post-1281","1":"post","2":"type-post","3":"status-publish","4":"format-standard","5":"has-post-thumbnail","7":"category-onyazi"},"yoast_head":"<!-- This site is optimized with the Yoast SEO Premium plugin v21.4 (Yoast SEO v27.0) - https:\/\/yoast.com\/product\/yoast-seo-premium-wordpress\/ -->\n<title>\u00d6nyaz\u0131 nas\u0131l yaz\u0131lmal\u0131?<\/title>\n<meta name=\"description\" content=\"\u00d6nyaz\u0131 nas\u0131l yaz\u0131lmal\u0131? \u0130ki \u00f6nyaz\u0131 \u00f6rne\u011fi ve kendine uyarlayabilece\u011fin format\u0131 ke\u015ffetmek i\u00e7in hemen yaz\u0131m\u0131z\u0131 okuyabilirsin.\" \/>\n<meta name=\"robots\" content=\"index, follow, max-snippet:-1, max-image-preview:large, max-video-preview:-1\" \/>\n<link rel=\"canonical\" href=\"https:\/\/www.kariyer.net\/kariyer-rehberi\/onyazi-nasil-yazilmali\/\" \/>\n<meta property=\"og:locale\" content=\"tr_TR\" \/>\n<meta property=\"og:type\" content=\"article\" \/>\n<meta property=\"og:title\" content=\"\u00d6nyaz\u0131 nas\u0131l yaz\u0131lmal\u0131?\" \/>\n<meta property=\"og:description\" content=\"\u0130\u015fte sana iki \u00f6nyaz\u0131 \u00f6rne\u011fi ve kendine uyarlayabilece\u011fin bir \u00f6nyaz\u0131 format\u0131. Bunlar\u0131 \u00f6rnek alarak sen de ba\u015far\u0131l\u0131 \u00f6nyaz\u0131lar olu\u015fturabilirsin; ama unutma,\" \/>\n<meta property=\"og:url\" content=\"https:\/\/www.kariyer.net\/kariyer-rehberi\/onyazi-nasil-yazilmali\/\" \/>\n<meta property=\"og:site_name\" content=\"Kariyer Rehberi\" \/>\n<meta property=\"article:published_time\" content=\"2012-03-16T00:00:00+00:00\" \/>\n<meta property=\"article:modified_time\" content=\"2024-11-29T19:59:57+00:00\" \/>\n<meta property=\"og:image\" content=\"https:\/\/www.kariyer.net\/kariyer-rehberi\/wp-content\/uploads\/2012\/03\/on_yazi.jpg\" \/>\n\t<meta property=\"og:image:width\" content=\"900\" \/>\n\t<meta property=\"og:image:height\" content=\"585\" \/>\n\t<meta property=\"og:image:type\" content=\"image\/jpeg\" \/>\n<meta name=\"author\" content=\"P\u0131nar Nogay\" \/>\n<meta name=\"twitter:card\" content=\"summary_large_image\" \/>\n<meta name=\"twitter:label1\" content=\"Yazan:\" \/>\n\t<meta name=\"twitter:data1\" content=\"P\u0131nar Nogay\" \/>\n\t<meta name=\"twitter:label2\" content=\"Tahmini okuma s\u00fcresi\" \/>\n\t<meta name=\"twitter:data2\" content=\"5 dakika\" \/>\n<!-- \/ Yoast SEO Premium plugin. -->","yoast_head_json":{"title":"\u00d6nyaz\u0131 nas\u0131l yaz\u0131lmal\u0131?","description":"\u00d6nyaz\u0131 nas\u0131l yaz\u0131lmal\u0131? \u0130ki \u00f6nyaz\u0131 \u00f6rne\u011fi ve kendine uyarlayabilece\u011fin format\u0131 ke\u015ffetmek i\u00e7in hemen yaz\u0131m\u0131z\u0131 okuyabilirsin.","robots":{"index":"index","follow":"follow","max-snippet":"max-snippet:-1","max-image-preview":"max-image-preview:large","max-video-preview":"max-video-preview:-1"},"canonical":"https:\/\/www.kariyer.net\/kariyer-rehberi\/onyazi-nasil-yazilmali\/","og_locale":"tr_TR","og_type":"article","og_title":"\u00d6nyaz\u0131 nas\u0131l yaz\u0131lmal\u0131?","og_description":"\u0130\u015fte sana iki \u00f6nyaz\u0131 \u00f6rne\u011fi ve kendine uyarlayabilece\u011fin bir \u00f6nyaz\u0131 format\u0131. Bunlar\u0131 \u00f6rnek alarak sen de ba\u015far\u0131l\u0131 \u00f6nyaz\u0131lar olu\u015fturabilirsin; ama unutma,","og_url":"https:\/\/www.kariyer.net\/kariyer-rehberi\/onyazi-nasil-yazilmali\/","og_site_name":"Kariyer Rehberi","article_published_time":"2012-03-16T00:00:00+00:00","article_modified_time":"2024-11-29T19:59:57+00:00","og_image":[{"width":900,"height":585,"url":"https:\/\/www.kariyer.net\/kariyer-rehberi\/wp-content\/uploads\/2012\/03\/on_yazi.jpg","type":"image\/jpeg"}],"author":"P\u0131nar Nogay","twitter_card":"summary_large_image","twitter_misc":{"Yazan:":"P\u0131nar Nogay","Tahmini okuma s\u00fcresi":"5 dakika"},"schema":{"@context":"https:\/\/schema.org","@graph":[{"@type":"Article","@id":"https:\/\/www.kariyer.net\/kariyer-rehberi\/onyazi-nasil-yazilmali\/#article","isPartOf":{"@id":"https:\/\/www.kariyer.net\/kariyer-rehberi\/onyazi-nasil-yazilmali\/"},"author":{"name":"P\u0131nar Nogay","@id":"https:\/\/www.kariyer.net\/kariyer-rehberi\/#\/schema\/person\/ea0977057f6b311990c570cc6d4c25d0"},"headline":"\u00d6nyaz\u0131 nas\u0131l yaz\u0131lmal\u0131?","datePublished":"2012-03-16T00:00:00+00:00","dateModified":"2024-11-29T19:59:57+00:00","mainEntityOfPage":{"@id":"https:\/\/www.kariyer.net\/kariyer-rehberi\/onyazi-nasil-yazilmali\/"},"wordCount":953,"commentCount":0,"publisher":{"@id":"https:\/\/www.kariyer.net\/kariyer-rehberi\/#organization"},"image":{"@id":"https:\/\/www.kariyer.net\/kariyer-rehberi\/onyazi-nasil-yazilmali\/#primaryimage"},"thumbnailUrl":"https:\/\/www.kariyer.net\/kariyer-rehberi\/wp-content\/uploads\/2012\/03\/on_yazi.jpg","articleSection":["\u00d6nyaz\u0131"],"inLanguage":"tr","potentialAction":[{"@type":"CommentAction","name":"Comment","target":["https:\/\/www.kariyer.net\/kariyer-rehberi\/onyazi-nasil-yazilmali\/#respond"]}]},{"@type":"WebPage","@id":"https:\/\/www.kariyer.net\/kariyer-rehberi\/onyazi-nasil-yazilmali\/","url":"https:\/\/www.kariyer.net\/kariyer-rehberi\/onyazi-nasil-yazilmali\/","name":"\u00d6nyaz\u0131 nas\u0131l yaz\u0131lmal\u0131?","isPartOf":{"@id":"https:\/\/www.kariyer.net\/kariyer-rehberi\/#website"},"primaryImageOfPage":{"@id":"https:\/\/www.kariyer.net\/kariyer-rehberi\/onyazi-nasil-yazilmali\/#primaryimage"},"image":{"@id":"https:\/\/www.kariyer.net\/kariyer-rehberi\/onyazi-nasil-yazilmali\/#primaryimage"},"thumbnailUrl":"https:\/\/www.kariyer.net\/kariyer-rehberi\/wp-content\/uploads\/2012\/03\/on_yazi.jpg","datePublished":"2012-03-16T00:00:00+00:00","dateModified":"2024-11-29T19:59:57+00:00","description":"\u00d6nyaz\u0131 nas\u0131l yaz\u0131lmal\u0131? \u0130ki \u00f6nyaz\u0131 \u00f6rne\u011fi ve kendine uyarlayabilece\u011fin format\u0131 ke\u015ffetmek i\u00e7in hemen yaz\u0131m\u0131z\u0131 okuyabilirsin.","breadcrumb":{"@id":"https:\/\/www.kariyer.net\/kariyer-rehberi\/onyazi-nasil-yazilmali\/#breadcrumb"},"inLanguage":"tr","potentialAction":[{"@type":"ReadAction","target":["https:\/\/www.kariyer.net\/kariyer-rehberi\/onyazi-nasil-yazilmali\/"]}]},{"@type":"ImageObject","inLanguage":"tr","@id":"https:\/\/www.kariyer.net\/kariyer-rehberi\/onyazi-nasil-yazilmali\/#primaryimage","url":"https:\/\/www.kariyer.net\/kariyer-rehberi\/wp-content\/uploads\/2012\/03\/on_yazi.jpg","contentUrl":"https:\/\/www.kariyer.net\/kariyer-rehberi\/wp-content\/uploads\/2012\/03\/on_yazi.jpg","width":900,"height":585},{"@type":"BreadcrumbList","@id":"https:\/\/www.kariyer.net\/kariyer-rehberi\/onyazi-nasil-yazilmali\/#breadcrumb","itemListElement":[{"@type":"ListItem","position":1,"name":"Anasayfa","item":"https:\/\/www.kariyer.net\/kariyer-rehberi\/"},{"@type":"ListItem","position":2,"name":"\u00d6nyaz\u0131 nas\u0131l yaz\u0131lmal\u0131?"}]},{"@type":"WebSite","@id":"https:\/\/www.kariyer.net\/kariyer-rehberi\/#website","url":"https:\/\/www.kariyer.net\/kariyer-rehberi\/","name":"Kariyer Rehberi","description":"\u0130\u015f D\u00fcnyas\u0131yla \u0130lgili Bilmek \u0130stedi\u011finiz Her \u015eey","publisher":{"@id":"https:\/\/www.kariyer.net\/kariyer-rehberi\/#organization"},"potentialAction":[{"@type":"SearchAction","target":{"@type":"EntryPoint","urlTemplate":"https:\/\/www.kariyer.net\/kariyer-rehberi\/?s={search_term_string}"},"query-input":{"@type":"PropertyValueSpecification","valueRequired":true,"valueName":"search_term_string"}}],"inLanguage":"tr"},{"@type":"Organization","@id":"https:\/\/www.kariyer.net\/kariyer-rehberi\/#organization","name":"Kariyer.net","url":"https:\/\/www.kariyer.net\/kariyer-rehberi\/","logo":{"@type":"ImageObject","inLanguage":"tr","@id":"https:\/\/www.kariyer.net\/kariyer-rehberi\/#\/schema\/logo\/image\/","url":"https:\/\/www.kariyer.net\/kariyer-rehberi-new\/wp-content\/uploads\/2023\/01\/og-image11.jpg","contentUrl":"https:\/\/www.kariyer.net\/kariyer-rehberi-new\/wp-content\/uploads\/2023\/01\/og-image11.jpg","width":800,"height":800,"caption":"Kariyer.net"},"image":{"@id":"https:\/\/www.kariyer.net\/kariyer-rehberi\/#\/schema\/logo\/image\/"}},{"@type":"Person","@id":"https:\/\/www.kariyer.net\/kariyer-rehberi\/#\/schema\/person\/ea0977057f6b311990c570cc6d4c25d0","name":"P\u0131nar Nogay","image":{"@type":"ImageObject","inLanguage":"tr","@id":"https:\/\/www.kariyer.net\/kariyer-rehberi\/#\/schema\/person\/image\/","url":"https:\/\/secure.gravatar.com\/avatar\/330a216cbd1ec8a38c34e372b2be4a261e51e0805bd9186606e000f5efd0f0cf?s=96&d=mm&r=g","contentUrl":"https:\/\/secure.gravatar.com\/avatar\/330a216cbd1ec8a38c34e372b2be4a261e51e0805bd9186606e000f5efd0f0cf?s=96&d=mm&r=g","caption":"P\u0131nar Nogay"},"description":"Gazeteci olmak i\u00e7in yola \u00e7\u0131karak Eski\u015fehir Anadolu \u00dcniversitesi \u0130leti\u015fim Fak\u00fcltesi\u2019nde Bas\u0131n Yay\u0131n e\u011fitimi ald\u0131. Sekt\u00f6rel yay\u0131nlarda tecr\u00fcbe kazanan, 2007 y\u0131l\u0131nda Kariyer\u2019de Edit\u00f6r olarak \u00e7al\u0131\u015fmaya ba\u015flayan Nogay, 2011\u2019den bu yana Genel Yay\u0131n Y\u00f6netmeni olarak g\u00f6rev yap\u0131yor.","sameAs":["http:\/\/www.kariyer.net\/kariyer-rehberi\/pinar-nogay\/"],"url":"https:\/\/www.kariyer.net\/kariyer-rehberi\/author\/pinar-nogay\/"}]}},"_links":{"self":[{"href":"https:\/\/www.kariyer.net\/kariyer-rehberi\/wp-json\/wp\/v2\/posts\/1281","targetHints":{"allow":["GET"]}}],"collection":[{"href":"https:\/\/www.kariyer.net\/kariyer-rehberi\/wp-json\/wp\/v2\/posts"}],"about":[{"href":"https:\/\/www.kariyer.net\/kariyer-rehberi\/wp-json\/wp\/v2\/types\/post"}],"author":[{"embeddable":true,"href":"https:\/\/www.kariyer.net\/kariyer-rehberi\/wp-json\/wp\/v2\/users\/5"}],"replies":[{"embeddable":true,"href":"https:\/\/www.kariyer.net\/kariyer-rehberi\/wp-json\/wp\/v2\/comments?post=1281"}],"version-history":[{"count":4,"href":"https:\/\/www.kariyer.net\/kariyer-rehberi\/wp-json\/wp\/v2\/posts\/1281\/revisions"}],"predecessor-version":[{"id":21550,"href":"https:\/\/www.kariyer.net\/kariyer-rehberi\/wp-json\/wp\/v2\/posts\/1281\/revisions\/21550"}],"wp:featuredmedia":[{"embeddable":true,"href":"https:\/\/www.kariyer.net\/kariyer-rehberi\/wp-json\/wp\/v2\/media\/21529"}],"wp:attachment":[{"href":"https:\/\/www.kariyer.net\/kariyer-rehberi\/wp-json\/wp\/v2\/media?parent=1281"}],"wp:term":[{"taxonomy":"category","embeddable":true,"href":"https:\/\/www.kariyer.net\/kariyer-rehberi\/wp-json\/wp\/v2\/categories?post=1281"},{"taxonomy":"post_tag","embeddable":true,"href":"https:\/\/www.kariyer.net\/kariyer-rehberi\/wp-json\/wp\/v2\/tags?post=1281"}],"curies":[{"name":"wp","href":"https:\/\/api.w.org\/{rel}","templated":true}]}}