{"id":12858,"date":"2019-09-06T20:30:33","date_gmt":"2019-09-06T17:30:33","guid":{"rendered":"https:\/\/www.kariyer.net\/kariyer-rehberi\/?p=12858"},"modified":"2024-08-08T21:09:48","modified_gmt":"2024-08-08T18:09:48","slug":"new-hr-summit-basliyor","status":"publish","type":"post","link":"https:\/\/www.kariyer.net\/kariyer-rehberi\/new-hr-summit-basliyor\/","title":{"rendered":"New HR Summit ba\u015fl\u0131yor!"},"content":{"rendered":"<p><strong>Crenvo \u0130K ve Webrazzi ortakl\u0131\u011f\u0131yla bu sene ilk kez d\u00fczenlenecek New HR Summit etkinli\u011fi 25 Eyl\u00fcl&#8217;de ba\u015fl\u0131yor!<\/strong><\/p>\n<p>Dijitalle\u015fme ve teknolojinin hayat\u0131m\u0131za girmesiyle birlikte de\u011fi\u015fen ve yenilenen i\u015f d\u00fcnyas\u0131, yeni bir insan kaynaklar\u0131 konseptini de ka\u00e7\u0131n\u0131lmaz k\u0131l\u0131yor. Artan otomasyon, robotik, yapay zeka kullan\u0131m\u0131, i\u015f yap\u0131\u015f tarz\u0131n\u0131 ve yetenek kullan\u0131m\u0131n\u0131 farkl\u0131la\u015ft\u0131r\u0131yor, insan kaynaklar\u0131 \u00e7al\u0131\u015fanlar\u0131n\u0131n rol\u00fc g\u00fcnden g\u00fcne yenileniyor.<\/p>\n<p>Bu sene ilki ger\u00e7ekle\u015fecek olan New HR Summit&#8217;te de\u011fi\u015fen ve radikalle\u015fen insan kaynaklar\u0131n\u0131n lokal ve k\u00fcresel \u00e7aptaki profesyonelleri deneyimlerini payla\u015facaklar. \u0130nsan Kaynaklar\u0131&#8217;na dair merak edilen her \u015feyi dijital olarak ele alacak olan konferansta, dijital d\u00f6n\u00fc\u015f\u00fcm\u00fcn merkezinde \u0130K; \u00e7al\u0131\u015fan ba\u011fl\u0131l\u0131\u011f\u0131, de\u011fi\u015fim hikayeleri, \u00e7al\u0131\u015fan verimlili\u011finin nas\u0131l art\u0131r\u0131laca\u011f\u0131, dijital organizasyon ve d\u00f6n\u00fc\u015f\u00fcm, giri\u015fimcilikte kad\u0131n g\u00fcc\u00fc, olumlu liderlik, \u0130K liderli\u011fi gibi konular ve \u00e7ok daha fazlas\u0131 ele al\u0131nacak.<\/p>\n<p><a href=\"https:\/\/www.kariyer.net\/ik-blog\/wp-content\/uploads\/2019\/09\/900x600_2.jpg\"><img fetchpriority=\"high\" decoding=\"async\" class=\"alignleft size-medium wp-image-8692\" src=\"https:\/\/www.kariyer.net\/ik-blog\/wp-content\/uploads\/2019\/09\/900x600_2-300x200.jpg\" alt=\"\" width=\"300\" height=\"200\" \/><\/a><\/p>\n<p>Yabanc\u0131 konu\u015fmac\u0131lar\u0131 aras\u0131nda PepsiCo&#8217;dan <strong>Cristina Meson<\/strong>, Time is Ltd.&#8217;den <strong>Jan Rezab<\/strong>, EF&#8217;ten <strong>Manon Dave<\/strong>, ve Invate HR&#8217;dan <strong>Niraj Varia<\/strong> gibi \u00f6nemli isimleri bar\u0131nd\u0131ran New HR Summit&#8217;e ayn\u0131 zamanda T\u00fcrkiye\u2019nin \u00f6nemli y\u00f6neticilerinden GittiGidiyor&#8217;dan <strong>Murat Y\u00fcksel,<\/strong> iyzico kurucu orta\u011f\u0131 <strong>Barbaros \u00d6zbugutu<\/strong>, Armut.com&#8217;un kurucular\u0131ndan <strong>Ba\u015fak Ta\u015fp\u0131nar De\u011fim<\/strong>, Insider kurucu orta\u011f\u0131 <strong>Hande \u00c7ilingir<\/strong>, Idenfit kurucusu <strong>Onur Bay\u0131nd\u0131r<\/strong>, Roche Head of HR &amp; Communications&#8217;\u0131 <strong>Banu G\u00fcls\u00fcn<\/strong>, SOR&#8217;UN kurucu orta\u011f\u0131 <strong>O\u011fuzhan Ba\u015fe\u011fmez<\/strong>, Danone HR Direkt\u00f6r\u00fc <strong>Emine Kurt<\/strong> ve Lucis Initiative kurucusu <strong>\u0130smet \u00d6ztan\u0131k<\/strong> gibi isimler de kat\u0131lacak.<\/p>\n<p>Etkinli\u011fe dair di\u011fer detaylar\u0131 incelemek ve bilet almak i\u00e7in <a href=\"https:\/\/newhrsummit.com\/?utm_source=kariyernet&amp;utm_medium=referral\" target=\"_blank\" rel=\"noopener noreferrer\">https:\/\/newhrsummit.com\/<\/a> adresini ziyaret edebilirsin.<\/p>\n<!-- templates\/buttons-placeholder.php -->\n<div class=\"da-reactions-outer TpostID12858\">\n\t    <div class=\"da-reactions-data da-reactions-container-async center\"\n         data-type=\"post\"\n         data-id=\"12858\"\n         id=\"da-reactions-slot-post-12858\">\n        <div class=\"da-reactions-static\">\n\t\t\t<img src=\"https:\/\/www.kariyer.net\/kariyer-rehberi\/wp-content\/plugins\/da-reactions\/assets\/dist\/loading.svg\" alt=\"Loading spinner\" width=\"48\" height=\"48\" style=\"width:48px\" \/>\n        <\/div>\n    <\/div>\n<\/div>\n","protected":false},"excerpt":{"rendered":"<p>Crenvo \u0130K ve Webrazzi ortakl\u0131\u011f\u0131yla bu sene ilk kez d\u00fczenlenecek New HR Summit etkinli\u011fi 25 Eyl\u00fcl&#8217;de ba\u015fl\u0131yor! Dijitalle\u015fme ve teknolojinin hayat\u0131m\u0131za girmesiyle birlikte de\u011fi\u015fen ve yenilenen i\u015f d\u00fcnyas\u0131, yeni bir insan kaynaklar\u0131 konseptini de ka\u00e7\u0131n\u0131lmaz k\u0131l\u0131yor. Artan otomasyon, robotik, yapay zeka kullan\u0131m\u0131, i\u015f yap\u0131\u015f tarz\u0131n\u0131 ve yetenek kullan\u0131m\u0131n\u0131 farkl\u0131la\u015ft\u0131r\u0131yor, insan kaynaklar\u0131 \u00e7al\u0131\u015fanlar\u0131n\u0131n rol\u00fc g\u00fcnden g\u00fcne [&hellip;]<\/p>\n<!-- templates\/buttons-placeholder.php -->\n<div class=\"da-reactions-outer TpostID12858\">\n\t    <div class=\"da-reactions-data da-reactions-container-async center\"\n         data-type=\"post\"\n         data-id=\"12858\"\n         id=\"da-reactions-slot-post-12858\">\n        <div class=\"da-reactions-static\">\n\t\t\t<img src=\"https:\/\/www.kariyer.net\/kariyer-rehberi\/wp-content\/plugins\/da-reactions\/assets\/dist\/loading.svg\" alt=\"Loading spinner\" width=\"48\" height=\"48\" style=\"width:48px\" \/>\n        <\/div>\n    <\/div>\n<\/div>\n","protected":false},"author":12,"featured_media":12859,"comment_status":"open","ping_status":"open","sticky":false,"template":"","format":"standard","meta":{"footnotes":"","_elementor_edit_mode":"","_elementor_template_type":"","_elementor_data":"","_elementor_page_settings":null,"_elementor_conditions":[]},"categories":[2211,2214],"tags":[1365,1364,1363],"class_list":{"0":"post-12858","1":"post","2":"type-post","3":"status-publish","4":"format-standard","5":"has-post-thumbnail","7":"category-kariyer-gelisimi","8":"category-yasam","9":"tag-crenvo-ik","10":"tag-new-hr-summit","11":"tag-webrazzi"},"yoast_head":"<!-- This site is optimized with the Yoast SEO Premium plugin v21.4 (Yoast SEO v27.0) - https:\/\/yoast.com\/product\/yoast-seo-premium-wordpress\/ -->\n<title>New HR Summit ba\u015fl\u0131yor! | Kariyer Rehberi<\/title>\n<meta name=\"description\" content=\"Crenvo \u0130K ve Webrazzi ortakl\u0131\u011f\u0131yla bu sene ilk kez d\u00fczenlenecek New HR Summit etkinli\u011fi 25 Eyl\u00fcl&#039;de ba\u015fl\u0131yor!\" \/>\n<meta name=\"robots\" content=\"index, follow, max-snippet:-1, max-image-preview:large, max-video-preview:-1\" \/>\n<link rel=\"canonical\" href=\"https:\/\/www.kariyer.net\/kariyer-rehberi\/new-hr-summit-basliyor\/\" \/>\n<meta property=\"og:locale\" content=\"tr_TR\" \/>\n<meta property=\"og:type\" content=\"article\" \/>\n<meta property=\"og:title\" content=\"New HR Summit ba\u015fl\u0131yor!\" \/>\n<meta property=\"og:description\" content=\"Crenvo \u0130K ve Webrazzi ortakl\u0131\u011f\u0131yla bu sene ilk kez d\u00fczenlenecek New HR Summit etkinli\u011fi 25 Eyl\u00fcl&#039;de ba\u015fl\u0131yor! Dijitalle\u015fme ve teknolojinin hayat\u0131m\u0131za\" \/>\n<meta property=\"og:url\" content=\"https:\/\/www.kariyer.net\/kariyer-rehberi\/new-hr-summit-basliyor\/\" \/>\n<meta property=\"og:site_name\" content=\"Kariyer Rehberi\" \/>\n<meta property=\"article:published_time\" content=\"2019-09-06T17:30:33+00:00\" \/>\n<meta property=\"article:modified_time\" content=\"2024-08-08T18:09:48+00:00\" \/>\n<meta property=\"og:image\" content=\"https:\/\/www.kariyer.net\/kariyer-rehberi\/wp-content\/uploads\/2019\/09\/iStock-1092964912.jpg\" \/>\n\t<meta property=\"og:image:width\" content=\"900\" \/>\n\t<meta property=\"og:image:height\" content=\"600\" \/>\n\t<meta property=\"og:image:type\" content=\"image\/jpeg\" \/>\n<meta name=\"author\" content=\"Edit\u00f6r\" \/>\n<meta name=\"twitter:card\" content=\"summary_large_image\" \/>\n<meta name=\"twitter:label1\" content=\"Yazan:\" \/>\n\t<meta name=\"twitter:data1\" content=\"Edit\u00f6r\" \/>\n\t<meta name=\"twitter:label2\" content=\"Tahmini okuma s\u00fcresi\" \/>\n\t<meta name=\"twitter:data2\" content=\"2 dakika\" \/>\n<!-- \/ Yoast SEO Premium plugin. -->","yoast_head_json":{"title":"New HR Summit ba\u015fl\u0131yor! | Kariyer Rehberi","description":"Crenvo \u0130K ve Webrazzi ortakl\u0131\u011f\u0131yla bu sene ilk kez d\u00fczenlenecek New HR Summit etkinli\u011fi 25 Eyl\u00fcl'de ba\u015fl\u0131yor!","robots":{"index":"index","follow":"follow","max-snippet":"max-snippet:-1","max-image-preview":"max-image-preview:large","max-video-preview":"max-video-preview:-1"},"canonical":"https:\/\/www.kariyer.net\/kariyer-rehberi\/new-hr-summit-basliyor\/","og_locale":"tr_TR","og_type":"article","og_title":"New HR Summit ba\u015fl\u0131yor!","og_description":"Crenvo \u0130K ve Webrazzi ortakl\u0131\u011f\u0131yla bu sene ilk kez d\u00fczenlenecek New HR Summit etkinli\u011fi 25 Eyl\u00fcl'de ba\u015fl\u0131yor! Dijitalle\u015fme ve teknolojinin hayat\u0131m\u0131za","og_url":"https:\/\/www.kariyer.net\/kariyer-rehberi\/new-hr-summit-basliyor\/","og_site_name":"Kariyer Rehberi","article_published_time":"2019-09-06T17:30:33+00:00","article_modified_time":"2024-08-08T18:09:48+00:00","og_image":[{"width":900,"height":600,"url":"https:\/\/www.kariyer.net\/kariyer-rehberi\/wp-content\/uploads\/2019\/09\/iStock-1092964912.jpg","type":"image\/jpeg"}],"author":"Edit\u00f6r","twitter_card":"summary_large_image","twitter_misc":{"Yazan:":"Edit\u00f6r","Tahmini okuma s\u00fcresi":"2 dakika"},"schema":{"@context":"https:\/\/schema.org","@graph":[{"@type":"Article","@id":"https:\/\/www.kariyer.net\/kariyer-rehberi\/new-hr-summit-basliyor\/#article","isPartOf":{"@id":"https:\/\/www.kariyer.net\/kariyer-rehberi\/new-hr-summit-basliyor\/"},"author":{"name":"Edit\u00f6r","@id":"https:\/\/www.kariyer.net\/kariyer-rehberi\/#\/schema\/person\/94fd6e49c7ff1b1b2565a2cc4fd685dd"},"headline":"New HR Summit ba\u015fl\u0131yor!","datePublished":"2019-09-06T17:30:33+00:00","dateModified":"2024-08-08T18:09:48+00:00","mainEntityOfPage":{"@id":"https:\/\/www.kariyer.net\/kariyer-rehberi\/new-hr-summit-basliyor\/"},"wordCount":318,"commentCount":0,"publisher":{"@id":"https:\/\/www.kariyer.net\/kariyer-rehberi\/#organization"},"image":{"@id":"https:\/\/www.kariyer.net\/kariyer-rehberi\/new-hr-summit-basliyor\/#primaryimage"},"thumbnailUrl":"https:\/\/www.kariyer.net\/kariyer-rehberi\/wp-content\/uploads\/2019\/09\/iStock-1092964912.jpg","keywords":["Crenvo \u0130K","New HR Summit","Webrazzi"],"articleSection":["Kariyer Geli\u015fimi","Ya\u015fam"],"inLanguage":"tr","potentialAction":[{"@type":"CommentAction","name":"Comment","target":["https:\/\/www.kariyer.net\/kariyer-rehberi\/new-hr-summit-basliyor\/#respond"]}]},{"@type":"WebPage","@id":"https:\/\/www.kariyer.net\/kariyer-rehberi\/new-hr-summit-basliyor\/","url":"https:\/\/www.kariyer.net\/kariyer-rehberi\/new-hr-summit-basliyor\/","name":"New HR Summit ba\u015fl\u0131yor! | Kariyer Rehberi","isPartOf":{"@id":"https:\/\/www.kariyer.net\/kariyer-rehberi\/#website"},"primaryImageOfPage":{"@id":"https:\/\/www.kariyer.net\/kariyer-rehberi\/new-hr-summit-basliyor\/#primaryimage"},"image":{"@id":"https:\/\/www.kariyer.net\/kariyer-rehberi\/new-hr-summit-basliyor\/#primaryimage"},"thumbnailUrl":"https:\/\/www.kariyer.net\/kariyer-rehberi\/wp-content\/uploads\/2019\/09\/iStock-1092964912.jpg","datePublished":"2019-09-06T17:30:33+00:00","dateModified":"2024-08-08T18:09:48+00:00","description":"Crenvo \u0130K ve Webrazzi ortakl\u0131\u011f\u0131yla bu sene ilk kez d\u00fczenlenecek New HR Summit etkinli\u011fi 25 Eyl\u00fcl'de ba\u015fl\u0131yor!","breadcrumb":{"@id":"https:\/\/www.kariyer.net\/kariyer-rehberi\/new-hr-summit-basliyor\/#breadcrumb"},"inLanguage":"tr","potentialAction":[{"@type":"ReadAction","target":["https:\/\/www.kariyer.net\/kariyer-rehberi\/new-hr-summit-basliyor\/"]}]},{"@type":"ImageObject","inLanguage":"tr","@id":"https:\/\/www.kariyer.net\/kariyer-rehberi\/new-hr-summit-basliyor\/#primaryimage","url":"https:\/\/www.kariyer.net\/kariyer-rehberi\/wp-content\/uploads\/2019\/09\/iStock-1092964912.jpg","contentUrl":"https:\/\/www.kariyer.net\/kariyer-rehberi\/wp-content\/uploads\/2019\/09\/iStock-1092964912.jpg","width":900,"height":600},{"@type":"BreadcrumbList","@id":"https:\/\/www.kariyer.net\/kariyer-rehberi\/new-hr-summit-basliyor\/#breadcrumb","itemListElement":[{"@type":"ListItem","position":1,"name":"Anasayfa","item":"https:\/\/www.kariyer.net\/kariyer-rehberi\/"},{"@type":"ListItem","position":2,"name":"New HR Summit ba\u015fl\u0131yor!"}]},{"@type":"WebSite","@id":"https:\/\/www.kariyer.net\/kariyer-rehberi\/#website","url":"https:\/\/www.kariyer.net\/kariyer-rehberi\/","name":"Kariyer Rehberi","description":"\u0130\u015f D\u00fcnyas\u0131yla \u0130lgili Bilmek \u0130stedi\u011finiz Her \u015eey","publisher":{"@id":"https:\/\/www.kariyer.net\/kariyer-rehberi\/#organization"},"potentialAction":[{"@type":"SearchAction","target":{"@type":"EntryPoint","urlTemplate":"https:\/\/www.kariyer.net\/kariyer-rehberi\/?s={search_term_string}"},"query-input":{"@type":"PropertyValueSpecification","valueRequired":true,"valueName":"search_term_string"}}],"inLanguage":"tr"},{"@type":"Organization","@id":"https:\/\/www.kariyer.net\/kariyer-rehberi\/#organization","name":"Kariyer.net","url":"https:\/\/www.kariyer.net\/kariyer-rehberi\/","logo":{"@type":"ImageObject","inLanguage":"tr","@id":"https:\/\/www.kariyer.net\/kariyer-rehberi\/#\/schema\/logo\/image\/","url":"https:\/\/www.kariyer.net\/kariyer-rehberi-new\/wp-content\/uploads\/2023\/01\/og-image11.jpg","contentUrl":"https:\/\/www.kariyer.net\/kariyer-rehberi-new\/wp-content\/uploads\/2023\/01\/og-image11.jpg","width":800,"height":800,"caption":"Kariyer.net"},"image":{"@id":"https:\/\/www.kariyer.net\/kariyer-rehberi\/#\/schema\/logo\/image\/"}},{"@type":"Person","@id":"https:\/\/www.kariyer.net\/kariyer-rehberi\/#\/schema\/person\/94fd6e49c7ff1b1b2565a2cc4fd685dd","name":"Edit\u00f6r","image":{"@type":"ImageObject","inLanguage":"tr","@id":"https:\/\/www.kariyer.net\/kariyer-rehberi\/#\/schema\/person\/image\/","url":"https:\/\/secure.gravatar.com\/avatar\/0c4fe6688343aed3693b15573beae12c08ace5565409d5ab7509bf9c115f458d?s=96&d=mm&r=g","contentUrl":"https:\/\/secure.gravatar.com\/avatar\/0c4fe6688343aed3693b15573beae12c08ace5565409d5ab7509bf9c115f458d?s=96&d=mm&r=g","caption":"Edit\u00f6r"},"url":"https:\/\/www.kariyer.net\/kariyer-rehberi\/author\/editor\/"}]}},"_links":{"self":[{"href":"https:\/\/www.kariyer.net\/kariyer-rehberi\/wp-json\/wp\/v2\/posts\/12858","targetHints":{"allow":["GET"]}}],"collection":[{"href":"https:\/\/www.kariyer.net\/kariyer-rehberi\/wp-json\/wp\/v2\/posts"}],"about":[{"href":"https:\/\/www.kariyer.net\/kariyer-rehberi\/wp-json\/wp\/v2\/types\/post"}],"author":[{"embeddable":true,"href":"https:\/\/www.kariyer.net\/kariyer-rehberi\/wp-json\/wp\/v2\/users\/12"}],"replies":[{"embeddable":true,"href":"https:\/\/www.kariyer.net\/kariyer-rehberi\/wp-json\/wp\/v2\/comments?post=12858"}],"version-history":[{"count":1,"href":"https:\/\/www.kariyer.net\/kariyer-rehberi\/wp-json\/wp\/v2\/posts\/12858\/revisions"}],"predecessor-version":[{"id":19480,"href":"https:\/\/www.kariyer.net\/kariyer-rehberi\/wp-json\/wp\/v2\/posts\/12858\/revisions\/19480"}],"wp:featuredmedia":[{"embeddable":true,"href":"https:\/\/www.kariyer.net\/kariyer-rehberi\/wp-json\/wp\/v2\/media\/12859"}],"wp:attachment":[{"href":"https:\/\/www.kariyer.net\/kariyer-rehberi\/wp-json\/wp\/v2\/media?parent=12858"}],"wp:term":[{"taxonomy":"category","embeddable":true,"href":"https:\/\/www.kariyer.net\/kariyer-rehberi\/wp-json\/wp\/v2\/categories?post=12858"},{"taxonomy":"post_tag","embeddable":true,"href":"https:\/\/www.kariyer.net\/kariyer-rehberi\/wp-json\/wp\/v2\/tags?post=12858"}],"curies":[{"name":"wp","href":"https:\/\/api.w.org\/{rel}","templated":true}]}}