{"id":1286,"date":"2008-09-16T03:00:00","date_gmt":"2008-09-16T00:00:00","guid":{"rendered":"http:\/\/92.45.35.169\/henkel-urunlerini-gelecege-en-iyi-tasiyanlara-odul\/"},"modified":"2024-07-03T14:57:48","modified_gmt":"2024-07-03T11:57:48","slug":"henkel-urunlerini-gelecege-en-iyi-tasiyanlara-odul","status":"publish","type":"post","link":"https:\/\/www.kariyer.net\/kariyer-rehberi\/henkel-urunlerini-gelecege-en-iyi-tasiyanlara-odul\/","title":{"rendered":"Henkel \u00fcr\u00fcnlerini gelece\u011fe en iyi ta\u015f\u0131yanlara \u00f6d\u00fcl"},"content":{"rendered":"<div style=\"line-height: 115%; text-align: justify\"><span style=\"font-size: 12pt; line-height: 115%\"><span style=\"font-size: 11px; font-family: Verdana, Arial, Helvetica, sans-serif\"><\/p>\n<div style=\"line-height: 115%; text-align: justify\"><span style=\"font-size: 12pt; line-height: 115%\"><\/p>\n<div style=\"line-height: 115%; text-align: justify\"><span style=\"font-size: 8pt; line-height: 115%\"><img decoding=\"async\" height=\"165\" hspace=\"10\" width=\"150\" align=\"left\" vspace=\"10\" alt=\"\" src=\"http:\/\/web4.kariyer.net\/UploadFiles\/tempPhoto\/kariyerRehberi\/irep.bmp\" \/>Henkel, t\u00fcm \u00fcniversitelileri hayallerinin s\u0131n\u0131r\u0131n\u0131 zorlamaya ve yenilik\u00e7i fikirlerini yar\u0131\u015ft\u0131rmaya davet ediyor! <\/span><span style=\"font-size: 8pt; line-height: 115%\">Henkel Innovation Challenge Yar\u0131\u015fmas\u0131 hakk\u0131nda <\/span><span style=\"font-size: 8pt; line-height: 115%\">\u0130\u015fe Al\u0131m ve E\u011fitim Sorumlusu <\/span><span style=\"font-size: 8pt; line-height: 115%\">\u0130rep Engin bilgi verdi. <\/span><\/div>\n<div style=\"line-height: 115%\">&nbsp;<\/div>\n<div style=\"line-height: 115%\"><span style=\"font-size: 8pt; line-height: 115%\">Henkel, 11 \u00fclkede \u00fcniversite \u00f6\u011frencilerinin kat\u0131l\u0131m\u0131yla Henkel Innovation Challenge Yar\u0131\u015fmas\u0131&rsquo;n\u0131 d\u00fczenliyor.&nbsp;Ba\u015fvurular 15 Eyl\u00fcl 2008 tarihinde ba\u015flad\u0131. <\/span><span style=\"font-size: 8pt; line-height: 115%\">Henkel Innovation Challenge&#8217;a t\u00fcm \u00fcniversite \u00f6\u011frencileri kat\u0131labiliyor, b\u00f6l\u00fcm ve s\u0131n\u0131f ayr\u0131m\u0131 yap\u0131lm\u0131yor. <\/span><span style=\"font-size: 8pt; line-height: 115%\">\u00dcniversite \u00f6\u011frencilerinin tek yapmas\u0131 gereken, Henkel&rsquo;in <\/span><span style=\"font-size: 8pt; line-height: 115%\">kozmetik, ki\u015fisel bak\u0131m, \u00e7ama\u015f\u0131r ve ev bak\u0131m \u00fcr\u00fcnlerinden birini se\u00e7ip <\/span><span style=\"font-size: 8pt; line-height: 115%\">2050 y\u0131l\u0131nda bu markan\u0131n nas\u0131l olaca\u011f\u0131na dair yenilik\u00e7i fikirler geli\u015ftirerek, <a href=\"http:\/\/www.henkelchallenge.com\/\"><font color=\"#000000\">www.henkelchallenge.com<\/font><\/a> adresine kay\u0131t yapt\u0131rmak. Yar\u0131\u015fmada her \u00fclkeden se\u00e7ilen en iyi tak\u0131m Br\u00fcksel&rsquo;de Henkel&rsquo;in \u00fcst d\u00fczey y\u00f6neticileriyle bir araya gelecek ve k\u0131yas\u0131ya m\u00fccadele devam edecek. Uluslararas\u0131 finalde birinci se\u00e7ilen tak\u0131m\u0131 ise r\u00fcya gibi bir \u00f6d\u00fcl bekliyor: Karayipler&rsquo;de bir hafta tatil.<\/span><\/div>\n<div style=\"line-height: 115%\"><strong>&nbsp;<\/strong><\/div>\n<div style=\"line-height: 115%\"><strong><span style=\"font-size: 8pt; line-height: 115%\">Y\u0131l 2050&#8230; Henkel markalar\u0131 i\u00e7in fikrinizi geli\u015ftirin, filminizi \u00e7ekin!<\/span><\/strong><\/div>\n<div style=\"line-height: 115%\"><span style=\"font-size: 8pt; line-height: 115%\">Henkel Innovation Challenge; yenilik\u00e7ilik ve yarat\u0131c\u0131l\u0131\u011f\u0131 te\u015fvik eden uluslararas\u0131 bir &ldquo;i\u015f similasyonu oyunu&rdquo;. Bu sene ikincisi d\u00fczenlenen oyunda, Henkel&rsquo;in kozmetik ve ki\u015fisel bak\u0131m ile \u00e7ama\u015f\u0131r ve ev bak\u0131m \u00fcr\u00fcnleri olmak \u00fczere iki i\u015f birimi \u00fczerine odaklan\u0131yor. Kat\u0131l\u0131mc\u0131lar kendilerini &ldquo;Henkel&rsquo;in \u0130\u015f Geli\u015ftirme Y\u00f6neticisinin&rdquo; yerine koyup 2050 y\u0131l\u0131nda t\u00fcketicilerin ki\u015fisel bak\u0131m ve \u00e7ama\u015f\u0131r&amp;ev bak\u0131m alan\u0131ndaki \u00fcr\u00fcn ihtiya\u00e7lar\u0131n\u0131 Henkel \u00fcr\u00fcnleriyle nas\u0131l kar\u015f\u0131layabileceklerine dair fikirler \u00fcretecekler. Yar\u0131\u015fmac\u0131lar\u0131n 2050 y\u0131l\u0131 vizyonlar\u0131n\u0131 k\u0131sa bir film ile ortaya koymalar\u0131 bekleniyor.<\/span><\/div>\n<div style=\"line-height: 115%\">&nbsp;<\/div>\n<div style=\"line-height: 115%\"><strong><span style=\"font-size: 8pt; line-height: 115%\">Tak\u0131m arkada\u015flar\u0131 <a href=\"http:\/\/www.henkelchallenge.com\/\"><font color=\"#000000\">www.henkelchallenge.com<\/font><\/a> adresinde<\/span><\/strong><\/div>\n<div style=\"line-height: 115%\"><span style=\"font-size: 8pt; line-height: 115%\">Yar\u0131\u015fmaya kat\u0131lmak isteyen \u00f6\u011frenciler 3&rsquo;er ki\u015filik tak\u0131mlar olu\u015fturacak ve Henkel \u00fcr\u00fcnleri i\u00e7in geli\u015ftirdikleri yenilik\u00e7i fikirleri anlatan 120 saniyelik k\u0131sa filmlerini yar\u0131\u015fman\u0131n <strong><a href=\"http:\/\/www.henkelchallenge.com\/\"><font color=\"#000000\">www.henkelchallenge.com<\/font><\/a><\/strong> web adresine y\u00fckleyerek yar\u0131\u015fmaya kat\u0131lacaklar. Hen\u00fcz grubunu olu\u015fturamam\u0131\u015f yar\u0131\u015fmac\u0131lar da ayn\u0131 web adresi arac\u0131l\u0131\u011f\u0131yla kendilerine tak\u0131m arkada\u015flar\u0131 bulabilecekler. <\/span><\/div>\n<div style=\"line-height: 115%\">&nbsp;<\/div>\n<div style=\"line-height: 115%\"><strong><span style=\"font-size: 8pt; line-height: 115%\">Her \u00fclkeden birer tak\u0131m Br\u00fcksel&rsquo;de<\/span><\/strong><\/div>\n<div style=\"line-height: 115%\"><span style=\"font-size: 8pt; line-height: 115%\">T\u00fcrkiye&rsquo;den yar\u0131\u015fmaya kat\u0131lanlar aras\u0131ndan se\u00e7ilen ilk 10 tak\u0131m yenilik\u00e7i i\u015f fikirlerini T\u00fcrk Henkel&rsquo;in y\u00f6neticilerine bizzat sunacaklar. Toplam 11 \u00fclkenin birincileri Br\u00fcksel&rsquo;de \u00fclkelerini temsil etme hakk\u0131na sahip olacak. Ayr\u0131ca 12. bir tak\u0131m ise halk taraf\u0131ndan internet oylamas\u0131yla se\u00e7ilecek. Finale kalan toplam 12 tak\u0131m Br\u00fcksel&rsquo;de bir araya gelecek ve finalistlere Henkel y\u00f6neticileri taraf\u0131ndan profesyonel dan\u0131\u015fmanl\u0131k sunulacak. <\/span><span style=\"font-size: 8pt; line-height: 115%\">Bu sene yar\u0131\u015fmaya kat\u0131lacak 11 \u00fclke ise Avusturya, Bel\u00e7ika, Fransa, Almanya, Macaristan, \u0130talya, Hollanda, Polonya, Slovakya, \u0130spanya ve T\u00fcrkiye.<\/span><span style=\"font-size: 8pt; line-height: 115%\"> Br\u00fcksel&rsquo;deki atom \u015feklinde bir mimariye sahip g\u00f6rkemli &ldquo;Atomium&rdquo; merkezinde ger\u00e7ekle\u015ftirilecek olan finalde 12 tak\u0131m da projelerini Henkel&rsquo;in uluslararas\u0131 y\u00f6netici kadrosuna sunacaklar. <\/span><\/div>\n<div style=\"line-height: 115%\">&nbsp;<\/div>\n<div style=\"line-height: 115%\"><strong><span style=\"font-size: 8pt; line-height: 115%\">B\u00fcy\u00fck \u00f6d\u00fcl Karayipler&rsquo;de bir hafta tatil!<\/span><\/strong><\/div>\n<div style=\"line-height: 115%\"><span style=\"font-size: 8pt; line-height: 115%\">Yar\u0131\u015fmada birinci olan tak\u0131m\u0131n \u00f6d\u00fcl\u00fc &ldquo;yery\u00fcz\u00fcndeki cennet&rdquo; Karayipler&rsquo;de tam 1 hafta tatil! Ancak sadece finale kalmak bile kat\u0131l\u0131mc\u0131lara t\u00fcketim mallar\u0131 sekt\u00f6r\u00fcn\u00fcn lider uluslararas\u0131 markalar\u0131ndan biri olan Henkel&rsquo;i yak\u0131ndan tan\u0131ma ve \u00fcst d\u00fczey y\u00f6neticileriyle tan\u0131\u015fma f\u0131rsat\u0131 sunuyor. Ayr\u0131ca, farkl\u0131 \u00fclkelerden ba\u015far\u0131l\u0131 \u00f6\u011frencilerle bir araya gelme, ileti\u015fim a\u011f\u0131n\u0131 geni\u015fletme, Avrupa ba\u015fkenti Br\u00fcksel&rsquo;de &ldquo;Atomium&rdquo; gibi ola\u011fan\u00fcst\u00fc mimariye sahip bir binada fikirlerini sergileme imkan\u0131 gibi b\u00fcy\u00fck f\u0131rsatlar sa\u011fl\u0131yor. Ayr\u0131ca <\/span><span style=\"font-size: 8pt; line-height: 115%\">yar\u0131\u015fman\u0131n ulusal finalinde dereceye giren \u00f6\u011frencilere staj f\u0131rsatlar\u0131 sunulacak. <\/span><\/div>\n<div style=\"line-height: 115%\"><strong><u><span style=\"font-size: 8pt; line-height: 115%\"><a href=\"http:\/\/www.henkelchallenge.com\/\"><u><font color=\"#000000\">www.henkelchallenge.com<\/font><\/u><\/a><\/span><\/u><\/strong><span style=\"font-size: 8pt; line-height: 115%\"> adresi \u00fczerinden ger\u00e7ekle\u015ftirilecek kat\u0131l\u0131mlar i\u00e7in kay\u0131tlar\u0131n son tarih <strong>12 Ocak 2009<\/strong><\/span><\/div>\n<div style=\"line-height: 115%\">&nbsp;<\/div>\n<div style=\"line-height: 115%\">&nbsp;<\/div>\n<div style=\"line-height: 115%\">&nbsp;<\/div>\n<div style=\"line-height: 115%\">&nbsp;<\/div>\n<div>&nbsp;<\/div>\n<p><\/span><\/div>\n<p><\/span><\/span><\/div>\n<!-- templates\/buttons-placeholder.php -->\n<div class=\"da-reactions-outer TpostID1286\">\n\t    <div class=\"da-reactions-data da-reactions-container-async center\"\n         data-type=\"post\"\n         data-id=\"1286\"\n         id=\"da-reactions-slot-post-1286\">\n        <div class=\"da-reactions-static\">\n\t\t\t<img src=\"https:\/\/www.kariyer.net\/kariyer-rehberi\/wp-content\/plugins\/da-reactions\/assets\/dist\/loading.svg\" alt=\"Loading spinner\" width=\"48\" height=\"48\" style=\"width:48px\" \/>\n        <\/div>\n    <\/div>\n<\/div>\n","protected":false},"excerpt":{"rendered":"<p>Henkel, t\u00fcm \u00fcniversitelileri hayallerinin s\u0131n\u0131r\u0131n\u0131 zorlamaya ve yenilik\u00e7i fikirlerini yar\u0131\u015ft\u0131rmaya davet ediyor! Henkel Innovation Challenge Yar\u0131\u015fmas\u0131 hakk\u0131nda \u0130\u015fe Al\u0131m ve E\u011fitim Sorumlusu \u0130rep Engin bilgi verdi. &nbsp; Henkel, 11 \u00fclkede \u00fcniversite \u00f6\u011frencilerinin kat\u0131l\u0131m\u0131yla Henkel Innovation Challenge Yar\u0131\u015fmas\u0131&rsquo;n\u0131 d\u00fczenliyor.&nbsp;Ba\u015fvurular 15 Eyl\u00fcl 2008 tarihinde ba\u015flad\u0131. Henkel Innovation Challenge&#8217;a t\u00fcm \u00fcniversite \u00f6\u011frencileri kat\u0131labiliyor, b\u00f6l\u00fcm ve s\u0131n\u0131f ayr\u0131m\u0131 yap\u0131lm\u0131yor. [&hellip;]<\/p>\n<!-- templates\/buttons-placeholder.php -->\n<div class=\"da-reactions-outer TpostID1286\">\n\t    <div class=\"da-reactions-data da-reactions-container-async center\"\n         data-type=\"post\"\n         data-id=\"1286\"\n         id=\"da-reactions-slot-post-1286\">\n        <div class=\"da-reactions-static\">\n\t\t\t<img src=\"https:\/\/www.kariyer.net\/kariyer-rehberi\/wp-content\/plugins\/da-reactions\/assets\/dist\/loading.svg\" alt=\"Loading spinner\" width=\"48\" height=\"48\" style=\"width:48px\" \/>\n        <\/div>\n    <\/div>\n<\/div>\n","protected":false},"author":5,"featured_media":0,"comment_status":"open","ping_status":"open","sticky":false,"template":"","format":"standard","meta":{"footnotes":"","_elementor_edit_mode":"","_elementor_template_type":"","_elementor_data":"","_elementor_page_settings":null,"_elementor_conditions":[]},"categories":[2203],"tags":[],"class_list":{"0":"post-1286","1":"post","2":"type-post","3":"status-publish","4":"format-standard","6":"category-haberler-duyurular"},"yoast_head":"<!-- This site is optimized with the Yoast SEO Premium plugin v21.4 (Yoast SEO v27.0) - https:\/\/yoast.com\/product\/yoast-seo-premium-wordpress\/ -->\n<title>Henkel \u00fcr\u00fcnlerini gelece\u011fe en iyi ta\u015f\u0131yanlara \u00f6d\u00fcl | Kariyer Rehberi<\/title>\n<meta name=\"description\" content=\"Henkel, t\u00fcm \u00fcniversitelileri hayallerinin s\u0131n\u0131r\u0131n\u0131 zorlamaya ve yenilik\u00e7i fikirlerini yar\u0131\u015ft\u0131rmaya davet ediyor! Henkel Innovation Challenge Yar\u0131\u015fmas\u0131\" \/>\n<meta name=\"robots\" content=\"index, follow, max-snippet:-1, max-image-preview:large, max-video-preview:-1\" \/>\n<link rel=\"canonical\" href=\"https:\/\/www.kariyer.net\/kariyer-rehberi\/henkel-urunlerini-gelecege-en-iyi-tasiyanlara-odul\/\" \/>\n<meta property=\"og:locale\" content=\"tr_TR\" \/>\n<meta property=\"og:type\" content=\"article\" \/>\n<meta property=\"og:title\" content=\"Henkel \u00fcr\u00fcnlerini gelece\u011fe en iyi ta\u015f\u0131yanlara \u00f6d\u00fcl\" \/>\n<meta property=\"og:description\" content=\"Henkel, t\u00fcm \u00fcniversitelileri hayallerinin s\u0131n\u0131r\u0131n\u0131 zorlamaya ve yenilik\u00e7i fikirlerini yar\u0131\u015ft\u0131rmaya davet ediyor! Henkel Innovation Challenge Yar\u0131\u015fmas\u0131\" \/>\n<meta property=\"og:url\" content=\"https:\/\/www.kariyer.net\/kariyer-rehberi\/henkel-urunlerini-gelecege-en-iyi-tasiyanlara-odul\/\" \/>\n<meta property=\"og:site_name\" content=\"Kariyer Rehberi\" \/>\n<meta property=\"article:published_time\" content=\"2008-09-16T00:00:00+00:00\" \/>\n<meta property=\"article:modified_time\" content=\"2024-07-03T11:57:48+00:00\" \/>\n<meta property=\"og:image\" content=\"http:\/\/web4.kariyer.net\/UploadFiles\/tempPhoto\/kariyerRehberi\/irep.bmp\" \/>\n<meta name=\"author\" content=\"P\u0131nar Nogay\" \/>\n<meta name=\"twitter:card\" content=\"summary_large_image\" \/>\n<meta name=\"twitter:label1\" content=\"Yazan:\" \/>\n\t<meta name=\"twitter:data1\" content=\"P\u0131nar Nogay\" \/>\n\t<meta name=\"twitter:label2\" content=\"Tahmini okuma s\u00fcresi\" \/>\n\t<meta name=\"twitter:data2\" content=\"3 dakika\" \/>\n<!-- \/ Yoast SEO Premium plugin. -->","yoast_head_json":{"title":"Henkel \u00fcr\u00fcnlerini gelece\u011fe en iyi ta\u015f\u0131yanlara \u00f6d\u00fcl | Kariyer Rehberi","description":"Henkel, t\u00fcm \u00fcniversitelileri hayallerinin s\u0131n\u0131r\u0131n\u0131 zorlamaya ve yenilik\u00e7i fikirlerini yar\u0131\u015ft\u0131rmaya davet ediyor! Henkel Innovation Challenge Yar\u0131\u015fmas\u0131","robots":{"index":"index","follow":"follow","max-snippet":"max-snippet:-1","max-image-preview":"max-image-preview:large","max-video-preview":"max-video-preview:-1"},"canonical":"https:\/\/www.kariyer.net\/kariyer-rehberi\/henkel-urunlerini-gelecege-en-iyi-tasiyanlara-odul\/","og_locale":"tr_TR","og_type":"article","og_title":"Henkel \u00fcr\u00fcnlerini gelece\u011fe en iyi ta\u015f\u0131yanlara \u00f6d\u00fcl","og_description":"Henkel, t\u00fcm \u00fcniversitelileri hayallerinin s\u0131n\u0131r\u0131n\u0131 zorlamaya ve yenilik\u00e7i fikirlerini yar\u0131\u015ft\u0131rmaya davet ediyor! Henkel Innovation Challenge Yar\u0131\u015fmas\u0131","og_url":"https:\/\/www.kariyer.net\/kariyer-rehberi\/henkel-urunlerini-gelecege-en-iyi-tasiyanlara-odul\/","og_site_name":"Kariyer Rehberi","article_published_time":"2008-09-16T00:00:00+00:00","article_modified_time":"2024-07-03T11:57:48+00:00","og_image":[{"url":"http:\/\/web4.kariyer.net\/UploadFiles\/tempPhoto\/kariyerRehberi\/irep.bmp","type":"","width":"","height":""}],"author":"P\u0131nar Nogay","twitter_card":"summary_large_image","twitter_misc":{"Yazan:":"P\u0131nar Nogay","Tahmini okuma s\u00fcresi":"3 dakika"},"schema":{"@context":"https:\/\/schema.org","@graph":[{"@type":"Article","@id":"https:\/\/www.kariyer.net\/kariyer-rehberi\/henkel-urunlerini-gelecege-en-iyi-tasiyanlara-odul\/#article","isPartOf":{"@id":"https:\/\/www.kariyer.net\/kariyer-rehberi\/henkel-urunlerini-gelecege-en-iyi-tasiyanlara-odul\/"},"author":{"name":"P\u0131nar Nogay","@id":"https:\/\/www.kariyer.net\/kariyer-rehberi\/#\/schema\/person\/ea0977057f6b311990c570cc6d4c25d0"},"headline":"Henkel \u00fcr\u00fcnlerini gelece\u011fe en iyi ta\u015f\u0131yanlara \u00f6d\u00fcl","datePublished":"2008-09-16T00:00:00+00:00","dateModified":"2024-07-03T11:57:48+00:00","mainEntityOfPage":{"@id":"https:\/\/www.kariyer.net\/kariyer-rehberi\/henkel-urunlerini-gelecege-en-iyi-tasiyanlara-odul\/"},"wordCount":702,"commentCount":0,"publisher":{"@id":"https:\/\/www.kariyer.net\/kariyer-rehberi\/#organization"},"image":{"@id":"https:\/\/www.kariyer.net\/kariyer-rehberi\/henkel-urunlerini-gelecege-en-iyi-tasiyanlara-odul\/#primaryimage"},"thumbnailUrl":"http:\/\/web4.kariyer.net\/UploadFiles\/tempPhoto\/kariyerRehberi\/irep.bmp","articleSection":["Haberler ve Duyurular"],"inLanguage":"tr","potentialAction":[{"@type":"CommentAction","name":"Comment","target":["https:\/\/www.kariyer.net\/kariyer-rehberi\/henkel-urunlerini-gelecege-en-iyi-tasiyanlara-odul\/#respond"]}]},{"@type":"WebPage","@id":"https:\/\/www.kariyer.net\/kariyer-rehberi\/henkel-urunlerini-gelecege-en-iyi-tasiyanlara-odul\/","url":"https:\/\/www.kariyer.net\/kariyer-rehberi\/henkel-urunlerini-gelecege-en-iyi-tasiyanlara-odul\/","name":"Henkel \u00fcr\u00fcnlerini gelece\u011fe en iyi ta\u015f\u0131yanlara \u00f6d\u00fcl | Kariyer Rehberi","isPartOf":{"@id":"https:\/\/www.kariyer.net\/kariyer-rehberi\/#website"},"primaryImageOfPage":{"@id":"https:\/\/www.kariyer.net\/kariyer-rehberi\/henkel-urunlerini-gelecege-en-iyi-tasiyanlara-odul\/#primaryimage"},"image":{"@id":"https:\/\/www.kariyer.net\/kariyer-rehberi\/henkel-urunlerini-gelecege-en-iyi-tasiyanlara-odul\/#primaryimage"},"thumbnailUrl":"http:\/\/web4.kariyer.net\/UploadFiles\/tempPhoto\/kariyerRehberi\/irep.bmp","datePublished":"2008-09-16T00:00:00+00:00","dateModified":"2024-07-03T11:57:48+00:00","description":"Henkel, t\u00fcm \u00fcniversitelileri hayallerinin s\u0131n\u0131r\u0131n\u0131 zorlamaya ve yenilik\u00e7i fikirlerini yar\u0131\u015ft\u0131rmaya davet ediyor! Henkel Innovation Challenge Yar\u0131\u015fmas\u0131","breadcrumb":{"@id":"https:\/\/www.kariyer.net\/kariyer-rehberi\/henkel-urunlerini-gelecege-en-iyi-tasiyanlara-odul\/#breadcrumb"},"inLanguage":"tr","potentialAction":[{"@type":"ReadAction","target":["https:\/\/www.kariyer.net\/kariyer-rehberi\/henkel-urunlerini-gelecege-en-iyi-tasiyanlara-odul\/"]}]},{"@type":"ImageObject","inLanguage":"tr","@id":"https:\/\/www.kariyer.net\/kariyer-rehberi\/henkel-urunlerini-gelecege-en-iyi-tasiyanlara-odul\/#primaryimage","url":"http:\/\/web4.kariyer.net\/UploadFiles\/tempPhoto\/kariyerRehberi\/irep.bmp","contentUrl":"http:\/\/web4.kariyer.net\/UploadFiles\/tempPhoto\/kariyerRehberi\/irep.bmp"},{"@type":"BreadcrumbList","@id":"https:\/\/www.kariyer.net\/kariyer-rehberi\/henkel-urunlerini-gelecege-en-iyi-tasiyanlara-odul\/#breadcrumb","itemListElement":[{"@type":"ListItem","position":1,"name":"Anasayfa","item":"https:\/\/www.kariyer.net\/kariyer-rehberi\/"},{"@type":"ListItem","position":2,"name":"Henkel \u00fcr\u00fcnlerini gelece\u011fe en iyi ta\u015f\u0131yanlara \u00f6d\u00fcl"}]},{"@type":"WebSite","@id":"https:\/\/www.kariyer.net\/kariyer-rehberi\/#website","url":"https:\/\/www.kariyer.net\/kariyer-rehberi\/","name":"Kariyer Rehberi","description":"\u0130\u015f D\u00fcnyas\u0131yla \u0130lgili Bilmek \u0130stedi\u011finiz Her \u015eey","publisher":{"@id":"https:\/\/www.kariyer.net\/kariyer-rehberi\/#organization"},"potentialAction":[{"@type":"SearchAction","target":{"@type":"EntryPoint","urlTemplate":"https:\/\/www.kariyer.net\/kariyer-rehberi\/?s={search_term_string}"},"query-input":{"@type":"PropertyValueSpecification","valueRequired":true,"valueName":"search_term_string"}}],"inLanguage":"tr"},{"@type":"Organization","@id":"https:\/\/www.kariyer.net\/kariyer-rehberi\/#organization","name":"Kariyer.net","url":"https:\/\/www.kariyer.net\/kariyer-rehberi\/","logo":{"@type":"ImageObject","inLanguage":"tr","@id":"https:\/\/www.kariyer.net\/kariyer-rehberi\/#\/schema\/logo\/image\/","url":"https:\/\/www.kariyer.net\/kariyer-rehberi-new\/wp-content\/uploads\/2023\/01\/og-image11.jpg","contentUrl":"https:\/\/www.kariyer.net\/kariyer-rehberi-new\/wp-content\/uploads\/2023\/01\/og-image11.jpg","width":800,"height":800,"caption":"Kariyer.net"},"image":{"@id":"https:\/\/www.kariyer.net\/kariyer-rehberi\/#\/schema\/logo\/image\/"}},{"@type":"Person","@id":"https:\/\/www.kariyer.net\/kariyer-rehberi\/#\/schema\/person\/ea0977057f6b311990c570cc6d4c25d0","name":"P\u0131nar Nogay","image":{"@type":"ImageObject","inLanguage":"tr","@id":"https:\/\/www.kariyer.net\/kariyer-rehberi\/#\/schema\/person\/image\/","url":"https:\/\/secure.gravatar.com\/avatar\/330a216cbd1ec8a38c34e372b2be4a261e51e0805bd9186606e000f5efd0f0cf?s=96&d=mm&r=g","contentUrl":"https:\/\/secure.gravatar.com\/avatar\/330a216cbd1ec8a38c34e372b2be4a261e51e0805bd9186606e000f5efd0f0cf?s=96&d=mm&r=g","caption":"P\u0131nar Nogay"},"description":"Gazeteci olmak i\u00e7in yola \u00e7\u0131karak Eski\u015fehir Anadolu \u00dcniversitesi \u0130leti\u015fim Fak\u00fcltesi\u2019nde Bas\u0131n Yay\u0131n e\u011fitimi ald\u0131. Sekt\u00f6rel yay\u0131nlarda tecr\u00fcbe kazanan, 2007 y\u0131l\u0131nda Kariyer\u2019de Edit\u00f6r olarak \u00e7al\u0131\u015fmaya ba\u015flayan Nogay, 2011\u2019den bu yana Genel Yay\u0131n Y\u00f6netmeni olarak g\u00f6rev yap\u0131yor.","sameAs":["http:\/\/www.kariyer.net\/kariyer-rehberi\/pinar-nogay\/"],"url":"https:\/\/www.kariyer.net\/kariyer-rehberi\/author\/pinar-nogay\/"}]}},"_links":{"self":[{"href":"https:\/\/www.kariyer.net\/kariyer-rehberi\/wp-json\/wp\/v2\/posts\/1286","targetHints":{"allow":["GET"]}}],"collection":[{"href":"https:\/\/www.kariyer.net\/kariyer-rehberi\/wp-json\/wp\/v2\/posts"}],"about":[{"href":"https:\/\/www.kariyer.net\/kariyer-rehberi\/wp-json\/wp\/v2\/types\/post"}],"author":[{"embeddable":true,"href":"https:\/\/www.kariyer.net\/kariyer-rehberi\/wp-json\/wp\/v2\/users\/5"}],"replies":[{"embeddable":true,"href":"https:\/\/www.kariyer.net\/kariyer-rehberi\/wp-json\/wp\/v2\/comments?post=1286"}],"version-history":[{"count":1,"href":"https:\/\/www.kariyer.net\/kariyer-rehberi\/wp-json\/wp\/v2\/posts\/1286\/revisions"}],"predecessor-version":[{"id":18932,"href":"https:\/\/www.kariyer.net\/kariyer-rehberi\/wp-json\/wp\/v2\/posts\/1286\/revisions\/18932"}],"wp:attachment":[{"href":"https:\/\/www.kariyer.net\/kariyer-rehberi\/wp-json\/wp\/v2\/media?parent=1286"}],"wp:term":[{"taxonomy":"category","embeddable":true,"href":"https:\/\/www.kariyer.net\/kariyer-rehberi\/wp-json\/wp\/v2\/categories?post=1286"},{"taxonomy":"post_tag","embeddable":true,"href":"https:\/\/www.kariyer.net\/kariyer-rehberi\/wp-json\/wp\/v2\/tags?post=1286"}],"curies":[{"name":"wp","href":"https:\/\/api.w.org\/{rel}","templated":true}]}}