{"id":12869,"date":"2019-09-16T10:00:47","date_gmt":"2019-09-16T07:00:47","guid":{"rendered":"https:\/\/www.kariyer.net\/kariyer-rehberi\/?p=12869"},"modified":"2024-08-08T21:09:48","modified_gmt":"2024-08-08T18:09:48","slug":"kisilik-faktoru-ise-alimda-p-etkili","status":"publish","type":"post","link":"https:\/\/www.kariyer.net\/kariyer-rehberi\/kisilik-faktoru-ise-alimda-p-etkili\/","title":{"rendered":"Ki\u015filik fakt\u00f6r\u00fc i\u015fe al\u0131mda %70 etkili"},"content":{"rendered":"<p><strong>ABD\u2019deki kariyer dan\u0131\u015fma sitesi \u201cTopInterview\u201d ve i\u015f arama platformu \u201cResume-Library\u201d, i\u015fverenlerin i\u015fe al\u0131mlarda en \u00e7ok dikkat etti\u011fi fakt\u00f6rleri ara\u015ft\u0131rd\u0131. Yap\u0131lan ara\u015ft\u0131rman\u0131n sonu\u00e7lar\u0131na g\u00f6re ki\u015filik fakt\u00f6r\u00fc %70\u2019lik oranla ilk s\u0131rada yer ald\u0131.<\/strong><\/p>\n<p>Hayallerindeki i\u015fe al\u0131nman\u0131 sa\u011flayacak elbette ki pek \u00e7ok fakt\u00f6r var. ABD\u2019li kariyer dan\u0131\u015fma sitesi TopInterview ve i\u015f arama platformu Resume-Library\u2019nin yapt\u0131\u011f\u0131 son ara\u015ft\u0131rmaya g\u00f6re ki\u015filik fakt\u00f6r\u00fc %70 ile e\u011fitimden \u00f6nce (%18) geliyor. Bu sonu\u00e7, adaylar\u0131n bir i\u015f g\u00f6r\u00fc\u015fmesine gitmeden \u00f6nce sadece becerilerini de\u011fil ki\u015filik \u00f6zelliklerini de geli\u015ftirmeleri gerekti\u011fine i\u015faret ediyor.<\/p>\n<p>Ankete kat\u0131lan 200 yetenek avc\u0131s\u0131na g\u00f6re g\u00fcven, adaylar aras\u0131nda en \u00e7ok aranan ki\u015filik \u00f6zelliklerinden biri. Kibir ise istenmeyen ki\u015filik \u00f6zellikleri aras\u0131nda \u00f6ne \u00e7\u0131k\u0131yor.<\/p>\n<p><strong>Adaylarda bulunmas\u0131 istenen ve istenmeyen ki\u015filik \u00f6zellikleri<\/strong><\/p>\n<p><strong>En az istenen \u00f6zellikler<\/strong><\/p>\n<p>Kibirli<\/p>\n<p>D\u00fcr\u00fcst olmayan<\/p>\n<p>S\u00f6z\u00fcn\u00fc tutmayan<\/p>\n<p>Ele\u015ftiriye kapal\u0131<\/p>\n<p><strong>En \u00e7ok istenen \u00f6zellikler<\/strong><\/p>\n<p>D\u00fcr\u00fcst<\/p>\n<p>G\u00fcvenilir<\/p>\n<p>Disiplinli<\/p>\n<p>Yenilik\u00e7i<\/p>\n<p>Kariyer uzman\u0131 Amanda Augustine, ara\u015ft\u0131rma sonu\u00e7lar\u0131n\u0131 \u015fu s\u00f6zlerle de\u011ferlendiriyor: \u201c\u0130\u015fe al\u0131m y\u00f6neticileri, bir aday\u0131n \u015firket k\u00fclt\u00fcr\u00fcne uyup uymayaca\u011f\u0131n\u0131 de\u011ferlendirmekle g\u00f6revli ve bu de\u011ferlendirme \u00f6ncelikle aday\u0131n m\u00fclakat s\u0131ras\u0131nda nas\u0131l davrand\u0131\u011f\u0131yla \u015fekilleniyor. Ki\u015filik ise davran\u0131\u015fa etki eden en \u00f6nemli noktalardan oldu\u011fundan, adaylar\u0131n kendinde geli\u015ftirmesi gereken ki\u015filik \u00f6zelliklerinin \u00fczerine gitmesi gerekiyor.&#8221;<\/p>\n<p>Kaynak: <a href=\"https:\/\/www.cnbc.com\/2019\/07\/24\/career-advice-the-personality-traits-employers-seek-in-job-interviews.html?utm_source=pocket-newtab\" target=\"_blank\" rel=\"noopener noreferrer\">Link<\/a><\/p>\n<!-- templates\/buttons-placeholder.php -->\n<div class=\"da-reactions-outer TpostID12869\">\n\t    <div class=\"da-reactions-data da-reactions-container-async center\"\n         data-type=\"post\"\n         data-id=\"12869\"\n         id=\"da-reactions-slot-post-12869\">\n        <div class=\"da-reactions-static\">\n\t\t\t<img src=\"https:\/\/www.kariyer.net\/kariyer-rehberi\/wp-content\/plugins\/da-reactions\/assets\/dist\/loading.svg\" alt=\"Loading spinner\" width=\"48\" height=\"48\" style=\"width:48px\" \/>\n        <\/div>\n    <\/div>\n<\/div>\n","protected":false},"excerpt":{"rendered":"<p>ABD\u2019deki kariyer dan\u0131\u015fma sitesi \u201cTopInterview\u201d ve i\u015f arama platformu \u201cResume-Library\u201d, i\u015fverenlerin i\u015fe al\u0131mlarda en \u00e7ok dikkat etti\u011fi fakt\u00f6rleri ara\u015ft\u0131rd\u0131. Yap\u0131lan ara\u015ft\u0131rman\u0131n sonu\u00e7lar\u0131na g\u00f6re ki\u015filik fakt\u00f6r\u00fc %70\u2019lik oranla ilk s\u0131rada yer ald\u0131. Hayallerindeki i\u015fe al\u0131nman\u0131 sa\u011flayacak elbette ki pek \u00e7ok fakt\u00f6r var. ABD\u2019li kariyer dan\u0131\u015fma sitesi TopInterview ve i\u015f arama platformu Resume-Library\u2019nin yapt\u0131\u011f\u0131 son ara\u015ft\u0131rmaya g\u00f6re [&hellip;]<\/p>\n<!-- templates\/buttons-placeholder.php -->\n<div class=\"da-reactions-outer TpostID12869\">\n\t    <div class=\"da-reactions-data da-reactions-container-async center\"\n         data-type=\"post\"\n         data-id=\"12869\"\n         id=\"da-reactions-slot-post-12869\">\n        <div class=\"da-reactions-static\">\n\t\t\t<img src=\"https:\/\/www.kariyer.net\/kariyer-rehberi\/wp-content\/plugins\/da-reactions\/assets\/dist\/loading.svg\" alt=\"Loading spinner\" width=\"48\" height=\"48\" style=\"width:48px\" \/>\n        <\/div>\n    <\/div>\n<\/div>\n","protected":false},"author":29,"featured_media":12874,"comment_status":"open","ping_status":"open","sticky":false,"template":"","format":"standard","meta":{"footnotes":"","_elementor_edit_mode":"","_elementor_template_type":"","_elementor_data":"","_elementor_page_settings":null,"_elementor_conditions":[]},"categories":[2203,6,43,42,44,45,2214],"tags":[1370,1372,1371],"class_list":{"0":"post-12869","1":"post","2":"type-post","3":"status-publish","4":"format-standard","5":"has-post-thumbnail","7":"category-haberler-duyurular","8":"category-is-bulma-stratejileri","9":"category-is-gorusmesine-hazirlik","10":"category-mulakat","11":"category-mulakat-sorulari","12":"category-mulakat-taktikleri","13":"category-yasam","14":"tag-ise-alimda-kisilik-ozellikleri","15":"tag-resume-library","16":"tag-topinterview"},"yoast_head":"<!-- This site is optimized with the Yoast SEO Premium plugin v21.4 (Yoast SEO v27.0) - https:\/\/yoast.com\/product\/yoast-seo-premium-wordpress\/ -->\n<title>Ki\u015filik fakt\u00f6r\u00fc i\u015fe al\u0131mda etkili | Kariyer Rehberi<\/title>\n<meta name=\"description\" content=\"ABD\u2019deki kariyer dan\u0131\u015fma sitesi \u201cTopInterview\u201d ve i\u015f arama platformu \u201cResume-Library\u201d, i\u015fverenlerin i\u015fe al\u0131mlarda en \u00e7ok dikkat etti\u011fi fakt\u00f6rleri ara\u015ft\u0131rd\u0131. Yap\u0131lan ara\u015ft\u0131rman\u0131n sonu\u00e7lar\u0131na g\u00f6re ki\u015filik fakt\u00f6r\u00fc \u2019lik oranla ilk s\u0131rada yer ald\u0131.\" \/>\n<meta name=\"robots\" content=\"index, follow, max-snippet:-1, max-image-preview:large, max-video-preview:-1\" \/>\n<link rel=\"canonical\" href=\"https:\/\/www.kariyer.net\/kariyer-rehberi\/kisilik-faktoru-ise-alimda-p-etkili\/\" \/>\n<meta property=\"og:locale\" content=\"tr_TR\" \/>\n<meta property=\"og:type\" content=\"article\" \/>\n<meta property=\"og:title\" content=\"Ki\u015filik fakt\u00f6r\u00fc i\u015fe al\u0131mda %70 etkili\" \/>\n<meta property=\"og:description\" content=\"ABD\u2019deki kariyer dan\u0131\u015fma sitesi \u201cTopInterview\u201d ve i\u015f arama platformu \u201cResume-Library\u201d, i\u015fverenlerin i\u015fe al\u0131mlarda en \u00e7ok dikkat etti\u011fi fakt\u00f6rleri\" \/>\n<meta property=\"og:url\" content=\"https:\/\/www.kariyer.net\/kariyer-rehberi\/kisilik-faktoru-ise-alimda-p-etkili\/\" \/>\n<meta property=\"og:site_name\" content=\"Kariyer Rehberi\" \/>\n<meta property=\"article:published_time\" content=\"2019-09-16T07:00:47+00:00\" \/>\n<meta property=\"article:modified_time\" content=\"2024-08-08T18:09:48+00:00\" \/>\n<meta property=\"og:image\" content=\"https:\/\/www.kariyer.net\/kariyer-rehberi\/wp-content\/uploads\/2019\/09\/16e.jpg\" \/>\n\t<meta property=\"og:image:width\" content=\"900\" \/>\n\t<meta property=\"og:image:height\" content=\"600\" \/>\n\t<meta property=\"og:image:type\" content=\"image\/jpeg\" \/>\n<meta name=\"author\" content=\"\u00d6zden Y\u0131lmaz\" \/>\n<meta name=\"twitter:card\" content=\"summary_large_image\" \/>\n<meta name=\"twitter:label1\" content=\"Yazan:\" \/>\n\t<meta name=\"twitter:data1\" content=\"\u00d6zden Y\u0131lmaz\" \/>\n\t<meta name=\"twitter:label2\" content=\"Tahmini okuma s\u00fcresi\" \/>\n\t<meta name=\"twitter:data2\" content=\"1 dakika\" \/>\n<!-- \/ Yoast SEO Premium plugin. -->","yoast_head_json":{"title":"Ki\u015filik fakt\u00f6r\u00fc i\u015fe al\u0131mda etkili | Kariyer Rehberi","description":"ABD\u2019deki kariyer dan\u0131\u015fma sitesi \u201cTopInterview\u201d ve i\u015f arama platformu \u201cResume-Library\u201d, i\u015fverenlerin i\u015fe al\u0131mlarda en \u00e7ok dikkat etti\u011fi fakt\u00f6rleri ara\u015ft\u0131rd\u0131. Yap\u0131lan ara\u015ft\u0131rman\u0131n sonu\u00e7lar\u0131na g\u00f6re ki\u015filik fakt\u00f6r\u00fc \u2019lik oranla ilk s\u0131rada yer ald\u0131.","robots":{"index":"index","follow":"follow","max-snippet":"max-snippet:-1","max-image-preview":"max-image-preview:large","max-video-preview":"max-video-preview:-1"},"canonical":"https:\/\/www.kariyer.net\/kariyer-rehberi\/kisilik-faktoru-ise-alimda-p-etkili\/","og_locale":"tr_TR","og_type":"article","og_title":"Ki\u015filik fakt\u00f6r\u00fc i\u015fe al\u0131mda %70 etkili","og_description":"ABD\u2019deki kariyer dan\u0131\u015fma sitesi \u201cTopInterview\u201d ve i\u015f arama platformu \u201cResume-Library\u201d, i\u015fverenlerin i\u015fe al\u0131mlarda en \u00e7ok dikkat etti\u011fi fakt\u00f6rleri","og_url":"https:\/\/www.kariyer.net\/kariyer-rehberi\/kisilik-faktoru-ise-alimda-p-etkili\/","og_site_name":"Kariyer Rehberi","article_published_time":"2019-09-16T07:00:47+00:00","article_modified_time":"2024-08-08T18:09:48+00:00","og_image":[{"width":900,"height":600,"url":"https:\/\/www.kariyer.net\/kariyer-rehberi\/wp-content\/uploads\/2019\/09\/16e.jpg","type":"image\/jpeg"}],"author":"\u00d6zden Y\u0131lmaz","twitter_card":"summary_large_image","twitter_misc":{"Yazan:":"\u00d6zden Y\u0131lmaz","Tahmini okuma s\u00fcresi":"1 dakika"},"schema":{"@context":"https:\/\/schema.org","@graph":[{"@type":"Article","@id":"https:\/\/www.kariyer.net\/kariyer-rehberi\/kisilik-faktoru-ise-alimda-p-etkili\/#article","isPartOf":{"@id":"https:\/\/www.kariyer.net\/kariyer-rehberi\/kisilik-faktoru-ise-alimda-p-etkili\/"},"author":{"name":"\u00d6zden Y\u0131lmaz","@id":"https:\/\/www.kariyer.net\/kariyer-rehberi\/#\/schema\/person\/71c4f71ffd069a4c47a69e85a0e09215"},"headline":"Ki\u015filik fakt\u00f6r\u00fc i\u015fe al\u0131mda %70 etkili","datePublished":"2019-09-16T07:00:47+00:00","dateModified":"2024-08-08T18:09:48+00:00","mainEntityOfPage":{"@id":"https:\/\/www.kariyer.net\/kariyer-rehberi\/kisilik-faktoru-ise-alimda-p-etkili\/"},"wordCount":274,"commentCount":0,"publisher":{"@id":"https:\/\/www.kariyer.net\/kariyer-rehberi\/#organization"},"image":{"@id":"https:\/\/www.kariyer.net\/kariyer-rehberi\/kisilik-faktoru-ise-alimda-p-etkili\/#primaryimage"},"thumbnailUrl":"https:\/\/www.kariyer.net\/kariyer-rehberi\/wp-content\/uploads\/2019\/09\/16e.jpg","keywords":["i\u015fe al\u0131mda ki\u015filik \u00f6zellikleri","Resume-Library","TopInterview"],"articleSection":["Haberler ve Duyurular","\u0130\u015f Bulma Stratejileri","\u0130\u015f G\u00f6r\u00fc\u015fmesine Haz\u0131rl\u0131k","M\u00fclakat","M\u00fclakat Sorular\u0131","M\u00fclakat Taktikleri","Ya\u015fam"],"inLanguage":"tr","potentialAction":[{"@type":"CommentAction","name":"Comment","target":["https:\/\/www.kariyer.net\/kariyer-rehberi\/kisilik-faktoru-ise-alimda-p-etkili\/#respond"]}]},{"@type":"WebPage","@id":"https:\/\/www.kariyer.net\/kariyer-rehberi\/kisilik-faktoru-ise-alimda-p-etkili\/","url":"https:\/\/www.kariyer.net\/kariyer-rehberi\/kisilik-faktoru-ise-alimda-p-etkili\/","name":"Ki\u015filik fakt\u00f6r\u00fc i\u015fe al\u0131mda etkili | Kariyer Rehberi","isPartOf":{"@id":"https:\/\/www.kariyer.net\/kariyer-rehberi\/#website"},"primaryImageOfPage":{"@id":"https:\/\/www.kariyer.net\/kariyer-rehberi\/kisilik-faktoru-ise-alimda-p-etkili\/#primaryimage"},"image":{"@id":"https:\/\/www.kariyer.net\/kariyer-rehberi\/kisilik-faktoru-ise-alimda-p-etkili\/#primaryimage"},"thumbnailUrl":"https:\/\/www.kariyer.net\/kariyer-rehberi\/wp-content\/uploads\/2019\/09\/16e.jpg","datePublished":"2019-09-16T07:00:47+00:00","dateModified":"2024-08-08T18:09:48+00:00","description":"ABD\u2019deki kariyer dan\u0131\u015fma sitesi \u201cTopInterview\u201d ve i\u015f arama platformu \u201cResume-Library\u201d, i\u015fverenlerin i\u015fe al\u0131mlarda en \u00e7ok dikkat etti\u011fi fakt\u00f6rleri ara\u015ft\u0131rd\u0131. Yap\u0131lan ara\u015ft\u0131rman\u0131n sonu\u00e7lar\u0131na g\u00f6re ki\u015filik fakt\u00f6r\u00fc \u2019lik oranla ilk s\u0131rada yer ald\u0131.","breadcrumb":{"@id":"https:\/\/www.kariyer.net\/kariyer-rehberi\/kisilik-faktoru-ise-alimda-p-etkili\/#breadcrumb"},"inLanguage":"tr","potentialAction":[{"@type":"ReadAction","target":["https:\/\/www.kariyer.net\/kariyer-rehberi\/kisilik-faktoru-ise-alimda-p-etkili\/"]}]},{"@type":"ImageObject","inLanguage":"tr","@id":"https:\/\/www.kariyer.net\/kariyer-rehberi\/kisilik-faktoru-ise-alimda-p-etkili\/#primaryimage","url":"https:\/\/www.kariyer.net\/kariyer-rehberi\/wp-content\/uploads\/2019\/09\/16e.jpg","contentUrl":"https:\/\/www.kariyer.net\/kariyer-rehberi\/wp-content\/uploads\/2019\/09\/16e.jpg","width":900,"height":600},{"@type":"BreadcrumbList","@id":"https:\/\/www.kariyer.net\/kariyer-rehberi\/kisilik-faktoru-ise-alimda-p-etkili\/#breadcrumb","itemListElement":[{"@type":"ListItem","position":1,"name":"Anasayfa","item":"https:\/\/www.kariyer.net\/kariyer-rehberi\/"},{"@type":"ListItem","position":2,"name":"Ki\u015filik fakt\u00f6r\u00fc i\u015fe al\u0131mda %70 etkili"}]},{"@type":"WebSite","@id":"https:\/\/www.kariyer.net\/kariyer-rehberi\/#website","url":"https:\/\/www.kariyer.net\/kariyer-rehberi\/","name":"Kariyer Rehberi","description":"\u0130\u015f D\u00fcnyas\u0131yla \u0130lgili Bilmek \u0130stedi\u011finiz Her \u015eey","publisher":{"@id":"https:\/\/www.kariyer.net\/kariyer-rehberi\/#organization"},"potentialAction":[{"@type":"SearchAction","target":{"@type":"EntryPoint","urlTemplate":"https:\/\/www.kariyer.net\/kariyer-rehberi\/?s={search_term_string}"},"query-input":{"@type":"PropertyValueSpecification","valueRequired":true,"valueName":"search_term_string"}}],"inLanguage":"tr"},{"@type":"Organization","@id":"https:\/\/www.kariyer.net\/kariyer-rehberi\/#organization","name":"Kariyer.net","url":"https:\/\/www.kariyer.net\/kariyer-rehberi\/","logo":{"@type":"ImageObject","inLanguage":"tr","@id":"https:\/\/www.kariyer.net\/kariyer-rehberi\/#\/schema\/logo\/image\/","url":"https:\/\/www.kariyer.net\/kariyer-rehberi-new\/wp-content\/uploads\/2023\/01\/og-image11.jpg","contentUrl":"https:\/\/www.kariyer.net\/kariyer-rehberi-new\/wp-content\/uploads\/2023\/01\/og-image11.jpg","width":800,"height":800,"caption":"Kariyer.net"},"image":{"@id":"https:\/\/www.kariyer.net\/kariyer-rehberi\/#\/schema\/logo\/image\/"}},{"@type":"Person","@id":"https:\/\/www.kariyer.net\/kariyer-rehberi\/#\/schema\/person\/71c4f71ffd069a4c47a69e85a0e09215","name":"\u00d6zden Y\u0131lmaz","image":{"@type":"ImageObject","inLanguage":"tr","@id":"https:\/\/www.kariyer.net\/kariyer-rehberi\/#\/schema\/person\/image\/","url":"https:\/\/secure.gravatar.com\/avatar\/776750a3e7166486a1e43527c51a8f7088279a624700d0e81666f27a714cbbc2?s=96&d=mm&r=g","contentUrl":"https:\/\/secure.gravatar.com\/avatar\/776750a3e7166486a1e43527c51a8f7088279a624700d0e81666f27a714cbbc2?s=96&d=mm&r=g","caption":"\u00d6zden Y\u0131lmaz"},"description":"Kocaeli \u00dcniversitesi \u0130leti\u015fim Fak\u00fcltesi mezunu olan \u00d6zden, Bilgi \u00dcniversitesi\u2019nde \u0130nteraktif Pazarlama alan\u0131nda y\u00fcksek lisans yapm\u0131\u015ft\u0131r. Lisans \u00f6\u011freniminin ilk y\u0131llar\u0131nda TRT Haber\u2019de asistan muhabirlik yaparak meslek hayat\u0131na ba\u015flam\u0131\u015ft\u0131r. Mezun olduktan sonra farkl\u0131 d\u00f6nemlerde TV8 Haber ve Cem TV\u2019de; yap\u0131mc\u0131, y\u00f6netmen ve edit\u00f6r olarak g\u00f6rev alm\u0131\u015ft\u0131r. Dijital d\u00fcnyadaki geli\u015fmelerle birlikte editoryal deneyimini online platformlara ta\u015f\u0131m\u0131\u015f, Markafoni\u2019de ve Mudo\u2019da i\u00e7erik edit\u00f6rl\u00fc\u011f\u00fc yapm\u0131\u015ft\u0131r. Kurumsal markalar i\u00e7in freelance SEO edit\u00f6rl\u00fc\u011f\u00fc de yapan \u00d6zden, 2018 y\u0131l\u0131 itibar\u0131yla kariyerine, Kariyer.net i\u00e7erik edit\u00f6r\u00fc olarak devam etmekte ve online\/offline i\u00e7erik \u00fcretmektedir.","url":"https:\/\/www.kariyer.net\/kariyer-rehberi\/author\/ozdenyilmaz\/"}]}},"_links":{"self":[{"href":"https:\/\/www.kariyer.net\/kariyer-rehberi\/wp-json\/wp\/v2\/posts\/12869","targetHints":{"allow":["GET"]}}],"collection":[{"href":"https:\/\/www.kariyer.net\/kariyer-rehberi\/wp-json\/wp\/v2\/posts"}],"about":[{"href":"https:\/\/www.kariyer.net\/kariyer-rehberi\/wp-json\/wp\/v2\/types\/post"}],"author":[{"embeddable":true,"href":"https:\/\/www.kariyer.net\/kariyer-rehberi\/wp-json\/wp\/v2\/users\/29"}],"replies":[{"embeddable":true,"href":"https:\/\/www.kariyer.net\/kariyer-rehberi\/wp-json\/wp\/v2\/comments?post=12869"}],"version-history":[{"count":1,"href":"https:\/\/www.kariyer.net\/kariyer-rehberi\/wp-json\/wp\/v2\/posts\/12869\/revisions"}],"predecessor-version":[{"id":18660,"href":"https:\/\/www.kariyer.net\/kariyer-rehberi\/wp-json\/wp\/v2\/posts\/12869\/revisions\/18660"}],"wp:featuredmedia":[{"embeddable":true,"href":"https:\/\/www.kariyer.net\/kariyer-rehberi\/wp-json\/wp\/v2\/media\/12874"}],"wp:attachment":[{"href":"https:\/\/www.kariyer.net\/kariyer-rehberi\/wp-json\/wp\/v2\/media?parent=12869"}],"wp:term":[{"taxonomy":"category","embeddable":true,"href":"https:\/\/www.kariyer.net\/kariyer-rehberi\/wp-json\/wp\/v2\/categories?post=12869"},{"taxonomy":"post_tag","embeddable":true,"href":"https:\/\/www.kariyer.net\/kariyer-rehberi\/wp-json\/wp\/v2\/tags?post=12869"}],"curies":[{"name":"wp","href":"https:\/\/api.w.org\/{rel}","templated":true}]}}