{"id":12890,"date":"2019-09-24T14:05:03","date_gmt":"2019-09-24T11:05:03","guid":{"rendered":"https:\/\/www.kariyer.net\/kariyer-rehberi\/?p=12890"},"modified":"2024-08-08T21:09:48","modified_gmt":"2024-08-08T18:09:48","slug":"yurt-disinda-mba-ve-master-yapma-firsati","status":"publish","type":"post","link":"https:\/\/www.kariyer.net\/kariyer-rehberi\/yurt-disinda-mba-ve-master-yapma-firsati\/","title":{"rendered":"Yurt d\u0131\u015f\u0131nda MBA ve master yapma f\u0131rsat\u0131!"},"content":{"rendered":"<p><strong>MBA ya da farkl\u0131 bir alanda y\u00fcksek lisans yapmak isteyip, hangi okulda yapaca\u011f\u0131na hen\u00fcz karar veremediysen, senin i\u00e7in bir haberimiz var. Sundu\u011fu MBA ve lisans\u00fcst\u00fc e\u011fitim f\u0131rsatlar\u0131yla sekt\u00f6r\u00fcnde d\u00fcnya \u00f6nc\u00fcs\u00fc markalardan olan QS, 28 Eyl\u00fcl\u2019de \u0130stanbul\u2019da!<\/strong><\/p>\n<p>QS, yurt d\u0131\u015f\u0131 master ve MBA e\u011fitimi almak isteyenlerin en ideal se\u00e7imi yapabilmelerine yard\u0131mc\u0131 olmak i\u00e7in d\u00fcnyan\u0131n en g\u00f6zde \u00fcniversitelerini <a href=\"https:\/\/www.topuniversities.com\/events\/qs-world-grad-school-tour\/europe\/istanbul?utm_source=Webrazzi&amp;utm_medium=article&amp;utm_campaign=World-Grad-School-Tour_F19_Istanbul&amp;partnerid=11607\" target=\"_blank\" rel=\"sponsor noopener noreferrer\"><strong>QS World Grad School<\/strong><\/a> ve <a href=\"https:\/\/www.topmba.com\/events\/qs-world-mba-tour\/europe\/istanbul?utm_source=Webrazzi&amp;utm_medium=article&amp;utm_campaign=World-MBA-Tour_F19_Istanbul&amp;partnerid=11607\" target=\"_blank\" rel=\"sponsor noopener noreferrer\"><strong>QS World MBA<\/strong><\/a> etkinli\u011finde bulu\u015fturmaya haz\u0131rlan\u0131yor!<\/p>\n<p>Etkinli\u011fe kat\u0131lanlar; IE, Imperial, NYU Tandon, HEC Paris, ESMT, King&#8217;s College, Parson&#8217;s,\u00a0 Sciences Po Paris, SMU Lyle School of Engineering, UCL, George Washington University, UPF Barcelona, Gisma, Hult, IESEG, The Education University of Hong Kong gibi bir\u00e7ok \u00fcniversitenin temsilcisiyle bir araya gelerek y\u00fcksek lisans programlar\u0131 hakk\u0131nda do\u011frudan bilgi alabilecek. Ayr\u0131ca MBA d\u00fc\u015f\u00fcnenler; IE, Hult, Warwick, RSM, York &#8211; Schulich gibi \u00f6nde gelen i\u015fletme okullar\u0131yla bulu\u015farak, onlar i\u00e7in en ideal olan MBA program\u0131na karar verebilecek.<\/p>\n<p><strong>Kariyerin i\u00e7in en do\u011fru e\u011fitime sen karar ver!<\/strong><\/p>\n<p>QS etkinli\u011fine kat\u0131larak;<\/p>\n<ul>\n<li>A&#8217;dan Z&#8217;ye t\u00fcm master programlar\u0131n\u0131 tek bir \u00e7at\u0131 alt\u0131nda ke\u015ffedebilirsin.<\/li>\n<\/ul>\n<p><a href=\"https:\/\/www.kariyer.net\/kariyer-rehberi\/wp-content\/uploads\/2019\/09\/qs-market-2-592.jpeg\"><img fetchpriority=\"high\" decoding=\"async\" class=\"alignleft wp-image-12894\" src=\"https:\/\/www.kariyer.net\/kariyer-rehberi\/wp-content\/uploads\/2019\/09\/qs-market-2-592-300x234.jpeg\" alt=\"\" width=\"417\" height=\"326\" srcset=\"https:\/\/www.kariyer.net\/kariyer-rehberi\/wp-content\/uploads\/2019\/09\/qs-market-2-592-300x234.jpeg 300w, https:\/\/www.kariyer.net\/kariyer-rehberi\/wp-content\/uploads\/2019\/09\/qs-market-2-592-768x600.jpeg 768w, https:\/\/www.kariyer.net\/kariyer-rehberi\/wp-content\/uploads\/2019\/09\/qs-market-2-592-696x544.jpeg 696w, https:\/\/www.kariyer.net\/kariyer-rehberi\/wp-content\/uploads\/2019\/09\/qs-market-2-592-538x420.jpeg 538w, https:\/\/www.kariyer.net\/kariyer-rehberi\/wp-content\/uploads\/2019\/09\/qs-market-2-592.jpeg 960w\" sizes=\"(max-width: 417px) 100vw, 417px\" \/><\/a><\/p>\n<ul>\n<li>\u00a0Merak etti\u011fin sorular\u0131 hem okul yetkililerine hem de ilgili okulun mezunlar\u0131na sorabilirsin.<\/li>\n<li>Kabul ko\u015fullar\u0131, MBA programlar\u0131, burs imkanlar\u0131, kariyer f\u0131rsatlar\u0131, vize, GMAT s\u0131nav\u0131 gibi konular\u0131n konu\u015fulaca\u011f\u0131 seminerlere kat\u0131labilirsin.<\/li>\n<li>Ziyaret\u00e7ilere \u00f6zel sunulacak, toplamda 7 milyon ABD dolar\u0131 de\u011ferinde <strong>QS burslar\u0131na<\/strong> ba\u015fvuru hakk\u0131 kazanabilirsin.<\/li>\n<\/ul>\n<p>&nbsp;<\/p>\n<p><strong>MBA<\/strong> etkinli\u011fine \u00fccretsiz kat\u0131lmak i\u00e7in l\u00fctfen <strong><a href=\"https:\/\/www.topmba.com\/events\/qs-world-mba-tour\/europe\/istanbul?utm_source=Webrazzi&amp;utm_medium=article&amp;utm_campaign=World-MBA-Tour_F19_Istanbul&amp;partnerid=11607\" target=\"_blank\" rel=\"sponsor noopener noreferrer\">t\u0131kla!<\/a><\/strong><\/p>\n<p><strong>Master<\/strong> etkinli\u011fine \u00fccretsiz kat\u0131lmak i\u00e7in l\u00fctfen <strong><a href=\"https:\/\/www.topuniversities.com\/events\/qs-world-grad-school-tour\/europe\/istanbul?utm_source=Webrazzi&amp;utm_medium=article&amp;utm_campaign=World-Grad-School-Tour_F19_Istanbul&amp;partnerid=11607\" target=\"_blank\" rel=\"sponsor noopener noreferrer\">t\u0131kla!<\/a><\/strong><\/p>\n<!-- templates\/buttons-placeholder.php -->\n<div class=\"da-reactions-outer TpostID12890\">\n\t    <div class=\"da-reactions-data da-reactions-container-async center\"\n         data-type=\"post\"\n         data-id=\"12890\"\n         id=\"da-reactions-slot-post-12890\">\n        <div class=\"da-reactions-static\">\n\t\t\t<img src=\"https:\/\/www.kariyer.net\/kariyer-rehberi\/wp-content\/plugins\/da-reactions\/assets\/dist\/loading.svg\" alt=\"Loading spinner\" width=\"48\" height=\"48\" style=\"width:48px\" \/>\n        <\/div>\n    <\/div>\n<\/div>\n","protected":false},"excerpt":{"rendered":"<p>MBA ya da farkl\u0131 bir alanda y\u00fcksek lisans yapmak isteyip, hangi okulda yapaca\u011f\u0131na hen\u00fcz karar veremediysen, senin i\u00e7in bir haberimiz var. Sundu\u011fu MBA ve lisans\u00fcst\u00fc e\u011fitim f\u0131rsatlar\u0131yla sekt\u00f6r\u00fcnde d\u00fcnya \u00f6nc\u00fcs\u00fc markalardan olan QS, 28 Eyl\u00fcl\u2019de \u0130stanbul\u2019da! QS, yurt d\u0131\u015f\u0131 master ve MBA e\u011fitimi almak isteyenlerin en ideal se\u00e7imi yapabilmelerine yard\u0131mc\u0131 olmak i\u00e7in d\u00fcnyan\u0131n en g\u00f6zde [&hellip;]<\/p>\n<!-- templates\/buttons-placeholder.php -->\n<div class=\"da-reactions-outer TpostID12890\">\n\t    <div class=\"da-reactions-data da-reactions-container-async center\"\n         data-type=\"post\"\n         data-id=\"12890\"\n         id=\"da-reactions-slot-post-12890\">\n        <div class=\"da-reactions-static\">\n\t\t\t<img src=\"https:\/\/www.kariyer.net\/kariyer-rehberi\/wp-content\/plugins\/da-reactions\/assets\/dist\/loading.svg\" alt=\"Loading spinner\" width=\"48\" height=\"48\" style=\"width:48px\" \/>\n        <\/div>\n    <\/div>\n<\/div>\n","protected":false},"author":29,"featured_media":12893,"comment_status":"open","ping_status":"open","sticky":false,"template":"","format":"standard","meta":{"footnotes":"","_elementor_edit_mode":"","_elementor_template_type":"","_elementor_data":"","_elementor_page_settings":null,"_elementor_conditions":[]},"categories":[2203,2211,2214],"tags":[1374,1378,1373,1379,815,1376,1377,1375],"class_list":{"0":"post-12890","1":"post","2":"type-post","3":"status-publish","4":"format-standard","5":"has-post-thumbnail","7":"category-haberler-duyurular","8":"category-kariyer-gelisimi","9":"category-yasam","10":"tag-lisansustu","11":"tag-master","12":"tag-mba","13":"tag-qs","14":"tag-yuksek-lisans","15":"tag-yurt-disi-egitim","16":"tag-yurt-disinda-yuksek-lisans","17":"tag-yurtdisi-egitim"},"yoast_head":"<!-- This site is optimized with the Yoast SEO Premium plugin v21.4 (Yoast SEO v27.0) - https:\/\/yoast.com\/product\/yoast-seo-premium-wordpress\/ -->\n<title>Yurt d\u0131\u015f\u0131nda MBA ve master yapma f\u0131rsat\u0131! | Kariyer Rehberi<\/title>\n<meta name=\"description\" content=\"MBA ya da farkl\u0131 bir alanda y\u00fcksek lisans yapmak isteyip, hangi okulda yapaca\u011f\u0131na hen\u00fcz karar veremediysen, senin i\u00e7in bir haberimiz var. Sundu\u011fu MBA ve lisans\u00fcst\u00fc e\u011fitim f\u0131rsatlar\u0131yla sekt\u00f6r\u00fcnde d\u00fcnya \u00f6nc\u00fcs\u00fc markalardan olan QS, 28 Eyl\u00fcl\u2019de \u0130stanbul\u2019da!\" \/>\n<meta name=\"robots\" content=\"index, follow, max-snippet:-1, max-image-preview:large, max-video-preview:-1\" \/>\n<link rel=\"canonical\" href=\"https:\/\/www.kariyer.net\/kariyer-rehberi\/yurt-disinda-mba-ve-master-yapma-firsati\/\" \/>\n<meta property=\"og:locale\" content=\"tr_TR\" \/>\n<meta property=\"og:type\" content=\"article\" \/>\n<meta property=\"og:title\" content=\"Yurt d\u0131\u015f\u0131nda MBA ve master yapma f\u0131rsat\u0131!\" \/>\n<meta property=\"og:description\" content=\"MBA ya da farkl\u0131 bir alanda y\u00fcksek lisans yapmak isteyip, hangi okulda yapaca\u011f\u0131na hen\u00fcz karar veremediysen, senin i\u00e7in bir haberimiz var. Sundu\u011fu MBA ve\" \/>\n<meta property=\"og:url\" content=\"https:\/\/www.kariyer.net\/kariyer-rehberi\/yurt-disinda-mba-ve-master-yapma-firsati\/\" \/>\n<meta property=\"og:site_name\" content=\"Kariyer Rehberi\" \/>\n<meta property=\"article:published_time\" content=\"2019-09-24T11:05:03+00:00\" \/>\n<meta property=\"article:modified_time\" content=\"2024-08-08T18:09:48+00:00\" \/>\n<meta property=\"og:image\" content=\"https:\/\/www.kariyer.net\/kariyer-rehberi\/wp-content\/uploads\/2019\/09\/iStock-948400550.jpg\" \/>\n\t<meta property=\"og:image:width\" content=\"900\" \/>\n\t<meta property=\"og:image:height\" content=\"600\" \/>\n\t<meta property=\"og:image:type\" content=\"image\/jpeg\" \/>\n<meta name=\"author\" content=\"\u00d6zden Y\u0131lmaz\" \/>\n<meta name=\"twitter:card\" content=\"summary_large_image\" \/>\n<meta name=\"twitter:label1\" content=\"Yazan:\" \/>\n\t<meta name=\"twitter:data1\" content=\"\u00d6zden Y\u0131lmaz\" \/>\n\t<meta name=\"twitter:label2\" content=\"Tahmini okuma s\u00fcresi\" \/>\n\t<meta name=\"twitter:data2\" content=\"1 dakika\" \/>\n<!-- \/ Yoast SEO Premium plugin. -->","yoast_head_json":{"title":"Yurt d\u0131\u015f\u0131nda MBA ve master yapma f\u0131rsat\u0131! | Kariyer Rehberi","description":"MBA ya da farkl\u0131 bir alanda y\u00fcksek lisans yapmak isteyip, hangi okulda yapaca\u011f\u0131na hen\u00fcz karar veremediysen, senin i\u00e7in bir haberimiz var. Sundu\u011fu MBA ve lisans\u00fcst\u00fc e\u011fitim f\u0131rsatlar\u0131yla sekt\u00f6r\u00fcnde d\u00fcnya \u00f6nc\u00fcs\u00fc markalardan olan QS, 28 Eyl\u00fcl\u2019de \u0130stanbul\u2019da!","robots":{"index":"index","follow":"follow","max-snippet":"max-snippet:-1","max-image-preview":"max-image-preview:large","max-video-preview":"max-video-preview:-1"},"canonical":"https:\/\/www.kariyer.net\/kariyer-rehberi\/yurt-disinda-mba-ve-master-yapma-firsati\/","og_locale":"tr_TR","og_type":"article","og_title":"Yurt d\u0131\u015f\u0131nda MBA ve master yapma f\u0131rsat\u0131!","og_description":"MBA ya da farkl\u0131 bir alanda y\u00fcksek lisans yapmak isteyip, hangi okulda yapaca\u011f\u0131na hen\u00fcz karar veremediysen, senin i\u00e7in bir haberimiz var. Sundu\u011fu MBA ve","og_url":"https:\/\/www.kariyer.net\/kariyer-rehberi\/yurt-disinda-mba-ve-master-yapma-firsati\/","og_site_name":"Kariyer Rehberi","article_published_time":"2019-09-24T11:05:03+00:00","article_modified_time":"2024-08-08T18:09:48+00:00","og_image":[{"width":900,"height":600,"url":"https:\/\/www.kariyer.net\/kariyer-rehberi\/wp-content\/uploads\/2019\/09\/iStock-948400550.jpg","type":"image\/jpeg"}],"author":"\u00d6zden Y\u0131lmaz","twitter_card":"summary_large_image","twitter_misc":{"Yazan:":"\u00d6zden Y\u0131lmaz","Tahmini okuma s\u00fcresi":"1 dakika"},"schema":{"@context":"https:\/\/schema.org","@graph":[{"@type":"Article","@id":"https:\/\/www.kariyer.net\/kariyer-rehberi\/yurt-disinda-mba-ve-master-yapma-firsati\/#article","isPartOf":{"@id":"https:\/\/www.kariyer.net\/kariyer-rehberi\/yurt-disinda-mba-ve-master-yapma-firsati\/"},"author":{"name":"\u00d6zden Y\u0131lmaz","@id":"https:\/\/www.kariyer.net\/kariyer-rehberi\/#\/schema\/person\/71c4f71ffd069a4c47a69e85a0e09215"},"headline":"Yurt d\u0131\u015f\u0131nda MBA ve master yapma f\u0131rsat\u0131!","datePublished":"2019-09-24T11:05:03+00:00","dateModified":"2024-08-08T18:09:48+00:00","mainEntityOfPage":{"@id":"https:\/\/www.kariyer.net\/kariyer-rehberi\/yurt-disinda-mba-ve-master-yapma-firsati\/"},"wordCount":301,"commentCount":0,"publisher":{"@id":"https:\/\/www.kariyer.net\/kariyer-rehberi\/#organization"},"image":{"@id":"https:\/\/www.kariyer.net\/kariyer-rehberi\/yurt-disinda-mba-ve-master-yapma-firsati\/#primaryimage"},"thumbnailUrl":"https:\/\/www.kariyer.net\/kariyer-rehberi\/wp-content\/uploads\/2019\/09\/iStock-948400550.jpg","keywords":["lisans\u00fcst\u00fc","master","mba","QS","y\u00fcksek lisans","yurt d\u0131\u015f\u0131 e\u011fitim","yurt d\u0131\u015f\u0131nda y\u00fcksek lisans","yurtd\u0131\u015f\u0131 e\u011fitim"],"articleSection":["Haberler ve Duyurular","Kariyer Geli\u015fimi","Ya\u015fam"],"inLanguage":"tr","potentialAction":[{"@type":"CommentAction","name":"Comment","target":["https:\/\/www.kariyer.net\/kariyer-rehberi\/yurt-disinda-mba-ve-master-yapma-firsati\/#respond"]}]},{"@type":"WebPage","@id":"https:\/\/www.kariyer.net\/kariyer-rehberi\/yurt-disinda-mba-ve-master-yapma-firsati\/","url":"https:\/\/www.kariyer.net\/kariyer-rehberi\/yurt-disinda-mba-ve-master-yapma-firsati\/","name":"Yurt d\u0131\u015f\u0131nda MBA ve master yapma f\u0131rsat\u0131! | Kariyer Rehberi","isPartOf":{"@id":"https:\/\/www.kariyer.net\/kariyer-rehberi\/#website"},"primaryImageOfPage":{"@id":"https:\/\/www.kariyer.net\/kariyer-rehberi\/yurt-disinda-mba-ve-master-yapma-firsati\/#primaryimage"},"image":{"@id":"https:\/\/www.kariyer.net\/kariyer-rehberi\/yurt-disinda-mba-ve-master-yapma-firsati\/#primaryimage"},"thumbnailUrl":"https:\/\/www.kariyer.net\/kariyer-rehberi\/wp-content\/uploads\/2019\/09\/iStock-948400550.jpg","datePublished":"2019-09-24T11:05:03+00:00","dateModified":"2024-08-08T18:09:48+00:00","description":"MBA ya da farkl\u0131 bir alanda y\u00fcksek lisans yapmak isteyip, hangi okulda yapaca\u011f\u0131na hen\u00fcz karar veremediysen, senin i\u00e7in bir haberimiz var. Sundu\u011fu MBA ve lisans\u00fcst\u00fc e\u011fitim f\u0131rsatlar\u0131yla sekt\u00f6r\u00fcnde d\u00fcnya \u00f6nc\u00fcs\u00fc markalardan olan QS, 28 Eyl\u00fcl\u2019de \u0130stanbul\u2019da!","breadcrumb":{"@id":"https:\/\/www.kariyer.net\/kariyer-rehberi\/yurt-disinda-mba-ve-master-yapma-firsati\/#breadcrumb"},"inLanguage":"tr","potentialAction":[{"@type":"ReadAction","target":["https:\/\/www.kariyer.net\/kariyer-rehberi\/yurt-disinda-mba-ve-master-yapma-firsati\/"]}]},{"@type":"ImageObject","inLanguage":"tr","@id":"https:\/\/www.kariyer.net\/kariyer-rehberi\/yurt-disinda-mba-ve-master-yapma-firsati\/#primaryimage","url":"https:\/\/www.kariyer.net\/kariyer-rehberi\/wp-content\/uploads\/2019\/09\/iStock-948400550.jpg","contentUrl":"https:\/\/www.kariyer.net\/kariyer-rehberi\/wp-content\/uploads\/2019\/09\/iStock-948400550.jpg","width":900,"height":600},{"@type":"BreadcrumbList","@id":"https:\/\/www.kariyer.net\/kariyer-rehberi\/yurt-disinda-mba-ve-master-yapma-firsati\/#breadcrumb","itemListElement":[{"@type":"ListItem","position":1,"name":"Anasayfa","item":"https:\/\/www.kariyer.net\/kariyer-rehberi\/"},{"@type":"ListItem","position":2,"name":"Yurt d\u0131\u015f\u0131nda MBA ve master yapma f\u0131rsat\u0131!"}]},{"@type":"WebSite","@id":"https:\/\/www.kariyer.net\/kariyer-rehberi\/#website","url":"https:\/\/www.kariyer.net\/kariyer-rehberi\/","name":"Kariyer Rehberi","description":"\u0130\u015f D\u00fcnyas\u0131yla \u0130lgili Bilmek \u0130stedi\u011finiz Her \u015eey","publisher":{"@id":"https:\/\/www.kariyer.net\/kariyer-rehberi\/#organization"},"potentialAction":[{"@type":"SearchAction","target":{"@type":"EntryPoint","urlTemplate":"https:\/\/www.kariyer.net\/kariyer-rehberi\/?s={search_term_string}"},"query-input":{"@type":"PropertyValueSpecification","valueRequired":true,"valueName":"search_term_string"}}],"inLanguage":"tr"},{"@type":"Organization","@id":"https:\/\/www.kariyer.net\/kariyer-rehberi\/#organization","name":"Kariyer.net","url":"https:\/\/www.kariyer.net\/kariyer-rehberi\/","logo":{"@type":"ImageObject","inLanguage":"tr","@id":"https:\/\/www.kariyer.net\/kariyer-rehberi\/#\/schema\/logo\/image\/","url":"https:\/\/www.kariyer.net\/kariyer-rehberi-new\/wp-content\/uploads\/2023\/01\/og-image11.jpg","contentUrl":"https:\/\/www.kariyer.net\/kariyer-rehberi-new\/wp-content\/uploads\/2023\/01\/og-image11.jpg","width":800,"height":800,"caption":"Kariyer.net"},"image":{"@id":"https:\/\/www.kariyer.net\/kariyer-rehberi\/#\/schema\/logo\/image\/"}},{"@type":"Person","@id":"https:\/\/www.kariyer.net\/kariyer-rehberi\/#\/schema\/person\/71c4f71ffd069a4c47a69e85a0e09215","name":"\u00d6zden Y\u0131lmaz","image":{"@type":"ImageObject","inLanguage":"tr","@id":"https:\/\/www.kariyer.net\/kariyer-rehberi\/#\/schema\/person\/image\/","url":"https:\/\/secure.gravatar.com\/avatar\/776750a3e7166486a1e43527c51a8f7088279a624700d0e81666f27a714cbbc2?s=96&d=mm&r=g","contentUrl":"https:\/\/secure.gravatar.com\/avatar\/776750a3e7166486a1e43527c51a8f7088279a624700d0e81666f27a714cbbc2?s=96&d=mm&r=g","caption":"\u00d6zden Y\u0131lmaz"},"description":"Kocaeli \u00dcniversitesi \u0130leti\u015fim Fak\u00fcltesi mezunu olan \u00d6zden, Bilgi \u00dcniversitesi\u2019nde \u0130nteraktif Pazarlama alan\u0131nda y\u00fcksek lisans yapm\u0131\u015ft\u0131r. Lisans \u00f6\u011freniminin ilk y\u0131llar\u0131nda TRT Haber\u2019de asistan muhabirlik yaparak meslek hayat\u0131na ba\u015flam\u0131\u015ft\u0131r. Mezun olduktan sonra farkl\u0131 d\u00f6nemlerde TV8 Haber ve Cem TV\u2019de; yap\u0131mc\u0131, y\u00f6netmen ve edit\u00f6r olarak g\u00f6rev alm\u0131\u015ft\u0131r. Dijital d\u00fcnyadaki geli\u015fmelerle birlikte editoryal deneyimini online platformlara ta\u015f\u0131m\u0131\u015f, Markafoni\u2019de ve Mudo\u2019da i\u00e7erik edit\u00f6rl\u00fc\u011f\u00fc yapm\u0131\u015ft\u0131r. Kurumsal markalar i\u00e7in freelance SEO edit\u00f6rl\u00fc\u011f\u00fc de yapan \u00d6zden, 2018 y\u0131l\u0131 itibar\u0131yla kariyerine, Kariyer.net i\u00e7erik edit\u00f6r\u00fc olarak devam etmekte ve online\/offline i\u00e7erik \u00fcretmektedir.","url":"https:\/\/www.kariyer.net\/kariyer-rehberi\/author\/ozdenyilmaz\/"}]}},"_links":{"self":[{"href":"https:\/\/www.kariyer.net\/kariyer-rehberi\/wp-json\/wp\/v2\/posts\/12890","targetHints":{"allow":["GET"]}}],"collection":[{"href":"https:\/\/www.kariyer.net\/kariyer-rehberi\/wp-json\/wp\/v2\/posts"}],"about":[{"href":"https:\/\/www.kariyer.net\/kariyer-rehberi\/wp-json\/wp\/v2\/types\/post"}],"author":[{"embeddable":true,"href":"https:\/\/www.kariyer.net\/kariyer-rehberi\/wp-json\/wp\/v2\/users\/29"}],"replies":[{"embeddable":true,"href":"https:\/\/www.kariyer.net\/kariyer-rehberi\/wp-json\/wp\/v2\/comments?post=12890"}],"version-history":[{"count":1,"href":"https:\/\/www.kariyer.net\/kariyer-rehberi\/wp-json\/wp\/v2\/posts\/12890\/revisions"}],"predecessor-version":[{"id":18658,"href":"https:\/\/www.kariyer.net\/kariyer-rehberi\/wp-json\/wp\/v2\/posts\/12890\/revisions\/18658"}],"wp:featuredmedia":[{"embeddable":true,"href":"https:\/\/www.kariyer.net\/kariyer-rehberi\/wp-json\/wp\/v2\/media\/12893"}],"wp:attachment":[{"href":"https:\/\/www.kariyer.net\/kariyer-rehberi\/wp-json\/wp\/v2\/media?parent=12890"}],"wp:term":[{"taxonomy":"category","embeddable":true,"href":"https:\/\/www.kariyer.net\/kariyer-rehberi\/wp-json\/wp\/v2\/categories?post=12890"},{"taxonomy":"post_tag","embeddable":true,"href":"https:\/\/www.kariyer.net\/kariyer-rehberi\/wp-json\/wp\/v2\/tags?post=12890"}],"curies":[{"name":"wp","href":"https:\/\/api.w.org\/{rel}","templated":true}]}}