{"id":1293,"date":"2008-12-22T02:00:00","date_gmt":"2008-12-22T00:00:00","guid":{"rendered":"http:\/\/92.45.35.169\/pgdan-universitelilere-is-deneyimi-firsati\/"},"modified":"2024-07-03T14:57:48","modified_gmt":"2024-07-03T11:57:48","slug":"pgdan-universitelilere-is-deneyimi-firsati","status":"publish","type":"post","link":"https:\/\/www.kariyer.net\/kariyer-rehberi\/pgdan-universitelilere-is-deneyimi-firsati\/","title":{"rendered":"P&amp;G&#8217;dan \u00fcniversitelilere i\u015f deneyimi f\u0131rsat\u0131"},"content":{"rendered":"<div><span style=\"font-size: 12px; font-family: Arial, Helvetica, sans-serif\"><\/p>\n<div><strong><img decoding=\"async\" height=\"211\" alt=\"\" hspace=\"10\" width=\"150\" align=\"left\" vspace=\"10\" src=\"http:\/\/web4.kariyer.net\/UploadFiles\/tempPhoto\/kariyerRehberi\/poster.jpg\" \/>P&amp;G yeni ba\u015flad\u0131\u011f\u0131 P&amp;G Live Event (P&amp;G&rsquo;den Canl\u0131 Yay\u0131n) program\u0131 ile \u00fcniversite \u00f6\u011frencilerine i\u015fi yerinde \u00f6\u011frenme ve erken i\u015f teklifi alma f\u0131rsat\u0131 sunuyor. \u00dcniversitelerin 3., 4. s\u0131n\u0131f ve master \u00f6\u011frencilerine y\u00f6nelik haz\u0131rlanan programa se\u00e7ilen \u00f6\u011frenciler \u00fc\u00e7 g\u00fcnl\u00fck ger\u00e7ek bir P&amp;G deneyimi ya\u015fayacak. Ba\u015fvurular\u0131n internet \u00fczerinden al\u0131nd\u0131\u011f\u0131 program i\u00e7in son ba\u015fvuru tarihi 28 Aral\u0131k 2008!<\/strong><\/div>\n<div>&nbsp;<\/div>\n<div><strong>\u00dc\u00e7 g\u00fcnl\u00fck ger\u00e7ek i\u015f deneyimi<\/strong><\/div>\n<div>&nbsp;<\/div>\n<div>T\u00fcketim \u00fcr\u00fcnleri sekt\u00f6r\u00fcnde d\u00fcnyan\u0131n lider \u015firketleri aras\u0131nda yer alan Procter&amp;Gamble (P&amp;G) \u00fcniversite \u00f6\u011frencilerini i\u015f d\u00fcnyas\u0131na haz\u0131rlamaya y\u00f6nelik yeni bir program ba\u015flatt\u0131. P&amp;G Live Event ad\u0131 verilen program \u00fcniversite 3&rsquo;\u00fcnc\u00fc, 4&rsquo;\u00fcnc\u00fc s\u0131n\u0131fta okuyanlar ve master \u00f6\u011frencilerine \u00fc\u00e7 g\u00fcnl\u00fck ger\u00e7ek bir P&amp;G deneyimi sunuyor. P&amp;G Live Event kapsam\u0131nda, \u00f6\u011frenciler 3 g\u00fcn boyunca \u00e7al\u0131\u015fmak istedikleri ortam\u0131 g\u00f6recek, toplant\u0131lara kat\u0131lacak, \u00fcst d\u00fczey y\u00f6neticilerle bulu\u015facak ve \u00e7al\u0131\u015fanlarla fikir geli\u015ftirme f\u0131rsat\u0131 yakalayabilecekler. Programa kat\u0131lmak ve d\u00fcnyan\u0131n lider \u015firketlerinden birinde \u00fc\u00e7 g\u00fcnl\u00fck ger\u00e7ek bir i\u015f deneyimi ya\u015famak isteyen \u00f6\u011frenciler, ba\u015fvurular\u0131n\u0131 28 Aral\u0131k 2008 tarihine kadar <a href=\"http:\/\/www.pg.com.tr\/\">www.pg.com.tr<\/a> adresinden yapabilecekler. Web \u00fczerinden al\u0131nan ba\u015fvurular\u0131n de\u011ferlendirmeleri \u015fubat ay\u0131nda sona erecek. \u0130\u015fe al\u0131m kriterlerine g\u00f6re se\u00e7ilen 50 \u00f6\u011frenci de 6-7-8 Mart tarihlerinde, a\u011f\u0131rlanacak. &nbsp;<\/div>\n<div><strong>&nbsp;<\/strong><\/div>\n<div><strong>&ldquo;Adaylar\u0131 tan\u0131\u015fma f\u0131rsat\u0131 bulaca\u011f\u0131z&rdquo;<\/strong><\/div>\n<div>&nbsp;<\/div>\n<div>P&amp;G T\u00fcrkiye \u0130nsan Kaynaklar\u0131 Direkt\u00f6r\u00fc Sunil Durani programa ili\u015fkin de\u011ferlendirmesinde, &nbsp;&#8220;\u00d6\u011frencilere 3 g\u00fcnl\u00fck ger\u00e7ek bir P&amp;G deneyimi ya\u015fatmay\u0131 ama\u00e7layan bu program\u0131n temeli, ge\u00e7en y\u0131l \u00fcniversitelerde yapt\u0131\u011f\u0131m\u0131z aktiviteler ve P&amp;G&rsquo;de staj yapan arkada\u015flardan ald\u0131\u011f\u0131m\u0131z g\u00f6r\u00fc\u015flere dayan\u0131yor. Bu program sayesinde \u00f6\u011frenciler i\u015f hayat\u0131yla erken tan\u0131\u015f\u0131rken biz de onlar\u0131 yak\u0131ndan tan\u0131ma f\u0131rsat\u0131 bulaca\u011f\u0131z. T\u00fcrkiye&rsquo;deki insan kayna\u011f\u0131 yat\u0131r\u0131m\u0131m\u0131z\u0131 her zaman yeni a\u00e7\u0131l\u0131mlarla s\u00fcrd\u00fcrece\u011fiz \u00e7\u00fcnk\u00fc T\u00fcrk gen\u00e7lerinin de\u011fi\u015fimlere a\u00e7\u0131k, dinamik yap\u0131s\u0131 P&amp;G&rsquo;nin ya\u015famlara, insanlara dokunma felsefesi ve trendleri \u00f6ng\u00f6rme beklentisiyle birebir \u00f6rt\u00fc\u015f\u00fcyor. P&amp;G b\u00fcnyesindeki 60 T\u00fcrk y\u00f6neticinin d\u00fcnyan\u0131n farkl\u0131 yerlerinde g\u00f6rev almas\u0131 da bunun \u00f6nemli bir g\u00f6stergesi&rdquo; diye konu\u015ftu.<\/div>\n<div>&nbsp;<\/div>\n<div><strong>Erken i\u015f teklifine var m\u0131s\u0131n\u0131z?<\/strong><\/div>\n<div>&nbsp;<\/div>\n<div>P&amp;G Live Event program\u0131 kapsam\u0131nda 3 g\u00fcn boyunca konaklamal\u0131 olarak P&amp;G&rsquo;nin misafiri olacak \u00f6\u011frenciler, \u00e7al\u0131\u015fmak istedikleri fonksiyonlar\u0131 daha yak\u0131ndan tan\u0131y\u0131p \u00f6zel vaka \u00e7al\u0131\u015fmalar\u0131yla i\u015f d\u00fcnyas\u0131n\u0131n zorluklar\u0131na \u00e7\u00f6z\u00fcmler \u00fcretecek, strateji geli\u015ftirmeyi \u00f6\u011frenecekler. Programa kat\u0131lan \u00f6\u011frenciler, Mart ay\u0131nda \u00fc\u00e7 g\u00fcn s\u00fcrecek etkinli\u011fin ard\u0131ndan son bir m\u00fclakata daha girip, P&amp;G&rsquo;nin t\u00fcm m\u00fclakat s\u00fcrecini tamamlam\u0131\u015f olacaklar. Son m\u00fclakat\u0131 ba\u015far\u0131yla tamamlayan \u00f6\u011frencilere i\u015f ve staj teklifi verilecek.<\/div>\n<div>&nbsp;<\/div>\n<div>&nbsp;<\/div>\n<div>&nbsp;<\/div>\n<div>&nbsp;<\/div>\n<p><\/span><\/div>\n<!-- templates\/buttons-placeholder.php -->\n<div class=\"da-reactions-outer TpostID1293\">\n\t    <div class=\"da-reactions-data da-reactions-container-async center\"\n         data-type=\"post\"\n         data-id=\"1293\"\n         id=\"da-reactions-slot-post-1293\">\n        <div class=\"da-reactions-static\">\n\t\t\t<img src=\"https:\/\/www.kariyer.net\/kariyer-rehberi\/wp-content\/plugins\/da-reactions\/assets\/dist\/loading.svg\" alt=\"Loading spinner\" width=\"48\" height=\"48\" style=\"width:48px\" \/>\n        <\/div>\n    <\/div>\n<\/div>\n","protected":false},"excerpt":{"rendered":"<p>P&amp;G yeni ba\u015flad\u0131\u011f\u0131 P&amp;G Live Event (P&amp;G&rsquo;den Canl\u0131 Yay\u0131n) program\u0131 ile \u00fcniversite \u00f6\u011frencilerine i\u015fi yerinde \u00f6\u011frenme ve erken i\u015f teklifi alma f\u0131rsat\u0131 sunuyor. \u00dcniversitelerin 3., 4. s\u0131n\u0131f ve master \u00f6\u011frencilerine y\u00f6nelik haz\u0131rlanan programa se\u00e7ilen \u00f6\u011frenciler \u00fc\u00e7 g\u00fcnl\u00fck ger\u00e7ek bir P&amp;G deneyimi ya\u015fayacak. Ba\u015fvurular\u0131n internet \u00fczerinden al\u0131nd\u0131\u011f\u0131 program i\u00e7in son ba\u015fvuru tarihi 28 Aral\u0131k 2008! &nbsp; [&hellip;]<\/p>\n<!-- templates\/buttons-placeholder.php -->\n<div class=\"da-reactions-outer TpostID1293\">\n\t    <div class=\"da-reactions-data da-reactions-container-async center\"\n         data-type=\"post\"\n         data-id=\"1293\"\n         id=\"da-reactions-slot-post-1293\">\n        <div class=\"da-reactions-static\">\n\t\t\t<img src=\"https:\/\/www.kariyer.net\/kariyer-rehberi\/wp-content\/plugins\/da-reactions\/assets\/dist\/loading.svg\" alt=\"Loading spinner\" width=\"48\" height=\"48\" style=\"width:48px\" \/>\n        <\/div>\n    <\/div>\n<\/div>\n","protected":false},"author":5,"featured_media":0,"comment_status":"open","ping_status":"open","sticky":false,"template":"","format":"standard","meta":{"footnotes":"","_elementor_edit_mode":"","_elementor_template_type":"","_elementor_data":"","_elementor_page_settings":null,"_elementor_conditions":[]},"categories":[2203],"tags":[],"class_list":{"0":"post-1293","1":"post","2":"type-post","3":"status-publish","4":"format-standard","6":"category-haberler-duyurular"},"yoast_head":"<!-- This site is optimized with the Yoast SEO Premium plugin v21.4 (Yoast SEO v27.0) - https:\/\/yoast.com\/product\/yoast-seo-premium-wordpress\/ -->\n<title>P&amp;G&#039;dan \u00fcniversitelilere i\u015f deneyimi f\u0131rsat\u0131 | Kariyer Rehberi<\/title>\n<meta name=\"description\" content=\"P&amp;G yeni ba\u015flad\u0131\u011f\u0131 P&amp;G Live Event (P&amp;G&rsquo;den Canl\u0131 Yay\u0131n) program\u0131 ile \u00fcniversite \u00f6\u011frencilerine i\u015fi yerinde \u00f6\u011frenme ve erken i\u015f teklifi\" \/>\n<meta name=\"robots\" content=\"index, follow, max-snippet:-1, max-image-preview:large, max-video-preview:-1\" \/>\n<link rel=\"canonical\" href=\"https:\/\/www.kariyer.net\/kariyer-rehberi\/pgdan-universitelilere-is-deneyimi-firsati\/\" \/>\n<meta property=\"og:locale\" content=\"tr_TR\" \/>\n<meta property=\"og:type\" content=\"article\" \/>\n<meta property=\"og:title\" content=\"P&amp;G&#039;dan \u00fcniversitelilere i\u015f deneyimi f\u0131rsat\u0131\" \/>\n<meta property=\"og:description\" content=\"P&amp;G yeni ba\u015flad\u0131\u011f\u0131 P&amp;G Live Event (P&amp;G&rsquo;den Canl\u0131 Yay\u0131n) program\u0131 ile \u00fcniversite \u00f6\u011frencilerine i\u015fi yerinde \u00f6\u011frenme ve erken i\u015f teklifi\" \/>\n<meta property=\"og:url\" content=\"https:\/\/www.kariyer.net\/kariyer-rehberi\/pgdan-universitelilere-is-deneyimi-firsati\/\" \/>\n<meta property=\"og:site_name\" content=\"Kariyer Rehberi\" \/>\n<meta property=\"article:published_time\" content=\"2008-12-22T00:00:00+00:00\" \/>\n<meta property=\"article:modified_time\" content=\"2024-07-03T11:57:48+00:00\" \/>\n<meta property=\"og:image\" content=\"http:\/\/web4.kariyer.net\/UploadFiles\/tempPhoto\/kariyerRehberi\/poster.jpg\" \/>\n<meta name=\"author\" content=\"P\u0131nar Nogay\" \/>\n<meta name=\"twitter:card\" content=\"summary_large_image\" \/>\n<meta name=\"twitter:label1\" content=\"Yazan:\" \/>\n\t<meta name=\"twitter:data1\" content=\"P\u0131nar Nogay\" \/>\n\t<meta name=\"twitter:label2\" content=\"Tahmini okuma s\u00fcresi\" \/>\n\t<meta name=\"twitter:data2\" content=\"3 dakika\" \/>\n<!-- \/ Yoast SEO Premium plugin. -->","yoast_head_json":{"title":"P&amp;G'dan \u00fcniversitelilere i\u015f deneyimi f\u0131rsat\u0131 | Kariyer Rehberi","description":"P&amp;G yeni ba\u015flad\u0131\u011f\u0131 P&amp;G Live Event (P&amp;G&rsquo;den Canl\u0131 Yay\u0131n) program\u0131 ile \u00fcniversite \u00f6\u011frencilerine i\u015fi yerinde \u00f6\u011frenme ve erken i\u015f teklifi","robots":{"index":"index","follow":"follow","max-snippet":"max-snippet:-1","max-image-preview":"max-image-preview:large","max-video-preview":"max-video-preview:-1"},"canonical":"https:\/\/www.kariyer.net\/kariyer-rehberi\/pgdan-universitelilere-is-deneyimi-firsati\/","og_locale":"tr_TR","og_type":"article","og_title":"P&amp;G'dan \u00fcniversitelilere i\u015f deneyimi f\u0131rsat\u0131","og_description":"P&amp;G yeni ba\u015flad\u0131\u011f\u0131 P&amp;G Live Event (P&amp;G&rsquo;den Canl\u0131 Yay\u0131n) program\u0131 ile \u00fcniversite \u00f6\u011frencilerine i\u015fi yerinde \u00f6\u011frenme ve erken i\u015f teklifi","og_url":"https:\/\/www.kariyer.net\/kariyer-rehberi\/pgdan-universitelilere-is-deneyimi-firsati\/","og_site_name":"Kariyer Rehberi","article_published_time":"2008-12-22T00:00:00+00:00","article_modified_time":"2024-07-03T11:57:48+00:00","og_image":[{"url":"http:\/\/web4.kariyer.net\/UploadFiles\/tempPhoto\/kariyerRehberi\/poster.jpg","type":"","width":"","height":""}],"author":"P\u0131nar Nogay","twitter_card":"summary_large_image","twitter_misc":{"Yazan:":"P\u0131nar Nogay","Tahmini okuma s\u00fcresi":"3 dakika"},"schema":{"@context":"https:\/\/schema.org","@graph":[{"@type":"Article","@id":"https:\/\/www.kariyer.net\/kariyer-rehberi\/pgdan-universitelilere-is-deneyimi-firsati\/#article","isPartOf":{"@id":"https:\/\/www.kariyer.net\/kariyer-rehberi\/pgdan-universitelilere-is-deneyimi-firsati\/"},"author":{"name":"P\u0131nar Nogay","@id":"https:\/\/www.kariyer.net\/kariyer-rehberi\/#\/schema\/person\/ea0977057f6b311990c570cc6d4c25d0"},"headline":"P&amp;G&#8217;dan \u00fcniversitelilere i\u015f deneyimi f\u0131rsat\u0131","datePublished":"2008-12-22T00:00:00+00:00","dateModified":"2024-07-03T11:57:48+00:00","mainEntityOfPage":{"@id":"https:\/\/www.kariyer.net\/kariyer-rehberi\/pgdan-universitelilere-is-deneyimi-firsati\/"},"wordCount":552,"commentCount":0,"publisher":{"@id":"https:\/\/www.kariyer.net\/kariyer-rehberi\/#organization"},"image":{"@id":"https:\/\/www.kariyer.net\/kariyer-rehberi\/pgdan-universitelilere-is-deneyimi-firsati\/#primaryimage"},"thumbnailUrl":"http:\/\/web4.kariyer.net\/UploadFiles\/tempPhoto\/kariyerRehberi\/poster.jpg","articleSection":["Haberler ve Duyurular"],"inLanguage":"tr","potentialAction":[{"@type":"CommentAction","name":"Comment","target":["https:\/\/www.kariyer.net\/kariyer-rehberi\/pgdan-universitelilere-is-deneyimi-firsati\/#respond"]}]},{"@type":"WebPage","@id":"https:\/\/www.kariyer.net\/kariyer-rehberi\/pgdan-universitelilere-is-deneyimi-firsati\/","url":"https:\/\/www.kariyer.net\/kariyer-rehberi\/pgdan-universitelilere-is-deneyimi-firsati\/","name":"P&amp;G'dan \u00fcniversitelilere i\u015f deneyimi f\u0131rsat\u0131 | Kariyer Rehberi","isPartOf":{"@id":"https:\/\/www.kariyer.net\/kariyer-rehberi\/#website"},"primaryImageOfPage":{"@id":"https:\/\/www.kariyer.net\/kariyer-rehberi\/pgdan-universitelilere-is-deneyimi-firsati\/#primaryimage"},"image":{"@id":"https:\/\/www.kariyer.net\/kariyer-rehberi\/pgdan-universitelilere-is-deneyimi-firsati\/#primaryimage"},"thumbnailUrl":"http:\/\/web4.kariyer.net\/UploadFiles\/tempPhoto\/kariyerRehberi\/poster.jpg","datePublished":"2008-12-22T00:00:00+00:00","dateModified":"2024-07-03T11:57:48+00:00","description":"P&amp;G yeni ba\u015flad\u0131\u011f\u0131 P&amp;G Live Event (P&amp;G&rsquo;den Canl\u0131 Yay\u0131n) program\u0131 ile \u00fcniversite \u00f6\u011frencilerine i\u015fi yerinde \u00f6\u011frenme ve erken i\u015f teklifi","breadcrumb":{"@id":"https:\/\/www.kariyer.net\/kariyer-rehberi\/pgdan-universitelilere-is-deneyimi-firsati\/#breadcrumb"},"inLanguage":"tr","potentialAction":[{"@type":"ReadAction","target":["https:\/\/www.kariyer.net\/kariyer-rehberi\/pgdan-universitelilere-is-deneyimi-firsati\/"]}]},{"@type":"ImageObject","inLanguage":"tr","@id":"https:\/\/www.kariyer.net\/kariyer-rehberi\/pgdan-universitelilere-is-deneyimi-firsati\/#primaryimage","url":"http:\/\/web4.kariyer.net\/UploadFiles\/tempPhoto\/kariyerRehberi\/poster.jpg","contentUrl":"http:\/\/web4.kariyer.net\/UploadFiles\/tempPhoto\/kariyerRehberi\/poster.jpg"},{"@type":"BreadcrumbList","@id":"https:\/\/www.kariyer.net\/kariyer-rehberi\/pgdan-universitelilere-is-deneyimi-firsati\/#breadcrumb","itemListElement":[{"@type":"ListItem","position":1,"name":"Anasayfa","item":"https:\/\/www.kariyer.net\/kariyer-rehberi\/"},{"@type":"ListItem","position":2,"name":"P&amp;G&#8217;dan \u00fcniversitelilere i\u015f deneyimi f\u0131rsat\u0131"}]},{"@type":"WebSite","@id":"https:\/\/www.kariyer.net\/kariyer-rehberi\/#website","url":"https:\/\/www.kariyer.net\/kariyer-rehberi\/","name":"Kariyer Rehberi","description":"\u0130\u015f D\u00fcnyas\u0131yla \u0130lgili Bilmek \u0130stedi\u011finiz Her \u015eey","publisher":{"@id":"https:\/\/www.kariyer.net\/kariyer-rehberi\/#organization"},"potentialAction":[{"@type":"SearchAction","target":{"@type":"EntryPoint","urlTemplate":"https:\/\/www.kariyer.net\/kariyer-rehberi\/?s={search_term_string}"},"query-input":{"@type":"PropertyValueSpecification","valueRequired":true,"valueName":"search_term_string"}}],"inLanguage":"tr"},{"@type":"Organization","@id":"https:\/\/www.kariyer.net\/kariyer-rehberi\/#organization","name":"Kariyer.net","url":"https:\/\/www.kariyer.net\/kariyer-rehberi\/","logo":{"@type":"ImageObject","inLanguage":"tr","@id":"https:\/\/www.kariyer.net\/kariyer-rehberi\/#\/schema\/logo\/image\/","url":"https:\/\/www.kariyer.net\/kariyer-rehberi-new\/wp-content\/uploads\/2023\/01\/og-image11.jpg","contentUrl":"https:\/\/www.kariyer.net\/kariyer-rehberi-new\/wp-content\/uploads\/2023\/01\/og-image11.jpg","width":800,"height":800,"caption":"Kariyer.net"},"image":{"@id":"https:\/\/www.kariyer.net\/kariyer-rehberi\/#\/schema\/logo\/image\/"}},{"@type":"Person","@id":"https:\/\/www.kariyer.net\/kariyer-rehberi\/#\/schema\/person\/ea0977057f6b311990c570cc6d4c25d0","name":"P\u0131nar Nogay","image":{"@type":"ImageObject","inLanguage":"tr","@id":"https:\/\/www.kariyer.net\/kariyer-rehberi\/#\/schema\/person\/image\/","url":"https:\/\/secure.gravatar.com\/avatar\/330a216cbd1ec8a38c34e372b2be4a261e51e0805bd9186606e000f5efd0f0cf?s=96&d=mm&r=g","contentUrl":"https:\/\/secure.gravatar.com\/avatar\/330a216cbd1ec8a38c34e372b2be4a261e51e0805bd9186606e000f5efd0f0cf?s=96&d=mm&r=g","caption":"P\u0131nar Nogay"},"description":"Gazeteci olmak i\u00e7in yola \u00e7\u0131karak Eski\u015fehir Anadolu \u00dcniversitesi \u0130leti\u015fim Fak\u00fcltesi\u2019nde Bas\u0131n Yay\u0131n e\u011fitimi ald\u0131. Sekt\u00f6rel yay\u0131nlarda tecr\u00fcbe kazanan, 2007 y\u0131l\u0131nda Kariyer\u2019de Edit\u00f6r olarak \u00e7al\u0131\u015fmaya ba\u015flayan Nogay, 2011\u2019den bu yana Genel Yay\u0131n Y\u00f6netmeni olarak g\u00f6rev yap\u0131yor.","sameAs":["http:\/\/www.kariyer.net\/kariyer-rehberi\/pinar-nogay\/"],"url":"https:\/\/www.kariyer.net\/kariyer-rehberi\/author\/pinar-nogay\/"}]}},"_links":{"self":[{"href":"https:\/\/www.kariyer.net\/kariyer-rehberi\/wp-json\/wp\/v2\/posts\/1293","targetHints":{"allow":["GET"]}}],"collection":[{"href":"https:\/\/www.kariyer.net\/kariyer-rehberi\/wp-json\/wp\/v2\/posts"}],"about":[{"href":"https:\/\/www.kariyer.net\/kariyer-rehberi\/wp-json\/wp\/v2\/types\/post"}],"author":[{"embeddable":true,"href":"https:\/\/www.kariyer.net\/kariyer-rehberi\/wp-json\/wp\/v2\/users\/5"}],"replies":[{"embeddable":true,"href":"https:\/\/www.kariyer.net\/kariyer-rehberi\/wp-json\/wp\/v2\/comments?post=1293"}],"version-history":[{"count":1,"href":"https:\/\/www.kariyer.net\/kariyer-rehberi\/wp-json\/wp\/v2\/posts\/1293\/revisions"}],"predecessor-version":[{"id":18927,"href":"https:\/\/www.kariyer.net\/kariyer-rehberi\/wp-json\/wp\/v2\/posts\/1293\/revisions\/18927"}],"wp:attachment":[{"href":"https:\/\/www.kariyer.net\/kariyer-rehberi\/wp-json\/wp\/v2\/media?parent=1293"}],"wp:term":[{"taxonomy":"category","embeddable":true,"href":"https:\/\/www.kariyer.net\/kariyer-rehberi\/wp-json\/wp\/v2\/categories?post=1293"},{"taxonomy":"post_tag","embeddable":true,"href":"https:\/\/www.kariyer.net\/kariyer-rehberi\/wp-json\/wp\/v2\/tags?post=1293"}],"curies":[{"name":"wp","href":"https:\/\/api.w.org\/{rel}","templated":true}]}}