{"id":1294,"date":"2008-12-29T02:00:00","date_gmt":"2008-12-29T00:00:00","guid":{"rendered":"http:\/\/92.45.35.169\/10-soruda-yabancilarin-calisma-ve-ikamet-izinleri\/"},"modified":"2024-07-03T14:57:48","modified_gmt":"2024-07-03T11:57:48","slug":"10-soruda-yabancilarin-calisma-ve-ikamet-izinleri","status":"publish","type":"post","link":"https:\/\/www.kariyer.net\/kariyer-rehberi\/10-soruda-yabancilarin-calisma-ve-ikamet-izinleri\/","title":{"rendered":"10 soruda yabanc\u0131lar\u0131n \u00e7al\u0131\u015fma ve ikamet izinleri!"},"content":{"rendered":"<div style=\"margin: 6pt 3.95pt 0pt 0cm; line-height: normal\" align=\"left\">\n<div style=\"margin: 6pt 3.95pt 0pt 0cm; line-height: normal\" align=\"left\"><span style=\"font-size: 10pt; color: windowtext\"><\/span><\/div>\n<p><font size=\"2\"><img decoding=\"async\" height=\"180\" alt=\"\" hspace=\"10\" width=\"148\" align=\"left\" vspace=\"10\" src=\"http:\/\/web4.kariyer.net\/UploadFiles\/tempPhoto\/kariyerRehberi\/HIMMET_OZTURK1.jpg\" \/>4M Dan\u0131\u015fmanl\u0131k 1991 y\u0131l\u0131ndan beri sanayici, \u00fcretici, ithalat\u00e7\u0131, ihracat\u00e7\u0131 T\u00fcrk ve yabanc\u0131 sermayeli \u015firketlere dan\u0131\u015fmanl\u0131k hizmeti veriyor. Avrupa Patent Vekili Himmet \u00d6ZT\u00dcRK T\u00fcrkiye&rsquo;deki ilk marka ve patent vekili olup, 1996 y\u0131l\u0131nda Marka ve Patent vekilli\u011fi siciline 1 nolu belgeyle kay\u0131t olmu\u015f.&nbsp;7 y\u0131l Patent ve Marka Vekilleri Dernek Ba\u015fkanl\u0131\u011f\u0131n\u0131 s\u00fcrd\u00fcren \u00d6zt\u00fcrk, Patent ve Marka Vekilli\u011fi Yeterlilik S\u0131nav\u0131 \u00f6ncesi a\u00e7\u0131lan kurslar\u0131 y\u00f6netti, e\u011fitimci olarak g\u00f6rev yapt\u0131. Sekt\u00f6r\u00fcn geli\u015fmesini sa\u011flamak i\u00e7in T\u00fcrkiye Patent ve Marka Vekilleri Sekt\u00f6r Meclisi&#8217;nin 2008 y\u0131l\u0131ndaki kurulu\u015funa kadar yo\u011fun \u00e7aba harcad\u0131. <\/font><font size=\"2\">\u00d6zt\u00fcrk, ayn\u0131 zamanda T\u00fcrkiye&#8217;de Tavuk\u00e7uluk sekt\u00f6r\u00fcn\u00fcn geli\u015fmesine b\u00fcy\u00fck katk\u0131da bulunarak, K\u00d6Y-T\u00dcR markas\u0131n\u0131 olu\u015fturdu. <\/font><font size=\"2\">4M Dan\u0131\u015fmanl\u0131k, m\u00fc\u015fteri dan\u0131\u015fmanl\u0131\u011f\u0131 ve e\u011fitim hizmetlerini daha etkin hale getirmek i\u00e7in yeni y\u0131lda Ankara Maltepe Gazi i\u015f merkezi&#8217;ndeki modern ofisinde, yenilenen, dinamik kadrosu ve toplant\u0131 konferans salonlar\u0131 ile m\u00fc\u015fterilerine daha etkin hizmetler sunacak.&nbsp;<\/font><font size=\"2\">\u00c7al\u0131\u015fma ve Sosyal G\u00fcvenlik Bakanl\u0131\u011f\u0131&rsquo;na ba\u015fvuru yap\u0131lmas\u0131yla ba\u015flayan \u00c7al\u0131\u015fma ve \u0130kamet \u0130zni Belgesi alma s\u00fcrecini Himmet \u00d6zt\u00fcrk anlatt\u0131.<\/font><\/div>\n<div style=\"background: white\"><strong><font size=\"2\"><br \/>1.&nbsp;&nbsp;&nbsp;&nbsp; \u00c7al\u0131\u015fma izninin al\u0131nabilmesi i\u00e7in ne zorunludur? \u00c7al\u0131\u015fma \u0130zni belgesi alma s\u00fcresi ne zaman ba\u015flar?<\/font><\/strong><\/div>\n<div style=\"background: white; margin: 0cm 0cm 12pt\"><font size=\"2\">Yabanc\u0131lar\u0131n \u00e7al\u0131\u015fma ve ikamet izinleri birbirine ba\u011fl\u0131 i\u015flemler. \u00c7al\u0131\u015fma izin belgesi ba\u015fvuru a\u015famas\u0131nda oturum ama\u00e7l\u0131, en az alt\u0131 ay s\u00fcreli ve s\u00fcresi dolmam\u0131\u015f ikamet izni gerekli. <\/font><font size=\"2\">\u00c7al\u0131\u015fma izin belgesi alan bir yabanc\u0131n\u0131n, \u00f6nceden al\u0131nan oturum ama\u00e7l\u0131 ikamet iznini, \u00e7al\u0131\u015fma ama\u00e7l\u0131 ikamet iznine \u00e7evirmesi zorunlu. \u00c7al\u0131\u015fma \u0130zni belgesi alma s\u00fcresi \u00c7al\u0131\u015fma Ve Sosyal G\u00fcvenlik Bakanl\u0131\u011f\u0131&rsquo;na ba\u015fvuru yap\u0131lmas\u0131yla ba\u015fl\u0131yor.<\/font><\/div>\n<div style=\"background: white\"><strong><font size=\"2\">2.&nbsp;&nbsp;&nbsp;&nbsp; \u0130kamet \u0130zni verilmeyen \u00fclkeler nerelerdir? Hangi hallerde teskere al\u0131nabilir?<\/font><\/strong><\/div>\n<div><font size=\"2\">Moldovya, \u00c7in, Ukrayna ve Bulgaristan uyruklu yabanc\u0131lara Emniyet M\u00fcd\u00fcrl\u00fc\u011f\u00fc hi\u00e7bir \u015fekilde&nbsp; Turistik Ama\u00e7l\u0131 ve Uzun S\u00fcreli Oturum ama\u00e7l\u0131 Teskere vermemektedir. Bunun d\u0131\u015f\u0131nda Evlilik Ama\u00e7l\u0131, \u00c7al\u0131\u015fma Ama\u00e7l\u0131, \u0130kametli anne baba ya da \u00e7ocu\u011fa Refakat Ama\u00e7l\u0131 olmas\u0131 durumunda teskere alabilmektedir. <\/font><font size=\"2\">Ayr\u0131ca bunlar\u0131n d\u0131\u015f\u0131ndaki 3. \u00fclke vatanda\u015flar\u0131 3 ayl\u0131k Turistik Ama\u00e7l\u0131 Teskere alabilmektedir. Ancak bir takvim y\u0131l\u0131 i\u00e7ersinde sadece 1 kez alabilmektedirler. Yani&nbsp;Temmuz 2008 de 3 ayl\u0131k teskere ald\u0131\u011f\u0131nda Ekim 2008 de s\u00fcresi bitmektedir. 2009 y\u0131l\u0131 Ocak ay\u0131nda tekrar 3 ayl\u0131k teskere alma hakk\u0131 bulunmaktad\u0131r<\/font><\/div>\n<div style=\"background: white\">&nbsp;<\/div>\n<div style=\"background: white\"><strong><font size=\"2\">3.&nbsp;&nbsp;&nbsp;&nbsp; 4817 say\u0131l\u0131 kanun kimleri kaps\u0131yor?&nbsp;<\/font><\/strong><\/div>\n<div style=\"background: white; margin: 0cm 0cm 12pt\"><font size=\"2\">Kanun; T\u00fcrkiye&rsquo;de ba\u011f\u0131ml\u0131 ve ba\u011f\u0131ms\u0131z \u00e7al\u0131\u015fan yabanc\u0131lar\u0131, bir i\u015fveren yan\u0131nda meslek e\u011fitimi g\u00f6ren yabanc\u0131lar\u0131 ve yabanc\u0131 \u00e7al\u0131\u015ft\u0131ran ger\u00e7ek ve t\u00fczel ki\u015fileri kaps\u0131yor.<\/font><\/div>\n<div style=\"background: white; margin: 0cm 0cm 12pt\"><font size=\"2\"><strong>4.&nbsp;&nbsp;&nbsp;&nbsp; 4817 say\u0131l\u0131 kanun kimleri kapsam\u0131yor? <\/strong>S\u00f6z konusu Kanun ile ;<\/font><\/div>\n<div style=\"background: white; margin: 0cm 0cm 0pt 35.45pt; text-indent: -18pt\"><span><font size=\"2\">&middot;<\/font><span style=\"font: 7pt 'Times New Roman'\">&nbsp;&nbsp;&nbsp;&nbsp;&nbsp;&nbsp;&nbsp;&nbsp; <\/span><\/span><font size=\"2\">Do\u011fumla T\u00fcrk vatanda\u015fl\u0131\u011f\u0131n\u0131 kazanm\u0131\u015f olup Bakanlar Kurulu Karar\u0131 ile \u00e7\u0131kma izni almak suretiyle vatanda\u015fl\u0131ktan \u00e7\u0131kanlar,<\/font><\/div>\n<div style=\"background: white; margin: 0cm 0cm 0pt 35.45pt; text-indent: -18pt\"><span><font size=\"2\">&middot;<\/font><span style=\"font: 7pt 'Times New Roman'\">&nbsp;&nbsp;&nbsp;&nbsp;&nbsp;&nbsp;&nbsp;&nbsp; <\/span><\/span><font size=\"2\">Bas\u0131n Kanununa g\u00f6re \u00e7al\u0131\u015ft\u0131r\u0131lacak muhabirler,<\/font><\/div>\n<div style=\"background: white; margin: 0cm 0cm 0pt 35.45pt; text-indent: -18pt\"><span><font size=\"2\">&middot;<\/font><span style=\"font: 7pt 'Times New Roman'\">&nbsp;&nbsp;&nbsp;&nbsp;&nbsp;&nbsp;&nbsp;&nbsp; <\/span><\/span><font size=\"2\">Yabanc\u0131 bas\u0131n yay\u0131n organlar\u0131 mensuplar\u0131,<\/font><\/div>\n<div style=\"background: white; margin: 0cm 0cm 0pt 35.45pt; text-indent: -18pt\"><span><font size=\"2\">&middot;<\/font><span style=\"font: 7pt 'Times New Roman'\">&nbsp;&nbsp;&nbsp;&nbsp;&nbsp;&nbsp;&nbsp;&nbsp; <\/span><\/span><font size=\"2\">Bakanl\u0131klar, kamu kurum ve kurulu\u015flar\u0131nca kanunla verilen yetkiye dayanarak \u00e7al\u0131\u015fma izni verilen veya istihdam edilenler, <\/font><\/div>\n<div style=\"background: white; margin: 0cm 0cm 0pt 35.45pt; text-indent: -18pt\"><span><font size=\"2\">&middot;<\/font><span style=\"font: 7pt 'Times New Roman'\">&nbsp;&nbsp;&nbsp;&nbsp;&nbsp;&nbsp;&nbsp;&nbsp; <\/span><\/span><font size=\"2\">Y\u00f6netmelikle kar\u015f\u0131l\u0131kl\u0131l\u0131k ilkesi, uluslar aras\u0131 hukuk ve Avrupa Birli\u011fi hukuku esaslar\u0131 dikkate al\u0131nmak suretiyle \u00e7al\u0131\u015fma izninden muaf tutulan yabanc\u0131lar Kanunda kapsam d\u0131\u015f\u0131 tutulmu\u015flar.<\/font><\/div>\n<div style=\"background: white; margin: 0cm 0cm 12pt\"><font size=\"2\"><strong><br \/>5.&nbsp;&nbsp;&nbsp;&nbsp; Ka\u00e7 t\u00fcr \u00e7al\u0131\u015fma izni veriliyor? <\/strong>D\u00f6rt grupta \u00e7al\u0131\u015fma izni veriliyor:<\/font><\/div>\n<div style=\"background: white; margin: 0cm 0cm 12pt 16pt\"><font size=\"2\"><strong>S\u00fcreli \u00e7al\u0131\u015fma izni<\/strong>; T\u00fcrkiye&rsquo;nin taraf oldu\u011fu ikili ya da \u00e7ok tarafl\u0131 s\u00f6zle\u015fmelerde aksi \u00f6ng\u00f6r\u00fclmedik\u00e7e, i\u015f piyasas\u0131ndaki durum, \u00e7al\u0131\u015fma hayat\u0131ndaki geli\u015fmeler, istihdama ili\u015fkin sekt\u00f6rel ve ekonomik konjonkt\u00fcr de\u011fi\u015fiklikleri dikkate al\u0131narak, yabanc\u0131n\u0131n ikamet izninin s\u00fcresi ile hizmet akdinin veya i\u015fin s\u00fcresine g\u00f6re, belirli bir i\u015fletme ve belirli bir meslekte \u00e7al\u0131\u015fmak \u00fczere en \u00e7ok bir y\u0131l s\u00fcreyle verilir. <\/font><\/div>\n<div style=\"background: white; margin: 0cm 0cm 12pt 18pt\"><font size=\"2\">Bir y\u0131ll\u0131k \u00e7al\u0131\u015fmadan sonra bu s\u00fcre, ayn\u0131 i\u015fyeri veya ayn\u0131 i\u015fletme ve ayn\u0131 meslekte \u00e7al\u0131\u015fmak \u00fczere \u00fc\u00e7 y\u0131la kadar, bu s\u00fcre sonunda da ayn\u0131 meslekte ancak bu defa diledi\u011fi i\u015fverenin yan\u0131nda \u00e7al\u0131\u015fmak \u00fczere alt\u0131 y\u0131la kadar uzat\u0131labilir. <\/font><\/div>\n<div style=\"background: white; margin: 0cm 0cm 12pt 18pt\"><font size=\"2\">T\u00fcrkiye&rsquo;ye \u00e7al\u0131\u015fmak \u00fczere gelen bir yabanc\u0131n\u0131n beraberinde veya daha sonra getirmi\u015f oldu\u011fu e\u015f ve bakmakla y\u00fck\u00fcml\u00fc oldu\u011fu \u00e7ocuklar\u0131na da yabanc\u0131n\u0131n kendisi ile birlikte en az be\u015f y\u0131l kanuni ve kesintisiz ikamet etmi\u015f olmalar\u0131 kayd\u0131yla s\u00fcreli \u00e7al\u0131\u015fma izni verilebilir.<\/font><\/div>\n<div style=\"background: white; margin: 0cm 0cm 12pt 16pt\"><font size=\"2\"><strong>S\u00fcresiz \u00e7al\u0131\u015fma izni<\/strong>; T\u00fcrkiye&rsquo;nin taraf oldu\u011fu ikili ya da \u00e7ok tarafl\u0131 s\u00f6zle\u015fmelerde aksi \u00f6ng\u00f6r\u00fclmedik\u00e7e, T\u00fcrkiye&rsquo;de en az sekiz y\u0131l kanuni ve kesintisiz ikamet eden veya toplam alt\u0131 y\u0131ll\u0131k kanuni \u00e7al\u0131\u015fmas\u0131 olan yabanc\u0131lara, s\u00fcresiz \u00e7al\u0131\u015fma izni verilebilir.<\/font><\/div>\n<div style=\"background: white; margin: 0cm 0cm 12pt 16pt\"><font size=\"2\"><strong>Ba\u011f\u0131ms\u0131z \u00e7al\u0131\u015fma izni<\/strong>; Ba\u011f\u0131ms\u0131z \u00e7al\u0131\u015facak yabanc\u0131lara T\u00fcrkiye&rsquo;de en az be\u015f y\u0131l kanuni ve kesintisiz ikamet etmi\u015f olmak ko\u015fulu ile verilebilir.<\/font><\/div>\n<div style=\"background: white; margin: 0cm 0cm 12pt 16pt\"><font size=\"2\"><strong>\u0130stisnai \u00e7al\u0131\u015fma izni<\/strong>; T\u00fcrkiye&rsquo;nin taraf oldu\u011fu ikili ya da \u00e7ok tarafl\u0131 s\u00f6zle\u015fmelerde aksi \u00f6ng\u00f6r\u00fclmedik\u00e7e; ilgili maddede s\u0131ralanan yabanc\u0131lara verilebilir.<br \/><strong><br \/>6.&nbsp;&nbsp;&nbsp;&nbsp; \u00c7al\u0131\u015fma izninden kimler muaf tutuluyor?<\/strong>\u00c7al\u0131\u015fma izninden muaf tutulacaklar, kar\u015f\u0131l\u0131kl\u0131l\u0131k ilkesi, uluslararas\u0131 hukuk ve Avrupa Birli\u011fi hukuku esas al\u0131narak d\u00fczenlenen y\u00f6netmelikle belirlenmi\u015f.<\/font><font size=\"2\"><strong><\/p>\n<p>7.&nbsp;&nbsp;&nbsp;&nbsp; \u00c7al\u0131\u015fma izinleri nas\u0131l veriliyor?<\/strong>&nbsp;&nbsp;&nbsp;&nbsp;&nbsp;&nbsp;<br \/>\u0130zinlerin verilmesine ili\u015fkin usul ve esaslar y\u00f6netmelikle d\u00fczenlenecek olmakla birlikte, kanunda izinlerin verilme&nbsp;prosed\u00fcr\u00fc de a\u00e7\u0131klanm\u0131\u015f,&nbsp;mevcut uygulamada kar\u015f\u0131la\u015f\u0131lan aksakl\u0131klar\u0131 giderecek&nbsp;fakat yabanc\u0131lar\u0131n \u00e7al\u0131\u015fma vizesi ve ikamet tezkeresi almalar\u0131 ile ilgili mevcut mevzuatla da \u00e7ak\u0131\u015fmayacak d\u00fczenlemeler yap\u0131lm\u0131\u015f. <\/font><font size=\"2\">Buna g\u00f6re; yabanc\u0131lar yurtd\u0131\u015f\u0131ndan m\u00fcracaatlar\u0131n\u0131, bulunduklar\u0131 \u00fclkenin T\u00fcrkiye Cumhuriyeti temsilciliklerine yapacaklard\u0131r. Yabanc\u0131lara bu kanunla getirilen ko\u015fullara ba\u011fl\u0131 olarak \u00e7al\u0131\u015fabilecekleri meslek, sanat veya i\u015flerle ilgili \u00e7al\u0131\u015fma izinleri, ilgili mercilerin g\u00f6r\u00fc\u015fleri al\u0131nmak suretiyle verilir.<\/font><\/div>\n<div style=\"background: white; margin: 0cm 0cm 12pt\"><font size=\"2\"><strong>8.&nbsp;&nbsp;&nbsp;&nbsp; \u0130kamet izni varsa ba\u015fvuru nereye yap\u0131l\u0131r? Ve s\u00fcresi ne zamana kadar?<\/strong> <br \/>T\u00fcrkiye&rsquo;de \u00f6\u011frenim amac\u0131yla verilen ikamet izinleri hari\u00e7, herhangi bir sebebe istinaden en az alt\u0131 ay s\u00fcreli ikamet iznialm\u0131\u015f olan yabanc\u0131lar\u0131n, bu s\u00fcre i\u00e7erisinde \u00e7al\u0131\u015fma izni almak \u00fczere Bakanl\u0131\u011f\u0131m\u0131za ba\u015fvurmalar\u0131 gerekiyor.<\/font><\/div>\n<div style=\"background: white\"><font size=\"2\"><strong>9.&nbsp;&nbsp;&nbsp;&nbsp; \u0130kamet izni yoksa ba\u015fvuru nereye yap\u0131l\u0131r ve bu s\u00fcre i\u00e7inde dikkat edilmesi gereken hususlar nelerdir?<\/strong>Yurt d\u0131\u015f\u0131ndan ba\u015fvuru yapacak yabanc\u0131lar\u0131n \u00e7al\u0131\u015fma izin ba\u015fvurular\u0131n\u0131 T\u00fcrkiye&#8217;nin d\u0131\u015f temsilciliklerine yapmalar\u0131 gerekiyor. <\/font><\/div>\n<div style=\"background: white\"><font size=\"2\">Bunun i\u00e7in \u00c7al\u0131\u015fma izni ba\u015fvuru dosyas\u0131n\u0131n haz\u0131r olmas\u0131 ve yabanc\u0131n\u0131n kendi \u00fclkesinde yapaca\u011f\u0131 ba\u015fvuru tarihinden itibaren en ge\u00e7 3 g\u00fcn i\u00e7inde Bakanl\u0131\u011fa giri\u015f yapmas\u0131 zorunludur.<\/font><\/div>\n<div style=\"background: white; margin: 0cm 0cm 12pt\"><font size=\"2\"><strong><br \/>10.\u0130zin almaman\u0131n cezai yapt\u0131r\u0131mlar\u0131 nelerdir? <\/strong>Yabanc\u0131 ka\u00e7ak i\u015f\u00e7ili\u011fin cayd\u0131r\u0131lmas\u0131na y\u00f6nelik cezai yapt\u0131r\u0131mlara ili\u015fkin d\u00fczenlemelerde, Bat\u0131 Avrupa \u00fclke uygulamalar\u0131 dikkate al\u0131nm\u0131\u015f.&nbsp;Ayr\u0131ca,&nbsp;fiillerin tekrar\u0131 halinde idari para cezalar\u0131 bir kat art\u0131r\u0131larak uygulanacakt\u0131r.<br \/>Kanun ile idari para cezalar\u0131n\u0131n yan\u0131 s\u0131ra yabanc\u0131y\u0131 ka\u00e7ak \u00e7al\u0131\u015ft\u0131ran i\u015fveren veya vekillerine, yabanc\u0131n\u0131n ve varsa e\u015f ve \u00e7ocuklar\u0131n\u0131n konaklama giderlerini, \u00fclkelerine d\u00f6nmeleri i\u00e7in gerekli masraflar\u0131 ve gerekti\u011finde sa\u011fl\u0131k harcamalar\u0131n\u0131 kar\u015f\u0131lama zorunlulu\u011fu getirilmi\u015f.<\/font><\/div>\n<div style=\"margin: 6pt 0cm 0pt\"><strong><font size=\"2\">Ayr\u0131nt\u0131l\u0131 bilgi i\u00e7in; <\/font><a href=\"http:\/\/www.yabancipersonel.com\/\"><span style=\"color: windowtext\"><font size=\"2\">www.yabancipersonel.com<\/font><\/span><\/a><\/strong><\/div>\n<div style=\"margin: 6pt 0cm 0pt\"><strong><font size=\"2\"><\/font><\/strong><\/div>\n<div>&nbsp;<\/div>\n<!-- templates\/buttons-placeholder.php -->\n<div class=\"da-reactions-outer TpostID1294\">\n\t    <div class=\"da-reactions-data da-reactions-container-async center\"\n         data-type=\"post\"\n         data-id=\"1294\"\n         id=\"da-reactions-slot-post-1294\">\n        <div class=\"da-reactions-static\">\n\t\t\t<img src=\"https:\/\/www.kariyer.net\/kariyer-rehberi\/wp-content\/plugins\/da-reactions\/assets\/dist\/loading.svg\" alt=\"Loading spinner\" width=\"48\" height=\"48\" style=\"width:48px\" \/>\n        <\/div>\n    <\/div>\n<\/div>\n","protected":false},"excerpt":{"rendered":"<p>4M Dan\u0131\u015fmanl\u0131k 1991 y\u0131l\u0131ndan beri sanayici, \u00fcretici, ithalat\u00e7\u0131, ihracat\u00e7\u0131 T\u00fcrk ve yabanc\u0131 sermayeli \u015firketlere dan\u0131\u015fmanl\u0131k hizmeti veriyor. Avrupa Patent Vekili Himmet \u00d6ZT\u00dcRK T\u00fcrkiye&rsquo;deki ilk marka ve patent vekili olup, 1996 y\u0131l\u0131nda Marka ve Patent vekilli\u011fi siciline 1 nolu belgeyle kay\u0131t olmu\u015f.&nbsp;7 y\u0131l Patent ve Marka Vekilleri Dernek Ba\u015fkanl\u0131\u011f\u0131n\u0131 s\u00fcrd\u00fcren \u00d6zt\u00fcrk, Patent ve Marka Vekilli\u011fi Yeterlilik [&hellip;]<\/p>\n<!-- templates\/buttons-placeholder.php -->\n<div class=\"da-reactions-outer TpostID1294\">\n\t    <div class=\"da-reactions-data da-reactions-container-async center\"\n         data-type=\"post\"\n         data-id=\"1294\"\n         id=\"da-reactions-slot-post-1294\">\n        <div class=\"da-reactions-static\">\n\t\t\t<img src=\"https:\/\/www.kariyer.net\/kariyer-rehberi\/wp-content\/plugins\/da-reactions\/assets\/dist\/loading.svg\" alt=\"Loading spinner\" width=\"48\" height=\"48\" style=\"width:48px\" \/>\n        <\/div>\n    <\/div>\n<\/div>\n","protected":false},"author":5,"featured_media":0,"comment_status":"open","ping_status":"open","sticky":false,"template":"","format":"standard","meta":{"footnotes":"","_elementor_edit_mode":"","_elementor_template_type":"","_elementor_data":"","_elementor_page_settings":null,"_elementor_conditions":[]},"categories":[2203],"tags":[],"class_list":{"0":"post-1294","1":"post","2":"type-post","3":"status-publish","4":"format-standard","6":"category-haberler-duyurular"},"yoast_head":"<!-- This site is optimized with the Yoast SEO Premium plugin v21.4 (Yoast SEO v27.0) - https:\/\/yoast.com\/product\/yoast-seo-premium-wordpress\/ -->\n<title>10 soruda yabanc\u0131lar\u0131n \u00e7al\u0131\u015fma ve ikamet izinleri! | Kariyer Rehberi<\/title>\n<meta name=\"description\" content=\"4M Dan\u0131\u015fmanl\u0131k 1991 y\u0131l\u0131ndan beri sanayici, \u00fcretici, ithalat\u00e7\u0131, ihracat\u00e7\u0131 T\u00fcrk ve yabanc\u0131 sermayeli \u015firketlere dan\u0131\u015fmanl\u0131k hizmeti veriyor. Avrupa Patent\" \/>\n<meta name=\"robots\" content=\"index, follow, max-snippet:-1, max-image-preview:large, max-video-preview:-1\" \/>\n<link rel=\"canonical\" href=\"https:\/\/www.kariyer.net\/kariyer-rehberi\/10-soruda-yabancilarin-calisma-ve-ikamet-izinleri\/\" \/>\n<meta property=\"og:locale\" content=\"tr_TR\" \/>\n<meta property=\"og:type\" content=\"article\" \/>\n<meta property=\"og:title\" content=\"10 soruda yabanc\u0131lar\u0131n \u00e7al\u0131\u015fma ve ikamet izinleri!\" \/>\n<meta property=\"og:description\" content=\"4M Dan\u0131\u015fmanl\u0131k 1991 y\u0131l\u0131ndan beri sanayici, \u00fcretici, ithalat\u00e7\u0131, ihracat\u00e7\u0131 T\u00fcrk ve yabanc\u0131 sermayeli \u015firketlere dan\u0131\u015fmanl\u0131k hizmeti veriyor. Avrupa Patent\" \/>\n<meta property=\"og:url\" content=\"https:\/\/www.kariyer.net\/kariyer-rehberi\/10-soruda-yabancilarin-calisma-ve-ikamet-izinleri\/\" \/>\n<meta property=\"og:site_name\" content=\"Kariyer Rehberi\" \/>\n<meta property=\"article:published_time\" content=\"2008-12-29T00:00:00+00:00\" \/>\n<meta property=\"article:modified_time\" content=\"2024-07-03T11:57:48+00:00\" \/>\n<meta property=\"og:image\" content=\"http:\/\/web4.kariyer.net\/UploadFiles\/tempPhoto\/kariyerRehberi\/HIMMET_OZTURK1.jpg\" \/>\n<meta name=\"author\" content=\"P\u0131nar Nogay\" \/>\n<meta name=\"twitter:card\" content=\"summary_large_image\" \/>\n<meta name=\"twitter:label1\" content=\"Yazan:\" \/>\n\t<meta name=\"twitter:data1\" content=\"P\u0131nar Nogay\" \/>\n\t<meta name=\"twitter:label2\" content=\"Tahmini okuma s\u00fcresi\" \/>\n\t<meta name=\"twitter:data2\" content=\"7 dakika\" \/>\n<!-- \/ Yoast SEO Premium plugin. -->","yoast_head_json":{"title":"10 soruda yabanc\u0131lar\u0131n \u00e7al\u0131\u015fma ve ikamet izinleri! | Kariyer Rehberi","description":"4M Dan\u0131\u015fmanl\u0131k 1991 y\u0131l\u0131ndan beri sanayici, \u00fcretici, ithalat\u00e7\u0131, ihracat\u00e7\u0131 T\u00fcrk ve yabanc\u0131 sermayeli \u015firketlere dan\u0131\u015fmanl\u0131k hizmeti veriyor. Avrupa Patent","robots":{"index":"index","follow":"follow","max-snippet":"max-snippet:-1","max-image-preview":"max-image-preview:large","max-video-preview":"max-video-preview:-1"},"canonical":"https:\/\/www.kariyer.net\/kariyer-rehberi\/10-soruda-yabancilarin-calisma-ve-ikamet-izinleri\/","og_locale":"tr_TR","og_type":"article","og_title":"10 soruda yabanc\u0131lar\u0131n \u00e7al\u0131\u015fma ve ikamet izinleri!","og_description":"4M Dan\u0131\u015fmanl\u0131k 1991 y\u0131l\u0131ndan beri sanayici, \u00fcretici, ithalat\u00e7\u0131, ihracat\u00e7\u0131 T\u00fcrk ve yabanc\u0131 sermayeli \u015firketlere dan\u0131\u015fmanl\u0131k hizmeti veriyor. Avrupa Patent","og_url":"https:\/\/www.kariyer.net\/kariyer-rehberi\/10-soruda-yabancilarin-calisma-ve-ikamet-izinleri\/","og_site_name":"Kariyer Rehberi","article_published_time":"2008-12-29T00:00:00+00:00","article_modified_time":"2024-07-03T11:57:48+00:00","og_image":[{"url":"http:\/\/web4.kariyer.net\/UploadFiles\/tempPhoto\/kariyerRehberi\/HIMMET_OZTURK1.jpg","type":"","width":"","height":""}],"author":"P\u0131nar Nogay","twitter_card":"summary_large_image","twitter_misc":{"Yazan:":"P\u0131nar Nogay","Tahmini okuma s\u00fcresi":"7 dakika"},"schema":{"@context":"https:\/\/schema.org","@graph":[{"@type":"Article","@id":"https:\/\/www.kariyer.net\/kariyer-rehberi\/10-soruda-yabancilarin-calisma-ve-ikamet-izinleri\/#article","isPartOf":{"@id":"https:\/\/www.kariyer.net\/kariyer-rehberi\/10-soruda-yabancilarin-calisma-ve-ikamet-izinleri\/"},"author":{"name":"P\u0131nar Nogay","@id":"https:\/\/www.kariyer.net\/kariyer-rehberi\/#\/schema\/person\/ea0977057f6b311990c570cc6d4c25d0"},"headline":"10 soruda yabanc\u0131lar\u0131n \u00e7al\u0131\u015fma ve ikamet izinleri!","datePublished":"2008-12-29T00:00:00+00:00","dateModified":"2024-07-03T11:57:48+00:00","mainEntityOfPage":{"@id":"https:\/\/www.kariyer.net\/kariyer-rehberi\/10-soruda-yabancilarin-calisma-ve-ikamet-izinleri\/"},"wordCount":1404,"commentCount":0,"publisher":{"@id":"https:\/\/www.kariyer.net\/kariyer-rehberi\/#organization"},"image":{"@id":"https:\/\/www.kariyer.net\/kariyer-rehberi\/10-soruda-yabancilarin-calisma-ve-ikamet-izinleri\/#primaryimage"},"thumbnailUrl":"http:\/\/web4.kariyer.net\/UploadFiles\/tempPhoto\/kariyerRehberi\/HIMMET_OZTURK1.jpg","articleSection":["Haberler ve Duyurular"],"inLanguage":"tr","potentialAction":[{"@type":"CommentAction","name":"Comment","target":["https:\/\/www.kariyer.net\/kariyer-rehberi\/10-soruda-yabancilarin-calisma-ve-ikamet-izinleri\/#respond"]}]},{"@type":"WebPage","@id":"https:\/\/www.kariyer.net\/kariyer-rehberi\/10-soruda-yabancilarin-calisma-ve-ikamet-izinleri\/","url":"https:\/\/www.kariyer.net\/kariyer-rehberi\/10-soruda-yabancilarin-calisma-ve-ikamet-izinleri\/","name":"10 soruda yabanc\u0131lar\u0131n \u00e7al\u0131\u015fma ve ikamet izinleri! | Kariyer Rehberi","isPartOf":{"@id":"https:\/\/www.kariyer.net\/kariyer-rehberi\/#website"},"primaryImageOfPage":{"@id":"https:\/\/www.kariyer.net\/kariyer-rehberi\/10-soruda-yabancilarin-calisma-ve-ikamet-izinleri\/#primaryimage"},"image":{"@id":"https:\/\/www.kariyer.net\/kariyer-rehberi\/10-soruda-yabancilarin-calisma-ve-ikamet-izinleri\/#primaryimage"},"thumbnailUrl":"http:\/\/web4.kariyer.net\/UploadFiles\/tempPhoto\/kariyerRehberi\/HIMMET_OZTURK1.jpg","datePublished":"2008-12-29T00:00:00+00:00","dateModified":"2024-07-03T11:57:48+00:00","description":"4M Dan\u0131\u015fmanl\u0131k 1991 y\u0131l\u0131ndan beri sanayici, \u00fcretici, ithalat\u00e7\u0131, ihracat\u00e7\u0131 T\u00fcrk ve yabanc\u0131 sermayeli \u015firketlere dan\u0131\u015fmanl\u0131k hizmeti veriyor. Avrupa Patent","breadcrumb":{"@id":"https:\/\/www.kariyer.net\/kariyer-rehberi\/10-soruda-yabancilarin-calisma-ve-ikamet-izinleri\/#breadcrumb"},"inLanguage":"tr","potentialAction":[{"@type":"ReadAction","target":["https:\/\/www.kariyer.net\/kariyer-rehberi\/10-soruda-yabancilarin-calisma-ve-ikamet-izinleri\/"]}]},{"@type":"ImageObject","inLanguage":"tr","@id":"https:\/\/www.kariyer.net\/kariyer-rehberi\/10-soruda-yabancilarin-calisma-ve-ikamet-izinleri\/#primaryimage","url":"http:\/\/web4.kariyer.net\/UploadFiles\/tempPhoto\/kariyerRehberi\/HIMMET_OZTURK1.jpg","contentUrl":"http:\/\/web4.kariyer.net\/UploadFiles\/tempPhoto\/kariyerRehberi\/HIMMET_OZTURK1.jpg"},{"@type":"BreadcrumbList","@id":"https:\/\/www.kariyer.net\/kariyer-rehberi\/10-soruda-yabancilarin-calisma-ve-ikamet-izinleri\/#breadcrumb","itemListElement":[{"@type":"ListItem","position":1,"name":"Anasayfa","item":"https:\/\/www.kariyer.net\/kariyer-rehberi\/"},{"@type":"ListItem","position":2,"name":"10 soruda yabanc\u0131lar\u0131n \u00e7al\u0131\u015fma ve ikamet izinleri!"}]},{"@type":"WebSite","@id":"https:\/\/www.kariyer.net\/kariyer-rehberi\/#website","url":"https:\/\/www.kariyer.net\/kariyer-rehberi\/","name":"Kariyer Rehberi","description":"\u0130\u015f D\u00fcnyas\u0131yla \u0130lgili Bilmek \u0130stedi\u011finiz Her \u015eey","publisher":{"@id":"https:\/\/www.kariyer.net\/kariyer-rehberi\/#organization"},"potentialAction":[{"@type":"SearchAction","target":{"@type":"EntryPoint","urlTemplate":"https:\/\/www.kariyer.net\/kariyer-rehberi\/?s={search_term_string}"},"query-input":{"@type":"PropertyValueSpecification","valueRequired":true,"valueName":"search_term_string"}}],"inLanguage":"tr"},{"@type":"Organization","@id":"https:\/\/www.kariyer.net\/kariyer-rehberi\/#organization","name":"Kariyer.net","url":"https:\/\/www.kariyer.net\/kariyer-rehberi\/","logo":{"@type":"ImageObject","inLanguage":"tr","@id":"https:\/\/www.kariyer.net\/kariyer-rehberi\/#\/schema\/logo\/image\/","url":"https:\/\/www.kariyer.net\/kariyer-rehberi-new\/wp-content\/uploads\/2023\/01\/og-image11.jpg","contentUrl":"https:\/\/www.kariyer.net\/kariyer-rehberi-new\/wp-content\/uploads\/2023\/01\/og-image11.jpg","width":800,"height":800,"caption":"Kariyer.net"},"image":{"@id":"https:\/\/www.kariyer.net\/kariyer-rehberi\/#\/schema\/logo\/image\/"}},{"@type":"Person","@id":"https:\/\/www.kariyer.net\/kariyer-rehberi\/#\/schema\/person\/ea0977057f6b311990c570cc6d4c25d0","name":"P\u0131nar Nogay","image":{"@type":"ImageObject","inLanguage":"tr","@id":"https:\/\/www.kariyer.net\/kariyer-rehberi\/#\/schema\/person\/image\/","url":"https:\/\/secure.gravatar.com\/avatar\/330a216cbd1ec8a38c34e372b2be4a261e51e0805bd9186606e000f5efd0f0cf?s=96&d=mm&r=g","contentUrl":"https:\/\/secure.gravatar.com\/avatar\/330a216cbd1ec8a38c34e372b2be4a261e51e0805bd9186606e000f5efd0f0cf?s=96&d=mm&r=g","caption":"P\u0131nar Nogay"},"description":"Gazeteci olmak i\u00e7in yola \u00e7\u0131karak Eski\u015fehir Anadolu \u00dcniversitesi \u0130leti\u015fim Fak\u00fcltesi\u2019nde Bas\u0131n Yay\u0131n e\u011fitimi ald\u0131. Sekt\u00f6rel yay\u0131nlarda tecr\u00fcbe kazanan, 2007 y\u0131l\u0131nda Kariyer\u2019de Edit\u00f6r olarak \u00e7al\u0131\u015fmaya ba\u015flayan Nogay, 2011\u2019den bu yana Genel Yay\u0131n Y\u00f6netmeni olarak g\u00f6rev yap\u0131yor.","sameAs":["http:\/\/www.kariyer.net\/kariyer-rehberi\/pinar-nogay\/"],"url":"https:\/\/www.kariyer.net\/kariyer-rehberi\/author\/pinar-nogay\/"}]}},"_links":{"self":[{"href":"https:\/\/www.kariyer.net\/kariyer-rehberi\/wp-json\/wp\/v2\/posts\/1294","targetHints":{"allow":["GET"]}}],"collection":[{"href":"https:\/\/www.kariyer.net\/kariyer-rehberi\/wp-json\/wp\/v2\/posts"}],"about":[{"href":"https:\/\/www.kariyer.net\/kariyer-rehberi\/wp-json\/wp\/v2\/types\/post"}],"author":[{"embeddable":true,"href":"https:\/\/www.kariyer.net\/kariyer-rehberi\/wp-json\/wp\/v2\/users\/5"}],"replies":[{"embeddable":true,"href":"https:\/\/www.kariyer.net\/kariyer-rehberi\/wp-json\/wp\/v2\/comments?post=1294"}],"version-history":[{"count":1,"href":"https:\/\/www.kariyer.net\/kariyer-rehberi\/wp-json\/wp\/v2\/posts\/1294\/revisions"}],"predecessor-version":[{"id":18926,"href":"https:\/\/www.kariyer.net\/kariyer-rehberi\/wp-json\/wp\/v2\/posts\/1294\/revisions\/18926"}],"wp:attachment":[{"href":"https:\/\/www.kariyer.net\/kariyer-rehberi\/wp-json\/wp\/v2\/media?parent=1294"}],"wp:term":[{"taxonomy":"category","embeddable":true,"href":"https:\/\/www.kariyer.net\/kariyer-rehberi\/wp-json\/wp\/v2\/categories?post=1294"},{"taxonomy":"post_tag","embeddable":true,"href":"https:\/\/www.kariyer.net\/kariyer-rehberi\/wp-json\/wp\/v2\/tags?post=1294"}],"curies":[{"name":"wp","href":"https:\/\/api.w.org\/{rel}","templated":true}]}}