{"id":13,"date":"2014-01-06T20:00:05","date_gmt":"2014-01-06T18:00:05","guid":{"rendered":"http:\/\/92.45.35.169\/?p=13"},"modified":"2017-08-28T16:17:46","modified_gmt":"2017-08-28T13:17:46","slug":"isinizi-secerken-nelere-dikkat-etmelisiniz","status":"publish","type":"post","link":"https:\/\/www.kariyer.net\/kariyer-rehberi\/isinizi-secerken-nelere-dikkat-etmelisiniz\/","title":{"rendered":"\u0130\u015finizi se\u00e7erken nelere dikkat etmelisiniz?"},"content":{"rendered":"<p><strong>Kariyer, uzun soluklu bir yolculuk. Kariyer se\u00e7imini yaparken asl\u0131nda hayat\u0131m\u0131z\u0131 nas\u0131l ge\u00e7irece\u011fimizin bir se\u00e7imini de yap\u0131yoruz. \u201cG\u00fcn\u00fcm\u00fcz\u00fcn en az \u00fc\u00e7te birini nerede, ne yaparak ge\u00e7irece\u011fiz? Bu bizi mutlu edecek mi? Kimlerle birlikte \u00e7al\u0131\u015faca\u011f\u0131z? Seyahatlerimiz olacak m\u0131? Ailemiz ile ne kadar vakit ge\u00e7irme \u015fans\u0131m\u0131z olacak? Kalabal\u0131k bir aile istiyorsak, i\u015fimiz bu aileye bakacak imkanlar\u0131 bize sunacak m\u0131? Hatta i\u015fimizin \u015fehir d\u0131\u015f\u0131, yurt d\u0131\u015f\u0131 g\u00f6revler gerektirdi\u011fi durumlarda nerede ya\u015fayaca\u011f\u0131z?\u201d gibi sorular\u0131 kendimize sormam\u0131z gerekiyor. \u0130\u015fte insparkus Y\u00f6netim Kurulu Ba\u015fkan\u0131 ve Genel M\u00fcd\u00fcr\u00fc Vivi Soryano ile insparkus Ko\u00e7 Operasyonu Direkt\u00f6r\u00fc \u00d6zlem Sar\u0131o\u011flu \u015fu tavsiyeleri veriyor.<\/strong><\/p>\n<p><a href=\"http:\/\/www.kariyer.net\/kariyer-rehberi\/wp-content\/uploads\/2014\/01\/yesilyaka250x150.jpg\"><img decoding=\"async\" class=\"size-full wp-image-14 alignleft\" style=\"margin: 5px;\" alt=\"yesilyaka250x150\" src=\"http:\/\/www.kariyer.net\/kariyer-rehberi\/wp-content\/uploads\/2014\/01\/yesilyaka250x150.jpg\" width=\"250\" height=\"150\" \/><\/a><\/p>\n<p><strong>Yeni mezunlar yapabilecekleri i\u015fleri ara\u015ft\u0131rmal\u0131<\/strong><\/p>\n<p>Okuduklar\u0131 b\u00f6l\u00fcmden memnun olmayan \u00fcniversite \u00f6\u011frencilerinin umutsuzlu\u011fa d\u00fc\u015fmemelerini s\u00f6yleyen Soryano, \u201cBug\u00fcn ortalama bir insan \u00f6mr\u00fc i\u00e7inde\u00a0<strong>&#8211;<\/strong>\u00a0ald\u0131\u011f\u0131 mesleki e\u011fitim ne olursa olsun\u00a0<strong>&#8211;<\/strong>\u00a0ki\u015finin en az 3 farkl\u0131 kariyer yapaca\u011f\u0131 \u00f6ng\u00f6r\u00fcl\u00fcyor. Yani kariyer de\u011fi\u015fimi normal bir s\u00fcre\u00e7 haline geldi. B\u00f6l\u00fcm\u00fcnden memnun olmayan gen\u00e7lerin \u00f6ncelikle b\u00f6l\u00fcmlerinde neyi sevmediklerini iyice tan\u0131mlamalar\u0131n\u0131 \u00f6neriyoruz. Bazen sevilmeyen birka\u00e7 ders, k\u00f6t\u00fc ge\u00e7mi\u015f bir staj tecr\u00fcbesi ki\u015fileri mutsuz ediyor. Memnun olmad\u0131\u011f\u0131n\u0131z\u0131n ne oldu\u011funu tam olarak tarif edebildi\u011finizde, neyin sizi memnun edebilece\u011fini de tarif etmeye ba\u015flam\u0131\u015f oluyorsunuz\u201d yorumunu yap\u0131yor. Sar\u0131o\u011flu\u2019na g\u00f6re ikinci \u00f6nemli konu ise, \u201cmeslek\u201d ile \u201ckariyer\u201d in farkl\u0131 \u015feyler oldu\u011funu hat\u0131rlamak.<\/p>\n<p>&nbsp;<\/p>\n<p>\u201cBir mesleki e\u011fitim bir\u00e7ok kariyerin kap\u0131s\u0131n\u0131 a\u00e7abilir\u201d diyen Soryano, okuduklar\u0131 b\u00f6l\u00fcmden mezunlar\u0131n yapabilecekleri i\u015f alanlar\u0131n\u0131 etrafl\u0131ca ara\u015ft\u0131rmalar\u0131n\u0131 \u00f6neriyor. Ara\u015ft\u0131rd\u0131k\u00e7a b\u00f6l\u00fcmle ilgili ilk akla gelenin \u00e7ok d\u0131\u015f\u0131nda alternatifler oldu\u011funu bir\u00e7ok dan\u0131\u015fanlar\u0131nda g\u00f6rd\u00fcklerini vurgulayan Sar\u0131o\u011flu, almakta olduklar\u0131 e\u011fitimi stajlarla, yar\u0131 zamanl\u0131 i\u015flerle, yan dal &#8211; \u00e7ift ana dal veya y\u00fcksek lisans gibi programlarla, okul d\u0131\u015f\u0131 aktivitelerle destekleyerek hayallerine yakla\u015fabilirler. Bununla beraber okudu\u011fu b\u00f6l\u00fcm ile hayalleri aras\u0131nda hi\u00e7bir ortak y\u00f6n olmayan ki\u015filer hayallerine uygun olan e\u011fitimi almak i\u00e7in tekrar s\u0131nava da girebilir\u201d diyor. \u00d6\u011frencilerin bunu bazen \u201cge\u00e7mi\u015f y\u0131llar\u0131m\u0131 yakmak\u201d olarak ya\u015fad\u0131klar\u0131n\u0131, asl\u0131nda hem \u00f6nlerinde bir b\u00fct\u00fcn \u00f6m\u00fcr oldu\u011funu, hem de hi\u00e7bir deneyimin yok olup gitmedi\u011fini, mutlaka i\u015flerine yarayaca\u011f\u0131n\u0131 hat\u0131rlatt\u0131klar\u0131n\u0131 belirten Soryano, s\u00f6zlerini \u015f\u00f6yle s\u00fcrd\u00fcr\u00fcyor: \u201cBurada kilit olan, ki\u015finin b\u00f6l\u00fcm\u00fcn\u00fc ger\u00e7ekten sevip sevmedi\u011fini, ba\u015fka fakt\u00f6rlerden etkilenmedi\u011fini, e\u011fer b\u00f6l\u00fcm de\u011fi\u015ftirmek istiyorsa yeni ge\u00e7meyi hayal etti\u011fi b\u00f6l\u00fcm\u00fc idealize etmedi\u011fini, orada ger\u00e7ekten mutlu olup olamayaca\u011f\u0131n\u0131 ara\u015ft\u0131rmak. Elbette kayg\u0131 d\u00fczeyi olduk\u00e7a y\u00fcksek bir s\u00fcre\u00e7ten bahsediyoruz. Kariyer ko\u00e7u olarak bizim g\u00f6revimiz bu endi\u015fe y\u00fckl\u00fc sorgulamay\u0131 ger\u00e7ek\u00e7i olarak yapabilmesi i\u00e7in ki\u015fiye destek olmak.\u201d<\/p>\n<p>&nbsp;<\/p>\n<p><strong>\u00d6nemli olan her ki\u015finin kendi \u2018do\u011fru\u2019 sunu bulmas\u0131<\/strong><\/p>\n<p>Soryano:\u201c\u00d6nemli olan ki\u015finin \u201cdo\u011fru\u201d sunun ne oldu\u011fu&#8230; \u0130\u015fi \/ mesle\u011fi, ki\u015fiye ya\u015famak istedi\u011fi hayat\u0131 ya\u015fat\u0131yorsa, o ki\u015fi do\u011fru i\u015fi yap\u0131yordur. \u0130\u015fine zevkle giden, kendini i\u015fine kapt\u0131ran, i\u015fte zaman\u0131n nas\u0131l ge\u00e7ti\u011fini unutan ki\u015fi i\u015fini seviyordur\u201d diyor ve ekliyor: \u201cElbette hayat g\u00fcl bah\u00e7esi de\u011fil, i\u015f hayat\u0131nda bir\u00e7ok zorluk var. Her an her \u015fey ya\u015famak istedi\u011finiz gibi ya\u015fanm\u0131yor. \u00d6te yandan ki\u015fi bu zorluklar\u0131n kar\u015f\u0131s\u0131nda y\u0131lmadan devam edecek g\u00fcc\u00fc kendinde buluyorsa, b\u00fcy\u00fck ihtimalle ger\u00e7ekten \u00e7ok motive oldu\u011fu bir i\u015fte \u00e7al\u0131\u015f\u0131yor. Unutulmamal\u0131 ki motivasyon dayan\u0131kl\u0131l\u0131k sa\u011flar.\u201d<\/p>\n<p>&nbsp;<\/p>\n<p><strong>Ki\u015fi, ne yapmak istedi\u011fini belirlemeli<\/strong><\/p>\n<p>\u0130\u015f d\u00f6n\u00fcp dola\u015f\u0131p ki\u015finin ne yapmak istedi\u011fini bulmas\u0131na geliyor diyen Soryano, ki\u015finin \u00f6nce rotas\u0131n\u0131 belirlemesi gerekti\u011fini, ard\u0131ndan o rotaya do\u011fru giden yolda, maddi ihtiya\u00e7lar\u0131n\u0131 kar\u015f\u0131layacak ve ayn\u0131 zamanda ad\u0131m ad\u0131m ki\u015fiyi hedefine do\u011fru g\u00f6t\u00fcrecek alternatifleri ara\u015ft\u0131rmas\u0131 gerekti\u011fini vurguluyor. Bilhassa kariyer de\u011fi\u015fiminde baz\u0131 \u015feyleri s\u0131f\u0131rlamay\u0131, al\u0131\u015f\u0131lan ya\u015fam standard\u0131ndan belli bir noktaya kadar vazge\u00e7meyi g\u00f6ze alman\u0131n gerekti\u011fini, bu nedenle ki\u015fi yapmak istemedi\u011fi i\u015fi bile hedeflerine giden yolda bir basamak olarak g\u00f6rd\u00fc\u011f\u00fcn\u00fc s\u00f6zlerine ekliyor. Soryana bu durumu \u201cGe\u00e7i\u015f d\u00f6nemi i\u00e7in para biriktirdi\u011fi bir basamak\u2026\u201d olarak nitelendiriyor.<\/p>\n<p>&nbsp;<\/p>\n<p><strong>Meslek de\u011fi\u015fimi i\u00e7in \u2018\u00e7ok ge\u00e7\u2019 yok<\/strong><\/p>\n<p>Soryana, meslek de\u011fi\u015fimi i\u00e7in \u201cyol yak\u0131nken, erkenden\u201d diye bir d\u00f6nemin oldu\u011funu fakat \u201c\u00e7ok ge\u00e7\u201d diye bir \u015feyin olmad\u0131\u011f\u0131n\u0131 belirtiyor. \u201cDe\u011fi\u015fimi ne kadar ge\u00e7 yaparsan\u0131z, geri d\u00f6nece\u011finiz yol, aray\u0131 kapatmak i\u00e7in yapman\u0131z gerekenler o kadar art\u0131yor\u201d diyen Soryana, ancak yap\u0131lmaz diye bir \u015fey yok. Kald\u0131 ki ki\u015fi mevcut kariyeri ile belli a\u00e7\u0131lardan paralel olan bir alana ge\u00e7ecekse, bu kendisi i\u00e7in ge\u00e7i\u015f s\u00fcrecini h\u0131zland\u0131ran bir etken bile olabilir. \u00d6rne\u011fin bir kurumda senelerce proje y\u00f6neticili\u011fi yapm\u0131\u015f bir ki\u015fi, giri\u015fimci olmaya karar verirse, projelendirme konusunda deneyimi olmayan bir ki\u015fiye g\u00f6re giri\u015fimini \u00e7ok daha h\u0131zl\u0131 devreye sokabilir\u201d s\u00f6zlerini kaydediyor.<\/p>\n<p>&nbsp;<\/p>\n<p><strong>Meslek de\u011fi\u015fimi ki\u015fiye g\u00f6re de\u011fi\u015fir<\/strong><\/p>\n<p>Soryana, meslek de\u011fi\u015ftirme s\u00fcresinin ki\u015fiden ki\u015fiye de\u011fi\u015fti\u011fini, de\u011fi\u015fimin hangi meslekten mesle\u011fe oldu\u011funa; ki\u015finin ne kadar haz\u0131r oldu\u011funa ba\u011fl\u0131 oldu\u011funa vurgu yap\u0131yor. \u201cBaz\u0131 ki\u015filer de\u011fi\u015fim s\u00fcrecini kar\u015f\u0131layacak t\u00fcm imkanlar\u0131 haz\u0131rken karar verir; birka\u00e7 haftada de\u011fi\u015fimi yapar. Baz\u0131 ki\u015filer i\u00e7in birka\u00e7 ay, baz\u0131lar\u0131 i\u00e7in y\u0131llar s\u00fcren bir de\u011fi\u015fim s\u00fcrecinden bahsederiz. Burada \u00f6nemli olan ki\u015finin hem maddi olarak, hem de zihnen bu de\u011fi\u015fime haz\u0131r olmas\u0131d\u0131r\u201d diyen Sar\u0131o\u011flu, \u201cT\u00fcm maddi ko\u015fullar sa\u011flansa bile, ki\u015fi kendine koydu\u011fu k\u0131s\u0131tlay\u0131c\u0131 inan\u00e7lar, i\u00e7 sabotajc\u0131lar\u0131, k\u00f6stek\u00e7ileri nedeniyle hareket edemeyebilir. Bu noktada ko\u00e7luk al\u0131nmas\u0131n\u0131 \u00f6zellikle \u00f6neririz, ki\u015fi kendi kendine i\u00e7inden \u00e7\u0131kamayaca\u011f\u0131 ve bu sefer i\u00e7inden \u00e7\u0131kamad\u0131\u011f\u0131 i\u00e7in daha mutsuz hissedece\u011fi bir s\u00fcreci, bu s\u00fcrece defalarca e\u015flik etmi\u015f bir profesyonelin deste\u011fini alarak a\u015fabilir\u201d diyor.<\/p>\n<p>&nbsp;<\/p>\n<p><strong>Sadece i\u015finizi de\u011fil, t\u00fcm hayat\u0131n\u0131z\u0131 d\u00fc\u015f\u00fcnerek gelece\u011finizi tasarlay\u0131n<\/strong><\/p>\n<ul>\n<li>\u00d6ncelikle ne istedi\u011finizi bulun.<\/li>\n<li>Sadece i\u015finizi de\u011fil, t\u00fcm hayat\u0131n\u0131z\u0131 d\u00fc\u015f\u00fcnerek gelece\u011finizi tasarlay\u0131n.<\/li>\n<li>Ger\u00e7ekten motive oldu\u011funuz alanda merakl\u0131 olursunuz. B\u0131rak\u0131n bu merak\u0131n\u0131z size bir\u00e7ok yeni \u015fey \u00f6\u011fretsin, yeni insanlarla tan\u0131\u015fman\u0131za vesile olsun. Bu \u201c\u00f6ne \u00e7\u0131kman\u0131n\u201d en iyi yoludur.<\/li>\n<li>Kendinizi iyi tan\u0131y\u0131n. Bununla da yetinmeyin, kendinizi nas\u0131l daha iyi anlatabilece\u011finizi de \u00e7al\u0131\u015f\u0131n.<\/li>\n<li>Hayal kurmaktan \u00e7ekinmeyin. Hayalinizi kurduktan sonra ger\u00e7eklikle de kar\u015f\u0131la\u015ft\u0131r\u0131n. O hayali ya\u015fayanlarla konu\u015fun. Her \u015fey hayalinizdeki gibi olmayabilir, nelerin farkl\u0131 oldu\u011funu \u00f6\u011frenip yolunuza devam etmek iyi bir stratejidir.<\/li>\n<li>Hayalleriniz s\u00f6zde kalmas\u0131n: detayl\u0131 bir plan yap\u0131n. Hatta detayl\u0131 birka\u00e7 plan yap\u0131n.<\/li>\n<li>Planlar\u0131n\u0131z\u0131n somut ad\u0131mlar\u0131 olsun. Ve en \u00f6nemlisi o ad\u0131mlar\u0131 at\u0131n!<\/li>\n<li><\/li>\n<\/ul>\n<!-- templates\/buttons-placeholder.php -->\n<div class=\"da-reactions-outer TpostID13\">\n\t    <div class=\"da-reactions-data da-reactions-container-async center\"\n         data-type=\"post\"\n         data-id=\"13\"\n         id=\"da-reactions-slot-post-13\">\n        <div class=\"da-reactions-static\">\n\t\t\t<img src=\"https:\/\/www.kariyer.net\/kariyer-rehberi\/wp-content\/plugins\/da-reactions\/assets\/dist\/loading.svg\" alt=\"Loading spinner\" width=\"48\" height=\"48\" style=\"width:48px\" \/>\n        <\/div>\n    <\/div>\n<\/div>\n","protected":false},"excerpt":{"rendered":"<p>Kariyer, uzun soluklu bir yolculuk. Kariyer se\u00e7imini yaparken asl\u0131nda hayat\u0131m\u0131z\u0131 nas\u0131l ge\u00e7irece\u011fimizin bir se\u00e7imini de yap\u0131yoruz. \u201cG\u00fcn\u00fcm\u00fcz\u00fcn en az \u00fc\u00e7te birini nerede, ne yaparak ge\u00e7irece\u011fiz? Bu bizi mutlu edecek mi? Kimlerle birlikte \u00e7al\u0131\u015faca\u011f\u0131z? Seyahatlerimiz olacak m\u0131? Ailemiz ile ne kadar vakit ge\u00e7irme \u015fans\u0131m\u0131z olacak? Kalabal\u0131k bir aile istiyorsak, i\u015fimiz bu aileye bakacak imkanlar\u0131 bize sunacak [&hellip;]<\/p>\n<!-- templates\/buttons-placeholder.php -->\n<div class=\"da-reactions-outer TpostID13\">\n\t    <div class=\"da-reactions-data da-reactions-container-async center\"\n         data-type=\"post\"\n         data-id=\"13\"\n         id=\"da-reactions-slot-post-13\">\n        <div class=\"da-reactions-static\">\n\t\t\t<img src=\"https:\/\/www.kariyer.net\/kariyer-rehberi\/wp-content\/plugins\/da-reactions\/assets\/dist\/loading.svg\" alt=\"Loading spinner\" width=\"48\" height=\"48\" style=\"width:48px\" \/>\n        <\/div>\n    <\/div>\n<\/div>\n","protected":false},"author":6,"featured_media":15,"comment_status":"open","ping_status":"open","sticky":false,"template":"","format":"standard","meta":{"footnotes":"","_elementor_edit_mode":"","_elementor_template_type":"","_elementor_data":"","_elementor_page_settings":null,"_elementor_conditions":[]},"categories":[38],"tags":[],"class_list":{"0":"post-13","1":"post","2":"type-post","3":"status-publish","4":"format-standard","5":"has-post-thumbnail","7":"category-is-arama"},"yoast_head":"<!-- This site is optimized with the Yoast SEO Premium plugin v21.4 (Yoast SEO v27.0) - https:\/\/yoast.com\/product\/yoast-seo-premium-wordpress\/ -->\n<title>\u0130\u015finizi se\u00e7erken nelere dikkat etmelisiniz? | Kariyer Rehberi<\/title>\n<meta name=\"description\" content=\"Kariyer, uzun soluklu bir yolculuk. Kariyer se\u00e7imini yaparken asl\u0131nda hayat\u0131m\u0131z\u0131 nas\u0131l ge\u00e7irece\u011fimizin bir se\u00e7imini de yap\u0131yoruz. \u201cG\u00fcn\u00fcm\u00fcz\u00fcn en az \u00fc\u00e7te\" \/>\n<meta name=\"robots\" content=\"index, follow, max-snippet:-1, max-image-preview:large, max-video-preview:-1\" \/>\n<link rel=\"canonical\" href=\"https:\/\/www.kariyer.net\/kariyer-rehberi\/isinizi-secerken-nelere-dikkat-etmelisiniz\/\" \/>\n<meta property=\"og:locale\" content=\"tr_TR\" \/>\n<meta property=\"og:type\" content=\"article\" \/>\n<meta property=\"og:title\" content=\"\u0130\u015finizi se\u00e7erken nelere dikkat etmelisiniz?\" \/>\n<meta property=\"og:description\" content=\"Kariyer, uzun soluklu bir yolculuk. Kariyer se\u00e7imini yaparken asl\u0131nda hayat\u0131m\u0131z\u0131 nas\u0131l ge\u00e7irece\u011fimizin bir se\u00e7imini de yap\u0131yoruz. \u201cG\u00fcn\u00fcm\u00fcz\u00fcn en az \u00fc\u00e7te\" \/>\n<meta property=\"og:url\" content=\"https:\/\/www.kariyer.net\/kariyer-rehberi\/isinizi-secerken-nelere-dikkat-etmelisiniz\/\" \/>\n<meta property=\"og:site_name\" content=\"Kariyer Rehberi\" \/>\n<meta property=\"article:published_time\" content=\"2014-01-06T18:00:05+00:00\" \/>\n<meta property=\"article:modified_time\" content=\"2017-08-28T13:17:46+00:00\" \/>\n<meta property=\"og:image\" content=\"https:\/\/www.kariyer.net\/kariyer-rehberi\/wp-content\/uploads\/2014\/01\/yesilyaka600x300.jpg\" \/>\n\t<meta property=\"og:image:width\" content=\"600\" \/>\n\t<meta property=\"og:image:height\" content=\"300\" \/>\n\t<meta property=\"og:image:type\" content=\"image\/jpeg\" \/>\n<meta name=\"author\" content=\"Merve Tun\u00e7er\" \/>\n<meta name=\"twitter:card\" content=\"summary_large_image\" \/>\n<meta name=\"twitter:label1\" content=\"Yazan:\" \/>\n\t<meta name=\"twitter:data1\" content=\"Merve Tun\u00e7er\" \/>\n\t<meta name=\"twitter:label2\" content=\"Tahmini okuma s\u00fcresi\" \/>\n\t<meta name=\"twitter:data2\" content=\"6 dakika\" \/>\n<!-- \/ Yoast SEO Premium plugin. -->","yoast_head_json":{"title":"\u0130\u015finizi se\u00e7erken nelere dikkat etmelisiniz? | Kariyer Rehberi","description":"Kariyer, uzun soluklu bir yolculuk. Kariyer se\u00e7imini yaparken asl\u0131nda hayat\u0131m\u0131z\u0131 nas\u0131l ge\u00e7irece\u011fimizin bir se\u00e7imini de yap\u0131yoruz. \u201cG\u00fcn\u00fcm\u00fcz\u00fcn en az \u00fc\u00e7te","robots":{"index":"index","follow":"follow","max-snippet":"max-snippet:-1","max-image-preview":"max-image-preview:large","max-video-preview":"max-video-preview:-1"},"canonical":"https:\/\/www.kariyer.net\/kariyer-rehberi\/isinizi-secerken-nelere-dikkat-etmelisiniz\/","og_locale":"tr_TR","og_type":"article","og_title":"\u0130\u015finizi se\u00e7erken nelere dikkat etmelisiniz?","og_description":"Kariyer, uzun soluklu bir yolculuk. Kariyer se\u00e7imini yaparken asl\u0131nda hayat\u0131m\u0131z\u0131 nas\u0131l ge\u00e7irece\u011fimizin bir se\u00e7imini de yap\u0131yoruz. \u201cG\u00fcn\u00fcm\u00fcz\u00fcn en az \u00fc\u00e7te","og_url":"https:\/\/www.kariyer.net\/kariyer-rehberi\/isinizi-secerken-nelere-dikkat-etmelisiniz\/","og_site_name":"Kariyer Rehberi","article_published_time":"2014-01-06T18:00:05+00:00","article_modified_time":"2017-08-28T13:17:46+00:00","og_image":[{"width":600,"height":300,"url":"https:\/\/www.kariyer.net\/kariyer-rehberi\/wp-content\/uploads\/2014\/01\/yesilyaka600x300.jpg","type":"image\/jpeg"}],"author":"Merve Tun\u00e7er","twitter_card":"summary_large_image","twitter_misc":{"Yazan:":"Merve Tun\u00e7er","Tahmini okuma s\u00fcresi":"6 dakika"},"schema":{"@context":"https:\/\/schema.org","@graph":[{"@type":"Article","@id":"https:\/\/www.kariyer.net\/kariyer-rehberi\/isinizi-secerken-nelere-dikkat-etmelisiniz\/#article","isPartOf":{"@id":"https:\/\/www.kariyer.net\/kariyer-rehberi\/isinizi-secerken-nelere-dikkat-etmelisiniz\/"},"author":{"name":"Merve Tun\u00e7er","@id":"https:\/\/www.kariyer.net\/kariyer-rehberi\/#\/schema\/person\/0a1b137f53ff777a71394484346c28a1"},"headline":"\u0130\u015finizi se\u00e7erken nelere dikkat etmelisiniz?","datePublished":"2014-01-06T18:00:05+00:00","dateModified":"2017-08-28T13:17:46+00:00","mainEntityOfPage":{"@id":"https:\/\/www.kariyer.net\/kariyer-rehberi\/isinizi-secerken-nelere-dikkat-etmelisiniz\/"},"wordCount":1305,"commentCount":0,"publisher":{"@id":"https:\/\/www.kariyer.net\/kariyer-rehberi\/#organization"},"image":{"@id":"https:\/\/www.kariyer.net\/kariyer-rehberi\/isinizi-secerken-nelere-dikkat-etmelisiniz\/#primaryimage"},"thumbnailUrl":"https:\/\/www.kariyer.net\/kariyer-rehberi\/wp-content\/uploads\/2014\/01\/yesilyaka600x300.jpg","articleSection":["\u0130\u015f Arama"],"inLanguage":"tr","potentialAction":[{"@type":"CommentAction","name":"Comment","target":["https:\/\/www.kariyer.net\/kariyer-rehberi\/isinizi-secerken-nelere-dikkat-etmelisiniz\/#respond"]}]},{"@type":"WebPage","@id":"https:\/\/www.kariyer.net\/kariyer-rehberi\/isinizi-secerken-nelere-dikkat-etmelisiniz\/","url":"https:\/\/www.kariyer.net\/kariyer-rehberi\/isinizi-secerken-nelere-dikkat-etmelisiniz\/","name":"\u0130\u015finizi se\u00e7erken nelere dikkat etmelisiniz? | Kariyer Rehberi","isPartOf":{"@id":"https:\/\/www.kariyer.net\/kariyer-rehberi\/#website"},"primaryImageOfPage":{"@id":"https:\/\/www.kariyer.net\/kariyer-rehberi\/isinizi-secerken-nelere-dikkat-etmelisiniz\/#primaryimage"},"image":{"@id":"https:\/\/www.kariyer.net\/kariyer-rehberi\/isinizi-secerken-nelere-dikkat-etmelisiniz\/#primaryimage"},"thumbnailUrl":"https:\/\/www.kariyer.net\/kariyer-rehberi\/wp-content\/uploads\/2014\/01\/yesilyaka600x300.jpg","datePublished":"2014-01-06T18:00:05+00:00","dateModified":"2017-08-28T13:17:46+00:00","description":"Kariyer, uzun soluklu bir yolculuk. Kariyer se\u00e7imini yaparken asl\u0131nda hayat\u0131m\u0131z\u0131 nas\u0131l ge\u00e7irece\u011fimizin bir se\u00e7imini de yap\u0131yoruz. \u201cG\u00fcn\u00fcm\u00fcz\u00fcn en az \u00fc\u00e7te","breadcrumb":{"@id":"https:\/\/www.kariyer.net\/kariyer-rehberi\/isinizi-secerken-nelere-dikkat-etmelisiniz\/#breadcrumb"},"inLanguage":"tr","potentialAction":[{"@type":"ReadAction","target":["https:\/\/www.kariyer.net\/kariyer-rehberi\/isinizi-secerken-nelere-dikkat-etmelisiniz\/"]}]},{"@type":"ImageObject","inLanguage":"tr","@id":"https:\/\/www.kariyer.net\/kariyer-rehberi\/isinizi-secerken-nelere-dikkat-etmelisiniz\/#primaryimage","url":"https:\/\/www.kariyer.net\/kariyer-rehberi\/wp-content\/uploads\/2014\/01\/yesilyaka600x300.jpg","contentUrl":"https:\/\/www.kariyer.net\/kariyer-rehberi\/wp-content\/uploads\/2014\/01\/yesilyaka600x300.jpg","width":600,"height":300},{"@type":"BreadcrumbList","@id":"https:\/\/www.kariyer.net\/kariyer-rehberi\/isinizi-secerken-nelere-dikkat-etmelisiniz\/#breadcrumb","itemListElement":[{"@type":"ListItem","position":1,"name":"Anasayfa","item":"https:\/\/www.kariyer.net\/kariyer-rehberi\/"},{"@type":"ListItem","position":2,"name":"\u0130\u015finizi se\u00e7erken nelere dikkat etmelisiniz?"}]},{"@type":"WebSite","@id":"https:\/\/www.kariyer.net\/kariyer-rehberi\/#website","url":"https:\/\/www.kariyer.net\/kariyer-rehberi\/","name":"Kariyer Rehberi","description":"\u0130\u015f D\u00fcnyas\u0131yla \u0130lgili Bilmek \u0130stedi\u011finiz Her \u015eey","publisher":{"@id":"https:\/\/www.kariyer.net\/kariyer-rehberi\/#organization"},"potentialAction":[{"@type":"SearchAction","target":{"@type":"EntryPoint","urlTemplate":"https:\/\/www.kariyer.net\/kariyer-rehberi\/?s={search_term_string}"},"query-input":{"@type":"PropertyValueSpecification","valueRequired":true,"valueName":"search_term_string"}}],"inLanguage":"tr"},{"@type":"Organization","@id":"https:\/\/www.kariyer.net\/kariyer-rehberi\/#organization","name":"Kariyer.net","url":"https:\/\/www.kariyer.net\/kariyer-rehberi\/","logo":{"@type":"ImageObject","inLanguage":"tr","@id":"https:\/\/www.kariyer.net\/kariyer-rehberi\/#\/schema\/logo\/image\/","url":"https:\/\/www.kariyer.net\/kariyer-rehberi-new\/wp-content\/uploads\/2023\/01\/og-image11.jpg","contentUrl":"https:\/\/www.kariyer.net\/kariyer-rehberi-new\/wp-content\/uploads\/2023\/01\/og-image11.jpg","width":800,"height":800,"caption":"Kariyer.net"},"image":{"@id":"https:\/\/www.kariyer.net\/kariyer-rehberi\/#\/schema\/logo\/image\/"}},{"@type":"Person","@id":"https:\/\/www.kariyer.net\/kariyer-rehberi\/#\/schema\/person\/0a1b137f53ff777a71394484346c28a1","name":"Merve Tun\u00e7er","image":{"@type":"ImageObject","inLanguage":"tr","@id":"https:\/\/www.kariyer.net\/kariyer-rehberi\/#\/schema\/person\/image\/","url":"https:\/\/secure.gravatar.com\/avatar\/f901bc11e2b7a88ba6f6ba817ccc4d8f7782f16694472c26fd2664737093f4f2?s=96&d=mm&r=g","contentUrl":"https:\/\/secure.gravatar.com\/avatar\/f901bc11e2b7a88ba6f6ba817ccc4d8f7782f16694472c26fd2664737093f4f2?s=96&d=mm&r=g","caption":"Merve Tun\u00e7er"},"description":"Kad\u0131k\u00f6y Anadolu Lisesi\u2019nin ard\u0131ndan diplomat olma hayaliyle girdi\u011fi Marmara \u00dcniversitesi Frans\u0131zca Siyaset Bilimi ve Kamu Y\u00f6netimi B\u00f6l\u00fcm\u00fc\u2019nde e\u011fitimine devam ederken gazetecilik mesle\u011fine g\u00f6nl\u00fcn\u00fc kapt\u0131rd\u0131. \u201cT\u00fcrkiye\u2019de ve Fransa\u2019da Gazeteci Kimli\u011fi Sorunu\u201d konulu tezini yazarken \u00e7al\u0131\u015fmaya ba\u015flad\u0131\u011f\u0131 ajansta gazetecili\u011fe ad\u0131m att\u0131.","sameAs":["http:\/\/www.kariyer.net\/kariyer-rehberi\/merve-tuncer\/"],"url":"https:\/\/www.kariyer.net\/kariyer-rehberi\/author\/merve-tuncer\/"}]}},"_links":{"self":[{"href":"https:\/\/www.kariyer.net\/kariyer-rehberi\/wp-json\/wp\/v2\/posts\/13","targetHints":{"allow":["GET"]}}],"collection":[{"href":"https:\/\/www.kariyer.net\/kariyer-rehberi\/wp-json\/wp\/v2\/posts"}],"about":[{"href":"https:\/\/www.kariyer.net\/kariyer-rehberi\/wp-json\/wp\/v2\/types\/post"}],"author":[{"embeddable":true,"href":"https:\/\/www.kariyer.net\/kariyer-rehberi\/wp-json\/wp\/v2\/users\/6"}],"replies":[{"embeddable":true,"href":"https:\/\/www.kariyer.net\/kariyer-rehberi\/wp-json\/wp\/v2\/comments?post=13"}],"version-history":[{"count":0,"href":"https:\/\/www.kariyer.net\/kariyer-rehberi\/wp-json\/wp\/v2\/posts\/13\/revisions"}],"wp:featuredmedia":[{"embeddable":true,"href":"https:\/\/www.kariyer.net\/kariyer-rehberi\/wp-json\/wp\/v2\/media\/15"}],"wp:attachment":[{"href":"https:\/\/www.kariyer.net\/kariyer-rehberi\/wp-json\/wp\/v2\/media?parent=13"}],"wp:term":[{"taxonomy":"category","embeddable":true,"href":"https:\/\/www.kariyer.net\/kariyer-rehberi\/wp-json\/wp\/v2\/categories?post=13"},{"taxonomy":"post_tag","embeddable":true,"href":"https:\/\/www.kariyer.net\/kariyer-rehberi\/wp-json\/wp\/v2\/tags?post=13"}],"curies":[{"name":"wp","href":"https:\/\/api.w.org\/{rel}","templated":true}]}}