{"id":13018,"date":"2022-04-07T09:18:48","date_gmt":"2022-04-07T06:18:48","guid":{"rendered":"https:\/\/www.kariyer.net\/kariyer-rehberi\/?p=13018"},"modified":"2024-08-08T21:08:41","modified_gmt":"2024-08-08T18:08:41","slug":"bu-pozisyonla-neden-ilgileniyorsunuz","status":"publish","type":"post","link":"https:\/\/www.kariyer.net\/kariyer-rehberi\/bu-pozisyonla-neden-ilgileniyorsunuz\/","title":{"rendered":"Bu pozisyonla neden ilgileniyorsunuz?"},"content":{"rendered":"<p><strong>\u0130\u015f g\u00f6r\u00fc\u015fmelerinde baz\u0131 sorular var ki sorulmadan m\u00fclakatlar tamamlanm\u0131yor. \u0130K uzmanlar\u0131n\u0131n do\u011fru adaya karar vermek i\u00e7in sordu\u011fu en \u00f6nemli sorulardan birini daha bug\u00fcn senin i\u00e7in cevapl\u0131yoruz\u2026<\/strong><\/p>\n<p>\u0130\u015f g\u00f6r\u00fc\u015fmelerinde en s\u0131k sorulan sorulara verilecek cevaplar\u0131 senin i\u00e7in a\u00e7\u0131klamaya devam ediyoruz. Daha \u00f6nce \u201c<strong><a href=\"https:\/\/www.kariyer.net\/kariyer-rehberi\/onceki-isinizden-neden-ayrildiniz\/\" target=\"_blank\" rel=\"noopener noreferrer\">\u00d6nceki i\u015finizden neden ayr\u0131ld\u0131n\u0131z?<\/a>\u201d<\/strong> sorusuna verilecek cevab\u0131 detayl\u0131 olarak a\u00e7\u0131klam\u0131\u015ft\u0131k. Bug\u00fcn ise \u201cNeden bu pozisyonla ilgileniyorsunuz?\u201d sorusuna cevap arayaca\u011f\u0131z.<\/p>\n<h2><strong>G\u00f6rev tan\u0131m\u0131n\u0131 anlad\u0131\u011f\u0131ndan emin ol<\/strong><\/h2>\n<p>\u0130\u015f g\u00f6r\u00fc\u015fmesi yapt\u0131\u011f\u0131n pozisyonla ilgili olarak \u00f6ncelikle g\u00f6rev tan\u0131m\u0131 konusunda net bir fikir sahibi olmal\u0131s\u0131n. En do\u011fru sorular\u0131 ancak bu \u015fekilde sorabilirsin. Pozisyona dair kriterlere hakim olduktan sonra sorular\u0131n\u0131 rahatl\u0131kla sorabilirsin.<\/p>\n<h2><strong>Heyecan\u0131n\u0131 hissettir<\/strong><\/h2>\n<p>\u0130\u015fle neden ilgilendi\u011fin soruluyorsa, ger\u00e7ekten i\u015fe kar\u015f\u0131 ilgi duyman \u00f6nemli. Unutma ki b\u00fct\u00fcn i\u015fverenler pozisyona ve \u015firkete bir \u015feyler katabilme hevesi ta\u015f\u0131yan ki\u015fileri i\u015fe almay\u0131 ister. Bu nedenle g\u00f6r\u00fc\u015ft\u00fc\u011f\u00fcn i\u015f, seni ger\u00e7ekten heyecanland\u0131r\u0131yorsa, bunu kar\u015f\u0131 tarafa da hissettirmelisin.<\/p>\n<h2><strong>\u015eirketle mi i\u015fle mi ilgilisin?<\/strong><\/h2>\n<p>Seni i\u015fle ilgili heyecanland\u0131ran \u015fey \u00e7al\u0131\u015faca\u011f\u0131n \u015firketse, cevab\u0131na daha \u00e7ok \u00e7al\u0131\u015fman gerekiyor. Tabii bundan daha \u00f6nemlisi de senin i\u00e7in as\u0131l \u00f6nemli olan\u0131n \u201ci\u015f\u201d olmas\u0131 gerekti\u011fi; \u00e7\u00fcnk\u00fc g\u00fcnl\u00fck i\u015flerinin \u00e7o\u011fu, \u015firketin de\u011fil bulundu\u011fun rol\u00fcn sorumluluklar\u0131n\u0131 yerine getirmekle ilgili olacak.<\/p>\n<h2><strong>Cevab\u0131n\u0131 kariyer y\u00f6r\u00fcngene ba\u011fla<\/strong><\/h2>\n<p>\u00c7al\u0131\u015faca\u011f\u0131n pozisyona katacaklar\u0131ndan bahsettikten sonra, pozisyonun kariyerine ne gibi art\u0131lar kazand\u0131rabilece\u011fine de\u011finebilirsin. Bu seni planl\u0131 ve kararl\u0131 bir aday olarak g\u00f6sterecektir.<\/p>\n<p>Buraya dikkat!<\/p>\n<p>\u0130\u015fin, kariyer plan\u0131na nas\u0131l uydu\u011funu a\u00e7\u0131klarken, ba\u015fka bir hedefe ula\u015fmak i\u00e7in basamak gibi kullanmaya \u00e7al\u0131\u015ft\u0131\u011f\u0131n izlenimi yaratabilirsin. Bu noktada se\u00e7ece\u011fin c\u00fcmlelerde dikkatli olman gerek.<\/p>\n<h2><strong>\u0130\u015fle ger\u00e7ekten ilgilenmiyorsan ne olacak?<\/strong><\/h2>\n<p>Bazen sadece maddi nedenlerden dolay\u0131 o g\u00f6r\u00fc\u015fmede bulunuyor olabilirsin. B\u00f6yle bir durumdayken \u201cPozisyonla neden ilgileniyorsunuz?\u201d sorusuna cevap vermek zor. Ancak i\u015fi ka\u00e7\u0131rmak istemiyorsan ve i\u015fe kar\u015f\u0131 bir \u015fekilde ilgin ve yetene\u011fin varsa bunu g\u00f6stermek zorundas\u0131n. Ger\u00e7ekten i\u015fe dair ilgini \u00e7eken hi\u00e7bir \u015fey bulam\u0131yorsan, ba\u015fka bir yere ba\u015fvurmak senin i\u00e7in daha iyi olabilir. E\u011fer farkl\u0131 bir i\u015f aramaya karar verirsen, senin i\u00e7in <strong><a href=\"https:\/\/www.kariyer.net\/\" target=\"_blank\" rel=\"noopener noreferrer\">Kariyer.net<\/a><\/strong>&#8216;te binlerce yeni <strong><a href=\"https:\/\/www.kariyer.net\/is-ilanlari\" target=\"_blank\" rel=\"noopener noreferrer\">i\u015f ilan\u0131<\/a><\/strong> var.<\/p>\n<p>Kaynak: <strong><a href=\"https:\/\/www.thecut.com\/article\/how-to-answer-why-are-you-interested-in-this-position.html\" target=\"_blank\" rel=\"noopener noreferrer\">The Cut<\/a><\/strong><\/p>\n<!-- templates\/buttons-placeholder.php -->\n<div class=\"da-reactions-outer TpostID13018\">\n\t    <div class=\"da-reactions-data da-reactions-container-async center\"\n         data-type=\"post\"\n         data-id=\"13018\"\n         id=\"da-reactions-slot-post-13018\">\n        <div class=\"da-reactions-static\">\n\t\t\t<img src=\"https:\/\/www.kariyer.net\/kariyer-rehberi\/wp-content\/plugins\/da-reactions\/assets\/dist\/loading.svg\" alt=\"Loading spinner\" width=\"48\" height=\"48\" style=\"width:48px\" \/>\n        <\/div>\n    <\/div>\n<\/div>\n","protected":false},"excerpt":{"rendered":"<p>\u0130\u015f g\u00f6r\u00fc\u015fmelerinde baz\u0131 sorular var ki sorulmadan m\u00fclakatlar tamamlanm\u0131yor. \u0130K uzmanlar\u0131n\u0131n do\u011fru adaya karar vermek i\u00e7in sordu\u011fu en \u00f6nemli sorulardan birini daha bug\u00fcn senin i\u00e7in cevapl\u0131yoruz\u2026 \u0130\u015f g\u00f6r\u00fc\u015fmelerinde en s\u0131k sorulan sorulara verilecek cevaplar\u0131 senin i\u00e7in a\u00e7\u0131klamaya devam ediyoruz. Daha \u00f6nce \u201c\u00d6nceki i\u015finizden neden ayr\u0131ld\u0131n\u0131z?\u201d sorusuna verilecek cevab\u0131 detayl\u0131 olarak a\u00e7\u0131klam\u0131\u015ft\u0131k. Bug\u00fcn ise \u201cNeden bu [&hellip;]<\/p>\n<!-- templates\/buttons-placeholder.php -->\n<div class=\"da-reactions-outer TpostID13018\">\n\t    <div class=\"da-reactions-data da-reactions-container-async center\"\n         data-type=\"post\"\n         data-id=\"13018\"\n         id=\"da-reactions-slot-post-13018\">\n        <div class=\"da-reactions-static\">\n\t\t\t<img src=\"https:\/\/www.kariyer.net\/kariyer-rehberi\/wp-content\/plugins\/da-reactions\/assets\/dist\/loading.svg\" alt=\"Loading spinner\" width=\"48\" height=\"48\" style=\"width:48px\" \/>\n        <\/div>\n    <\/div>\n<\/div>\n","protected":false},"author":29,"featured_media":13020,"comment_status":"open","ping_status":"open","sticky":false,"template":"","format":"standard","meta":{"footnotes":"","_elementor_edit_mode":"","_elementor_template_type":"","_elementor_data":"","_elementor_page_settings":null,"_elementor_conditions":[]},"categories":[43,2211,42,44,45,2214],"tags":[259,1428,1207],"class_list":{"0":"post-13018","1":"post","2":"type-post","3":"status-publish","4":"format-standard","5":"has-post-thumbnail","7":"category-is-gorusmesine-hazirlik","8":"category-kariyer-gelisimi","9":"category-mulakat","10":"category-mulakat-sorulari","11":"category-mulakat-taktikleri","12":"category-yasam","13":"tag-mulakat-sorulari","14":"tag-mulakatlarda-en-sik-sorulan-sorular","15":"tag-ozden-yilmaz"},"yoast_head":"<!-- This site is optimized with the Yoast SEO Premium plugin v21.4 (Yoast SEO v27.0) - https:\/\/yoast.com\/product\/yoast-seo-premium-wordpress\/ -->\n<title>Bu pozisyonla neden ilgileniyorsunuz? | Kariyer Rehberi<\/title>\n<meta name=\"description\" content=\"\u0130\u015f g\u00f6r\u00fc\u015fmelerinde baz\u0131 sorular var ki sorulmadan m\u00fclakatlar tamamlanm\u0131yor. \u0130K uzmanlar\u0131n\u0131n do\u011fru adaya karar vermek i\u00e7in sordu\u011fu en \u00f6nemli sorulardan birini daha bug\u00fcn senin i\u00e7in cevapl\u0131yoruz\u2026\" \/>\n<meta name=\"robots\" content=\"index, follow, max-snippet:-1, max-image-preview:large, max-video-preview:-1\" \/>\n<link rel=\"canonical\" href=\"https:\/\/www.kariyer.net\/kariyer-rehberi\/bu-pozisyonla-neden-ilgileniyorsunuz\/\" \/>\n<meta property=\"og:locale\" content=\"tr_TR\" \/>\n<meta property=\"og:type\" content=\"article\" \/>\n<meta property=\"og:title\" content=\"Bu pozisyonla neden ilgileniyorsunuz?\" \/>\n<meta property=\"og:description\" content=\"\u0130\u015f g\u00f6r\u00fc\u015fmelerinde baz\u0131 sorular var ki sorulmadan m\u00fclakatlar tamamlanm\u0131yor. \u0130K uzmanlar\u0131n\u0131n do\u011fru adaya karar vermek i\u00e7in sordu\u011fu en \u00f6nemli sorulardan\" \/>\n<meta property=\"og:url\" content=\"https:\/\/www.kariyer.net\/kariyer-rehberi\/bu-pozisyonla-neden-ilgileniyorsunuz\/\" \/>\n<meta property=\"og:site_name\" content=\"Kariyer Rehberi\" \/>\n<meta property=\"article:published_time\" content=\"2022-04-07T06:18:48+00:00\" \/>\n<meta property=\"article:modified_time\" content=\"2024-08-08T18:08:41+00:00\" \/>\n<meta property=\"og:image\" content=\"https:\/\/www.kariyer.net\/kariyer-rehberi\/wp-content\/uploads\/2019\/11\/iStock-1070079846.jpg\" \/>\n\t<meta property=\"og:image:width\" content=\"900\" \/>\n\t<meta property=\"og:image:height\" content=\"600\" \/>\n\t<meta property=\"og:image:type\" content=\"image\/jpeg\" \/>\n<meta name=\"author\" content=\"\u00d6zden Y\u0131lmaz\" \/>\n<meta name=\"twitter:card\" content=\"summary_large_image\" \/>\n<meta name=\"twitter:label1\" content=\"Yazan:\" \/>\n\t<meta name=\"twitter:data1\" content=\"\u00d6zden Y\u0131lmaz\" \/>\n\t<meta name=\"twitter:label2\" content=\"Tahmini okuma s\u00fcresi\" \/>\n\t<meta name=\"twitter:data2\" content=\"2 dakika\" \/>\n<!-- \/ Yoast SEO Premium plugin. -->","yoast_head_json":{"title":"Bu pozisyonla neden ilgileniyorsunuz? | Kariyer Rehberi","description":"\u0130\u015f g\u00f6r\u00fc\u015fmelerinde baz\u0131 sorular var ki sorulmadan m\u00fclakatlar tamamlanm\u0131yor. \u0130K uzmanlar\u0131n\u0131n do\u011fru adaya karar vermek i\u00e7in sordu\u011fu en \u00f6nemli sorulardan birini daha bug\u00fcn senin i\u00e7in cevapl\u0131yoruz\u2026","robots":{"index":"index","follow":"follow","max-snippet":"max-snippet:-1","max-image-preview":"max-image-preview:large","max-video-preview":"max-video-preview:-1"},"canonical":"https:\/\/www.kariyer.net\/kariyer-rehberi\/bu-pozisyonla-neden-ilgileniyorsunuz\/","og_locale":"tr_TR","og_type":"article","og_title":"Bu pozisyonla neden ilgileniyorsunuz?","og_description":"\u0130\u015f g\u00f6r\u00fc\u015fmelerinde baz\u0131 sorular var ki sorulmadan m\u00fclakatlar tamamlanm\u0131yor. \u0130K uzmanlar\u0131n\u0131n do\u011fru adaya karar vermek i\u00e7in sordu\u011fu en \u00f6nemli sorulardan","og_url":"https:\/\/www.kariyer.net\/kariyer-rehberi\/bu-pozisyonla-neden-ilgileniyorsunuz\/","og_site_name":"Kariyer Rehberi","article_published_time":"2022-04-07T06:18:48+00:00","article_modified_time":"2024-08-08T18:08:41+00:00","og_image":[{"width":900,"height":600,"url":"https:\/\/www.kariyer.net\/kariyer-rehberi\/wp-content\/uploads\/2019\/11\/iStock-1070079846.jpg","type":"image\/jpeg"}],"author":"\u00d6zden Y\u0131lmaz","twitter_card":"summary_large_image","twitter_misc":{"Yazan:":"\u00d6zden Y\u0131lmaz","Tahmini okuma s\u00fcresi":"2 dakika"},"schema":{"@context":"https:\/\/schema.org","@graph":[{"@type":"Article","@id":"https:\/\/www.kariyer.net\/kariyer-rehberi\/bu-pozisyonla-neden-ilgileniyorsunuz\/#article","isPartOf":{"@id":"https:\/\/www.kariyer.net\/kariyer-rehberi\/bu-pozisyonla-neden-ilgileniyorsunuz\/"},"author":{"name":"\u00d6zden Y\u0131lmaz","@id":"https:\/\/www.kariyer.net\/kariyer-rehberi\/#\/schema\/person\/71c4f71ffd069a4c47a69e85a0e09215"},"headline":"Bu pozisyonla neden ilgileniyorsunuz?","datePublished":"2022-04-07T06:18:48+00:00","dateModified":"2024-08-08T18:08:41+00:00","mainEntityOfPage":{"@id":"https:\/\/www.kariyer.net\/kariyer-rehberi\/bu-pozisyonla-neden-ilgileniyorsunuz\/"},"wordCount":426,"commentCount":0,"publisher":{"@id":"https:\/\/www.kariyer.net\/kariyer-rehberi\/#organization"},"image":{"@id":"https:\/\/www.kariyer.net\/kariyer-rehberi\/bu-pozisyonla-neden-ilgileniyorsunuz\/#primaryimage"},"thumbnailUrl":"https:\/\/www.kariyer.net\/kariyer-rehberi\/wp-content\/uploads\/2019\/11\/iStock-1070079846.jpg","keywords":["M\u00fclakat Sorular\u0131","m\u00fclakatlarda en s\u0131k sorulan sorular","\u00d6zden Y\u0131lmaz"],"articleSection":["\u0130\u015f G\u00f6r\u00fc\u015fmesine Haz\u0131rl\u0131k","Kariyer Geli\u015fimi","M\u00fclakat","M\u00fclakat Sorular\u0131","M\u00fclakat Taktikleri","Ya\u015fam"],"inLanguage":"tr","potentialAction":[{"@type":"CommentAction","name":"Comment","target":["https:\/\/www.kariyer.net\/kariyer-rehberi\/bu-pozisyonla-neden-ilgileniyorsunuz\/#respond"]}]},{"@type":"WebPage","@id":"https:\/\/www.kariyer.net\/kariyer-rehberi\/bu-pozisyonla-neden-ilgileniyorsunuz\/","url":"https:\/\/www.kariyer.net\/kariyer-rehberi\/bu-pozisyonla-neden-ilgileniyorsunuz\/","name":"Bu pozisyonla neden ilgileniyorsunuz? | Kariyer Rehberi","isPartOf":{"@id":"https:\/\/www.kariyer.net\/kariyer-rehberi\/#website"},"primaryImageOfPage":{"@id":"https:\/\/www.kariyer.net\/kariyer-rehberi\/bu-pozisyonla-neden-ilgileniyorsunuz\/#primaryimage"},"image":{"@id":"https:\/\/www.kariyer.net\/kariyer-rehberi\/bu-pozisyonla-neden-ilgileniyorsunuz\/#primaryimage"},"thumbnailUrl":"https:\/\/www.kariyer.net\/kariyer-rehberi\/wp-content\/uploads\/2019\/11\/iStock-1070079846.jpg","datePublished":"2022-04-07T06:18:48+00:00","dateModified":"2024-08-08T18:08:41+00:00","description":"\u0130\u015f g\u00f6r\u00fc\u015fmelerinde baz\u0131 sorular var ki sorulmadan m\u00fclakatlar tamamlanm\u0131yor. \u0130K uzmanlar\u0131n\u0131n do\u011fru adaya karar vermek i\u00e7in sordu\u011fu en \u00f6nemli sorulardan birini daha bug\u00fcn senin i\u00e7in cevapl\u0131yoruz\u2026","breadcrumb":{"@id":"https:\/\/www.kariyer.net\/kariyer-rehberi\/bu-pozisyonla-neden-ilgileniyorsunuz\/#breadcrumb"},"inLanguage":"tr","potentialAction":[{"@type":"ReadAction","target":["https:\/\/www.kariyer.net\/kariyer-rehberi\/bu-pozisyonla-neden-ilgileniyorsunuz\/"]}]},{"@type":"ImageObject","inLanguage":"tr","@id":"https:\/\/www.kariyer.net\/kariyer-rehberi\/bu-pozisyonla-neden-ilgileniyorsunuz\/#primaryimage","url":"https:\/\/www.kariyer.net\/kariyer-rehberi\/wp-content\/uploads\/2019\/11\/iStock-1070079846.jpg","contentUrl":"https:\/\/www.kariyer.net\/kariyer-rehberi\/wp-content\/uploads\/2019\/11\/iStock-1070079846.jpg","width":900,"height":600},{"@type":"BreadcrumbList","@id":"https:\/\/www.kariyer.net\/kariyer-rehberi\/bu-pozisyonla-neden-ilgileniyorsunuz\/#breadcrumb","itemListElement":[{"@type":"ListItem","position":1,"name":"Anasayfa","item":"https:\/\/www.kariyer.net\/kariyer-rehberi\/"},{"@type":"ListItem","position":2,"name":"Bu pozisyonla neden ilgileniyorsunuz?"}]},{"@type":"WebSite","@id":"https:\/\/www.kariyer.net\/kariyer-rehberi\/#website","url":"https:\/\/www.kariyer.net\/kariyer-rehberi\/","name":"Kariyer Rehberi","description":"\u0130\u015f D\u00fcnyas\u0131yla \u0130lgili Bilmek \u0130stedi\u011finiz Her \u015eey","publisher":{"@id":"https:\/\/www.kariyer.net\/kariyer-rehberi\/#organization"},"potentialAction":[{"@type":"SearchAction","target":{"@type":"EntryPoint","urlTemplate":"https:\/\/www.kariyer.net\/kariyer-rehberi\/?s={search_term_string}"},"query-input":{"@type":"PropertyValueSpecification","valueRequired":true,"valueName":"search_term_string"}}],"inLanguage":"tr"},{"@type":"Organization","@id":"https:\/\/www.kariyer.net\/kariyer-rehberi\/#organization","name":"Kariyer.net","url":"https:\/\/www.kariyer.net\/kariyer-rehberi\/","logo":{"@type":"ImageObject","inLanguage":"tr","@id":"https:\/\/www.kariyer.net\/kariyer-rehberi\/#\/schema\/logo\/image\/","url":"https:\/\/www.kariyer.net\/kariyer-rehberi-new\/wp-content\/uploads\/2023\/01\/og-image11.jpg","contentUrl":"https:\/\/www.kariyer.net\/kariyer-rehberi-new\/wp-content\/uploads\/2023\/01\/og-image11.jpg","width":800,"height":800,"caption":"Kariyer.net"},"image":{"@id":"https:\/\/www.kariyer.net\/kariyer-rehberi\/#\/schema\/logo\/image\/"}},{"@type":"Person","@id":"https:\/\/www.kariyer.net\/kariyer-rehberi\/#\/schema\/person\/71c4f71ffd069a4c47a69e85a0e09215","name":"\u00d6zden Y\u0131lmaz","image":{"@type":"ImageObject","inLanguage":"tr","@id":"https:\/\/www.kariyer.net\/kariyer-rehberi\/#\/schema\/person\/image\/","url":"https:\/\/secure.gravatar.com\/avatar\/776750a3e7166486a1e43527c51a8f7088279a624700d0e81666f27a714cbbc2?s=96&d=mm&r=g","contentUrl":"https:\/\/secure.gravatar.com\/avatar\/776750a3e7166486a1e43527c51a8f7088279a624700d0e81666f27a714cbbc2?s=96&d=mm&r=g","caption":"\u00d6zden Y\u0131lmaz"},"description":"Kocaeli \u00dcniversitesi \u0130leti\u015fim Fak\u00fcltesi mezunu olan \u00d6zden, Bilgi \u00dcniversitesi\u2019nde \u0130nteraktif Pazarlama alan\u0131nda y\u00fcksek lisans yapm\u0131\u015ft\u0131r. Lisans \u00f6\u011freniminin ilk y\u0131llar\u0131nda TRT Haber\u2019de asistan muhabirlik yaparak meslek hayat\u0131na ba\u015flam\u0131\u015ft\u0131r. Mezun olduktan sonra farkl\u0131 d\u00f6nemlerde TV8 Haber ve Cem TV\u2019de; yap\u0131mc\u0131, y\u00f6netmen ve edit\u00f6r olarak g\u00f6rev alm\u0131\u015ft\u0131r. Dijital d\u00fcnyadaki geli\u015fmelerle birlikte editoryal deneyimini online platformlara ta\u015f\u0131m\u0131\u015f, Markafoni\u2019de ve Mudo\u2019da i\u00e7erik edit\u00f6rl\u00fc\u011f\u00fc yapm\u0131\u015ft\u0131r. Kurumsal markalar i\u00e7in freelance SEO edit\u00f6rl\u00fc\u011f\u00fc de yapan \u00d6zden, 2018 y\u0131l\u0131 itibar\u0131yla kariyerine, Kariyer.net i\u00e7erik edit\u00f6r\u00fc olarak devam etmekte ve online\/offline i\u00e7erik \u00fcretmektedir.","url":"https:\/\/www.kariyer.net\/kariyer-rehberi\/author\/ozdenyilmaz\/"}]}},"_links":{"self":[{"href":"https:\/\/www.kariyer.net\/kariyer-rehberi\/wp-json\/wp\/v2\/posts\/13018","targetHints":{"allow":["GET"]}}],"collection":[{"href":"https:\/\/www.kariyer.net\/kariyer-rehberi\/wp-json\/wp\/v2\/posts"}],"about":[{"href":"https:\/\/www.kariyer.net\/kariyer-rehberi\/wp-json\/wp\/v2\/types\/post"}],"author":[{"embeddable":true,"href":"https:\/\/www.kariyer.net\/kariyer-rehberi\/wp-json\/wp\/v2\/users\/29"}],"replies":[{"embeddable":true,"href":"https:\/\/www.kariyer.net\/kariyer-rehberi\/wp-json\/wp\/v2\/comments?post=13018"}],"version-history":[{"count":1,"href":"https:\/\/www.kariyer.net\/kariyer-rehberi\/wp-json\/wp\/v2\/posts\/13018\/revisions"}],"predecessor-version":[{"id":20025,"href":"https:\/\/www.kariyer.net\/kariyer-rehberi\/wp-json\/wp\/v2\/posts\/13018\/revisions\/20025"}],"wp:featuredmedia":[{"embeddable":true,"href":"https:\/\/www.kariyer.net\/kariyer-rehberi\/wp-json\/wp\/v2\/media\/13020"}],"wp:attachment":[{"href":"https:\/\/www.kariyer.net\/kariyer-rehberi\/wp-json\/wp\/v2\/media?parent=13018"}],"wp:term":[{"taxonomy":"category","embeddable":true,"href":"https:\/\/www.kariyer.net\/kariyer-rehberi\/wp-json\/wp\/v2\/categories?post=13018"},{"taxonomy":"post_tag","embeddable":true,"href":"https:\/\/www.kariyer.net\/kariyer-rehberi\/wp-json\/wp\/v2\/tags?post=13018"}],"curies":[{"name":"wp","href":"https:\/\/api.w.org\/{rel}","templated":true}]}}