{"id":1303,"date":"2009-04-06T03:00:00","date_gmt":"2009-04-06T00:00:00","guid":{"rendered":"http:\/\/92.45.35.169\/bilim-adami-olmak-isterken-satisci-oldum\/"},"modified":"2024-07-03T14:57:48","modified_gmt":"2024-07-03T11:57:48","slug":"bilim-adami-olmak-isterken-satisci-oldum","status":"publish","type":"post","link":"https:\/\/www.kariyer.net\/kariyer-rehberi\/bilim-adami-olmak-isterken-satisci-oldum\/","title":{"rendered":"Bilim adam\u0131 olmak isterken sat\u0131\u015f\u00e7\u0131 oldum"},"content":{"rendered":"<p><strong><img decoding=\"async\" height=\"225\" alt=\"\" hspace=\"10\" width=\"200\" align=\"left\" vspace=\"10\" src=\"http:\/\/web4.kariyer.net\/UploadFiles\/tempPhoto\/kariyerRehberi\/5.JPG\" \/>ZyXEL T\u00fcrkiye Genel M\u00fcd\u00fcr\u00fc Vefa Tarhan, sistem analisti olarak i\u015f hayat\u0131na ad\u0131m at\u0131yor. Yaz\u0131l\u0131m ve Ar-Ge departman\u0131nda \u00e7al\u0131\u015fan Tarhan&rsquo;\u0131n kariyer plan\u0131&nbsp; sat\u0131\u015f-pazarlamayla kesi\u015fince de\u011fi\u015fiyor. Vefa Tarhan; &ldquo;T\u00fcrkiye&rsquo;de s\u00fcrekli teknik bilgi \u00f6\u011freniyorsunuz ve teknik bilgiler bir s\u00fcre sonra sizi zorla sat\u0131\u015fa itiyor.&rdquo; diyor. <\/strong><\/p>\n<p>1989 y\u0131l\u0131nda kurulan ZyXEL, d\u00fcnyan\u0131n lider ba\u011flant\u0131 \u00e7\u00f6z\u00fcm ve teknolojileri sa\u011flay\u0131c\u0131s\u0131. Merkezi Tayvan&rsquo;da yer alan firman\u0131n k\u00fcresel \u00e7apta 29 b\u00f6lge ofisi ve 3 Ar-Ge merkezi bulunuyor. ZyXEL \u00fcr\u00fcnleriyle Datateknik&rsquo;te \u00e7al\u0131\u015f\u0131rken tan\u0131\u015fan Vefa Tarhan, 2007 y\u0131l\u0131nda ZyXEL&rsquo;in T\u00fcrkiye&rsquo;nin kuruculu\u011funu yapt\u0131. Halen ZyXEL T\u00fcrkiye&rsquo;de Genel M\u00fcd\u00fcrl\u00fck g\u00f6revini s\u00fcrd\u00fcren Tarhan, kariyerine sistem analisti olarak Datateknik&rsquo;te ba\u015flad\u0131. Datateknik&rsquo;te Proje M\u00fchendisi, Sat\u0131\u015f Destek M\u00fchendisi, Proje ve \u0130\u015f Geli\u015ftirme, \u00dcr\u00fcn M\u00fcd\u00fcr\u00fc olarak \u00e7al\u0131\u015ft\u0131. Yaz\u0131l\u0131m ve Ar-Ge departmanlar\u0131nda \u00e7al\u0131\u015f\u0131rken genel m\u00fcd\u00fcr\u00fcn\u00fcn \u0131srarlar\u0131yla sat\u0131\u015f departman\u0131nda yar\u0131m g\u00fcn \u00e7al\u0131\u015fmaya ba\u015flad\u0131. Sat\u0131\u015f-pazarlama ilgisini \u00e7ekince ZyXEL i\u015f biriminin sat\u0131\u015f pazarlama direkt\u00f6r\u00fc oldu. Vefa Tarhan&rsquo;la y\u00f6n de\u011fi\u015ftiren ve kendisini genel m\u00fcd\u00fcrl\u00fc\u011fe ta\u015f\u0131yan kariyeri ve \u00e7evreci \u00fcr\u00fcnleriyle ad\u0131ndan s\u00f6z ettiren ZyXEL hakk\u0131nda konu\u015ftuk.<\/p>\n<p><strong>Bili\u015fim sekt\u00f6r\u00fcnde kariyer yapmaya nas\u0131l karar verdiniz?<\/strong>Matemati\u011fi, karma\u015f\u0131k problemleri \u00e7ok seviyor, bilim adam\u0131 olmak istiyordum. \u00dcniversitede de \u0130T\u00dc matematik m\u00fchendisli\u011fini tercih ettim. Matematik m\u00fchendisli\u011finde yaz\u0131l\u0131m a\u011f\u0131rl\u0131kl\u0131 e\u011fitim ald\u0131k. Bizim b\u00f6l\u00fcm\u00fc bitirenler yaz\u0131l\u0131mc\u0131 ya da bankada bilgi i\u015flem departman\u0131nda \u00e7al\u0131\u015f\u0131rlar. Ben daha \u00e7ok i\u015fin teknik taraf\u0131na merakl\u0131yd\u0131m. Unix ve Microsoft&rsquo;un operating sistemlerinde \u00e7al\u0131\u015ft\u0131m, a\u011f, network kurdum. Karma\u015f\u0131k konular\u0131 her zaman sevdim. Herkes bilgisayarla u\u011fra\u015f\u0131rken bilgisayar teknik anlamda bir s\u00fcre sonra benim i\u00e7in s\u0131radan bir i\u015f hale geldi. Bilgisayar \u00fczerinde bireysel olarak geli\u015ftirebilece\u011fim noktalar pek yoktu bilgisayarlarda. Ben de o d\u00f6nemde sunucu yaz\u0131l\u0131mlar\u0131yla, a\u011flarla ilgilenmeye ba\u015flad\u0131m. O d\u00f6nem Datateknik ZyXEL&rsquo;in distrib\u00fct\u00f6r\u00fcyd\u00fc, bu sayede ZyXEL a\u011f \u00fcr\u00fcnleriyle tan\u0131\u015ft\u0131m. Proje, i\u015f geli\u015ftirmede de g\u00f6revliydim, b\u00fcy\u00fck network firmalar\u0131yla i\u015f birlikleri, projeler yapt\u0131k.<\/p>\n<p><strong>Bili\u015fim sekt\u00f6r\u00fcnde m\u00fchendislikten sat\u0131\u015f-pazarlamaya ge\u00e7i\u015f yapt\u0131n\u0131z. Bu s\u00fcre\u00e7 nas\u0131l geli\u015fti?<\/strong>\u0130\u015fin pazarlama sat\u0131\u015f k\u0131sm\u0131yla hi\u00e7 ilgilenmezdim, hi\u00e7bir zamanda i\u015fin bu k\u0131sm\u0131nda \u00e7al\u0131\u015faca\u011f\u0131m\u0131 d\u00fc\u015f\u00fcnmedim. Ancak T\u00fcrkiye&rsquo;de s\u00fcrekli teknik bilgi \u00f6\u011freniyorsunuz ve \u00f6\u011frendi\u011finiz teknik bilgiler bir s\u00fcre sonra sizi zorla sat\u0131\u015fa itiyor. Hi\u00e7 unutmuyorum, Datateknik&rsquo;teki genel m\u00fcd\u00fcr\u00fcm sat\u0131\u015f k\u0131sm\u0131nda \u00e7al\u0131\u015fmam\u0131 \u00f6nerdi, kabul etmedim. Yar\u0131m g\u00fcn sat\u0131\u015fa gelmemi \u00f6nerince k\u0131ramad\u0131m. Zamanla sat\u0131\u015f ilgimi \u00e7ekmeye ba\u015flad\u0131, sat\u0131\u015f-pazarlaman\u0131n da ayr\u0131 bir g\u00fczelli\u011fi oldu\u011funu fark ettim. Sonunda bakt\u0131m ki g\u00fcnlerimin \u00e7o\u011fu sat\u0131\u015f, pazarlamada ge\u00e7iyor. \u00dcr\u00fcn sorumlusu, m\u00fcd\u00fcr\u00fc oldum ve devam ettim. M\u00fchendislikten geldi\u011fim i\u00e7in \u00e7al\u0131\u015fanlar\u0131mla daha iyi empati kurdu\u011fumu d\u00fc\u015f\u00fcn\u00fcyorum.<\/p>\n<p><strong>Teknoloji alan\u0131nda \u00e7al\u0131\u015fman\u0131n bence en b\u00fcy\u00fck zorlu\u011fu teknolojinin \u00e7ok h\u0131zl\u0131 ilerlemesi, Bilgilerinizi g\u00fcncel tutmak i\u00e7in izledi\u011finiz yollar var m\u0131?<\/strong>Kurulum, proje m\u00fchendisiyseniz bilgiler iki \u00fc\u00e7 sene i\u00e7inde yenileniyor. \u0130yi bir m\u00fchendisin tecr\u00fcbe edinmesi i\u00e7in bir y\u0131l yeterli \u00e7\u00fcnk\u00fc \u00e7ok eski bilgiyi \u00f6\u011frenmesine gerek yok. Ama dinamik bir \u015fekilde \u00f6\u011frenmeye devam etmek zorunda ba\u015far\u0131l\u0131 olabilmek i\u00e7in. Piyasada bence iki \u00e7e\u015fit m\u00fchendis var. Biri bildi\u011fi i\u015fi \u00f6\u011fretmeyen di\u011feri bildi\u011fi \u015feyleri ba\u015fkalar\u0131na \u00f6\u011freten m\u00fchendis. Bilgilerini \u00f6\u011freten m\u00fchendisler, yeni gelenlere g\u00f6revlerini devreder ve yenilerini \u00f6\u011frenirler. Bildi\u011fi i\u015fi \u00f6\u011fretmeyen m\u00fchendisin \u00fczerine i\u015fler y\u0131\u011f\u0131laca\u011f\u0131ndan zaten yeni \u015feyler \u00f6\u011frenmeye vakti olmaz. Ben her zaman bildiklerimi yeni gelenlere \u00f6\u011frettim, yeni \u015feyler \u00f6\u011frenmeye zaman bularak bilgilerimi g\u00fcncel tuttum. Bildi\u011fim eski bilgilerle son kullan\u0131c\u0131ya tekrar tekrar ayn\u0131 teknik deste\u011fi vermek zorunda da kalmad\u0131m. Zaten bildi\u011fini aktaran insanlar her zaman daha fazla mesafe al\u0131rlar.<\/p>\n<p><strong>Sat\u0131\u015f ve pazarlama a\u00e7\u0131s\u0131ndan de\u011ferlendirirseniz de durum bu \u015fekilde mi?<\/strong>Sat\u0131\u015f pazarlamada bilgi ger\u00e7ekten \u00e7ok derin. Bilgiler m\u00fchendislikteki gibi h\u0131zla eskimiyor. Bulunulan \u00e7evre, \u00f6ncesinde yap\u0131lan i\u015fler, hepsi de\u011fer kat\u0131yor. Ya\u015f ilerledik\u00e7e hep \u00fcst\u00fcne koyuyor, tecr\u00fcbe kazan\u0131yorsunuz. Sat\u0131\u015f pazarlamada trend, pazar nereye gidiyor, tehdit veya f\u0131rsatlar neler? Bunlar \u00e7ok \u00f6nemli. \u0130\u015f alanlar\u0131m\u0131za kaynak ayarlamak i\u00e7in \u00fc\u00e7, be\u015f sene sonras\u0131n\u0131n tahmin edilmesi gerekiyor. Bu da g\u00f6r\u00fcnd\u00fc\u011f\u00fc kadar kolay de\u011fil. M\u00fchendisler olan biteni uyguluyorlar ancak sat\u0131\u015f her zaman daha fazla \u00f6ng\u00f6r\u00fcl\u00fc olmal\u0131. Bu y\u00fczden biz de ZyXEL olarak 5-10 y\u0131ll\u0131k planlar\u0131m\u0131z\u0131 yap\u0131yor ve s\u00fcrekli g\u00f6zden ge\u00e7iriyoruz. Bu alanda y\u00f6neticilik ve sat\u0131\u015f pazarlama bilgilerini de geli\u015ftirmek, bizzat i\u015fin i\u00e7inde olmak \u00e7ok \u00f6nemli. E\u011fitim de \u00f6nemli, Ko\u00e7 \u00dcniversitesi Executive MBA program\u0131 bu alanda geli\u015fmeme b\u00fcy\u00fck katk\u0131 sa\u011flad\u0131.<\/p>\n<p><strong>ZyXEL&rsquo;de sizi en \u00e7ok zorlayan g\u00f6reviniz hangisi?<\/strong> <br \/>\u0130\u015fimin ger\u00e7ekten en zor k\u0131sm\u0131 muhasebe ve finans. \u00c7\u00fcnk\u00fc T\u00fcrkiye&rsquo;de mevzuatlar\u0131 takip etmek ba\u015fl\u0131 ba\u015f\u0131na farkl\u0131 bir d\u00fcnya. Bu alanda iki, \u00fc\u00e7 firmadan birden destek al\u0131yoruz. Bir \u015fey yapaca\u011f\u0131m\u0131z zaman hepsine ba\u015fvuruyoruz ve hepsinden de farkl\u0131 g\u00f6r\u00fc\u015fler al\u0131yoruz. Teknik alanlarda her \u015fey nettir, muhasebe de oturmam\u0131\u015f noktalar var. Uluslararas\u0131 standartlar oturmu\u015f ama Vergi Usul Kanunu&rsquo;nda yoruma a\u00e7\u0131k noktalar var.<\/p>\n<p><strong>T\u00fcrk firmalar sizce ileti\u015fim \u00e7\u00f6z\u00fcm ve teknolojilerini yeterince kullanabiliyorlar m\u0131?<\/strong><br \/>T\u00fcrkiye&rsquo;de bireysel bilgisayar kullan\u0131m\u0131 y\u00fczde 30&rsquo;larda, internet kullan\u0131m\u0131ndaysa bu oran y\u00fczde 25 civar\u0131nda. Geli\u015fmi\u015f \u00fclkelerde bu oran y\u00fczde 80&rsquo;lere \u00e7\u0131k\u0131yor. Ancak yine de T\u00fcrkiye&rsquo;nin h\u0131zla ilerledi\u011fini d\u00fc\u015f\u00fcn\u00fcyorum \u00e7\u00fcnk\u00fc 5 sene \u00f6nce bilgisayar kullan\u0131m\u0131 bireysel kullan\u0131mda y\u00fczde 10, internet kullan\u0131m\u0131 y\u00fczde 5&rsquo;lerdeydi. KOB\u0130&rsquo;lerde bilgisayar kullan\u0131m\u0131ysa y\u00fczde 50- 60 civar\u0131nda. Bu sonuca g\u00f6re, hala ka\u011f\u0131t kalemle yazar kasayla i\u015f yapan firmalar var demek. Teknoloji kullan\u0131m\u0131n\u0131n ilerlemesi gerekiyor. Bilgisayar kullan\u0131m\u0131 artt\u0131k\u00e7a bu oran da artacak. Bili\u015fim sekt\u00f6r\u00fc h\u0131zla b\u00fcy\u00fcyor ve pazarda gidilecek \u00e7ok yol var. Sekt\u00f6r on y\u0131l \u00f6nce 1.5 milyon dolar civar\u0131ndayken bu rakam 6 milyon dolar seviyesine geldi. \u0130leti\u015fim ve donan\u0131m sekt\u00f6r\u00fcn\u00fcn toplam ciro oran\u0131 20 milyar dolar\u0131 ge\u00e7ti. \u0130leti\u015fim ve bili\u015fim sekt\u00f6rleri h\u0131zla geli\u015fiyor ve hala b\u00fcy\u00fck bir potansiyel var. \u00d6zellikle bilgisayarla\u015fma, yaz\u0131l\u0131m ve internet kullan\u0131m\u0131 yak\u0131n d\u00f6nemde iki kat artacak.<\/p>\n<p><strong>\u00c7evre raporu olan &ldquo;Clean &amp; Green Watch 2007&rdquo; raporunda 2. s\u0131rada yer al\u0131yorsunuz. T\u00fcrkiye&rsquo;de de ayn\u0131 uygulamalar\u0131n\u0131z s\u00fcr\u00fcyor de\u011fil mi?<\/strong><\/p>\n<p>\u00c7evrecilik denilince insanlar\u0131n akl\u0131na geri d\u00f6n\u00fc\u015f\u00fcm geliyor. Ancak biz bununla yetinmiyoruz. \u00c7evre i\u00e7in yapt\u0131klar\u0131m\u0131z\u0131 \u00fc\u00e7 ba\u015fl\u0131k alt\u0131nda topluyoruz. Bunlarda ilki geri d\u00f6n\u00fc\u015f\u00fcm, ikincisi \u00e7evreye zarars\u0131z ye\u015fil malzeme kullanmam\u0131z. \u00dc\u00e7\u00fcnc\u00fc olarak bizim \u00fcr\u00fcnlerimizin az elektrik, enerji harcamas\u0131. Eskiden 5 watt&rsquo;la \u00e7al\u0131\u015fan modemlerimiz 2 kat fazla i\u015f yapmalar\u0131na ra\u011fmen art\u0131k 1 watt&rsquo;la \u00e7al\u0131\u015f\u0131yorlar. Bizimle ayn\u0131 segmentteki \u00e7o\u011fu \u00fcr\u00fcnden 5 kat az enerji t\u00fcketiyor bizim \u00fcr\u00fcnlerimiz. Bir de eskisini getir yenisini g\u00f6t\u00fcr kampanyalar\u0131 yapt\u0131k. Toplad\u0131klar\u0131m\u0131z\u0131n ayr\u0131\u015ft\u0131r\u0131p, d\u00f6n\u00fc\u015ft\u00fcr\u00fclmesini sa\u011flad\u0131k. Avrupa ve Amerika&rsquo;da uygulanan t\u00fcm \u00e7evre standartlar\u0131n\u0131 \u00fcr\u00fcnlerimiz sahip.<\/p>\n<p><strong>\u00c7al\u0131\u015fan se\u00e7iminizde ne gibi kriterlere \u00f6nem veriyorsunuz? \u00c7al\u0131\u015flar\u0131n\u0131zdan beklentileriniz neler?<\/strong><\/p>\n<p>\u00c7al\u0131\u015fan se\u00e7erken i\u015fe g\u00f6re adam se\u00e7ilir, i\u015fin tan\u0131m\u0131 yap\u0131l\u0131r ve uygun aday aran\u0131rd\u0131. Bu \u00e7ok demode bir \u00e7al\u0131\u015fan se\u00e7me metodu. Biz yetkinli\u011fe g\u00f6re \u00e7al\u0131\u015fan se\u00e7iyoruz. \u0130\u015fin gerektirdi\u011fi yetkinlikleri belirleyip, yetkinli\u011fe g\u00f6re \u00e7al\u0131\u015fan se\u00e7ip performans\u0131na g\u00f6re \u00e7al\u0131\u015fan\u0131 y\u00fckseltiyoruz. Her insan\u0131n i\u015fini severek yapmas\u0131n\u0131n \u00e7ok \u00f6nemli oldu\u011funu d\u00fc\u015f\u00fcn\u00fcyorum. \u0130\u015f, \u00e7al\u0131\u015fan\u0131n karakteri ve yeteneklerine ne kadar uyarsa o mutlu yap\u0131l\u0131r. M\u00fclakatlarda aday\u0131n k\u0131sa ve uzun vadeli hedeflerini sorar\u0131z. Aday\u0131n kariyer hedeflerini kar\u015f\u0131layabileceksek i\u015fe al\u0131yoruz. \u00c7al\u0131\u015fan\u0131n, y\u00f6neticisiyle kayna\u015fmas\u0131, performans kriterlerinin net olmas\u0131 \u00f6nemli. \u015eirket kazand\u0131k\u00e7a \u00e7al\u0131\u015fan da kazanmal\u0131. \u015eirketimiz kar etti\u011finde herkese pay ediyoruz.<\/p>\n<p><strong>\u0130\u015f yo\u011funlu\u011funuz nas\u0131l, kendinize zaman ay\u0131rabiliyor musunuz?<\/strong><\/p>\n<p>Genel m\u00fcd\u00fcrlerin pek mesaisi olmaz, 7\/24 i\u015fle ilgilenmemiz gerekebiliyor. E\u015fime ilk bu g\u00f6rev bana teklif edildi\u011finde daha az yo\u011fun olaca\u011f\u0131m\u0131 s\u00f6ylemi\u015ftim. \u015eimdi e\u015fim sat\u0131\u015f pazarlama direkt\u00f6rl\u00fc\u011f\u00fcne g\u00f6re i\u015flerimin y\u00fczde 50 art\u0131\u011f\u0131n\u0131 s\u00f6yleyip bana tak\u0131l\u0131yor. Sonu\u00e7ta g\u00f6revler devredilebiliyor ama sorumluluk devredilemez bir \u015fey. Firmadaki departmanlar\u0131n hepsine g\u00f6revleri verdik ama yap\u0131lan t\u00fcm i\u015flerden sorumluyum. Ekibi sahiplenip, yard\u0131mc\u0131 olup kayna\u011f\u0131n\u0131 aktarmakla g\u00f6revliyim. 7\/24 \u00e7a\u011fr\u0131 merkezimiz var. Cumartesi, Pazar \u00e7al\u0131\u015fm\u0131yorum ama uzaktan yine \u00e7a\u011fr\u0131lar ne durumda diye takip ediyorum. Yine de kendime ve aileme vaktimin kald\u0131\u011f\u0131n\u0131 d\u00fc\u015f\u00fcn\u00fcyorum, m\u00fchendisken daha \u00e7ok yoruluyordum. Bo\u015f zamanlar\u0131mda do\u011fada zaman ge\u00e7irmeyi seviyorum. Bilim kurgu filmlerini seviyorum, s\u0131k s\u0131k sinemaya giderim. Yaz d\u00f6neminde ailecek tatile gideriz. \u0130ki k\u00fc\u00e7\u00fck k\u0131z\u0131m var. Biri 2.5 di\u011feri 5 ya\u015f\u0131nda. Onlarla epey zaman ge\u00e7iriyorum, oyun parklar\u0131na gidiyoruz.<\/p>\n<p><strong>Sizce nas\u0131l bir y\u00f6neticisiniz?<\/strong><\/p>\n<p>Kendi do\u011frular\u0131mla hareket etmiyorum, bilime \u00f6nem veriyorum. \u00c7al\u0131\u015fkan, azimli biriyim, i\u015fi sonu\u00e7land\u0131rmak isterim. Yapaca\u011f\u0131m dedi\u011fim i\u015fleri ger\u00e7ekten her zaman yapt\u0131m. Executive MBA s\u0131ras\u0131nda \u00f6\u011frendi\u011fim bilgilerin \u00e7o\u011funu hayata ge\u00e7irip, uygulamaya \u00e7al\u0131\u015f\u0131yorum. S\u00fcrekli kendime hedefler koyuyorum ve ba\u015farmak i\u00e7in \u00e7al\u0131\u015f\u0131yorum.<\/p>\n<p><strong>ZyXEL&rsquo;de \u00e7al\u0131\u015fman\u0131n en sevdi\u011finiz \u00f6zelli\u011fi ne?<\/strong><\/p>\n<p>\u0130nsanlar\u0131 birbiriyle haberle\u015ftiriyoruz, bu \u00e7ok mutluluk verici. ZyXEL olarak en basit anlamda insanlar\u0131 birbirine, internete ba\u011fl\u0131yor, d\u00fcnyaya a\u00e7\u0131lmalar\u0131n\u0131 sa\u011fl\u0131yor, maliyetlerini azalt\u0131yoruz. B\u00f6yle olunca m\u00fc\u015fterilerimiz mutlu hem de biz. Karma\u015f\u0131k bir yap\u0131 kurdu\u011fum zaman acayip bir haz duyuyorum. Maddi de\u011fer, kazan\u00e7 elbette \u00f6nemli ama yapt\u0131\u011f\u0131m i\u015fin de\u011feri, \u00f6zg\u00fcnl\u00fc\u011f\u00fc benim i\u00e7in daha \u00f6nemli.<\/p>\n<p><strong>K\u0131sa k\u0131sa<\/strong><\/p>\n<p><strong>Hangi tak\u0131m taraftar\u0131s\u0131n\u0131z?<\/strong><br \/>Galatasayl\u0131y\u0131m<\/p>\n<p><strong>En son hangi filmi izlediniz?<\/strong><br \/>Slumdog Millionaire<\/p>\n<p><strong>En sevdi\u011finiz yemek? <\/strong>Pizza, Japon yemekleri.<\/p>\n<p><strong>Tatil i\u00e7in nereyi tercih edersiniz?<\/strong><br \/>Bahar aylar\u0131nda Prag, yaz\u0131n Akdeniz, Ege favorimiz.<\/p>\n<p><strong>En \u00e7ok ziyaret etti\u011finiz internet siteleri?<\/strong><br \/>turk.internet, haberturk.com<\/p>\n<p><strong>\u00c7ocukluk hayaliniz?<\/strong><br \/>Bilim adam\u0131 olmak isterdim.<\/p>\n<p>&nbsp;<\/p>\n<!-- templates\/buttons-placeholder.php -->\n<div class=\"da-reactions-outer TpostID1303\">\n\t    <div class=\"da-reactions-data da-reactions-container-async center\"\n         data-type=\"post\"\n         data-id=\"1303\"\n         id=\"da-reactions-slot-post-1303\">\n        <div class=\"da-reactions-static\">\n\t\t\t<img src=\"https:\/\/www.kariyer.net\/kariyer-rehberi\/wp-content\/plugins\/da-reactions\/assets\/dist\/loading.svg\" alt=\"Loading spinner\" width=\"48\" height=\"48\" style=\"width:48px\" \/>\n        <\/div>\n    <\/div>\n<\/div>\n","protected":false},"excerpt":{"rendered":"<p>ZyXEL T\u00fcrkiye Genel M\u00fcd\u00fcr\u00fc Vefa Tarhan, sistem analisti olarak i\u015f hayat\u0131na ad\u0131m at\u0131yor. Yaz\u0131l\u0131m ve Ar-Ge departman\u0131nda \u00e7al\u0131\u015fan Tarhan&rsquo;\u0131n kariyer plan\u0131&nbsp; sat\u0131\u015f-pazarlamayla kesi\u015fince de\u011fi\u015fiyor. Vefa Tarhan; &ldquo;T\u00fcrkiye&rsquo;de s\u00fcrekli teknik bilgi \u00f6\u011freniyorsunuz ve teknik bilgiler bir s\u00fcre sonra sizi zorla sat\u0131\u015fa itiyor.&rdquo; diyor. 1989 y\u0131l\u0131nda kurulan ZyXEL, d\u00fcnyan\u0131n lider ba\u011flant\u0131 \u00e7\u00f6z\u00fcm ve teknolojileri sa\u011flay\u0131c\u0131s\u0131. Merkezi Tayvan&rsquo;da [&hellip;]<\/p>\n<!-- templates\/buttons-placeholder.php -->\n<div class=\"da-reactions-outer TpostID1303\">\n\t    <div class=\"da-reactions-data da-reactions-container-async center\"\n         data-type=\"post\"\n         data-id=\"1303\"\n         id=\"da-reactions-slot-post-1303\">\n        <div class=\"da-reactions-static\">\n\t\t\t<img src=\"https:\/\/www.kariyer.net\/kariyer-rehberi\/wp-content\/plugins\/da-reactions\/assets\/dist\/loading.svg\" alt=\"Loading spinner\" width=\"48\" height=\"48\" style=\"width:48px\" \/>\n        <\/div>\n    <\/div>\n<\/div>\n","protected":false},"author":5,"featured_media":0,"comment_status":"open","ping_status":"open","sticky":false,"template":"","format":"standard","meta":{"footnotes":"","_elementor_edit_mode":"","_elementor_template_type":"","_elementor_data":"","_elementor_page_settings":null,"_elementor_conditions":[]},"categories":[2203],"tags":[],"class_list":{"0":"post-1303","1":"post","2":"type-post","3":"status-publish","4":"format-standard","6":"category-haberler-duyurular"},"yoast_head":"<!-- This site is optimized with the Yoast SEO Premium plugin v21.4 (Yoast SEO v27.0) - https:\/\/yoast.com\/product\/yoast-seo-premium-wordpress\/ -->\n<title>Bilim adam\u0131 olmak isterken sat\u0131\u015f\u00e7\u0131 oldum | Kariyer Rehberi<\/title>\n<meta name=\"description\" content=\"ZyXEL T\u00fcrkiye Genel M\u00fcd\u00fcr\u00fc Vefa Tarhan, sistem analisti olarak i\u015f hayat\u0131na ad\u0131m at\u0131yor. Yaz\u0131l\u0131m ve Ar-Ge departman\u0131nda \u00e7al\u0131\u015fan Tarhan&rsquo;\u0131n kariyer\" \/>\n<meta name=\"robots\" content=\"index, follow, max-snippet:-1, max-image-preview:large, max-video-preview:-1\" \/>\n<link rel=\"canonical\" href=\"https:\/\/www.kariyer.net\/kariyer-rehberi\/bilim-adami-olmak-isterken-satisci-oldum\/\" \/>\n<meta property=\"og:locale\" content=\"tr_TR\" \/>\n<meta property=\"og:type\" content=\"article\" \/>\n<meta property=\"og:title\" content=\"Bilim adam\u0131 olmak isterken sat\u0131\u015f\u00e7\u0131 oldum\" \/>\n<meta property=\"og:description\" content=\"ZyXEL T\u00fcrkiye Genel M\u00fcd\u00fcr\u00fc Vefa Tarhan, sistem analisti olarak i\u015f hayat\u0131na ad\u0131m at\u0131yor. Yaz\u0131l\u0131m ve Ar-Ge departman\u0131nda \u00e7al\u0131\u015fan Tarhan&rsquo;\u0131n kariyer\" \/>\n<meta property=\"og:url\" content=\"https:\/\/www.kariyer.net\/kariyer-rehberi\/bilim-adami-olmak-isterken-satisci-oldum\/\" \/>\n<meta property=\"og:site_name\" content=\"Kariyer Rehberi\" \/>\n<meta property=\"article:published_time\" content=\"2009-04-06T00:00:00+00:00\" \/>\n<meta property=\"article:modified_time\" content=\"2024-07-03T11:57:48+00:00\" \/>\n<meta property=\"og:image\" content=\"http:\/\/web4.kariyer.net\/UploadFiles\/tempPhoto\/kariyerRehberi\/5.JPG\" \/>\n<meta name=\"author\" content=\"P\u0131nar Nogay\" \/>\n<meta name=\"twitter:card\" content=\"summary_large_image\" \/>\n<meta name=\"twitter:label1\" content=\"Yazan:\" \/>\n\t<meta name=\"twitter:data1\" content=\"P\u0131nar Nogay\" \/>\n\t<meta name=\"twitter:label2\" content=\"Tahmini okuma s\u00fcresi\" \/>\n\t<meta name=\"twitter:data2\" content=\"10 dakika\" \/>\n<!-- \/ Yoast SEO Premium plugin. -->","yoast_head_json":{"title":"Bilim adam\u0131 olmak isterken sat\u0131\u015f\u00e7\u0131 oldum | Kariyer Rehberi","description":"ZyXEL T\u00fcrkiye Genel M\u00fcd\u00fcr\u00fc Vefa Tarhan, sistem analisti olarak i\u015f hayat\u0131na ad\u0131m at\u0131yor. Yaz\u0131l\u0131m ve Ar-Ge departman\u0131nda \u00e7al\u0131\u015fan Tarhan&rsquo;\u0131n kariyer","robots":{"index":"index","follow":"follow","max-snippet":"max-snippet:-1","max-image-preview":"max-image-preview:large","max-video-preview":"max-video-preview:-1"},"canonical":"https:\/\/www.kariyer.net\/kariyer-rehberi\/bilim-adami-olmak-isterken-satisci-oldum\/","og_locale":"tr_TR","og_type":"article","og_title":"Bilim adam\u0131 olmak isterken sat\u0131\u015f\u00e7\u0131 oldum","og_description":"ZyXEL T\u00fcrkiye Genel M\u00fcd\u00fcr\u00fc Vefa Tarhan, sistem analisti olarak i\u015f hayat\u0131na ad\u0131m at\u0131yor. Yaz\u0131l\u0131m ve Ar-Ge departman\u0131nda \u00e7al\u0131\u015fan Tarhan&rsquo;\u0131n kariyer","og_url":"https:\/\/www.kariyer.net\/kariyer-rehberi\/bilim-adami-olmak-isterken-satisci-oldum\/","og_site_name":"Kariyer Rehberi","article_published_time":"2009-04-06T00:00:00+00:00","article_modified_time":"2024-07-03T11:57:48+00:00","og_image":[{"url":"http:\/\/web4.kariyer.net\/UploadFiles\/tempPhoto\/kariyerRehberi\/5.JPG","type":"","width":"","height":""}],"author":"P\u0131nar Nogay","twitter_card":"summary_large_image","twitter_misc":{"Yazan:":"P\u0131nar Nogay","Tahmini okuma s\u00fcresi":"10 dakika"},"schema":{"@context":"https:\/\/schema.org","@graph":[{"@type":"Article","@id":"https:\/\/www.kariyer.net\/kariyer-rehberi\/bilim-adami-olmak-isterken-satisci-oldum\/#article","isPartOf":{"@id":"https:\/\/www.kariyer.net\/kariyer-rehberi\/bilim-adami-olmak-isterken-satisci-oldum\/"},"author":{"name":"P\u0131nar Nogay","@id":"https:\/\/www.kariyer.net\/kariyer-rehberi\/#\/schema\/person\/ea0977057f6b311990c570cc6d4c25d0"},"headline":"Bilim adam\u0131 olmak isterken sat\u0131\u015f\u00e7\u0131 oldum","datePublished":"2009-04-06T00:00:00+00:00","dateModified":"2024-07-03T11:57:48+00:00","mainEntityOfPage":{"@id":"https:\/\/www.kariyer.net\/kariyer-rehberi\/bilim-adami-olmak-isterken-satisci-oldum\/"},"wordCount":1924,"commentCount":0,"publisher":{"@id":"https:\/\/www.kariyer.net\/kariyer-rehberi\/#organization"},"image":{"@id":"https:\/\/www.kariyer.net\/kariyer-rehberi\/bilim-adami-olmak-isterken-satisci-oldum\/#primaryimage"},"thumbnailUrl":"http:\/\/web4.kariyer.net\/UploadFiles\/tempPhoto\/kariyerRehberi\/5.JPG","articleSection":["Haberler ve Duyurular"],"inLanguage":"tr","potentialAction":[{"@type":"CommentAction","name":"Comment","target":["https:\/\/www.kariyer.net\/kariyer-rehberi\/bilim-adami-olmak-isterken-satisci-oldum\/#respond"]}]},{"@type":"WebPage","@id":"https:\/\/www.kariyer.net\/kariyer-rehberi\/bilim-adami-olmak-isterken-satisci-oldum\/","url":"https:\/\/www.kariyer.net\/kariyer-rehberi\/bilim-adami-olmak-isterken-satisci-oldum\/","name":"Bilim adam\u0131 olmak isterken sat\u0131\u015f\u00e7\u0131 oldum | Kariyer Rehberi","isPartOf":{"@id":"https:\/\/www.kariyer.net\/kariyer-rehberi\/#website"},"primaryImageOfPage":{"@id":"https:\/\/www.kariyer.net\/kariyer-rehberi\/bilim-adami-olmak-isterken-satisci-oldum\/#primaryimage"},"image":{"@id":"https:\/\/www.kariyer.net\/kariyer-rehberi\/bilim-adami-olmak-isterken-satisci-oldum\/#primaryimage"},"thumbnailUrl":"http:\/\/web4.kariyer.net\/UploadFiles\/tempPhoto\/kariyerRehberi\/5.JPG","datePublished":"2009-04-06T00:00:00+00:00","dateModified":"2024-07-03T11:57:48+00:00","description":"ZyXEL T\u00fcrkiye Genel M\u00fcd\u00fcr\u00fc Vefa Tarhan, sistem analisti olarak i\u015f hayat\u0131na ad\u0131m at\u0131yor. Yaz\u0131l\u0131m ve Ar-Ge departman\u0131nda \u00e7al\u0131\u015fan Tarhan&rsquo;\u0131n kariyer","breadcrumb":{"@id":"https:\/\/www.kariyer.net\/kariyer-rehberi\/bilim-adami-olmak-isterken-satisci-oldum\/#breadcrumb"},"inLanguage":"tr","potentialAction":[{"@type":"ReadAction","target":["https:\/\/www.kariyer.net\/kariyer-rehberi\/bilim-adami-olmak-isterken-satisci-oldum\/"]}]},{"@type":"ImageObject","inLanguage":"tr","@id":"https:\/\/www.kariyer.net\/kariyer-rehberi\/bilim-adami-olmak-isterken-satisci-oldum\/#primaryimage","url":"http:\/\/web4.kariyer.net\/UploadFiles\/tempPhoto\/kariyerRehberi\/5.JPG","contentUrl":"http:\/\/web4.kariyer.net\/UploadFiles\/tempPhoto\/kariyerRehberi\/5.JPG"},{"@type":"BreadcrumbList","@id":"https:\/\/www.kariyer.net\/kariyer-rehberi\/bilim-adami-olmak-isterken-satisci-oldum\/#breadcrumb","itemListElement":[{"@type":"ListItem","position":1,"name":"Anasayfa","item":"https:\/\/www.kariyer.net\/kariyer-rehberi\/"},{"@type":"ListItem","position":2,"name":"Bilim adam\u0131 olmak isterken sat\u0131\u015f\u00e7\u0131 oldum"}]},{"@type":"WebSite","@id":"https:\/\/www.kariyer.net\/kariyer-rehberi\/#website","url":"https:\/\/www.kariyer.net\/kariyer-rehberi\/","name":"Kariyer Rehberi","description":"\u0130\u015f D\u00fcnyas\u0131yla \u0130lgili Bilmek \u0130stedi\u011finiz Her \u015eey","publisher":{"@id":"https:\/\/www.kariyer.net\/kariyer-rehberi\/#organization"},"potentialAction":[{"@type":"SearchAction","target":{"@type":"EntryPoint","urlTemplate":"https:\/\/www.kariyer.net\/kariyer-rehberi\/?s={search_term_string}"},"query-input":{"@type":"PropertyValueSpecification","valueRequired":true,"valueName":"search_term_string"}}],"inLanguage":"tr"},{"@type":"Organization","@id":"https:\/\/www.kariyer.net\/kariyer-rehberi\/#organization","name":"Kariyer.net","url":"https:\/\/www.kariyer.net\/kariyer-rehberi\/","logo":{"@type":"ImageObject","inLanguage":"tr","@id":"https:\/\/www.kariyer.net\/kariyer-rehberi\/#\/schema\/logo\/image\/","url":"https:\/\/www.kariyer.net\/kariyer-rehberi-new\/wp-content\/uploads\/2023\/01\/og-image11.jpg","contentUrl":"https:\/\/www.kariyer.net\/kariyer-rehberi-new\/wp-content\/uploads\/2023\/01\/og-image11.jpg","width":800,"height":800,"caption":"Kariyer.net"},"image":{"@id":"https:\/\/www.kariyer.net\/kariyer-rehberi\/#\/schema\/logo\/image\/"}},{"@type":"Person","@id":"https:\/\/www.kariyer.net\/kariyer-rehberi\/#\/schema\/person\/ea0977057f6b311990c570cc6d4c25d0","name":"P\u0131nar Nogay","image":{"@type":"ImageObject","inLanguage":"tr","@id":"https:\/\/www.kariyer.net\/kariyer-rehberi\/#\/schema\/person\/image\/","url":"https:\/\/secure.gravatar.com\/avatar\/330a216cbd1ec8a38c34e372b2be4a261e51e0805bd9186606e000f5efd0f0cf?s=96&d=mm&r=g","contentUrl":"https:\/\/secure.gravatar.com\/avatar\/330a216cbd1ec8a38c34e372b2be4a261e51e0805bd9186606e000f5efd0f0cf?s=96&d=mm&r=g","caption":"P\u0131nar Nogay"},"description":"Gazeteci olmak i\u00e7in yola \u00e7\u0131karak Eski\u015fehir Anadolu \u00dcniversitesi \u0130leti\u015fim Fak\u00fcltesi\u2019nde Bas\u0131n Yay\u0131n e\u011fitimi ald\u0131. Sekt\u00f6rel yay\u0131nlarda tecr\u00fcbe kazanan, 2007 y\u0131l\u0131nda Kariyer\u2019de Edit\u00f6r olarak \u00e7al\u0131\u015fmaya ba\u015flayan Nogay, 2011\u2019den bu yana Genel Yay\u0131n Y\u00f6netmeni olarak g\u00f6rev yap\u0131yor.","sameAs":["http:\/\/www.kariyer.net\/kariyer-rehberi\/pinar-nogay\/"],"url":"https:\/\/www.kariyer.net\/kariyer-rehberi\/author\/pinar-nogay\/"}]}},"_links":{"self":[{"href":"https:\/\/www.kariyer.net\/kariyer-rehberi\/wp-json\/wp\/v2\/posts\/1303","targetHints":{"allow":["GET"]}}],"collection":[{"href":"https:\/\/www.kariyer.net\/kariyer-rehberi\/wp-json\/wp\/v2\/posts"}],"about":[{"href":"https:\/\/www.kariyer.net\/kariyer-rehberi\/wp-json\/wp\/v2\/types\/post"}],"author":[{"embeddable":true,"href":"https:\/\/www.kariyer.net\/kariyer-rehberi\/wp-json\/wp\/v2\/users\/5"}],"replies":[{"embeddable":true,"href":"https:\/\/www.kariyer.net\/kariyer-rehberi\/wp-json\/wp\/v2\/comments?post=1303"}],"version-history":[{"count":1,"href":"https:\/\/www.kariyer.net\/kariyer-rehberi\/wp-json\/wp\/v2\/posts\/1303\/revisions"}],"predecessor-version":[{"id":18911,"href":"https:\/\/www.kariyer.net\/kariyer-rehberi\/wp-json\/wp\/v2\/posts\/1303\/revisions\/18911"}],"wp:attachment":[{"href":"https:\/\/www.kariyer.net\/kariyer-rehberi\/wp-json\/wp\/v2\/media?parent=1303"}],"wp:term":[{"taxonomy":"category","embeddable":true,"href":"https:\/\/www.kariyer.net\/kariyer-rehberi\/wp-json\/wp\/v2\/categories?post=1303"},{"taxonomy":"post_tag","embeddable":true,"href":"https:\/\/www.kariyer.net\/kariyer-rehberi\/wp-json\/wp\/v2\/tags?post=1303"}],"curies":[{"name":"wp","href":"https:\/\/api.w.org\/{rel}","templated":true}]}}