{"id":1328,"date":"2010-02-04T02:00:00","date_gmt":"2010-02-04T00:00:00","guid":{"rendered":"http:\/\/92.45.35.169\/e-ticarette-katedecek-daha-cok-yolumuz-var\/"},"modified":"2024-07-03T14:57:47","modified_gmt":"2024-07-03T11:57:47","slug":"e-ticarette-katedecek-daha-cok-yolumuz-var","status":"publish","type":"post","link":"https:\/\/www.kariyer.net\/kariyer-rehberi\/e-ticarette-katedecek-daha-cok-yolumuz-var\/","title":{"rendered":"e-ticarette katedecek daha \u00e7ok yolumuz var"},"content":{"rendered":"<div>\n<div><strong><img fetchpriority=\"high\" decoding=\"async\" height=\"261\" alt=\"\" hspace=\"10\" width=\"200\" align=\"left\" vspace=\"10\" src=\"http:\/\/web4.kariyer.net\/UploadFiles\/tempPhoto\/kariyerRehberi\/gittigidiyor.jpg\" \/>Gittigidiyor Genel M\u00fcd\u00fcr\u00fc Cenk Ang\u0131n, e-ticaret&rsquo;in g\u00fcn ge\u00e7tik\u00e7e yayg\u0131nla\u015ft\u0131\u011f\u0131na dikkat \u00e7ekiyor. Yeni internet kullan\u0131c\u0131lar\u0131n\u0131 potansiyel m\u00fc\u015fteri olarak g\u00f6rd\u00fcklerini belirten Ang\u0131n, sekt\u00f6r\u00fcn yo\u011fun temposu i\u00e7inde yeni projelere odaklanarak Gittigidiyor&rsquo;u daha da b\u00fcy\u00fctmeyi hedefliyor.<\/strong><\/div>\n<div>&nbsp;<\/div>\n<div>Uzun y\u0131llar kurumsal firmalarda mali i\u015fler m\u00fcd\u00fcr\u00fc olarak \u00e7al\u0131\u015fan ba\u015far\u0131l\u0131 y\u00f6netici Cenk Ang\u0131n, 3.8&nbsp;milyondan fazla&nbsp;kay\u0131tl\u0131 \u00fcyesi olan T\u00fcrkiye&#8217;nin en i\u015flek al\u0131\u015fveri\u015f merkezi Gittigidiyor&rsquo;da 2007 y\u0131l\u0131nda mali i\u015fler m\u00fcd\u00fcr\u00fc olarak \u00e7al\u0131\u015fmaya ba\u015flar. 7 ay i\u00e7inde Genel M\u00fcd\u00fcrl\u00fck g\u00f6revine atan\u0131r. \u00c7al\u0131\u015fma hayat\u0131 boyunca her zaman \u00e7al\u0131\u015ft\u0131\u011f\u0131 i\u015fin, sekt\u00f6r\u00fcn durumundan kendine vazife \u00e7\u0131kard\u0131\u011f\u0131n\u0131 belirten Ang\u0131n,g\u00f6revini y\u00fcr\u00fcten Ang\u0131n, Gittigidiyor&rsquo;da \u00f6nceli\u011fi organizasyon yap\u0131s\u0131n\u0131 geli\u015ftirmeye ve bilgi ar\u015fivini raporlamaya verir. Cenk Ang\u0131n&rsquo;la t\u00fcm bu s\u00fcre\u00e7ler, yeni hedefleri, ve kariyeri \u00fczerine konu\u015ftuk.<\/div>\n<div><strong>&nbsp;<\/strong><\/div>\n<div><strong>M\u00fchendislik e\u011fitiminizin ard\u0131ndan mali i\u015fler \u00fczerine yo\u011funla\u015fmaya nas\u0131l karar verdiniz?<\/strong><\/div>\n<div>TED Ankara Koleji&rsquo;nin ard\u0131ndan ODT\u00dc Makine M\u00fchendisli\u011fi&rsquo;ni bitirdim. Ayn\u0131 y\u0131l i\u015fletme mast\u0131r\u0131na ba\u015flad\u0131m ve 1997&rsquo;de e\u011fitimimi tamamlad\u0131m. Askerli\u011fin ard\u0131ndan Pamukbank&rsquo;\u0131n MT program\u0131na kat\u0131lm\u0131\u015ft\u0131m. Mezun olduktan sonra m\u00fchendislik yapmadan analitik yeteneklerimi kullanmak istedi\u011fim i\u00e7in bankac\u0131l\u0131\u011f\u0131n iyi bir ba\u015flang\u0131\u00e7 oldu\u011funu d\u00fc\u015f\u00fcnd\u00fcm. Finans alan\u0131nda kariyer yapmak isteyenler i\u00e7in bankac\u0131l\u0131k ve ba\u011f\u0131ms\u0131z denetim sekt\u00f6rleri halen \u00e7ok isabetli se\u00e7imlerdir. Pamukbank&rsquo;ta Kurumsal M\u00fc\u015fteri Temsilcisi olarak \u00e7al\u0131\u015fmaya ba\u015flad\u0131m ve 1 y\u0131l \u00e7al\u0131\u015ft\u0131ktan sonra 2000 y\u0131l\u0131nda Anadolu Grubu&rsquo;nda \u0130\u00e7 Denetim Uzman\u0131 oldum, T\u00fcrki Cumhuriyetler&rsquo;de Coca Cola \u015ei\u015feleme denetimlerini yapt\u0131m. 2003 y\u0131l\u0131nda Anadolu Grubu&rsquo;nda Efes&rsquo;e ge\u00e7tim ve Efes&rsquo;in S\u0131rbistan&rsquo;da ald\u0131\u011f\u0131 bir bira fabrikas\u0131na mali i\u015fler m\u00fcd\u00fcr\u00fc olarak gittim. Ard\u0131ndan bir fabrika daha al\u0131n\u0131nca \u00fclke mali i\u015fler m\u00fcd\u00fcr\u00fc oldum. 2005 y\u0131l\u0131nda Anadolu Grubu Samsung&rsquo;un distrib\u00fct\u00f6rl\u00fc\u011f\u00fcn\u00fc al\u0131nca Samsung Mali \u0130\u015fler M\u00fcd\u00fcr\u00fc olarak g\u00f6revime devam ettim.<\/div>\n<div>&nbsp;<\/div>\n<div><strong>Gittigidiyor&rsquo;da \u00e7al\u0131\u015fmaya nas\u0131l ba\u015flad\u0131n\u0131z? <\/strong><\/div>\n<div>2007 \u015eubat ay\u0131nda Gittigidiyor&rsquo;da Mali \u0130\u015fler M\u00fcd\u00fcr\u00fc olarak \u00e7al\u0131\u015fmaya ba\u015flad\u0131m. \u0130\u015fe ba\u015flamamdan 7 ay sonra da genel m\u00fcd\u00fcrl\u00fck g\u00f6revini \u00fcstlendim.<\/div>\n<div>&nbsp;<\/div>\n<div><strong>G\u00f6revinize ba\u015flad\u0131\u011f\u0131n\u0131zda hangi konulara \u00f6ncelik verdiniz?<\/strong><\/div>\n<div>Gittigidiyor&rsquo;a genel m\u00fcd\u00fcr oldu\u011fumda ilk fark etti\u011fim eksiklik i\u015f modelinin epey bir b\u00fcy\u00fcd\u00fc\u011f\u00fc halde organizasyon geli\u015fiminin e\u015f zamanl\u0131 olmay\u0131\u015f\u0131yd\u0131. \u0130\u015f daha h\u0131zl\u0131 b\u00fcy\u00fcm\u00fc\u015f, organizasyon yap\u0131s\u0131 ise birka\u00e7 ad\u0131m geride kalm\u0131\u015ft\u0131. \u00d6ncelikle bu konu \u00fczerine \u00e7al\u0131\u015ft\u0131k. Olmas\u0131 gereken organizasyon \u015femam\u0131z\u0131 ka\u011f\u0131t \u00fczerinde olu\u015fturduk, sonu\u00e7 olarak bizim \u00fcr\u00fcn\u00fcm\u00fcz\u00fc \u00fcreten, kodlayan departmanda \u00f6nemli bir i\u015f g\u00fcc\u00fc eksikli\u011fi vard\u0131. 2007 y\u0131l\u0131n\u0131n son d\u00f6neminde organizasyonumuzu yap\u0131land\u0131rmaya ba\u015flad\u0131k ve b\u00fcy\u00fcme d\u00f6nemimiz daha yeni yeni duruldu.<\/div>\n<div>&nbsp;<\/div>\n<div>&nbsp;<strong>Organizasyonu yap\u0131lanma s\u00fcrecinde nelere dikkat ettiniz?<\/strong><\/div>\n<div>H\u0131zl\u0131 bir \u015fekilde i\u015fe al\u0131m yaparken \u015firket k\u00fclt\u00fcr\u00fcn\u00fcn devam\u0131n\u0131, yeni ve eski \u00e7al\u0131\u015fanlar\u0131n uyum i\u00e7inde \u00e7al\u0131\u015fmalar\u0131n\u0131 sa\u011flamaya dikkat ettik. \u0130\u015fin geldi\u011fi noktay\u0131 kald\u0131rabilecek bir yap\u0131lanma olu\u015fturmay\u0131 hedefledik ve ba\u015fard\u0131\u011f\u0131m\u0131z\u0131 d\u00fc\u015f\u00fcn\u00fcyorum.<\/div>\n<div>&nbsp;<\/div>\n<div><strong>Sekt\u00f6r\u00fcn\u00fcz\u00fcn en b\u00fcy\u00fck zorlu\u011fu sizce nedir?<\/strong><\/div>\n<div>Sekt\u00f6r benim bilmedi\u011fim bir sekt\u00f6rd\u00fc ve ilk ba\u015ftaki zorlu\u011fu buydu. Ayr\u0131ca internet acayip dinamik, h\u0131zla geli\u015fen bamba\u015fka bir d\u00fcnya. Baz\u0131 sekt\u00f6rler vard\u0131r, i\u015fleyi\u015fleri belirlidir, i\u015fleyi\u015f \u00f6\u011frenilince i\u015f biter. Ancak internet b\u00f6yle bir sekt\u00f6r de\u011fil \u00e7ok h\u0131zl\u0131 de\u011fi\u015fiyor, h\u0131za ayak uydurup takip etmek gerekiyor. \u0130nternet sekt\u00f6r\u00fc hen\u00fcz b\u00fcy\u00fcmesini tamamlamad\u0131\u011f\u0131ndan sekt\u00f6rle birlikte s\u00fcrekli b\u00fcy\u00fcmemiz gerekiyor.<\/div>\n<div>&nbsp;<\/div>\n<div><strong>2009 y\u0131l\u0131nda hangi hedeflerle yola \u00e7\u0131kt\u0131n\u0131z? <\/strong><\/div>\n<div>Ge\u00e7mi\u015fte ne yap\u0131ld\u0131\u011f\u0131n\u0131 g\u00f6rmeden ileriye bakmak m\u00fcmk\u00fcn olmuyor.Bug\u00fcne kadar ne yapt\u0131\u011f\u0131m\u0131z\u0131 net bir \u015fekilde g\u00f6rmemiz i\u00e7in bilgileri do\u011fru ar\u015fivlememiz, raporlam\u0131z laz\u0131md\u0131. 2009&rsquo;da daha \u00e7ok datalar\u0131m\u0131z\u0131 raporlad\u0131k. Bu a\u015fama, en az yap\u0131lanma a\u015famas\u0131 kadar \u00f6nemli ve yorucuydu. Gittigidiyor olarak \u00e7ok b\u00fcy\u00fck bir bilgi ar\u015fivine sahibiz, bu bilgileri \u00e7ok \u00e7e\u015fitli sorgulamak da m\u00fcmk\u00fcn. Yolumuzu kaybetmeden do\u011fru noktalara odaklanmam\u0131z gerekiyordu. Bu y\u00fczden bilginin ar\u015fivlenmesi ve nas\u0131l taranmas\u0131 gerekti\u011fine \u00e7ok kafa yorduk. \u00d6nemli bir d\u00f6nemi daha ba\u015far\u0131yla tamamlad\u0131\u011f\u0131m\u0131z\u0131 d\u00fc\u015f\u00fcn\u00fcyorum, \u015fimdiden meyvelerini toplamaya ba\u015flad\u0131k.<\/div>\n<div>&nbsp;<\/div>\n<div><strong>2009 \u00e7o\u011fu firma ve sekt\u00f6r i\u00e7in zorlu bir y\u0131ld\u0131. 2009 y\u0131l\u0131 Gittigidiyor i\u00e7in nas\u0131l ge\u00e7ti, farkl\u0131 uygulamalar\u0131n\u0131z oldu mu? <\/strong><\/div>\n<div>2009 y\u0131l\u0131nda ekonomik kriz var diye \u00e7ok fazla i\u015f yap\u0131\u015f \u015fekillerimizi de\u011fi\u015ftirmedik. Organizasyonel yap\u0131lanmam\u0131za ara vermedik, \u00fccret azalt\u0131lmas\u0131 veya i\u015ften \u00e7\u0131kartma gibi radikal kararlar almak zorunda kalmad\u0131k. Sadece b\u00fcy\u00fcme oranlar\u0131n\u0131 kaybetmemek ad\u0131na bir tak\u0131m pazarlama enstr\u00fcmanlar\u0131 kullanmaya ba\u015flad\u0131k, bunlar\u0131n ba\u015f\u0131nda indirim kampanyalar\u0131 geliyor. Bunlar asl\u0131nda klasik uygulamalar ama biz ilk defa uygulad\u0131k ve olduk\u00e7a verim ald\u0131k. 2009 y\u0131l\u0131n\u0131 TL&rsquo;de y\u00fczde 30 gibi bir b\u00fcy\u00fcmeyle kapataca\u011f\u0131z, sadece ge\u00e7ti\u011fimiz y\u0131llara g\u00f6re az bir b\u00fcy\u00fcme olacak. 2009 piyasalar a\u00e7\u0131s\u0131ndan zorlu bir y\u0131ld\u0131 \u015feklinde de\u011ferlendirirsek y\u00fczde 30&rsquo;luk b\u00fcy\u00fcmenin \u00f6nemli bir ba\u015far\u0131 oldu\u011funu d\u00fc\u015f\u00fcn\u00fcyorum.<\/div>\n<div><strong>&nbsp;<\/strong><\/div>\n<div><strong>\u00c7al\u0131\u015fma iste\u011finizi, motivasyonunuzu nas\u0131l y\u00fcksek tutars\u0131n\u0131z?<\/strong><\/div>\n<div>Motivasyonumu \u00e7ok fazla d\u0131\u015f fakt\u00f6rlere ba\u011flamamaya \u00e7al\u0131\u015f\u0131yorum \u00e7\u00fcnk\u00fc bu sistemin \u00e7al\u0131\u015fmad\u0131\u011f\u0131n\u0131 g\u00f6rd\u00fcm. Her zaman eksik kalan bir \u015feyler oluyor bunlar\u0131n<\/div>\n<div>motivasyonunuzu etkilemesine izin verirseniz mutlu ve motive olamazs\u0131n\u0131z.. Bunu g\u00f6rd\u00fc\u011f\u00fcm noktada bunlara tak\u0131lmamaya karar verdim ve a\u00e7\u0131k\u00e7as\u0131 hayat b\u00f6yle daha kolay ve keyifli. Benim motivasyonumu etkileyen \u015feyler tamamen i\u015fle ilgilidir. Bir \u015fey ba\u015faramamaktan demotive olurum.<\/div>\n<div>&nbsp;<\/div>\n<div><strong>\u00c7al\u0131\u015fma temponuz hakk\u0131nda biraz bilgi verir misiniz?<\/strong><\/div>\n<div>Sabahlar\u0131 sekizde ofiste olurum, daha erken geldi\u011fim d\u00f6nemler de olur. \u00d6\u011fle yeme\u011finde pek \u00e7\u0131kmam, ofiste yerim, ak\u015famlar\u0131 da genellikle sekiz gibi \u00e7\u0131kar\u0131m. G\u00fcn i\u00e7inde tazelenmek ad\u0131na yapt\u0131\u011f\u0131m bir \u015fey yok, tam tersi \u00e7al\u0131\u015farak motive olurum. Yeni atand\u0131\u011f\u0131m firmalarda ilk y\u0131l\u0131mda daha uzun s\u00fcreler \u00e7al\u0131\u015f\u0131yorum. Son aylarda bir bebe\u011fimiz oldu\u011fu i\u00e7in evden \u00e7al\u0131\u015fmay\u0131 tercih etsem de genel olarak evde \u00e7al\u0131\u015fmamaya \u00f6zen g\u00f6steririm. Bir de \u00f6zel zamanlarda e-postalar\u0131ma&nbsp;bakabilece\u011fim cihazlar kullanm\u0131yorum, ofis d\u0131\u015f\u0131nda e-posta okumam, \u00e7ok acil bir durum olursa telefonla ileti\u015fim kurar\u0131m. En \u00e7ok buna dikkat ediyorum. Ofisten \u00e7\u0131kt\u0131\u011f\u0131m zaman i\u015fle ilgilenmemeye \u00e7al\u0131\u015f\u0131yorum \u00e7\u00fcnk\u00fc zaten uzun s\u00fcreler \u00e7al\u0131\u015f\u0131yorum.<\/div>\n<div><strong>&nbsp;<\/strong><\/div>\n<div><strong>\u0130\u015f hayat\u0131n\u0131z boyunca verdi\u011finiz en zor karar neydi?<\/strong><\/div>\n<div>Eski \u00e7al\u0131\u015ft\u0131\u011f\u0131m firma beni S\u0131rbistan&rsquo;da bir fabrikaya mali i\u015fler m\u00fcd\u00fcr\u00fc olarak g\u00f6ndermek istemi\u015fti. O d\u00f6nemde operasyon ve mali tecr\u00fcbem az oldu\u011fundan yurtd\u0131\u015f\u0131na gidip gitmeme karar\u0131n\u0131 verirken \u00e7ok zorlanm\u0131\u015ft\u0131m. Gitti\u011fimde odamda sadece bir masa, sandalye, not defteri ve kur\u015fun kalemler vard\u0131. Fabrikada kimse \u0130ngilizce bilmiyordu ve ben de S\u0131rp\u00e7a bilmiyordum. \u00c7ok uzun saatler \u00e7al\u0131\u015fmak zorunda kalm\u0131\u015ft\u0131m, sonra yava\u015f yava\u015f eksikleri tamamlad\u0131m. Yurtd\u0131\u015f\u0131na gidi\u015f karar\u0131m ald\u0131\u011f\u0131m en cesur karard\u0131, oradaki \u00e7al\u0131\u015fma hayat\u0131m da i\u015f hayat\u0131mdaki en zor d\u00f6nem oldu.<\/div>\n<div><strong>&nbsp;<\/strong><\/div>\n<div><strong>Sekt\u00f6r\u00fcn\u00fcz\u00fcn gelece\u011fini nas\u0131l g\u00f6r\u00fcyorsunuz?<\/strong><\/div>\n<div>Sekt\u00f6r\u00fcn gelece\u011fini \u00e7ok parlak g\u00f6r\u00fcyorum. Sekt\u00f6rle ilgili rakamlara bakt\u0131\u011f\u0131n\u0131z zaman sekt\u00f6r\u00fcn nereye gidebilece\u011fini \u00e7ok net g\u00f6rebiliyorsunuz. T\u00fcrkiye&rsquo;de 27 milyon internet kullan\u0131c\u0131s\u0131 var. Bu kullan\u0131c\u0131 rakamlar\u0131yla T\u00fcrkiye, Avrupa&rsquo;da 7.s\u0131rada yer al\u0131rken, internette ge\u00e7irilen s\u00fcreye bak\u0131ld\u0131\u011f\u0131nda 1. s\u0131rada yer al\u0131yor. N\u00fcfusla k\u0131yaslad\u0131\u011f\u0131m\u0131zda kullan\u0131c\u0131 say\u0131s\u0131n\u0131n art\u0131\u015f\u0131n\u0131 ka\u00e7\u0131n\u0131lmaz g\u00f6r\u00fcyoruz. \u0130nterneti kullanmaya ba\u015flayanlar da internetten al\u0131\u015fveri\u015f yapmaya ba\u015fl\u0131yorlar sonras\u0131nda internetten sat\u0131\u015f yapmak isteyenler art\u0131yor. Sekt\u00f6r b\u00fcy\u00fcyor ve uzun s\u00fcre daha b\u00fcy\u00fcmeye devam edecek. Yeni internet kullan\u0131c\u0131lar\u0131n\u0131n tamam\u0131 da bizim hedef kitlemizi olu\u015fturuyor.<\/div>\n<div><strong>&nbsp;<\/strong><\/div>\n<div><strong>Sekt\u00f6r\u00fcn\u00fcz \u00f6zellikle gen\u00e7lere ne gibi i\u015f f\u0131rsatlar\u0131 sunuyor?<\/strong><\/div>\n<div>e-ticaretten bahsedersek sekt\u00f6r kendi i\u00e7inde zaten i\u015f f\u0131rsatlar\u0131 sunuyor.&nbsp;<br \/><span><br \/>3 milyon 800 bin kullan\u0131c\u0131m\u0131z var, bu ki\u015filer i\u00e7in Gittigidiyor&rsquo;dan sat\u0131\u015f yapmak bir i\u015f imkan\u0131. Hayat\u0131n\u0131 Gittigidiyor&rsquo;da sat\u0131\u015f yaparak kazanan bir\u00e7ok insan var. Sekt\u00f6r d\u0131\u015far\u0131dan kolay gibi g\u00f6r\u00fcn\u00fcyor, bir\u00e7ok ki\u015fi kendi altyap\u0131s\u0131n\u0131 kurmaya \u00e7abal\u0131yor ama d\u0131\u015far\u0131dan g\u00f6r\u00fcnd\u00fc\u011f\u00fc gibi basit de\u011fil s\u00fcre\u00e7ler. Pek \u00e7ok giri\u015fim oluyor ama \u00e7o\u011fu da ba\u015far\u0131s\u0131zl\u0131kla sonu\u00e7lan\u0131yor. \u0130nternet sekt\u00f6r\u00fc daha oturmad\u0131, halk buna al\u0131\u015f\u0131k de\u011fil, i\u015f yap\u0131lam\u0131yor gibi bir alg\u0131 yarat\u0131lmaya \u00e7al\u0131\u015f\u0131yor. Oysa alakas\u0131 yok, kolay g\u00f6r\u00fcp giri\u015fim say\u0131s\u0131 artt\u0131k\u00e7a ba\u015far\u0131s\u0131z olan say\u0131s\u0131 da artm\u0131\u015f oluyor. <\/span><\/div>\n<div><strong>&nbsp;<\/strong><\/div>\n<div><strong>Y\u00f6netici olman\u0131n bir ba\u015far\u0131 s\u0131rr\u0131 var m\u0131?<\/strong><\/div>\n<div>Ba\u015far\u0131l\u0131 olmak i\u00e7in belli bir potansiyelin olmas\u0131 gerekiyor ama potansiyeldeki a\u00e7\u0131\u011f\u0131 daha \u00e7ok \u00e7al\u0131\u015farak kapatmak m\u00fcmk\u00fcn. \u00c7al\u0131\u015fma hayat\u0131m boyunca her zaman i\u015fin, sekt\u00f6r\u00fcn durumundan kendime vazife \u00e7\u0131kard\u0131m. Baz\u0131 profiller vard\u0131r hep ne yapmas\u0131n\u0131 s\u00f6ylemeniz gerekir. Baz\u0131lar\u0131na da durumu anlatman\u0131z yeterlidir onlar durumu anlay\u0131p bir sonu\u00e7 \u00e7\u0131kar\u0131r, \u00e7\u00f6z\u00fcm bulur ve yaparlar. Ben hep ikinci profilde olmaya gayret ettim. Bir de y\u00f6netti\u011fim i\u015fin paras\u0131n\u0131 harcarken de kendi i\u015fim gibi harcar\u0131m. Bu felsefeyle hareket edildi\u011finde yanl\u0131\u015f yapma olas\u0131l\u0131\u011f\u0131 azal\u0131yor.<\/div>\n<div>&nbsp;<\/div>\n<div><strong>&nbsp;<\/strong><\/div>\n<div><strong>Birlikte \u00e7al\u0131\u015faca\u011f\u0131n\u0131z y\u00f6neticileri se\u00e7erken nelere dikkat edersiniz?<\/strong><\/div>\n<div>\u0130yi e\u011fitimli, i\u015fe konsantre, yapt\u0131\u011f\u0131 i\u015fle motive olabilen, durumdan vazife \u00e7\u0131karabilecek, &nbsp;kolay \u00e7al\u0131\u015f\u0131labilen, dinamik profilleri tercih ederim.<\/div>\n<div><strong>&nbsp;<\/strong><\/div>\n<div><strong>Hangi hobilerle ilgileniyorsunuz?<\/strong><\/div>\n<div>En b\u00fcy\u00fck hobim motosiklet kullanmak, 20 y\u0131ld\u0131r motor kullan\u0131yorum. Arabalara merakl\u0131y\u0131m, hi\u00e7bir i\u015fim olmadan arabayla veya motorla gezmeye bay\u0131l\u0131r\u0131m. Motorla i\u015fe geldi\u011fim de oluyor. \u015eimdi bir de yar\u0131\u015f bisikleti ald\u0131m kendime. \u00d6n\u00fcm\u00fczdeki yaz, ara s\u0131ra i\u015fe bisikletle gelmeyi planl\u0131yorum. Evde bal\u0131k pi\u015firmeyi \u00e7ok severim, haftada iki ak\u015fam ben \u00f6zel olarak bal\u0131k pi\u015firirim. Motogp&rsquo;deki motor yar\u0131\u015flar\u0131n\u0131 takip eder, televizyonda mutlaka izlerim.<\/div>\n<div><strong>&nbsp;<\/strong><\/div>\n<div><strong>Bu alanda bir kariyer yapmasayd\u0131n\u0131z ne yapard\u0131n\u0131z?<\/strong><\/div>\n<div>Yine finansla ilgilenirdim ama bir daha hayata gelsem mutlaka avukat olurdum \u00e7\u00fcnk\u00fc hukukla ilgili konular\u0131 seviyorum.<\/div>\n<div><strong>&nbsp;<\/strong><\/div>\n<div><strong>Gittigidiyor&rsquo;un yak\u0131n d\u00f6nemdeki \u00f6ncelikli hedefleri neler?<\/strong><\/div>\n<div>\u0130\u015fi b\u00fcy\u00fctmeye devam etmeye \u00e7al\u0131\u015f\u0131yoruz, eski b\u00fcy\u00fcme oranlar\u0131m\u0131za biran \u00f6nce geri d\u00f6nmek istiyoruz. \u015eu an tek odak noktam\u0131z \u00f6l\u00e7e\u011fimizi artt\u0131rmak. \u00c7\u00fcnk\u00fc elimizde \u00e7ok b\u00fcy\u00fck bir potansiyel var, daha yolun ba\u015f\u0131nday\u0131z diye d\u00fc\u015f\u00fcn\u00fcyorum.<\/div>\n<div><strong>&nbsp;<\/strong><\/div>\n<div><strong>Son d\u00f6nemlerde en b\u00fcy\u00fck ilgi alan\u0131n\u0131z en \u00e7ok zaman ay\u0131rmak istedikleriniz neler?<\/strong><\/div>\n<div>Yeni bebe\u011fimiz oldu\u011fu i\u00e7in \u00f6zellikle hafta sonu \u00e7al\u0131\u015fmamaya gayret ediyorum. Eve gidince de zaman\u0131m\u0131n b\u00fcy\u00fck \u00e7o\u011funlu\u011funu onunla ge\u00e7iriyorum.<\/div>\n<div><strong>&nbsp;<\/strong><\/div>\n<div><strong>K\u0131sa K\u0131sa<\/strong><\/div>\n<div><strong>&nbsp;<\/strong><\/div>\n<div><strong>En s\u0131k ziyaret etti\u011finiz siteler?<\/strong><\/div>\n<div>Cimri.com, motogp.com, uzmantv.com, timsah.com, gittigidiyor.com<\/div>\n<div>&nbsp;<\/div>\n<div><strong>Takip etti\u011finiz dergiler var m\u0131?<\/strong><\/div>\n<div>Digital Age, Bilgi \u00c7a\u011f\u0131.<\/div>\n<div><strong>&nbsp;<\/strong><\/div>\n<div><strong>En sevdi\u011finiz yemek?<\/strong><\/div>\n<div>Izgara levrek.<\/div>\n<div><strong>&nbsp;<\/strong><\/div>\n<div><strong>Favori tatil mekan\u0131n\u0131z?<\/strong><\/div>\n<div>Fethiye.<\/div>\n<div>&nbsp;<\/div>\n<div><strong>Seyahat etmeyi sever misiniz?<\/strong><\/div>\n<div>Bay\u0131l\u0131r\u0131m; yaz k\u0131\u015f fark etmez, neresi olsa giderim.<\/div>\n<div>&nbsp;<strong>&nbsp;<\/strong><\/div>\n<\/div>\n<!-- templates\/buttons-placeholder.php -->\n<div class=\"da-reactions-outer TpostID1328\">\n\t    <div class=\"da-reactions-data da-reactions-container-async center\"\n         data-type=\"post\"\n         data-id=\"1328\"\n         id=\"da-reactions-slot-post-1328\">\n        <div class=\"da-reactions-static\">\n\t\t\t<img src=\"https:\/\/www.kariyer.net\/kariyer-rehberi\/wp-content\/plugins\/da-reactions\/assets\/dist\/loading.svg\" alt=\"Loading spinner\" width=\"48\" height=\"48\" style=\"width:48px\" \/>\n        <\/div>\n    <\/div>\n<\/div>\n","protected":false},"excerpt":{"rendered":"<p>Gittigidiyor Genel M\u00fcd\u00fcr\u00fc Cenk Ang\u0131n, e-ticaret&rsquo;in g\u00fcn ge\u00e7tik\u00e7e yayg\u0131nla\u015ft\u0131\u011f\u0131na dikkat \u00e7ekiyor. Yeni internet kullan\u0131c\u0131lar\u0131n\u0131 potansiyel m\u00fc\u015fteri olarak g\u00f6rd\u00fcklerini belirten Ang\u0131n, sekt\u00f6r\u00fcn yo\u011fun temposu i\u00e7inde yeni projelere odaklanarak Gittigidiyor&rsquo;u daha da b\u00fcy\u00fctmeyi hedefliyor. &nbsp; Uzun y\u0131llar kurumsal firmalarda mali i\u015fler m\u00fcd\u00fcr\u00fc olarak \u00e7al\u0131\u015fan ba\u015far\u0131l\u0131 y\u00f6netici Cenk Ang\u0131n, 3.8&nbsp;milyondan fazla&nbsp;kay\u0131tl\u0131 \u00fcyesi olan T\u00fcrkiye&#8217;nin en i\u015flek al\u0131\u015fveri\u015f merkezi [&hellip;]<\/p>\n<!-- templates\/buttons-placeholder.php -->\n<div class=\"da-reactions-outer TpostID1328\">\n\t    <div class=\"da-reactions-data da-reactions-container-async center\"\n         data-type=\"post\"\n         data-id=\"1328\"\n         id=\"da-reactions-slot-post-1328\">\n        <div class=\"da-reactions-static\">\n\t\t\t<img src=\"https:\/\/www.kariyer.net\/kariyer-rehberi\/wp-content\/plugins\/da-reactions\/assets\/dist\/loading.svg\" alt=\"Loading spinner\" width=\"48\" height=\"48\" style=\"width:48px\" \/>\n        <\/div>\n    <\/div>\n<\/div>\n","protected":false},"author":5,"featured_media":0,"comment_status":"open","ping_status":"open","sticky":false,"template":"","format":"standard","meta":{"footnotes":"","_elementor_edit_mode":"","_elementor_template_type":"","_elementor_data":"","_elementor_page_settings":null,"_elementor_conditions":[]},"categories":[2203],"tags":[],"class_list":{"0":"post-1328","1":"post","2":"type-post","3":"status-publish","4":"format-standard","6":"category-haberler-duyurular"},"yoast_head":"<!-- This site is optimized with the Yoast SEO Premium plugin v21.4 (Yoast SEO v27.0) - https:\/\/yoast.com\/product\/yoast-seo-premium-wordpress\/ -->\n<title>e-ticarette katedecek daha \u00e7ok yolumuz var | Kariyer Rehberi<\/title>\n<meta name=\"description\" content=\"Gittigidiyor Genel M\u00fcd\u00fcr\u00fc Cenk Ang\u0131n, e-ticaret&rsquo;in g\u00fcn ge\u00e7tik\u00e7e yayg\u0131nla\u015ft\u0131\u011f\u0131na dikkat \u00e7ekiyor. Yeni internet kullan\u0131c\u0131lar\u0131n\u0131 potansiyel m\u00fc\u015fteri\" \/>\n<meta name=\"robots\" content=\"index, follow, max-snippet:-1, max-image-preview:large, max-video-preview:-1\" \/>\n<link rel=\"canonical\" href=\"https:\/\/www.kariyer.net\/kariyer-rehberi\/e-ticarette-katedecek-daha-cok-yolumuz-var\/\" \/>\n<meta property=\"og:locale\" content=\"tr_TR\" \/>\n<meta property=\"og:type\" content=\"article\" \/>\n<meta property=\"og:title\" content=\"e-ticarette katedecek daha \u00e7ok yolumuz var\" \/>\n<meta property=\"og:description\" content=\"Gittigidiyor Genel M\u00fcd\u00fcr\u00fc Cenk Ang\u0131n, e-ticaret&rsquo;in g\u00fcn ge\u00e7tik\u00e7e yayg\u0131nla\u015ft\u0131\u011f\u0131na dikkat \u00e7ekiyor. Yeni internet kullan\u0131c\u0131lar\u0131n\u0131 potansiyel m\u00fc\u015fteri\" \/>\n<meta property=\"og:url\" content=\"https:\/\/www.kariyer.net\/kariyer-rehberi\/e-ticarette-katedecek-daha-cok-yolumuz-var\/\" \/>\n<meta property=\"og:site_name\" content=\"Kariyer Rehberi\" \/>\n<meta property=\"article:published_time\" content=\"2010-02-04T00:00:00+00:00\" \/>\n<meta property=\"article:modified_time\" content=\"2024-07-03T11:57:47+00:00\" \/>\n<meta property=\"og:image\" content=\"http:\/\/web4.kariyer.net\/UploadFiles\/tempPhoto\/kariyerRehberi\/gittigidiyor.jpg\" \/>\n<meta name=\"author\" content=\"P\u0131nar Nogay\" \/>\n<meta name=\"twitter:card\" content=\"summary_large_image\" \/>\n<meta name=\"twitter:label1\" content=\"Yazan:\" \/>\n\t<meta name=\"twitter:data1\" content=\"P\u0131nar Nogay\" \/>\n\t<meta name=\"twitter:label2\" content=\"Tahmini okuma s\u00fcresi\" \/>\n\t<meta name=\"twitter:data2\" content=\"11 dakika\" \/>\n<!-- \/ Yoast SEO Premium plugin. -->","yoast_head_json":{"title":"e-ticarette katedecek daha \u00e7ok yolumuz var | Kariyer Rehberi","description":"Gittigidiyor Genel M\u00fcd\u00fcr\u00fc Cenk Ang\u0131n, e-ticaret&rsquo;in g\u00fcn ge\u00e7tik\u00e7e yayg\u0131nla\u015ft\u0131\u011f\u0131na dikkat \u00e7ekiyor. Yeni internet kullan\u0131c\u0131lar\u0131n\u0131 potansiyel m\u00fc\u015fteri","robots":{"index":"index","follow":"follow","max-snippet":"max-snippet:-1","max-image-preview":"max-image-preview:large","max-video-preview":"max-video-preview:-1"},"canonical":"https:\/\/www.kariyer.net\/kariyer-rehberi\/e-ticarette-katedecek-daha-cok-yolumuz-var\/","og_locale":"tr_TR","og_type":"article","og_title":"e-ticarette katedecek daha \u00e7ok yolumuz var","og_description":"Gittigidiyor Genel M\u00fcd\u00fcr\u00fc Cenk Ang\u0131n, e-ticaret&rsquo;in g\u00fcn ge\u00e7tik\u00e7e yayg\u0131nla\u015ft\u0131\u011f\u0131na dikkat \u00e7ekiyor. Yeni internet kullan\u0131c\u0131lar\u0131n\u0131 potansiyel m\u00fc\u015fteri","og_url":"https:\/\/www.kariyer.net\/kariyer-rehberi\/e-ticarette-katedecek-daha-cok-yolumuz-var\/","og_site_name":"Kariyer Rehberi","article_published_time":"2010-02-04T00:00:00+00:00","article_modified_time":"2024-07-03T11:57:47+00:00","og_image":[{"url":"http:\/\/web4.kariyer.net\/UploadFiles\/tempPhoto\/kariyerRehberi\/gittigidiyor.jpg","type":"","width":"","height":""}],"author":"P\u0131nar Nogay","twitter_card":"summary_large_image","twitter_misc":{"Yazan:":"P\u0131nar Nogay","Tahmini okuma s\u00fcresi":"11 dakika"},"schema":{"@context":"https:\/\/schema.org","@graph":[{"@type":"Article","@id":"https:\/\/www.kariyer.net\/kariyer-rehberi\/e-ticarette-katedecek-daha-cok-yolumuz-var\/#article","isPartOf":{"@id":"https:\/\/www.kariyer.net\/kariyer-rehberi\/e-ticarette-katedecek-daha-cok-yolumuz-var\/"},"author":{"name":"P\u0131nar Nogay","@id":"https:\/\/www.kariyer.net\/kariyer-rehberi\/#\/schema\/person\/ea0977057f6b311990c570cc6d4c25d0"},"headline":"e-ticarette katedecek daha \u00e7ok yolumuz var","datePublished":"2010-02-04T00:00:00+00:00","dateModified":"2024-07-03T11:57:47+00:00","mainEntityOfPage":{"@id":"https:\/\/www.kariyer.net\/kariyer-rehberi\/e-ticarette-katedecek-daha-cok-yolumuz-var\/"},"wordCount":2141,"commentCount":0,"publisher":{"@id":"https:\/\/www.kariyer.net\/kariyer-rehberi\/#organization"},"image":{"@id":"https:\/\/www.kariyer.net\/kariyer-rehberi\/e-ticarette-katedecek-daha-cok-yolumuz-var\/#primaryimage"},"thumbnailUrl":"http:\/\/web4.kariyer.net\/UploadFiles\/tempPhoto\/kariyerRehberi\/gittigidiyor.jpg","articleSection":["Haberler ve Duyurular"],"inLanguage":"tr","potentialAction":[{"@type":"CommentAction","name":"Comment","target":["https:\/\/www.kariyer.net\/kariyer-rehberi\/e-ticarette-katedecek-daha-cok-yolumuz-var\/#respond"]}]},{"@type":"WebPage","@id":"https:\/\/www.kariyer.net\/kariyer-rehberi\/e-ticarette-katedecek-daha-cok-yolumuz-var\/","url":"https:\/\/www.kariyer.net\/kariyer-rehberi\/e-ticarette-katedecek-daha-cok-yolumuz-var\/","name":"e-ticarette katedecek daha \u00e7ok yolumuz var | Kariyer Rehberi","isPartOf":{"@id":"https:\/\/www.kariyer.net\/kariyer-rehberi\/#website"},"primaryImageOfPage":{"@id":"https:\/\/www.kariyer.net\/kariyer-rehberi\/e-ticarette-katedecek-daha-cok-yolumuz-var\/#primaryimage"},"image":{"@id":"https:\/\/www.kariyer.net\/kariyer-rehberi\/e-ticarette-katedecek-daha-cok-yolumuz-var\/#primaryimage"},"thumbnailUrl":"http:\/\/web4.kariyer.net\/UploadFiles\/tempPhoto\/kariyerRehberi\/gittigidiyor.jpg","datePublished":"2010-02-04T00:00:00+00:00","dateModified":"2024-07-03T11:57:47+00:00","description":"Gittigidiyor Genel M\u00fcd\u00fcr\u00fc Cenk Ang\u0131n, e-ticaret&rsquo;in g\u00fcn ge\u00e7tik\u00e7e yayg\u0131nla\u015ft\u0131\u011f\u0131na dikkat \u00e7ekiyor. Yeni internet kullan\u0131c\u0131lar\u0131n\u0131 potansiyel m\u00fc\u015fteri","breadcrumb":{"@id":"https:\/\/www.kariyer.net\/kariyer-rehberi\/e-ticarette-katedecek-daha-cok-yolumuz-var\/#breadcrumb"},"inLanguage":"tr","potentialAction":[{"@type":"ReadAction","target":["https:\/\/www.kariyer.net\/kariyer-rehberi\/e-ticarette-katedecek-daha-cok-yolumuz-var\/"]}]},{"@type":"ImageObject","inLanguage":"tr","@id":"https:\/\/www.kariyer.net\/kariyer-rehberi\/e-ticarette-katedecek-daha-cok-yolumuz-var\/#primaryimage","url":"http:\/\/web4.kariyer.net\/UploadFiles\/tempPhoto\/kariyerRehberi\/gittigidiyor.jpg","contentUrl":"http:\/\/web4.kariyer.net\/UploadFiles\/tempPhoto\/kariyerRehberi\/gittigidiyor.jpg"},{"@type":"BreadcrumbList","@id":"https:\/\/www.kariyer.net\/kariyer-rehberi\/e-ticarette-katedecek-daha-cok-yolumuz-var\/#breadcrumb","itemListElement":[{"@type":"ListItem","position":1,"name":"Anasayfa","item":"https:\/\/www.kariyer.net\/kariyer-rehberi\/"},{"@type":"ListItem","position":2,"name":"e-ticarette katedecek daha \u00e7ok yolumuz var"}]},{"@type":"WebSite","@id":"https:\/\/www.kariyer.net\/kariyer-rehberi\/#website","url":"https:\/\/www.kariyer.net\/kariyer-rehberi\/","name":"Kariyer Rehberi","description":"\u0130\u015f D\u00fcnyas\u0131yla \u0130lgili Bilmek \u0130stedi\u011finiz Her \u015eey","publisher":{"@id":"https:\/\/www.kariyer.net\/kariyer-rehberi\/#organization"},"potentialAction":[{"@type":"SearchAction","target":{"@type":"EntryPoint","urlTemplate":"https:\/\/www.kariyer.net\/kariyer-rehberi\/?s={search_term_string}"},"query-input":{"@type":"PropertyValueSpecification","valueRequired":true,"valueName":"search_term_string"}}],"inLanguage":"tr"},{"@type":"Organization","@id":"https:\/\/www.kariyer.net\/kariyer-rehberi\/#organization","name":"Kariyer.net","url":"https:\/\/www.kariyer.net\/kariyer-rehberi\/","logo":{"@type":"ImageObject","inLanguage":"tr","@id":"https:\/\/www.kariyer.net\/kariyer-rehberi\/#\/schema\/logo\/image\/","url":"https:\/\/www.kariyer.net\/kariyer-rehberi-new\/wp-content\/uploads\/2023\/01\/og-image11.jpg","contentUrl":"https:\/\/www.kariyer.net\/kariyer-rehberi-new\/wp-content\/uploads\/2023\/01\/og-image11.jpg","width":800,"height":800,"caption":"Kariyer.net"},"image":{"@id":"https:\/\/www.kariyer.net\/kariyer-rehberi\/#\/schema\/logo\/image\/"}},{"@type":"Person","@id":"https:\/\/www.kariyer.net\/kariyer-rehberi\/#\/schema\/person\/ea0977057f6b311990c570cc6d4c25d0","name":"P\u0131nar Nogay","image":{"@type":"ImageObject","inLanguage":"tr","@id":"https:\/\/www.kariyer.net\/kariyer-rehberi\/#\/schema\/person\/image\/","url":"https:\/\/secure.gravatar.com\/avatar\/330a216cbd1ec8a38c34e372b2be4a261e51e0805bd9186606e000f5efd0f0cf?s=96&d=mm&r=g","contentUrl":"https:\/\/secure.gravatar.com\/avatar\/330a216cbd1ec8a38c34e372b2be4a261e51e0805bd9186606e000f5efd0f0cf?s=96&d=mm&r=g","caption":"P\u0131nar Nogay"},"description":"Gazeteci olmak i\u00e7in yola \u00e7\u0131karak Eski\u015fehir Anadolu \u00dcniversitesi \u0130leti\u015fim Fak\u00fcltesi\u2019nde Bas\u0131n Yay\u0131n e\u011fitimi ald\u0131. Sekt\u00f6rel yay\u0131nlarda tecr\u00fcbe kazanan, 2007 y\u0131l\u0131nda Kariyer\u2019de Edit\u00f6r olarak \u00e7al\u0131\u015fmaya ba\u015flayan Nogay, 2011\u2019den bu yana Genel Yay\u0131n Y\u00f6netmeni olarak g\u00f6rev yap\u0131yor.","sameAs":["http:\/\/www.kariyer.net\/kariyer-rehberi\/pinar-nogay\/"],"url":"https:\/\/www.kariyer.net\/kariyer-rehberi\/author\/pinar-nogay\/"}]}},"_links":{"self":[{"href":"https:\/\/www.kariyer.net\/kariyer-rehberi\/wp-json\/wp\/v2\/posts\/1328","targetHints":{"allow":["GET"]}}],"collection":[{"href":"https:\/\/www.kariyer.net\/kariyer-rehberi\/wp-json\/wp\/v2\/posts"}],"about":[{"href":"https:\/\/www.kariyer.net\/kariyer-rehberi\/wp-json\/wp\/v2\/types\/post"}],"author":[{"embeddable":true,"href":"https:\/\/www.kariyer.net\/kariyer-rehberi\/wp-json\/wp\/v2\/users\/5"}],"replies":[{"embeddable":true,"href":"https:\/\/www.kariyer.net\/kariyer-rehberi\/wp-json\/wp\/v2\/comments?post=1328"}],"version-history":[{"count":1,"href":"https:\/\/www.kariyer.net\/kariyer-rehberi\/wp-json\/wp\/v2\/posts\/1328\/revisions"}],"predecessor-version":[{"id":18891,"href":"https:\/\/www.kariyer.net\/kariyer-rehberi\/wp-json\/wp\/v2\/posts\/1328\/revisions\/18891"}],"wp:attachment":[{"href":"https:\/\/www.kariyer.net\/kariyer-rehberi\/wp-json\/wp\/v2\/media?parent=1328"}],"wp:term":[{"taxonomy":"category","embeddable":true,"href":"https:\/\/www.kariyer.net\/kariyer-rehberi\/wp-json\/wp\/v2\/categories?post=1328"},{"taxonomy":"post_tag","embeddable":true,"href":"https:\/\/www.kariyer.net\/kariyer-rehberi\/wp-json\/wp\/v2\/tags?post=1328"}],"curies":[{"name":"wp","href":"https:\/\/api.w.org\/{rel}","templated":true}]}}