{"id":1340,"date":"2010-03-31T03:00:00","date_gmt":"2010-03-31T00:00:00","guid":{"rendered":"http:\/\/92.45.35.169\/vodafone-all-stars-programlarini-baslatti\/"},"modified":"2024-07-03T14:57:46","modified_gmt":"2024-07-03T11:57:46","slug":"vodafone-all-stars-programlarini-baslatti","status":"publish","type":"post","link":"https:\/\/www.kariyer.net\/kariyer-rehberi\/vodafone-all-stars-programlarini-baslatti\/","title":{"rendered":"Vodafone All Stars Programlar\u0131n\u0131 ba\u015flatt\u0131"},"content":{"rendered":"<p><img decoding=\"async\" height=\"198\" hspace=\"10\" width=\"182\" align=\"left\" vspace=\"10\" alt=\"\" src=\"http:\/\/web4.kariyer.net\/UploadFiles\/tempPhoto\/kariyerRehberi\/RENGIN_ONAY_3(1).jpg\" \/>Vodafone T\u00fcrkiye, mezunlara ve \u00fcniversite \u00f6\u011frencilerine i\u015f imkan\u0131 tan\u0131yan &ldquo;Vodafone All Stars&rdquo; program\u0131 i\u00e7in ba\u015fvurular\u0131 almaya ba\u015flad\u0131. 2008- 2009 y\u0131llar\u0131nda toplam 10 bin ba\u015fvuru aras\u0131ndan se\u00e7ilen 38 Gen\u00e7 Yetenek Vodafone&#8217;a kat\u0131lm\u0131\u015ft\u0131.<\/p>\n<p>All Stars programlar\u0131 kapsam\u0131nda Vodafone, Vodafone All Stars Yeni Mezun ve Gen\u00e7 Yetenek adlar\u0131 alt\u0131nda iki temel program\u0131 hayata ge\u00e7iriyor. 15 Nisan&rsquo;a kadar s\u00fcrecek olan ba\u015fvuru s\u00fcrecinin tamamlanmas\u0131n\u0131n ard\u0131ndan Vodafone All Stars Yeni Mezun Program\u0131&rsquo;na kabul edilen gen\u00e7ler kariyerlerine Vodafone&rsquo;da parlak bir ba\u015flang\u0131\u00e7 yapacaklar. Vodafone All Stars Gen\u00e7 Yetenek Program\u0131&rsquo;na kat\u0131lmay\u0131 hak kazanan \u00f6\u011frencilerse Temmuz-Eyl\u00fcl d\u00f6neminde Vodafone T\u00fcrkiye b\u00fcnyesinde birbirinden farkl\u0131 b\u00f6l\u00fcmlerde aktif olarak g\u00f6rev alacak. 3 ayl\u0131k program\u0131n bitiminde yap\u0131lacak final yar\u0131\u015fmas\u0131nda birincili\u011fi kazanan Gen\u00e7 Yetenek Vodafone&rsquo;un faaliyet g\u00f6sterdi\u011fi di\u011fer \u00fclkelerden birinde \u00e7al\u0131\u015fma \u015fans\u0131n\u0131 yakalayacak. Programlara ba\u015fvuru i\u00e7in son tarih 15 Nisan, sak\u0131n ka\u00e7\u0131rmay\u0131n!<\/p>\n<p><strong>\u0130ki ayr\u0131 program<img decoding=\"async\" height=\"226\" hspace=\"10\" width=\"165\" align=\"right\" vspace=\"10\" alt=\"\" src=\"http:\/\/web4.kariyer.net\/UploadFiles\/tempPhoto\/kariyerRehberi\/vodaf.jpg\" \/><\/strong><br \/>Temmuz &#8211; Eyl\u00fcl s\u00fcresince ger\u00e7ek bir i\u015f sorumlulu\u011fu olarak proje \u00fczerinde \u00e7al\u0131\u015farak Vodafone tecr\u00fcbesini edinecek ve sonras\u0131nda yar\u0131 zamanl\u0131 olarak \u00e7al\u0131\u015fmaya devam edebilecek olan \u00fcniversite 3. s\u0131n\u0131f \u00f6\u011frencilerine y\u00f6nelik Vodafone All Stars Gen\u00e7 Yetenek Program\u0131 her ge\u00e7en y\u0131l katlanarak artan bir talep al\u0131yor. Vodafone&rsquo;un bu y\u0131l ilk kez d\u00fczenledi\u011fi Vodafone All Stars Yeni Mezun Program\u0131 ise \u00fcniversitelerin lisans veya y\u00fcksek lisans programlar\u0131ndan yeni mezun olmu\u015f veya en fazla 1 y\u0131l i\u015f tecr\u00fcbesi bulunan gen\u00e7lere y\u00f6nelik olarak geli\u015ftirildi. Yeni Mezun Program\u0131&rsquo;na ba\u015fvuracak adaylarda aranan \u00f6zellikleri Vodafone T\u00fcrkiye \u0130K Genel M\u00fcd\u00fcr Yard\u0131mc\u0131s\u0131 Rengin Onay, &ldquo;analitik d\u00fc\u015f\u00fcnceye sahip ve \u00f6\u011frenmeye a\u00e7\u0131k olmak, her zaman daha iyisi i\u00e7in \u00e7aba g\u00f6stermek, iyi bir ekip oyuncusu olmak, yenilik\u00e7i ve yarat\u0131c\u0131 olmak &rdquo; \u015feklinde tan\u0131mlad\u0131.&nbsp; Gen\u00e7 yeteneklere, telekom\u00fcnikasyon sekt\u00f6r\u00fcn\u00fcn yenilik\u00e7i, yarat\u0131c\u0131, h\u0131zl\u0131, rekabet\u00e7i, e\u011flenceli ve limitleri zorlayan d\u00fcnyas\u0131na ad\u0131m atarken, Vodafone gibi global bir firmada deneyim imkan\u0131 sunduklar\u0131n\u0131 belirten Rengin Onay, &ldquo;Bizim i\u00e7in gen\u00e7leri tan\u0131mak ve \u00f6zel projelerde onlarla beraber \u00e7al\u0131\u015fmak a\u00e7\u0131s\u0131ndan \u00e7ok \u00f6nemli bir f\u0131rsat&rdquo; diye konu\u015ftu.&nbsp;<\/p>\n<p><strong>15 Nisan&rsquo;\u0131 ka\u00e7\u0131rmamas\u0131 gerekenler: <\/p>\n<p>Vodafone All Stars Yeni Mezun Program\u0131<\/strong> <br \/>Lisans veya lisans\u00fcst\u00fc programlar\u0131ndan yeni mezun<br \/>Maksimum 1 y\u0131l i\u015f tecr\u00fcbesine sahip<br \/>Network, IT, Sat\u0131\u015f, \u00dcr\u00fcn ve Servisler, Pazarlama alanlar\u0131nda \u00e7al\u0131\u015fmak isteyen<br \/>&nbsp;23-24 ya\u015f s\u0131n\u0131r\u0131 <br \/>\u00c7ok iyi derecede \u0130ngilizce<\/p>\n<p><strong>Vodafone All Stars Gen\u00e7 Yetenek Program\u0131<\/strong><br \/>\u00dcniversite 3. s\u0131n\u0131f \u00f6\u011frencisi olma<br \/>Akademik ba\u015far\u0131<br \/>Sosyal giri\u015fkenlik <br \/>\u00c7ok iyi derecede \u0130ngilizce<\/p>\n<p><strong>Ba\u015fvurular i\u00e7in <\/strong><a href=\"http:\/\/www.vodafone.com.tr\"><strong>www.vodafone.com.tr<\/strong><\/a><strong> <\/strong><\/p>\n<p>&nbsp;<\/p>\n<!-- templates\/buttons-placeholder.php -->\n<div class=\"da-reactions-outer TpostID1340\">\n\t    <div class=\"da-reactions-data da-reactions-container-async center\"\n         data-type=\"post\"\n         data-id=\"1340\"\n         id=\"da-reactions-slot-post-1340\">\n        <div class=\"da-reactions-static\">\n\t\t\t<img src=\"https:\/\/www.kariyer.net\/kariyer-rehberi\/wp-content\/plugins\/da-reactions\/assets\/dist\/loading.svg\" alt=\"Loading spinner\" width=\"48\" height=\"48\" style=\"width:48px\" \/>\n        <\/div>\n    <\/div>\n<\/div>\n","protected":false},"excerpt":{"rendered":"<p>Vodafone T\u00fcrkiye, mezunlara ve \u00fcniversite \u00f6\u011frencilerine i\u015f imkan\u0131 tan\u0131yan &ldquo;Vodafone All Stars&rdquo; program\u0131 i\u00e7in ba\u015fvurular\u0131 almaya ba\u015flad\u0131. 2008- 2009 y\u0131llar\u0131nda toplam 10 bin ba\u015fvuru aras\u0131ndan se\u00e7ilen 38 Gen\u00e7 Yetenek Vodafone&#8217;a kat\u0131lm\u0131\u015ft\u0131. All Stars programlar\u0131 kapsam\u0131nda Vodafone, Vodafone All Stars Yeni Mezun ve Gen\u00e7 Yetenek adlar\u0131 alt\u0131nda iki temel program\u0131 hayata ge\u00e7iriyor. 15 Nisan&rsquo;a kadar s\u00fcrecek [&hellip;]<\/p>\n<!-- templates\/buttons-placeholder.php -->\n<div class=\"da-reactions-outer TpostID1340\">\n\t    <div class=\"da-reactions-data da-reactions-container-async center\"\n         data-type=\"post\"\n         data-id=\"1340\"\n         id=\"da-reactions-slot-post-1340\">\n        <div class=\"da-reactions-static\">\n\t\t\t<img src=\"https:\/\/www.kariyer.net\/kariyer-rehberi\/wp-content\/plugins\/da-reactions\/assets\/dist\/loading.svg\" alt=\"Loading spinner\" width=\"48\" height=\"48\" style=\"width:48px\" \/>\n        <\/div>\n    <\/div>\n<\/div>\n","protected":false},"author":5,"featured_media":0,"comment_status":"open","ping_status":"open","sticky":false,"template":"","format":"standard","meta":{"footnotes":"","_elementor_edit_mode":"","_elementor_template_type":"","_elementor_data":"","_elementor_page_settings":null,"_elementor_conditions":[]},"categories":[2203],"tags":[],"class_list":{"0":"post-1340","1":"post","2":"type-post","3":"status-publish","4":"format-standard","6":"category-haberler-duyurular"},"yoast_head":"<!-- This site is optimized with the Yoast SEO Premium plugin v21.4 (Yoast SEO v27.0) - https:\/\/yoast.com\/product\/yoast-seo-premium-wordpress\/ -->\n<title>Vodafone All Stars Programlar\u0131n\u0131 ba\u015flatt\u0131 | Kariyer Rehberi<\/title>\n<meta name=\"description\" content=\"Vodafone T\u00fcrkiye, mezunlara ve \u00fcniversite \u00f6\u011frencilerine i\u015f imkan\u0131 tan\u0131yan &ldquo;Vodafone All Stars&rdquo; program\u0131 i\u00e7in ba\u015fvurular\u0131 almaya ba\u015flad\u0131. 2008-\" \/>\n<meta name=\"robots\" content=\"index, follow, max-snippet:-1, max-image-preview:large, max-video-preview:-1\" \/>\n<link rel=\"canonical\" href=\"https:\/\/www.kariyer.net\/kariyer-rehberi\/vodafone-all-stars-programlarini-baslatti\/\" \/>\n<meta property=\"og:locale\" content=\"tr_TR\" \/>\n<meta property=\"og:type\" content=\"article\" \/>\n<meta property=\"og:title\" content=\"Vodafone All Stars Programlar\u0131n\u0131 ba\u015flatt\u0131\" \/>\n<meta property=\"og:description\" content=\"Vodafone T\u00fcrkiye, mezunlara ve \u00fcniversite \u00f6\u011frencilerine i\u015f imkan\u0131 tan\u0131yan &ldquo;Vodafone All Stars&rdquo; program\u0131 i\u00e7in ba\u015fvurular\u0131 almaya ba\u015flad\u0131. 2008-\" \/>\n<meta property=\"og:url\" content=\"https:\/\/www.kariyer.net\/kariyer-rehberi\/vodafone-all-stars-programlarini-baslatti\/\" \/>\n<meta property=\"og:site_name\" content=\"Kariyer Rehberi\" \/>\n<meta property=\"article:published_time\" content=\"2010-03-31T00:00:00+00:00\" \/>\n<meta property=\"article:modified_time\" content=\"2024-07-03T11:57:46+00:00\" \/>\n<meta property=\"og:image\" content=\"http:\/\/web4.kariyer.net\/UploadFiles\/tempPhoto\/kariyerRehberi\/RENGIN_ONAY_3(1).jpg\" \/>\n<meta name=\"author\" content=\"P\u0131nar Nogay\" \/>\n<meta name=\"twitter:card\" content=\"summary_large_image\" \/>\n<meta name=\"twitter:label1\" content=\"Yazan:\" \/>\n\t<meta name=\"twitter:data1\" content=\"P\u0131nar Nogay\" \/>\n\t<meta name=\"twitter:label2\" content=\"Tahmini okuma s\u00fcresi\" \/>\n\t<meta name=\"twitter:data2\" content=\"2 dakika\" \/>\n<!-- \/ Yoast SEO Premium plugin. -->","yoast_head_json":{"title":"Vodafone All Stars Programlar\u0131n\u0131 ba\u015flatt\u0131 | Kariyer Rehberi","description":"Vodafone T\u00fcrkiye, mezunlara ve \u00fcniversite \u00f6\u011frencilerine i\u015f imkan\u0131 tan\u0131yan &ldquo;Vodafone All Stars&rdquo; program\u0131 i\u00e7in ba\u015fvurular\u0131 almaya ba\u015flad\u0131. 2008-","robots":{"index":"index","follow":"follow","max-snippet":"max-snippet:-1","max-image-preview":"max-image-preview:large","max-video-preview":"max-video-preview:-1"},"canonical":"https:\/\/www.kariyer.net\/kariyer-rehberi\/vodafone-all-stars-programlarini-baslatti\/","og_locale":"tr_TR","og_type":"article","og_title":"Vodafone All Stars Programlar\u0131n\u0131 ba\u015flatt\u0131","og_description":"Vodafone T\u00fcrkiye, mezunlara ve \u00fcniversite \u00f6\u011frencilerine i\u015f imkan\u0131 tan\u0131yan &ldquo;Vodafone All Stars&rdquo; program\u0131 i\u00e7in ba\u015fvurular\u0131 almaya ba\u015flad\u0131. 2008-","og_url":"https:\/\/www.kariyer.net\/kariyer-rehberi\/vodafone-all-stars-programlarini-baslatti\/","og_site_name":"Kariyer Rehberi","article_published_time":"2010-03-31T00:00:00+00:00","article_modified_time":"2024-07-03T11:57:46+00:00","og_image":[{"url":"http:\/\/web4.kariyer.net\/UploadFiles\/tempPhoto\/kariyerRehberi\/RENGIN_ONAY_3(1).jpg","type":"","width":"","height":""}],"author":"P\u0131nar Nogay","twitter_card":"summary_large_image","twitter_misc":{"Yazan:":"P\u0131nar Nogay","Tahmini okuma s\u00fcresi":"2 dakika"},"schema":{"@context":"https:\/\/schema.org","@graph":[{"@type":"Article","@id":"https:\/\/www.kariyer.net\/kariyer-rehberi\/vodafone-all-stars-programlarini-baslatti\/#article","isPartOf":{"@id":"https:\/\/www.kariyer.net\/kariyer-rehberi\/vodafone-all-stars-programlarini-baslatti\/"},"author":{"name":"P\u0131nar Nogay","@id":"https:\/\/www.kariyer.net\/kariyer-rehberi\/#\/schema\/person\/ea0977057f6b311990c570cc6d4c25d0"},"headline":"Vodafone All Stars Programlar\u0131n\u0131 ba\u015flatt\u0131","datePublished":"2010-03-31T00:00:00+00:00","dateModified":"2024-07-03T11:57:46+00:00","mainEntityOfPage":{"@id":"https:\/\/www.kariyer.net\/kariyer-rehberi\/vodafone-all-stars-programlarini-baslatti\/"},"wordCount":493,"commentCount":0,"publisher":{"@id":"https:\/\/www.kariyer.net\/kariyer-rehberi\/#organization"},"image":{"@id":"https:\/\/www.kariyer.net\/kariyer-rehberi\/vodafone-all-stars-programlarini-baslatti\/#primaryimage"},"thumbnailUrl":"http:\/\/web4.kariyer.net\/UploadFiles\/tempPhoto\/kariyerRehberi\/RENGIN_ONAY_3(1).jpg","articleSection":["Haberler ve Duyurular"],"inLanguage":"tr","potentialAction":[{"@type":"CommentAction","name":"Comment","target":["https:\/\/www.kariyer.net\/kariyer-rehberi\/vodafone-all-stars-programlarini-baslatti\/#respond"]}]},{"@type":"WebPage","@id":"https:\/\/www.kariyer.net\/kariyer-rehberi\/vodafone-all-stars-programlarini-baslatti\/","url":"https:\/\/www.kariyer.net\/kariyer-rehberi\/vodafone-all-stars-programlarini-baslatti\/","name":"Vodafone All Stars Programlar\u0131n\u0131 ba\u015flatt\u0131 | Kariyer Rehberi","isPartOf":{"@id":"https:\/\/www.kariyer.net\/kariyer-rehberi\/#website"},"primaryImageOfPage":{"@id":"https:\/\/www.kariyer.net\/kariyer-rehberi\/vodafone-all-stars-programlarini-baslatti\/#primaryimage"},"image":{"@id":"https:\/\/www.kariyer.net\/kariyer-rehberi\/vodafone-all-stars-programlarini-baslatti\/#primaryimage"},"thumbnailUrl":"http:\/\/web4.kariyer.net\/UploadFiles\/tempPhoto\/kariyerRehberi\/RENGIN_ONAY_3(1).jpg","datePublished":"2010-03-31T00:00:00+00:00","dateModified":"2024-07-03T11:57:46+00:00","description":"Vodafone T\u00fcrkiye, mezunlara ve \u00fcniversite \u00f6\u011frencilerine i\u015f imkan\u0131 tan\u0131yan &ldquo;Vodafone All Stars&rdquo; program\u0131 i\u00e7in ba\u015fvurular\u0131 almaya ba\u015flad\u0131. 2008-","breadcrumb":{"@id":"https:\/\/www.kariyer.net\/kariyer-rehberi\/vodafone-all-stars-programlarini-baslatti\/#breadcrumb"},"inLanguage":"tr","potentialAction":[{"@type":"ReadAction","target":["https:\/\/www.kariyer.net\/kariyer-rehberi\/vodafone-all-stars-programlarini-baslatti\/"]}]},{"@type":"ImageObject","inLanguage":"tr","@id":"https:\/\/www.kariyer.net\/kariyer-rehberi\/vodafone-all-stars-programlarini-baslatti\/#primaryimage","url":"http:\/\/web4.kariyer.net\/UploadFiles\/tempPhoto\/kariyerRehberi\/RENGIN_ONAY_3(1).jpg","contentUrl":"http:\/\/web4.kariyer.net\/UploadFiles\/tempPhoto\/kariyerRehberi\/RENGIN_ONAY_3(1).jpg"},{"@type":"BreadcrumbList","@id":"https:\/\/www.kariyer.net\/kariyer-rehberi\/vodafone-all-stars-programlarini-baslatti\/#breadcrumb","itemListElement":[{"@type":"ListItem","position":1,"name":"Anasayfa","item":"https:\/\/www.kariyer.net\/kariyer-rehberi\/"},{"@type":"ListItem","position":2,"name":"Vodafone All Stars Programlar\u0131n\u0131 ba\u015flatt\u0131"}]},{"@type":"WebSite","@id":"https:\/\/www.kariyer.net\/kariyer-rehberi\/#website","url":"https:\/\/www.kariyer.net\/kariyer-rehberi\/","name":"Kariyer Rehberi","description":"\u0130\u015f D\u00fcnyas\u0131yla \u0130lgili Bilmek \u0130stedi\u011finiz Her \u015eey","publisher":{"@id":"https:\/\/www.kariyer.net\/kariyer-rehberi\/#organization"},"potentialAction":[{"@type":"SearchAction","target":{"@type":"EntryPoint","urlTemplate":"https:\/\/www.kariyer.net\/kariyer-rehberi\/?s={search_term_string}"},"query-input":{"@type":"PropertyValueSpecification","valueRequired":true,"valueName":"search_term_string"}}],"inLanguage":"tr"},{"@type":"Organization","@id":"https:\/\/www.kariyer.net\/kariyer-rehberi\/#organization","name":"Kariyer.net","url":"https:\/\/www.kariyer.net\/kariyer-rehberi\/","logo":{"@type":"ImageObject","inLanguage":"tr","@id":"https:\/\/www.kariyer.net\/kariyer-rehberi\/#\/schema\/logo\/image\/","url":"https:\/\/www.kariyer.net\/kariyer-rehberi-new\/wp-content\/uploads\/2023\/01\/og-image11.jpg","contentUrl":"https:\/\/www.kariyer.net\/kariyer-rehberi-new\/wp-content\/uploads\/2023\/01\/og-image11.jpg","width":800,"height":800,"caption":"Kariyer.net"},"image":{"@id":"https:\/\/www.kariyer.net\/kariyer-rehberi\/#\/schema\/logo\/image\/"}},{"@type":"Person","@id":"https:\/\/www.kariyer.net\/kariyer-rehberi\/#\/schema\/person\/ea0977057f6b311990c570cc6d4c25d0","name":"P\u0131nar Nogay","image":{"@type":"ImageObject","inLanguage":"tr","@id":"https:\/\/www.kariyer.net\/kariyer-rehberi\/#\/schema\/person\/image\/","url":"https:\/\/secure.gravatar.com\/avatar\/330a216cbd1ec8a38c34e372b2be4a261e51e0805bd9186606e000f5efd0f0cf?s=96&d=mm&r=g","contentUrl":"https:\/\/secure.gravatar.com\/avatar\/330a216cbd1ec8a38c34e372b2be4a261e51e0805bd9186606e000f5efd0f0cf?s=96&d=mm&r=g","caption":"P\u0131nar Nogay"},"description":"Gazeteci olmak i\u00e7in yola \u00e7\u0131karak Eski\u015fehir Anadolu \u00dcniversitesi \u0130leti\u015fim Fak\u00fcltesi\u2019nde Bas\u0131n Yay\u0131n e\u011fitimi ald\u0131. Sekt\u00f6rel yay\u0131nlarda tecr\u00fcbe kazanan, 2007 y\u0131l\u0131nda Kariyer\u2019de Edit\u00f6r olarak \u00e7al\u0131\u015fmaya ba\u015flayan Nogay, 2011\u2019den bu yana Genel Yay\u0131n Y\u00f6netmeni olarak g\u00f6rev yap\u0131yor.","sameAs":["http:\/\/www.kariyer.net\/kariyer-rehberi\/pinar-nogay\/"],"url":"https:\/\/www.kariyer.net\/kariyer-rehberi\/author\/pinar-nogay\/"}]}},"_links":{"self":[{"href":"https:\/\/www.kariyer.net\/kariyer-rehberi\/wp-json\/wp\/v2\/posts\/1340","targetHints":{"allow":["GET"]}}],"collection":[{"href":"https:\/\/www.kariyer.net\/kariyer-rehberi\/wp-json\/wp\/v2\/posts"}],"about":[{"href":"https:\/\/www.kariyer.net\/kariyer-rehberi\/wp-json\/wp\/v2\/types\/post"}],"author":[{"embeddable":true,"href":"https:\/\/www.kariyer.net\/kariyer-rehberi\/wp-json\/wp\/v2\/users\/5"}],"replies":[{"embeddable":true,"href":"https:\/\/www.kariyer.net\/kariyer-rehberi\/wp-json\/wp\/v2\/comments?post=1340"}],"version-history":[{"count":1,"href":"https:\/\/www.kariyer.net\/kariyer-rehberi\/wp-json\/wp\/v2\/posts\/1340\/revisions"}],"predecessor-version":[{"id":18876,"href":"https:\/\/www.kariyer.net\/kariyer-rehberi\/wp-json\/wp\/v2\/posts\/1340\/revisions\/18876"}],"wp:attachment":[{"href":"https:\/\/www.kariyer.net\/kariyer-rehberi\/wp-json\/wp\/v2\/media?parent=1340"}],"wp:term":[{"taxonomy":"category","embeddable":true,"href":"https:\/\/www.kariyer.net\/kariyer-rehberi\/wp-json\/wp\/v2\/categories?post=1340"},{"taxonomy":"post_tag","embeddable":true,"href":"https:\/\/www.kariyer.net\/kariyer-rehberi\/wp-json\/wp\/v2\/tags?post=1340"}],"curies":[{"name":"wp","href":"https:\/\/api.w.org\/{rel}","templated":true}]}}