{"id":1341,"date":"2010-04-01T03:00:00","date_gmt":"2010-04-01T00:00:00","guid":{"rendered":"http:\/\/92.45.35.169\/nestle-distributorleri-stajyerleriyle-bulusuyor\/"},"modified":"2024-07-03T14:57:46","modified_gmt":"2024-07-03T11:57:46","slug":"nestle-distributorleri-stajyerleriyle-bulusuyor","status":"publish","type":"post","link":"https:\/\/www.kariyer.net\/kariyer-rehberi\/nestle-distributorleri-stajyerleriyle-bulusuyor\/","title":{"rendered":"Nestl\u00e9 distrib\u00fct\u00f6rleri stajyerleriyle bulu\u015fuyor"},"content":{"rendered":"<div>Nestl\u00e9 T\u00fcrkiye, bu y\u0131l ba\u015flatt\u0131\u011f\u0131 Nestl\u00e9 Yaz Staj\u0131 Program\u0131 ile Nestl\u00e9 Distrib\u00fct\u00f6rleriyle \u00fcniversite \u00f6\u011frencilerini bulu\u015fturuyor. Proje de\u011ferlendirmeleri ve grup m\u00fclakatlar\u0131 sonucunda ba\u015far\u0131l\u0131 bulunan \u00fcniversite 2. s\u0131n\u0131f \u00f6\u011frencileri,\u00a0 1 Temmuz- 31 A\u011fustos 2010 tarihleri aras\u0131nda Nestle Distrib\u00fct\u00f6rlerinde staj yapma \u015fans\u0131na sahip olacak.<\/div>\n<div><strong>Neden Nestl\u00e9 Yaz Staj\u0131 Program\u0131?<\/strong><\/div>\n<div>Nestl\u00e9 Yaz Staj\u0131 Program\u0131 ile \u00f6\u011frencileri m\u00fckemmel bir staj deneyimi bekliyor. Gelece\u011fin de\u011ferleri olarak g\u00f6rd\u00fc\u011f\u00fcm\u00fcz \u00fcniversite \u00f6\u011frencileri, Nestl\u00e9 distrib\u00fct\u00f6rlerinde profesyonel i\u015f ya\u015fant\u0131s\u0131na ilk ad\u0131mlar\u0131n\u0131 atacak. Nestl\u00e9 Sat\u0131\u015f Akademisi kapsam\u0131nda t\u00fcm stajyerler teknik bilgi ve becerilerini geli\u015ftirecek, yetkinliklerine katk\u0131da bulunacak teknik e\u011fitimler alacak ve \u015firket oryantasyonuna dahil olacak. Bu projeyle birlikte, \u00f6\u011frencilerin Nestl\u00e9 ile olan ba\u011flar\u0131n\u0131 daha da g\u00fc\u00e7lendirmeyi hedefliyoruz. Staj sonras\u0131nda da \u00e7e\u015fitli proje ve aktivitelerimizde \u00f6\u011frencilerle bir araya gelmeyi planl\u0131yoruz.<\/div>\n<div><strong>Kimler ba\u015fvurabilir?<\/strong><\/div>\n<div>\u00dcniversite 2. s\u0131n\u0131f lisans \u00f6\u011frencisi olan ve okuduklar\u0131 ildeki Nescaf\u00e9 sat\u0131\u015flar\u0131n\u0131 artt\u0131racak fikirleri olan t\u00fcm adaylar 28 Nisan 2010 tarihine kadar ba\u015fvuru yapabilirler.<\/div>\n<div><strong>Ba\u015fvuru ve de\u011ferlendirme s\u00fcreci nas\u0131l olacak?<\/strong><\/div>\n<div>Okuduklar\u0131 ildeki Nescaf\u00e9 sat\u0131\u015flar\u0131n\u0131 artt\u0131racak fikirleri olan adaylar\u0131n, Nestl\u00e9 Yaz Staj\u0131 Program\u0131 ilan\u0131na <a class=\"link\" href=\"http:\/\/www.kariyer.net\">www.kariyer.net<\/a> \u00fczerinden projelerini ekleyerek ba\u015fvuruda bulunmalar\u0131 gerekiyor. Proje ba\u015fvuru bitim tarihi olan 28 Nisan 2010\u2019dan sonra Nestl\u00e9\u2019nin farkl\u0131 birimlerinde g\u00f6rev yapan \u00e7al\u0131\u015fanlar\u0131ndan olu\u015fan Proje De\u011ferlendirme Ekibi, ba\u015fvurularla birlikte gelen proje fikirlerini de\u011ferlendirecek! Fikirleri \u00f6n elemeyi ge\u00e7en adaylar, T\u00fcrkiye\u2019nin farkl\u0131 illerinde yap\u0131lacak grup m\u00fclakatlar\u0131na davet edilecek. Grup m\u00fclakat\u0131 de\u011ferlendirmelerinden sonra, staj yapma hakk\u0131 kazanan \u00f6\u011frenciler belirlenecek.<\/div>\n<p>Ba\u015fvurmak isteyen adaylar, <a class=\"link\" href=\"http:\/\/www.kariyer.net\/JobSearch\/ajobdetail.kariyer?ilankodu=517371\">http:\/\/www.kariyer.net\/JobSearch\/ajobdetail.kariyer?ilankodu=517371<\/a> internet adresinden Nestl\u00e9 Yaz Staj\u0131 Program\u0131 ilan\u0131na ba\u015fvurabilirler. Son ba\u015fvuru tarihi 28 Nisan 2010. Ba\u015fvurular\u0131n de\u011ferlendirmeye al\u0131nmas\u0131 i\u00e7in projelerin mutlaka eklenmi\u015f olmas\u0131 gerekmektedir.<\/p>\n<div><\/div>\n<!-- templates\/buttons-placeholder.php -->\n<div class=\"da-reactions-outer TpostID1341\">\n\t    <div class=\"da-reactions-data da-reactions-container-async center\"\n         data-type=\"post\"\n         data-id=\"1341\"\n         id=\"da-reactions-slot-post-1341\">\n        <div class=\"da-reactions-static\">\n\t\t\t<img src=\"https:\/\/www.kariyer.net\/kariyer-rehberi\/wp-content\/plugins\/da-reactions\/assets\/dist\/loading.svg\" alt=\"Loading spinner\" width=\"48\" height=\"48\" style=\"width:48px\" \/>\n        <\/div>\n    <\/div>\n<\/div>\n","protected":false},"excerpt":{"rendered":"<p>Nestl\u00e9 T\u00fcrkiye, bu y\u0131l ba\u015flatt\u0131\u011f\u0131 Nestl\u00e9 Yaz Staj\u0131 Program\u0131 ile Nestl\u00e9 Distrib\u00fct\u00f6rleriyle \u00fcniversite \u00f6\u011frencilerini bulu\u015fturuyor. Proje de\u011ferlendirmeleri ve grup m\u00fclakatlar\u0131 sonucunda ba\u015far\u0131l\u0131 bulunan \u00fcniversite 2. s\u0131n\u0131f \u00f6\u011frencileri,\u00a0 1 Temmuz- 31 A\u011fustos 2010 tarihleri aras\u0131nda Nestle Distrib\u00fct\u00f6rlerinde staj yapma \u015fans\u0131na sahip olacak. Neden Nestl\u00e9 Yaz Staj\u0131 Program\u0131? Nestl\u00e9 Yaz Staj\u0131 Program\u0131 ile \u00f6\u011frencileri m\u00fckemmel bir staj [&hellip;]<\/p>\n<!-- templates\/buttons-placeholder.php -->\n<div class=\"da-reactions-outer TpostID1341\">\n\t    <div class=\"da-reactions-data da-reactions-container-async center\"\n         data-type=\"post\"\n         data-id=\"1341\"\n         id=\"da-reactions-slot-post-1341\">\n        <div class=\"da-reactions-static\">\n\t\t\t<img src=\"https:\/\/www.kariyer.net\/kariyer-rehberi\/wp-content\/plugins\/da-reactions\/assets\/dist\/loading.svg\" alt=\"Loading spinner\" width=\"48\" height=\"48\" style=\"width:48px\" \/>\n        <\/div>\n    <\/div>\n<\/div>\n","protected":false},"author":5,"featured_media":4658,"comment_status":"open","ping_status":"open","sticky":false,"template":"","format":"standard","meta":{"footnotes":"","_elementor_edit_mode":"","_elementor_template_type":"","_elementor_data":"","_elementor_page_settings":null,"_elementor_conditions":[]},"categories":[2203],"tags":[],"class_list":{"0":"post-1341","1":"post","2":"type-post","3":"status-publish","4":"format-standard","5":"has-post-thumbnail","7":"category-haberler-duyurular"},"yoast_head":"<!-- This site is optimized with the Yoast SEO Premium plugin v21.4 (Yoast SEO v27.0) - https:\/\/yoast.com\/product\/yoast-seo-premium-wordpress\/ -->\n<title>Nestl\u00e9 distrib\u00fct\u00f6rleri stajyerleriyle bulu\u015fuyor | Kariyer Rehberi<\/title>\n<meta name=\"description\" content=\"Nestl\u00e9 T\u00fcrkiye, bu y\u0131l ba\u015flatt\u0131\u011f\u0131 Nestl\u00e9 Yaz Staj\u0131 Program\u0131 ile Nestl\u00e9 Distrib\u00fct\u00f6rleriyle \u00fcniversite \u00f6\u011frencilerini bulu\u015fturuyor. Proje de\u011ferlendirmeleri\" \/>\n<meta name=\"robots\" content=\"index, follow, max-snippet:-1, max-image-preview:large, max-video-preview:-1\" \/>\n<link rel=\"canonical\" href=\"https:\/\/www.kariyer.net\/kariyer-rehberi\/nestle-distributorleri-stajyerleriyle-bulusuyor\/\" \/>\n<meta property=\"og:locale\" content=\"tr_TR\" \/>\n<meta property=\"og:type\" content=\"article\" \/>\n<meta property=\"og:title\" content=\"Nestl\u00e9 distrib\u00fct\u00f6rleri stajyerleriyle bulu\u015fuyor\" \/>\n<meta property=\"og:description\" content=\"Nestl\u00e9 T\u00fcrkiye, bu y\u0131l ba\u015flatt\u0131\u011f\u0131 Nestl\u00e9 Yaz Staj\u0131 Program\u0131 ile Nestl\u00e9 Distrib\u00fct\u00f6rleriyle \u00fcniversite \u00f6\u011frencilerini bulu\u015fturuyor. Proje de\u011ferlendirmeleri\" \/>\n<meta property=\"og:url\" content=\"https:\/\/www.kariyer.net\/kariyer-rehberi\/nestle-distributorleri-stajyerleriyle-bulusuyor\/\" \/>\n<meta property=\"og:site_name\" content=\"Kariyer Rehberi\" \/>\n<meta property=\"article:published_time\" content=\"2010-04-01T00:00:00+00:00\" \/>\n<meta property=\"article:modified_time\" content=\"2024-07-03T11:57:46+00:00\" \/>\n<meta property=\"og:image\" content=\"https:\/\/www.kariyer.net\/kariyer-rehberi\/wp-content\/uploads\/2010\/04\/nestle.jpg\" \/>\n\t<meta property=\"og:image:width\" content=\"290\" \/>\n\t<meta property=\"og:image:height\" content=\"150\" \/>\n\t<meta property=\"og:image:type\" content=\"image\/jpeg\" \/>\n<meta name=\"author\" content=\"P\u0131nar Nogay\" \/>\n<meta name=\"twitter:card\" content=\"summary_large_image\" \/>\n<meta name=\"twitter:label1\" content=\"Yazan:\" \/>\n\t<meta name=\"twitter:data1\" content=\"P\u0131nar Nogay\" \/>\n\t<meta name=\"twitter:label2\" content=\"Tahmini okuma s\u00fcresi\" \/>\n\t<meta name=\"twitter:data2\" content=\"2 dakika\" \/>\n<!-- \/ Yoast SEO Premium plugin. -->","yoast_head_json":{"title":"Nestl\u00e9 distrib\u00fct\u00f6rleri stajyerleriyle bulu\u015fuyor | Kariyer Rehberi","description":"Nestl\u00e9 T\u00fcrkiye, bu y\u0131l ba\u015flatt\u0131\u011f\u0131 Nestl\u00e9 Yaz Staj\u0131 Program\u0131 ile Nestl\u00e9 Distrib\u00fct\u00f6rleriyle \u00fcniversite \u00f6\u011frencilerini bulu\u015fturuyor. Proje de\u011ferlendirmeleri","robots":{"index":"index","follow":"follow","max-snippet":"max-snippet:-1","max-image-preview":"max-image-preview:large","max-video-preview":"max-video-preview:-1"},"canonical":"https:\/\/www.kariyer.net\/kariyer-rehberi\/nestle-distributorleri-stajyerleriyle-bulusuyor\/","og_locale":"tr_TR","og_type":"article","og_title":"Nestl\u00e9 distrib\u00fct\u00f6rleri stajyerleriyle bulu\u015fuyor","og_description":"Nestl\u00e9 T\u00fcrkiye, bu y\u0131l ba\u015flatt\u0131\u011f\u0131 Nestl\u00e9 Yaz Staj\u0131 Program\u0131 ile Nestl\u00e9 Distrib\u00fct\u00f6rleriyle \u00fcniversite \u00f6\u011frencilerini bulu\u015fturuyor. Proje de\u011ferlendirmeleri","og_url":"https:\/\/www.kariyer.net\/kariyer-rehberi\/nestle-distributorleri-stajyerleriyle-bulusuyor\/","og_site_name":"Kariyer Rehberi","article_published_time":"2010-04-01T00:00:00+00:00","article_modified_time":"2024-07-03T11:57:46+00:00","og_image":[{"width":290,"height":150,"url":"https:\/\/www.kariyer.net\/kariyer-rehberi\/wp-content\/uploads\/2010\/04\/nestle.jpg","type":"image\/jpeg"}],"author":"P\u0131nar Nogay","twitter_card":"summary_large_image","twitter_misc":{"Yazan:":"P\u0131nar Nogay","Tahmini okuma s\u00fcresi":"2 dakika"},"schema":{"@context":"https:\/\/schema.org","@graph":[{"@type":"Article","@id":"https:\/\/www.kariyer.net\/kariyer-rehberi\/nestle-distributorleri-stajyerleriyle-bulusuyor\/#article","isPartOf":{"@id":"https:\/\/www.kariyer.net\/kariyer-rehberi\/nestle-distributorleri-stajyerleriyle-bulusuyor\/"},"author":{"name":"P\u0131nar Nogay","@id":"https:\/\/www.kariyer.net\/kariyer-rehberi\/#\/schema\/person\/ea0977057f6b311990c570cc6d4c25d0"},"headline":"Nestl\u00e9 distrib\u00fct\u00f6rleri stajyerleriyle bulu\u015fuyor","datePublished":"2010-04-01T00:00:00+00:00","dateModified":"2024-07-03T11:57:46+00:00","mainEntityOfPage":{"@id":"https:\/\/www.kariyer.net\/kariyer-rehberi\/nestle-distributorleri-stajyerleriyle-bulusuyor\/"},"wordCount":334,"commentCount":0,"publisher":{"@id":"https:\/\/www.kariyer.net\/kariyer-rehberi\/#organization"},"image":{"@id":"https:\/\/www.kariyer.net\/kariyer-rehberi\/nestle-distributorleri-stajyerleriyle-bulusuyor\/#primaryimage"},"thumbnailUrl":"https:\/\/www.kariyer.net\/kariyer-rehberi\/wp-content\/uploads\/2010\/04\/nestle.jpg","articleSection":["Haberler ve Duyurular"],"inLanguage":"tr","potentialAction":[{"@type":"CommentAction","name":"Comment","target":["https:\/\/www.kariyer.net\/kariyer-rehberi\/nestle-distributorleri-stajyerleriyle-bulusuyor\/#respond"]}]},{"@type":"WebPage","@id":"https:\/\/www.kariyer.net\/kariyer-rehberi\/nestle-distributorleri-stajyerleriyle-bulusuyor\/","url":"https:\/\/www.kariyer.net\/kariyer-rehberi\/nestle-distributorleri-stajyerleriyle-bulusuyor\/","name":"Nestl\u00e9 distrib\u00fct\u00f6rleri stajyerleriyle bulu\u015fuyor | Kariyer Rehberi","isPartOf":{"@id":"https:\/\/www.kariyer.net\/kariyer-rehberi\/#website"},"primaryImageOfPage":{"@id":"https:\/\/www.kariyer.net\/kariyer-rehberi\/nestle-distributorleri-stajyerleriyle-bulusuyor\/#primaryimage"},"image":{"@id":"https:\/\/www.kariyer.net\/kariyer-rehberi\/nestle-distributorleri-stajyerleriyle-bulusuyor\/#primaryimage"},"thumbnailUrl":"https:\/\/www.kariyer.net\/kariyer-rehberi\/wp-content\/uploads\/2010\/04\/nestle.jpg","datePublished":"2010-04-01T00:00:00+00:00","dateModified":"2024-07-03T11:57:46+00:00","description":"Nestl\u00e9 T\u00fcrkiye, bu y\u0131l ba\u015flatt\u0131\u011f\u0131 Nestl\u00e9 Yaz Staj\u0131 Program\u0131 ile Nestl\u00e9 Distrib\u00fct\u00f6rleriyle \u00fcniversite \u00f6\u011frencilerini bulu\u015fturuyor. Proje de\u011ferlendirmeleri","breadcrumb":{"@id":"https:\/\/www.kariyer.net\/kariyer-rehberi\/nestle-distributorleri-stajyerleriyle-bulusuyor\/#breadcrumb"},"inLanguage":"tr","potentialAction":[{"@type":"ReadAction","target":["https:\/\/www.kariyer.net\/kariyer-rehberi\/nestle-distributorleri-stajyerleriyle-bulusuyor\/"]}]},{"@type":"ImageObject","inLanguage":"tr","@id":"https:\/\/www.kariyer.net\/kariyer-rehberi\/nestle-distributorleri-stajyerleriyle-bulusuyor\/#primaryimage","url":"https:\/\/www.kariyer.net\/kariyer-rehberi\/wp-content\/uploads\/2010\/04\/nestle.jpg","contentUrl":"https:\/\/www.kariyer.net\/kariyer-rehberi\/wp-content\/uploads\/2010\/04\/nestle.jpg","width":290,"height":150},{"@type":"BreadcrumbList","@id":"https:\/\/www.kariyer.net\/kariyer-rehberi\/nestle-distributorleri-stajyerleriyle-bulusuyor\/#breadcrumb","itemListElement":[{"@type":"ListItem","position":1,"name":"Anasayfa","item":"https:\/\/www.kariyer.net\/kariyer-rehberi\/"},{"@type":"ListItem","position":2,"name":"Nestl\u00e9 distrib\u00fct\u00f6rleri stajyerleriyle bulu\u015fuyor"}]},{"@type":"WebSite","@id":"https:\/\/www.kariyer.net\/kariyer-rehberi\/#website","url":"https:\/\/www.kariyer.net\/kariyer-rehberi\/","name":"Kariyer Rehberi","description":"\u0130\u015f D\u00fcnyas\u0131yla \u0130lgili Bilmek \u0130stedi\u011finiz Her \u015eey","publisher":{"@id":"https:\/\/www.kariyer.net\/kariyer-rehberi\/#organization"},"potentialAction":[{"@type":"SearchAction","target":{"@type":"EntryPoint","urlTemplate":"https:\/\/www.kariyer.net\/kariyer-rehberi\/?s={search_term_string}"},"query-input":{"@type":"PropertyValueSpecification","valueRequired":true,"valueName":"search_term_string"}}],"inLanguage":"tr"},{"@type":"Organization","@id":"https:\/\/www.kariyer.net\/kariyer-rehberi\/#organization","name":"Kariyer.net","url":"https:\/\/www.kariyer.net\/kariyer-rehberi\/","logo":{"@type":"ImageObject","inLanguage":"tr","@id":"https:\/\/www.kariyer.net\/kariyer-rehberi\/#\/schema\/logo\/image\/","url":"https:\/\/www.kariyer.net\/kariyer-rehberi-new\/wp-content\/uploads\/2023\/01\/og-image11.jpg","contentUrl":"https:\/\/www.kariyer.net\/kariyer-rehberi-new\/wp-content\/uploads\/2023\/01\/og-image11.jpg","width":800,"height":800,"caption":"Kariyer.net"},"image":{"@id":"https:\/\/www.kariyer.net\/kariyer-rehberi\/#\/schema\/logo\/image\/"}},{"@type":"Person","@id":"https:\/\/www.kariyer.net\/kariyer-rehberi\/#\/schema\/person\/ea0977057f6b311990c570cc6d4c25d0","name":"P\u0131nar Nogay","image":{"@type":"ImageObject","inLanguage":"tr","@id":"https:\/\/www.kariyer.net\/kariyer-rehberi\/#\/schema\/person\/image\/","url":"https:\/\/secure.gravatar.com\/avatar\/330a216cbd1ec8a38c34e372b2be4a261e51e0805bd9186606e000f5efd0f0cf?s=96&d=mm&r=g","contentUrl":"https:\/\/secure.gravatar.com\/avatar\/330a216cbd1ec8a38c34e372b2be4a261e51e0805bd9186606e000f5efd0f0cf?s=96&d=mm&r=g","caption":"P\u0131nar Nogay"},"description":"Gazeteci olmak i\u00e7in yola \u00e7\u0131karak Eski\u015fehir Anadolu \u00dcniversitesi \u0130leti\u015fim Fak\u00fcltesi\u2019nde Bas\u0131n Yay\u0131n e\u011fitimi ald\u0131. Sekt\u00f6rel yay\u0131nlarda tecr\u00fcbe kazanan, 2007 y\u0131l\u0131nda Kariyer\u2019de Edit\u00f6r olarak \u00e7al\u0131\u015fmaya ba\u015flayan Nogay, 2011\u2019den bu yana Genel Yay\u0131n Y\u00f6netmeni olarak g\u00f6rev yap\u0131yor.","sameAs":["http:\/\/www.kariyer.net\/kariyer-rehberi\/pinar-nogay\/"],"url":"https:\/\/www.kariyer.net\/kariyer-rehberi\/author\/pinar-nogay\/"}]}},"_links":{"self":[{"href":"https:\/\/www.kariyer.net\/kariyer-rehberi\/wp-json\/wp\/v2\/posts\/1341","targetHints":{"allow":["GET"]}}],"collection":[{"href":"https:\/\/www.kariyer.net\/kariyer-rehberi\/wp-json\/wp\/v2\/posts"}],"about":[{"href":"https:\/\/www.kariyer.net\/kariyer-rehberi\/wp-json\/wp\/v2\/types\/post"}],"author":[{"embeddable":true,"href":"https:\/\/www.kariyer.net\/kariyer-rehberi\/wp-json\/wp\/v2\/users\/5"}],"replies":[{"embeddable":true,"href":"https:\/\/www.kariyer.net\/kariyer-rehberi\/wp-json\/wp\/v2\/comments?post=1341"}],"version-history":[{"count":1,"href":"https:\/\/www.kariyer.net\/kariyer-rehberi\/wp-json\/wp\/v2\/posts\/1341\/revisions"}],"predecessor-version":[{"id":18875,"href":"https:\/\/www.kariyer.net\/kariyer-rehberi\/wp-json\/wp\/v2\/posts\/1341\/revisions\/18875"}],"wp:featuredmedia":[{"embeddable":true,"href":"https:\/\/www.kariyer.net\/kariyer-rehberi\/wp-json\/wp\/v2\/media\/4658"}],"wp:attachment":[{"href":"https:\/\/www.kariyer.net\/kariyer-rehberi\/wp-json\/wp\/v2\/media?parent=1341"}],"wp:term":[{"taxonomy":"category","embeddable":true,"href":"https:\/\/www.kariyer.net\/kariyer-rehberi\/wp-json\/wp\/v2\/categories?post=1341"},{"taxonomy":"post_tag","embeddable":true,"href":"https:\/\/www.kariyer.net\/kariyer-rehberi\/wp-json\/wp\/v2\/tags?post=1341"}],"curies":[{"name":"wp","href":"https:\/\/api.w.org\/{rel}","templated":true}]}}