{"id":13458,"date":"2020-03-21T20:40:26","date_gmt":"2020-03-21T17:40:26","guid":{"rendered":"https:\/\/www.kariyer.net\/kariyer-rehberi\/?p=13458"},"modified":"2024-08-08T21:09:33","modified_gmt":"2024-08-08T18:09:33","slug":"telafi-calisma-suresi-2-aydan-4-aya-cikarildi","status":"publish","type":"post","link":"https:\/\/www.kariyer.net\/kariyer-rehberi\/telafi-calisma-suresi-2-aydan-4-aya-cikarildi\/","title":{"rendered":"Telafi \u00e7al\u0131\u015fma s\u00fcresi 2 aydan 4 aya \u00e7\u0131kar\u0131ld\u0131"},"content":{"rendered":"<p><strong>Corona vir\u00fcs\u00fc salg\u0131n\u0131 hayat\u0131n t\u00fcm alan\u0131n\u0131 etkilerken, devletler de bu kriz ortam\u0131n\u0131n yaratt\u0131\u011f\u0131 olumsuz etkileri azaltmak i\u00e7in \u00e7e\u015fitli \u00f6nlemler almaya devam ediyor. Ge\u00e7ti\u011fimiz g\u00fcnlerde a\u00e7\u0131klanan ekonomik pakette istihdam\u0131n s\u00fcreklili\u011fi i\u00e7in al\u0131nan kararlardan biri de telafi \u00e7al\u0131\u015fma s\u00fcresinin 2 aydan 4 aya \u00e7\u0131kar\u0131lmas\u0131yd\u0131. Peki, telafi \u00e7al\u0131\u015fma s\u00fcresi nedir? Detaylar yaz\u0131m\u0131zda\u2026<\/strong><\/p>\n<h2><strong>Telafi \u00e7al\u0131\u015fma s\u00fcresi nedir?<\/strong><\/h2>\n<p>Telafi \u00e7al\u0131\u015fma s\u00fcresi, \u00e7e\u015fitli sebeplerle bir i\u015f yerindeki normal \u00e7al\u0131\u015fma s\u00fcresi \u00f6nemli \u00f6l\u00e7\u00fcde azal\u0131rsa veya i\u015f yeri tamamen tatil edilirse, i\u015fverenin 2 ay s\u00fcreyle \u00e7al\u0131\u015fan\u0131na \u201cTelafi \u00e7al\u0131\u015fma\u201d yapt\u0131rmas\u0131 anlam\u0131nda geliyor. K\u0131sacas\u0131; \u00e7al\u0131\u015fanlar\u0131n \u00fccretini ald\u0131\u011f\u0131, ancak \u00e7e\u015fitli nedenlerle \u00e7al\u0131\u015fmad\u0131\u011f\u0131 bir s\u00fcreyi sonradan \u00e7al\u0131\u015farak yerine getirmesine telafi \u00e7al\u0131\u015fmas\u0131 deniliyor.<\/p>\n<h2><strong>Telafi \u00e7al\u0131\u015fmas\u0131 yapt\u0131rma \u015fartlar\u0131 nelerdir?<\/strong><\/h2>\n<p>Corona vir\u00fcs\u00fc nedeniyle i\u015flerine ara vermek zorunda kalan i\u015fverenler i\u00e7in yeniden g\u00fcndeme gelen \u201cTelafi \u00e7al\u0131\u015fma\u201d konusunda bahsi ge\u00e7en 2 ayl\u0131k s\u00fcre 4 aya \u00e7\u0131kar\u0131lm\u0131\u015ft\u0131r ve uygulamadan yararlanma \u015fartlar\u0131 \u015funlard\u0131r;<\/p>\n<ul>\n<li>Telafi \u00e7al\u0131\u015fmas\u0131 yapt\u0131racak i\u015fveren; bu \u00e7al\u0131\u015fman\u0131n 4857 say\u0131l\u0131 \u0130\u015f Kanununun 64. maddesindeki nedenlerden hangisine dayand\u0131\u011f\u0131n\u0131 a\u00e7\u0131k olarak belirtmek, hangi tarihte \u00e7al\u0131\u015fmaya ba\u015flanaca\u011f\u0131n\u0131, ilgili i\u015f\u00e7ilere bildirmek zorundad\u0131r.<\/li>\n<li>Telafi \u00e7al\u0131\u015fmalar\u0131, raporlu olunan s\u00fcreleri kapsamamakla birlikte, tatil g\u00fcnlerini i\u00e7ermemektedir. Ayr\u0131ca g\u00fcnl\u00fck telafi \u00e7al\u0131\u015fma s\u00fcresi 11 saatin \u00fczerine \u00e7\u0131kamamaktad\u0131r.<\/li>\n<li>Her \u015feyin normale d\u00f6nd\u00fc\u011f\u00fc yani i\u015fletmelerin yeniden aktif oldu\u011fu tarihten itibaren i\u015fverenin, iki ay i\u00e7inde \u00e7al\u0131\u015f\u0131lmayan s\u00fcre i\u00e7in telafi \u00e7al\u0131\u015fmas\u0131 yapt\u0131rmas\u0131 gerekmektedir. E\u011fer i\u015fveren bu s\u00fcreyi a\u015farsa hakk\u0131n\u0131 kaybetmektedir.<\/li>\n<li>Telafi \u00e7al\u0131\u015fmas\u0131 nedeniyle fazla mesai yapan \u00e7al\u0131\u015fanlar mesai \u00fccreti talep edememektedir; \u00e7\u00fcnk\u00fc buradaki fazladan \u00e7al\u0131\u015f\u0131lan her saat telafi \u00e7al\u0131\u015fma amac\u0131ylad\u0131r. Bu nedenle \u00e7al\u0131\u015fana ekstra \u00fccret \u00f6denmemektedir.<\/li>\n<\/ul>\n<!-- templates\/buttons-placeholder.php -->\n<div class=\"da-reactions-outer TpostID13458\">\n\t    <div class=\"da-reactions-data da-reactions-container-async center\"\n         data-type=\"post\"\n         data-id=\"13458\"\n         id=\"da-reactions-slot-post-13458\">\n        <div class=\"da-reactions-static\">\n\t\t\t<img src=\"https:\/\/www.kariyer.net\/kariyer-rehberi\/wp-content\/plugins\/da-reactions\/assets\/dist\/loading.svg\" alt=\"Loading spinner\" width=\"48\" height=\"48\" style=\"width:48px\" \/>\n        <\/div>\n    <\/div>\n<\/div>\n","protected":false},"excerpt":{"rendered":"<p>Corona vir\u00fcs\u00fc salg\u0131n\u0131 hayat\u0131n t\u00fcm alan\u0131n\u0131 etkilerken, devletler de bu kriz ortam\u0131n\u0131n yaratt\u0131\u011f\u0131 olumsuz etkileri azaltmak i\u00e7in \u00e7e\u015fitli \u00f6nlemler almaya devam ediyor. Ge\u00e7ti\u011fimiz g\u00fcnlerde a\u00e7\u0131klanan ekonomik pakette istihdam\u0131n s\u00fcreklili\u011fi i\u00e7in al\u0131nan kararlardan biri de telafi \u00e7al\u0131\u015fma s\u00fcresinin 2 aydan 4 aya \u00e7\u0131kar\u0131lmas\u0131yd\u0131. Peki, telafi \u00e7al\u0131\u015fma s\u00fcresi nedir? Detaylar yaz\u0131m\u0131zda\u2026 Telafi \u00e7al\u0131\u015fma s\u00fcresi nedir? Telafi \u00e7al\u0131\u015fma [&hellip;]<\/p>\n<!-- templates\/buttons-placeholder.php -->\n<div class=\"da-reactions-outer TpostID13458\">\n\t    <div class=\"da-reactions-data da-reactions-container-async center\"\n         data-type=\"post\"\n         data-id=\"13458\"\n         id=\"da-reactions-slot-post-13458\">\n        <div class=\"da-reactions-static\">\n\t\t\t<img src=\"https:\/\/www.kariyer.net\/kariyer-rehberi\/wp-content\/plugins\/da-reactions\/assets\/dist\/loading.svg\" alt=\"Loading spinner\" width=\"48\" height=\"48\" style=\"width:48px\" \/>\n        <\/div>\n    <\/div>\n<\/div>\n","protected":false},"author":12,"featured_media":13461,"comment_status":"open","ping_status":"open","sticky":false,"template":"","format":"standard","meta":{"footnotes":"","_elementor_edit_mode":"","_elementor_template_type":"","_elementor_data":"","_elementor_page_settings":null,"_elementor_conditions":[]},"categories":[2214],"tags":[1486,1491,1487,1503,1504],"class_list":{"0":"post-13458","1":"post","2":"type-post","3":"status-publish","4":"format-standard","5":"has-post-thumbnail","7":"category-yasam","8":"tag-corona","9":"tag-corona-virusu","10":"tag-koronavirus","11":"tag-telafi-calisma","12":"tag-telafi-calisma-suresi"},"yoast_head":"<!-- This site is optimized with the Yoast SEO Premium plugin v21.4 (Yoast SEO v27.0) - https:\/\/yoast.com\/product\/yoast-seo-premium-wordpress\/ -->\n<title>Telafi \u00e7al\u0131\u015fma s\u00fcresi 2 aydan 4 aya \u00e7\u0131kar\u0131ld\u0131 | Kariyer Rehberi<\/title>\n<meta name=\"description\" content=\"Corona vir\u00fcs\u00fc salg\u0131n\u0131 hayat\u0131n t\u00fcm alan\u0131n\u0131 etkilerken, devletler de bu kriz ortam\u0131n\u0131n yaratt\u0131\u011f\u0131 olumsuz etkileri azaltmak i\u00e7in \u00e7e\u015fitli \u00f6nlemler almaya\" \/>\n<meta name=\"robots\" content=\"index, follow, max-snippet:-1, max-image-preview:large, max-video-preview:-1\" \/>\n<link rel=\"canonical\" href=\"https:\/\/www.kariyer.net\/kariyer-rehberi\/telafi-calisma-suresi-2-aydan-4-aya-cikarildi\/\" \/>\n<meta property=\"og:locale\" content=\"tr_TR\" \/>\n<meta property=\"og:type\" content=\"article\" \/>\n<meta property=\"og:title\" content=\"Telafi \u00e7al\u0131\u015fma s\u00fcresi 2 aydan 4 aya \u00e7\u0131kar\u0131ld\u0131\" \/>\n<meta property=\"og:description\" content=\"Corona vir\u00fcs\u00fc salg\u0131n\u0131 hayat\u0131n t\u00fcm alan\u0131n\u0131 etkilerken, devletler de bu kriz ortam\u0131n\u0131n yaratt\u0131\u011f\u0131 olumsuz etkileri azaltmak i\u00e7in \u00e7e\u015fitli \u00f6nlemler almaya\" \/>\n<meta property=\"og:url\" content=\"https:\/\/www.kariyer.net\/kariyer-rehberi\/telafi-calisma-suresi-2-aydan-4-aya-cikarildi\/\" \/>\n<meta property=\"og:site_name\" content=\"Kariyer Rehberi\" \/>\n<meta property=\"article:published_time\" content=\"2020-03-21T17:40:26+00:00\" \/>\n<meta property=\"article:modified_time\" content=\"2024-08-08T18:09:33+00:00\" \/>\n<meta property=\"og:image\" content=\"https:\/\/www.kariyer.net\/kariyer-rehberi\/wp-content\/uploads\/2020\/03\/iStock-1039398066.jpg\" \/>\n\t<meta property=\"og:image:width\" content=\"900\" \/>\n\t<meta property=\"og:image:height\" content=\"600\" \/>\n\t<meta property=\"og:image:type\" content=\"image\/jpeg\" \/>\n<meta name=\"author\" content=\"Edit\u00f6r\" \/>\n<meta name=\"twitter:card\" content=\"summary_large_image\" \/>\n<meta name=\"twitter:label1\" content=\"Yazan:\" \/>\n\t<meta name=\"twitter:data1\" content=\"Edit\u00f6r\" \/>\n\t<meta name=\"twitter:label2\" content=\"Tahmini okuma s\u00fcresi\" \/>\n\t<meta name=\"twitter:data2\" content=\"2 dakika\" \/>\n<!-- \/ Yoast SEO Premium plugin. -->","yoast_head_json":{"title":"Telafi \u00e7al\u0131\u015fma s\u00fcresi 2 aydan 4 aya \u00e7\u0131kar\u0131ld\u0131 | Kariyer Rehberi","description":"Corona vir\u00fcs\u00fc salg\u0131n\u0131 hayat\u0131n t\u00fcm alan\u0131n\u0131 etkilerken, devletler de bu kriz ortam\u0131n\u0131n yaratt\u0131\u011f\u0131 olumsuz etkileri azaltmak i\u00e7in \u00e7e\u015fitli \u00f6nlemler almaya","robots":{"index":"index","follow":"follow","max-snippet":"max-snippet:-1","max-image-preview":"max-image-preview:large","max-video-preview":"max-video-preview:-1"},"canonical":"https:\/\/www.kariyer.net\/kariyer-rehberi\/telafi-calisma-suresi-2-aydan-4-aya-cikarildi\/","og_locale":"tr_TR","og_type":"article","og_title":"Telafi \u00e7al\u0131\u015fma s\u00fcresi 2 aydan 4 aya \u00e7\u0131kar\u0131ld\u0131","og_description":"Corona vir\u00fcs\u00fc salg\u0131n\u0131 hayat\u0131n t\u00fcm alan\u0131n\u0131 etkilerken, devletler de bu kriz ortam\u0131n\u0131n yaratt\u0131\u011f\u0131 olumsuz etkileri azaltmak i\u00e7in \u00e7e\u015fitli \u00f6nlemler almaya","og_url":"https:\/\/www.kariyer.net\/kariyer-rehberi\/telafi-calisma-suresi-2-aydan-4-aya-cikarildi\/","og_site_name":"Kariyer Rehberi","article_published_time":"2020-03-21T17:40:26+00:00","article_modified_time":"2024-08-08T18:09:33+00:00","og_image":[{"width":900,"height":600,"url":"https:\/\/www.kariyer.net\/kariyer-rehberi\/wp-content\/uploads\/2020\/03\/iStock-1039398066.jpg","type":"image\/jpeg"}],"author":"Edit\u00f6r","twitter_card":"summary_large_image","twitter_misc":{"Yazan:":"Edit\u00f6r","Tahmini okuma s\u00fcresi":"2 dakika"},"schema":{"@context":"https:\/\/schema.org","@graph":[{"@type":"Article","@id":"https:\/\/www.kariyer.net\/kariyer-rehberi\/telafi-calisma-suresi-2-aydan-4-aya-cikarildi\/#article","isPartOf":{"@id":"https:\/\/www.kariyer.net\/kariyer-rehberi\/telafi-calisma-suresi-2-aydan-4-aya-cikarildi\/"},"author":{"name":"Edit\u00f6r","@id":"https:\/\/www.kariyer.net\/kariyer-rehberi\/#\/schema\/person\/94fd6e49c7ff1b1b2565a2cc4fd685dd"},"headline":"Telafi \u00e7al\u0131\u015fma s\u00fcresi 2 aydan 4 aya \u00e7\u0131kar\u0131ld\u0131","datePublished":"2020-03-21T17:40:26+00:00","dateModified":"2024-08-08T18:09:33+00:00","mainEntityOfPage":{"@id":"https:\/\/www.kariyer.net\/kariyer-rehberi\/telafi-calisma-suresi-2-aydan-4-aya-cikarildi\/"},"wordCount":344,"commentCount":0,"publisher":{"@id":"https:\/\/www.kariyer.net\/kariyer-rehberi\/#organization"},"image":{"@id":"https:\/\/www.kariyer.net\/kariyer-rehberi\/telafi-calisma-suresi-2-aydan-4-aya-cikarildi\/#primaryimage"},"thumbnailUrl":"https:\/\/www.kariyer.net\/kariyer-rehberi\/wp-content\/uploads\/2020\/03\/iStock-1039398066.jpg","keywords":["Corona","corona vir\u00fcs\u00fc","koronavir\u00fcs","telafi \u00e7al\u0131\u015fma","telafi \u00e7al\u0131\u015fma s\u00fcresi"],"articleSection":["Ya\u015fam"],"inLanguage":"tr","potentialAction":[{"@type":"CommentAction","name":"Comment","target":["https:\/\/www.kariyer.net\/kariyer-rehberi\/telafi-calisma-suresi-2-aydan-4-aya-cikarildi\/#respond"]}]},{"@type":"WebPage","@id":"https:\/\/www.kariyer.net\/kariyer-rehberi\/telafi-calisma-suresi-2-aydan-4-aya-cikarildi\/","url":"https:\/\/www.kariyer.net\/kariyer-rehberi\/telafi-calisma-suresi-2-aydan-4-aya-cikarildi\/","name":"Telafi \u00e7al\u0131\u015fma s\u00fcresi 2 aydan 4 aya \u00e7\u0131kar\u0131ld\u0131 | Kariyer Rehberi","isPartOf":{"@id":"https:\/\/www.kariyer.net\/kariyer-rehberi\/#website"},"primaryImageOfPage":{"@id":"https:\/\/www.kariyer.net\/kariyer-rehberi\/telafi-calisma-suresi-2-aydan-4-aya-cikarildi\/#primaryimage"},"image":{"@id":"https:\/\/www.kariyer.net\/kariyer-rehberi\/telafi-calisma-suresi-2-aydan-4-aya-cikarildi\/#primaryimage"},"thumbnailUrl":"https:\/\/www.kariyer.net\/kariyer-rehberi\/wp-content\/uploads\/2020\/03\/iStock-1039398066.jpg","datePublished":"2020-03-21T17:40:26+00:00","dateModified":"2024-08-08T18:09:33+00:00","description":"Corona vir\u00fcs\u00fc salg\u0131n\u0131 hayat\u0131n t\u00fcm alan\u0131n\u0131 etkilerken, devletler de bu kriz ortam\u0131n\u0131n yaratt\u0131\u011f\u0131 olumsuz etkileri azaltmak i\u00e7in \u00e7e\u015fitli \u00f6nlemler almaya","breadcrumb":{"@id":"https:\/\/www.kariyer.net\/kariyer-rehberi\/telafi-calisma-suresi-2-aydan-4-aya-cikarildi\/#breadcrumb"},"inLanguage":"tr","potentialAction":[{"@type":"ReadAction","target":["https:\/\/www.kariyer.net\/kariyer-rehberi\/telafi-calisma-suresi-2-aydan-4-aya-cikarildi\/"]}]},{"@type":"ImageObject","inLanguage":"tr","@id":"https:\/\/www.kariyer.net\/kariyer-rehberi\/telafi-calisma-suresi-2-aydan-4-aya-cikarildi\/#primaryimage","url":"https:\/\/www.kariyer.net\/kariyer-rehberi\/wp-content\/uploads\/2020\/03\/iStock-1039398066.jpg","contentUrl":"https:\/\/www.kariyer.net\/kariyer-rehberi\/wp-content\/uploads\/2020\/03\/iStock-1039398066.jpg","width":900,"height":600},{"@type":"BreadcrumbList","@id":"https:\/\/www.kariyer.net\/kariyer-rehberi\/telafi-calisma-suresi-2-aydan-4-aya-cikarildi\/#breadcrumb","itemListElement":[{"@type":"ListItem","position":1,"name":"Anasayfa","item":"https:\/\/www.kariyer.net\/kariyer-rehberi\/"},{"@type":"ListItem","position":2,"name":"Telafi \u00e7al\u0131\u015fma s\u00fcresi 2 aydan 4 aya \u00e7\u0131kar\u0131ld\u0131"}]},{"@type":"WebSite","@id":"https:\/\/www.kariyer.net\/kariyer-rehberi\/#website","url":"https:\/\/www.kariyer.net\/kariyer-rehberi\/","name":"Kariyer Rehberi","description":"\u0130\u015f D\u00fcnyas\u0131yla \u0130lgili Bilmek \u0130stedi\u011finiz Her \u015eey","publisher":{"@id":"https:\/\/www.kariyer.net\/kariyer-rehberi\/#organization"},"potentialAction":[{"@type":"SearchAction","target":{"@type":"EntryPoint","urlTemplate":"https:\/\/www.kariyer.net\/kariyer-rehberi\/?s={search_term_string}"},"query-input":{"@type":"PropertyValueSpecification","valueRequired":true,"valueName":"search_term_string"}}],"inLanguage":"tr"},{"@type":"Organization","@id":"https:\/\/www.kariyer.net\/kariyer-rehberi\/#organization","name":"Kariyer.net","url":"https:\/\/www.kariyer.net\/kariyer-rehberi\/","logo":{"@type":"ImageObject","inLanguage":"tr","@id":"https:\/\/www.kariyer.net\/kariyer-rehberi\/#\/schema\/logo\/image\/","url":"https:\/\/www.kariyer.net\/kariyer-rehberi-new\/wp-content\/uploads\/2023\/01\/og-image11.jpg","contentUrl":"https:\/\/www.kariyer.net\/kariyer-rehberi-new\/wp-content\/uploads\/2023\/01\/og-image11.jpg","width":800,"height":800,"caption":"Kariyer.net"},"image":{"@id":"https:\/\/www.kariyer.net\/kariyer-rehberi\/#\/schema\/logo\/image\/"}},{"@type":"Person","@id":"https:\/\/www.kariyer.net\/kariyer-rehberi\/#\/schema\/person\/94fd6e49c7ff1b1b2565a2cc4fd685dd","name":"Edit\u00f6r","image":{"@type":"ImageObject","inLanguage":"tr","@id":"https:\/\/www.kariyer.net\/kariyer-rehberi\/#\/schema\/person\/image\/","url":"https:\/\/secure.gravatar.com\/avatar\/0c4fe6688343aed3693b15573beae12c08ace5565409d5ab7509bf9c115f458d?s=96&d=mm&r=g","contentUrl":"https:\/\/secure.gravatar.com\/avatar\/0c4fe6688343aed3693b15573beae12c08ace5565409d5ab7509bf9c115f458d?s=96&d=mm&r=g","caption":"Edit\u00f6r"},"url":"https:\/\/www.kariyer.net\/kariyer-rehberi\/author\/editor\/"}]}},"_links":{"self":[{"href":"https:\/\/www.kariyer.net\/kariyer-rehberi\/wp-json\/wp\/v2\/posts\/13458","targetHints":{"allow":["GET"]}}],"collection":[{"href":"https:\/\/www.kariyer.net\/kariyer-rehberi\/wp-json\/wp\/v2\/posts"}],"about":[{"href":"https:\/\/www.kariyer.net\/kariyer-rehberi\/wp-json\/wp\/v2\/types\/post"}],"author":[{"embeddable":true,"href":"https:\/\/www.kariyer.net\/kariyer-rehberi\/wp-json\/wp\/v2\/users\/12"}],"replies":[{"embeddable":true,"href":"https:\/\/www.kariyer.net\/kariyer-rehberi\/wp-json\/wp\/v2\/comments?post=13458"}],"version-history":[{"count":1,"href":"https:\/\/www.kariyer.net\/kariyer-rehberi\/wp-json\/wp\/v2\/posts\/13458\/revisions"}],"predecessor-version":[{"id":20616,"href":"https:\/\/www.kariyer.net\/kariyer-rehberi\/wp-json\/wp\/v2\/posts\/13458\/revisions\/20616"}],"wp:featuredmedia":[{"embeddable":true,"href":"https:\/\/www.kariyer.net\/kariyer-rehberi\/wp-json\/wp\/v2\/media\/13461"}],"wp:attachment":[{"href":"https:\/\/www.kariyer.net\/kariyer-rehberi\/wp-json\/wp\/v2\/media?parent=13458"}],"wp:term":[{"taxonomy":"category","embeddable":true,"href":"https:\/\/www.kariyer.net\/kariyer-rehberi\/wp-json\/wp\/v2\/categories?post=13458"},{"taxonomy":"post_tag","embeddable":true,"href":"https:\/\/www.kariyer.net\/kariyer-rehberi\/wp-json\/wp\/v2\/tags?post=13458"}],"curies":[{"name":"wp","href":"https:\/\/api.w.org\/{rel}","templated":true}]}}