{"id":13469,"date":"2020-03-25T16:50:48","date_gmt":"2020-03-25T13:50:48","guid":{"rendered":"https:\/\/www.kariyer.net\/kariyer-rehberi\/?p=13469"},"modified":"2024-08-08T21:09:33","modified_gmt":"2024-08-08T18:09:33","slug":"kendi-yasam-kocun-olmak-ister-misin","status":"publish","type":"post","link":"https:\/\/www.kariyer.net\/kariyer-rehberi\/kendi-yasam-kocun-olmak-ister-misin\/","title":{"rendered":"Kendi ya\u015fam ko\u00e7un olmak ister misin?"},"content":{"rendered":"<p><strong>D\u00fcnyadaki geli\u015fmeler, kendi hayat\u0131m\u0131zda kar\u015f\u0131la\u015ft\u0131\u011f\u0131m\u0131z durum ve olaylar zaman zaman enerjimizi d\u00fc\u015f\u00fcrmemize neden olabiliyor. D\u00fcnya olarak ge\u00e7irdi\u011fimiz bu tedirgin edici g\u00fcnlerde kendimizle olan ba\u011f\u0131m\u0131z\u0131 g\u00fc\u00e7lendirmek, bu s\u00fcreci hem kendimiz hem de \u00e7evremizdeki ki\u015filer i\u00e7in daha rahat atlatmam\u0131z\u0131 sa\u011flayabilir?<\/strong><\/p>\n<p>E\u011fer sen de;<\/p>\n<p>\u2981 Kendimi tedirgin hissediyorum.<\/p>\n<p>\u2981 Bilin\u00e7li kararlar almak konusunda zorluk \u00e7ekiyorum.<\/p>\n<p>\u2981 Odaklanmam gereken konulara odaklanam\u0131yorum.<\/p>\n<p>\u2981 Gelece\u011fin daha iyi olaca\u011f\u0131n\u0131 d\u00fc\u015f\u00fcnemiyorum.<\/p>\n<p>\u2981 Hayat\u0131m\u0131n hangi y\u00f6ne gitti\u011fini kestiremiyorum.<\/p>\n<p>\u2981 Etraf\u0131mda olan olaylar\u0131 kontrol edemedi\u011fimi hissediyorum gibi sorular\u0131 zaman zaman kendine soruyorsan, kendin i\u00e7in bir \u015feyler yapman\u0131n vakti geldi demektir.<\/p>\n<h2><strong>Ko\u00e7luk bu d\u00f6nemde neden \u00f6nemli? <\/strong><\/h2>\n<p>Ko\u00e7luk; i\u00e7 kaynaklar\u0131m\u0131zla ba\u011flant\u0131 kurmam\u0131za, ihtiyac\u0131m\u0131z olan\u0131 yine kendi i\u00e7imizde bulmam\u0131za ve d\u00fc\u015f\u00fcnce g\u00fcc\u00fcm\u00fcz\u00fc geri kazanarak bilin\u00e7li se\u00e7imler yapmam\u0131za olanak tan\u0131r.<\/p>\n<p>Fazlas\u0131yla bilgiye maruz kald\u0131\u011f\u0131m\u0131z, belirsizli\u011fin getirdi\u011fi korku ve endi\u015feyi hissetti\u011fimiz bu d\u00f6nemde, ko\u00e7luk alarak zihnimizi kar\u0131\u015ft\u0131ran d\u00fc\u015f\u00fcncelerden kendimizi ar\u0131nd\u0131rabilir ve ger\u00e7ekten bizim i\u00e7in \u00f6nemli olana odaklanarak etkin kararlar verebiliriz.<\/p>\n<p>Her ne kadar farkl\u0131 ve bilinmez bir s\u00fcre\u00e7te olsak da bu durumdan faydalanmak yine bizim se\u00e7imimiz. Unutmayal\u0131m ki farkl\u0131 \u015fekilde d\u00fc\u015f\u00fcnmeyi se\u00e7ebiliriz\u2026<\/p>\n<h2><strong>Ko\u00e7luk alman\u0131n faydalar\u0131 nelerdir? <\/strong><\/h2>\n<p>\u2981 Ki\u015finin i\u00e7 kaynaklar\u0131yla ba\u011f kurmas\u0131n\u0131 ve eyleme ge\u00e7mesini engelleyen fakt\u00f6rleri fark etmesi sa\u011flar,<\/p>\n<p>\u2981 Hayat amac\u0131na uygun bir hayat ya\u015famak i\u00e7in gerekli fark\u0131ndal\u0131k ve bilin\u00e7 d\u00fczeyine ula\u015f\u0131lmas\u0131na olanak tan\u0131r,<\/p>\n<p>\u2981 Motivasyon ve kararl\u0131l\u0131\u011f\u0131 artt\u0131r\u0131r,<\/p>\n<p>\u2981 Bilin\u00e7li karar vermeyi sa\u011flar,<\/p>\n<p>\u2981 \u00d6zg\u00fcven ve cesareti artt\u0131r\u0131r,<\/p>\n<p>\u2981 Etkin ileti\u015fim kurmay\u0131 ve ili\u015fkileri geli\u015ftirmeyi kolayla\u015ft\u0131r\u0131r,<\/p>\n<p>\u2981 Yarat\u0131c\u0131l\u0131k ve sorun \u00e7\u00f6zme becerisi kazand\u0131r\u0131r.<\/p>\n<h2><strong>Ko\u00e7luk nedir? Ne de\u011fildir?<\/strong><\/h2>\n<p>Ko\u00e7luk, ki\u015fide fark\u0131ndal\u0131k yaratarak kendi i\u00e7 kaynaklar\u0131n\u0131 bulmas\u0131n\u0131 ve do\u011fru kullanmas\u0131n\u0131 sa\u011flamakt\u0131r. \u0130\u00e7sel motivasyonu y\u00fckselen ki\u015fi, fark\u0131na vard\u0131\u011f\u0131 konular\u0131 de\u011fi\u015ftirmek i\u00e7in hedef belirler ve o do\u011frultuda ilerlemeye ba\u015flar.<\/p>\n<h2><strong>Peki, ko\u00e7luk ne de\u011fildir?<\/strong><\/h2>\n<p>Ko\u00e7; bir dan\u0131\u015fman, psikolog veya terapist de\u011fildir. Psikologun alan\u0131na ko\u00e7 giremez, ko\u00e7un s\u0131n\u0131rlar\u0131 belirlidir. Terapi bireyin ge\u00e7mi\u015fi ile ilgilenir. Ko\u00e7luk an\u2019da var olana odaklanarak, gelece\u011fe do\u011fru bireyin\u00a0 ilerlenmesini sa\u011flar. Ko\u00e7 asla \u00f6nerilerde bulunmaz, tavsiye vermez. Ki\u015finin sorularla kendini bulmas\u0131n\u0131 sa\u011flar. Ko\u00e7 ge\u00e7mi\u015fe de\u011fil, gelece\u011fe odaklan\u0131r.<\/p>\n<h2><strong>Co-Active ko\u00e7luk nedir? <\/strong><\/h2>\n<p>Co-Active model g\u00fc\u00e7l\u00fc bir yap\u0131 olarak ko\u00e7luk s\u00fcrecinde bireylerin kendi cevaplar\u0131n\u0131 bulmas\u0131n\u0131, kaynaklar\u0131n\u0131 verimli bir \u015fekilde kullanmas\u0131n\u0131, g\u00fc\u00e7l\u00fc ili\u015fkiler kurmas\u0131n\u0131, yarat\u0131c\u0131l\u0131\u011f\u0131n\u0131 devreye sokabilmesini ve eyleme ge\u00e7mesini sa\u011flar.<\/p>\n<p>Ko\u00e7luk hakk\u0131nda detayl\u0131 bilgi almak istersen <strong><a href=\"https:\/\/koclukzamani.blogspot.com\/\" target=\"_blank\" rel=\"noopener noreferrer\">buraya<\/a><\/strong> t\u0131klayabilirsin.<\/p>\n<!-- templates\/buttons-placeholder.php -->\n<div class=\"da-reactions-outer TpostID13469\">\n\t    <div class=\"da-reactions-data da-reactions-container-async center\"\n         data-type=\"post\"\n         data-id=\"13469\"\n         id=\"da-reactions-slot-post-13469\">\n        <div class=\"da-reactions-static\">\n\t\t\t<img src=\"https:\/\/www.kariyer.net\/kariyer-rehberi\/wp-content\/plugins\/da-reactions\/assets\/dist\/loading.svg\" alt=\"Loading spinner\" width=\"48\" height=\"48\" style=\"width:48px\" \/>\n        <\/div>\n    <\/div>\n<\/div>\n","protected":false},"excerpt":{"rendered":"<p>D\u00fcnyadaki geli\u015fmeler, kendi hayat\u0131m\u0131zda kar\u015f\u0131la\u015ft\u0131\u011f\u0131m\u0131z durum ve olaylar zaman zaman enerjimizi d\u00fc\u015f\u00fcrmemize neden olabiliyor. D\u00fcnya olarak ge\u00e7irdi\u011fimiz bu tedirgin edici g\u00fcnlerde kendimizle olan ba\u011f\u0131m\u0131z\u0131 g\u00fc\u00e7lendirmek, bu s\u00fcreci hem kendimiz hem de \u00e7evremizdeki ki\u015filer i\u00e7in daha rahat atlatmam\u0131z\u0131 sa\u011flayabilir? E\u011fer sen de; \u2981 Kendimi tedirgin hissediyorum. \u2981 Bilin\u00e7li kararlar almak konusunda zorluk \u00e7ekiyorum. \u2981 Odaklanmam gereken [&hellip;]<\/p>\n<!-- templates\/buttons-placeholder.php -->\n<div class=\"da-reactions-outer TpostID13469\">\n\t    <div class=\"da-reactions-data da-reactions-container-async center\"\n         data-type=\"post\"\n         data-id=\"13469\"\n         id=\"da-reactions-slot-post-13469\">\n        <div class=\"da-reactions-static\">\n\t\t\t<img src=\"https:\/\/www.kariyer.net\/kariyer-rehberi\/wp-content\/plugins\/da-reactions\/assets\/dist\/loading.svg\" alt=\"Loading spinner\" width=\"48\" height=\"48\" style=\"width:48px\" \/>\n        <\/div>\n    <\/div>\n<\/div>\n","protected":false},"author":12,"featured_media":13472,"comment_status":"open","ping_status":"open","sticky":false,"template":"","format":"standard","meta":{"footnotes":"","_elementor_edit_mode":"","_elementor_template_type":"","_elementor_data":"","_elementor_page_settings":null,"_elementor_conditions":[]},"categories":[2211,2214],"tags":[],"class_list":{"0":"post-13469","1":"post","2":"type-post","3":"status-publish","4":"format-standard","5":"has-post-thumbnail","7":"category-kariyer-gelisimi","8":"category-yasam"},"yoast_head":"<!-- This site is optimized with the Yoast SEO Premium plugin v21.4 (Yoast SEO v27.0) - https:\/\/yoast.com\/product\/yoast-seo-premium-wordpress\/ -->\n<title>Kendi ya\u015fam ko\u00e7un olmak ister misin? | Kariyer Rehberi<\/title>\n<meta name=\"description\" content=\"D\u00fcnyadaki geli\u015fmeler, kendi hayat\u0131m\u0131zda kar\u015f\u0131la\u015ft\u0131\u011f\u0131m\u0131z durum ve olaylar zaman zaman enerjimizi d\u00fc\u015f\u00fcrmemize neden olabiliyor. D\u00fcnya olarak ge\u00e7irdi\u011fimiz bu\" \/>\n<meta name=\"robots\" content=\"index, follow, max-snippet:-1, max-image-preview:large, max-video-preview:-1\" \/>\n<link rel=\"canonical\" href=\"https:\/\/www.kariyer.net\/kariyer-rehberi\/kendi-yasam-kocun-olmak-ister-misin\/\" \/>\n<meta property=\"og:locale\" content=\"tr_TR\" \/>\n<meta property=\"og:type\" content=\"article\" \/>\n<meta property=\"og:title\" content=\"Kendi ya\u015fam ko\u00e7un olmak ister misin?\" \/>\n<meta property=\"og:description\" content=\"D\u00fcnyadaki geli\u015fmeler, kendi hayat\u0131m\u0131zda kar\u015f\u0131la\u015ft\u0131\u011f\u0131m\u0131z durum ve olaylar zaman zaman enerjimizi d\u00fc\u015f\u00fcrmemize neden olabiliyor. D\u00fcnya olarak ge\u00e7irdi\u011fimiz bu\" \/>\n<meta property=\"og:url\" content=\"https:\/\/www.kariyer.net\/kariyer-rehberi\/kendi-yasam-kocun-olmak-ister-misin\/\" \/>\n<meta property=\"og:site_name\" content=\"Kariyer Rehberi\" \/>\n<meta property=\"article:published_time\" content=\"2020-03-25T13:50:48+00:00\" \/>\n<meta property=\"article:modified_time\" content=\"2024-08-08T18:09:33+00:00\" \/>\n<meta property=\"og:image\" content=\"https:\/\/www.kariyer.net\/kariyer-rehberi\/wp-content\/uploads\/2020\/03\/iStock-927616464.jpg\" \/>\n\t<meta property=\"og:image:width\" content=\"900\" \/>\n\t<meta property=\"og:image:height\" content=\"600\" \/>\n\t<meta property=\"og:image:type\" content=\"image\/jpeg\" \/>\n<meta name=\"author\" content=\"Edit\u00f6r\" \/>\n<meta name=\"twitter:card\" content=\"summary_large_image\" \/>\n<meta name=\"twitter:label1\" content=\"Yazan:\" \/>\n\t<meta name=\"twitter:data1\" content=\"Edit\u00f6r\" \/>\n\t<meta name=\"twitter:label2\" content=\"Tahmini okuma s\u00fcresi\" \/>\n\t<meta name=\"twitter:data2\" content=\"3 dakika\" \/>\n<!-- \/ Yoast SEO Premium plugin. -->","yoast_head_json":{"title":"Kendi ya\u015fam ko\u00e7un olmak ister misin? | Kariyer Rehberi","description":"D\u00fcnyadaki geli\u015fmeler, kendi hayat\u0131m\u0131zda kar\u015f\u0131la\u015ft\u0131\u011f\u0131m\u0131z durum ve olaylar zaman zaman enerjimizi d\u00fc\u015f\u00fcrmemize neden olabiliyor. D\u00fcnya olarak ge\u00e7irdi\u011fimiz bu","robots":{"index":"index","follow":"follow","max-snippet":"max-snippet:-1","max-image-preview":"max-image-preview:large","max-video-preview":"max-video-preview:-1"},"canonical":"https:\/\/www.kariyer.net\/kariyer-rehberi\/kendi-yasam-kocun-olmak-ister-misin\/","og_locale":"tr_TR","og_type":"article","og_title":"Kendi ya\u015fam ko\u00e7un olmak ister misin?","og_description":"D\u00fcnyadaki geli\u015fmeler, kendi hayat\u0131m\u0131zda kar\u015f\u0131la\u015ft\u0131\u011f\u0131m\u0131z durum ve olaylar zaman zaman enerjimizi d\u00fc\u015f\u00fcrmemize neden olabiliyor. D\u00fcnya olarak ge\u00e7irdi\u011fimiz bu","og_url":"https:\/\/www.kariyer.net\/kariyer-rehberi\/kendi-yasam-kocun-olmak-ister-misin\/","og_site_name":"Kariyer Rehberi","article_published_time":"2020-03-25T13:50:48+00:00","article_modified_time":"2024-08-08T18:09:33+00:00","og_image":[{"width":900,"height":600,"url":"https:\/\/www.kariyer.net\/kariyer-rehberi\/wp-content\/uploads\/2020\/03\/iStock-927616464.jpg","type":"image\/jpeg"}],"author":"Edit\u00f6r","twitter_card":"summary_large_image","twitter_misc":{"Yazan:":"Edit\u00f6r","Tahmini okuma s\u00fcresi":"3 dakika"},"schema":{"@context":"https:\/\/schema.org","@graph":[{"@type":"Article","@id":"https:\/\/www.kariyer.net\/kariyer-rehberi\/kendi-yasam-kocun-olmak-ister-misin\/#article","isPartOf":{"@id":"https:\/\/www.kariyer.net\/kariyer-rehberi\/kendi-yasam-kocun-olmak-ister-misin\/"},"author":{"name":"Edit\u00f6r","@id":"https:\/\/www.kariyer.net\/kariyer-rehberi\/#\/schema\/person\/94fd6e49c7ff1b1b2565a2cc4fd685dd"},"headline":"Kendi ya\u015fam ko\u00e7un olmak ister misin?","datePublished":"2020-03-25T13:50:48+00:00","dateModified":"2024-08-08T18:09:33+00:00","mainEntityOfPage":{"@id":"https:\/\/www.kariyer.net\/kariyer-rehberi\/kendi-yasam-kocun-olmak-ister-misin\/"},"wordCount":519,"commentCount":0,"publisher":{"@id":"https:\/\/www.kariyer.net\/kariyer-rehberi\/#organization"},"image":{"@id":"https:\/\/www.kariyer.net\/kariyer-rehberi\/kendi-yasam-kocun-olmak-ister-misin\/#primaryimage"},"thumbnailUrl":"https:\/\/www.kariyer.net\/kariyer-rehberi\/wp-content\/uploads\/2020\/03\/iStock-927616464.jpg","articleSection":["Kariyer Geli\u015fimi","Ya\u015fam"],"inLanguage":"tr","potentialAction":[{"@type":"CommentAction","name":"Comment","target":["https:\/\/www.kariyer.net\/kariyer-rehberi\/kendi-yasam-kocun-olmak-ister-misin\/#respond"]}]},{"@type":"WebPage","@id":"https:\/\/www.kariyer.net\/kariyer-rehberi\/kendi-yasam-kocun-olmak-ister-misin\/","url":"https:\/\/www.kariyer.net\/kariyer-rehberi\/kendi-yasam-kocun-olmak-ister-misin\/","name":"Kendi ya\u015fam ko\u00e7un olmak ister misin? | Kariyer Rehberi","isPartOf":{"@id":"https:\/\/www.kariyer.net\/kariyer-rehberi\/#website"},"primaryImageOfPage":{"@id":"https:\/\/www.kariyer.net\/kariyer-rehberi\/kendi-yasam-kocun-olmak-ister-misin\/#primaryimage"},"image":{"@id":"https:\/\/www.kariyer.net\/kariyer-rehberi\/kendi-yasam-kocun-olmak-ister-misin\/#primaryimage"},"thumbnailUrl":"https:\/\/www.kariyer.net\/kariyer-rehberi\/wp-content\/uploads\/2020\/03\/iStock-927616464.jpg","datePublished":"2020-03-25T13:50:48+00:00","dateModified":"2024-08-08T18:09:33+00:00","description":"D\u00fcnyadaki geli\u015fmeler, kendi hayat\u0131m\u0131zda kar\u015f\u0131la\u015ft\u0131\u011f\u0131m\u0131z durum ve olaylar zaman zaman enerjimizi d\u00fc\u015f\u00fcrmemize neden olabiliyor. D\u00fcnya olarak ge\u00e7irdi\u011fimiz bu","breadcrumb":{"@id":"https:\/\/www.kariyer.net\/kariyer-rehberi\/kendi-yasam-kocun-olmak-ister-misin\/#breadcrumb"},"inLanguage":"tr","potentialAction":[{"@type":"ReadAction","target":["https:\/\/www.kariyer.net\/kariyer-rehberi\/kendi-yasam-kocun-olmak-ister-misin\/"]}]},{"@type":"ImageObject","inLanguage":"tr","@id":"https:\/\/www.kariyer.net\/kariyer-rehberi\/kendi-yasam-kocun-olmak-ister-misin\/#primaryimage","url":"https:\/\/www.kariyer.net\/kariyer-rehberi\/wp-content\/uploads\/2020\/03\/iStock-927616464.jpg","contentUrl":"https:\/\/www.kariyer.net\/kariyer-rehberi\/wp-content\/uploads\/2020\/03\/iStock-927616464.jpg","width":900,"height":600},{"@type":"BreadcrumbList","@id":"https:\/\/www.kariyer.net\/kariyer-rehberi\/kendi-yasam-kocun-olmak-ister-misin\/#breadcrumb","itemListElement":[{"@type":"ListItem","position":1,"name":"Anasayfa","item":"https:\/\/www.kariyer.net\/kariyer-rehberi\/"},{"@type":"ListItem","position":2,"name":"Kendi ya\u015fam ko\u00e7un olmak ister misin?"}]},{"@type":"WebSite","@id":"https:\/\/www.kariyer.net\/kariyer-rehberi\/#website","url":"https:\/\/www.kariyer.net\/kariyer-rehberi\/","name":"Kariyer Rehberi","description":"\u0130\u015f D\u00fcnyas\u0131yla \u0130lgili Bilmek \u0130stedi\u011finiz Her \u015eey","publisher":{"@id":"https:\/\/www.kariyer.net\/kariyer-rehberi\/#organization"},"potentialAction":[{"@type":"SearchAction","target":{"@type":"EntryPoint","urlTemplate":"https:\/\/www.kariyer.net\/kariyer-rehberi\/?s={search_term_string}"},"query-input":{"@type":"PropertyValueSpecification","valueRequired":true,"valueName":"search_term_string"}}],"inLanguage":"tr"},{"@type":"Organization","@id":"https:\/\/www.kariyer.net\/kariyer-rehberi\/#organization","name":"Kariyer.net","url":"https:\/\/www.kariyer.net\/kariyer-rehberi\/","logo":{"@type":"ImageObject","inLanguage":"tr","@id":"https:\/\/www.kariyer.net\/kariyer-rehberi\/#\/schema\/logo\/image\/","url":"https:\/\/www.kariyer.net\/kariyer-rehberi-new\/wp-content\/uploads\/2023\/01\/og-image11.jpg","contentUrl":"https:\/\/www.kariyer.net\/kariyer-rehberi-new\/wp-content\/uploads\/2023\/01\/og-image11.jpg","width":800,"height":800,"caption":"Kariyer.net"},"image":{"@id":"https:\/\/www.kariyer.net\/kariyer-rehberi\/#\/schema\/logo\/image\/"}},{"@type":"Person","@id":"https:\/\/www.kariyer.net\/kariyer-rehberi\/#\/schema\/person\/94fd6e49c7ff1b1b2565a2cc4fd685dd","name":"Edit\u00f6r","image":{"@type":"ImageObject","inLanguage":"tr","@id":"https:\/\/www.kariyer.net\/kariyer-rehberi\/#\/schema\/person\/image\/","url":"https:\/\/secure.gravatar.com\/avatar\/0c4fe6688343aed3693b15573beae12c08ace5565409d5ab7509bf9c115f458d?s=96&d=mm&r=g","contentUrl":"https:\/\/secure.gravatar.com\/avatar\/0c4fe6688343aed3693b15573beae12c08ace5565409d5ab7509bf9c115f458d?s=96&d=mm&r=g","caption":"Edit\u00f6r"},"url":"https:\/\/www.kariyer.net\/kariyer-rehberi\/author\/editor\/"}]}},"_links":{"self":[{"href":"https:\/\/www.kariyer.net\/kariyer-rehberi\/wp-json\/wp\/v2\/posts\/13469","targetHints":{"allow":["GET"]}}],"collection":[{"href":"https:\/\/www.kariyer.net\/kariyer-rehberi\/wp-json\/wp\/v2\/posts"}],"about":[{"href":"https:\/\/www.kariyer.net\/kariyer-rehberi\/wp-json\/wp\/v2\/types\/post"}],"author":[{"embeddable":true,"href":"https:\/\/www.kariyer.net\/kariyer-rehberi\/wp-json\/wp\/v2\/users\/12"}],"replies":[{"embeddable":true,"href":"https:\/\/www.kariyer.net\/kariyer-rehberi\/wp-json\/wp\/v2\/comments?post=13469"}],"version-history":[{"count":1,"href":"https:\/\/www.kariyer.net\/kariyer-rehberi\/wp-json\/wp\/v2\/posts\/13469\/revisions"}],"predecessor-version":[{"id":19471,"href":"https:\/\/www.kariyer.net\/kariyer-rehberi\/wp-json\/wp\/v2\/posts\/13469\/revisions\/19471"}],"wp:featuredmedia":[{"embeddable":true,"href":"https:\/\/www.kariyer.net\/kariyer-rehberi\/wp-json\/wp\/v2\/media\/13472"}],"wp:attachment":[{"href":"https:\/\/www.kariyer.net\/kariyer-rehberi\/wp-json\/wp\/v2\/media?parent=13469"}],"wp:term":[{"taxonomy":"category","embeddable":true,"href":"https:\/\/www.kariyer.net\/kariyer-rehberi\/wp-json\/wp\/v2\/categories?post=13469"},{"taxonomy":"post_tag","embeddable":true,"href":"https:\/\/www.kariyer.net\/kariyer-rehberi\/wp-json\/wp\/v2\/tags?post=13469"}],"curies":[{"name":"wp","href":"https:\/\/api.w.org\/{rel}","templated":true}]}}