{"id":1347,"date":"2010-10-07T03:00:00","date_gmt":"2010-10-07T00:00:00","guid":{"rendered":"http:\/\/92.45.35.169\/zorluklar-karsisinda-pozitif-kalabilen-basarir\/"},"modified":"2024-07-03T14:57:46","modified_gmt":"2024-07-03T11:57:46","slug":"zorluklar-karsisinda-pozitif-kalabilen-basarir","status":"publish","type":"post","link":"https:\/\/www.kariyer.net\/kariyer-rehberi\/zorluklar-karsisinda-pozitif-kalabilen-basarir\/","title":{"rendered":"&#8220;Zorluklar kar\u015f\u0131s\u0131nda pozitif kalabilen ba\u015far\u0131r&#8221;"},"content":{"rendered":"<div><strong><a href=\"http:\/\/www.kariyer.net\/kariyer-rehberi\/wp-content\/uploads\/2010\/10\/leventi.jpg\"><img decoding=\"async\" class=\"size-full wp-image-4620 alignleft\" style=\"margin: 5px;\" alt=\"leventi\" src=\"http:\/\/www.kariyer.net\/kariyer-rehberi\/wp-content\/uploads\/2010\/10\/leventi.jpg\" width=\"290\" height=\"150\" \/><\/a>Conteks\u2019in yeni Genel M\u00fcd\u00fcr\u00fc Levent \u0130\u015feri, her zaman kendine hedefler koyarak \u00e7al\u0131\u015ft\u0131\u011f\u0131n\u0131, bu s\u0131rada moralini hi\u00e7bir \u015feyin bozmas\u0131na izin vermedi\u011fini s\u00f6yl\u00fcyor. \u0130\u015feri, i\u015f hayat\u0131n\u0131n zorlukla dolu ve adaletsiz oldu\u011funu, kariyer s\u00fcrecinde pozitif kalmay\u0131 ba\u015faranlar\u0131n kazand\u0131\u011f\u0131n\u0131 s\u00f6yl\u00fcyor.<\/strong>Uluslararas\u0131 firmalarda sat\u0131\u015f alan\u0131nda \u00e7al\u0131\u015fma hayat\u0131na y\u00f6n veren Levent \u0130\u015feri, yakla\u015f\u0131k 3 ayd\u0131r Conteks Genel M\u00fcd\u00fcrl\u00fc\u011f\u00fc g\u00f6revini y\u00fcr\u00fct\u00fcyor. Sat\u0131\u015f kariyerinde h\u0131rs\u0131 ve azmi sayesinde ad\u0131m ad\u0131m kariyer basamaklar\u0131n\u0131 t\u0131rmanan \u0130\u015feri\u2019nin Converse ve Colombia gibi efsanevi markalara sahip olan Conteks\u2019in genel m\u00fcd\u00fcr\u00fc olmas\u0131 rastlant\u0131 de\u011fil. \u201cHedefim hep hareketli, kararlar\u0131 verme sorumlulu\u011fu olan ve dinamik g\u00f6revlerde \u00e7al\u0131\u015fmakt\u0131\u201d diyen \u0130\u015feri, b\u00fcy\u00fck bir \u015firketin t\u00fcm sat\u0131\u015f\u0131n\u0131n sorumlulu\u011funu alman\u0131n veya s\u0131f\u0131rdan y\u00fcksek sat\u0131\u015flara ula\u015fman\u0131n ki\u015fiye ciddi bir g\u00fcven ve disiplin getirdi\u011fini s\u00f6yl\u00fcyor. Levent \u0130\u015feri, kariyeri ve hedefleri hakk\u0131ndaki sorular\u0131m\u0131z\u0131 yan\u0131tlad\u0131.<\/p>\n<p><strong>Conteks\u2019te \u00e7al\u0131\u015fmaya nas\u0131l ve ne zaman ba\u015flad\u0131n\u0131z? Efsanevi markalar\u0131n y\u00f6netim ekibinin ba\u015f\u0131 olmak nas\u0131l bir duygu?\u00a0 <\/strong>\u00dc\u00e7 aydan fazla bir zaman oldu. Markalar\u0131m\u0131z inan\u0131lmaz zevkli. Rengarenk oyuncak hissi yaratan \u00fcr\u00fcnlerimizin yan\u0131 s\u0131ra elektronik \u00fcr\u00fcn\u00fc kadar detayl\u0131 teknolojisi olan \u00e7e\u015fitlilikte \u00fcr\u00fcn portf\u00f6y\u00fcm\u00fcz var. Converse ve Columbia, ikisi de \u00e7ok g\u00fc\u00e7l\u00fc markalar ve tabi ki bunlar\u0131 temsil etmek gurur verici ve ciddi bir sorumluluk.<br \/>\n<strong><br \/>\n\u0130\u015f hayat\u0131na at\u0131l\u0131rken hangi hedeflerle yola \u00e7\u0131kt\u0131n\u0131z?<\/strong><br \/>\nHedefim hep hareketli, kararlar\u0131 verme sorumlulu\u011fu olan ve dinamik g\u00f6revlerde \u00e7al\u0131\u015fmakt\u0131. Hi\u00e7bir zaman rahat edece\u011fim, bulundu\u011fum g\u00f6revde kalabildi\u011fince kalmak \u00fczerine bir kariyer hayali kurmad\u0131m. Bir \u015feyleri tamamen kendi \u00e7abalar\u0131m ve inisiyatifimle yerine getirmenin pozisyonum ne olursa olsun beni hep mutlu edece\u011fini biliyordum. Hedef veya vizyon sorumlulu\u011fu almaktan da hi\u00e7 ka\u00e7\u0131nmad\u0131m, bu da bana hep \u00fcst d\u00fczey pozisyonlarda g\u00f6rev alma \u015fans\u0131 sa\u011flad\u0131.<\/p>\n<p><strong>Sat\u0131\u015f alan\u0131nda kariyerinize ba\u015flam\u0131\u015fs\u0131n\u0131z, sat\u0131\u015f deneyiminin size en b\u00fcy\u00fck katk\u0131s\u0131 ne oldu?<\/strong>B\u00fcy\u00fck bir \u015firketin t\u00fcm sat\u0131\u015f\u0131n\u0131n sorumlulu\u011funu almak veya s\u0131f\u0131rdan y\u00fcksek sat\u0131\u015flara ula\u015fmak size ciddi bir g\u00fcven ve disiplin getiriyor. T\u00fcm kariyerim boyunca s\u00fcrekli ekipler kurdum ve yeni sistemler getirdim. Bunun bana katk\u0131s\u0131 y\u00f6netim anlam\u0131nda \u00e7ok iyi bir \u00f6ng\u00f6r\u00fc, ekipte \u00e7al\u0131\u015fabilecek insanlar\u0131 hemen tan\u0131mak ve her \u015feyden \u00f6nemlisi kafamda tasarlad\u0131\u011f\u0131m hedefleri ve vizyonu yerine getirmek i\u00e7in stratejik d\u00fc\u015f\u00fcnme yetkinli\u011fi kazand\u0131rmas\u0131 oldu.<\/p>\n<p><strong>Genel m\u00fcd\u00fcr olarak g\u00f6rev yapman\u0131n sizce en b\u00fcy\u00fck zorlu\u011fu nedir?<\/strong>T\u00fcm \u00e7al\u0131\u015fanlar\u0131n\u0131z\u0131n tam sorumlulu\u011funu al\u0131yorsunuz ve ba\u015far\u0131l\u0131 olmak i\u00e7in hi\u00e7bir seviyede duraksama olmamas\u0131n\u0131 sa\u011flaman\u0131z gerekiyor. Bu noktada insan fakt\u00f6r\u00fc en \u00f6nemli ve en zor parametre. Y\u00f6netim kurulunu yap\u0131lacaklar konusunda ikna etmeniz ve ekibinizin sorunsuz ilerledi\u011fini g\u00f6stermeniz gerekiyor.<\/p>\n<\/div>\n<div><strong>Ki\u015fisel ve Conteks i\u00e7in yak\u0131n d\u00f6nem hedeflerinizi \u00f6\u011frenebilir miyiz?<\/strong>Asl\u0131nda \u015fu anda ikisi birbirine \u00e7ok paralel.Conteks spor giyim \u00fcr\u00fcnleri konusunda b\u00f6lgesinde bir dev olma yolunda. Farkl\u0131 \u00fclkelerin de sorumlulu\u011fu bize verildi ve \u00f6n\u00fcm\u00fczdeki 5 y\u0131lda bir\u00e7ok markette bir\u00e7ok markayla \u00e7ok geni\u015f bir alana yay\u0131laca\u011f\u0131z. \u00d6n\u00fcm\u00fczdeki d\u00f6nemde bunlar\u0131 ger\u00e7ekle\u015ftirecek ekibin ba\u015f\u0131nda olmak benim de en b\u00fcy\u00fck hayalim.<\/div>\n<div><strong>\u0130\u015f hayat\u0131nda ba\u015far\u0131l\u0131 olmak i\u00e7in siz neler yapt\u0131n\u0131z ve sizce neler yap\u0131lmal\u0131?<\/strong>Her zaman kendime hedefler koyarak \u00e7al\u0131\u015ft\u0131m ve onlara ula\u015fmaya \u00e7al\u0131\u015f\u0131rken moralimi hi\u00e7bir \u015feyin bozmas\u0131na izin vermedim. Bir de baz\u0131 \u015feyleri ba\u015farma sabr\u0131n\u0131 g\u00f6sterirken bir sonraki ad\u0131m i\u00e7in de haz\u0131rlanma \u00e7al\u0131\u015fkanl\u0131\u011f\u0131n\u0131 ve kendi karar\u0131n\u0131z\u0131 yine kendiniz verme cesaretini g\u00f6stermeniz gerekiyor. Hi\u00e7bir zaman kariyerinizi ba\u015fkas\u0131n\u0131n eline b\u0131rakma veya bekleme gibi bir l\u00fckse kap\u0131lmamak gerekiyor. Bir\u00e7ok zorluklar ya\u015fan\u0131yor ve adil olan bir d\u00fczen de yok ama kariyer s\u00fcrecinde pozitif kalmay\u0131 ve hasar almadan ilerlemeyi ba\u015farabilirseniz sonunda kazanan hep siz oluyorsunuz. San\u0131r\u0131m i\u015f hayat\u0131n\u0131n adaleti ancak bu \u015fekilde ger\u00e7ekle\u015fiyor.<strong>Kendinizi y\u00f6netici olarak nas\u0131l de\u011ferlendiriyorsunuz?<\/strong>Benim hem sosyal hem analitik y\u00f6n\u00fcm g\u00fc\u00e7l\u00fc. Ekibimle arkada\u015f olmay\u0131, e\u011flenmeyi, omuz omuza olmay\u0131 severim. Herkesi dinlerim ancak hedeflendirme ve bunlara ula\u015f\u0131lma konusunda kendim de dahil hi\u00e7 kimseye taviz vermeyi kabul etmem. K\u0131saca insan ili\u015fkilerinde yumu\u015fak, i\u015f konusunda sert miza\u00e7l\u0131y\u0131m diyebiliriz.<\/p>\n<p><strong>\u00c7al\u0131\u015fan se\u00e7iminizde ne gibi kriterlere \u00f6nem veriyorsunuz? \u00c7al\u0131\u015fanlar\u0131n\u0131zdan beklentileriniz neler? <\/strong>Birlikte \u00e7al\u0131\u015faca\u011f\u0131m ki\u015filerde pozitiflik, sorumluluk ve yetkinli\u011fi mutlaka g\u00f6rmem gerekiyor. \u00c7al\u0131\u015fanlar\u0131m\u0131zdan beklentimiz y\u00fczde y\u00fcz d\u00fcr\u00fcstl\u00fck ve \u015firket de\u011ferlerine sonuna kadar sahip \u00e7\u0131kmalar\u0131.<\/p>\n<p><strong>Sekt\u00f6r olarak ne gibi i\u015f imkanlar\u0131 sunuyorsunuz, yak\u0131n gelecekte daha da \u00f6nem kazanaca\u011f\u0131n\u0131 d\u00fc\u015f\u00fcnd\u00fc\u011f\u00fcn\u00fcz pozisyonlar hangileri?<\/strong>Sekt\u00f6r olarak sat\u0131\u015f ve pazarlamadan perakende y\u00f6netimine kadar bir \u00e7ok alanda i\u015f imkan\u0131 sunuyoruz. \u00d6zellikle perakende y\u00f6netimi ve sat\u0131\u015f art\u0131r\u0131c\u0131 aktivitelerin y\u00f6netilmesi gibi konular\u0131n ileride \u00f6nem kazanaca\u011f\u0131na inan\u0131yorum. \u00d6zellikle sekt\u00f6rde d\u00fczenli ticari pazarlama \u00e7ok zay\u0131f bu pozisyon ileride sekt\u00f6r i\u00e7inde \u00f6nemini art\u0131racak.<\/p>\n<p><strong>Yo\u011fun temponuz i\u00e7inde \u00f6zel ya\u015fam\u0131n\u0131za yeterli zaman\u0131 ay\u0131rabiliyor musunuz?<\/strong><br \/>\nHaftada yakla\u015f\u0131k 70 saat \u00e7al\u0131\u015f\u0131rken bu dengeyi kurmak ger\u00e7ekten kolay olmuyor. 4 ya\u015f\u0131nda bir k\u0131z\u0131m var ve ona t\u00fcm bo\u015f zaman\u0131m\u0131 da versem yeterli gelmiyor.<\/p>\n<p><strong>\u0130\u015finizin en sevdi\u011finiz \u00f6zelli\u011fi nedir? <\/strong>Y\u00f6netim kurulumuzun vizyonu \u00e7ok a\u00e7\u0131k, bu bende \u015firketime kar\u015f\u0131 g\u00fcven uyand\u0131r\u0131yor. \u00c7ok canl\u0131 ve herkesin severek ald\u0131\u011f\u0131 \u00fcr\u00fcnleri pazarl\u0131yoruz. Rakiplerinizi bile ilgiyle takip edebiliyorsunuz. Bir de uzun saatler \u00e7al\u0131\u015ft\u0131ktan sonra ailenizin size destek olmas\u0131 b\u00fcy\u00fck moral kayna\u011f\u0131 oluyor.<\/p>\n<p><strong>Hobileriniz, \u00f6zel ilgi alanlar\u0131n\u0131z var m\u0131?<\/strong><br \/>\nEvdeki her t\u00fcrl\u00fc mekanik ve elektronik tamirat\u0131 ben yapar\u0131m. Ekonomi mezunuyum ancak \u00f6ncesinde bir s\u00fcre m\u00fchendislik okudum ve bu t\u00fcr i\u015flere \u00e7ok yatk\u0131n\u0131m. Golfte olduk\u00e7a ilerledim, zaman bulduk\u00e7a tenis oynuyorum. \u0130\u015f d\u00fcnyas\u0131 ile ilgili yerli yabanc\u0131 yay\u0131nlar\u0131 takip ediyorum. Her y\u0131l mutlaka arkada\u015flar\u0131mla mavi tur yolculu\u011fu yapar\u0131z. Ayr\u0131ca k\u0131z\u0131m en b\u00fcy\u00fck hobim durumunda. Geri kalan t\u00fcm zaman\u0131m\u0131 da tabi ki e\u015fim ve k\u0131z\u0131mla ge\u00e7iriyorum.<\/p>\n<p><strong>K\u0131sa K\u0131sa Sorular<br \/>\nHangi tak\u0131m taraftar\u0131s\u0131n\u0131z?<\/strong><br \/>\nGalatasaray<br \/>\n<strong><br \/>\nEn sevdi\u011finiz spor?<\/strong><br \/>\nGolf \u00e7ok keyifli ancak zaman ay\u0131rmak gerekiyor<br \/>\n<strong><br \/>\nEn son hangi filmi izlediniz?<\/strong><br \/>\nEjderhan\u0131 Nas\u0131l E\u011fitirsin? (How to Train Your Dragon)<br \/>\n<strong><br \/>\nSon okudu\u011funuz kitap? <\/strong>Ak\u0131n \u00d6ng\u00f6r \u2018Benden sonra Devam\u2019<\/p>\n<p><strong>En sevdi\u011finiz yemek?<\/strong><br \/>\nBademli pilav &#8211; kabak \u00e7i\u00e7e\u011fi dolmas\u0131.<\/p>\n<p><strong>Favori tatil mekan\u0131n\u0131z?<\/strong><br \/>\nFethiye<\/p>\n<\/div>\n<div><\/div>\n<div><\/div>\n<div><\/div>\n<!-- templates\/buttons-placeholder.php -->\n<div class=\"da-reactions-outer TpostID1347\">\n\t    <div class=\"da-reactions-data da-reactions-container-async center\"\n         data-type=\"post\"\n         data-id=\"1347\"\n         id=\"da-reactions-slot-post-1347\">\n        <div class=\"da-reactions-static\">\n\t\t\t<img src=\"https:\/\/www.kariyer.net\/kariyer-rehberi\/wp-content\/plugins\/da-reactions\/assets\/dist\/loading.svg\" alt=\"Loading spinner\" width=\"48\" height=\"48\" style=\"width:48px\" \/>\n        <\/div>\n    <\/div>\n<\/div>\n","protected":false},"excerpt":{"rendered":"<p>Conteks\u2019in yeni Genel M\u00fcd\u00fcr\u00fc Levent \u0130\u015feri, her zaman kendine hedefler koyarak \u00e7al\u0131\u015ft\u0131\u011f\u0131n\u0131, bu s\u0131rada moralini hi\u00e7bir \u015feyin bozmas\u0131na izin vermedi\u011fini s\u00f6yl\u00fcyor. \u0130\u015feri, i\u015f hayat\u0131n\u0131n zorlukla dolu ve adaletsiz oldu\u011funu, kariyer s\u00fcrecinde pozitif kalmay\u0131 ba\u015faranlar\u0131n kazand\u0131\u011f\u0131n\u0131 s\u00f6yl\u00fcyor.Uluslararas\u0131 firmalarda sat\u0131\u015f alan\u0131nda \u00e7al\u0131\u015fma hayat\u0131na y\u00f6n veren Levent \u0130\u015feri, yakla\u015f\u0131k 3 ayd\u0131r Conteks Genel M\u00fcd\u00fcrl\u00fc\u011f\u00fc g\u00f6revini y\u00fcr\u00fct\u00fcyor. Sat\u0131\u015f kariyerinde [&hellip;]<\/p>\n<!-- templates\/buttons-placeholder.php -->\n<div class=\"da-reactions-outer TpostID1347\">\n\t    <div class=\"da-reactions-data da-reactions-container-async center\"\n         data-type=\"post\"\n         data-id=\"1347\"\n         id=\"da-reactions-slot-post-1347\">\n        <div class=\"da-reactions-static\">\n\t\t\t<img src=\"https:\/\/www.kariyer.net\/kariyer-rehberi\/wp-content\/plugins\/da-reactions\/assets\/dist\/loading.svg\" alt=\"Loading spinner\" width=\"48\" height=\"48\" style=\"width:48px\" \/>\n        <\/div>\n    <\/div>\n<\/div>\n","protected":false},"author":5,"featured_media":4620,"comment_status":"open","ping_status":"open","sticky":false,"template":"","format":"standard","meta":{"footnotes":"","_elementor_edit_mode":"","_elementor_template_type":"","_elementor_data":"","_elementor_page_settings":null,"_elementor_conditions":[]},"categories":[2203],"tags":[],"class_list":{"0":"post-1347","1":"post","2":"type-post","3":"status-publish","4":"format-standard","5":"has-post-thumbnail","7":"category-haberler-duyurular"},"yoast_head":"<!-- This site is optimized with the Yoast SEO Premium plugin v21.4 (Yoast SEO v27.0) - https:\/\/yoast.com\/product\/yoast-seo-premium-wordpress\/ -->\n<title>&quot;Zorluklar kar\u015f\u0131s\u0131nda pozitif kalabilen ba\u015far\u0131r&quot; | Kariyer Rehberi<\/title>\n<meta name=\"description\" content=\"Conteks\u2019in yeni Genel M\u00fcd\u00fcr\u00fc Levent \u0130\u015feri, her zaman kendine hedefler koyarak \u00e7al\u0131\u015ft\u0131\u011f\u0131n\u0131, bu s\u0131rada moralini hi\u00e7bir \u015feyin bozmas\u0131na izin vermedi\u011fini\" \/>\n<meta name=\"robots\" content=\"index, follow, max-snippet:-1, max-image-preview:large, max-video-preview:-1\" \/>\n<link rel=\"canonical\" href=\"https:\/\/www.kariyer.net\/kariyer-rehberi\/zorluklar-karsisinda-pozitif-kalabilen-basarir\/\" \/>\n<meta property=\"og:locale\" content=\"tr_TR\" \/>\n<meta property=\"og:type\" content=\"article\" \/>\n<meta property=\"og:title\" content=\"&quot;Zorluklar kar\u015f\u0131s\u0131nda pozitif kalabilen ba\u015far\u0131r&quot;\" \/>\n<meta property=\"og:description\" content=\"Conteks\u2019in yeni Genel M\u00fcd\u00fcr\u00fc Levent \u0130\u015feri, her zaman kendine hedefler koyarak \u00e7al\u0131\u015ft\u0131\u011f\u0131n\u0131, bu s\u0131rada moralini hi\u00e7bir \u015feyin bozmas\u0131na izin vermedi\u011fini\" \/>\n<meta property=\"og:url\" content=\"https:\/\/www.kariyer.net\/kariyer-rehberi\/zorluklar-karsisinda-pozitif-kalabilen-basarir\/\" \/>\n<meta property=\"og:site_name\" content=\"Kariyer Rehberi\" \/>\n<meta property=\"article:published_time\" content=\"2010-10-07T00:00:00+00:00\" \/>\n<meta property=\"article:modified_time\" content=\"2024-07-03T11:57:46+00:00\" \/>\n<meta property=\"og:image\" content=\"https:\/\/www.kariyer.net\/kariyer-rehberi\/wp-content\/uploads\/2010\/10\/leventi.jpg\" \/>\n\t<meta property=\"og:image:width\" content=\"290\" \/>\n\t<meta property=\"og:image:height\" content=\"150\" \/>\n\t<meta property=\"og:image:type\" content=\"image\/jpeg\" \/>\n<meta name=\"author\" content=\"P\u0131nar Nogay\" \/>\n<meta name=\"twitter:card\" content=\"summary_large_image\" \/>\n<meta name=\"twitter:label1\" content=\"Yazan:\" \/>\n\t<meta name=\"twitter:data1\" content=\"P\u0131nar Nogay\" \/>\n\t<meta name=\"twitter:label2\" content=\"Tahmini okuma s\u00fcresi\" \/>\n\t<meta name=\"twitter:data2\" content=\"6 dakika\" \/>\n<!-- \/ Yoast SEO Premium plugin. -->","yoast_head_json":{"title":"\"Zorluklar kar\u015f\u0131s\u0131nda pozitif kalabilen ba\u015far\u0131r\" | Kariyer Rehberi","description":"Conteks\u2019in yeni Genel M\u00fcd\u00fcr\u00fc Levent \u0130\u015feri, her zaman kendine hedefler koyarak \u00e7al\u0131\u015ft\u0131\u011f\u0131n\u0131, bu s\u0131rada moralini hi\u00e7bir \u015feyin bozmas\u0131na izin vermedi\u011fini","robots":{"index":"index","follow":"follow","max-snippet":"max-snippet:-1","max-image-preview":"max-image-preview:large","max-video-preview":"max-video-preview:-1"},"canonical":"https:\/\/www.kariyer.net\/kariyer-rehberi\/zorluklar-karsisinda-pozitif-kalabilen-basarir\/","og_locale":"tr_TR","og_type":"article","og_title":"\"Zorluklar kar\u015f\u0131s\u0131nda pozitif kalabilen ba\u015far\u0131r\"","og_description":"Conteks\u2019in yeni Genel M\u00fcd\u00fcr\u00fc Levent \u0130\u015feri, her zaman kendine hedefler koyarak \u00e7al\u0131\u015ft\u0131\u011f\u0131n\u0131, bu s\u0131rada moralini hi\u00e7bir \u015feyin bozmas\u0131na izin vermedi\u011fini","og_url":"https:\/\/www.kariyer.net\/kariyer-rehberi\/zorluklar-karsisinda-pozitif-kalabilen-basarir\/","og_site_name":"Kariyer Rehberi","article_published_time":"2010-10-07T00:00:00+00:00","article_modified_time":"2024-07-03T11:57:46+00:00","og_image":[{"width":290,"height":150,"url":"https:\/\/www.kariyer.net\/kariyer-rehberi\/wp-content\/uploads\/2010\/10\/leventi.jpg","type":"image\/jpeg"}],"author":"P\u0131nar Nogay","twitter_card":"summary_large_image","twitter_misc":{"Yazan:":"P\u0131nar Nogay","Tahmini okuma s\u00fcresi":"6 dakika"},"schema":{"@context":"https:\/\/schema.org","@graph":[{"@type":"Article","@id":"https:\/\/www.kariyer.net\/kariyer-rehberi\/zorluklar-karsisinda-pozitif-kalabilen-basarir\/#article","isPartOf":{"@id":"https:\/\/www.kariyer.net\/kariyer-rehberi\/zorluklar-karsisinda-pozitif-kalabilen-basarir\/"},"author":{"name":"P\u0131nar Nogay","@id":"https:\/\/www.kariyer.net\/kariyer-rehberi\/#\/schema\/person\/ea0977057f6b311990c570cc6d4c25d0"},"headline":"&#8220;Zorluklar kar\u015f\u0131s\u0131nda pozitif kalabilen ba\u015far\u0131r&#8221;","datePublished":"2010-10-07T00:00:00+00:00","dateModified":"2024-07-03T11:57:46+00:00","mainEntityOfPage":{"@id":"https:\/\/www.kariyer.net\/kariyer-rehberi\/zorluklar-karsisinda-pozitif-kalabilen-basarir\/"},"wordCount":1223,"commentCount":0,"publisher":{"@id":"https:\/\/www.kariyer.net\/kariyer-rehberi\/#organization"},"image":{"@id":"https:\/\/www.kariyer.net\/kariyer-rehberi\/zorluklar-karsisinda-pozitif-kalabilen-basarir\/#primaryimage"},"thumbnailUrl":"https:\/\/www.kariyer.net\/kariyer-rehberi\/wp-content\/uploads\/2010\/10\/leventi.jpg","articleSection":["Haberler ve Duyurular"],"inLanguage":"tr","potentialAction":[{"@type":"CommentAction","name":"Comment","target":["https:\/\/www.kariyer.net\/kariyer-rehberi\/zorluklar-karsisinda-pozitif-kalabilen-basarir\/#respond"]}]},{"@type":"WebPage","@id":"https:\/\/www.kariyer.net\/kariyer-rehberi\/zorluklar-karsisinda-pozitif-kalabilen-basarir\/","url":"https:\/\/www.kariyer.net\/kariyer-rehberi\/zorluklar-karsisinda-pozitif-kalabilen-basarir\/","name":"\"Zorluklar kar\u015f\u0131s\u0131nda pozitif kalabilen ba\u015far\u0131r\" | Kariyer Rehberi","isPartOf":{"@id":"https:\/\/www.kariyer.net\/kariyer-rehberi\/#website"},"primaryImageOfPage":{"@id":"https:\/\/www.kariyer.net\/kariyer-rehberi\/zorluklar-karsisinda-pozitif-kalabilen-basarir\/#primaryimage"},"image":{"@id":"https:\/\/www.kariyer.net\/kariyer-rehberi\/zorluklar-karsisinda-pozitif-kalabilen-basarir\/#primaryimage"},"thumbnailUrl":"https:\/\/www.kariyer.net\/kariyer-rehberi\/wp-content\/uploads\/2010\/10\/leventi.jpg","datePublished":"2010-10-07T00:00:00+00:00","dateModified":"2024-07-03T11:57:46+00:00","description":"Conteks\u2019in yeni Genel M\u00fcd\u00fcr\u00fc Levent \u0130\u015feri, her zaman kendine hedefler koyarak \u00e7al\u0131\u015ft\u0131\u011f\u0131n\u0131, bu s\u0131rada moralini hi\u00e7bir \u015feyin bozmas\u0131na izin vermedi\u011fini","breadcrumb":{"@id":"https:\/\/www.kariyer.net\/kariyer-rehberi\/zorluklar-karsisinda-pozitif-kalabilen-basarir\/#breadcrumb"},"inLanguage":"tr","potentialAction":[{"@type":"ReadAction","target":["https:\/\/www.kariyer.net\/kariyer-rehberi\/zorluklar-karsisinda-pozitif-kalabilen-basarir\/"]}]},{"@type":"ImageObject","inLanguage":"tr","@id":"https:\/\/www.kariyer.net\/kariyer-rehberi\/zorluklar-karsisinda-pozitif-kalabilen-basarir\/#primaryimage","url":"https:\/\/www.kariyer.net\/kariyer-rehberi\/wp-content\/uploads\/2010\/10\/leventi.jpg","contentUrl":"https:\/\/www.kariyer.net\/kariyer-rehberi\/wp-content\/uploads\/2010\/10\/leventi.jpg","width":290,"height":150},{"@type":"BreadcrumbList","@id":"https:\/\/www.kariyer.net\/kariyer-rehberi\/zorluklar-karsisinda-pozitif-kalabilen-basarir\/#breadcrumb","itemListElement":[{"@type":"ListItem","position":1,"name":"Anasayfa","item":"https:\/\/www.kariyer.net\/kariyer-rehberi\/"},{"@type":"ListItem","position":2,"name":"&#8220;Zorluklar kar\u015f\u0131s\u0131nda pozitif kalabilen ba\u015far\u0131r&#8221;"}]},{"@type":"WebSite","@id":"https:\/\/www.kariyer.net\/kariyer-rehberi\/#website","url":"https:\/\/www.kariyer.net\/kariyer-rehberi\/","name":"Kariyer Rehberi","description":"\u0130\u015f D\u00fcnyas\u0131yla \u0130lgili Bilmek \u0130stedi\u011finiz Her \u015eey","publisher":{"@id":"https:\/\/www.kariyer.net\/kariyer-rehberi\/#organization"},"potentialAction":[{"@type":"SearchAction","target":{"@type":"EntryPoint","urlTemplate":"https:\/\/www.kariyer.net\/kariyer-rehberi\/?s={search_term_string}"},"query-input":{"@type":"PropertyValueSpecification","valueRequired":true,"valueName":"search_term_string"}}],"inLanguage":"tr"},{"@type":"Organization","@id":"https:\/\/www.kariyer.net\/kariyer-rehberi\/#organization","name":"Kariyer.net","url":"https:\/\/www.kariyer.net\/kariyer-rehberi\/","logo":{"@type":"ImageObject","inLanguage":"tr","@id":"https:\/\/www.kariyer.net\/kariyer-rehberi\/#\/schema\/logo\/image\/","url":"https:\/\/www.kariyer.net\/kariyer-rehberi-new\/wp-content\/uploads\/2023\/01\/og-image11.jpg","contentUrl":"https:\/\/www.kariyer.net\/kariyer-rehberi-new\/wp-content\/uploads\/2023\/01\/og-image11.jpg","width":800,"height":800,"caption":"Kariyer.net"},"image":{"@id":"https:\/\/www.kariyer.net\/kariyer-rehberi\/#\/schema\/logo\/image\/"}},{"@type":"Person","@id":"https:\/\/www.kariyer.net\/kariyer-rehberi\/#\/schema\/person\/ea0977057f6b311990c570cc6d4c25d0","name":"P\u0131nar Nogay","image":{"@type":"ImageObject","inLanguage":"tr","@id":"https:\/\/www.kariyer.net\/kariyer-rehberi\/#\/schema\/person\/image\/","url":"https:\/\/secure.gravatar.com\/avatar\/330a216cbd1ec8a38c34e372b2be4a261e51e0805bd9186606e000f5efd0f0cf?s=96&d=mm&r=g","contentUrl":"https:\/\/secure.gravatar.com\/avatar\/330a216cbd1ec8a38c34e372b2be4a261e51e0805bd9186606e000f5efd0f0cf?s=96&d=mm&r=g","caption":"P\u0131nar Nogay"},"description":"Gazeteci olmak i\u00e7in yola \u00e7\u0131karak Eski\u015fehir Anadolu \u00dcniversitesi \u0130leti\u015fim Fak\u00fcltesi\u2019nde Bas\u0131n Yay\u0131n e\u011fitimi ald\u0131. Sekt\u00f6rel yay\u0131nlarda tecr\u00fcbe kazanan, 2007 y\u0131l\u0131nda Kariyer\u2019de Edit\u00f6r olarak \u00e7al\u0131\u015fmaya ba\u015flayan Nogay, 2011\u2019den bu yana Genel Yay\u0131n Y\u00f6netmeni olarak g\u00f6rev yap\u0131yor.","sameAs":["http:\/\/www.kariyer.net\/kariyer-rehberi\/pinar-nogay\/"],"url":"https:\/\/www.kariyer.net\/kariyer-rehberi\/author\/pinar-nogay\/"}]}},"_links":{"self":[{"href":"https:\/\/www.kariyer.net\/kariyer-rehberi\/wp-json\/wp\/v2\/posts\/1347","targetHints":{"allow":["GET"]}}],"collection":[{"href":"https:\/\/www.kariyer.net\/kariyer-rehberi\/wp-json\/wp\/v2\/posts"}],"about":[{"href":"https:\/\/www.kariyer.net\/kariyer-rehberi\/wp-json\/wp\/v2\/types\/post"}],"author":[{"embeddable":true,"href":"https:\/\/www.kariyer.net\/kariyer-rehberi\/wp-json\/wp\/v2\/users\/5"}],"replies":[{"embeddable":true,"href":"https:\/\/www.kariyer.net\/kariyer-rehberi\/wp-json\/wp\/v2\/comments?post=1347"}],"version-history":[{"count":1,"href":"https:\/\/www.kariyer.net\/kariyer-rehberi\/wp-json\/wp\/v2\/posts\/1347\/revisions"}],"predecessor-version":[{"id":18867,"href":"https:\/\/www.kariyer.net\/kariyer-rehberi\/wp-json\/wp\/v2\/posts\/1347\/revisions\/18867"}],"wp:featuredmedia":[{"embeddable":true,"href":"https:\/\/www.kariyer.net\/kariyer-rehberi\/wp-json\/wp\/v2\/media\/4620"}],"wp:attachment":[{"href":"https:\/\/www.kariyer.net\/kariyer-rehberi\/wp-json\/wp\/v2\/media?parent=1347"}],"wp:term":[{"taxonomy":"category","embeddable":true,"href":"https:\/\/www.kariyer.net\/kariyer-rehberi\/wp-json\/wp\/v2\/categories?post=1347"},{"taxonomy":"post_tag","embeddable":true,"href":"https:\/\/www.kariyer.net\/kariyer-rehberi\/wp-json\/wp\/v2\/tags?post=1347"}],"curies":[{"name":"wp","href":"https:\/\/api.w.org\/{rel}","templated":true}]}}