{"id":1356,"date":"2011-02-09T02:00:00","date_gmt":"2011-02-09T00:00:00","guid":{"rendered":"http:\/\/92.45.35.169\/sirket-tiyatro-festivalleri-duzenlemek-istiyorum\/"},"modified":"2024-07-03T16:01:54","modified_gmt":"2024-07-03T13:01:54","slug":"sirket-tiyatro-festivalleri-duzenlemek-istiyorum","status":"publish","type":"post","link":"https:\/\/www.kariyer.net\/kariyer-rehberi\/sirket-tiyatro-festivalleri-duzenlemek-istiyorum\/","title":{"rendered":"&#8220;\u015eirket tiyatro festivalleri d\u00fczenlemek istiyorum&#8221;"},"content":{"rendered":"<div><strong><a href=\"http:\/\/www.kariyer.net\/kariyer-rehberi\/wp-content\/uploads\/2011\/02\/emrek\u0131nay.jpg\"><img decoding=\"async\" class=\"size-full wp-image-4582 alignleft\" style=\"margin: 5px;\" alt=\"emrek\u0131nay\" src=\"http:\/\/www.kariyer.net\/kariyer-rehberi\/wp-content\/uploads\/2011\/02\/emrek\u0131nay.jpg\" width=\"290\" height=\"150\" \/><\/a>Oynad\u0131\u011f\u0131 dizilerle tan\u0131nan Emre K\u0131nay, oyunculu\u011fun yan\u0131 s\u0131ra y\u00f6netmenlik ve \u00f6\u011fretmenlik de yap\u0131yor. Duru Tiyatrosu\u2019nun kurucular\u0131ndan olan oyuncu, \u015firketlerin kendi tiyatro ekiplerini kuruyor. K\u0131nay, hedeflerinden birinin de \u015firketlerin kendi \u00e7al\u0131\u015fanlar\u0131ndan olu\u015fan tiyatro ekipleriyle festivaller yapabilmek oldu\u011funu s\u00f6yl\u00fcyor.<\/strong><br \/>\n\u0130n\u015faat, \u0130ki Aile, Aile Reisi, Ah Kalbim, Y\u0131lan Hikayesi, D\u00fcr\u00fc\u011fe\u2019nin G\u00fc\u011f\u00fcmleri oyuncu Emre K\u0131nay\u2019\u0131n i\u00e7inde yer ald\u0131\u011f\u0131 projelerden sadece birka\u00e7\u0131. Profesyonel oyunculu\u011fa konservatuar\u0131 bitirir bitirmez Bak\u0131rk\u00f6y Belediye Tiyatrolar\u0131\u2019nda ba\u015flayan oyuncu 15 y\u0131l\u0131n ard\u0131ndan arkada\u015flar\u0131yla bir araya gelerek Kad\u0131k\u00f6y Moda\u2019da 2005 y\u0131l\u0131na Duru Tiyatrosu\u2019nu kurmu\u015f. Mesle\u011finde 20. y\u0131l\u0131n\u0131 dolduran K\u0131nay, \u015fu s\u0131ralar Duru Tiyatro\u2019da \u201cA\u015fk Her Yerde\u201d, \u201cSondan Sonra\u201d oyunlar\u0131n\u0131 sahneliyor, televizyon dizisine ve tiyatro e\u011fitimlerine t\u00fcm h\u0131z\u0131yla devam ediyor. K\u0131nay, tiyatro,\u00a0 dizi \u00e7al\u0131\u015fmalar\u0131, oyunculuk dersleri ve yeni projeleri hakk\u0131ndaki sorular\u0131m\u0131z\u0131 yan\u0131tlad\u0131.<strong>Duru Tiyatro\u2019yu kurma fikri nas\u0131l ortaya \u00e7\u0131kt\u0131?<\/strong><br \/>\nOynamak istedi\u011fim oyunlar\u0131 kimsenin m\u00fcdahalesi olmadan oynayabilece\u011fim ortam\u0131 yaratmak istedim. 2005 y\u0131l\u0131nda dostlar\u0131mla birlikte kurduk Duru Tiyatrosu\u2019nu. \u015eu anda y\u00f6netim ve oyuncular olarak 20 ki\u015fiyiz. Duru Tiyatrosu, her ne kadar k\u0131z\u0131m\u0131n ad\u0131n\u0131 ta\u015f\u0131sa da, tiyatro ne benim ne de di\u011fer kurucular\u0131m\u0131z\u0131n.\u00a0 Duru Tiyatrosu halk\u0131n, kamunun tiyatrosu.<br \/>\n<strong><br \/>\nDuru Tiyatro\u2019ya ilgiden memnun musunuz?<\/strong><br \/>\n\u0130yi gidiyoruz, daha tam olmad\u0131k ama hayal etti\u011fim noktaya do\u011fru gidiyoruz. \u015eimdi t\u00fcm biletleri sat\u0131yoruz ancak benim hayalim t\u00fcm biletlerin sat\u0131\u015fa \u00e7\u0131kt\u0131\u011f\u0131 ilk 10 g\u00fcn i\u00e7inde t\u00fckenmesi. Sosyal ya\u015fam sosyal aktivitelerle g\u00fczel, hayat\u0131n\u0131zdan m\u00fczi\u011fi, resmi, sinemay\u0131, tiyatroyu \u00e7\u0131kard\u0131\u011f\u0131n\u0131zda hayat \u00e7ok kuru kal\u0131yor. Bizim var olma sebebimiz buras\u0131, var olmam\u0131z i\u00e7inde seyirciye ihtiyac\u0131m\u0131z var. Haftada \u00fc\u00e7 g\u00fcn oyun oynuyoruz, daha fazla g\u00fcn oyun oynamak istiyorum.<\/p>\n<p><strong>Devam eden dizi, tiyatro oyunlar\u0131, yeni oyun haz\u0131rl\u0131klar\u0131 ve \u00f6\u011fretmenlik derken bir haftan\u0131z nas\u0131l ge\u00e7iriyor?<\/strong><br \/>\nCumartesi g\u00fcn\u00fc \u0130stanbul\u2019a geliyorum, b\u00fct\u00fcn g\u00fcn\u00fcm\u00fc dersler al\u0131yor biriken i\u015flerimi halledip, oyunumu oynuyorum. Pazar g\u00fcnleri k\u0131z\u0131mla bulu\u015fuyorum, baz\u0131 Pazarlar t\u00fcm g\u00fcn o ne isterse onu yap\u0131yoruz, baz\u0131 pazarlar ise benim oyunum oldu\u011funda biraz onun biraz benim istedi\u011fimi yap\u0131yoruz. Pazartesi g\u00fcnleri de genelde \u0130stanbul\u2019day\u0131m, Sal\u0131 g\u00fcnleri Mu\u011fla\u2019ya dizi \u00e7ekimi i\u00e7in gidiyorum ve neredeyse t\u00fcm g\u00fcn \u00e7ekimlerde ge\u00e7iyor. 6 ayd\u0131r bu programda ya\u015f\u0131yorum.<br \/>\n<strong><br \/>\nDuru Tiyatrosu\u2019nda verilen e\u011fitimlerinizden bahseder misiniz, ilgi nas\u0131l e\u011fitimlerinize?<\/strong><br \/>\n\u00c7ocuklar, gen\u00e7ler ve yeti\u015fkinler i\u00e7in \u00f6zel e\u011fitimler d\u00fczenliyoruz. Verdi\u011fimiz e\u011fitimi tiyatro temel e\u011fitimi gibi d\u00fc\u015f\u00fcnmek laz\u0131m. E\u011fitimlerimize ilgi g\u00fcnden g\u00fcne art\u0131yor, salonumuz yeti\u015fmemeye ba\u015flad\u0131. Bu y\u00fczden e\u011fitimlerimiz i\u00e7in Be\u015fikta\u015f\u2019ta da \u015fube a\u00e7t\u0131k. Ocak ay\u0131ndan itibaren orada da hafta i\u00e7i ve hafta sonlar\u0131 derslerimiz ba\u015flayacak. Bunlar\u0131n d\u0131\u015f\u0131nda \u015firketlerin sat\u0131\u015f ve pazarlama ekiplerine Drama Y\u00f6ntemiyle Sat\u0131\u015f E\u011fitimleri veriyorum. Bir veya iki g\u00fcnl\u00fck e\u011fitimlerde ekiplere ger\u00e7ek faydadan hareketle nas\u0131l daha iyi sat\u0131\u015f\u00e7\u0131 olunabilece\u011fini anlat\u0131yoruz.<\/p>\n<p><strong>Son y\u0131llarda \u00fclkemizde bir\u00e7ok \u015firket kendi tiyatro ekibini kuruyor ve oyunlar sergiliyor. Bu konuda sizin de \u00e7al\u0131\u015fmalar\u0131n\u0131z var m\u0131?<\/strong>\u015eirketlerin tiyatro ekiplerini olu\u015fturuyoruz. En b\u00fcy\u00fck hedeflerimden biri de \u015firketlerin kendi \u00e7al\u0131\u015fanlar\u0131ndan kuracaklar\u0131 tiyatro ekipleriyle festivaller yapabilmek. D\u00fcnyan\u0131n her yerinde \u015firketlerin kendi tiyatro ekipleri, festivalleri var. B\u00fcy\u00fck \u015firketlerin sanatla ilgilenmelerini, sponsorluk mekanizmalar\u0131n\u0131 geli\u015ftirmeleri gerekti\u011fini d\u00fc\u015f\u00fcn\u00fcyorum.<br \/>\n<strong><br \/>\nYeni projeleriniz, \u00e7al\u0131\u015fman\u0131z var m\u0131?<\/strong><br \/>\n\u201cSu\u00e7 Orta\u011f\u0131m\u201d oyununun haz\u0131rl\u0131klar\u0131na ba\u015flad\u0131k ve \u015eubat ay\u0131nda sahneye koyaca\u011f\u0131z. K\u00fclt\u00fcr Bakanl\u0131\u011f\u0131 deste\u011fiyle sahneleyece\u011fiz Su\u00e7 Orta\u011f\u0131m, kara komedi t\u00fcr\u00fcnde bir oyun olacak. B\u00f6ylelikle bu y\u0131l da iki yeni oyun sahnelemi\u015f olaca\u011f\u0131z. Cuma, Cumartesi, Pazar g\u00fcnleri oyun sahneliyoruz, gelecek sene zenginle\u015fen repertuar\u0131m\u0131zla Per\u015fembe g\u00fcn\u00fcn\u00fc de ekleyip, seanslar\u0131m\u0131z\u0131 art\u0131raca\u011f\u0131z. Bir de benim sinema projem var, onu yeti\u015ftirebilirsem bu yaz \u00e7ekmek istiyorum.<\/p>\n<p><strong>Emre K\u0131nay\u2019dan oyunculuk yapmak isteyenlere \u00f6neriler.<\/strong><br \/>\nMutlak suretle oyunculuk e\u011fitimi almal\u0131lar, ya\u015flar\u0131 gen\u00e7se konservatuara gidebilirler. Sadece konservatuar ve e\u011fitim de yeterli de\u011fil oyuncu olabilmek i\u00e7in. \u00c7ok okumak, ara\u015ft\u0131rmak, g\u00fcncel g\u00fcndemi takip edip, her \u015feyden haberdar olmak gerekiyor. Oyunculuk, hayat\u0131n\u0131z boyunca \u00f6\u011frenmenin bitmeyece\u011fi i\u015flerin ba\u015f\u0131nda geliyor. Herkes oyuncu olmak istiyor ama oyuncu olmak isteyenler oyun izlemek ve okuma yapmak istemiyor.<\/p>\n<\/div>\n<div><\/div>\n<div><\/div>\n<!-- templates\/buttons-placeholder.php -->\n<div class=\"da-reactions-outer TpostID1356\">\n\t    <div class=\"da-reactions-data da-reactions-container-async center\"\n         data-type=\"post\"\n         data-id=\"1356\"\n         id=\"da-reactions-slot-post-1356\">\n        <div class=\"da-reactions-static\">\n\t\t\t<img src=\"https:\/\/www.kariyer.net\/kariyer-rehberi\/wp-content\/plugins\/da-reactions\/assets\/dist\/loading.svg\" alt=\"Loading spinner\" width=\"48\" height=\"48\" style=\"width:48px\" \/>\n        <\/div>\n    <\/div>\n<\/div>\n","protected":false},"excerpt":{"rendered":"<p>Oynad\u0131\u011f\u0131 dizilerle tan\u0131nan Emre K\u0131nay, oyunculu\u011fun yan\u0131 s\u0131ra y\u00f6netmenlik ve \u00f6\u011fretmenlik de yap\u0131yor. Duru Tiyatrosu\u2019nun kurucular\u0131ndan olan oyuncu, \u015firketlerin kendi tiyatro ekiplerini kuruyor. K\u0131nay, hedeflerinden birinin de \u015firketlerin kendi \u00e7al\u0131\u015fanlar\u0131ndan olu\u015fan tiyatro ekipleriyle festivaller yapabilmek oldu\u011funu s\u00f6yl\u00fcyor. \u0130n\u015faat, \u0130ki Aile, Aile Reisi, Ah Kalbim, Y\u0131lan Hikayesi, D\u00fcr\u00fc\u011fe\u2019nin G\u00fc\u011f\u00fcmleri oyuncu Emre K\u0131nay\u2019\u0131n i\u00e7inde yer ald\u0131\u011f\u0131 projelerden [&hellip;]<\/p>\n<!-- templates\/buttons-placeholder.php -->\n<div class=\"da-reactions-outer TpostID1356\">\n\t    <div class=\"da-reactions-data da-reactions-container-async center\"\n         data-type=\"post\"\n         data-id=\"1356\"\n         id=\"da-reactions-slot-post-1356\">\n        <div class=\"da-reactions-static\">\n\t\t\t<img src=\"https:\/\/www.kariyer.net\/kariyer-rehberi\/wp-content\/plugins\/da-reactions\/assets\/dist\/loading.svg\" alt=\"Loading spinner\" width=\"48\" height=\"48\" style=\"width:48px\" \/>\n        <\/div>\n    <\/div>\n<\/div>\n","protected":false},"author":5,"featured_media":4582,"comment_status":"open","ping_status":"open","sticky":false,"template":"","format":"standard","meta":{"footnotes":"","_elementor_edit_mode":"","_elementor_template_type":"","_elementor_data":"","_elementor_page_settings":null,"_elementor_conditions":[]},"categories":[2211],"tags":[],"class_list":{"0":"post-1356","1":"post","2":"type-post","3":"status-publish","4":"format-standard","5":"has-post-thumbnail","7":"category-kariyer-gelisimi"},"yoast_head":"<!-- This site is optimized with the Yoast SEO Premium plugin v21.4 (Yoast SEO v27.0) - https:\/\/yoast.com\/product\/yoast-seo-premium-wordpress\/ -->\n<title>&quot;\u015eirket tiyatro festivalleri d\u00fczenlemek istiyorum&quot; | Kariyer Rehberi<\/title>\n<meta name=\"description\" content=\"Oynad\u0131\u011f\u0131 dizilerle tan\u0131nan Emre K\u0131nay, oyunculu\u011fun yan\u0131 s\u0131ra y\u00f6netmenlik ve \u00f6\u011fretmenlik de yap\u0131yor. Duru Tiyatrosu\u2019nun kurucular\u0131ndan olan oyuncu,\" \/>\n<meta name=\"robots\" content=\"index, follow, max-snippet:-1, max-image-preview:large, max-video-preview:-1\" \/>\n<link rel=\"canonical\" href=\"https:\/\/www.kariyer.net\/kariyer-rehberi\/sirket-tiyatro-festivalleri-duzenlemek-istiyorum\/\" \/>\n<meta property=\"og:locale\" content=\"tr_TR\" \/>\n<meta property=\"og:type\" content=\"article\" \/>\n<meta property=\"og:title\" content=\"&quot;\u015eirket tiyatro festivalleri d\u00fczenlemek istiyorum&quot;\" \/>\n<meta property=\"og:description\" content=\"Oynad\u0131\u011f\u0131 dizilerle tan\u0131nan Emre K\u0131nay, oyunculu\u011fun yan\u0131 s\u0131ra y\u00f6netmenlik ve \u00f6\u011fretmenlik de yap\u0131yor. Duru Tiyatrosu\u2019nun kurucular\u0131ndan olan oyuncu,\" \/>\n<meta property=\"og:url\" content=\"https:\/\/www.kariyer.net\/kariyer-rehberi\/sirket-tiyatro-festivalleri-duzenlemek-istiyorum\/\" \/>\n<meta property=\"og:site_name\" content=\"Kariyer Rehberi\" \/>\n<meta property=\"article:published_time\" content=\"2011-02-09T00:00:00+00:00\" \/>\n<meta property=\"article:modified_time\" content=\"2024-07-03T13:01:54+00:00\" \/>\n<meta property=\"og:image\" content=\"https:\/\/www.kariyer.net\/kariyer-rehberi\/wp-content\/uploads\/2011\/02\/emrek\u0131nay.jpg\" \/>\n\t<meta property=\"og:image:width\" content=\"290\" \/>\n\t<meta property=\"og:image:height\" content=\"150\" \/>\n\t<meta property=\"og:image:type\" content=\"image\/jpeg\" \/>\n<meta name=\"author\" content=\"P\u0131nar Nogay\" \/>\n<meta name=\"twitter:card\" content=\"summary_large_image\" \/>\n<meta name=\"twitter:label1\" content=\"Yazan:\" \/>\n\t<meta name=\"twitter:data1\" content=\"P\u0131nar Nogay\" \/>\n\t<meta name=\"twitter:label2\" content=\"Tahmini okuma s\u00fcresi\" \/>\n\t<meta name=\"twitter:data2\" content=\"4 dakika\" \/>\n<!-- \/ Yoast SEO Premium plugin. -->","yoast_head_json":{"title":"\"\u015eirket tiyatro festivalleri d\u00fczenlemek istiyorum\" | Kariyer Rehberi","description":"Oynad\u0131\u011f\u0131 dizilerle tan\u0131nan Emre K\u0131nay, oyunculu\u011fun yan\u0131 s\u0131ra y\u00f6netmenlik ve \u00f6\u011fretmenlik de yap\u0131yor. Duru Tiyatrosu\u2019nun kurucular\u0131ndan olan oyuncu,","robots":{"index":"index","follow":"follow","max-snippet":"max-snippet:-1","max-image-preview":"max-image-preview:large","max-video-preview":"max-video-preview:-1"},"canonical":"https:\/\/www.kariyer.net\/kariyer-rehberi\/sirket-tiyatro-festivalleri-duzenlemek-istiyorum\/","og_locale":"tr_TR","og_type":"article","og_title":"\"\u015eirket tiyatro festivalleri d\u00fczenlemek istiyorum\"","og_description":"Oynad\u0131\u011f\u0131 dizilerle tan\u0131nan Emre K\u0131nay, oyunculu\u011fun yan\u0131 s\u0131ra y\u00f6netmenlik ve \u00f6\u011fretmenlik de yap\u0131yor. Duru Tiyatrosu\u2019nun kurucular\u0131ndan olan oyuncu,","og_url":"https:\/\/www.kariyer.net\/kariyer-rehberi\/sirket-tiyatro-festivalleri-duzenlemek-istiyorum\/","og_site_name":"Kariyer Rehberi","article_published_time":"2011-02-09T00:00:00+00:00","article_modified_time":"2024-07-03T13:01:54+00:00","og_image":[{"width":290,"height":150,"url":"https:\/\/www.kariyer.net\/kariyer-rehberi\/wp-content\/uploads\/2011\/02\/emrek\u0131nay.jpg","type":"image\/jpeg"}],"author":"P\u0131nar Nogay","twitter_card":"summary_large_image","twitter_misc":{"Yazan:":"P\u0131nar Nogay","Tahmini okuma s\u00fcresi":"4 dakika"},"schema":{"@context":"https:\/\/schema.org","@graph":[{"@type":"Article","@id":"https:\/\/www.kariyer.net\/kariyer-rehberi\/sirket-tiyatro-festivalleri-duzenlemek-istiyorum\/#article","isPartOf":{"@id":"https:\/\/www.kariyer.net\/kariyer-rehberi\/sirket-tiyatro-festivalleri-duzenlemek-istiyorum\/"},"author":{"name":"P\u0131nar Nogay","@id":"https:\/\/www.kariyer.net\/kariyer-rehberi\/#\/schema\/person\/ea0977057f6b311990c570cc6d4c25d0"},"headline":"&#8220;\u015eirket tiyatro festivalleri d\u00fczenlemek istiyorum&#8221;","datePublished":"2011-02-09T00:00:00+00:00","dateModified":"2024-07-03T13:01:54+00:00","mainEntityOfPage":{"@id":"https:\/\/www.kariyer.net\/kariyer-rehberi\/sirket-tiyatro-festivalleri-duzenlemek-istiyorum\/"},"wordCount":821,"commentCount":0,"publisher":{"@id":"https:\/\/www.kariyer.net\/kariyer-rehberi\/#organization"},"image":{"@id":"https:\/\/www.kariyer.net\/kariyer-rehberi\/sirket-tiyatro-festivalleri-duzenlemek-istiyorum\/#primaryimage"},"thumbnailUrl":"https:\/\/www.kariyer.net\/kariyer-rehberi\/wp-content\/uploads\/2011\/02\/emrek\u0131nay.jpg","articleSection":["Kariyer Geli\u015fimi"],"inLanguage":"tr","potentialAction":[{"@type":"CommentAction","name":"Comment","target":["https:\/\/www.kariyer.net\/kariyer-rehberi\/sirket-tiyatro-festivalleri-duzenlemek-istiyorum\/#respond"]}]},{"@type":"WebPage","@id":"https:\/\/www.kariyer.net\/kariyer-rehberi\/sirket-tiyatro-festivalleri-duzenlemek-istiyorum\/","url":"https:\/\/www.kariyer.net\/kariyer-rehberi\/sirket-tiyatro-festivalleri-duzenlemek-istiyorum\/","name":"\"\u015eirket tiyatro festivalleri d\u00fczenlemek istiyorum\" | Kariyer Rehberi","isPartOf":{"@id":"https:\/\/www.kariyer.net\/kariyer-rehberi\/#website"},"primaryImageOfPage":{"@id":"https:\/\/www.kariyer.net\/kariyer-rehberi\/sirket-tiyatro-festivalleri-duzenlemek-istiyorum\/#primaryimage"},"image":{"@id":"https:\/\/www.kariyer.net\/kariyer-rehberi\/sirket-tiyatro-festivalleri-duzenlemek-istiyorum\/#primaryimage"},"thumbnailUrl":"https:\/\/www.kariyer.net\/kariyer-rehberi\/wp-content\/uploads\/2011\/02\/emrek\u0131nay.jpg","datePublished":"2011-02-09T00:00:00+00:00","dateModified":"2024-07-03T13:01:54+00:00","description":"Oynad\u0131\u011f\u0131 dizilerle tan\u0131nan Emre K\u0131nay, oyunculu\u011fun yan\u0131 s\u0131ra y\u00f6netmenlik ve \u00f6\u011fretmenlik de yap\u0131yor. Duru Tiyatrosu\u2019nun kurucular\u0131ndan olan oyuncu,","breadcrumb":{"@id":"https:\/\/www.kariyer.net\/kariyer-rehberi\/sirket-tiyatro-festivalleri-duzenlemek-istiyorum\/#breadcrumb"},"inLanguage":"tr","potentialAction":[{"@type":"ReadAction","target":["https:\/\/www.kariyer.net\/kariyer-rehberi\/sirket-tiyatro-festivalleri-duzenlemek-istiyorum\/"]}]},{"@type":"ImageObject","inLanguage":"tr","@id":"https:\/\/www.kariyer.net\/kariyer-rehberi\/sirket-tiyatro-festivalleri-duzenlemek-istiyorum\/#primaryimage","url":"https:\/\/www.kariyer.net\/kariyer-rehberi\/wp-content\/uploads\/2011\/02\/emrek\u0131nay.jpg","contentUrl":"https:\/\/www.kariyer.net\/kariyer-rehberi\/wp-content\/uploads\/2011\/02\/emrek\u0131nay.jpg","width":290,"height":150},{"@type":"BreadcrumbList","@id":"https:\/\/www.kariyer.net\/kariyer-rehberi\/sirket-tiyatro-festivalleri-duzenlemek-istiyorum\/#breadcrumb","itemListElement":[{"@type":"ListItem","position":1,"name":"Anasayfa","item":"https:\/\/www.kariyer.net\/kariyer-rehberi\/"},{"@type":"ListItem","position":2,"name":"&#8220;\u015eirket tiyatro festivalleri d\u00fczenlemek istiyorum&#8221;"}]},{"@type":"WebSite","@id":"https:\/\/www.kariyer.net\/kariyer-rehberi\/#website","url":"https:\/\/www.kariyer.net\/kariyer-rehberi\/","name":"Kariyer Rehberi","description":"\u0130\u015f D\u00fcnyas\u0131yla \u0130lgili Bilmek \u0130stedi\u011finiz Her \u015eey","publisher":{"@id":"https:\/\/www.kariyer.net\/kariyer-rehberi\/#organization"},"potentialAction":[{"@type":"SearchAction","target":{"@type":"EntryPoint","urlTemplate":"https:\/\/www.kariyer.net\/kariyer-rehberi\/?s={search_term_string}"},"query-input":{"@type":"PropertyValueSpecification","valueRequired":true,"valueName":"search_term_string"}}],"inLanguage":"tr"},{"@type":"Organization","@id":"https:\/\/www.kariyer.net\/kariyer-rehberi\/#organization","name":"Kariyer.net","url":"https:\/\/www.kariyer.net\/kariyer-rehberi\/","logo":{"@type":"ImageObject","inLanguage":"tr","@id":"https:\/\/www.kariyer.net\/kariyer-rehberi\/#\/schema\/logo\/image\/","url":"https:\/\/www.kariyer.net\/kariyer-rehberi-new\/wp-content\/uploads\/2023\/01\/og-image11.jpg","contentUrl":"https:\/\/www.kariyer.net\/kariyer-rehberi-new\/wp-content\/uploads\/2023\/01\/og-image11.jpg","width":800,"height":800,"caption":"Kariyer.net"},"image":{"@id":"https:\/\/www.kariyer.net\/kariyer-rehberi\/#\/schema\/logo\/image\/"}},{"@type":"Person","@id":"https:\/\/www.kariyer.net\/kariyer-rehberi\/#\/schema\/person\/ea0977057f6b311990c570cc6d4c25d0","name":"P\u0131nar Nogay","image":{"@type":"ImageObject","inLanguage":"tr","@id":"https:\/\/www.kariyer.net\/kariyer-rehberi\/#\/schema\/person\/image\/","url":"https:\/\/secure.gravatar.com\/avatar\/330a216cbd1ec8a38c34e372b2be4a261e51e0805bd9186606e000f5efd0f0cf?s=96&d=mm&r=g","contentUrl":"https:\/\/secure.gravatar.com\/avatar\/330a216cbd1ec8a38c34e372b2be4a261e51e0805bd9186606e000f5efd0f0cf?s=96&d=mm&r=g","caption":"P\u0131nar Nogay"},"description":"Gazeteci olmak i\u00e7in yola \u00e7\u0131karak Eski\u015fehir Anadolu \u00dcniversitesi \u0130leti\u015fim Fak\u00fcltesi\u2019nde Bas\u0131n Yay\u0131n e\u011fitimi ald\u0131. Sekt\u00f6rel yay\u0131nlarda tecr\u00fcbe kazanan, 2007 y\u0131l\u0131nda Kariyer\u2019de Edit\u00f6r olarak \u00e7al\u0131\u015fmaya ba\u015flayan Nogay, 2011\u2019den bu yana Genel Yay\u0131n Y\u00f6netmeni olarak g\u00f6rev yap\u0131yor.","sameAs":["http:\/\/www.kariyer.net\/kariyer-rehberi\/pinar-nogay\/"],"url":"https:\/\/www.kariyer.net\/kariyer-rehberi\/author\/pinar-nogay\/"}]}},"_links":{"self":[{"href":"https:\/\/www.kariyer.net\/kariyer-rehberi\/wp-json\/wp\/v2\/posts\/1356","targetHints":{"allow":["GET"]}}],"collection":[{"href":"https:\/\/www.kariyer.net\/kariyer-rehberi\/wp-json\/wp\/v2\/posts"}],"about":[{"href":"https:\/\/www.kariyer.net\/kariyer-rehberi\/wp-json\/wp\/v2\/types\/post"}],"author":[{"embeddable":true,"href":"https:\/\/www.kariyer.net\/kariyer-rehberi\/wp-json\/wp\/v2\/users\/5"}],"replies":[{"embeddable":true,"href":"https:\/\/www.kariyer.net\/kariyer-rehberi\/wp-json\/wp\/v2\/comments?post=1356"}],"version-history":[{"count":1,"href":"https:\/\/www.kariyer.net\/kariyer-rehberi\/wp-json\/wp\/v2\/posts\/1356\/revisions"}],"predecessor-version":[{"id":20344,"href":"https:\/\/www.kariyer.net\/kariyer-rehberi\/wp-json\/wp\/v2\/posts\/1356\/revisions\/20344"}],"wp:featuredmedia":[{"embeddable":true,"href":"https:\/\/www.kariyer.net\/kariyer-rehberi\/wp-json\/wp\/v2\/media\/4582"}],"wp:attachment":[{"href":"https:\/\/www.kariyer.net\/kariyer-rehberi\/wp-json\/wp\/v2\/media?parent=1356"}],"wp:term":[{"taxonomy":"category","embeddable":true,"href":"https:\/\/www.kariyer.net\/kariyer-rehberi\/wp-json\/wp\/v2\/categories?post=1356"},{"taxonomy":"post_tag","embeddable":true,"href":"https:\/\/www.kariyer.net\/kariyer-rehberi\/wp-json\/wp\/v2\/tags?post=1356"}],"curies":[{"name":"wp","href":"https:\/\/api.w.org\/{rel}","templated":true}]}}