{"id":13648,"date":"2020-05-18T17:39:20","date_gmt":"2020-05-18T14:39:20","guid":{"rendered":"https:\/\/www.kariyer.net\/kariyer-rehberi\/?p=13648"},"modified":"2021-03-15T14:47:13","modified_gmt":"2021-03-15T11:47:13","slug":"covid-19-sonrasi-is-hayatinda-yeni-normal-ne-olacak","status":"publish","type":"post","link":"https:\/\/www.kariyer.net\/kariyer-rehberi\/covid-19-sonrasi-is-hayatinda-yeni-normal-ne-olacak\/","title":{"rendered":"Covid-19 sonras\u0131 i\u015f hayat\u0131nda &#8220;Yeni normal&#8221; ne olacak?"},"content":{"rendered":"<p><strong>Koronavir\u00fcs sonras\u0131 hayat\u0131m\u0131zdaki &#8220;Yeni normal&#8221;in ne olaca\u011f\u0131n\u0131n konu\u015fuldu\u011fu \u015fu g\u00fcnlerde, Kariyer.net Sat\u0131\u015f Genel M\u00fcd\u00fcr Yard\u0131mc\u0131s\u0131 U\u011fur Sa\u011fl\u0131ko\u011flu ve T\u00fcrkiye Al\u0131\u015fveri\u015f Merkezleri ve Perakendeciler Federasyonu Genel Sekreteri Burak \u00dcnald\u0131 bizi bekleyen yeni s\u00fcreci sosyal medya canl\u0131 yay\u0131n\u0131m\u0131zda de\u011ferlendirdi.<\/strong><\/p>\n<!-- templates\/buttons-placeholder.php -->\n<div class=\"da-reactions-outer TpostID13648\">\n\t    <div class=\"da-reactions-data da-reactions-container-async center\"\n         data-type=\"post\"\n         data-id=\"13648\"\n         id=\"da-reactions-slot-post-13648\">\n        <div class=\"da-reactions-static\">\n\t\t\t<img src=\"https:\/\/www.kariyer.net\/kariyer-rehberi\/wp-content\/plugins\/da-reactions\/assets\/dist\/loading.svg\" alt=\"Loading spinner\" width=\"48\" height=\"48\" style=\"width:48px\" \/>\n        <\/div>\n    <\/div>\n<\/div>\n","protected":false},"excerpt":{"rendered":"<p>Koronavir\u00fcs sonras\u0131 hayat\u0131m\u0131zdaki &#8220;Yeni normal&#8221;in ne olaca\u011f\u0131n\u0131n konu\u015fuldu\u011fu \u015fu g\u00fcnlerde, Kariyer.net Sat\u0131\u015f Genel M\u00fcd\u00fcr Yard\u0131mc\u0131s\u0131 U\u011fur Sa\u011fl\u0131ko\u011flu ve T\u00fcrkiye Al\u0131\u015fveri\u015f Merkezleri ve Perakendeciler Federasyonu Genel Sekreteri Burak \u00dcnald\u0131 bizi bekleyen yeni s\u00fcreci sosyal medya canl\u0131 yay\u0131n\u0131m\u0131zda de\u011ferlendirdi.<\/p>\n<!-- templates\/buttons-placeholder.php -->\n<div class=\"da-reactions-outer TpostID13648\">\n\t    <div class=\"da-reactions-data da-reactions-container-async center\"\n         data-type=\"post\"\n         data-id=\"13648\"\n         id=\"da-reactions-slot-post-13648\">\n        <div class=\"da-reactions-static\">\n\t\t\t<img src=\"https:\/\/www.kariyer.net\/kariyer-rehberi\/wp-content\/plugins\/da-reactions\/assets\/dist\/loading.svg\" alt=\"Loading spinner\" width=\"48\" height=\"48\" style=\"width:48px\" \/>\n        <\/div>\n    <\/div>\n<\/div>\n","protected":false},"author":12,"featured_media":13653,"comment_status":"open","ping_status":"open","sticky":false,"template":"","format":"video","meta":{"footnotes":"","_elementor_edit_mode":"","_elementor_template_type":"","_elementor_data":"","_elementor_page_settings":null,"_elementor_conditions":[]},"categories":[52],"tags":[1529,1486,1487],"class_list":{"0":"post-13648","1":"post","2":"type-post","3":"status-publish","4":"format-video","5":"has-post-thumbnail","7":"category-video","8":"tag-burak-unaldi","9":"tag-corona","10":"tag-koronavirus","11":"post_format-post-format-video"},"yoast_head":"<!-- This site is optimized with the Yoast SEO Premium plugin v21.4 (Yoast SEO v27.0) - https:\/\/yoast.com\/product\/yoast-seo-premium-wordpress\/ -->\n<title>Covid-19 sonras\u0131 i\u015f hayat\u0131nda &quot;Yeni normal&quot; ne olacak? | Kariyer Rehberi<\/title>\n<meta name=\"description\" content=\"Koronavir\u00fcs sonras\u0131 hayat\u0131m\u0131zdaki &quot;Yeni normal&quot;in ne olaca\u011f\u0131n\u0131n konu\u015fuldu\u011fu \u015fu g\u00fcnlerde, Kariyer.net Sat\u0131\u015f Genel M\u00fcd\u00fcr Yard\u0131mc\u0131s\u0131 U\u011fur Sa\u011fl\u0131ko\u011flu ve\" \/>\n<meta name=\"robots\" content=\"index, follow, max-snippet:-1, max-image-preview:large, max-video-preview:-1\" \/>\n<link rel=\"canonical\" href=\"https:\/\/www.kariyer.net\/kariyer-rehberi\/covid-19-sonrasi-is-hayatinda-yeni-normal-ne-olacak\/\" \/>\n<meta property=\"og:locale\" content=\"tr_TR\" \/>\n<meta property=\"og:type\" content=\"article\" \/>\n<meta property=\"og:title\" content=\"Covid-19 sonras\u0131 i\u015f hayat\u0131nda &quot;Yeni normal&quot; ne olacak?\" \/>\n<meta property=\"og:description\" content=\"Koronavir\u00fcs sonras\u0131 hayat\u0131m\u0131zdaki &quot;Yeni normal&quot;in ne olaca\u011f\u0131n\u0131n konu\u015fuldu\u011fu \u015fu g\u00fcnlerde, Kariyer.net Sat\u0131\u015f Genel M\u00fcd\u00fcr Yard\u0131mc\u0131s\u0131 U\u011fur Sa\u011fl\u0131ko\u011flu ve\" \/>\n<meta property=\"og:url\" content=\"https:\/\/www.kariyer.net\/kariyer-rehberi\/covid-19-sonrasi-is-hayatinda-yeni-normal-ne-olacak\/\" \/>\n<meta property=\"og:site_name\" content=\"Kariyer Rehberi\" \/>\n<meta property=\"article:published_time\" content=\"2020-05-18T14:39:20+00:00\" \/>\n<meta property=\"article:modified_time\" content=\"2021-03-15T11:47:13+00:00\" \/>\n<meta property=\"og:image\" content=\"https:\/\/www.kariyer.net\/kariyer-rehberi\/wp-content\/uploads\/2020\/05\/iStock-1150572095.jpg\" \/>\n\t<meta property=\"og:image:width\" content=\"900\" \/>\n\t<meta property=\"og:image:height\" content=\"600\" \/>\n\t<meta property=\"og:image:type\" content=\"image\/jpeg\" \/>\n<meta name=\"author\" content=\"Edit\u00f6r\" \/>\n<meta name=\"twitter:card\" content=\"summary_large_image\" \/>\n<meta name=\"twitter:label1\" content=\"Yazan:\" \/>\n\t<meta name=\"twitter:data1\" content=\"Edit\u00f6r\" \/>\n<!-- \/ Yoast SEO Premium plugin. -->","yoast_head_json":{"title":"Covid-19 sonras\u0131 i\u015f hayat\u0131nda \"Yeni normal\" ne olacak? | Kariyer Rehberi","description":"Koronavir\u00fcs sonras\u0131 hayat\u0131m\u0131zdaki \"Yeni normal\"in ne olaca\u011f\u0131n\u0131n konu\u015fuldu\u011fu \u015fu g\u00fcnlerde, Kariyer.net Sat\u0131\u015f Genel M\u00fcd\u00fcr Yard\u0131mc\u0131s\u0131 U\u011fur Sa\u011fl\u0131ko\u011flu ve","robots":{"index":"index","follow":"follow","max-snippet":"max-snippet:-1","max-image-preview":"max-image-preview:large","max-video-preview":"max-video-preview:-1"},"canonical":"https:\/\/www.kariyer.net\/kariyer-rehberi\/covid-19-sonrasi-is-hayatinda-yeni-normal-ne-olacak\/","og_locale":"tr_TR","og_type":"article","og_title":"Covid-19 sonras\u0131 i\u015f hayat\u0131nda \"Yeni normal\" ne olacak?","og_description":"Koronavir\u00fcs sonras\u0131 hayat\u0131m\u0131zdaki \"Yeni normal\"in ne olaca\u011f\u0131n\u0131n konu\u015fuldu\u011fu \u015fu g\u00fcnlerde, Kariyer.net Sat\u0131\u015f Genel M\u00fcd\u00fcr Yard\u0131mc\u0131s\u0131 U\u011fur Sa\u011fl\u0131ko\u011flu ve","og_url":"https:\/\/www.kariyer.net\/kariyer-rehberi\/covid-19-sonrasi-is-hayatinda-yeni-normal-ne-olacak\/","og_site_name":"Kariyer Rehberi","article_published_time":"2020-05-18T14:39:20+00:00","article_modified_time":"2021-03-15T11:47:13+00:00","og_image":[{"width":900,"height":600,"url":"https:\/\/www.kariyer.net\/kariyer-rehberi\/wp-content\/uploads\/2020\/05\/iStock-1150572095.jpg","type":"image\/jpeg"}],"author":"Edit\u00f6r","twitter_card":"summary_large_image","twitter_misc":{"Yazan:":"Edit\u00f6r"},"schema":{"@context":"https:\/\/schema.org","@graph":[{"@type":"Article","@id":"https:\/\/www.kariyer.net\/kariyer-rehberi\/covid-19-sonrasi-is-hayatinda-yeni-normal-ne-olacak\/#article","isPartOf":{"@id":"https:\/\/www.kariyer.net\/kariyer-rehberi\/covid-19-sonrasi-is-hayatinda-yeni-normal-ne-olacak\/"},"author":{"name":"Edit\u00f6r","@id":"https:\/\/www.kariyer.net\/kariyer-rehberi\/#\/schema\/person\/94fd6e49c7ff1b1b2565a2cc4fd685dd"},"headline":"Covid-19 sonras\u0131 i\u015f hayat\u0131nda &#8220;Yeni normal&#8221; ne olacak?","datePublished":"2020-05-18T14:39:20+00:00","dateModified":"2021-03-15T11:47:13+00:00","mainEntityOfPage":{"@id":"https:\/\/www.kariyer.net\/kariyer-rehberi\/covid-19-sonrasi-is-hayatinda-yeni-normal-ne-olacak\/"},"wordCount":71,"commentCount":0,"publisher":{"@id":"https:\/\/www.kariyer.net\/kariyer-rehberi\/#organization"},"image":{"@id":"https:\/\/www.kariyer.net\/kariyer-rehberi\/covid-19-sonrasi-is-hayatinda-yeni-normal-ne-olacak\/#primaryimage"},"thumbnailUrl":"https:\/\/www.kariyer.net\/kariyer-rehberi\/wp-content\/uploads\/2020\/05\/iStock-1150572095.jpg","keywords":["Burak \u00dcnald\u0131","Corona","koronavir\u00fcs"],"articleSection":["Video"],"inLanguage":"tr","potentialAction":[{"@type":"CommentAction","name":"Comment","target":["https:\/\/www.kariyer.net\/kariyer-rehberi\/covid-19-sonrasi-is-hayatinda-yeni-normal-ne-olacak\/#respond"]}]},{"@type":"WebPage","@id":"https:\/\/www.kariyer.net\/kariyer-rehberi\/covid-19-sonrasi-is-hayatinda-yeni-normal-ne-olacak\/","url":"https:\/\/www.kariyer.net\/kariyer-rehberi\/covid-19-sonrasi-is-hayatinda-yeni-normal-ne-olacak\/","name":"Covid-19 sonras\u0131 i\u015f hayat\u0131nda \"Yeni normal\" ne olacak? | Kariyer Rehberi","isPartOf":{"@id":"https:\/\/www.kariyer.net\/kariyer-rehberi\/#website"},"primaryImageOfPage":{"@id":"https:\/\/www.kariyer.net\/kariyer-rehberi\/covid-19-sonrasi-is-hayatinda-yeni-normal-ne-olacak\/#primaryimage"},"image":{"@id":"https:\/\/www.kariyer.net\/kariyer-rehberi\/covid-19-sonrasi-is-hayatinda-yeni-normal-ne-olacak\/#primaryimage"},"thumbnailUrl":"https:\/\/www.kariyer.net\/kariyer-rehberi\/wp-content\/uploads\/2020\/05\/iStock-1150572095.jpg","datePublished":"2020-05-18T14:39:20+00:00","dateModified":"2021-03-15T11:47:13+00:00","description":"Koronavir\u00fcs sonras\u0131 hayat\u0131m\u0131zdaki \"Yeni normal\"in ne olaca\u011f\u0131n\u0131n konu\u015fuldu\u011fu \u015fu g\u00fcnlerde, Kariyer.net Sat\u0131\u015f Genel M\u00fcd\u00fcr Yard\u0131mc\u0131s\u0131 U\u011fur Sa\u011fl\u0131ko\u011flu ve","breadcrumb":{"@id":"https:\/\/www.kariyer.net\/kariyer-rehberi\/covid-19-sonrasi-is-hayatinda-yeni-normal-ne-olacak\/#breadcrumb"},"inLanguage":"tr","potentialAction":[{"@type":"ReadAction","target":["https:\/\/www.kariyer.net\/kariyer-rehberi\/covid-19-sonrasi-is-hayatinda-yeni-normal-ne-olacak\/"]}]},{"@type":"ImageObject","inLanguage":"tr","@id":"https:\/\/www.kariyer.net\/kariyer-rehberi\/covid-19-sonrasi-is-hayatinda-yeni-normal-ne-olacak\/#primaryimage","url":"https:\/\/www.kariyer.net\/kariyer-rehberi\/wp-content\/uploads\/2020\/05\/iStock-1150572095.jpg","contentUrl":"https:\/\/www.kariyer.net\/kariyer-rehberi\/wp-content\/uploads\/2020\/05\/iStock-1150572095.jpg","width":900,"height":600},{"@type":"BreadcrumbList","@id":"https:\/\/www.kariyer.net\/kariyer-rehberi\/covid-19-sonrasi-is-hayatinda-yeni-normal-ne-olacak\/#breadcrumb","itemListElement":[{"@type":"ListItem","position":1,"name":"Anasayfa","item":"https:\/\/www.kariyer.net\/kariyer-rehberi\/"},{"@type":"ListItem","position":2,"name":"Covid-19 sonras\u0131 i\u015f hayat\u0131nda &#8220;Yeni normal&#8221; ne olacak?"}]},{"@type":"WebSite","@id":"https:\/\/www.kariyer.net\/kariyer-rehberi\/#website","url":"https:\/\/www.kariyer.net\/kariyer-rehberi\/","name":"Kariyer Rehberi","description":"\u0130\u015f D\u00fcnyas\u0131yla \u0130lgili Bilmek \u0130stedi\u011finiz Her \u015eey","publisher":{"@id":"https:\/\/www.kariyer.net\/kariyer-rehberi\/#organization"},"potentialAction":[{"@type":"SearchAction","target":{"@type":"EntryPoint","urlTemplate":"https:\/\/www.kariyer.net\/kariyer-rehberi\/?s={search_term_string}"},"query-input":{"@type":"PropertyValueSpecification","valueRequired":true,"valueName":"search_term_string"}}],"inLanguage":"tr"},{"@type":"Organization","@id":"https:\/\/www.kariyer.net\/kariyer-rehberi\/#organization","name":"Kariyer.net","url":"https:\/\/www.kariyer.net\/kariyer-rehberi\/","logo":{"@type":"ImageObject","inLanguage":"tr","@id":"https:\/\/www.kariyer.net\/kariyer-rehberi\/#\/schema\/logo\/image\/","url":"https:\/\/www.kariyer.net\/kariyer-rehberi-new\/wp-content\/uploads\/2023\/01\/og-image11.jpg","contentUrl":"https:\/\/www.kariyer.net\/kariyer-rehberi-new\/wp-content\/uploads\/2023\/01\/og-image11.jpg","width":800,"height":800,"caption":"Kariyer.net"},"image":{"@id":"https:\/\/www.kariyer.net\/kariyer-rehberi\/#\/schema\/logo\/image\/"}},{"@type":"Person","@id":"https:\/\/www.kariyer.net\/kariyer-rehberi\/#\/schema\/person\/94fd6e49c7ff1b1b2565a2cc4fd685dd","name":"Edit\u00f6r","image":{"@type":"ImageObject","inLanguage":"tr","@id":"https:\/\/www.kariyer.net\/kariyer-rehberi\/#\/schema\/person\/image\/","url":"https:\/\/secure.gravatar.com\/avatar\/0c4fe6688343aed3693b15573beae12c08ace5565409d5ab7509bf9c115f458d?s=96&d=mm&r=g","contentUrl":"https:\/\/secure.gravatar.com\/avatar\/0c4fe6688343aed3693b15573beae12c08ace5565409d5ab7509bf9c115f458d?s=96&d=mm&r=g","caption":"Edit\u00f6r"},"url":"https:\/\/www.kariyer.net\/kariyer-rehberi\/author\/editor\/"}]}},"_links":{"self":[{"href":"https:\/\/www.kariyer.net\/kariyer-rehberi\/wp-json\/wp\/v2\/posts\/13648","targetHints":{"allow":["GET"]}}],"collection":[{"href":"https:\/\/www.kariyer.net\/kariyer-rehberi\/wp-json\/wp\/v2\/posts"}],"about":[{"href":"https:\/\/www.kariyer.net\/kariyer-rehberi\/wp-json\/wp\/v2\/types\/post"}],"author":[{"embeddable":true,"href":"https:\/\/www.kariyer.net\/kariyer-rehberi\/wp-json\/wp\/v2\/users\/12"}],"replies":[{"embeddable":true,"href":"https:\/\/www.kariyer.net\/kariyer-rehberi\/wp-json\/wp\/v2\/comments?post=13648"}],"version-history":[{"count":0,"href":"https:\/\/www.kariyer.net\/kariyer-rehberi\/wp-json\/wp\/v2\/posts\/13648\/revisions"}],"wp:featuredmedia":[{"embeddable":true,"href":"https:\/\/www.kariyer.net\/kariyer-rehberi\/wp-json\/wp\/v2\/media\/13653"}],"wp:attachment":[{"href":"https:\/\/www.kariyer.net\/kariyer-rehberi\/wp-json\/wp\/v2\/media?parent=13648"}],"wp:term":[{"taxonomy":"category","embeddable":true,"href":"https:\/\/www.kariyer.net\/kariyer-rehberi\/wp-json\/wp\/v2\/categories?post=13648"},{"taxonomy":"post_tag","embeddable":true,"href":"https:\/\/www.kariyer.net\/kariyer-rehberi\/wp-json\/wp\/v2\/tags?post=13648"}],"curies":[{"name":"wp","href":"https:\/\/api.w.org\/{rel}","templated":true}]}}