{"id":13689,"date":"2020-06-11T10:33:00","date_gmt":"2020-06-11T07:33:00","guid":{"rendered":"https:\/\/www.kariyer.net\/kariyer-rehberi\/?p=13689"},"modified":"2024-08-08T21:09:32","modified_gmt":"2024-08-08T18:09:32","slug":"yeni-bir-mulakat-sorusu-pandemi-surecinde-neler-yaptin","status":"publish","type":"post","link":"https:\/\/www.kariyer.net\/kariyer-rehberi\/yeni-bir-mulakat-sorusu-pandemi-surecinde-neler-yaptin\/","title":{"rendered":"Yeni bir m\u00fclakat sorusu: Pandemi s\u00fcrecinde neler yapt\u0131n?"},"content":{"rendered":"<p><strong>M\u00fclakatlarda sorulabilecek olas\u0131 sorular\u0131 ve bu sorulara vermen gereken cevaplar\u0131 Kariyer Rehberi\u2019nde s\u0131k s\u0131k seninle payla\u015f\u0131yoruz. \u0130\u00e7inde bulundu\u011fumuz pandemi s\u00fcreci ise bu sorulara bir yenisini daha ekledi. Yeni kilit soru: Pandemi s\u00fcrecinde neler yapt\u0131n? Peki, bu soruya verilecek cevab\u0131n haz\u0131r m\u0131?<\/strong><\/p>\n<p>Bir i\u015f g\u00f6r\u00fc\u015fmesi s\u0131ras\u0131nda adaylar\u0131n, gerek mesleki gerekse davran\u0131\u015fsal yetkinliklerini analiz edebilmek i\u00e7in pek \u00e7ok soru sorulur. Adaylar, bu sorular\u0131n bir\u00e7o\u011funa ilgili kitaplar\u0131 ya da bloglar\u0131 okuyarak ula\u015fabilir. Ancak ge\u00e7irdi\u011fimiz pandemi s\u00fcreci nedeniyle var olan sorulara bir yenisi daha eklendi. \u0130nsan kaynaklar\u0131 proje dan\u0131\u015fman\u0131 \u0130pek Aral, bu soruya nas\u0131l cevap verilmesi gerekti\u011fini yaz\u0131m\u0131zda anlatt\u0131.<\/p>\n<p>Ya\u015fanan salg\u0131n s\u00fcreciyle birlikte hem m\u00fclakat \u015fekilleri hem de m\u00fclakatlarda sorulan sorular de\u011fi\u015fti. Bug\u00fcn m\u00fclakatlarda sorulan o klasik sorular aras\u0131na bir soru daha eklendi ki o da:<\/p>\n<p><strong>\u00a0<\/strong><strong>\u201cPandemi s\u00fcrecinde neler yapt\u0131n?\u201d <\/strong><\/p>\n<p>\u015eimdi eminim bu soruyu okuyan herkesin g\u00f6z\u00fcn\u00fcn \u00f6n\u00fcnden son \u00fc\u00e7 ay bir film \u015feridi gibi h\u0131zl\u0131ca ge\u00e7ti. \u0130ster halihaz\u0131rda bir \u015firkette \u00e7al\u0131\u015f\u0131yor ol, istersen de aktif \u015fekilde i\u015f arayan bir aday ol, bu sorunun alt\u0131n\u0131 nas\u0131l doldurdu\u011fun sana i\u015f hayat\u0131nda hi\u00e7 d\u00fc\u015f\u00fcnemeyece\u011fin f\u0131rsatlar yaratabilir.<\/p>\n<p>Pandemi s\u00fcrecinin insanlar \u00fczerinde \u00e7ok farkl\u0131 etkileri oldu. Kimisi ba\u015flang\u0131\u00e7ta adapte olmakta s\u0131k\u0131nt\u0131l\u0131yd\u0131, ama sonra a\u00e7\u0131ld\u0131. Kimisiyse ba\u015fta y\u00fcksek motivasyonluyken, ilerleyen zamanlarda bocalad\u0131.<\/p>\n<p>Ya\u015fad\u0131\u011f\u0131m\u0131z zor zamanlar hepimiz i\u00e7in b\u00fcy\u00fck bir s\u0131nav ve s\u0131nav halen de bitmi\u015f de\u011fil. Dolay\u0131s\u0131yla bu s\u0131nav\u0131 ba\u015far\u0131yla vermenin \u00f6zellikle i\u015f arama s\u00fcrecindeysek anlam\u0131n\u0131, yollar\u0131n\u0131, sonu\u00e7lar\u0131n\u0131 dikkatlice d\u00fc\u015f\u00fcnmemiz gerekir. \u00c7\u00fcnk\u00fc bir insan\u0131n ger\u00e7ek yetkinlikleri en fazla zor zamanlardaki davran\u0131\u015flar\u0131yla, tercihleriyle, geli\u015ftirmeleriyle anla\u015f\u0131l\u0131r.<\/p>\n<p>Olas\u0131 bir i\u015f g\u00f6r\u00fc\u015fmesini f\u0131rsata d\u00f6n\u00fc\u015ft\u00fcrmek i\u00e7in bir yol haritas\u0131 \u00e7\u0131kartacak olursak, a\u015fa\u011f\u0131daki ad\u0131mlar\u0131 ve \u00f6rnek davran\u0131\u015flar\u0131 izleyebiliriz;<\/p>\n<h3><strong>1. Ad\u0131m \u2013 Adapte oldum<\/strong><\/h3>\n<p>\u00d6rnek: Pandemi s\u00fcrecinin yaratt\u0131\u011f\u0131 kayg\u0131 ve korku duygusunu kontrol alt\u0131na ald\u0131m ve her yeni g\u00fcne \u015f\u00fckrederek motivasyonla ba\u015flad\u0131m.<\/p>\n<h3><strong>2. Ad\u0131m \u2013 Ara\u015ft\u0131rd\u0131m ve planlad\u0131m<\/strong><\/h3>\n<p>\u00d6rnek: Bu s\u00fcreci sa\u011fl\u0131\u011f\u0131m ve geli\u015fimim i\u00e7in nas\u0131l kullanabilirim diye s\u00fcrekli ara\u015ft\u0131rmalar yapt\u0131m, arkada\u015flar\u0131ma ve g\u00fcvendi\u011fim insanlara dan\u0131\u015ft\u0131m. Neler yapabilece\u011fimi bir zaman ve aksiyon plan\u0131na oturttum. Kendime k\u00fc\u00e7\u00fck kazan\u0131mlar tan\u0131mlad\u0131m.<\/p>\n<h3><strong>3. Ad\u0131m \u2013 Aksiyona ge\u00e7tim <\/strong><\/h3>\n<p>\u00d6rnek: Sa\u011fl\u0131\u011f\u0131m\u0131 korumak i\u00e7in d\u00fczenli spor yapt\u0131m. Geli\u015fimim i\u00e7in farkl\u0131 internet ortamlar\u0131ndaki programlara kat\u0131ld\u0131m, seminerleri takip ettim. Kitap okudum ve g\u00fcndemi takip ettim.<\/p>\n<h3><strong>4. Ad\u0131m \u2013 De\u011ferlendirdim<\/strong><\/h3>\n<p>\u00d6rnek: Zaman ve aksiyon plan\u0131m \u00e7er\u00e7evesinde yapt\u0131klar\u0131m\u0131, yapamad\u0131klar\u0131m\u0131 ve anl\u0131k geli\u015fen olaylardan elde etti\u011fim sonu\u00e7lar\u0131 de\u011ferlendirdim.<\/p>\n<h3><strong>5. Ad\u0131m \u2013 \u0130yile\u015ftirdim\/Geli\u015ftirdim<\/strong><\/h3>\n<p>\u00d6rnek: De\u011ferlendirmelerim sonunda plan\u0131mda iyile\u015ftirme, d\u00fczeltme ve geli\u015ftirmeler yapt\u0131m.<\/p>\n<p>Bir i\u015f g\u00f6r\u00fc\u015fmesinde <strong>&#8220;Pandemi s\u00fcrecinde neler yapt\u0131n?&#8221;<\/strong> sorusuna adaylar ne kadar organize, \u00f6zg\u00fcn ve bilin\u00e7li cevap verirse, bu adaya hi\u00e7 d\u00fc\u015f\u00fcnmedi\u011fi f\u0131rsatlar yaratabilir.<\/p>\n<p>Krizin yaratt\u0131\u011f\u0131 bu f\u0131rsatlar\u0131 ka\u00e7\u0131rmay\u0131n!<\/p>\n<p><strong>Konuk Yazar:<\/strong> \u0130pek Aral \/ \u0130nsan Kaynaklar\u0131 Proje Dan\u0131\u015fman\u0131<\/p>\n<!-- templates\/buttons-placeholder.php -->\n<div class=\"da-reactions-outer TpostID13689\">\n\t    <div class=\"da-reactions-data da-reactions-container-async center\"\n         data-type=\"post\"\n         data-id=\"13689\"\n         id=\"da-reactions-slot-post-13689\">\n        <div class=\"da-reactions-static\">\n\t\t\t<img src=\"https:\/\/www.kariyer.net\/kariyer-rehberi\/wp-content\/plugins\/da-reactions\/assets\/dist\/loading.svg\" alt=\"Loading spinner\" width=\"48\" height=\"48\" style=\"width:48px\" \/>\n        <\/div>\n    <\/div>\n<\/div>\n","protected":false},"excerpt":{"rendered":"<p>M\u00fclakatlarda sorulabilecek olas\u0131 sorular\u0131 ve bu sorulara vermen gereken cevaplar\u0131 Kariyer Rehberi\u2019nde s\u0131k s\u0131k seninle payla\u015f\u0131yoruz. \u0130\u00e7inde bulundu\u011fumuz pandemi s\u00fcreci ise bu sorulara bir yenisini daha ekledi. Yeni kilit soru: Pandemi s\u00fcrecinde neler yapt\u0131n? Peki, bu soruya verilecek cevab\u0131n haz\u0131r m\u0131? Bir i\u015f g\u00f6r\u00fc\u015fmesi s\u0131ras\u0131nda adaylar\u0131n, gerek mesleki gerekse davran\u0131\u015fsal yetkinliklerini analiz edebilmek i\u00e7in pek [&hellip;]<\/p>\n<!-- templates\/buttons-placeholder.php -->\n<div class=\"da-reactions-outer TpostID13689\">\n\t    <div class=\"da-reactions-data da-reactions-container-async center\"\n         data-type=\"post\"\n         data-id=\"13689\"\n         id=\"da-reactions-slot-post-13689\">\n        <div class=\"da-reactions-static\">\n\t\t\t<img src=\"https:\/\/www.kariyer.net\/kariyer-rehberi\/wp-content\/plugins\/da-reactions\/assets\/dist\/loading.svg\" alt=\"Loading spinner\" width=\"48\" height=\"48\" style=\"width:48px\" \/>\n        <\/div>\n    <\/div>\n<\/div>\n","protected":false},"author":9,"featured_media":13692,"comment_status":"open","ping_status":"open","sticky":false,"template":"","format":"standard","meta":{"footnotes":"","_elementor_edit_mode":"","_elementor_template_type":"","_elementor_data":"","_elementor_page_settings":null,"_elementor_conditions":[]},"categories":[43,42,44,45,2214],"tags":[1486,1467,259,1532],"class_list":{"0":"post-13689","1":"post","2":"type-post","3":"status-publish","4":"format-standard","5":"has-post-thumbnail","7":"category-is-gorusmesine-hazirlik","8":"category-mulakat","9":"category-mulakat-sorulari","10":"category-mulakat-taktikleri","11":"category-yasam","12":"tag-corona","13":"tag-ipek-aral","14":"tag-mulakat-sorulari","15":"tag-pandemi"},"yoast_head":"<!-- This site is optimized with the Yoast SEO Premium plugin v21.4 (Yoast SEO v27.0) - https:\/\/yoast.com\/product\/yoast-seo-premium-wordpress\/ -->\n<title>Yeni bir m\u00fclakat sorusu: Pandemi s\u00fcrecinde neler yapt\u0131n? | Kariyer Rehberi<\/title>\n<meta name=\"description\" content=\"M\u00fclakatlarda sorulabilecek olas\u0131 sorular\u0131 ve bu sorulara vermen gereken cevaplar\u0131 Kariyer Rehberi\u2019nde s\u0131k s\u0131k seninle payla\u015f\u0131yoruz. \u0130\u00e7inde bulundu\u011fumuz\" \/>\n<meta name=\"robots\" content=\"index, follow, max-snippet:-1, max-image-preview:large, max-video-preview:-1\" \/>\n<link rel=\"canonical\" href=\"https:\/\/www.kariyer.net\/kariyer-rehberi\/yeni-bir-mulakat-sorusu-pandemi-surecinde-neler-yaptin\/\" \/>\n<meta property=\"og:locale\" content=\"tr_TR\" \/>\n<meta property=\"og:type\" content=\"article\" \/>\n<meta property=\"og:title\" content=\"Yeni bir m\u00fclakat sorusu: Pandemi s\u00fcrecinde neler yapt\u0131n?\" \/>\n<meta property=\"og:description\" content=\"M\u00fclakatlarda sorulabilecek olas\u0131 sorular\u0131 ve bu sorulara vermen gereken cevaplar\u0131 Kariyer Rehberi\u2019nde s\u0131k s\u0131k seninle payla\u015f\u0131yoruz. \u0130\u00e7inde bulundu\u011fumuz\" \/>\n<meta property=\"og:url\" content=\"https:\/\/www.kariyer.net\/kariyer-rehberi\/yeni-bir-mulakat-sorusu-pandemi-surecinde-neler-yaptin\/\" \/>\n<meta property=\"og:site_name\" content=\"Kariyer Rehberi\" \/>\n<meta property=\"article:published_time\" content=\"2020-06-11T07:33:00+00:00\" \/>\n<meta property=\"article:modified_time\" content=\"2024-08-08T18:09:32+00:00\" \/>\n<meta property=\"og:image\" content=\"https:\/\/www.kariyer.net\/kariyer-rehberi\/wp-content\/uploads\/2020\/06\/iStock-1220613712.jpg\" \/>\n\t<meta property=\"og:image:width\" content=\"900\" \/>\n\t<meta property=\"og:image:height\" content=\"600\" \/>\n\t<meta property=\"og:image:type\" content=\"image\/jpeg\" \/>\n<meta name=\"author\" content=\"Konuk Yazar\" \/>\n<meta name=\"twitter:card\" content=\"summary_large_image\" \/>\n<meta name=\"twitter:label1\" content=\"Yazan:\" \/>\n\t<meta name=\"twitter:data1\" content=\"Konuk Yazar\" \/>\n\t<meta name=\"twitter:label2\" content=\"Tahmini okuma s\u00fcresi\" \/>\n\t<meta name=\"twitter:data2\" content=\"3 dakika\" \/>\n<!-- \/ Yoast SEO Premium plugin. -->","yoast_head_json":{"title":"Yeni bir m\u00fclakat sorusu: Pandemi s\u00fcrecinde neler yapt\u0131n? | Kariyer Rehberi","description":"M\u00fclakatlarda sorulabilecek olas\u0131 sorular\u0131 ve bu sorulara vermen gereken cevaplar\u0131 Kariyer Rehberi\u2019nde s\u0131k s\u0131k seninle payla\u015f\u0131yoruz. \u0130\u00e7inde bulundu\u011fumuz","robots":{"index":"index","follow":"follow","max-snippet":"max-snippet:-1","max-image-preview":"max-image-preview:large","max-video-preview":"max-video-preview:-1"},"canonical":"https:\/\/www.kariyer.net\/kariyer-rehberi\/yeni-bir-mulakat-sorusu-pandemi-surecinde-neler-yaptin\/","og_locale":"tr_TR","og_type":"article","og_title":"Yeni bir m\u00fclakat sorusu: Pandemi s\u00fcrecinde neler yapt\u0131n?","og_description":"M\u00fclakatlarda sorulabilecek olas\u0131 sorular\u0131 ve bu sorulara vermen gereken cevaplar\u0131 Kariyer Rehberi\u2019nde s\u0131k s\u0131k seninle payla\u015f\u0131yoruz. \u0130\u00e7inde bulundu\u011fumuz","og_url":"https:\/\/www.kariyer.net\/kariyer-rehberi\/yeni-bir-mulakat-sorusu-pandemi-surecinde-neler-yaptin\/","og_site_name":"Kariyer Rehberi","article_published_time":"2020-06-11T07:33:00+00:00","article_modified_time":"2024-08-08T18:09:32+00:00","og_image":[{"width":900,"height":600,"url":"https:\/\/www.kariyer.net\/kariyer-rehberi\/wp-content\/uploads\/2020\/06\/iStock-1220613712.jpg","type":"image\/jpeg"}],"author":"Konuk Yazar","twitter_card":"summary_large_image","twitter_misc":{"Yazan:":"Konuk Yazar","Tahmini okuma s\u00fcresi":"3 dakika"},"schema":{"@context":"https:\/\/schema.org","@graph":[{"@type":"Article","@id":"https:\/\/www.kariyer.net\/kariyer-rehberi\/yeni-bir-mulakat-sorusu-pandemi-surecinde-neler-yaptin\/#article","isPartOf":{"@id":"https:\/\/www.kariyer.net\/kariyer-rehberi\/yeni-bir-mulakat-sorusu-pandemi-surecinde-neler-yaptin\/"},"author":{"name":"Konuk Yazar","@id":"https:\/\/www.kariyer.net\/kariyer-rehberi\/#\/schema\/person\/6154a58a8375a4df7f7fc847997c4657"},"headline":"Yeni bir m\u00fclakat sorusu: Pandemi s\u00fcrecinde neler yapt\u0131n?","datePublished":"2020-06-11T07:33:00+00:00","dateModified":"2024-08-08T18:09:32+00:00","mainEntityOfPage":{"@id":"https:\/\/www.kariyer.net\/kariyer-rehberi\/yeni-bir-mulakat-sorusu-pandemi-surecinde-neler-yaptin\/"},"wordCount":598,"commentCount":0,"publisher":{"@id":"https:\/\/www.kariyer.net\/kariyer-rehberi\/#organization"},"image":{"@id":"https:\/\/www.kariyer.net\/kariyer-rehberi\/yeni-bir-mulakat-sorusu-pandemi-surecinde-neler-yaptin\/#primaryimage"},"thumbnailUrl":"https:\/\/www.kariyer.net\/kariyer-rehberi\/wp-content\/uploads\/2020\/06\/iStock-1220613712.jpg","keywords":["Corona","\u0130pek Aral","M\u00fclakat Sorular\u0131","pandemi"],"articleSection":["\u0130\u015f G\u00f6r\u00fc\u015fmesine Haz\u0131rl\u0131k","M\u00fclakat","M\u00fclakat Sorular\u0131","M\u00fclakat Taktikleri","Ya\u015fam"],"inLanguage":"tr","potentialAction":[{"@type":"CommentAction","name":"Comment","target":["https:\/\/www.kariyer.net\/kariyer-rehberi\/yeni-bir-mulakat-sorusu-pandemi-surecinde-neler-yaptin\/#respond"]}]},{"@type":"WebPage","@id":"https:\/\/www.kariyer.net\/kariyer-rehberi\/yeni-bir-mulakat-sorusu-pandemi-surecinde-neler-yaptin\/","url":"https:\/\/www.kariyer.net\/kariyer-rehberi\/yeni-bir-mulakat-sorusu-pandemi-surecinde-neler-yaptin\/","name":"Yeni bir m\u00fclakat sorusu: Pandemi s\u00fcrecinde neler yapt\u0131n? | Kariyer Rehberi","isPartOf":{"@id":"https:\/\/www.kariyer.net\/kariyer-rehberi\/#website"},"primaryImageOfPage":{"@id":"https:\/\/www.kariyer.net\/kariyer-rehberi\/yeni-bir-mulakat-sorusu-pandemi-surecinde-neler-yaptin\/#primaryimage"},"image":{"@id":"https:\/\/www.kariyer.net\/kariyer-rehberi\/yeni-bir-mulakat-sorusu-pandemi-surecinde-neler-yaptin\/#primaryimage"},"thumbnailUrl":"https:\/\/www.kariyer.net\/kariyer-rehberi\/wp-content\/uploads\/2020\/06\/iStock-1220613712.jpg","datePublished":"2020-06-11T07:33:00+00:00","dateModified":"2024-08-08T18:09:32+00:00","description":"M\u00fclakatlarda sorulabilecek olas\u0131 sorular\u0131 ve bu sorulara vermen gereken cevaplar\u0131 Kariyer Rehberi\u2019nde s\u0131k s\u0131k seninle payla\u015f\u0131yoruz. \u0130\u00e7inde bulundu\u011fumuz","breadcrumb":{"@id":"https:\/\/www.kariyer.net\/kariyer-rehberi\/yeni-bir-mulakat-sorusu-pandemi-surecinde-neler-yaptin\/#breadcrumb"},"inLanguage":"tr","potentialAction":[{"@type":"ReadAction","target":["https:\/\/www.kariyer.net\/kariyer-rehberi\/yeni-bir-mulakat-sorusu-pandemi-surecinde-neler-yaptin\/"]}]},{"@type":"ImageObject","inLanguage":"tr","@id":"https:\/\/www.kariyer.net\/kariyer-rehberi\/yeni-bir-mulakat-sorusu-pandemi-surecinde-neler-yaptin\/#primaryimage","url":"https:\/\/www.kariyer.net\/kariyer-rehberi\/wp-content\/uploads\/2020\/06\/iStock-1220613712.jpg","contentUrl":"https:\/\/www.kariyer.net\/kariyer-rehberi\/wp-content\/uploads\/2020\/06\/iStock-1220613712.jpg","width":900,"height":600},{"@type":"BreadcrumbList","@id":"https:\/\/www.kariyer.net\/kariyer-rehberi\/yeni-bir-mulakat-sorusu-pandemi-surecinde-neler-yaptin\/#breadcrumb","itemListElement":[{"@type":"ListItem","position":1,"name":"Anasayfa","item":"https:\/\/www.kariyer.net\/kariyer-rehberi\/"},{"@type":"ListItem","position":2,"name":"Yeni bir m\u00fclakat sorusu: Pandemi s\u00fcrecinde neler yapt\u0131n?"}]},{"@type":"WebSite","@id":"https:\/\/www.kariyer.net\/kariyer-rehberi\/#website","url":"https:\/\/www.kariyer.net\/kariyer-rehberi\/","name":"Kariyer Rehberi","description":"\u0130\u015f D\u00fcnyas\u0131yla \u0130lgili Bilmek \u0130stedi\u011finiz Her \u015eey","publisher":{"@id":"https:\/\/www.kariyer.net\/kariyer-rehberi\/#organization"},"potentialAction":[{"@type":"SearchAction","target":{"@type":"EntryPoint","urlTemplate":"https:\/\/www.kariyer.net\/kariyer-rehberi\/?s={search_term_string}"},"query-input":{"@type":"PropertyValueSpecification","valueRequired":true,"valueName":"search_term_string"}}],"inLanguage":"tr"},{"@type":"Organization","@id":"https:\/\/www.kariyer.net\/kariyer-rehberi\/#organization","name":"Kariyer.net","url":"https:\/\/www.kariyer.net\/kariyer-rehberi\/","logo":{"@type":"ImageObject","inLanguage":"tr","@id":"https:\/\/www.kariyer.net\/kariyer-rehberi\/#\/schema\/logo\/image\/","url":"https:\/\/www.kariyer.net\/kariyer-rehberi-new\/wp-content\/uploads\/2023\/01\/og-image11.jpg","contentUrl":"https:\/\/www.kariyer.net\/kariyer-rehberi-new\/wp-content\/uploads\/2023\/01\/og-image11.jpg","width":800,"height":800,"caption":"Kariyer.net"},"image":{"@id":"https:\/\/www.kariyer.net\/kariyer-rehberi\/#\/schema\/logo\/image\/"}},{"@type":"Person","@id":"https:\/\/www.kariyer.net\/kariyer-rehberi\/#\/schema\/person\/6154a58a8375a4df7f7fc847997c4657","name":"Konuk Yazar","image":{"@type":"ImageObject","inLanguage":"tr","@id":"https:\/\/www.kariyer.net\/kariyer-rehberi\/#\/schema\/person\/image\/","url":"https:\/\/secure.gravatar.com\/avatar\/f03aa189ddb09160e6f0ad7e5e2c4b69c7102a041cc145a1e45a96f0100baa41?s=96&d=mm&r=g","contentUrl":"https:\/\/secure.gravatar.com\/avatar\/f03aa189ddb09160e6f0ad7e5e2c4b69c7102a041cc145a1e45a96f0100baa41?s=96&d=mm&r=g","caption":"Konuk Yazar"},"url":"https:\/\/www.kariyer.net\/kariyer-rehberi\/author\/konukyazar\/"}]}},"_links":{"self":[{"href":"https:\/\/www.kariyer.net\/kariyer-rehberi\/wp-json\/wp\/v2\/posts\/13689","targetHints":{"allow":["GET"]}}],"collection":[{"href":"https:\/\/www.kariyer.net\/kariyer-rehberi\/wp-json\/wp\/v2\/posts"}],"about":[{"href":"https:\/\/www.kariyer.net\/kariyer-rehberi\/wp-json\/wp\/v2\/types\/post"}],"author":[{"embeddable":true,"href":"https:\/\/www.kariyer.net\/kariyer-rehberi\/wp-json\/wp\/v2\/users\/9"}],"replies":[{"embeddable":true,"href":"https:\/\/www.kariyer.net\/kariyer-rehberi\/wp-json\/wp\/v2\/comments?post=13689"}],"version-history":[{"count":1,"href":"https:\/\/www.kariyer.net\/kariyer-rehberi\/wp-json\/wp\/v2\/posts\/13689\/revisions"}],"predecessor-version":[{"id":20613,"href":"https:\/\/www.kariyer.net\/kariyer-rehberi\/wp-json\/wp\/v2\/posts\/13689\/revisions\/20613"}],"wp:featuredmedia":[{"embeddable":true,"href":"https:\/\/www.kariyer.net\/kariyer-rehberi\/wp-json\/wp\/v2\/media\/13692"}],"wp:attachment":[{"href":"https:\/\/www.kariyer.net\/kariyer-rehberi\/wp-json\/wp\/v2\/media?parent=13689"}],"wp:term":[{"taxonomy":"category","embeddable":true,"href":"https:\/\/www.kariyer.net\/kariyer-rehberi\/wp-json\/wp\/v2\/categories?post=13689"},{"taxonomy":"post_tag","embeddable":true,"href":"https:\/\/www.kariyer.net\/kariyer-rehberi\/wp-json\/wp\/v2\/tags?post=13689"}],"curies":[{"name":"wp","href":"https:\/\/api.w.org\/{rel}","templated":true}]}}