{"id":1372,"date":"2011-10-06T03:00:00","date_gmt":"2011-10-06T00:00:00","guid":{"rendered":"http:\/\/92.45.35.169\/remax-beyaz-gayrimenkul-hedef-buyutuyor\/"},"modified":"2024-07-03T14:56:11","modified_gmt":"2024-07-03T11:56:11","slug":"remax-beyaz-gayrimenkul-hedef-buyutuyor","status":"publish","type":"post","link":"https:\/\/www.kariyer.net\/kariyer-rehberi\/remax-beyaz-gayrimenkul-hedef-buyutuyor\/","title":{"rendered":"Remax Beyaz Gayrimenkul hedef b\u00fcy\u00fct\u00fcyor"},"content":{"rendered":"<div style=\"margin: auto 0cm;\"><strong><span style=\"font-size: 9pt;\">Remax Beyaz Gayrimenkul Bursa Nil\u00fcfer Esentepe\u2019de Ekim 2010\u2019dan bu yana gayrimenkul konusunda hizmet veriyor. Remax Beyaz Gayrimenkul\u2019den <\/span><\/strong><strong><span style=\"font-size: 9pt;\">Broker Fatih Ko\u015ftu ve Broker Halil \u015eahin, RE\/MAX\u2019in d\u00fcnya genelinde ba\u015far\u0131ya ula\u015ft\u0131\u011f\u0131 gayrimenkul sekt\u00f6r\u00fcnde kurumsal ve profesyonel \u00e7al\u0131\u015fmay\u0131, b\u00f6lgelerinde ger\u00e7ekle\u015ftirmeyi hedefliyor.\u00a0<\/span><\/strong><\/div>\n<div style=\"margin: auto 0cm;\"><\/div>\n<div style=\"margin: auto 0cm;\"><span style=\"font-size: 9pt;\">1973 Y\u0131l\u0131nda Kurulan<\/span><span style=\"font-size: 9pt;\">RE\/MAX, Bug\u00fcn D\u00fcnyada En \u00c7ok Gayrimenkul Sat\u0131\u015f\u0131 Ger\u00e7ekle\u015ftiren Kurumu.<\/span><span style=\"font-size: 9pt;\">78<\/span><span style=\"font-size: 9pt;\">\u00dclkede, Yakla\u015f\u0131k<\/span><span style=\"font-size: 9pt;\">6700<\/span><span style=\"font-size: 9pt;\">0fis Ve<\/span><span style=\"font-size: 9pt;\">94bin<\/span><span style=\"font-size: 9pt;\">\u00c7al\u0131\u015fan\u0131 Bulunuyor. \u00dclkemizde Tek \u015eirketler Grubu Taraf\u0131ndan Kurulan<\/span><span style=\"font-size: 9pt;\">RE\/MAX<\/span><span style=\"font-size: 9pt;\">T\u00fcrkiye Genel M\u00fcd\u00fcrl\u00fck, T\u00fcrkiye ve KKTC&#8217;yi Kaps\u0131yor.<\/span><span style=\"font-size: 9pt;\">RE\/MAX<\/span><span style=\"font-size: 9pt;\">T\u00fcrkiye <span>196<\/span><\/span><span style=\"font-size: 9pt;\">giri\u015fimci taraf\u0131ndan yayg\u0131n modern ofisleri ile profesyonel gayrimenkul pazarlama ve dan\u0131\u015fmanl\u0131k hizmeti veriyor. 1997 y\u0131l\u0131ndan bug\u00fcne \u00fclkemizde faaliyette bulunan<\/span><span style=\"font-size: 9pt;\">RE\/MAX, \u00fclkemizde yeni i\u015f kurmak isteyenlere muhte\u015fem f\u0131rsatlar sunuyor.<\/span><span style=\"font-size: 9pt;\"><span style=\"font-size: 9pt;\"><br \/>\nkendi i\u015fini kurarak gelir elde etmek isteyen giri\u015fimci ruhlar\u0131n adresi RE\/MAX, son 7 y\u0131ld\u0131r t\u00fcrk gayrimenkul sekt\u00f6r\u00fcnde hep ilklere imza att\u0131. Profesyonel gayrimenkul dan\u0131\u015fmanl\u0131\u011f\u0131 hizmeti, t\u00fcm d\u00fcnyada gayrimenkul pazarlama imkan\u0131, en yeni teknolojiyle en kapsaml\u0131 e\u011fitimler, yayg\u0131n network a\u011f\u0131 bug\u00fcne kadar t\u00fcrkiye&#8217;de ilk kez\u00a0re\/max\u00a0t\u00fcrkiye taraf\u0131ndan hayata ge\u00e7irildi. Remax Beyaz Gayrimenkul Bursa Nil\u00fcfer Esentepe\u2019de Ekim 2010\u2019dan bu yana gayrimenkul konusunda b\u00f6lgenin nabz\u0131n\u0131 elinde tutuyor. Gerek vizyonuyla gerekse \u00e7al\u0131\u015fma sistemindeki farkla, gayrimenkul pazarlamas\u0131nda profesyonel, etkin ve sonu\u00e7lar\u0131 ba\u015far\u0131l\u0131 hizmetler veriyor. Remax Beyaz Gayrimenkul\u2019den Broker Fatih Ko\u015ftu ve Broker Halil \u015eahin \u201cGayrimenkulleri \u0130nsanlar\u0131n En De\u011ferli Varl\u0131klar\u0131d\u0131r\u201d d\u00fc\u015f\u00fcncesiyle, tek ve yetkili sat\u0131c\u0131 olarak pazarlamas\u0131n\u0131 yapt\u0131klar\u0131 gayrimenkul\u00fcn sahiplerine, pazarlama s\u00fcresince geli\u015fmelerden ve pazar hakk\u0131nda bilgiler vererek g\u00fcven sa\u011flamay\u0131 hedeflediklerini anlat\u0131yor.<br \/>\nFatih Ko\u015ftu ve Halil \u015eahin \u015funlar\u0131 s\u00f6yl\u00fcyor: \u201cRE\/MAX Beyaz i\u00e7in as\u0131l olan m\u00fc\u015fteri memnuniyeti ve s\u00fcreklili\u011fidir. \u00e7\u00fcnk\u00fc biliriz ki i\u015fimizi en do\u011fru ve en rahat geli\u015ftirme imk\u00e2n\u0131n\u0131 memnun m\u00fc\u015fteriler sa\u011flar. b\u00f6ylece etki \u00e7evremiz ve m\u00fc\u015fteri say\u0131m\u0131z h\u0131zla art\u0131\u015f g\u00f6steriyor\u201d<\/span><\/span><strong>Hangi hizmetleri veriyorsunuz?<\/strong><\/div>\n<div style=\"margin: auto 0cm;\"><span style=\"font-size: 9pt;\">Al\u0131m\/Sat\u0131m Arac\u0131l\u0131k Hizmetleri: <\/span><span style=\"font-size: 9pt;\">Genel gayrimenkul piyasas\u0131nda konut-i\u015fyeri-arazi gibi t\u00fcm gayrimenkullerin al\u0131m\/sat\u0131m\u0131na arac\u0131l\u0131k etmek bir ba\u015fka de\u011fi\u015fle al\u0131c\u0131\/sat\u0131c\u0131 yada her ikisinin birden m\u00fc\u015favirli\u011fini y\u00fcr\u00fctmek.<\/span><\/div>\n<div style=\"margin: auto 0cm;\"><span style=\"font-size: 9pt;\">Kiralama Arac\u0131l\u0131k Hizmetleri:<\/span><span style=\"font-size: 9pt;\"> T\u00fcm gayrimenkullerin kiralanmas\u0131nda arac\u0131l\u0131k etmek bir ba\u015fka de\u011fi\u015fle kiraya veren\/kirac\u0131 yada her ikisinin birden m\u00fc\u015favirli\u011fini y\u00fcr\u00fctmek.<\/span><\/div>\n<div style=\"margin: auto 0cm;\"><span style=\"font-size: 9pt;\">Ekspertiz Hizmeti:<\/span><span style=\"font-size: 9pt;\"> T\u00fcm gayrimenkullerin reel sat\u0131\u015f yada kiralama de\u011ferlerinin tespiti hizmeti.<\/span><\/div>\n<div style=\"margin: auto 0cm;\"><span style=\"font-size: 9pt;\">Portf\u00f6y Y\u00f6netimi: <\/span><span style=\"font-size: 9pt;\">Ger\u00e7ek ki\u015fi yada kurumlar\u0131n sahibi bulunduklar\u0131 veya bulunacaklar\u0131 gayrimenkullerin al\u0131m\u0131, sat\u0131m\u0131, kiralanmas\u0131 ve m\u00fclkiyette bulundu\u011fu s\u00fcrece zaruri yasal i\u015flemlerinin y\u00fcr\u00fct\u00fclmesi.<\/span><\/div>\n<div style=\"margin: auto 0cm;\"><span style=\"font-size: 9pt;\">Yat\u0131r\u0131m Dan\u0131\u015fmanl\u0131\u011f\u0131: <\/span><span style=\"font-size: 9pt;\"><span style=\"font-size: 9pt;\">Ger\u00e7ek ki\u015fi yada kurumlar\u0131n verecekleri gayrimenkul yat\u0131r\u0131m karar\u0131 sonras\u0131, onlara reel piyasada o i\u00e7in en uygun b\u00f6lge, cins, fiyat gibi konularda dan\u0131\u015fmanl\u0131k hizmeti.<\/span><\/span>&nbsp;<\/p>\n<\/div>\n<div style=\"margin: auto 0cm;\"><strong><span style=\"font-size: 9pt;\">Performans de\u011ferlendirme sisteminizden bahseder misiniz?<\/span><\/strong><\/div>\n<div style=\"margin: auto 0cm;\"><span style=\"font-size: 9pt;\"><span style=\"font-size: 9pt;\">\u015eirketimizde yetkinlik ve hedef bazl\u0131 performans y\u00f6netim sistemi uygulan\u0131yor. Uygulad\u0131\u011f\u0131m\u0131z performans y\u00f6netim sistemi ile t\u00fcm aile bireylerimize do\u011fru geri bildirimde bulunarak, yetkinliklerini geli\u015ftirebilmek, ayn\u0131 zamanda hedef bazl\u0131 de\u011ferlendirme ile \u015firketin genel hedeflerine katk\u0131da bulunabilmelerini sa\u011flamak odakland\u0131\u011f\u0131m\u0131z noktad\u0131r. Performans d\u00f6nemi sonunda elde etti\u011fimiz verilerle aile bireylerimizin yetkinliklerini geli\u015ftirerek, ki\u015fisel geli\u015fimlerine katk\u0131da bulunabilmek i\u00e7in gerekli e\u011fitimlere y\u00f6nlendirilmektedir. Buradan yola \u00e7\u0131karak aile bireylerimize en uygun kariyer planlamas\u0131n\u0131 ve ayn\u0131 zamanda performansa ba\u011fl\u0131 \u00fccret ve kazan\u00e7 payla\u015f\u0131m sistemini modelliyoruz.<\/span><\/span>&nbsp;<\/p>\n<\/div>\n<div style=\"text-align: justify; margin: auto 0cm;\"><strong><span style=\"font-size: 9pt;\">\u00c7al\u0131\u015fanlar\u0131n\u0131z\u0131n motivasyonu ad\u0131na ne gibi ik uygulamalar\u0131 ger\u00e7ekle\u015ftiriyorsunuz?<\/span><\/strong><\/div>\n<div style=\"text-align: justify; margin: auto 0cm;\"><span style=\"font-size: 9pt;\">Motivasyon i\u00e7in sorumluluk vermek gerekir.<\/span><span style=\"font-size: 9pt;\"><span style=\"font-size: 9pt;\"> \u015firket olarak \u00f6ncelikle \u00e7al\u0131\u015fanlar\u0131m\u0131z\u0131 kendi yetkinliklerine uygun olarak sorumluluk vererek motive etmeyi ama\u00e7l\u0131yoruz. T\u00fcm \u0130nsan Kaynaklar\u0131 fonksiyonlar\u0131n\u0131n, gayri maddi motivasyon sa\u011flay\u0131c\u0131 bir fakt\u00f6r olma \u00f6zelli\u011fi vard\u0131r. \u0130yi bir kariyer y\u00f6netimi sisteminin kurulmu\u015f olmas\u0131, yeterli ve adil bir \u00fccret sistemi, etkili ve objektif bir performans de\u011ferlendirme sistemi, mesleki ve ki\u015fisel geli\u015fimi sa\u011flayan e\u011fitim olanaklar\u0131 gibi\u00a0\u00e7al\u0131\u015fanlar\u0131 motive edecek \u00f6zelliklere sahiptir. Do\u011fal olarak bu sistemlerin olmamas\u0131, k\u00f6t\u00fc kurulmu\u015f ya da k\u00f6t\u00fc i\u015fletiliyor olmas\u0131 da motivasyon \u00fczerinde olumsuz etki yapaca\u011f\u0131ndan bu hususlara dikkat ediyoruz.<\/span><\/span>&nbsp;<\/p>\n<\/div>\n<div style=\"text-align: justify; margin: auto 0cm;\"><strong><span style=\"font-size: 9pt;\">\u00c7al\u0131\u015fanlar\u0131n\u0131za ne gibi e\u011fitim olanaklar\u0131 sa\u011fl\u0131yorsunuz?<\/span><\/strong><\/div>\n<div style=\"text-align: justify; margin: auto 0cm;\"><span style=\"font-size: 9pt;\">RE\/MAX<\/span><span style=\"font-size: 9pt;\">fark\u0131n\u0131 yaratan en \u00f6nemli etken e\u011fitim. E\u011fitimlerin kapsam\u0131nda d\u00fcnyada uygulanan pazarlama teknikleri ve trendleri, teknolojideki son yenilikler, sistemin i\u015fleyi\u015fi ve sekt\u00f6rde ya\u015fanan geli\u015fmeler bulunuyor. Yurti\u00e7inden ve yurtd\u0131\u015f\u0131ndan alan\u0131nda uzman, deneyimli e\u011fitmenler taraf\u0131ndan re\/max<\/span><span style=\"font-size: 9pt;\"><span style=\"font-size: 9pt;\">T\u00fcrkiye broker\/owner ve m\u00fc\u015fteri temsilcileri s\u00fcrekli e\u011fitimlere kat\u0131larak bilgilerini yeniliyor.<\/span><\/span>&nbsp;<\/p>\n<\/div>\n<div style=\"text-align: justify; margin: auto 0cm;\"><strong><span style=\"font-size: 9pt;\">Firma olarak neler hedefliyorsunuz?<br \/>\n<\/span><\/strong><\/div>\n<div style=\"text-align: justify; margin: auto 0cm;\"><span style=\"font-size: 9pt;\">Amac\u0131m\u0131z RE\/MAX\u2019in d\u00fcnya genelinde olu\u015fturdu\u011fu ve bu sayede b\u00fcy\u00fck ba\u015far\u0131lara ula\u015ft\u0131\u011f\u0131; gayrimenkul sekt\u00f6r\u00fcnde kurumsal ve profesyonel \u00e7al\u0131\u015fmay\u0131 \u00fclkemizde, b\u00f6lgemizde ger\u00e7ekle\u015ftirmektir. \u00dclkemiz gayrimenkul sekt\u00f6r\u00fcn\u00fcn bu alandaki bo\u015flu\u011fu nedeniyle gayrimenkul i\u015flemleri \u00e7o\u011funlukla mal sahipleri ya da yetkisiz ki\u015filer taraf\u0131ndan yap\u0131l\u0131yor dolay\u0131s\u0131yla bu sekt\u00f6rde profesyonel \u00e7al\u0131\u015fmalar\u0131n eksikli\u011fi kendisini g\u00f6steriyor. RE\/MAX\u2019in \u00fclkemize geli\u015fiyle birlikte ba\u015flayan kurumsal \u00e7al\u0131\u015fmalar\u0131 ve b\u00fcnyesinde \u00e7al\u0131\u015fan, \u015fu an say\u0131lar\u0131 1.000\u2019i a\u015fan gayrimenkul dan\u0131\u015fman\u0131 acentelerin profesyonel \u00e7al\u0131\u015fmalar\u0131 sekt\u00f6rdeki bu eksikli\u011fi gidermeye ba\u015flam\u0131\u015ft\u0131r. Bunun sonucunda da re\/max ofisleri ve acenteleri k\u0131sa zamanda sekt\u00f6rde ilk s\u0131raya gelmeyi ba\u015farm\u0131\u015flard\u0131r. Biz de bu ekibin bir par\u00e7as\u0131 olarak sekt\u00f6rde etik kurallar\u0131m\u0131z \u00e7er\u00e7evesinde, y\u00fcksek kalitede hizmet; bilgi, e\u011fitim ve teknoloji bilinciyle s\u00f6z sahibi olmay\u0131 hedefliyoruz.<\/span><\/div>\n<div style=\"text-align: justify; margin: auto 0cm;\"><strong><span style=\"font-size: 9pt;\"><br \/>\nKariyer.net\u2019ten nas\u0131l yararlan\u0131yorsunuz? <\/span><\/strong><\/div>\n<div style=\"text-align: justify; margin: auto 0cm;\"><span style=\"font-size: 9pt;\">\u0130\u015f ortaklar\u0131m\u0131z\u0131, bizim deyimimizle aile bireylerimizi kariye.net arac\u0131l\u0131\u011f\u0131yla buluyoruz. B\u00f6lgesel sayfalar\u0131 ve kusursuz m\u00fc\u015fteri hizmetleri sayesinde arad\u0131\u011f\u0131m\u0131z adaya en k\u0131sa s\u00fcrede ula\u015f\u0131yoruz. Detayl\u0131 ba\u015fvuru filtreleme \u00f6zelli\u011fi ve kariyer form en be\u011fendi\u011fimiz ve i\u015flevsel \u00f6zellikleri.<\/span><\/div>\n<!-- templates\/buttons-placeholder.php -->\n<div class=\"da-reactions-outer TpostID1372\">\n\t    <div class=\"da-reactions-data da-reactions-container-async center\"\n         data-type=\"post\"\n         data-id=\"1372\"\n         id=\"da-reactions-slot-post-1372\">\n        <div class=\"da-reactions-static\">\n\t\t\t<img src=\"https:\/\/www.kariyer.net\/kariyer-rehberi\/wp-content\/plugins\/da-reactions\/assets\/dist\/loading.svg\" alt=\"Loading spinner\" width=\"48\" height=\"48\" style=\"width:48px\" \/>\n        <\/div>\n    <\/div>\n<\/div>\n","protected":false},"excerpt":{"rendered":"<p>Remax Beyaz Gayrimenkul Bursa Nil\u00fcfer Esentepe\u2019de Ekim 2010\u2019dan bu yana gayrimenkul konusunda hizmet veriyor. Remax Beyaz Gayrimenkul\u2019den Broker Fatih Ko\u015ftu ve Broker Halil \u015eahin, RE\/MAX\u2019in d\u00fcnya genelinde ba\u015far\u0131ya ula\u015ft\u0131\u011f\u0131 gayrimenkul sekt\u00f6r\u00fcnde kurumsal ve profesyonel \u00e7al\u0131\u015fmay\u0131, b\u00f6lgelerinde ger\u00e7ekle\u015ftirmeyi hedefliyor.\u00a0 1973 Y\u0131l\u0131nda KurulanRE\/MAX, Bug\u00fcn D\u00fcnyada En \u00c7ok Gayrimenkul Sat\u0131\u015f\u0131 Ger\u00e7ekle\u015ftiren Kurumu.78\u00dclkede, Yakla\u015f\u0131k67000fis Ve94bin\u00c7al\u0131\u015fan\u0131 Bulunuyor. \u00dclkemizde Tek \u015eirketler [&hellip;]<\/p>\n<!-- templates\/buttons-placeholder.php -->\n<div class=\"da-reactions-outer TpostID1372\">\n\t    <div class=\"da-reactions-data da-reactions-container-async center\"\n         data-type=\"post\"\n         data-id=\"1372\"\n         id=\"da-reactions-slot-post-1372\">\n        <div class=\"da-reactions-static\">\n\t\t\t<img src=\"https:\/\/www.kariyer.net\/kariyer-rehberi\/wp-content\/plugins\/da-reactions\/assets\/dist\/loading.svg\" alt=\"Loading spinner\" width=\"48\" height=\"48\" style=\"width:48px\" \/>\n        <\/div>\n    <\/div>\n<\/div>\n","protected":false},"author":5,"featured_media":4475,"comment_status":"open","ping_status":"open","sticky":false,"template":"","format":"standard","meta":{"footnotes":"","_elementor_edit_mode":"","_elementor_template_type":"","_elementor_data":"","_elementor_page_settings":null,"_elementor_conditions":[]},"categories":[2203],"tags":[],"class_list":{"0":"post-1372","1":"post","2":"type-post","3":"status-publish","4":"format-standard","5":"has-post-thumbnail","7":"category-haberler-duyurular"},"yoast_head":"<!-- This site is optimized with the Yoast SEO Premium plugin v21.4 (Yoast SEO v27.0) - https:\/\/yoast.com\/product\/yoast-seo-premium-wordpress\/ -->\n<title>Remax Beyaz Gayrimenkul hedef b\u00fcy\u00fct\u00fcyor | Kariyer Rehberi<\/title>\n<meta name=\"description\" content=\"Remax Beyaz Gayrimenkul Bursa Nil\u00fcfer Esentepe\u2019de Ekim 2010\u2019dan bu yana gayrimenkul konusunda hizmet veriyor. Remax Beyaz Gayrimenkul\u2019den Broker Fatih\" \/>\n<meta name=\"robots\" content=\"index, follow, max-snippet:-1, max-image-preview:large, max-video-preview:-1\" \/>\n<link rel=\"canonical\" href=\"https:\/\/www.kariyer.net\/kariyer-rehberi\/remax-beyaz-gayrimenkul-hedef-buyutuyor\/\" \/>\n<meta property=\"og:locale\" content=\"tr_TR\" \/>\n<meta property=\"og:type\" content=\"article\" \/>\n<meta property=\"og:title\" content=\"Remax Beyaz Gayrimenkul hedef b\u00fcy\u00fct\u00fcyor\" \/>\n<meta property=\"og:description\" content=\"Remax Beyaz Gayrimenkul Bursa Nil\u00fcfer Esentepe\u2019de Ekim 2010\u2019dan bu yana gayrimenkul konusunda hizmet veriyor. Remax Beyaz Gayrimenkul\u2019den Broker Fatih\" \/>\n<meta property=\"og:url\" content=\"https:\/\/www.kariyer.net\/kariyer-rehberi\/remax-beyaz-gayrimenkul-hedef-buyutuyor\/\" \/>\n<meta property=\"og:site_name\" content=\"Kariyer Rehberi\" \/>\n<meta property=\"article:published_time\" content=\"2011-10-06T00:00:00+00:00\" \/>\n<meta property=\"article:modified_time\" content=\"2024-07-03T11:56:11+00:00\" \/>\n<meta property=\"og:image\" content=\"https:\/\/www.kariyer.net\/kariyer-rehberi\/wp-content\/uploads\/2011\/10\/remax.jpg\" \/>\n\t<meta property=\"og:image:width\" content=\"290\" \/>\n\t<meta property=\"og:image:height\" content=\"150\" \/>\n\t<meta property=\"og:image:type\" content=\"image\/jpeg\" \/>\n<meta name=\"author\" content=\"P\u0131nar Nogay\" \/>\n<meta name=\"twitter:card\" content=\"summary_large_image\" \/>\n<meta name=\"twitter:label1\" content=\"Yazan:\" \/>\n\t<meta name=\"twitter:data1\" content=\"P\u0131nar Nogay\" \/>\n\t<meta name=\"twitter:label2\" content=\"Tahmini okuma s\u00fcresi\" \/>\n\t<meta name=\"twitter:data2\" content=\"5 dakika\" \/>\n<!-- \/ Yoast SEO Premium plugin. -->","yoast_head_json":{"title":"Remax Beyaz Gayrimenkul hedef b\u00fcy\u00fct\u00fcyor | Kariyer Rehberi","description":"Remax Beyaz Gayrimenkul Bursa Nil\u00fcfer Esentepe\u2019de Ekim 2010\u2019dan bu yana gayrimenkul konusunda hizmet veriyor. Remax Beyaz Gayrimenkul\u2019den Broker Fatih","robots":{"index":"index","follow":"follow","max-snippet":"max-snippet:-1","max-image-preview":"max-image-preview:large","max-video-preview":"max-video-preview:-1"},"canonical":"https:\/\/www.kariyer.net\/kariyer-rehberi\/remax-beyaz-gayrimenkul-hedef-buyutuyor\/","og_locale":"tr_TR","og_type":"article","og_title":"Remax Beyaz Gayrimenkul hedef b\u00fcy\u00fct\u00fcyor","og_description":"Remax Beyaz Gayrimenkul Bursa Nil\u00fcfer Esentepe\u2019de Ekim 2010\u2019dan bu yana gayrimenkul konusunda hizmet veriyor. Remax Beyaz Gayrimenkul\u2019den Broker Fatih","og_url":"https:\/\/www.kariyer.net\/kariyer-rehberi\/remax-beyaz-gayrimenkul-hedef-buyutuyor\/","og_site_name":"Kariyer Rehberi","article_published_time":"2011-10-06T00:00:00+00:00","article_modified_time":"2024-07-03T11:56:11+00:00","og_image":[{"width":290,"height":150,"url":"https:\/\/www.kariyer.net\/kariyer-rehberi\/wp-content\/uploads\/2011\/10\/remax.jpg","type":"image\/jpeg"}],"author":"P\u0131nar Nogay","twitter_card":"summary_large_image","twitter_misc":{"Yazan:":"P\u0131nar Nogay","Tahmini okuma s\u00fcresi":"5 dakika"},"schema":{"@context":"https:\/\/schema.org","@graph":[{"@type":"Article","@id":"https:\/\/www.kariyer.net\/kariyer-rehberi\/remax-beyaz-gayrimenkul-hedef-buyutuyor\/#article","isPartOf":{"@id":"https:\/\/www.kariyer.net\/kariyer-rehberi\/remax-beyaz-gayrimenkul-hedef-buyutuyor\/"},"author":{"name":"P\u0131nar Nogay","@id":"https:\/\/www.kariyer.net\/kariyer-rehberi\/#\/schema\/person\/ea0977057f6b311990c570cc6d4c25d0"},"headline":"Remax Beyaz Gayrimenkul hedef b\u00fcy\u00fct\u00fcyor","datePublished":"2011-10-06T00:00:00+00:00","dateModified":"2024-07-03T11:56:11+00:00","mainEntityOfPage":{"@id":"https:\/\/www.kariyer.net\/kariyer-rehberi\/remax-beyaz-gayrimenkul-hedef-buyutuyor\/"},"wordCount":1101,"commentCount":0,"publisher":{"@id":"https:\/\/www.kariyer.net\/kariyer-rehberi\/#organization"},"image":{"@id":"https:\/\/www.kariyer.net\/kariyer-rehberi\/remax-beyaz-gayrimenkul-hedef-buyutuyor\/#primaryimage"},"thumbnailUrl":"https:\/\/www.kariyer.net\/kariyer-rehberi\/wp-content\/uploads\/2011\/10\/remax.jpg","articleSection":["Haberler ve Duyurular"],"inLanguage":"tr","potentialAction":[{"@type":"CommentAction","name":"Comment","target":["https:\/\/www.kariyer.net\/kariyer-rehberi\/remax-beyaz-gayrimenkul-hedef-buyutuyor\/#respond"]}]},{"@type":"WebPage","@id":"https:\/\/www.kariyer.net\/kariyer-rehberi\/remax-beyaz-gayrimenkul-hedef-buyutuyor\/","url":"https:\/\/www.kariyer.net\/kariyer-rehberi\/remax-beyaz-gayrimenkul-hedef-buyutuyor\/","name":"Remax Beyaz Gayrimenkul hedef b\u00fcy\u00fct\u00fcyor | Kariyer Rehberi","isPartOf":{"@id":"https:\/\/www.kariyer.net\/kariyer-rehberi\/#website"},"primaryImageOfPage":{"@id":"https:\/\/www.kariyer.net\/kariyer-rehberi\/remax-beyaz-gayrimenkul-hedef-buyutuyor\/#primaryimage"},"image":{"@id":"https:\/\/www.kariyer.net\/kariyer-rehberi\/remax-beyaz-gayrimenkul-hedef-buyutuyor\/#primaryimage"},"thumbnailUrl":"https:\/\/www.kariyer.net\/kariyer-rehberi\/wp-content\/uploads\/2011\/10\/remax.jpg","datePublished":"2011-10-06T00:00:00+00:00","dateModified":"2024-07-03T11:56:11+00:00","description":"Remax Beyaz Gayrimenkul Bursa Nil\u00fcfer Esentepe\u2019de Ekim 2010\u2019dan bu yana gayrimenkul konusunda hizmet veriyor. Remax Beyaz Gayrimenkul\u2019den Broker Fatih","breadcrumb":{"@id":"https:\/\/www.kariyer.net\/kariyer-rehberi\/remax-beyaz-gayrimenkul-hedef-buyutuyor\/#breadcrumb"},"inLanguage":"tr","potentialAction":[{"@type":"ReadAction","target":["https:\/\/www.kariyer.net\/kariyer-rehberi\/remax-beyaz-gayrimenkul-hedef-buyutuyor\/"]}]},{"@type":"ImageObject","inLanguage":"tr","@id":"https:\/\/www.kariyer.net\/kariyer-rehberi\/remax-beyaz-gayrimenkul-hedef-buyutuyor\/#primaryimage","url":"https:\/\/www.kariyer.net\/kariyer-rehberi\/wp-content\/uploads\/2011\/10\/remax.jpg","contentUrl":"https:\/\/www.kariyer.net\/kariyer-rehberi\/wp-content\/uploads\/2011\/10\/remax.jpg","width":290,"height":150},{"@type":"BreadcrumbList","@id":"https:\/\/www.kariyer.net\/kariyer-rehberi\/remax-beyaz-gayrimenkul-hedef-buyutuyor\/#breadcrumb","itemListElement":[{"@type":"ListItem","position":1,"name":"Anasayfa","item":"https:\/\/www.kariyer.net\/kariyer-rehberi\/"},{"@type":"ListItem","position":2,"name":"Remax Beyaz Gayrimenkul hedef b\u00fcy\u00fct\u00fcyor"}]},{"@type":"WebSite","@id":"https:\/\/www.kariyer.net\/kariyer-rehberi\/#website","url":"https:\/\/www.kariyer.net\/kariyer-rehberi\/","name":"Kariyer Rehberi","description":"\u0130\u015f D\u00fcnyas\u0131yla \u0130lgili Bilmek \u0130stedi\u011finiz Her \u015eey","publisher":{"@id":"https:\/\/www.kariyer.net\/kariyer-rehberi\/#organization"},"potentialAction":[{"@type":"SearchAction","target":{"@type":"EntryPoint","urlTemplate":"https:\/\/www.kariyer.net\/kariyer-rehberi\/?s={search_term_string}"},"query-input":{"@type":"PropertyValueSpecification","valueRequired":true,"valueName":"search_term_string"}}],"inLanguage":"tr"},{"@type":"Organization","@id":"https:\/\/www.kariyer.net\/kariyer-rehberi\/#organization","name":"Kariyer.net","url":"https:\/\/www.kariyer.net\/kariyer-rehberi\/","logo":{"@type":"ImageObject","inLanguage":"tr","@id":"https:\/\/www.kariyer.net\/kariyer-rehberi\/#\/schema\/logo\/image\/","url":"https:\/\/www.kariyer.net\/kariyer-rehberi-new\/wp-content\/uploads\/2023\/01\/og-image11.jpg","contentUrl":"https:\/\/www.kariyer.net\/kariyer-rehberi-new\/wp-content\/uploads\/2023\/01\/og-image11.jpg","width":800,"height":800,"caption":"Kariyer.net"},"image":{"@id":"https:\/\/www.kariyer.net\/kariyer-rehberi\/#\/schema\/logo\/image\/"}},{"@type":"Person","@id":"https:\/\/www.kariyer.net\/kariyer-rehberi\/#\/schema\/person\/ea0977057f6b311990c570cc6d4c25d0","name":"P\u0131nar Nogay","image":{"@type":"ImageObject","inLanguage":"tr","@id":"https:\/\/www.kariyer.net\/kariyer-rehberi\/#\/schema\/person\/image\/","url":"https:\/\/secure.gravatar.com\/avatar\/330a216cbd1ec8a38c34e372b2be4a261e51e0805bd9186606e000f5efd0f0cf?s=96&d=mm&r=g","contentUrl":"https:\/\/secure.gravatar.com\/avatar\/330a216cbd1ec8a38c34e372b2be4a261e51e0805bd9186606e000f5efd0f0cf?s=96&d=mm&r=g","caption":"P\u0131nar Nogay"},"description":"Gazeteci olmak i\u00e7in yola \u00e7\u0131karak Eski\u015fehir Anadolu \u00dcniversitesi \u0130leti\u015fim Fak\u00fcltesi\u2019nde Bas\u0131n Yay\u0131n e\u011fitimi ald\u0131. Sekt\u00f6rel yay\u0131nlarda tecr\u00fcbe kazanan, 2007 y\u0131l\u0131nda Kariyer\u2019de Edit\u00f6r olarak \u00e7al\u0131\u015fmaya ba\u015flayan Nogay, 2011\u2019den bu yana Genel Yay\u0131n Y\u00f6netmeni olarak g\u00f6rev yap\u0131yor.","sameAs":["http:\/\/www.kariyer.net\/kariyer-rehberi\/pinar-nogay\/"],"url":"https:\/\/www.kariyer.net\/kariyer-rehberi\/author\/pinar-nogay\/"}]}},"_links":{"self":[{"href":"https:\/\/www.kariyer.net\/kariyer-rehberi\/wp-json\/wp\/v2\/posts\/1372","targetHints":{"allow":["GET"]}}],"collection":[{"href":"https:\/\/www.kariyer.net\/kariyer-rehberi\/wp-json\/wp\/v2\/posts"}],"about":[{"href":"https:\/\/www.kariyer.net\/kariyer-rehberi\/wp-json\/wp\/v2\/types\/post"}],"author":[{"embeddable":true,"href":"https:\/\/www.kariyer.net\/kariyer-rehberi\/wp-json\/wp\/v2\/users\/5"}],"replies":[{"embeddable":true,"href":"https:\/\/www.kariyer.net\/kariyer-rehberi\/wp-json\/wp\/v2\/comments?post=1372"}],"version-history":[{"count":1,"href":"https:\/\/www.kariyer.net\/kariyer-rehberi\/wp-json\/wp\/v2\/posts\/1372\/revisions"}],"predecessor-version":[{"id":18828,"href":"https:\/\/www.kariyer.net\/kariyer-rehberi\/wp-json\/wp\/v2\/posts\/1372\/revisions\/18828"}],"wp:featuredmedia":[{"embeddable":true,"href":"https:\/\/www.kariyer.net\/kariyer-rehberi\/wp-json\/wp\/v2\/media\/4475"}],"wp:attachment":[{"href":"https:\/\/www.kariyer.net\/kariyer-rehberi\/wp-json\/wp\/v2\/media?parent=1372"}],"wp:term":[{"taxonomy":"category","embeddable":true,"href":"https:\/\/www.kariyer.net\/kariyer-rehberi\/wp-json\/wp\/v2\/categories?post=1372"},{"taxonomy":"post_tag","embeddable":true,"href":"https:\/\/www.kariyer.net\/kariyer-rehberi\/wp-json\/wp\/v2\/tags?post=1372"}],"curies":[{"name":"wp","href":"https:\/\/api.w.org\/{rel}","templated":true}]}}