{"id":13751,"date":"2020-07-02T10:49:11","date_gmt":"2020-07-02T07:49:11","guid":{"rendered":"https:\/\/www.kariyer.net\/kariyer-rehberi\/?p=13751"},"modified":"2024-08-08T21:09:32","modified_gmt":"2024-08-08T18:09:32","slug":"freelance-calisma-modeli-yeni-is-firsatlari-sunuyor","status":"publish","type":"post","link":"https:\/\/www.kariyer.net\/kariyer-rehberi\/freelance-calisma-modeli-yeni-is-firsatlari-sunuyor\/","title":{"rendered":"Freelance \u00e7al\u0131\u015fma modeli yeni i\u015f f\u0131rsatlar\u0131 sunuyor"},"content":{"rendered":"<p><strong>Pandemi s\u00fcrecinde \u00f6n plana \u00e7\u0131kan kavramlardan biri de \u201cFreelance \u00e7al\u0131\u015fma\u201d modeli oldu. \u015eirketler; i\u015flerin s\u00fcrd\u00fcr\u00fclebilirli\u011fi i\u00e7in esnek \u00e7al\u0131\u015fma modeline ge\u00e7i\u015f yapmaya ba\u015flarken, freelance \u00e7al\u0131\u015fmak isteyenler i\u00e7in de yeni i\u015f f\u0131rsatlar\u0131 do\u011fdu.<\/strong><\/p>\n<p>Teknoloji, \u00e7al\u0131\u015fma hayat\u0131n\u0131 ve i\u015f yap\u0131\u015f \u015fekillerini d\u00f6n\u00fc\u015ft\u00fcrmeye devam ediyor. Freelance \u00e7al\u0131\u015fma kavram\u0131, art\u0131k hayat\u0131m\u0131za tam anlam\u0131yla girmi\u015f durumda. Yakla\u015f\u0131k 6 y\u0131ll\u0131k freelance \u00e7al\u0131\u015fma deneyimi bulunan biri olarak, dijitale y\u00f6nelik i\u015f yapan veya yapmay\u0131 d\u00fc\u015f\u00fcnen herkesin freelance \u00e7al\u0131\u015fma f\u0131rsatlar\u0131n\u0131 de\u011ferlendirmesi gerekti\u011fini s\u00f6yleyebilirim.<\/p>\n<p>Freelance \u00e7al\u0131\u015fman\u0131n sundu\u011fu f\u0131rsatlara de\u011finmeden \u00f6nce, bu konuda baz\u0131 istatistikler payla\u015fmak istiyorum. D\u00fcnya Ekonomik Forumu (WEF) verilerine g\u00f6re \u00f6n\u00fcm\u00fczdeki 10 y\u0131ll\u0131k s\u00fcre\u00e7te freelance \u00e7al\u0131\u015fan say\u0131s\u0131, i\u015f g\u00fcc\u00fcn\u00fcn yar\u0131s\u0131n\u0131 olu\u015fturacak. UpWork verilerine g\u00f6re, ABD\u2019de her \u00fc\u00e7 ki\u015fiden biri freelance \u00e7al\u0131\u015f\u0131yor. T\u00fcrkiye\u2019de ise bu konuda hen\u00fcz net bir veri bulunmuyor. Ancak baz\u0131 raporlarda T\u00fcrkiye\u2019de home office \u00e7al\u0131\u015fanlarla birlikte freelance \u00e7al\u0131\u015fan say\u0131s\u0131 art\u0131k milyonlarla ifade ediliyor. Dolay\u0131s\u0131yla i\u015f hayat\u0131nda s\u00fcrd\u00fcr\u00fclebilirli\u011fi sa\u011flamak i\u00e7in bu d\u00f6n\u00fc\u015f\u00fcme uyum sa\u011flamak gerekiyor.<\/p>\n<h2><strong>Zamandan ve mekandan ba\u011f\u0131ms\u0131z \u00e7al\u0131\u015fma<\/strong><\/h2>\n<p>Freelance \u00e7al\u0131\u015fmay\u0131 tek bir \u00e7al\u0131\u015fma modeli olarak se\u00e7ilebilece\u011fin gibi, ek gelir elde etmek amac\u0131yla da tercih edebilirsin. G\u00fcn\u00fcm\u00fczde bu konuda en \u00e7ok f\u0131rsat ise tabii ki dijitalde yer al\u0131yor. <strong><a href=\"https:\/\/www.kariyer.net\/pozisyonlar\/grafik+tasarim+uzmani\" target=\"_blank\" rel=\"noopener noreferrer\">Tasar\u0131m<\/a>, <a href=\"https:\/\/www.kariyer.net\/pozisyonlar\/yazilim+uzmani\" target=\"_blank\" rel=\"noopener noreferrer\">yaz\u0131l\u0131m<\/a><\/strong> ve <strong><a href=\"https:\/\/www.kariyer.net\/pozisyonlar\/icerik+editoru\" target=\"_blank\" rel=\"noopener noreferrer\">i\u00e7erik \u00fcretimi<\/a><\/strong> gibi alanlar\u0131n freelance \u00e7al\u0131\u015fmaya en uygun alanlar. <strong><a href=\"https:\/\/www.kariyer.net\/pozisyonlar\/sosyal+medya+uzmani\" target=\"_blank\" rel=\"noopener noreferrer\">Sosyal medya y\u00f6netimi<\/a><\/strong>, <strong><a href=\"https:\/\/www.kariyer.net\/pozisyonlar\/gorsel+tasarim+uzmani\" target=\"_blank\" rel=\"noopener noreferrer\">g\u00f6rsel<\/a><\/strong> ve <a href=\"https:\/\/www.kariyer.net\/pozisyonlar\/video+editoru\" target=\"_blank\" rel=\"noopener noreferrer\"><strong>video tasar\u0131m<\/strong><\/a><strong>,<\/strong> <a href=\"https:\/\/www.kariyer.net\/pozisyonlar\/web+tasarim+uzmani\" target=\"_blank\" rel=\"noopener noreferrer\"><strong>web tasar\u0131m<\/strong><\/a><strong>, <a href=\"https:\/\/www.kariyer.net\/pozisyonlar\/metin+yazari\" target=\"_blank\" rel=\"noopener noreferrer\">metin yazarl\u0131\u011f\u0131<\/a><\/strong> gibi farkl\u0131 alanlarda da freelance \u00e7al\u0131\u015fma f\u0131rsatlar\u0131 yakalayabilirsin.<\/p>\n<h2><strong>G\u00fcvenilir ileti\u015fime dikkat<\/strong><\/h2>\n<p>Freelance \u00e7al\u0131\u015fmak i\u00e7in <strong><a href=\"https:\/\/www.kariyer.net\/is-ilanlari\/#&amp;kw=freelance\" target=\"_blank\" rel=\"noopener noreferrer\">freelance i\u015f ilanlar\u0131na<\/a><\/strong> ba\u015fvurabilece\u011fin gibi, seninle ayn\u0131 alanda \u00e7al\u0131\u015fmalar yapt\u0131\u011f\u0131n\u0131 bildi\u011fin \u015firketlerle veya ki\u015filerle direkt olarak ileti\u015fime de ge\u00e7ebilirsin. E\u011fer varsa \u00f6nceki \u00e7al\u0131\u015fmalar\u0131n\u0131 referans g\u00f6stermen, yoksa yapabileceklerini belgelemen ve \u00f6neri \u00e7al\u0131\u015fmalar sunman bu konuda \u00f6ne \u00e7\u0131kman\u0131 sa\u011flayacakt\u0131r. Freelance \u00e7al\u0131\u015fma modelinde ileti\u015fimin, tam zamanl\u0131 \u00e7al\u0131\u015fma modeline g\u00f6re \u00e7ok daha \u00f6nemli oldu\u011fu s\u00f6ylenebilir. Bu konuda birlikte i\u015f yapaca\u011f\u0131n \u015firketin\/ki\u015finin sana g\u00fcven duymas\u0131n\u0131 sa\u011flaman, g\u00f6revi zaman\u0131nda ve istenilen \u015fekilde yapabilece\u011fin konusunda kar\u015f\u0131 taraf\u0131 ikna etmen gerekiyor.<\/p>\n<h2><strong>Zorluklar hep olacak<\/strong><\/h2>\n<p>Zamandan ve mekandan ba\u011f\u0131ms\u0131z \u00e7al\u0131\u015fma fikri ilk ba\u015fta kula\u011fa \u00e7ok ho\u015f geliyor. Ancak bu durum hep istedi\u011fin saatlerde ve istedi\u011fin yerde \u00e7al\u0131\u015faca\u011f\u0131n anlam\u0131na gelmiyor. Mesai saatleri i\u00e7inde ula\u015f\u0131labilir olmak, acil yeti\u015fmesi gereken i\u015flerde esnek \u00e7al\u0131\u015fmalar yapmay\u0131 g\u00f6ze almak freelance \u00e7al\u0131\u015fmada kar\u015f\u0131la\u015f\u0131labilecek rutin olaylar. Freelance modelde \u00e7al\u0131\u015fmak istedi\u011fin alan\u0131 ve i\u015fi direkt olarak kendin se\u00e7ebildi\u011fin i\u00e7in \u00e7al\u0131\u015f\u0131rken de olduk\u00e7a keyif alman olas\u0131.<\/p>\n<div class=\"td-post-content\">\n<p><strong>Konuk Yazar:<\/strong> Burak Kesayak \/ K\u00f6\u015fe Yazar\u0131, Dijital Medya Dan\u0131\u015fman\u0131, Elektrik Elektronik M\u00fchendisi<\/p>\n<\/div>\n<!-- templates\/buttons-placeholder.php -->\n<div class=\"da-reactions-outer TpostID13751\">\n\t    <div class=\"da-reactions-data da-reactions-container-async center\"\n         data-type=\"post\"\n         data-id=\"13751\"\n         id=\"da-reactions-slot-post-13751\">\n        <div class=\"da-reactions-static\">\n\t\t\t<img src=\"https:\/\/www.kariyer.net\/kariyer-rehberi\/wp-content\/plugins\/da-reactions\/assets\/dist\/loading.svg\" alt=\"Loading spinner\" width=\"48\" height=\"48\" style=\"width:48px\" \/>\n        <\/div>\n    <\/div>\n<\/div>\n","protected":false},"excerpt":{"rendered":"<p>Pandemi s\u00fcrecinde \u00f6n plana \u00e7\u0131kan kavramlardan biri de \u201cFreelance \u00e7al\u0131\u015fma\u201d modeli oldu. \u015eirketler; i\u015flerin s\u00fcrd\u00fcr\u00fclebilirli\u011fi i\u00e7in esnek \u00e7al\u0131\u015fma modeline ge\u00e7i\u015f yapmaya ba\u015flarken, freelance \u00e7al\u0131\u015fmak isteyenler i\u00e7in de yeni i\u015f f\u0131rsatlar\u0131 do\u011fdu. Teknoloji, \u00e7al\u0131\u015fma hayat\u0131n\u0131 ve i\u015f yap\u0131\u015f \u015fekillerini d\u00f6n\u00fc\u015ft\u00fcrmeye devam ediyor. Freelance \u00e7al\u0131\u015fma kavram\u0131, art\u0131k hayat\u0131m\u0131za tam anlam\u0131yla girmi\u015f durumda. Yakla\u015f\u0131k 6 y\u0131ll\u0131k freelance \u00e7al\u0131\u015fma [&hellip;]<\/p>\n<!-- templates\/buttons-placeholder.php -->\n<div class=\"da-reactions-outer TpostID13751\">\n\t    <div class=\"da-reactions-data da-reactions-container-async center\"\n         data-type=\"post\"\n         data-id=\"13751\"\n         id=\"da-reactions-slot-post-13751\">\n        <div class=\"da-reactions-static\">\n\t\t\t<img src=\"https:\/\/www.kariyer.net\/kariyer-rehberi\/wp-content\/plugins\/da-reactions\/assets\/dist\/loading.svg\" alt=\"Loading spinner\" width=\"48\" height=\"48\" style=\"width:48px\" \/>\n        <\/div>\n    <\/div>\n<\/div>\n","protected":false},"author":9,"featured_media":13754,"comment_status":"open","ping_status":"open","sticky":false,"template":"","format":"standard","meta":{"footnotes":"","_elementor_edit_mode":"","_elementor_template_type":"","_elementor_data":"","_elementor_page_settings":null,"_elementor_conditions":[]},"categories":[38,40,41,2214],"tags":[1531,1486,1535,1536],"class_list":{"0":"post-13751","1":"post","2":"type-post","3":"status-publish","4":"format-standard","5":"has-post-thumbnail","7":"category-is-arama","8":"category-is-arama-trendleri","9":"category-issizlik-donemi","10":"category-yasam","11":"tag-burak-kesayak","12":"tag-corona","13":"tag-freelance","14":"tag-freelance-is-ilanlari"},"yoast_head":"<!-- This site is optimized with the Yoast SEO Premium plugin v21.4 (Yoast SEO v27.0) - https:\/\/yoast.com\/product\/yoast-seo-premium-wordpress\/ -->\n<title>Freelance \u00e7al\u0131\u015fma modeli yeni i\u015f f\u0131rsatlar\u0131 sunuyor | Kariyer Rehberi<\/title>\n<meta name=\"description\" content=\"Pandemi s\u00fcrecinde \u00f6n plana \u00e7\u0131kan kavramlardan biri de \u201cFreelance \u00e7al\u0131\u015fma\u201d modeli oldu. \u015eirketler; i\u015flerin s\u00fcrd\u00fcr\u00fclebilirli\u011fi i\u00e7in esnek \u00e7al\u0131\u015fma modeline\" \/>\n<meta name=\"robots\" content=\"index, follow, max-snippet:-1, max-image-preview:large, max-video-preview:-1\" \/>\n<link rel=\"canonical\" href=\"https:\/\/www.kariyer.net\/kariyer-rehberi\/freelance-calisma-modeli-yeni-is-firsatlari-sunuyor\/\" \/>\n<meta property=\"og:locale\" content=\"tr_TR\" \/>\n<meta property=\"og:type\" content=\"article\" \/>\n<meta property=\"og:title\" content=\"Freelance \u00e7al\u0131\u015fma modeli yeni i\u015f f\u0131rsatlar\u0131 sunuyor\" \/>\n<meta property=\"og:description\" content=\"Pandemi s\u00fcrecinde \u00f6n plana \u00e7\u0131kan kavramlardan biri de \u201cFreelance \u00e7al\u0131\u015fma\u201d modeli oldu. \u015eirketler; i\u015flerin s\u00fcrd\u00fcr\u00fclebilirli\u011fi i\u00e7in esnek \u00e7al\u0131\u015fma modeline\" \/>\n<meta property=\"og:url\" content=\"https:\/\/www.kariyer.net\/kariyer-rehberi\/freelance-calisma-modeli-yeni-is-firsatlari-sunuyor\/\" \/>\n<meta property=\"og:site_name\" content=\"Kariyer Rehberi\" \/>\n<meta property=\"article:published_time\" content=\"2020-07-02T07:49:11+00:00\" \/>\n<meta property=\"article:modified_time\" content=\"2024-08-08T18:09:32+00:00\" \/>\n<meta property=\"og:image\" content=\"https:\/\/www.kariyer.net\/kariyer-rehberi\/wp-content\/uploads\/2020\/07\/w.jpg\" \/>\n\t<meta property=\"og:image:width\" content=\"900\" \/>\n\t<meta property=\"og:image:height\" content=\"600\" \/>\n\t<meta property=\"og:image:type\" content=\"image\/jpeg\" \/>\n<meta name=\"author\" content=\"Konuk Yazar\" \/>\n<meta name=\"twitter:card\" content=\"summary_large_image\" \/>\n<meta name=\"twitter:label1\" content=\"Yazan:\" \/>\n\t<meta name=\"twitter:data1\" content=\"Konuk Yazar\" \/>\n\t<meta name=\"twitter:label2\" content=\"Tahmini okuma s\u00fcresi\" \/>\n\t<meta name=\"twitter:data2\" content=\"3 dakika\" \/>\n<!-- \/ Yoast SEO Premium plugin. -->","yoast_head_json":{"title":"Freelance \u00e7al\u0131\u015fma modeli yeni i\u015f f\u0131rsatlar\u0131 sunuyor | Kariyer Rehberi","description":"Pandemi s\u00fcrecinde \u00f6n plana \u00e7\u0131kan kavramlardan biri de \u201cFreelance \u00e7al\u0131\u015fma\u201d modeli oldu. \u015eirketler; i\u015flerin s\u00fcrd\u00fcr\u00fclebilirli\u011fi i\u00e7in esnek \u00e7al\u0131\u015fma modeline","robots":{"index":"index","follow":"follow","max-snippet":"max-snippet:-1","max-image-preview":"max-image-preview:large","max-video-preview":"max-video-preview:-1"},"canonical":"https:\/\/www.kariyer.net\/kariyer-rehberi\/freelance-calisma-modeli-yeni-is-firsatlari-sunuyor\/","og_locale":"tr_TR","og_type":"article","og_title":"Freelance \u00e7al\u0131\u015fma modeli yeni i\u015f f\u0131rsatlar\u0131 sunuyor","og_description":"Pandemi s\u00fcrecinde \u00f6n plana \u00e7\u0131kan kavramlardan biri de \u201cFreelance \u00e7al\u0131\u015fma\u201d modeli oldu. \u015eirketler; i\u015flerin s\u00fcrd\u00fcr\u00fclebilirli\u011fi i\u00e7in esnek \u00e7al\u0131\u015fma modeline","og_url":"https:\/\/www.kariyer.net\/kariyer-rehberi\/freelance-calisma-modeli-yeni-is-firsatlari-sunuyor\/","og_site_name":"Kariyer Rehberi","article_published_time":"2020-07-02T07:49:11+00:00","article_modified_time":"2024-08-08T18:09:32+00:00","og_image":[{"width":900,"height":600,"url":"https:\/\/www.kariyer.net\/kariyer-rehberi\/wp-content\/uploads\/2020\/07\/w.jpg","type":"image\/jpeg"}],"author":"Konuk Yazar","twitter_card":"summary_large_image","twitter_misc":{"Yazan:":"Konuk Yazar","Tahmini okuma s\u00fcresi":"3 dakika"},"schema":{"@context":"https:\/\/schema.org","@graph":[{"@type":"Article","@id":"https:\/\/www.kariyer.net\/kariyer-rehberi\/freelance-calisma-modeli-yeni-is-firsatlari-sunuyor\/#article","isPartOf":{"@id":"https:\/\/www.kariyer.net\/kariyer-rehberi\/freelance-calisma-modeli-yeni-is-firsatlari-sunuyor\/"},"author":{"name":"Konuk Yazar","@id":"https:\/\/www.kariyer.net\/kariyer-rehberi\/#\/schema\/person\/6154a58a8375a4df7f7fc847997c4657"},"headline":"Freelance \u00e7al\u0131\u015fma modeli yeni i\u015f f\u0131rsatlar\u0131 sunuyor","datePublished":"2020-07-02T07:49:11+00:00","dateModified":"2024-08-08T18:09:32+00:00","mainEntityOfPage":{"@id":"https:\/\/www.kariyer.net\/kariyer-rehberi\/freelance-calisma-modeli-yeni-is-firsatlari-sunuyor\/"},"wordCount":547,"commentCount":0,"publisher":{"@id":"https:\/\/www.kariyer.net\/kariyer-rehberi\/#organization"},"image":{"@id":"https:\/\/www.kariyer.net\/kariyer-rehberi\/freelance-calisma-modeli-yeni-is-firsatlari-sunuyor\/#primaryimage"},"thumbnailUrl":"https:\/\/www.kariyer.net\/kariyer-rehberi\/wp-content\/uploads\/2020\/07\/w.jpg","keywords":["Burak Kesayak","Corona","freelance","freelance i\u015f ilanlar\u0131"],"articleSection":["\u0130\u015f Arama","\u0130\u015f Arama Trendleri","\u0130\u015fsizlik D\u00f6nemi","Ya\u015fam"],"inLanguage":"tr","potentialAction":[{"@type":"CommentAction","name":"Comment","target":["https:\/\/www.kariyer.net\/kariyer-rehberi\/freelance-calisma-modeli-yeni-is-firsatlari-sunuyor\/#respond"]}]},{"@type":"WebPage","@id":"https:\/\/www.kariyer.net\/kariyer-rehberi\/freelance-calisma-modeli-yeni-is-firsatlari-sunuyor\/","url":"https:\/\/www.kariyer.net\/kariyer-rehberi\/freelance-calisma-modeli-yeni-is-firsatlari-sunuyor\/","name":"Freelance \u00e7al\u0131\u015fma modeli yeni i\u015f f\u0131rsatlar\u0131 sunuyor | Kariyer Rehberi","isPartOf":{"@id":"https:\/\/www.kariyer.net\/kariyer-rehberi\/#website"},"primaryImageOfPage":{"@id":"https:\/\/www.kariyer.net\/kariyer-rehberi\/freelance-calisma-modeli-yeni-is-firsatlari-sunuyor\/#primaryimage"},"image":{"@id":"https:\/\/www.kariyer.net\/kariyer-rehberi\/freelance-calisma-modeli-yeni-is-firsatlari-sunuyor\/#primaryimage"},"thumbnailUrl":"https:\/\/www.kariyer.net\/kariyer-rehberi\/wp-content\/uploads\/2020\/07\/w.jpg","datePublished":"2020-07-02T07:49:11+00:00","dateModified":"2024-08-08T18:09:32+00:00","description":"Pandemi s\u00fcrecinde \u00f6n plana \u00e7\u0131kan kavramlardan biri de \u201cFreelance \u00e7al\u0131\u015fma\u201d modeli oldu. \u015eirketler; i\u015flerin s\u00fcrd\u00fcr\u00fclebilirli\u011fi i\u00e7in esnek \u00e7al\u0131\u015fma modeline","breadcrumb":{"@id":"https:\/\/www.kariyer.net\/kariyer-rehberi\/freelance-calisma-modeli-yeni-is-firsatlari-sunuyor\/#breadcrumb"},"inLanguage":"tr","potentialAction":[{"@type":"ReadAction","target":["https:\/\/www.kariyer.net\/kariyer-rehberi\/freelance-calisma-modeli-yeni-is-firsatlari-sunuyor\/"]}]},{"@type":"ImageObject","inLanguage":"tr","@id":"https:\/\/www.kariyer.net\/kariyer-rehberi\/freelance-calisma-modeli-yeni-is-firsatlari-sunuyor\/#primaryimage","url":"https:\/\/www.kariyer.net\/kariyer-rehberi\/wp-content\/uploads\/2020\/07\/w.jpg","contentUrl":"https:\/\/www.kariyer.net\/kariyer-rehberi\/wp-content\/uploads\/2020\/07\/w.jpg","width":900,"height":600},{"@type":"BreadcrumbList","@id":"https:\/\/www.kariyer.net\/kariyer-rehberi\/freelance-calisma-modeli-yeni-is-firsatlari-sunuyor\/#breadcrumb","itemListElement":[{"@type":"ListItem","position":1,"name":"Anasayfa","item":"https:\/\/www.kariyer.net\/kariyer-rehberi\/"},{"@type":"ListItem","position":2,"name":"Freelance \u00e7al\u0131\u015fma modeli yeni i\u015f f\u0131rsatlar\u0131 sunuyor"}]},{"@type":"WebSite","@id":"https:\/\/www.kariyer.net\/kariyer-rehberi\/#website","url":"https:\/\/www.kariyer.net\/kariyer-rehberi\/","name":"Kariyer Rehberi","description":"\u0130\u015f D\u00fcnyas\u0131yla \u0130lgili Bilmek \u0130stedi\u011finiz Her \u015eey","publisher":{"@id":"https:\/\/www.kariyer.net\/kariyer-rehberi\/#organization"},"potentialAction":[{"@type":"SearchAction","target":{"@type":"EntryPoint","urlTemplate":"https:\/\/www.kariyer.net\/kariyer-rehberi\/?s={search_term_string}"},"query-input":{"@type":"PropertyValueSpecification","valueRequired":true,"valueName":"search_term_string"}}],"inLanguage":"tr"},{"@type":"Organization","@id":"https:\/\/www.kariyer.net\/kariyer-rehberi\/#organization","name":"Kariyer.net","url":"https:\/\/www.kariyer.net\/kariyer-rehberi\/","logo":{"@type":"ImageObject","inLanguage":"tr","@id":"https:\/\/www.kariyer.net\/kariyer-rehberi\/#\/schema\/logo\/image\/","url":"https:\/\/www.kariyer.net\/kariyer-rehberi-new\/wp-content\/uploads\/2023\/01\/og-image11.jpg","contentUrl":"https:\/\/www.kariyer.net\/kariyer-rehberi-new\/wp-content\/uploads\/2023\/01\/og-image11.jpg","width":800,"height":800,"caption":"Kariyer.net"},"image":{"@id":"https:\/\/www.kariyer.net\/kariyer-rehberi\/#\/schema\/logo\/image\/"}},{"@type":"Person","@id":"https:\/\/www.kariyer.net\/kariyer-rehberi\/#\/schema\/person\/6154a58a8375a4df7f7fc847997c4657","name":"Konuk Yazar","image":{"@type":"ImageObject","inLanguage":"tr","@id":"https:\/\/www.kariyer.net\/kariyer-rehberi\/#\/schema\/person\/image\/","url":"https:\/\/secure.gravatar.com\/avatar\/f03aa189ddb09160e6f0ad7e5e2c4b69c7102a041cc145a1e45a96f0100baa41?s=96&d=mm&r=g","contentUrl":"https:\/\/secure.gravatar.com\/avatar\/f03aa189ddb09160e6f0ad7e5e2c4b69c7102a041cc145a1e45a96f0100baa41?s=96&d=mm&r=g","caption":"Konuk Yazar"},"url":"https:\/\/www.kariyer.net\/kariyer-rehberi\/author\/konukyazar\/"}]}},"_links":{"self":[{"href":"https:\/\/www.kariyer.net\/kariyer-rehberi\/wp-json\/wp\/v2\/posts\/13751","targetHints":{"allow":["GET"]}}],"collection":[{"href":"https:\/\/www.kariyer.net\/kariyer-rehberi\/wp-json\/wp\/v2\/posts"}],"about":[{"href":"https:\/\/www.kariyer.net\/kariyer-rehberi\/wp-json\/wp\/v2\/types\/post"}],"author":[{"embeddable":true,"href":"https:\/\/www.kariyer.net\/kariyer-rehberi\/wp-json\/wp\/v2\/users\/9"}],"replies":[{"embeddable":true,"href":"https:\/\/www.kariyer.net\/kariyer-rehberi\/wp-json\/wp\/v2\/comments?post=13751"}],"version-history":[{"count":1,"href":"https:\/\/www.kariyer.net\/kariyer-rehberi\/wp-json\/wp\/v2\/posts\/13751\/revisions"}],"predecessor-version":[{"id":20612,"href":"https:\/\/www.kariyer.net\/kariyer-rehberi\/wp-json\/wp\/v2\/posts\/13751\/revisions\/20612"}],"wp:featuredmedia":[{"embeddable":true,"href":"https:\/\/www.kariyer.net\/kariyer-rehberi\/wp-json\/wp\/v2\/media\/13754"}],"wp:attachment":[{"href":"https:\/\/www.kariyer.net\/kariyer-rehberi\/wp-json\/wp\/v2\/media?parent=13751"}],"wp:term":[{"taxonomy":"category","embeddable":true,"href":"https:\/\/www.kariyer.net\/kariyer-rehberi\/wp-json\/wp\/v2\/categories?post=13751"},{"taxonomy":"post_tag","embeddable":true,"href":"https:\/\/www.kariyer.net\/kariyer-rehberi\/wp-json\/wp\/v2\/tags?post=13751"}],"curies":[{"name":"wp","href":"https:\/\/api.w.org\/{rel}","templated":true}]}}