{"id":13789,"date":"2020-07-09T10:11:27","date_gmt":"2020-07-09T07:11:27","guid":{"rendered":"https:\/\/www.kariyer.net\/kariyer-rehberi\/?p=13789"},"modified":"2024-08-08T21:09:32","modified_gmt":"2024-08-08T18:09:32","slug":"ilk-is-deneyimini-yasamaya-hazir-misin","status":"publish","type":"post","link":"https:\/\/www.kariyer.net\/kariyer-rehberi\/ilk-is-deneyimini-yasamaya-hazir-misin\/","title":{"rendered":"\u0130lk i\u015f deneyimini ya\u015famaya haz\u0131r m\u0131s\u0131n?"},"content":{"rendered":"<p><strong>Yeni mezunlar\u0131n ilk i\u015f deneyimlerini ya\u015famalar\u0131na imkan tan\u0131yan &#8220;\u0130<\/strong><strong>lk F\u0131rsat Program\u0131&#8221; i\u00e7in ba\u015fvurular ba\u015flad\u0131.\u00a0<\/strong><\/p>\n<p>\u015eevket Sabanc\u0131 ve ailesi taraf\u0131ndan s\u00fcrd\u00fcr\u00fclebilir sosyal yat\u0131r\u0131mlar yaparak \u00fclkemizin kalk\u0131nmas\u0131na katk\u0131da bulunmak amac\u0131yla kurulan Esas Sosyal; \u00fcniversite e\u011fitimlerini tamamlay\u0131p i\u015fe giremeyen gen\u00e7lerin, i\u015fsizlik sorununa \u00e7\u00f6z\u00fcm modeli olu\u015fturmak amac\u0131yla 2016 y\u0131l\u0131nda <strong><a href=\"https:\/\/www.kariyer.net\/kariyer-rehberi\/yeni-mezunlari-is-hayatina-hazirlayan-program-ilk-firsat\/\" target=\"_blank\" rel=\"noopener noreferrer\">\u201c\u0130lk F\u0131rsat Program\u0131\u201d<\/a><\/strong>n\u0131 ba\u015flatt\u0131. Az bilinen devlet \u00fcniversitelerinden yeni mezun olan gen\u00e7lere ilk i\u015f deneyimlerini sa\u011flamak i\u00e7in hayata ge\u00e7irilen \u0130lk F\u0131rsat Program\u0131\u2019n\u0131n, yeni d\u00f6nem ba\u015fvurular\u0131<strong>\u00a0<\/strong>ba\u015flad\u0131.<\/p>\n<p>\u0130lk F\u0131rsat Program\u0131\u2019na, 20-25 ya\u015f aras\u0131nda (1 Ocak 1996-31 Aral\u0131k 2000 aras\u0131nda do\u011fanlar), devlet \u00fcniversitesinden yeni mezun olan gen\u00e7ler ba\u015fvurabiliyor. Mezunlar\u0131n diploma notunun 4\u2019l\u00fck sisteme g\u00f6re en az 2,5 ve 100&#8217;l\u00fck sistemde ise en az 65 puan olmas\u0131, ayn\u0131 zamanda daha \u00f6nce tam zamanl\u0131 bir i\u015fte \u00e7al\u0131\u015fmam\u0131\u015f olmalar\u0131 gerekiyor. G\u00f6n\u00fcll\u00fc olarak sivil toplum kurulu\u015flar\u0131nda ya da kul\u00fcp \u00e7al\u0131\u015fmalar\u0131nda g\u00f6rev alm\u0131\u015f, staj yapm\u0131\u015f ve\/veya burs alm\u0131\u015f \u00f6\u011frenciler \u00f6ncelikli olarak de\u011ferlendiriliyor.<\/p>\n<p>Program ile ilgili t\u00fcm detaylara <a href=\"http:\/\/www.ilkfirsat.org\" target=\"_blank\" rel=\"noopener noreferrer\">buradan<\/a> ula\u015fabilirsin.<\/p>\n<!-- templates\/buttons-placeholder.php -->\n<div class=\"da-reactions-outer TpostID13789\">\n\t    <div class=\"da-reactions-data da-reactions-container-async center\"\n         data-type=\"post\"\n         data-id=\"13789\"\n         id=\"da-reactions-slot-post-13789\">\n        <div class=\"da-reactions-static\">\n\t\t\t<img src=\"https:\/\/www.kariyer.net\/kariyer-rehberi\/wp-content\/plugins\/da-reactions\/assets\/dist\/loading.svg\" alt=\"Loading spinner\" width=\"48\" height=\"48\" style=\"width:48px\" \/>\n        <\/div>\n    <\/div>\n<\/div>\n","protected":false},"excerpt":{"rendered":"<p>Yeni mezunlar\u0131n ilk i\u015f deneyimlerini ya\u015famalar\u0131na imkan tan\u0131yan &#8220;\u0130lk F\u0131rsat Program\u0131&#8221; i\u00e7in ba\u015fvurular ba\u015flad\u0131.\u00a0 \u015eevket Sabanc\u0131 ve ailesi taraf\u0131ndan s\u00fcrd\u00fcr\u00fclebilir sosyal yat\u0131r\u0131mlar yaparak \u00fclkemizin kalk\u0131nmas\u0131na katk\u0131da bulunmak amac\u0131yla kurulan Esas Sosyal; \u00fcniversite e\u011fitimlerini tamamlay\u0131p i\u015fe giremeyen gen\u00e7lerin, i\u015fsizlik sorununa \u00e7\u00f6z\u00fcm modeli olu\u015fturmak amac\u0131yla 2016 y\u0131l\u0131nda \u201c\u0130lk F\u0131rsat Program\u0131\u201dn\u0131 ba\u015flatt\u0131. Az bilinen devlet \u00fcniversitelerinden yeni mezun [&hellip;]<\/p>\n<!-- templates\/buttons-placeholder.php -->\n<div class=\"da-reactions-outer TpostID13789\">\n\t    <div class=\"da-reactions-data da-reactions-container-async center\"\n         data-type=\"post\"\n         data-id=\"13789\"\n         id=\"da-reactions-slot-post-13789\">\n        <div class=\"da-reactions-static\">\n\t\t\t<img src=\"https:\/\/www.kariyer.net\/kariyer-rehberi\/wp-content\/plugins\/da-reactions\/assets\/dist\/loading.svg\" alt=\"Loading spinner\" width=\"48\" height=\"48\" style=\"width:48px\" \/>\n        <\/div>\n    <\/div>\n<\/div>\n","protected":false},"author":12,"featured_media":13798,"comment_status":"open","ping_status":"open","sticky":false,"template":"","format":"standard","meta":{"footnotes":"","_elementor_edit_mode":"","_elementor_template_type":"","_elementor_data":"","_elementor_page_settings":null,"_elementor_conditions":[]},"categories":[2203,2211,2214],"tags":[1308,1306],"class_list":{"0":"post-13789","1":"post","2":"type-post","3":"status-publish","4":"format-standard","5":"has-post-thumbnail","7":"category-haberler-duyurular","8":"category-kariyer-gelisimi","9":"category-yasam","10":"tag-esas-sosyal","11":"tag-ilk-firsat"},"yoast_head":"<!-- This site is optimized with the Yoast SEO Premium plugin v21.4 (Yoast SEO v27.0) - https:\/\/yoast.com\/product\/yoast-seo-premium-wordpress\/ -->\n<title>\u0130lk i\u015f deneyimini ya\u015famaya haz\u0131r m\u0131s\u0131n? | Kariyer Rehberi<\/title>\n<meta name=\"description\" content=\"Yeni mezunlar\u0131n ilk i\u015f deneyimlerini ya\u015famalar\u0131na imkan tan\u0131yan &quot;\u0130lk F\u0131rsat Program\u0131&quot; i\u00e7in ba\u015fvurular ba\u015flad\u0131.\u00a0 \u015eevket Sabanc\u0131 ve ailesi taraf\u0131ndan\" \/>\n<meta name=\"robots\" content=\"index, follow, max-snippet:-1, max-image-preview:large, max-video-preview:-1\" \/>\n<link rel=\"canonical\" href=\"https:\/\/www.kariyer.net\/kariyer-rehberi\/ilk-is-deneyimini-yasamaya-hazir-misin\/\" \/>\n<meta property=\"og:locale\" content=\"tr_TR\" \/>\n<meta property=\"og:type\" content=\"article\" \/>\n<meta property=\"og:title\" content=\"\u0130lk i\u015f deneyimini ya\u015famaya haz\u0131r m\u0131s\u0131n?\" \/>\n<meta property=\"og:description\" content=\"Yeni mezunlar\u0131n ilk i\u015f deneyimlerini ya\u015famalar\u0131na imkan tan\u0131yan &quot;\u0130lk F\u0131rsat Program\u0131&quot; i\u00e7in ba\u015fvurular ba\u015flad\u0131.\u00a0 \u015eevket Sabanc\u0131 ve ailesi taraf\u0131ndan\" \/>\n<meta property=\"og:url\" content=\"https:\/\/www.kariyer.net\/kariyer-rehberi\/ilk-is-deneyimini-yasamaya-hazir-misin\/\" \/>\n<meta property=\"og:site_name\" content=\"Kariyer Rehberi\" \/>\n<meta property=\"article:published_time\" content=\"2020-07-09T07:11:27+00:00\" \/>\n<meta property=\"article:modified_time\" content=\"2024-08-08T18:09:32+00:00\" \/>\n<meta property=\"og:image\" content=\"https:\/\/www.kariyer.net\/kariyer-rehberi\/wp-content\/uploads\/2020\/07\/Images.jpg\" \/>\n\t<meta property=\"og:image:width\" content=\"900\" \/>\n\t<meta property=\"og:image:height\" content=\"600\" \/>\n\t<meta property=\"og:image:type\" content=\"image\/jpeg\" \/>\n<meta name=\"author\" content=\"Edit\u00f6r\" \/>\n<meta name=\"twitter:card\" content=\"summary_large_image\" \/>\n<meta name=\"twitter:label1\" content=\"Yazan:\" \/>\n\t<meta name=\"twitter:data1\" content=\"Edit\u00f6r\" \/>\n\t<meta name=\"twitter:label2\" content=\"Tahmini okuma s\u00fcresi\" \/>\n\t<meta name=\"twitter:data2\" content=\"1 dakika\" \/>\n<!-- \/ Yoast SEO Premium plugin. -->","yoast_head_json":{"title":"\u0130lk i\u015f deneyimini ya\u015famaya haz\u0131r m\u0131s\u0131n? | Kariyer Rehberi","description":"Yeni mezunlar\u0131n ilk i\u015f deneyimlerini ya\u015famalar\u0131na imkan tan\u0131yan \"\u0130lk F\u0131rsat Program\u0131\" i\u00e7in ba\u015fvurular ba\u015flad\u0131.\u00a0 \u015eevket Sabanc\u0131 ve ailesi taraf\u0131ndan","robots":{"index":"index","follow":"follow","max-snippet":"max-snippet:-1","max-image-preview":"max-image-preview:large","max-video-preview":"max-video-preview:-1"},"canonical":"https:\/\/www.kariyer.net\/kariyer-rehberi\/ilk-is-deneyimini-yasamaya-hazir-misin\/","og_locale":"tr_TR","og_type":"article","og_title":"\u0130lk i\u015f deneyimini ya\u015famaya haz\u0131r m\u0131s\u0131n?","og_description":"Yeni mezunlar\u0131n ilk i\u015f deneyimlerini ya\u015famalar\u0131na imkan tan\u0131yan \"\u0130lk F\u0131rsat Program\u0131\" i\u00e7in ba\u015fvurular ba\u015flad\u0131.\u00a0 \u015eevket Sabanc\u0131 ve ailesi taraf\u0131ndan","og_url":"https:\/\/www.kariyer.net\/kariyer-rehberi\/ilk-is-deneyimini-yasamaya-hazir-misin\/","og_site_name":"Kariyer Rehberi","article_published_time":"2020-07-09T07:11:27+00:00","article_modified_time":"2024-08-08T18:09:32+00:00","og_image":[{"width":900,"height":600,"url":"https:\/\/www.kariyer.net\/kariyer-rehberi\/wp-content\/uploads\/2020\/07\/Images.jpg","type":"image\/jpeg"}],"author":"Edit\u00f6r","twitter_card":"summary_large_image","twitter_misc":{"Yazan:":"Edit\u00f6r","Tahmini okuma s\u00fcresi":"1 dakika"},"schema":{"@context":"https:\/\/schema.org","@graph":[{"@type":"Article","@id":"https:\/\/www.kariyer.net\/kariyer-rehberi\/ilk-is-deneyimini-yasamaya-hazir-misin\/#article","isPartOf":{"@id":"https:\/\/www.kariyer.net\/kariyer-rehberi\/ilk-is-deneyimini-yasamaya-hazir-misin\/"},"author":{"name":"Edit\u00f6r","@id":"https:\/\/www.kariyer.net\/kariyer-rehberi\/#\/schema\/person\/94fd6e49c7ff1b1b2565a2cc4fd685dd"},"headline":"\u0130lk i\u015f deneyimini ya\u015famaya haz\u0131r m\u0131s\u0131n?","datePublished":"2020-07-09T07:11:27+00:00","dateModified":"2024-08-08T18:09:32+00:00","mainEntityOfPage":{"@id":"https:\/\/www.kariyer.net\/kariyer-rehberi\/ilk-is-deneyimini-yasamaya-hazir-misin\/"},"wordCount":219,"commentCount":0,"publisher":{"@id":"https:\/\/www.kariyer.net\/kariyer-rehberi\/#organization"},"image":{"@id":"https:\/\/www.kariyer.net\/kariyer-rehberi\/ilk-is-deneyimini-yasamaya-hazir-misin\/#primaryimage"},"thumbnailUrl":"https:\/\/www.kariyer.net\/kariyer-rehberi\/wp-content\/uploads\/2020\/07\/Images.jpg","keywords":["esas sosyal","ilk f\u0131rsat"],"articleSection":["Haberler ve Duyurular","Kariyer Geli\u015fimi","Ya\u015fam"],"inLanguage":"tr","potentialAction":[{"@type":"CommentAction","name":"Comment","target":["https:\/\/www.kariyer.net\/kariyer-rehberi\/ilk-is-deneyimini-yasamaya-hazir-misin\/#respond"]}]},{"@type":"WebPage","@id":"https:\/\/www.kariyer.net\/kariyer-rehberi\/ilk-is-deneyimini-yasamaya-hazir-misin\/","url":"https:\/\/www.kariyer.net\/kariyer-rehberi\/ilk-is-deneyimini-yasamaya-hazir-misin\/","name":"\u0130lk i\u015f deneyimini ya\u015famaya haz\u0131r m\u0131s\u0131n? | Kariyer Rehberi","isPartOf":{"@id":"https:\/\/www.kariyer.net\/kariyer-rehberi\/#website"},"primaryImageOfPage":{"@id":"https:\/\/www.kariyer.net\/kariyer-rehberi\/ilk-is-deneyimini-yasamaya-hazir-misin\/#primaryimage"},"image":{"@id":"https:\/\/www.kariyer.net\/kariyer-rehberi\/ilk-is-deneyimini-yasamaya-hazir-misin\/#primaryimage"},"thumbnailUrl":"https:\/\/www.kariyer.net\/kariyer-rehberi\/wp-content\/uploads\/2020\/07\/Images.jpg","datePublished":"2020-07-09T07:11:27+00:00","dateModified":"2024-08-08T18:09:32+00:00","description":"Yeni mezunlar\u0131n ilk i\u015f deneyimlerini ya\u015famalar\u0131na imkan tan\u0131yan \"\u0130lk F\u0131rsat Program\u0131\" i\u00e7in ba\u015fvurular ba\u015flad\u0131.\u00a0 \u015eevket Sabanc\u0131 ve ailesi taraf\u0131ndan","breadcrumb":{"@id":"https:\/\/www.kariyer.net\/kariyer-rehberi\/ilk-is-deneyimini-yasamaya-hazir-misin\/#breadcrumb"},"inLanguage":"tr","potentialAction":[{"@type":"ReadAction","target":["https:\/\/www.kariyer.net\/kariyer-rehberi\/ilk-is-deneyimini-yasamaya-hazir-misin\/"]}]},{"@type":"ImageObject","inLanguage":"tr","@id":"https:\/\/www.kariyer.net\/kariyer-rehberi\/ilk-is-deneyimini-yasamaya-hazir-misin\/#primaryimage","url":"https:\/\/www.kariyer.net\/kariyer-rehberi\/wp-content\/uploads\/2020\/07\/Images.jpg","contentUrl":"https:\/\/www.kariyer.net\/kariyer-rehberi\/wp-content\/uploads\/2020\/07\/Images.jpg","width":900,"height":600},{"@type":"BreadcrumbList","@id":"https:\/\/www.kariyer.net\/kariyer-rehberi\/ilk-is-deneyimini-yasamaya-hazir-misin\/#breadcrumb","itemListElement":[{"@type":"ListItem","position":1,"name":"Anasayfa","item":"https:\/\/www.kariyer.net\/kariyer-rehberi\/"},{"@type":"ListItem","position":2,"name":"\u0130lk i\u015f deneyimini ya\u015famaya haz\u0131r m\u0131s\u0131n?"}]},{"@type":"WebSite","@id":"https:\/\/www.kariyer.net\/kariyer-rehberi\/#website","url":"https:\/\/www.kariyer.net\/kariyer-rehberi\/","name":"Kariyer Rehberi","description":"\u0130\u015f D\u00fcnyas\u0131yla \u0130lgili Bilmek \u0130stedi\u011finiz Her \u015eey","publisher":{"@id":"https:\/\/www.kariyer.net\/kariyer-rehberi\/#organization"},"potentialAction":[{"@type":"SearchAction","target":{"@type":"EntryPoint","urlTemplate":"https:\/\/www.kariyer.net\/kariyer-rehberi\/?s={search_term_string}"},"query-input":{"@type":"PropertyValueSpecification","valueRequired":true,"valueName":"search_term_string"}}],"inLanguage":"tr"},{"@type":"Organization","@id":"https:\/\/www.kariyer.net\/kariyer-rehberi\/#organization","name":"Kariyer.net","url":"https:\/\/www.kariyer.net\/kariyer-rehberi\/","logo":{"@type":"ImageObject","inLanguage":"tr","@id":"https:\/\/www.kariyer.net\/kariyer-rehberi\/#\/schema\/logo\/image\/","url":"https:\/\/www.kariyer.net\/kariyer-rehberi-new\/wp-content\/uploads\/2023\/01\/og-image11.jpg","contentUrl":"https:\/\/www.kariyer.net\/kariyer-rehberi-new\/wp-content\/uploads\/2023\/01\/og-image11.jpg","width":800,"height":800,"caption":"Kariyer.net"},"image":{"@id":"https:\/\/www.kariyer.net\/kariyer-rehberi\/#\/schema\/logo\/image\/"}},{"@type":"Person","@id":"https:\/\/www.kariyer.net\/kariyer-rehberi\/#\/schema\/person\/94fd6e49c7ff1b1b2565a2cc4fd685dd","name":"Edit\u00f6r","image":{"@type":"ImageObject","inLanguage":"tr","@id":"https:\/\/www.kariyer.net\/kariyer-rehberi\/#\/schema\/person\/image\/","url":"https:\/\/secure.gravatar.com\/avatar\/0c4fe6688343aed3693b15573beae12c08ace5565409d5ab7509bf9c115f458d?s=96&d=mm&r=g","contentUrl":"https:\/\/secure.gravatar.com\/avatar\/0c4fe6688343aed3693b15573beae12c08ace5565409d5ab7509bf9c115f458d?s=96&d=mm&r=g","caption":"Edit\u00f6r"},"url":"https:\/\/www.kariyer.net\/kariyer-rehberi\/author\/editor\/"}]}},"_links":{"self":[{"href":"https:\/\/www.kariyer.net\/kariyer-rehberi\/wp-json\/wp\/v2\/posts\/13789","targetHints":{"allow":["GET"]}}],"collection":[{"href":"https:\/\/www.kariyer.net\/kariyer-rehberi\/wp-json\/wp\/v2\/posts"}],"about":[{"href":"https:\/\/www.kariyer.net\/kariyer-rehberi\/wp-json\/wp\/v2\/types\/post"}],"author":[{"embeddable":true,"href":"https:\/\/www.kariyer.net\/kariyer-rehberi\/wp-json\/wp\/v2\/users\/12"}],"replies":[{"embeddable":true,"href":"https:\/\/www.kariyer.net\/kariyer-rehberi\/wp-json\/wp\/v2\/comments?post=13789"}],"version-history":[{"count":1,"href":"https:\/\/www.kariyer.net\/kariyer-rehberi\/wp-json\/wp\/v2\/posts\/13789\/revisions"}],"predecessor-version":[{"id":18626,"href":"https:\/\/www.kariyer.net\/kariyer-rehberi\/wp-json\/wp\/v2\/posts\/13789\/revisions\/18626"}],"wp:featuredmedia":[{"embeddable":true,"href":"https:\/\/www.kariyer.net\/kariyer-rehberi\/wp-json\/wp\/v2\/media\/13798"}],"wp:attachment":[{"href":"https:\/\/www.kariyer.net\/kariyer-rehberi\/wp-json\/wp\/v2\/media?parent=13789"}],"wp:term":[{"taxonomy":"category","embeddable":true,"href":"https:\/\/www.kariyer.net\/kariyer-rehberi\/wp-json\/wp\/v2\/categories?post=13789"},{"taxonomy":"post_tag","embeddable":true,"href":"https:\/\/www.kariyer.net\/kariyer-rehberi\/wp-json\/wp\/v2\/tags?post=13789"}],"curies":[{"name":"wp","href":"https:\/\/api.w.org\/{rel}","templated":true}]}}