{"id":1383,"date":"2012-05-16T03:00:00","date_gmt":"2012-05-16T00:00:00","guid":{"rendered":"http:\/\/92.45.35.169\/sigortacilik-55-bin-kisiye-is-firsati-sunuyor\/"},"modified":"2024-07-03T14:53:43","modified_gmt":"2024-07-03T11:53:43","slug":"sigortacilik-55-bin-kisiye-is-firsati-sunuyor","status":"publish","type":"post","link":"https:\/\/www.kariyer.net\/kariyer-rehberi\/sigortacilik-55-bin-kisiye-is-firsati-sunuyor\/","title":{"rendered":"Sigortac\u0131l\u0131k 55 bin ki\u015fiye i\u015f f\u0131rsat\u0131 sunuyor!"},"content":{"rendered":"<p><strong><a href=\"http:\/\/www.kariyer.net\/kariyer-rehberi\/wp-content\/uploads\/2012\/05\/istihdam.jpg\"><img decoding=\"async\" class=\"size-medium wp-image-4079 alignleft\" style=\"margin: 5px;\" alt=\"istihdam\" src=\"http:\/\/www.kariyer.net\/kariyer-rehberi\/wp-content\/uploads\/2012\/05\/istihdam-300x150.jpg\" width=\"300\" height=\"150\" srcset=\"https:\/\/www.kariyer.net\/kariyer-rehberi\/wp-content\/uploads\/2012\/05\/istihdam-300x150.jpg 300w, https:\/\/www.kariyer.net\/kariyer-rehberi\/wp-content\/uploads\/2012\/05\/istihdam.jpg 600w\" sizes=\"(max-width: 300px) 100vw, 300px\" \/><\/a>Yakla\u015f\u0131k 17 bin \u00e7al\u0131\u015fana sahip ve ara elemanlarla 55 bin ki\u015fiye i\u015f f\u0131rsat\u0131 sunan sigorta sekt\u00f6r\u00fc \u00e7al\u0131\u015fanlar\u0131na farkl\u0131 kariyer olanaklar\u0131 sunarak di\u011fer sekt\u00f6rlerin \u00f6n\u00fcne ge\u00e7iyor. E\u011fitimli personelin rahat i\u015f buldu\u011fu sekt\u00f6r, \u00e7al\u0131\u015fanlar\u0131na h\u0131zl\u0131 y\u00fckselme ve kendi acentelerini a\u00e7abilme olana\u011f\u0131 sunuyor.<\/strong><\/p>\n<p>Sekt\u00f6r\u00fcn bug\u00fcnk\u00fc istihdam rakamlar\u0131na bak\u0131ld\u0131\u011f\u0131na, faaliyet g\u00f6steren 63 sigorta \u015firketi toplam 15 bin 468 ki\u015fiye istihdam sa\u011fl\u0131yor. Bunun yan\u0131 s\u0131ra,\u00a0 sekt\u00f6rde ara eleman istihdam\u0131 sa\u011flayan 16.386 acente, 85 broker ve 2.566 hasar eksperi bulunuyor. Her acentenin ortalama 3; her brokerin 15 ve her hasar eksperinin 2 ki\u015fiye i\u015f olana\u011f\u0131 sa\u011flad\u0131\u011f\u0131 d\u00fc\u015f\u00fcn\u00fcld\u00fc\u011f\u00fcnde sekt\u00f6rdeki ortalama ara eleman say\u0131s\u0131 55 bin ki\u015fiye ula\u015f\u0131yor. Ayr\u0131ca, sekt\u00f6rde, 117 sicile kay\u0131tl\u0131 ger\u00e7ek ki\u015fi akt\u00fcer ve 16.716 ger\u00e7ek ki\u015fi Bireysel Emeklilik Arac\u0131s\u0131 da \u00e7al\u0131\u015f\u0131yor. T\u00fcrk Sigorta Enstit\u00fcs\u00fc Vakf\u0131 (TSEV) E\u011fitim Birimi Y\u00f6neticisi Hamit Bar\u0131\u015f Ta\u015f, finans sekt\u00f6r\u00fcn\u00fcn i\u00e7erisinde, gerek son y\u0131llarda b\u00fcy\u00fck art\u0131\u015f g\u00f6steren yabanc\u0131 sermaye oran\u0131, gerekse Avrupa Birli\u011fi&#8217;ne uyum s\u00fcrecinde yeni \u00e7\u0131kan mevzuatla geli\u015fime a\u00e7\u0131k bir altyap\u0131ya kavu\u015fan sigortac\u0131l\u0131k sekt\u00f6r\u00fcn\u00fcn, istihdam\u0131 en \u00e7ok destekleyecek sekt\u00f6rlerin ba\u015f\u0131nda gelece\u011fine de\u011finiyor.<\/p>\n<p><strong>Farkl\u0131 e\u011fitimlere farkl\u0131 kariyer olanaklar\u0131<\/strong><br \/>\nSigorta \u015firketlerinin yabanc\u0131 dil bilen \u00fcniversite mezunu adaylara ilgisi de g\u00fcn ge\u00e7tik\u00e7e art\u0131yor. Sigortac\u0131l\u0131k E\u011fitim Merkezi SEGEM M\u00fcd\u00fcr Vekili Dr. Berna \u00d6z\u015far Kumcu, sekt\u00f6r\u00fcn \u00f6zellikle teknik personel ve sat\u0131\u015f pozisyonlar\u0131na y\u00f6nelik eleman ihtiyac\u0131 bulundu\u011funu vurguluyor ve \u015funlar\u0131 anlat\u0131yor: \u201cMevzuat gere\u011fi, acenteler ile banka ve \u00f6zel kurumlarda sigorta \u00fcr\u00fcnlerinin pazarlanmas\u0131, bilgilendirme ve sat\u0131\u015f i\u015flemleri yaln\u0131zca teknik personel taraf\u0131ndan yap\u0131labiliyor. Benzer \u015fekilde brokerler de, sigortal\u0131ya tan\u0131t\u0131m ve bilgilendirme, sigorta risklerini de\u011ferlendirme, teklifleri haz\u0131rlama ve sonu\u00e7land\u0131rma i\u015flemleri i\u00e7in teknik personel d\u0131\u015f\u0131nda personel g\u00f6revlendiremiyor\u201d. Kumcu \u00f6n\u00fcm\u00fczdeki d\u00f6nemde \u00f6zellikle hayat ve emeklilik bran\u015flar\u0131nda da sat\u0131\u015f ve pazarlama pozisyonlar\u0131nda yeni eleman ihtiyac\u0131n\u0131n olu\u015fmas\u0131n\u0131n beklendi\u011finin alt\u0131n\u0131 \u00e7iziyor.<\/p>\n<p><strong>TSEV ve SEGEM\u2019in istihdama y\u00f6nelik \u00e7al\u0131\u015fmalar\u0131<\/strong><br \/>\nSon y\u0131llarda sekt\u00f6r\u00fcn ya\u015fad\u0131\u011f\u0131 geli\u015fim ve d\u00f6n\u00fc\u015f\u00fcm s\u00fcrecini, nitelikli istihdam\u0131n olu\u015fturulmas\u0131 ve sekt\u00f6re kazand\u0131r\u0131lmas\u0131 yolu ile desteklemeyi ama\u00e7layan, TSEV, yapt\u0131\u011f\u0131 t\u00fcm \u00e7al\u0131\u015fmalar\u0131 3 ana hedeften olu\u015fan bir Eylem Plan\u0131 i\u00e7erisinde topluyor. Hamit Bar\u0131\u015f Ta\u015f, bu 3 ana hedefin mevcut personelin niteli\u011finin artt\u0131r\u0131lmas\u0131, sekt\u00f6r\u00fcn e\u011fitime ay\u0131rd\u0131\u011f\u0131 kaynak maliyetinin azalt\u0131labilmesi ve nitelikli gen\u00e7lerin sekt\u00f6re kat\u0131lmas\u0131n\u0131n sa\u011flanmas\u0131 oldu\u011funu vurguluyor. Berna \u00d6z\u015far Kumcu ise, bu soruna \u00e7\u00f6z\u00fcm bulmak amac\u0131yla SEGEM olarak 16-17 Nisan 2011 tarihlerinde \u201cSigortac\u0131l\u0131k ve Akt\u00fcerya E\u011fitimi \u00c7al\u0131\u015ftay\u0131\u201dn\u0131 d\u00fczenlediklerini s\u00f6yl\u00fcyor. Kumcu ayr\u0131ca \u015funlar\u0131 anlat\u0131yor: \u201c\u00c7al\u0131\u015ftay, sigortac\u0131l\u0131k e\u011fitim ve istihdam\u0131na y\u00f6nelik en \u00f6nemli sorunlar\u0131n meslek y\u00fcksekokullar\u0131nda (MYO) sigortac\u0131l\u0131k e\u011fitiminin bankac\u0131l\u0131k e\u011fitimi ile beraber y\u00fcr\u00fct\u00fclmesi; \u00f6n lisans, lisans ve lisans\u00fcst\u00fc d\u00fczeylerde ders programlar\u0131 ve m\u00fcfredat\u0131n sekt\u00f6r\u00fcn ihtiya\u00e7 ve beklentilerini tam anlam\u0131yla kar\u015f\u0131layamamas\u0131 ve akademik personel say\u0131s\u0131 ve niteli\u011finin yetersiz kalmas\u0131 oldu\u011funu ortaya koydu. Bu tespitler \u0131\u015f\u0131\u011f\u0131nda SEGEM, sigortac\u0131l\u0131k e\u011fitimi ve istihdam\u0131na ili\u015fkin \u00f6nerilerini Y\u00d6K ve \u00fcniversitelerle payla\u015fmak amac\u0131yla T\u00fcrkiye genelinde bir dizi toplant\u0131 ve etkinlik d\u00fczenleyecek.\u201d<\/p>\n<p><strong>Sekt\u00f6rde \u00e7al\u0131\u015fmak isteyenler bu e\u011fitimleri ka\u00e7\u0131rmas\u0131n!<\/strong><br \/>\nSEGEM taraf\u0131ndan d\u00fczenlenen ve sigorta sekt\u00f6r\u00fcne y\u00f6nelik mesleki nitelik ta\u015f\u0131yan e\u011fitim ve s\u0131navlar \u015funlar:<\/p>\n<p><strong>Acente Teknik Personel E\u011fitim ve S\u0131navlar\u0131: <\/strong>Sigorta Acenteleri Y\u00f6netmeli\u011fi uyar\u0131nca, acente y\u00f6neticileri ve teknik personelinin, SEGEM taraf\u0131ndan d\u00fczenlenen e\u011fitimleri almas\u0131 gerekiyor.<br \/>\n<strong>Banka ve \u00d6zel Kurumlar Teknik Personel E\u011fitim ve S\u0131navlar\u0131:<\/strong> Sigorta Acenteleri Y\u00f6netmeli\u011fi uyar\u0131nca, bankalar\u0131n ve \u00f6zel kanunla kurulan ve kendilerine sigorta acenteli\u011fi yapma yetkisi tan\u0131nan kurumlar\u0131n sigorta acenteli\u011fi yapan t\u00fcm \u015fubelerinde teknik personel niteliklerini ta\u015f\u0131yan en az bir personel bulundurmalar\u0131 gerekiyor.<br \/>\n<strong>Sigorta ve Reas\u00fcrans Brokerleri E\u011fitim ve S\u0131navlar\u0131:<\/strong> Sigorta ve Reas\u00fcrans Brokerleri Y\u00f6netmeli\u011fi uyar\u0131nca broker y\u00f6neticileri ve teknik personeli ile broker \u015firketlerinde g\u00f6rev almak isteyen ki\u015filerin SEGEM taraf\u0131ndan d\u00fczenlenen e\u011fitimleri almalar\u0131 gerekiyor.<br \/>\n<strong>Akt\u00fcerlik E\u011fitimi ve S\u0131navlar\u0131: <\/strong>Akt\u00fcerler Y\u00f6netmeli\u011fi uyar\u0131nca sicile kay\u0131tl\u0131 akt\u00fcerlerin en az \u00fc\u00e7 y\u0131lda bir SEGEM taraf\u0131ndan d\u00fczenlenen e\u011fitimleri almalar\u0131 gerekiyor.<br \/>\n<strong>Sigorta Eksperleri E\u011fitimi ve S\u0131navlar\u0131:<\/strong> Eksperler Y\u00f6netmeli\u011fi uyar\u0131nca, eksper olmak isteyen adaylar\u0131n, Hazine M\u00fcste\u015farl\u0131\u011f\u0131 Sigortac\u0131l\u0131k Genel M\u00fcd\u00fcrl\u00fc\u011f\u00fc taraf\u0131ndan tespit edilen eksper ihtiyac\u0131na ba\u011fl\u0131 olarak SEGEM taraf\u0131ndan d\u00fczenlenen e\u011fitimi tamamlamalar\u0131, s\u0131navlarda ba\u015far\u0131l\u0131 olmalar\u0131 ve sertifika almaya hak kazanmalar\u0131 gerekiyor.<br \/>\n<strong>Sigorta \u015eirketlerine Y\u00f6nelik \u00d6zellikli E\u011fitimler (mevzuat kaynakl\u0131): <\/strong>SEGEM, sigorta \u015firketi \u00e7al\u0131\u015fanlar\u0131na y\u00f6nelik olarak Hazine M\u00fcste\u015farl\u0131\u011f\u0131 taraf\u0131ndan mevzuat \u00e7er\u00e7evesinde zorunlu tutulan m\u00fc\u015fteri memnuniyeti ve yanl\u0131\u015f sigorta uygulamalar\u0131 gibi konularda e\u011fitimler de d\u00fczenliyor.<\/p>\n<p>&nbsp;<\/p>\n<!-- templates\/buttons-placeholder.php -->\n<div class=\"da-reactions-outer TpostID1383\">\n\t    <div class=\"da-reactions-data da-reactions-container-async center\"\n         data-type=\"post\"\n         data-id=\"1383\"\n         id=\"da-reactions-slot-post-1383\">\n        <div class=\"da-reactions-static\">\n\t\t\t<img src=\"https:\/\/www.kariyer.net\/kariyer-rehberi\/wp-content\/plugins\/da-reactions\/assets\/dist\/loading.svg\" alt=\"Loading spinner\" width=\"48\" height=\"48\" style=\"width:48px\" \/>\n        <\/div>\n    <\/div>\n<\/div>\n","protected":false},"excerpt":{"rendered":"<p>Yakla\u015f\u0131k 17 bin \u00e7al\u0131\u015fana sahip ve ara elemanlarla 55 bin ki\u015fiye i\u015f f\u0131rsat\u0131 sunan sigorta sekt\u00f6r\u00fc \u00e7al\u0131\u015fanlar\u0131na farkl\u0131 kariyer olanaklar\u0131 sunarak di\u011fer sekt\u00f6rlerin \u00f6n\u00fcne ge\u00e7iyor. E\u011fitimli personelin rahat i\u015f buldu\u011fu sekt\u00f6r, \u00e7al\u0131\u015fanlar\u0131na h\u0131zl\u0131 y\u00fckselme ve kendi acentelerini a\u00e7abilme olana\u011f\u0131 sunuyor. Sekt\u00f6r\u00fcn bug\u00fcnk\u00fc istihdam rakamlar\u0131na bak\u0131ld\u0131\u011f\u0131na, faaliyet g\u00f6steren 63 sigorta \u015firketi toplam 15 bin 468 ki\u015fiye [&hellip;]<\/p>\n<!-- templates\/buttons-placeholder.php -->\n<div class=\"da-reactions-outer TpostID1383\">\n\t    <div class=\"da-reactions-data da-reactions-container-async center\"\n         data-type=\"post\"\n         data-id=\"1383\"\n         id=\"da-reactions-slot-post-1383\">\n        <div class=\"da-reactions-static\">\n\t\t\t<img src=\"https:\/\/www.kariyer.net\/kariyer-rehberi\/wp-content\/plugins\/da-reactions\/assets\/dist\/loading.svg\" alt=\"Loading spinner\" width=\"48\" height=\"48\" style=\"width:48px\" \/>\n        <\/div>\n    <\/div>\n<\/div>\n","protected":false},"author":5,"featured_media":4079,"comment_status":"open","ping_status":"open","sticky":false,"template":"","format":"standard","meta":{"footnotes":"","_elementor_edit_mode":"","_elementor_template_type":"","_elementor_data":"","_elementor_page_settings":null,"_elementor_conditions":[]},"categories":[2203],"tags":[],"class_list":{"0":"post-1383","1":"post","2":"type-post","3":"status-publish","4":"format-standard","5":"has-post-thumbnail","7":"category-haberler-duyurular"},"yoast_head":"<!-- This site is optimized with the Yoast SEO Premium plugin v21.4 (Yoast SEO v27.0) - https:\/\/yoast.com\/product\/yoast-seo-premium-wordpress\/ -->\n<title>Sigortac\u0131l\u0131k 55 bin ki\u015fiye i\u015f f\u0131rsat\u0131 sunuyor! | Kariyer Rehberi<\/title>\n<meta name=\"description\" content=\"Yakla\u015f\u0131k 17 bin \u00e7al\u0131\u015fana sahip ve ara elemanlarla 55 bin ki\u015fiye i\u015f f\u0131rsat\u0131 sunan sigorta sekt\u00f6r\u00fc \u00e7al\u0131\u015fanlar\u0131na farkl\u0131 kariyer olanaklar\u0131 sunarak di\u011fer\" \/>\n<meta name=\"robots\" content=\"index, follow, max-snippet:-1, max-image-preview:large, max-video-preview:-1\" \/>\n<link rel=\"canonical\" href=\"https:\/\/www.kariyer.net\/kariyer-rehberi\/sigortacilik-55-bin-kisiye-is-firsati-sunuyor\/\" \/>\n<meta property=\"og:locale\" content=\"tr_TR\" \/>\n<meta property=\"og:type\" content=\"article\" \/>\n<meta property=\"og:title\" content=\"Sigortac\u0131l\u0131k 55 bin ki\u015fiye i\u015f f\u0131rsat\u0131 sunuyor!\" \/>\n<meta property=\"og:description\" content=\"Yakla\u015f\u0131k 17 bin \u00e7al\u0131\u015fana sahip ve ara elemanlarla 55 bin ki\u015fiye i\u015f f\u0131rsat\u0131 sunan sigorta sekt\u00f6r\u00fc \u00e7al\u0131\u015fanlar\u0131na farkl\u0131 kariyer olanaklar\u0131 sunarak di\u011fer\" \/>\n<meta property=\"og:url\" content=\"https:\/\/www.kariyer.net\/kariyer-rehberi\/sigortacilik-55-bin-kisiye-is-firsati-sunuyor\/\" \/>\n<meta property=\"og:site_name\" content=\"Kariyer Rehberi\" \/>\n<meta property=\"article:published_time\" content=\"2012-05-16T00:00:00+00:00\" \/>\n<meta property=\"article:modified_time\" content=\"2024-07-03T11:53:43+00:00\" \/>\n<meta property=\"og:image\" content=\"https:\/\/www.kariyer.net\/kariyer-rehberi\/wp-content\/uploads\/2012\/05\/istihdam.jpg\" \/>\n\t<meta property=\"og:image:width\" content=\"600\" \/>\n\t<meta property=\"og:image:height\" content=\"300\" \/>\n\t<meta property=\"og:image:type\" content=\"image\/jpeg\" \/>\n<meta name=\"author\" content=\"P\u0131nar Nogay\" \/>\n<meta name=\"twitter:card\" content=\"summary_large_image\" \/>\n<meta name=\"twitter:label1\" content=\"Yazan:\" \/>\n\t<meta name=\"twitter:data1\" content=\"P\u0131nar Nogay\" \/>\n\t<meta name=\"twitter:label2\" content=\"Tahmini okuma s\u00fcresi\" \/>\n\t<meta name=\"twitter:data2\" content=\"5 dakika\" \/>\n<!-- \/ Yoast SEO Premium plugin. -->","yoast_head_json":{"title":"Sigortac\u0131l\u0131k 55 bin ki\u015fiye i\u015f f\u0131rsat\u0131 sunuyor! | Kariyer Rehberi","description":"Yakla\u015f\u0131k 17 bin \u00e7al\u0131\u015fana sahip ve ara elemanlarla 55 bin ki\u015fiye i\u015f f\u0131rsat\u0131 sunan sigorta sekt\u00f6r\u00fc \u00e7al\u0131\u015fanlar\u0131na farkl\u0131 kariyer olanaklar\u0131 sunarak di\u011fer","robots":{"index":"index","follow":"follow","max-snippet":"max-snippet:-1","max-image-preview":"max-image-preview:large","max-video-preview":"max-video-preview:-1"},"canonical":"https:\/\/www.kariyer.net\/kariyer-rehberi\/sigortacilik-55-bin-kisiye-is-firsati-sunuyor\/","og_locale":"tr_TR","og_type":"article","og_title":"Sigortac\u0131l\u0131k 55 bin ki\u015fiye i\u015f f\u0131rsat\u0131 sunuyor!","og_description":"Yakla\u015f\u0131k 17 bin \u00e7al\u0131\u015fana sahip ve ara elemanlarla 55 bin ki\u015fiye i\u015f f\u0131rsat\u0131 sunan sigorta sekt\u00f6r\u00fc \u00e7al\u0131\u015fanlar\u0131na farkl\u0131 kariyer olanaklar\u0131 sunarak di\u011fer","og_url":"https:\/\/www.kariyer.net\/kariyer-rehberi\/sigortacilik-55-bin-kisiye-is-firsati-sunuyor\/","og_site_name":"Kariyer Rehberi","article_published_time":"2012-05-16T00:00:00+00:00","article_modified_time":"2024-07-03T11:53:43+00:00","og_image":[{"width":600,"height":300,"url":"https:\/\/www.kariyer.net\/kariyer-rehberi\/wp-content\/uploads\/2012\/05\/istihdam.jpg","type":"image\/jpeg"}],"author":"P\u0131nar Nogay","twitter_card":"summary_large_image","twitter_misc":{"Yazan:":"P\u0131nar Nogay","Tahmini okuma s\u00fcresi":"5 dakika"},"schema":{"@context":"https:\/\/schema.org","@graph":[{"@type":"Article","@id":"https:\/\/www.kariyer.net\/kariyer-rehberi\/sigortacilik-55-bin-kisiye-is-firsati-sunuyor\/#article","isPartOf":{"@id":"https:\/\/www.kariyer.net\/kariyer-rehberi\/sigortacilik-55-bin-kisiye-is-firsati-sunuyor\/"},"author":{"name":"P\u0131nar Nogay","@id":"https:\/\/www.kariyer.net\/kariyer-rehberi\/#\/schema\/person\/ea0977057f6b311990c570cc6d4c25d0"},"headline":"Sigortac\u0131l\u0131k 55 bin ki\u015fiye i\u015f f\u0131rsat\u0131 sunuyor!","datePublished":"2012-05-16T00:00:00+00:00","dateModified":"2024-07-03T11:53:43+00:00","mainEntityOfPage":{"@id":"https:\/\/www.kariyer.net\/kariyer-rehberi\/sigortacilik-55-bin-kisiye-is-firsati-sunuyor\/"},"wordCount":930,"commentCount":0,"publisher":{"@id":"https:\/\/www.kariyer.net\/kariyer-rehberi\/#organization"},"image":{"@id":"https:\/\/www.kariyer.net\/kariyer-rehberi\/sigortacilik-55-bin-kisiye-is-firsati-sunuyor\/#primaryimage"},"thumbnailUrl":"https:\/\/www.kariyer.net\/kariyer-rehberi\/wp-content\/uploads\/2012\/05\/istihdam.jpg","articleSection":["Haberler ve Duyurular"],"inLanguage":"tr","potentialAction":[{"@type":"CommentAction","name":"Comment","target":["https:\/\/www.kariyer.net\/kariyer-rehberi\/sigortacilik-55-bin-kisiye-is-firsati-sunuyor\/#respond"]}]},{"@type":"WebPage","@id":"https:\/\/www.kariyer.net\/kariyer-rehberi\/sigortacilik-55-bin-kisiye-is-firsati-sunuyor\/","url":"https:\/\/www.kariyer.net\/kariyer-rehberi\/sigortacilik-55-bin-kisiye-is-firsati-sunuyor\/","name":"Sigortac\u0131l\u0131k 55 bin ki\u015fiye i\u015f f\u0131rsat\u0131 sunuyor! | Kariyer Rehberi","isPartOf":{"@id":"https:\/\/www.kariyer.net\/kariyer-rehberi\/#website"},"primaryImageOfPage":{"@id":"https:\/\/www.kariyer.net\/kariyer-rehberi\/sigortacilik-55-bin-kisiye-is-firsati-sunuyor\/#primaryimage"},"image":{"@id":"https:\/\/www.kariyer.net\/kariyer-rehberi\/sigortacilik-55-bin-kisiye-is-firsati-sunuyor\/#primaryimage"},"thumbnailUrl":"https:\/\/www.kariyer.net\/kariyer-rehberi\/wp-content\/uploads\/2012\/05\/istihdam.jpg","datePublished":"2012-05-16T00:00:00+00:00","dateModified":"2024-07-03T11:53:43+00:00","description":"Yakla\u015f\u0131k 17 bin \u00e7al\u0131\u015fana sahip ve ara elemanlarla 55 bin ki\u015fiye i\u015f f\u0131rsat\u0131 sunan sigorta sekt\u00f6r\u00fc \u00e7al\u0131\u015fanlar\u0131na farkl\u0131 kariyer olanaklar\u0131 sunarak di\u011fer","breadcrumb":{"@id":"https:\/\/www.kariyer.net\/kariyer-rehberi\/sigortacilik-55-bin-kisiye-is-firsati-sunuyor\/#breadcrumb"},"inLanguage":"tr","potentialAction":[{"@type":"ReadAction","target":["https:\/\/www.kariyer.net\/kariyer-rehberi\/sigortacilik-55-bin-kisiye-is-firsati-sunuyor\/"]}]},{"@type":"ImageObject","inLanguage":"tr","@id":"https:\/\/www.kariyer.net\/kariyer-rehberi\/sigortacilik-55-bin-kisiye-is-firsati-sunuyor\/#primaryimage","url":"https:\/\/www.kariyer.net\/kariyer-rehberi\/wp-content\/uploads\/2012\/05\/istihdam.jpg","contentUrl":"https:\/\/www.kariyer.net\/kariyer-rehberi\/wp-content\/uploads\/2012\/05\/istihdam.jpg","width":600,"height":300},{"@type":"BreadcrumbList","@id":"https:\/\/www.kariyer.net\/kariyer-rehberi\/sigortacilik-55-bin-kisiye-is-firsati-sunuyor\/#breadcrumb","itemListElement":[{"@type":"ListItem","position":1,"name":"Anasayfa","item":"https:\/\/www.kariyer.net\/kariyer-rehberi\/"},{"@type":"ListItem","position":2,"name":"Sigortac\u0131l\u0131k 55 bin ki\u015fiye i\u015f f\u0131rsat\u0131 sunuyor!"}]},{"@type":"WebSite","@id":"https:\/\/www.kariyer.net\/kariyer-rehberi\/#website","url":"https:\/\/www.kariyer.net\/kariyer-rehberi\/","name":"Kariyer Rehberi","description":"\u0130\u015f D\u00fcnyas\u0131yla \u0130lgili Bilmek \u0130stedi\u011finiz Her \u015eey","publisher":{"@id":"https:\/\/www.kariyer.net\/kariyer-rehberi\/#organization"},"potentialAction":[{"@type":"SearchAction","target":{"@type":"EntryPoint","urlTemplate":"https:\/\/www.kariyer.net\/kariyer-rehberi\/?s={search_term_string}"},"query-input":{"@type":"PropertyValueSpecification","valueRequired":true,"valueName":"search_term_string"}}],"inLanguage":"tr"},{"@type":"Organization","@id":"https:\/\/www.kariyer.net\/kariyer-rehberi\/#organization","name":"Kariyer.net","url":"https:\/\/www.kariyer.net\/kariyer-rehberi\/","logo":{"@type":"ImageObject","inLanguage":"tr","@id":"https:\/\/www.kariyer.net\/kariyer-rehberi\/#\/schema\/logo\/image\/","url":"https:\/\/www.kariyer.net\/kariyer-rehberi-new\/wp-content\/uploads\/2023\/01\/og-image11.jpg","contentUrl":"https:\/\/www.kariyer.net\/kariyer-rehberi-new\/wp-content\/uploads\/2023\/01\/og-image11.jpg","width":800,"height":800,"caption":"Kariyer.net"},"image":{"@id":"https:\/\/www.kariyer.net\/kariyer-rehberi\/#\/schema\/logo\/image\/"}},{"@type":"Person","@id":"https:\/\/www.kariyer.net\/kariyer-rehberi\/#\/schema\/person\/ea0977057f6b311990c570cc6d4c25d0","name":"P\u0131nar Nogay","image":{"@type":"ImageObject","inLanguage":"tr","@id":"https:\/\/www.kariyer.net\/kariyer-rehberi\/#\/schema\/person\/image\/","url":"https:\/\/secure.gravatar.com\/avatar\/330a216cbd1ec8a38c34e372b2be4a261e51e0805bd9186606e000f5efd0f0cf?s=96&d=mm&r=g","contentUrl":"https:\/\/secure.gravatar.com\/avatar\/330a216cbd1ec8a38c34e372b2be4a261e51e0805bd9186606e000f5efd0f0cf?s=96&d=mm&r=g","caption":"P\u0131nar Nogay"},"description":"Gazeteci olmak i\u00e7in yola \u00e7\u0131karak Eski\u015fehir Anadolu \u00dcniversitesi \u0130leti\u015fim Fak\u00fcltesi\u2019nde Bas\u0131n Yay\u0131n e\u011fitimi ald\u0131. Sekt\u00f6rel yay\u0131nlarda tecr\u00fcbe kazanan, 2007 y\u0131l\u0131nda Kariyer\u2019de Edit\u00f6r olarak \u00e7al\u0131\u015fmaya ba\u015flayan Nogay, 2011\u2019den bu yana Genel Yay\u0131n Y\u00f6netmeni olarak g\u00f6rev yap\u0131yor.","sameAs":["http:\/\/www.kariyer.net\/kariyer-rehberi\/pinar-nogay\/"],"url":"https:\/\/www.kariyer.net\/kariyer-rehberi\/author\/pinar-nogay\/"}]}},"_links":{"self":[{"href":"https:\/\/www.kariyer.net\/kariyer-rehberi\/wp-json\/wp\/v2\/posts\/1383","targetHints":{"allow":["GET"]}}],"collection":[{"href":"https:\/\/www.kariyer.net\/kariyer-rehberi\/wp-json\/wp\/v2\/posts"}],"about":[{"href":"https:\/\/www.kariyer.net\/kariyer-rehberi\/wp-json\/wp\/v2\/types\/post"}],"author":[{"embeddable":true,"href":"https:\/\/www.kariyer.net\/kariyer-rehberi\/wp-json\/wp\/v2\/users\/5"}],"replies":[{"embeddable":true,"href":"https:\/\/www.kariyer.net\/kariyer-rehberi\/wp-json\/wp\/v2\/comments?post=1383"}],"version-history":[{"count":1,"href":"https:\/\/www.kariyer.net\/kariyer-rehberi\/wp-json\/wp\/v2\/posts\/1383\/revisions"}],"predecessor-version":[{"id":18748,"href":"https:\/\/www.kariyer.net\/kariyer-rehberi\/wp-json\/wp\/v2\/posts\/1383\/revisions\/18748"}],"wp:featuredmedia":[{"embeddable":true,"href":"https:\/\/www.kariyer.net\/kariyer-rehberi\/wp-json\/wp\/v2\/media\/4079"}],"wp:attachment":[{"href":"https:\/\/www.kariyer.net\/kariyer-rehberi\/wp-json\/wp\/v2\/media?parent=1383"}],"wp:term":[{"taxonomy":"category","embeddable":true,"href":"https:\/\/www.kariyer.net\/kariyer-rehberi\/wp-json\/wp\/v2\/categories?post=1383"},{"taxonomy":"post_tag","embeddable":true,"href":"https:\/\/www.kariyer.net\/kariyer-rehberi\/wp-json\/wp\/v2\/tags?post=1383"}],"curies":[{"name":"wp","href":"https:\/\/api.w.org\/{rel}","templated":true}]}}