{"id":13840,"date":"2020-07-23T10:25:54","date_gmt":"2020-07-23T07:25:54","guid":{"rendered":"https:\/\/www.kariyer.net\/kariyer-rehberi\/?p=13840"},"modified":"2024-08-08T21:09:31","modified_gmt":"2024-08-08T18:09:31","slug":"ise-alimda-adaydan-beklenen-kriterler-nasil-degisti","status":"publish","type":"post","link":"https:\/\/www.kariyer.net\/kariyer-rehberi\/ise-alimda-adaydan-beklenen-kriterler-nasil-degisti\/","title":{"rendered":"\u0130\u015fe al\u0131mda adaydan beklenen kriterler nas\u0131l de\u011fi\u015fti?"},"content":{"rendered":"<p><strong>Pandeminin etkisiyle birlikte i\u015f hayat\u0131nda pek \u00e7ok de\u011fi\u015fiklik ya\u015fand\u0131 ve yeni bir d\u00f6nem ba\u015flad\u0131. Art\u0131k hem \u015firketler hem de \u00e7al\u0131\u015fanlar birbirlerinden daha farkl\u0131 beklentiler i\u00e7inde. \u0130nsan Kaynaklar\u0131 ve Kariyer Dan\u0131\u015fman\u0131 Esra Kemer, i\u015fverenlerin \u00e7al\u0131\u015fanlarda arad\u0131\u011f\u0131 yeni yetkinlikleri yaz\u0131m\u0131zda anlatt\u0131.<\/strong><\/p>\n<p>Pandemi g\u00fcnlerinde ya\u015fan\u0131lanlarla birlikte, kurumlar\u0131n yap\u0131s\u0131na g\u00f6re \u0130K s\u00fcre\u00e7lerinde de\u011fi\u015fiklikler oldu ve bu de\u011fi\u015fiklikler \u015firketlerin sistemlerine\/i\u015fe al\u0131m s\u00fcre\u00e7lerine de yans\u0131d\u0131. Pek tabii \u00e7al\u0131\u015fan profilinde bulunmas\u0131 beklenen yetkinlikler de de\u011fi\u015fti. Yeni normalde, motivasyonun d\u00fc\u015fmeden performans\u0131n artmas\u0131 ve i\u015f s\u00fcre\u00e7lerinde verimlili\u011fin sa\u011flanmas\u0131 i\u00e7in \u00e7al\u0131\u015fanlarda aranan baz\u0131 yeni \u00f6zellikler ortaya \u00e7\u0131kt\u0131.<\/p>\n<h2><strong>De\u011fi\u015fime uyum ve adaptasyon<\/strong><\/h2>\n<p>\u00c7al\u0131\u015fanlar\u0131n de\u011fi\u015fimleri kabul etmesi, de\u011fi\u015fime direnmemesi ve uyum sa\u011flamas\u0131 daha \u00e7ok \u00f6nem kazand\u0131. De\u011fi\u015fen g\u00fcndem, teknoloji ve s\u00fcre\u00e7lere daha \u00e7abuk uyum sa\u011flayanlar art\u0131k bir ad\u0131m \u00f6nde olacak.<\/p>\n<h2><strong>Dijitale yatk\u0131nl\u0131k<\/strong><\/h2>\n<p>\u0130\u015f s\u00fcre\u00e7lerinde dijital platformlardan ve yaz\u0131l\u0131mlardan daha aktif yararlanmaya ba\u015flan\u0131lan bu yeni d\u00f6nemde, \u00e7al\u0131\u015fanlar\u0131n da bu yaz\u0131l\u0131mlar\u0131 daha etkin kullanabilmesi gereklili\u011fi ortaya \u00e7\u0131kt\u0131. Yaz\u0131l\u0131mlar\u0131 etkin kullanan, \u00e7abuk \u00f6\u011frenen ve \u00e7al\u0131\u015fmalar\u0131nda dijital teknolojilerden yararlananlar, zaman ve emek tasarrufu sa\u011flad\u0131klar\u0131 i\u00e7in art\u0131k tercih sebebi.<\/p>\n<h2><strong>\u0130leti\u015fim\/Dijital ileti\u015fim<\/strong><\/h2>\n<p>\u0130leti\u015fimin online platformlarda daha aktif kullan\u0131lmas\u0131n\u0131n sonucunda; yaz\u0131l\u0131 ve s\u00f6zl\u00fc olarak online platformlarda kurulan ileti\u015fimde &#8220;Verimli bir dil kullanmak&#8221; \u00e7ok daha \u00f6nemli bir hal ald\u0131. Dijital\/telefonla ileti\u015fimde kay\u0131plar ya\u015fanabildi\u011fi i\u00e7in her y\u00f6nden etkin ileti\u015fim kuran adaylar, daha \u00e7ok tercih edilir olacak.<\/p>\n<h2><strong>\u00d6zmotivasyon<\/strong><\/h2>\n<p>Uzaktan \u00e7al\u0131\u015fma modelinde performans\u0131n d\u00fc\u015fmemesi, verimlili\u011fin sa\u011flanmas\u0131 i\u00e7in \u00f6nemli kriterlerden bir tanesi de \u00e7al\u0131\u015fanlar\u0131n \u00f6zmotivasyona sahip olmas\u0131. Kendi ba\u015f\u0131na \u00e7al\u0131\u015ft\u0131\u011f\u0131 halde motivasyonu d\u00fc\u015fmeyen, kendi kendini y\u00f6neten \u00e7al\u0131\u015fanlar\u0131n y\u0131ld\u0131z\u0131 daha da parlayacak.<\/p>\n<h2><strong>Problem \u00e7\u00f6zme<\/strong><\/h2>\n<p>\u015eirketler i\u015f s\u00fcre\u00e7lerinde problem \u00e7\u00f6zen \u00e7al\u0131\u015fanlar\u0131 her zaman tercih eder. Bu yetkinlik her zaman adaylarda aran\u0131lan bir \u00f6zellik olsa da yeni normal d\u00fczene uygun olarak h\u0131zl\u0131 \u00e7\u00f6z\u00fcm \u00fcreterek uygulamaya alanlara daha da ihtiya\u00e7 duyulacak.<\/p>\n<h2><strong>M\u00fc\u015fteri odakl\u0131l\u0131k<\/strong><\/h2>\n<p>Sosyalle\u015fmenin azalmas\u0131yla birbirine uzak olan \u015firket \u00e7al\u0131\u015fanlar\u0131n\u0131n, bazen i\u00e7 m\u00fc\u015fterilerini\u00a0 ihmal etti\u011fi durumlar olabiliyor. Bu nedenle; i\u00e7 ve d\u0131\u015f m\u00fc\u015fteriye uygun \u00e7\u00f6z\u00fcmler \u00fcreten, memnuniyeti artt\u0131ran ve kar\u015f\u0131l\u0131kl\u0131 menfaatler i\u00e7inde bulunan ki\u015filer bu yeni d\u00f6nemde tercih sebebi olacak. Ekip \u00e7al\u0131\u015fmas\u0131na inanan, uygulayan, birbirinin menfaatini d\u00fc\u015f\u00fcnen ve i\u015flerini kolayla\u015ft\u0131ranlar adaylara \u00f6ncelik verilecek.<\/p>\n<h2><strong>B\u00fct\u00fcn\u00fc g\u00f6rme<\/strong><\/h2>\n<p>Anl\u0131k de\u011fi\u015fiklikler, ya\u015fan\u0131lan krizlerle birlikte b\u00fct\u00fcn\u00fc g\u00f6rmek ve i\u015f s\u00fcre\u00e7lerinin b\u00fct\u00fcn\u00fc i\u00e7inde yer alabilmek \u00f6nemli bir \u00f6zellik olacak. Birimlerde ne i\u015fin yap\u0131ld\u0131\u011f\u0131n\u0131, i\u015f s\u00fcre\u00e7lerini ve detaylar\u0131 bilip, i\u015fleri y\u00fcr\u00fcten bir \u00e7al\u0131\u015fan olmak \u00f6nemli bir yetkinlik olarak \u00f6n plana \u00e7\u0131kacak.<\/p>\n<h2><strong>\u00d6\u011frenmeye a\u00e7\u0131kl\u0131k<\/strong><\/h2>\n<p>Pandemi g\u00fcnleriyle birlikte pek \u00e7ok yeni kavramla kar\u015f\u0131la\u015ft\u0131k ve bu s\u00fcre\u00e7te h\u0131zl\u0131 \u00f6\u011frenenler daha \u00e7abuk yol ald\u0131. Bundan sonraki s\u00fcre\u00e7te de sahip olunan bilgilerle yetinmeyerek s\u00fcrekli yeni \u015feyler \u00f6\u011frenme istedi\u011finde olmak, bir aday\u0131 tercih etmede en \u00f6nemli k\u0131staslar aras\u0131nda yer alacak.<\/p>\n<div class=\"td-post-content\">\n<p><strong>Konuk Yazar:<\/strong> Esra Kemer\/\u0130nsan Kaynaklar\u0131 ve Kariyer Dan\u0131\u015fman\u0131<\/p>\n<\/div>\n<!-- templates\/buttons-placeholder.php -->\n<div class=\"da-reactions-outer TpostID13840\">\n\t    <div class=\"da-reactions-data da-reactions-container-async center\"\n         data-type=\"post\"\n         data-id=\"13840\"\n         id=\"da-reactions-slot-post-13840\">\n        <div class=\"da-reactions-static\">\n\t\t\t<img src=\"https:\/\/www.kariyer.net\/kariyer-rehberi\/wp-content\/plugins\/da-reactions\/assets\/dist\/loading.svg\" alt=\"Loading spinner\" width=\"48\" height=\"48\" style=\"width:48px\" \/>\n        <\/div>\n    <\/div>\n<\/div>\n","protected":false},"excerpt":{"rendered":"<p>Pandeminin etkisiyle birlikte i\u015f hayat\u0131nda pek \u00e7ok de\u011fi\u015fiklik ya\u015fand\u0131 ve yeni bir d\u00f6nem ba\u015flad\u0131. Art\u0131k hem \u015firketler hem de \u00e7al\u0131\u015fanlar birbirlerinden daha farkl\u0131 beklentiler i\u00e7inde. \u0130nsan Kaynaklar\u0131 ve Kariyer Dan\u0131\u015fman\u0131 Esra Kemer, i\u015fverenlerin \u00e7al\u0131\u015fanlarda arad\u0131\u011f\u0131 yeni yetkinlikleri yaz\u0131m\u0131zda anlatt\u0131. Pandemi g\u00fcnlerinde ya\u015fan\u0131lanlarla birlikte, kurumlar\u0131n yap\u0131s\u0131na g\u00f6re \u0130K s\u00fcre\u00e7lerinde de\u011fi\u015fiklikler oldu ve bu de\u011fi\u015fiklikler \u015firketlerin sistemlerine\/i\u015fe [&hellip;]<\/p>\n<!-- templates\/buttons-placeholder.php -->\n<div class=\"da-reactions-outer TpostID13840\">\n\t    <div class=\"da-reactions-data da-reactions-container-async center\"\n         data-type=\"post\"\n         data-id=\"13840\"\n         id=\"da-reactions-slot-post-13840\">\n        <div class=\"da-reactions-static\">\n\t\t\t<img src=\"https:\/\/www.kariyer.net\/kariyer-rehberi\/wp-content\/plugins\/da-reactions\/assets\/dist\/loading.svg\" alt=\"Loading spinner\" width=\"48\" height=\"48\" style=\"width:48px\" \/>\n        <\/div>\n    <\/div>\n<\/div>\n","protected":false},"author":9,"featured_media":13845,"comment_status":"open","ping_status":"open","sticky":false,"template":"","format":"standard","meta":{"footnotes":"","_elementor_edit_mode":"","_elementor_template_type":"","_elementor_data":"","_elementor_page_settings":null,"_elementor_conditions":[]},"categories":[2203,40,6,2211,42,2214],"tags":[1486,811,1487],"class_list":{"0":"post-13840","1":"post","2":"type-post","3":"status-publish","4":"format-standard","5":"has-post-thumbnail","7":"category-haberler-duyurular","8":"category-is-arama-trendleri","9":"category-is-bulma-stratejileri","10":"category-kariyer-gelisimi","11":"category-mulakat","12":"category-yasam","13":"tag-corona","14":"tag-esra-kemer","15":"tag-koronavirus"},"yoast_head":"<!-- This site is optimized with the Yoast SEO Premium plugin v21.4 (Yoast SEO v27.0) - https:\/\/yoast.com\/product\/yoast-seo-premium-wordpress\/ -->\n<title>\u0130\u015fe al\u0131mda adaydan beklenen kriterler nas\u0131l de\u011fi\u015fti? | Kariyer Rehberi<\/title>\n<meta name=\"description\" content=\"Pandeminin etkisiyle birlikte i\u015f hayat\u0131nda pek \u00e7ok de\u011fi\u015fiklik ya\u015fand\u0131 ve yeni bir d\u00f6nem ba\u015flad\u0131. Art\u0131k hem \u015firketler hem de \u00e7al\u0131\u015fanlar birbirlerinden daha\" \/>\n<meta name=\"robots\" content=\"index, follow, max-snippet:-1, max-image-preview:large, max-video-preview:-1\" \/>\n<link rel=\"canonical\" href=\"https:\/\/www.kariyer.net\/kariyer-rehberi\/ise-alimda-adaydan-beklenen-kriterler-nasil-degisti\/\" \/>\n<meta property=\"og:locale\" content=\"tr_TR\" \/>\n<meta property=\"og:type\" content=\"article\" \/>\n<meta property=\"og:title\" content=\"\u0130\u015fe al\u0131mda adaydan beklenen kriterler nas\u0131l de\u011fi\u015fti?\" \/>\n<meta property=\"og:description\" content=\"Pandeminin etkisiyle birlikte i\u015f hayat\u0131nda pek \u00e7ok de\u011fi\u015fiklik ya\u015fand\u0131 ve yeni bir d\u00f6nem ba\u015flad\u0131. Art\u0131k hem \u015firketler hem de \u00e7al\u0131\u015fanlar birbirlerinden daha\" \/>\n<meta property=\"og:url\" content=\"https:\/\/www.kariyer.net\/kariyer-rehberi\/ise-alimda-adaydan-beklenen-kriterler-nasil-degisti\/\" \/>\n<meta property=\"og:site_name\" content=\"Kariyer Rehberi\" \/>\n<meta property=\"article:published_time\" content=\"2020-07-23T07:25:54+00:00\" \/>\n<meta property=\"article:modified_time\" content=\"2024-08-08T18:09:31+00:00\" \/>\n<meta property=\"og:image\" content=\"https:\/\/www.kariyer.net\/kariyer-rehberi\/wp-content\/uploads\/2020\/07\/iStock-1171209883.jpg\" \/>\n\t<meta property=\"og:image:width\" content=\"1254\" \/>\n\t<meta property=\"og:image:height\" content=\"837\" \/>\n\t<meta property=\"og:image:type\" content=\"image\/jpeg\" \/>\n<meta name=\"author\" content=\"Konuk Yazar\" \/>\n<meta name=\"twitter:card\" content=\"summary_large_image\" \/>\n<meta name=\"twitter:label1\" content=\"Yazan:\" \/>\n\t<meta name=\"twitter:data1\" content=\"Konuk Yazar\" \/>\n\t<meta name=\"twitter:label2\" content=\"Tahmini okuma s\u00fcresi\" \/>\n\t<meta name=\"twitter:data2\" content=\"3 dakika\" \/>\n<!-- \/ Yoast SEO Premium plugin. -->","yoast_head_json":{"title":"\u0130\u015fe al\u0131mda adaydan beklenen kriterler nas\u0131l de\u011fi\u015fti? | Kariyer Rehberi","description":"Pandeminin etkisiyle birlikte i\u015f hayat\u0131nda pek \u00e7ok de\u011fi\u015fiklik ya\u015fand\u0131 ve yeni bir d\u00f6nem ba\u015flad\u0131. Art\u0131k hem \u015firketler hem de \u00e7al\u0131\u015fanlar birbirlerinden daha","robots":{"index":"index","follow":"follow","max-snippet":"max-snippet:-1","max-image-preview":"max-image-preview:large","max-video-preview":"max-video-preview:-1"},"canonical":"https:\/\/www.kariyer.net\/kariyer-rehberi\/ise-alimda-adaydan-beklenen-kriterler-nasil-degisti\/","og_locale":"tr_TR","og_type":"article","og_title":"\u0130\u015fe al\u0131mda adaydan beklenen kriterler nas\u0131l de\u011fi\u015fti?","og_description":"Pandeminin etkisiyle birlikte i\u015f hayat\u0131nda pek \u00e7ok de\u011fi\u015fiklik ya\u015fand\u0131 ve yeni bir d\u00f6nem ba\u015flad\u0131. Art\u0131k hem \u015firketler hem de \u00e7al\u0131\u015fanlar birbirlerinden daha","og_url":"https:\/\/www.kariyer.net\/kariyer-rehberi\/ise-alimda-adaydan-beklenen-kriterler-nasil-degisti\/","og_site_name":"Kariyer Rehberi","article_published_time":"2020-07-23T07:25:54+00:00","article_modified_time":"2024-08-08T18:09:31+00:00","og_image":[{"width":1254,"height":837,"url":"https:\/\/www.kariyer.net\/kariyer-rehberi\/wp-content\/uploads\/2020\/07\/iStock-1171209883.jpg","type":"image\/jpeg"}],"author":"Konuk Yazar","twitter_card":"summary_large_image","twitter_misc":{"Yazan:":"Konuk Yazar","Tahmini okuma s\u00fcresi":"3 dakika"},"schema":{"@context":"https:\/\/schema.org","@graph":[{"@type":"Article","@id":"https:\/\/www.kariyer.net\/kariyer-rehberi\/ise-alimda-adaydan-beklenen-kriterler-nasil-degisti\/#article","isPartOf":{"@id":"https:\/\/www.kariyer.net\/kariyer-rehberi\/ise-alimda-adaydan-beklenen-kriterler-nasil-degisti\/"},"author":{"name":"Konuk Yazar","@id":"https:\/\/www.kariyer.net\/kariyer-rehberi\/#\/schema\/person\/6154a58a8375a4df7f7fc847997c4657"},"headline":"\u0130\u015fe al\u0131mda adaydan beklenen kriterler nas\u0131l de\u011fi\u015fti?","datePublished":"2020-07-23T07:25:54+00:00","dateModified":"2024-08-08T18:09:31+00:00","mainEntityOfPage":{"@id":"https:\/\/www.kariyer.net\/kariyer-rehberi\/ise-alimda-adaydan-beklenen-kriterler-nasil-degisti\/"},"wordCount":617,"commentCount":0,"publisher":{"@id":"https:\/\/www.kariyer.net\/kariyer-rehberi\/#organization"},"image":{"@id":"https:\/\/www.kariyer.net\/kariyer-rehberi\/ise-alimda-adaydan-beklenen-kriterler-nasil-degisti\/#primaryimage"},"thumbnailUrl":"https:\/\/www.kariyer.net\/kariyer-rehberi\/wp-content\/uploads\/2020\/07\/iStock-1171209883.jpg","keywords":["Corona","Esra KEMER","koronavir\u00fcs"],"articleSection":["Haberler ve Duyurular","\u0130\u015f Arama Trendleri","\u0130\u015f Bulma Stratejileri","Kariyer Geli\u015fimi","M\u00fclakat","Ya\u015fam"],"inLanguage":"tr","potentialAction":[{"@type":"CommentAction","name":"Comment","target":["https:\/\/www.kariyer.net\/kariyer-rehberi\/ise-alimda-adaydan-beklenen-kriterler-nasil-degisti\/#respond"]}]},{"@type":"WebPage","@id":"https:\/\/www.kariyer.net\/kariyer-rehberi\/ise-alimda-adaydan-beklenen-kriterler-nasil-degisti\/","url":"https:\/\/www.kariyer.net\/kariyer-rehberi\/ise-alimda-adaydan-beklenen-kriterler-nasil-degisti\/","name":"\u0130\u015fe al\u0131mda adaydan beklenen kriterler nas\u0131l de\u011fi\u015fti? | Kariyer Rehberi","isPartOf":{"@id":"https:\/\/www.kariyer.net\/kariyer-rehberi\/#website"},"primaryImageOfPage":{"@id":"https:\/\/www.kariyer.net\/kariyer-rehberi\/ise-alimda-adaydan-beklenen-kriterler-nasil-degisti\/#primaryimage"},"image":{"@id":"https:\/\/www.kariyer.net\/kariyer-rehberi\/ise-alimda-adaydan-beklenen-kriterler-nasil-degisti\/#primaryimage"},"thumbnailUrl":"https:\/\/www.kariyer.net\/kariyer-rehberi\/wp-content\/uploads\/2020\/07\/iStock-1171209883.jpg","datePublished":"2020-07-23T07:25:54+00:00","dateModified":"2024-08-08T18:09:31+00:00","description":"Pandeminin etkisiyle birlikte i\u015f hayat\u0131nda pek \u00e7ok de\u011fi\u015fiklik ya\u015fand\u0131 ve yeni bir d\u00f6nem ba\u015flad\u0131. Art\u0131k hem \u015firketler hem de \u00e7al\u0131\u015fanlar birbirlerinden daha","breadcrumb":{"@id":"https:\/\/www.kariyer.net\/kariyer-rehberi\/ise-alimda-adaydan-beklenen-kriterler-nasil-degisti\/#breadcrumb"},"inLanguage":"tr","potentialAction":[{"@type":"ReadAction","target":["https:\/\/www.kariyer.net\/kariyer-rehberi\/ise-alimda-adaydan-beklenen-kriterler-nasil-degisti\/"]}]},{"@type":"ImageObject","inLanguage":"tr","@id":"https:\/\/www.kariyer.net\/kariyer-rehberi\/ise-alimda-adaydan-beklenen-kriterler-nasil-degisti\/#primaryimage","url":"https:\/\/www.kariyer.net\/kariyer-rehberi\/wp-content\/uploads\/2020\/07\/iStock-1171209883.jpg","contentUrl":"https:\/\/www.kariyer.net\/kariyer-rehberi\/wp-content\/uploads\/2020\/07\/iStock-1171209883.jpg","width":1254,"height":837},{"@type":"BreadcrumbList","@id":"https:\/\/www.kariyer.net\/kariyer-rehberi\/ise-alimda-adaydan-beklenen-kriterler-nasil-degisti\/#breadcrumb","itemListElement":[{"@type":"ListItem","position":1,"name":"Anasayfa","item":"https:\/\/www.kariyer.net\/kariyer-rehberi\/"},{"@type":"ListItem","position":2,"name":"\u0130\u015fe al\u0131mda adaydan beklenen kriterler nas\u0131l de\u011fi\u015fti?"}]},{"@type":"WebSite","@id":"https:\/\/www.kariyer.net\/kariyer-rehberi\/#website","url":"https:\/\/www.kariyer.net\/kariyer-rehberi\/","name":"Kariyer Rehberi","description":"\u0130\u015f D\u00fcnyas\u0131yla \u0130lgili Bilmek \u0130stedi\u011finiz Her \u015eey","publisher":{"@id":"https:\/\/www.kariyer.net\/kariyer-rehberi\/#organization"},"potentialAction":[{"@type":"SearchAction","target":{"@type":"EntryPoint","urlTemplate":"https:\/\/www.kariyer.net\/kariyer-rehberi\/?s={search_term_string}"},"query-input":{"@type":"PropertyValueSpecification","valueRequired":true,"valueName":"search_term_string"}}],"inLanguage":"tr"},{"@type":"Organization","@id":"https:\/\/www.kariyer.net\/kariyer-rehberi\/#organization","name":"Kariyer.net","url":"https:\/\/www.kariyer.net\/kariyer-rehberi\/","logo":{"@type":"ImageObject","inLanguage":"tr","@id":"https:\/\/www.kariyer.net\/kariyer-rehberi\/#\/schema\/logo\/image\/","url":"https:\/\/www.kariyer.net\/kariyer-rehberi-new\/wp-content\/uploads\/2023\/01\/og-image11.jpg","contentUrl":"https:\/\/www.kariyer.net\/kariyer-rehberi-new\/wp-content\/uploads\/2023\/01\/og-image11.jpg","width":800,"height":800,"caption":"Kariyer.net"},"image":{"@id":"https:\/\/www.kariyer.net\/kariyer-rehberi\/#\/schema\/logo\/image\/"}},{"@type":"Person","@id":"https:\/\/www.kariyer.net\/kariyer-rehberi\/#\/schema\/person\/6154a58a8375a4df7f7fc847997c4657","name":"Konuk Yazar","image":{"@type":"ImageObject","inLanguage":"tr","@id":"https:\/\/www.kariyer.net\/kariyer-rehberi\/#\/schema\/person\/image\/","url":"https:\/\/secure.gravatar.com\/avatar\/f03aa189ddb09160e6f0ad7e5e2c4b69c7102a041cc145a1e45a96f0100baa41?s=96&d=mm&r=g","contentUrl":"https:\/\/secure.gravatar.com\/avatar\/f03aa189ddb09160e6f0ad7e5e2c4b69c7102a041cc145a1e45a96f0100baa41?s=96&d=mm&r=g","caption":"Konuk Yazar"},"url":"https:\/\/www.kariyer.net\/kariyer-rehberi\/author\/konukyazar\/"}]}},"_links":{"self":[{"href":"https:\/\/www.kariyer.net\/kariyer-rehberi\/wp-json\/wp\/v2\/posts\/13840","targetHints":{"allow":["GET"]}}],"collection":[{"href":"https:\/\/www.kariyer.net\/kariyer-rehberi\/wp-json\/wp\/v2\/posts"}],"about":[{"href":"https:\/\/www.kariyer.net\/kariyer-rehberi\/wp-json\/wp\/v2\/types\/post"}],"author":[{"embeddable":true,"href":"https:\/\/www.kariyer.net\/kariyer-rehberi\/wp-json\/wp\/v2\/users\/9"}],"replies":[{"embeddable":true,"href":"https:\/\/www.kariyer.net\/kariyer-rehberi\/wp-json\/wp\/v2\/comments?post=13840"}],"version-history":[{"count":1,"href":"https:\/\/www.kariyer.net\/kariyer-rehberi\/wp-json\/wp\/v2\/posts\/13840\/revisions"}],"predecessor-version":[{"id":18624,"href":"https:\/\/www.kariyer.net\/kariyer-rehberi\/wp-json\/wp\/v2\/posts\/13840\/revisions\/18624"}],"wp:featuredmedia":[{"embeddable":true,"href":"https:\/\/www.kariyer.net\/kariyer-rehberi\/wp-json\/wp\/v2\/media\/13845"}],"wp:attachment":[{"href":"https:\/\/www.kariyer.net\/kariyer-rehberi\/wp-json\/wp\/v2\/media?parent=13840"}],"wp:term":[{"taxonomy":"category","embeddable":true,"href":"https:\/\/www.kariyer.net\/kariyer-rehberi\/wp-json\/wp\/v2\/categories?post=13840"},{"taxonomy":"post_tag","embeddable":true,"href":"https:\/\/www.kariyer.net\/kariyer-rehberi\/wp-json\/wp\/v2\/tags?post=13840"}],"curies":[{"name":"wp","href":"https:\/\/api.w.org\/{rel}","templated":true}]}}