{"id":1385,"date":"2012-07-12T03:00:00","date_gmt":"2012-07-12T00:00:00","guid":{"rendered":"http:\/\/92.45.35.169\/yeni-mezunlara-ozel-yaz-okulu\/"},"modified":"2024-07-03T14:53:39","modified_gmt":"2024-07-03T11:53:39","slug":"yeni-mezunlara-ozel-yaz-okulu","status":"publish","type":"post","link":"https:\/\/www.kariyer.net\/kariyer-rehberi\/yeni-mezunlara-ozel-yaz-okulu\/","title":{"rendered":"Yeni mezunlara \u00f6zel yaz okulu"},"content":{"rendered":"<p><strong>DB Positive Yarat\u0131c\u0131 \u00c7\u00f6z\u00fcmler ve Proje Y\u00f6netimi, yeni bir hayata \u201cdo\u011fru\u201d ba\u015flang\u0131\u00e7 yapmak isteyen gen\u00e7lere y\u00f6nelik farkl\u0131 bir yaz okulu program\u0131 d\u00fczenliyor. <\/strong><\/p>\n<p>Rekabetim h\u0131zla artt\u0131\u011f\u0131, k\u0131s\u0131tl\u0131 kaynaklar ile \u00e7e\u015fitli bask\u0131lar alt\u0131nda en iyiyi hedefleyen \u015firketlerin yer ald\u0131\u011f\u0131 i\u015f d\u00fcnyas\u0131nda art\u0131k sadece \u201cdiploma\u201d sahibi olmak \u201ciyi bir i\u015f bulmak\u201d i\u00e7in yeterli olmuyor. Gen\u00e7lerin i\u015f arayanlar aras\u0131ndan fark edilerek istedikleri i\u015fi bulabilmeleri i\u00e7in \u201cyeni mezun olarak\u201d kendilerini geli\u015ftirmeleri ve \u00f6zge\u00e7mi\u015flerine art\u0131 de\u011fer katmalar\u0131 gerekiyor. \u00dclkemizin \u00f6nde gelen e\u011fitim ve dan\u0131\u015fmanl\u0131k \u015firketlerinden DB Positive Yarat\u0131c\u0131 \u00c7\u00f6z\u00fcmler ve Proje Y\u00f6netimi i\u015fte bu art\u0131 de\u011feri yaratmak i\u00e7in 9 Temmuz \u2013 19 A\u011fustos\u201d tarihleri aras\u0131nda 5\u2019er g\u00fcnl\u00fck e\u011fitim program\u0131 d\u00fczenliyor. Amac\u0131 okul hayat\u0131ndan i\u015f hayat\u0131na ge\u00e7i\u015fte \u201cmutlu ve ba\u015far\u0131l\u0131 bir gelecek yaratmak&#8221; olan programda gen\u00e7lere; kariyer hedeflerine ula\u015fman\u0131n yol haritas\u0131 da \u00e7iziliyor. E\u011fitim program\u0131; sorun \u00fcreten de\u011fil, sorunlara \u00e7\u00f6z\u00fcm geli\u015ftirebilen, \u00f6nerileri ve yakla\u015f\u0131mlar\u0131 ile bulundu\u011fu ortamda fark yaratan yenilik\u00e7i bir \u00e7al\u0131\u015fan olmay\u0131, ekip \u00e7al\u0131\u015fmas\u0131na inanman\u0131n \u00f6nemini, ortak performans hedefleri ile sinerji ve uyum i\u00e7inde nas\u0131l \u00e7al\u0131\u015f\u0131labilece\u011fi konular\u0131nda gen\u00e7lerin ki\u015fisel geli\u015fimlerine destek vermeyi ama\u00e7l\u0131yor.<\/p>\n<p><strong>Gen\u00e7lerin sorular\u0131 yan\u0131tlan\u0131yor<\/strong><\/p>\n<p>&#8220;Kendini Tan\u0131mak ve \u0130leti\u015fim&#8221;, &#8220;Gelece\u011fi Planlamak&#8221;, &#8220;S\u0131navdan M\u00fclakata&#8221; ve &#8220;Ki\u015fisel \u0130maj&#8221; konu ba\u015fl\u0131klar\u0131 i\u00e7inde ger\u00e7ekle\u015fecek e\u011fitimlerde, dersler, i\u015f hayat\u0131 tecr\u00fcbesini e\u011fitimci kariyeriyle birle\u015ftirmi\u015f, sekt\u00f6r\u00fcn \u00f6nde gelen kurumlar\u0131n\u0131n \u00e7al\u0131\u015fanlar\u0131na yeti\u015fkin e\u011fitimi veren e\u011fitmenler taraf\u0131ndan verilecek. E\u011fitim program\u0131n\u0131n sonunda ger\u00e7ekle\u015fecek \u201cSekt\u00f6r Bulu\u015fmalar\u0131- Tecr\u00fcbe Payla\u015f\u0131m\u0131\u201d b\u00f6l\u00fcm\u00fcnde ise e\u011fitim s\u00fcrecini tamamlayan yeni mezunlar, farkl\u0131 \u015firketlerin orta ve \u00fcst d\u00fczey y\u00f6neticilerinden mesleki tecr\u00fcbe, bilgi birikimi ve \u00f6nerilerini dinleme \u015fans\u0131na sahip olacaklar. \u0130\u015f hayat\u0131na haz\u0131rlanan gen\u00e7ler, program\u0131n bu b\u00f6l\u00fcm\u00fcnde insan kaynaklar\u0131, sat\u0131\u015f pazarlama, reklam hakla ili\u015fkiler ve y\u00f6netim alanlar\u0131nda ba\u015far\u0131l\u0131 bir\u00e7ok ki\u015fiyle tan\u0131\u015fma ve merak ettikleri pek \u00e7ok soruya cevap bulma imkan\u0131na da ula\u015facaklar. DB Positive Yarat\u0131c\u0131 \u00c7\u00f6z\u00fcmler ve Proje Y\u00f6netimi Kurucusu ve Genel M\u00fcd\u00fcr\u00fc Derya Babu\u00e7, konuyla ilgili yapt\u0131\u011f\u0131 a\u00e7\u0131klamada \u201cYap\u0131lan bir\u00e7ok ara\u015ft\u0131rma g\u00f6steriyor ki i\u015f ya\u015fam\u0131nda \u00e7al\u0131\u015fanlar\u0131n y\u00fczde 70\u2019i \u00fcniversiteyi bitirdikleri b\u00f6l\u00fcmle ilgili de\u011fil, \u00e7ok farkl\u0131 alanlarda \u00e7al\u0131\u015f\u0131yorlar. Ayr\u0131ca Babu\u00e7 \u015funlar\u0131 vurguluyor: \u201ci\u015f hayat\u0131nda\u201d \u201cmutlu\u201d insan say\u0131s\u0131 giderek azal\u0131yor. \u0130\u015fte bizler \u00e7al\u0131\u015fma ya\u015fam\u0131nda mutlu insanlar yaratabilmek i\u00e7in bu t\u00fcr e\u011fitimlerle gen\u00e7lerin ya\u015famlar\u0131na b\u00fcy\u00fck art\u0131lar katabilece\u011fimize inan\u0131yoruz. Bug\u00fcne kadar ger\u00e7ekle\u015ftirdi\u011fimiz programlar\u0131m\u0131zdan faydalanm\u0131\u015f olan ki\u015fi ve kurumlardan ald\u0131\u011f\u0131m\u0131z geri d\u00f6n\u00fc\u015fler sonras\u0131nda ne kadar do\u011fru bir yolda ilerledi\u011fimizi s\u00f6yleyebilirim.\u201d<\/p>\n<!-- templates\/buttons-placeholder.php -->\n<div class=\"da-reactions-outer TpostID1385\">\n\t    <div class=\"da-reactions-data da-reactions-container-async center\"\n         data-type=\"post\"\n         data-id=\"1385\"\n         id=\"da-reactions-slot-post-1385\">\n        <div class=\"da-reactions-static\">\n\t\t\t<img src=\"https:\/\/www.kariyer.net\/kariyer-rehberi\/wp-content\/plugins\/da-reactions\/assets\/dist\/loading.svg\" alt=\"Loading spinner\" width=\"48\" height=\"48\" style=\"width:48px\" \/>\n        <\/div>\n    <\/div>\n<\/div>\n","protected":false},"excerpt":{"rendered":"<p>DB Positive Yarat\u0131c\u0131 \u00c7\u00f6z\u00fcmler ve Proje Y\u00f6netimi, yeni bir hayata \u201cdo\u011fru\u201d ba\u015flang\u0131\u00e7 yapmak isteyen gen\u00e7lere y\u00f6nelik farkl\u0131 bir yaz okulu program\u0131 d\u00fczenliyor. Rekabetim h\u0131zla artt\u0131\u011f\u0131, k\u0131s\u0131tl\u0131 kaynaklar ile \u00e7e\u015fitli bask\u0131lar alt\u0131nda en iyiyi hedefleyen \u015firketlerin yer ald\u0131\u011f\u0131 i\u015f d\u00fcnyas\u0131nda art\u0131k sadece \u201cdiploma\u201d sahibi olmak \u201ciyi bir i\u015f bulmak\u201d i\u00e7in yeterli olmuyor. Gen\u00e7lerin i\u015f arayanlar aras\u0131ndan [&hellip;]<\/p>\n<!-- templates\/buttons-placeholder.php -->\n<div class=\"da-reactions-outer TpostID1385\">\n\t    <div class=\"da-reactions-data da-reactions-container-async center\"\n         data-type=\"post\"\n         data-id=\"1385\"\n         id=\"da-reactions-slot-post-1385\">\n        <div class=\"da-reactions-static\">\n\t\t\t<img src=\"https:\/\/www.kariyer.net\/kariyer-rehberi\/wp-content\/plugins\/da-reactions\/assets\/dist\/loading.svg\" alt=\"Loading spinner\" width=\"48\" height=\"48\" style=\"width:48px\" \/>\n        <\/div>\n    <\/div>\n<\/div>\n","protected":false},"author":5,"featured_media":4071,"comment_status":"open","ping_status":"open","sticky":false,"template":"","format":"standard","meta":{"footnotes":"","_elementor_edit_mode":"","_elementor_template_type":"","_elementor_data":"","_elementor_page_settings":null,"_elementor_conditions":[]},"categories":[2203],"tags":[],"class_list":{"0":"post-1385","1":"post","2":"type-post","3":"status-publish","4":"format-standard","5":"has-post-thumbnail","7":"category-haberler-duyurular"},"yoast_head":"<!-- This site is optimized with the Yoast SEO Premium plugin v21.4 (Yoast SEO v27.0) - https:\/\/yoast.com\/product\/yoast-seo-premium-wordpress\/ -->\n<title>Yeni mezunlara \u00f6zel yaz okulu | Kariyer Rehberi<\/title>\n<meta name=\"description\" content=\"DB Positive Yarat\u0131c\u0131 \u00c7\u00f6z\u00fcmler ve Proje Y\u00f6netimi, yeni bir hayata \u201cdo\u011fru\u201d ba\u015flang\u0131\u00e7 yapmak isteyen gen\u00e7lere y\u00f6nelik farkl\u0131 bir yaz okulu program\u0131\" \/>\n<meta name=\"robots\" content=\"index, follow, max-snippet:-1, max-image-preview:large, max-video-preview:-1\" \/>\n<link rel=\"canonical\" href=\"https:\/\/www.kariyer.net\/kariyer-rehberi\/yeni-mezunlara-ozel-yaz-okulu\/\" \/>\n<meta property=\"og:locale\" content=\"tr_TR\" \/>\n<meta property=\"og:type\" content=\"article\" \/>\n<meta property=\"og:title\" content=\"Yeni mezunlara \u00f6zel yaz okulu\" \/>\n<meta property=\"og:description\" content=\"DB Positive Yarat\u0131c\u0131 \u00c7\u00f6z\u00fcmler ve Proje Y\u00f6netimi, yeni bir hayata \u201cdo\u011fru\u201d ba\u015flang\u0131\u00e7 yapmak isteyen gen\u00e7lere y\u00f6nelik farkl\u0131 bir yaz okulu program\u0131\" \/>\n<meta property=\"og:url\" content=\"https:\/\/www.kariyer.net\/kariyer-rehberi\/yeni-mezunlara-ozel-yaz-okulu\/\" \/>\n<meta property=\"og:site_name\" content=\"Kariyer Rehberi\" \/>\n<meta property=\"article:published_time\" content=\"2012-07-12T00:00:00+00:00\" \/>\n<meta property=\"article:modified_time\" content=\"2024-07-03T11:53:39+00:00\" \/>\n<meta property=\"og:image\" content=\"https:\/\/www.kariyer.net\/kariyer-rehberi\/wp-content\/uploads\/2012\/07\/dbpozitif.jpg\" \/>\n\t<meta property=\"og:image:width\" content=\"600\" \/>\n\t<meta property=\"og:image:height\" content=\"300\" \/>\n\t<meta property=\"og:image:type\" content=\"image\/jpeg\" \/>\n<meta name=\"author\" content=\"P\u0131nar Nogay\" \/>\n<meta name=\"twitter:card\" content=\"summary_large_image\" \/>\n<meta name=\"twitter:label1\" content=\"Yazan:\" \/>\n\t<meta name=\"twitter:data1\" content=\"P\u0131nar Nogay\" \/>\n\t<meta name=\"twitter:label2\" content=\"Tahmini okuma s\u00fcresi\" \/>\n\t<meta name=\"twitter:data2\" content=\"3 dakika\" \/>\n<!-- \/ Yoast SEO Premium plugin. -->","yoast_head_json":{"title":"Yeni mezunlara \u00f6zel yaz okulu | Kariyer Rehberi","description":"DB Positive Yarat\u0131c\u0131 \u00c7\u00f6z\u00fcmler ve Proje Y\u00f6netimi, yeni bir hayata \u201cdo\u011fru\u201d ba\u015flang\u0131\u00e7 yapmak isteyen gen\u00e7lere y\u00f6nelik farkl\u0131 bir yaz okulu program\u0131","robots":{"index":"index","follow":"follow","max-snippet":"max-snippet:-1","max-image-preview":"max-image-preview:large","max-video-preview":"max-video-preview:-1"},"canonical":"https:\/\/www.kariyer.net\/kariyer-rehberi\/yeni-mezunlara-ozel-yaz-okulu\/","og_locale":"tr_TR","og_type":"article","og_title":"Yeni mezunlara \u00f6zel yaz okulu","og_description":"DB Positive Yarat\u0131c\u0131 \u00c7\u00f6z\u00fcmler ve Proje Y\u00f6netimi, yeni bir hayata \u201cdo\u011fru\u201d ba\u015flang\u0131\u00e7 yapmak isteyen gen\u00e7lere y\u00f6nelik farkl\u0131 bir yaz okulu program\u0131","og_url":"https:\/\/www.kariyer.net\/kariyer-rehberi\/yeni-mezunlara-ozel-yaz-okulu\/","og_site_name":"Kariyer Rehberi","article_published_time":"2012-07-12T00:00:00+00:00","article_modified_time":"2024-07-03T11:53:39+00:00","og_image":[{"width":600,"height":300,"url":"https:\/\/www.kariyer.net\/kariyer-rehberi\/wp-content\/uploads\/2012\/07\/dbpozitif.jpg","type":"image\/jpeg"}],"author":"P\u0131nar Nogay","twitter_card":"summary_large_image","twitter_misc":{"Yazan:":"P\u0131nar Nogay","Tahmini okuma s\u00fcresi":"3 dakika"},"schema":{"@context":"https:\/\/schema.org","@graph":[{"@type":"Article","@id":"https:\/\/www.kariyer.net\/kariyer-rehberi\/yeni-mezunlara-ozel-yaz-okulu\/#article","isPartOf":{"@id":"https:\/\/www.kariyer.net\/kariyer-rehberi\/yeni-mezunlara-ozel-yaz-okulu\/"},"author":{"name":"P\u0131nar Nogay","@id":"https:\/\/www.kariyer.net\/kariyer-rehberi\/#\/schema\/person\/ea0977057f6b311990c570cc6d4c25d0"},"headline":"Yeni mezunlara \u00f6zel yaz okulu","datePublished":"2012-07-12T00:00:00+00:00","dateModified":"2024-07-03T11:53:39+00:00","mainEntityOfPage":{"@id":"https:\/\/www.kariyer.net\/kariyer-rehberi\/yeni-mezunlara-ozel-yaz-okulu\/"},"wordCount":541,"commentCount":0,"publisher":{"@id":"https:\/\/www.kariyer.net\/kariyer-rehberi\/#organization"},"image":{"@id":"https:\/\/www.kariyer.net\/kariyer-rehberi\/yeni-mezunlara-ozel-yaz-okulu\/#primaryimage"},"thumbnailUrl":"https:\/\/www.kariyer.net\/kariyer-rehberi\/wp-content\/uploads\/2012\/07\/dbpozitif.jpg","articleSection":["Haberler ve Duyurular"],"inLanguage":"tr","potentialAction":[{"@type":"CommentAction","name":"Comment","target":["https:\/\/www.kariyer.net\/kariyer-rehberi\/yeni-mezunlara-ozel-yaz-okulu\/#respond"]}]},{"@type":"WebPage","@id":"https:\/\/www.kariyer.net\/kariyer-rehberi\/yeni-mezunlara-ozel-yaz-okulu\/","url":"https:\/\/www.kariyer.net\/kariyer-rehberi\/yeni-mezunlara-ozel-yaz-okulu\/","name":"Yeni mezunlara \u00f6zel yaz okulu | Kariyer Rehberi","isPartOf":{"@id":"https:\/\/www.kariyer.net\/kariyer-rehberi\/#website"},"primaryImageOfPage":{"@id":"https:\/\/www.kariyer.net\/kariyer-rehberi\/yeni-mezunlara-ozel-yaz-okulu\/#primaryimage"},"image":{"@id":"https:\/\/www.kariyer.net\/kariyer-rehberi\/yeni-mezunlara-ozel-yaz-okulu\/#primaryimage"},"thumbnailUrl":"https:\/\/www.kariyer.net\/kariyer-rehberi\/wp-content\/uploads\/2012\/07\/dbpozitif.jpg","datePublished":"2012-07-12T00:00:00+00:00","dateModified":"2024-07-03T11:53:39+00:00","description":"DB Positive Yarat\u0131c\u0131 \u00c7\u00f6z\u00fcmler ve Proje Y\u00f6netimi, yeni bir hayata \u201cdo\u011fru\u201d ba\u015flang\u0131\u00e7 yapmak isteyen gen\u00e7lere y\u00f6nelik farkl\u0131 bir yaz okulu program\u0131","breadcrumb":{"@id":"https:\/\/www.kariyer.net\/kariyer-rehberi\/yeni-mezunlara-ozel-yaz-okulu\/#breadcrumb"},"inLanguage":"tr","potentialAction":[{"@type":"ReadAction","target":["https:\/\/www.kariyer.net\/kariyer-rehberi\/yeni-mezunlara-ozel-yaz-okulu\/"]}]},{"@type":"ImageObject","inLanguage":"tr","@id":"https:\/\/www.kariyer.net\/kariyer-rehberi\/yeni-mezunlara-ozel-yaz-okulu\/#primaryimage","url":"https:\/\/www.kariyer.net\/kariyer-rehberi\/wp-content\/uploads\/2012\/07\/dbpozitif.jpg","contentUrl":"https:\/\/www.kariyer.net\/kariyer-rehberi\/wp-content\/uploads\/2012\/07\/dbpozitif.jpg","width":600,"height":300},{"@type":"BreadcrumbList","@id":"https:\/\/www.kariyer.net\/kariyer-rehberi\/yeni-mezunlara-ozel-yaz-okulu\/#breadcrumb","itemListElement":[{"@type":"ListItem","position":1,"name":"Anasayfa","item":"https:\/\/www.kariyer.net\/kariyer-rehberi\/"},{"@type":"ListItem","position":2,"name":"Yeni mezunlara \u00f6zel yaz okulu"}]},{"@type":"WebSite","@id":"https:\/\/www.kariyer.net\/kariyer-rehberi\/#website","url":"https:\/\/www.kariyer.net\/kariyer-rehberi\/","name":"Kariyer Rehberi","description":"\u0130\u015f D\u00fcnyas\u0131yla \u0130lgili Bilmek \u0130stedi\u011finiz Her \u015eey","publisher":{"@id":"https:\/\/www.kariyer.net\/kariyer-rehberi\/#organization"},"potentialAction":[{"@type":"SearchAction","target":{"@type":"EntryPoint","urlTemplate":"https:\/\/www.kariyer.net\/kariyer-rehberi\/?s={search_term_string}"},"query-input":{"@type":"PropertyValueSpecification","valueRequired":true,"valueName":"search_term_string"}}],"inLanguage":"tr"},{"@type":"Organization","@id":"https:\/\/www.kariyer.net\/kariyer-rehberi\/#organization","name":"Kariyer.net","url":"https:\/\/www.kariyer.net\/kariyer-rehberi\/","logo":{"@type":"ImageObject","inLanguage":"tr","@id":"https:\/\/www.kariyer.net\/kariyer-rehberi\/#\/schema\/logo\/image\/","url":"https:\/\/www.kariyer.net\/kariyer-rehberi-new\/wp-content\/uploads\/2023\/01\/og-image11.jpg","contentUrl":"https:\/\/www.kariyer.net\/kariyer-rehberi-new\/wp-content\/uploads\/2023\/01\/og-image11.jpg","width":800,"height":800,"caption":"Kariyer.net"},"image":{"@id":"https:\/\/www.kariyer.net\/kariyer-rehberi\/#\/schema\/logo\/image\/"}},{"@type":"Person","@id":"https:\/\/www.kariyer.net\/kariyer-rehberi\/#\/schema\/person\/ea0977057f6b311990c570cc6d4c25d0","name":"P\u0131nar Nogay","image":{"@type":"ImageObject","inLanguage":"tr","@id":"https:\/\/www.kariyer.net\/kariyer-rehberi\/#\/schema\/person\/image\/","url":"https:\/\/secure.gravatar.com\/avatar\/330a216cbd1ec8a38c34e372b2be4a261e51e0805bd9186606e000f5efd0f0cf?s=96&d=mm&r=g","contentUrl":"https:\/\/secure.gravatar.com\/avatar\/330a216cbd1ec8a38c34e372b2be4a261e51e0805bd9186606e000f5efd0f0cf?s=96&d=mm&r=g","caption":"P\u0131nar Nogay"},"description":"Gazeteci olmak i\u00e7in yola \u00e7\u0131karak Eski\u015fehir Anadolu \u00dcniversitesi \u0130leti\u015fim Fak\u00fcltesi\u2019nde Bas\u0131n Yay\u0131n e\u011fitimi ald\u0131. Sekt\u00f6rel yay\u0131nlarda tecr\u00fcbe kazanan, 2007 y\u0131l\u0131nda Kariyer\u2019de Edit\u00f6r olarak \u00e7al\u0131\u015fmaya ba\u015flayan Nogay, 2011\u2019den bu yana Genel Yay\u0131n Y\u00f6netmeni olarak g\u00f6rev yap\u0131yor.","sameAs":["http:\/\/www.kariyer.net\/kariyer-rehberi\/pinar-nogay\/"],"url":"https:\/\/www.kariyer.net\/kariyer-rehberi\/author\/pinar-nogay\/"}]}},"_links":{"self":[{"href":"https:\/\/www.kariyer.net\/kariyer-rehberi\/wp-json\/wp\/v2\/posts\/1385","targetHints":{"allow":["GET"]}}],"collection":[{"href":"https:\/\/www.kariyer.net\/kariyer-rehberi\/wp-json\/wp\/v2\/posts"}],"about":[{"href":"https:\/\/www.kariyer.net\/kariyer-rehberi\/wp-json\/wp\/v2\/types\/post"}],"author":[{"embeddable":true,"href":"https:\/\/www.kariyer.net\/kariyer-rehberi\/wp-json\/wp\/v2\/users\/5"}],"replies":[{"embeddable":true,"href":"https:\/\/www.kariyer.net\/kariyer-rehberi\/wp-json\/wp\/v2\/comments?post=1385"}],"version-history":[{"count":1,"href":"https:\/\/www.kariyer.net\/kariyer-rehberi\/wp-json\/wp\/v2\/posts\/1385\/revisions"}],"predecessor-version":[{"id":18743,"href":"https:\/\/www.kariyer.net\/kariyer-rehberi\/wp-json\/wp\/v2\/posts\/1385\/revisions\/18743"}],"wp:featuredmedia":[{"embeddable":true,"href":"https:\/\/www.kariyer.net\/kariyer-rehberi\/wp-json\/wp\/v2\/media\/4071"}],"wp:attachment":[{"href":"https:\/\/www.kariyer.net\/kariyer-rehberi\/wp-json\/wp\/v2\/media?parent=1385"}],"wp:term":[{"taxonomy":"category","embeddable":true,"href":"https:\/\/www.kariyer.net\/kariyer-rehberi\/wp-json\/wp\/v2\/categories?post=1385"},{"taxonomy":"post_tag","embeddable":true,"href":"https:\/\/www.kariyer.net\/kariyer-rehberi\/wp-json\/wp\/v2\/tags?post=1385"}],"curies":[{"name":"wp","href":"https:\/\/api.w.org\/{rel}","templated":true}]}}