{"id":13877,"date":"2020-08-11T13:44:31","date_gmt":"2020-08-11T10:44:31","guid":{"rendered":"https:\/\/www.kariyer.net\/kariyer-rehberi\/?p=13877"},"modified":"2024-07-03T15:25:50","modified_gmt":"2024-07-03T12:25:50","slug":"itude-yapay-zeka-ve-veri-muhendisligi-bolumu-aciliyor","status":"publish","type":"post","link":"https:\/\/www.kariyer.net\/kariyer-rehberi\/itude-yapay-zeka-ve-veri-muhendisligi-bolumu-aciliyor\/","title":{"rendered":"\u0130T\u00dc\u2019de \u201cYapay Zeka ve Veri M\u00fchendisli\u011fi\u201d b\u00f6l\u00fcm\u00fc a\u00e7\u0131l\u0131yor!"},"content":{"rendered":"<p><strong>T\u00fcrkiye\u2019nin ilk &#8220;Yapay Zeka ve Veri M\u00fchendisli\u011fi&#8221; b\u00f6l\u00fcm\u00fc, \u0130stanbul Teknik \u00dcniversitesi Bilgisayar ve Bili\u015fim Fak\u00fcltesi \u00e7at\u0131s\u0131 alt\u0131nda kuruluyor. 2020-2021 y\u0131l\u0131nda ilk \u00f6\u011frencilerini kabul edecek olan b\u00f6l\u00fcm, \u0130T\u00dc b\u00fcnyesinde y\u00fcr\u00fct\u00fclmekte olan ulusal ve uluslararas\u0131 yapay zeka ve veri m\u00fchendisli\u011fi \u00e7al\u0131\u015fmalar\u0131n\u0131 lisans e\u011fitimine ta\u015f\u0131yacak.<\/strong><\/p>\n<p>\u00dcniversite tercihlerinin yap\u0131ld\u0131\u011f\u0131 \u015fu d\u00f6nemde gen\u00e7ler, gelecekleri i\u00e7in en do\u011fru karar\u0131 vermeye \u00e7al\u0131\u015f\u0131yor. Ba\u015far\u0131 s\u0131ralamas\u0131, ki\u015fisel ilgiler, istihdam olanaklar\u0131 derken tercih s\u00fcrecinde bir\u00e7ok fakt\u00f6r etkili oluyor. \u0130\u00e7inde bulundu\u011fumuz dijital \u00e7a\u011f\u0131n yaratt\u0131\u011f\u0131 yeni ihtiya\u00e7lara cevap vermek ad\u0131na \u00f6nemli bir ad\u0131m atan \u0130T\u00dc, T\u00fcrkiye&#8217;de bir ilki ger\u00e7ekle\u015ftirerek &#8220;Yapay Zeka ve Veri M\u00fchendisli\u011fi&#8221; b\u00f6l\u00fcm\u00fcn\u00fc a\u00e7\u0131yor.<\/p>\n<p>Yapay zeka teknolojileri, d\u00fcnyada her g\u00fcn \u00fcretilen 2,5 kentilyon verinin analizinden, robotikten do\u011fal dil i\u015flemeye; bilgisayar ile g\u00f6r\u00fc gibi ileri teknolojilerden sa\u011fl\u0131k hizmetlerine, telekom\u00fcnikasyondan imalata pek \u00e7ok farkl\u0131 alanda kullan\u0131l\u0131yor. 2021 y\u0131l\u0131n\u0131n sonuna gelindi\u011finde ise yeni geli\u015fen teknolojilerin en az %80\u2019inin yapay zeka teknolojilerinden beslenmi\u015f olaca\u011f\u0131 \u00f6ng\u00f6r\u00fcl\u00fcyor. Beklentilerin b\u00fcy\u00fckl\u00fc\u011f\u00fc ve bu b\u00fcy\u00fck etkinin muhtemel yak\u0131nl\u0131\u011f\u0131 d\u00fc\u015f\u00fcn\u00fcld\u00fc\u011f\u00fcnde, bu programa kabul edilecek 40 \u00f6\u011frenci, T\u00fcrkiye\u2019nin ilk <strong><a href=\"https:\/\/www.kariyer.net\/pozisyonlar\/yapay+zeka+muhendisi\/nedir\" target=\"_blank\" rel=\"noopener noreferrer\">Yapay Zeka ve Veri M\u00fchendisleri<\/a><\/strong> olarak \u00fclke ekonomisinin ve sekt\u00f6rlerinin \u015fekillenmesine liderlik edecek.<\/p>\n<p>Son be\u015f y\u0131lda yapay zeka alan\u0131nda ald\u0131\u011f\u0131 at\u0131flarla T\u00fcrkiye&#8217;deki \u00fcniversiteler aras\u0131nda birinci s\u0131rada yer alan \u0130T\u00dc\u2019de, yapay zeka altyap\u0131s\u0131yla ilgili \u00e7al\u0131\u015fmalar 2018\u2019den bu yana <strong>&#8220;\u0130T\u00dc Yapay Zeka ve Veri Bilimi Uygulama ve Ara\u015ft\u0131rma Merkezi&#8221;<\/strong> taraf\u0131ndan y\u00fcr\u00fct\u00fcl\u00fcyor. Ayn\u0131 zamanda \u0130T\u00dc ARI Teknokent, akademiyle sekt\u00f6r\u00fc bulu\u015fturarak y\u00fcksek teknoloji \u00e7\u00f6z\u00fcmleri geli\u015ftiriyor ve start-up&#8217;lar\u0131 destekliyor.<\/p>\n<p><a href=\"https:\/\/www.kariyer.net\/kariyer-rehberi\/wp-content\/uploads\/2020\/08\/itu-yapay-zeka-ve-veri-muhendisligiE.jpg\"><img fetchpriority=\"high\" decoding=\"async\" class=\"wp-image-13880 aligncenter\" src=\"https:\/\/www.kariyer.net\/kariyer-rehberi\/wp-content\/uploads\/2020\/08\/itu-yapay-zeka-ve-veri-muhendisligiE.jpg\" alt=\"\" width=\"621\" height=\"414\" srcset=\"https:\/\/www.kariyer.net\/kariyer-rehberi\/wp-content\/uploads\/2020\/08\/itu-yapay-zeka-ve-veri-muhendisligiE.jpg 900w, https:\/\/www.kariyer.net\/kariyer-rehberi\/wp-content\/uploads\/2020\/08\/itu-yapay-zeka-ve-veri-muhendisligiE-300x200.jpg 300w, https:\/\/www.kariyer.net\/kariyer-rehberi\/wp-content\/uploads\/2020\/08\/itu-yapay-zeka-ve-veri-muhendisligiE-768x512.jpg 768w, https:\/\/www.kariyer.net\/kariyer-rehberi\/wp-content\/uploads\/2020\/08\/itu-yapay-zeka-ve-veri-muhendisligiE-696x464.jpg 696w, https:\/\/www.kariyer.net\/kariyer-rehberi\/wp-content\/uploads\/2020\/08\/itu-yapay-zeka-ve-veri-muhendisligiE-630x420.jpg 630w\" sizes=\"(max-width: 621px) 100vw, 621px\" \/><\/a><\/p>\n<h2><strong>Hem akademi hem de \u00e7al\u0131\u015fma hayat\u0131n\u0131 destekleyen bir ekosistem<\/strong><\/h2>\n<p>B\u00f6l\u00fcm Ba\u015fkan\u0131 Prof. Dr. \u015eule G\u00fcnd\u00fcz \u00d6\u011f\u00fcd\u00fcc\u00fc b\u00f6l\u00fcmle ilgili olarak;<\/p>\n<p>\u201cYapay Zeka ve Veri M\u00fchendisli\u011fi B\u00f6l\u00fcm\u00fc, yapay zeka ve veri bilimi konusunda yaln\u0131zca temel m\u00fchendislik uygulamalar\u0131n\u0131n de\u011fil, yeni yapay zeka ve veri bilimi algoritmalar\u0131n\u0131n da geli\u015ftirilece\u011fi g\u00fc\u00e7l\u00fc bir ekosistem olu\u015fturacak. B\u00f6l\u00fcm, kritik \u00f6nem ta\u015f\u0131yan alanlarda milli teknolojilerin geli\u015fmesine katk\u0131 sa\u011flayacak. Bu y\u0131l \u00f6\u011frencimiz olacak 40 gen\u00e7, T\u00fcrkiye\u2019nin ilk yapay zeka ve veri m\u00fchendisleri olacak. B\u00f6ylece b\u00fcy\u00fck verilerin toplanmas\u0131, saklanmas\u0131, y\u00f6netilmesi, yapay zeka algoritmalar\u0131na uygun ko\u015fullara getirilmesi, veri analiti\u011fi ve veri ak\u0131\u015flar\u0131n\u0131n y\u00f6netilmesi gibi b\u00fct\u00fcnc\u00fcl bir bak\u0131\u015f a\u00e7\u0131s\u0131na sahip olacaklar\u201c dedi.<\/p>\n<!-- templates\/buttons-placeholder.php -->\n<div class=\"da-reactions-outer TpostID13877\">\n\t    <div class=\"da-reactions-data da-reactions-container-async center\"\n         data-type=\"post\"\n         data-id=\"13877\"\n         id=\"da-reactions-slot-post-13877\">\n        <div class=\"da-reactions-static\">\n\t\t\t<img src=\"https:\/\/www.kariyer.net\/kariyer-rehberi\/wp-content\/plugins\/da-reactions\/assets\/dist\/loading.svg\" alt=\"Loading spinner\" width=\"48\" height=\"48\" style=\"width:48px\" \/>\n        <\/div>\n    <\/div>\n<\/div>\n","protected":false},"excerpt":{"rendered":"<p>T\u00fcrkiye\u2019nin ilk &#8220;Yapay Zeka ve Veri M\u00fchendisli\u011fi&#8221; b\u00f6l\u00fcm\u00fc, \u0130stanbul Teknik \u00dcniversitesi Bilgisayar ve Bili\u015fim Fak\u00fcltesi \u00e7at\u0131s\u0131 alt\u0131nda kuruluyor. 2020-2021 y\u0131l\u0131nda ilk \u00f6\u011frencilerini kabul edecek olan b\u00f6l\u00fcm, \u0130T\u00dc b\u00fcnyesinde y\u00fcr\u00fct\u00fclmekte olan ulusal ve uluslararas\u0131 yapay zeka ve veri m\u00fchendisli\u011fi \u00e7al\u0131\u015fmalar\u0131n\u0131 lisans e\u011fitimine ta\u015f\u0131yacak. \u00dcniversite tercihlerinin yap\u0131ld\u0131\u011f\u0131 \u015fu d\u00f6nemde gen\u00e7ler, gelecekleri i\u00e7in en do\u011fru karar\u0131 vermeye \u00e7al\u0131\u015f\u0131yor. [&hellip;]<\/p>\n<!-- templates\/buttons-placeholder.php -->\n<div class=\"da-reactions-outer TpostID13877\">\n\t    <div class=\"da-reactions-data da-reactions-container-async center\"\n         data-type=\"post\"\n         data-id=\"13877\"\n         id=\"da-reactions-slot-post-13877\">\n        <div class=\"da-reactions-static\">\n\t\t\t<img src=\"https:\/\/www.kariyer.net\/kariyer-rehberi\/wp-content\/plugins\/da-reactions\/assets\/dist\/loading.svg\" alt=\"Loading spinner\" width=\"48\" height=\"48\" style=\"width:48px\" \/>\n        <\/div>\n    <\/div>\n<\/div>\n","protected":false},"author":12,"featured_media":13883,"comment_status":"open","ping_status":"open","sticky":false,"template":"","format":"standard","meta":{"footnotes":"","_elementor_edit_mode":"","_elementor_template_type":"","_elementor_data":"","_elementor_page_settings":null,"_elementor_conditions":[]},"categories":[2203,2211],"tags":[146,1553,1549,1552],"class_list":{"0":"post-13877","1":"post","2":"type-post","3":"status-publish","4":"format-standard","5":"has-post-thumbnail","7":"category-haberler-duyurular","8":"category-kariyer-gelisimi","9":"tag-itu","10":"tag-universite-tercihleri","11":"tag-universite-tercihleri-2020","12":"tag-yapay-zeka-ve-veri-muhendisligi-bolumu"},"yoast_head":"<!-- This site is optimized with the Yoast SEO Premium plugin v21.4 (Yoast SEO v27.0) - https:\/\/yoast.com\/product\/yoast-seo-premium-wordpress\/ -->\n<title>\u0130T\u00dc\u2019de \u201cYapay Zeka ve Veri M\u00fchendisli\u011fi\u201d b\u00f6l\u00fcm\u00fc a\u00e7\u0131l\u0131yor! | Kariyer Rehberi<\/title>\n<meta name=\"description\" content=\"T\u00fcrkiye\u2019nin ilk &quot;Yapay Zeka ve Veri M\u00fchendisli\u011fi&quot; b\u00f6l\u00fcm\u00fc, \u0130stanbul Teknik \u00dcniversitesi Bilgisayar ve Bili\u015fim Fak\u00fcltesi \u00e7at\u0131s\u0131 alt\u0131nda kuruluyor. 2020-2021\" \/>\n<meta name=\"robots\" content=\"index, follow, max-snippet:-1, max-image-preview:large, max-video-preview:-1\" \/>\n<link rel=\"canonical\" href=\"https:\/\/www.kariyer.net\/kariyer-rehberi\/itude-yapay-zeka-ve-veri-muhendisligi-bolumu-aciliyor\/\" \/>\n<meta property=\"og:locale\" content=\"tr_TR\" \/>\n<meta property=\"og:type\" content=\"article\" \/>\n<meta property=\"og:title\" content=\"\u0130T\u00dc\u2019de \u201cYapay Zeka ve Veri M\u00fchendisli\u011fi\u201d b\u00f6l\u00fcm\u00fc a\u00e7\u0131l\u0131yor!\" \/>\n<meta property=\"og:description\" content=\"T\u00fcrkiye\u2019nin ilk &quot;Yapay Zeka ve Veri M\u00fchendisli\u011fi&quot; b\u00f6l\u00fcm\u00fc, \u0130stanbul Teknik \u00dcniversitesi Bilgisayar ve Bili\u015fim Fak\u00fcltesi \u00e7at\u0131s\u0131 alt\u0131nda kuruluyor. 2020-2021\" \/>\n<meta property=\"og:url\" content=\"https:\/\/www.kariyer.net\/kariyer-rehberi\/itude-yapay-zeka-ve-veri-muhendisligi-bolumu-aciliyor\/\" \/>\n<meta property=\"og:site_name\" content=\"Kariyer Rehberi\" \/>\n<meta property=\"article:published_time\" content=\"2020-08-11T10:44:31+00:00\" \/>\n<meta property=\"article:modified_time\" content=\"2024-07-03T12:25:50+00:00\" \/>\n<meta property=\"og:image\" content=\"https:\/\/www.kariyer.net\/kariyer-rehberi\/wp-content\/uploads\/2020\/08\/iStock-1156535018.jpg\" \/>\n\t<meta property=\"og:image:width\" content=\"900\" \/>\n\t<meta property=\"og:image:height\" content=\"600\" \/>\n\t<meta property=\"og:image:type\" content=\"image\/jpeg\" \/>\n<meta name=\"author\" content=\"Edit\u00f6r\" \/>\n<meta name=\"twitter:card\" content=\"summary_large_image\" \/>\n<meta name=\"twitter:label1\" content=\"Yazan:\" \/>\n\t<meta name=\"twitter:data1\" content=\"Edit\u00f6r\" \/>\n\t<meta name=\"twitter:label2\" content=\"Tahmini okuma s\u00fcresi\" \/>\n\t<meta name=\"twitter:data2\" content=\"2 dakika\" \/>\n<!-- \/ Yoast SEO Premium plugin. -->","yoast_head_json":{"title":"\u0130T\u00dc\u2019de \u201cYapay Zeka ve Veri M\u00fchendisli\u011fi\u201d b\u00f6l\u00fcm\u00fc a\u00e7\u0131l\u0131yor! | Kariyer Rehberi","description":"T\u00fcrkiye\u2019nin ilk \"Yapay Zeka ve Veri M\u00fchendisli\u011fi\" b\u00f6l\u00fcm\u00fc, \u0130stanbul Teknik \u00dcniversitesi Bilgisayar ve Bili\u015fim Fak\u00fcltesi \u00e7at\u0131s\u0131 alt\u0131nda kuruluyor. 2020-2021","robots":{"index":"index","follow":"follow","max-snippet":"max-snippet:-1","max-image-preview":"max-image-preview:large","max-video-preview":"max-video-preview:-1"},"canonical":"https:\/\/www.kariyer.net\/kariyer-rehberi\/itude-yapay-zeka-ve-veri-muhendisligi-bolumu-aciliyor\/","og_locale":"tr_TR","og_type":"article","og_title":"\u0130T\u00dc\u2019de \u201cYapay Zeka ve Veri M\u00fchendisli\u011fi\u201d b\u00f6l\u00fcm\u00fc a\u00e7\u0131l\u0131yor!","og_description":"T\u00fcrkiye\u2019nin ilk \"Yapay Zeka ve Veri M\u00fchendisli\u011fi\" b\u00f6l\u00fcm\u00fc, \u0130stanbul Teknik \u00dcniversitesi Bilgisayar ve Bili\u015fim Fak\u00fcltesi \u00e7at\u0131s\u0131 alt\u0131nda kuruluyor. 2020-2021","og_url":"https:\/\/www.kariyer.net\/kariyer-rehberi\/itude-yapay-zeka-ve-veri-muhendisligi-bolumu-aciliyor\/","og_site_name":"Kariyer Rehberi","article_published_time":"2020-08-11T10:44:31+00:00","article_modified_time":"2024-07-03T12:25:50+00:00","og_image":[{"width":900,"height":600,"url":"https:\/\/www.kariyer.net\/kariyer-rehberi\/wp-content\/uploads\/2020\/08\/iStock-1156535018.jpg","type":"image\/jpeg"}],"author":"Edit\u00f6r","twitter_card":"summary_large_image","twitter_misc":{"Yazan:":"Edit\u00f6r","Tahmini okuma s\u00fcresi":"2 dakika"},"schema":{"@context":"https:\/\/schema.org","@graph":[{"@type":"Article","@id":"https:\/\/www.kariyer.net\/kariyer-rehberi\/itude-yapay-zeka-ve-veri-muhendisligi-bolumu-aciliyor\/#article","isPartOf":{"@id":"https:\/\/www.kariyer.net\/kariyer-rehberi\/itude-yapay-zeka-ve-veri-muhendisligi-bolumu-aciliyor\/"},"author":{"name":"Edit\u00f6r","@id":"https:\/\/www.kariyer.net\/kariyer-rehberi\/#\/schema\/person\/94fd6e49c7ff1b1b2565a2cc4fd685dd"},"headline":"\u0130T\u00dc\u2019de \u201cYapay Zeka ve Veri M\u00fchendisli\u011fi\u201d b\u00f6l\u00fcm\u00fc a\u00e7\u0131l\u0131yor!","datePublished":"2020-08-11T10:44:31+00:00","dateModified":"2024-07-03T12:25:50+00:00","mainEntityOfPage":{"@id":"https:\/\/www.kariyer.net\/kariyer-rehberi\/itude-yapay-zeka-ve-veri-muhendisligi-bolumu-aciliyor\/"},"wordCount":487,"commentCount":0,"publisher":{"@id":"https:\/\/www.kariyer.net\/kariyer-rehberi\/#organization"},"image":{"@id":"https:\/\/www.kariyer.net\/kariyer-rehberi\/itude-yapay-zeka-ve-veri-muhendisligi-bolumu-aciliyor\/#primaryimage"},"thumbnailUrl":"https:\/\/www.kariyer.net\/kariyer-rehberi\/wp-content\/uploads\/2020\/08\/iStock-1156535018.jpg","keywords":["\u0130T\u00dc","\u00fcniversite tercihleri","\u00fcniversite tercihleri 2020","Yapay Zeka ve Veri M\u00fchendisli\u011fi B\u00f6l\u00fcm\u00fc"],"articleSection":["Haberler ve Duyurular","Kariyer Geli\u015fimi"],"inLanguage":"tr","potentialAction":[{"@type":"CommentAction","name":"Comment","target":["https:\/\/www.kariyer.net\/kariyer-rehberi\/itude-yapay-zeka-ve-veri-muhendisligi-bolumu-aciliyor\/#respond"]}]},{"@type":"WebPage","@id":"https:\/\/www.kariyer.net\/kariyer-rehberi\/itude-yapay-zeka-ve-veri-muhendisligi-bolumu-aciliyor\/","url":"https:\/\/www.kariyer.net\/kariyer-rehberi\/itude-yapay-zeka-ve-veri-muhendisligi-bolumu-aciliyor\/","name":"\u0130T\u00dc\u2019de \u201cYapay Zeka ve Veri M\u00fchendisli\u011fi\u201d b\u00f6l\u00fcm\u00fc a\u00e7\u0131l\u0131yor! | Kariyer Rehberi","isPartOf":{"@id":"https:\/\/www.kariyer.net\/kariyer-rehberi\/#website"},"primaryImageOfPage":{"@id":"https:\/\/www.kariyer.net\/kariyer-rehberi\/itude-yapay-zeka-ve-veri-muhendisligi-bolumu-aciliyor\/#primaryimage"},"image":{"@id":"https:\/\/www.kariyer.net\/kariyer-rehberi\/itude-yapay-zeka-ve-veri-muhendisligi-bolumu-aciliyor\/#primaryimage"},"thumbnailUrl":"https:\/\/www.kariyer.net\/kariyer-rehberi\/wp-content\/uploads\/2020\/08\/iStock-1156535018.jpg","datePublished":"2020-08-11T10:44:31+00:00","dateModified":"2024-07-03T12:25:50+00:00","description":"T\u00fcrkiye\u2019nin ilk \"Yapay Zeka ve Veri M\u00fchendisli\u011fi\" b\u00f6l\u00fcm\u00fc, \u0130stanbul Teknik \u00dcniversitesi Bilgisayar ve Bili\u015fim Fak\u00fcltesi \u00e7at\u0131s\u0131 alt\u0131nda kuruluyor. 2020-2021","breadcrumb":{"@id":"https:\/\/www.kariyer.net\/kariyer-rehberi\/itude-yapay-zeka-ve-veri-muhendisligi-bolumu-aciliyor\/#breadcrumb"},"inLanguage":"tr","potentialAction":[{"@type":"ReadAction","target":["https:\/\/www.kariyer.net\/kariyer-rehberi\/itude-yapay-zeka-ve-veri-muhendisligi-bolumu-aciliyor\/"]}]},{"@type":"ImageObject","inLanguage":"tr","@id":"https:\/\/www.kariyer.net\/kariyer-rehberi\/itude-yapay-zeka-ve-veri-muhendisligi-bolumu-aciliyor\/#primaryimage","url":"https:\/\/www.kariyer.net\/kariyer-rehberi\/wp-content\/uploads\/2020\/08\/iStock-1156535018.jpg","contentUrl":"https:\/\/www.kariyer.net\/kariyer-rehberi\/wp-content\/uploads\/2020\/08\/iStock-1156535018.jpg","width":900,"height":600},{"@type":"BreadcrumbList","@id":"https:\/\/www.kariyer.net\/kariyer-rehberi\/itude-yapay-zeka-ve-veri-muhendisligi-bolumu-aciliyor\/#breadcrumb","itemListElement":[{"@type":"ListItem","position":1,"name":"Anasayfa","item":"https:\/\/www.kariyer.net\/kariyer-rehberi\/"},{"@type":"ListItem","position":2,"name":"\u0130T\u00dc\u2019de \u201cYapay Zeka ve Veri M\u00fchendisli\u011fi\u201d b\u00f6l\u00fcm\u00fc a\u00e7\u0131l\u0131yor!"}]},{"@type":"WebSite","@id":"https:\/\/www.kariyer.net\/kariyer-rehberi\/#website","url":"https:\/\/www.kariyer.net\/kariyer-rehberi\/","name":"Kariyer Rehberi","description":"\u0130\u015f D\u00fcnyas\u0131yla \u0130lgili Bilmek \u0130stedi\u011finiz Her \u015eey","publisher":{"@id":"https:\/\/www.kariyer.net\/kariyer-rehberi\/#organization"},"potentialAction":[{"@type":"SearchAction","target":{"@type":"EntryPoint","urlTemplate":"https:\/\/www.kariyer.net\/kariyer-rehberi\/?s={search_term_string}"},"query-input":{"@type":"PropertyValueSpecification","valueRequired":true,"valueName":"search_term_string"}}],"inLanguage":"tr"},{"@type":"Organization","@id":"https:\/\/www.kariyer.net\/kariyer-rehberi\/#organization","name":"Kariyer.net","url":"https:\/\/www.kariyer.net\/kariyer-rehberi\/","logo":{"@type":"ImageObject","inLanguage":"tr","@id":"https:\/\/www.kariyer.net\/kariyer-rehberi\/#\/schema\/logo\/image\/","url":"https:\/\/www.kariyer.net\/kariyer-rehberi-new\/wp-content\/uploads\/2023\/01\/og-image11.jpg","contentUrl":"https:\/\/www.kariyer.net\/kariyer-rehberi-new\/wp-content\/uploads\/2023\/01\/og-image11.jpg","width":800,"height":800,"caption":"Kariyer.net"},"image":{"@id":"https:\/\/www.kariyer.net\/kariyer-rehberi\/#\/schema\/logo\/image\/"}},{"@type":"Person","@id":"https:\/\/www.kariyer.net\/kariyer-rehberi\/#\/schema\/person\/94fd6e49c7ff1b1b2565a2cc4fd685dd","name":"Edit\u00f6r","image":{"@type":"ImageObject","inLanguage":"tr","@id":"https:\/\/www.kariyer.net\/kariyer-rehberi\/#\/schema\/person\/image\/","url":"https:\/\/secure.gravatar.com\/avatar\/0c4fe6688343aed3693b15573beae12c08ace5565409d5ab7509bf9c115f458d?s=96&d=mm&r=g","contentUrl":"https:\/\/secure.gravatar.com\/avatar\/0c4fe6688343aed3693b15573beae12c08ace5565409d5ab7509bf9c115f458d?s=96&d=mm&r=g","caption":"Edit\u00f6r"},"url":"https:\/\/www.kariyer.net\/kariyer-rehberi\/author\/editor\/"}]}},"_links":{"self":[{"href":"https:\/\/www.kariyer.net\/kariyer-rehberi\/wp-json\/wp\/v2\/posts\/13877","targetHints":{"allow":["GET"]}}],"collection":[{"href":"https:\/\/www.kariyer.net\/kariyer-rehberi\/wp-json\/wp\/v2\/posts"}],"about":[{"href":"https:\/\/www.kariyer.net\/kariyer-rehberi\/wp-json\/wp\/v2\/types\/post"}],"author":[{"embeddable":true,"href":"https:\/\/www.kariyer.net\/kariyer-rehberi\/wp-json\/wp\/v2\/users\/12"}],"replies":[{"embeddable":true,"href":"https:\/\/www.kariyer.net\/kariyer-rehberi\/wp-json\/wp\/v2\/comments?post=13877"}],"version-history":[{"count":1,"href":"https:\/\/www.kariyer.net\/kariyer-rehberi\/wp-json\/wp\/v2\/posts\/13877\/revisions"}],"predecessor-version":[{"id":18620,"href":"https:\/\/www.kariyer.net\/kariyer-rehberi\/wp-json\/wp\/v2\/posts\/13877\/revisions\/18620"}],"wp:featuredmedia":[{"embeddable":true,"href":"https:\/\/www.kariyer.net\/kariyer-rehberi\/wp-json\/wp\/v2\/media\/13883"}],"wp:attachment":[{"href":"https:\/\/www.kariyer.net\/kariyer-rehberi\/wp-json\/wp\/v2\/media?parent=13877"}],"wp:term":[{"taxonomy":"category","embeddable":true,"href":"https:\/\/www.kariyer.net\/kariyer-rehberi\/wp-json\/wp\/v2\/categories?post=13877"},{"taxonomy":"post_tag","embeddable":true,"href":"https:\/\/www.kariyer.net\/kariyer-rehberi\/wp-json\/wp\/v2\/tags?post=13877"}],"curies":[{"name":"wp","href":"https:\/\/api.w.org\/{rel}","templated":true}]}}