{"id":1390,"date":"2012-07-17T03:00:00","date_gmt":"2012-07-17T00:00:00","guid":{"rendered":"http:\/\/92.45.35.169\/kronolojik-ozgecmis-ornegi\/"},"modified":"2024-07-03T15:44:28","modified_gmt":"2024-07-03T12:44:28","slug":"kronolojik-ozgecmis-ornegi","status":"publish","type":"post","link":"https:\/\/www.kariyer.net\/kariyer-rehberi\/kronolojik-ozgecmis-ornegi\/","title":{"rendered":"Kronolojik \u00f6zge\u00e7mi\u015f \u00f6rne\u011fi"},"content":{"rendered":"<p>&nbsp;<\/p>\n<table style=\"width: 550px;\" width=\"550\" border=\"0\" cellspacing=\"0\" cellpadding=\"0\" align=\"center\">\n<tbody>\n<tr>\n<td style=\"width: 550px;\" colspan=\"2\"><strong>\u0130NSAN KAYNAKLARI ALANINDA KRONOLOJ\u0130K \u00d6ZGE\u00c7M\u0130\u015e \u00d6RNE\u011e\u0130<\/strong><\/td>\n<\/tr>\n<tr>\n<td style=\"width: 200px;\"><\/td>\n<td style=\"width: 350px;\">\u0130HSAN AKARAL<br \/>\nAda Sok. 24\/6 Ada\u015fehir<br \/>\n\u0130stanbul Tel: 0212 9329456<br \/>\nMobil: 0552 3452345<br \/>\ne-mail: akaral@kariyer.net<\/td>\n<\/tr>\n<tr>\n<td colspan=\"2\"><strong>PROFESYONEL \u0130\u015e TECR\u00dcBES\u0130<\/strong><\/td>\n<\/tr>\n<tr>\n<td style=\"width: 200px;\">1993 &#8216;den g\u00fcn\u00fcm\u00fcze<\/td>\n<td style=\"width: 350px;\">SUN \u00c7\u0130MENTO SANAY\u0130\u0130 A.\u015e. Istanbul<br \/>\n\u0130nsan Kaynaklar\u0131 M\u00fcd\u00fcr\u00fc1300 personele sahip olan d\u00f6rt fabrikan\u0131n personel ve insan kaynaklar\u0131 fonksiyonlar\u0131n\u0131n yerine getirilmesi, stratejik insan kaynaklar\u0131 planlar\u0131n\u0131n olu\u015fturulmas\u0131<br \/>\n\u00dcst y\u00f6netime insan kaynaklar\u0131 konusunda detayl\u0131 raporlar haz\u0131rlanmas\u0131<br \/>\n\u0130nsan kaynaklar\u0131 ve personel b\u00fct\u00e7esinin idaresi<br \/>\nDe\u011fi\u015fik fabrikalarda bulunan 14 insan kaynaklar\u0131 uzman\u0131n\u0131n idaresi<br \/>\nE\u011fitim departman\u0131n\u0131n faaliyetlerinin takibi<\/td>\n<\/tr>\n<tr>\n<td style=\"width: 200px;\">1986- 1992<\/td>\n<td style=\"width: 350px;\">PETROL SANAY\u0130\u0130 A.\u015e, Diyarbak\u0131r<br \/>\n\u0130nsan Kaynaklar\u0131 M\u00fcd\u00fcr Yard\u0131mc\u0131s\u0131Firman\u0131n de\u011fi\u015fik b\u00f6lgelerde yerle\u015fik olan personelinin insan kaynaklar\u0131 fonksiyonlar\u0131n\u0131n yerine getirilmesi<br \/>\nE\u011fitim ihtiya\u00e7lar\u0131n\u0131n tespiti<br \/>\nPersonel b\u00f6l\u00fcm\u00fc ile birlikte maa\u015f yap\u0131lar\u0131n\u0131n tespiti<\/td>\n<\/tr>\n<tr>\n<td style=\"width: 200px;\">1982-1984<\/td>\n<td style=\"width: 350px;\">BORBANK, \u0130stanbul<br \/>\nPersonel Uzman\u0131Personel Performans \u00f6l\u00e7me sisteminin olu\u015fturulmas\u0131, \u00dccretlendirme ve \u00fccret ara\u015ft\u0131rmalar\u0131<\/td>\n<\/tr>\n<tr>\n<td colspan=\"2\"><strong>PROFESYONEL E\u011e\u0130T\u0130M<\/strong><\/td>\n<\/tr>\n<tr>\n<td style=\"width: 200px;\">1995<\/td>\n<td style=\"width: 350px;\">\u0130nsan Kaynaklar\u0131 Y\u00f6netimi Kursu, \u0130svi\u00e7re, 1997<\/td>\n<\/tr>\n<tr>\n<td style=\"width: 200px;\"><strong>E\u011e\u0130T\u0130M <\/strong><\/td>\n<td style=\"width: 350px;\">MBA Uluslararas\u0131 \u0130\u015f \u0130daresi Okulu, ABD (1979 )<br \/>\nOrta Do\u011fu Teknik \u00dcniversitesi 8<br \/>\nPetrol M\u00fchendisli\u011fi, Lisans (1978)<\/td>\n<\/tr>\n<tr>\n<td style=\"width: 200px;\"><strong>Do\u011fum Tarihi<\/strong><\/td>\n<td style=\"width: 350px;\">20.12.1963<\/td>\n<\/tr>\n<tr>\n<td style=\"width: 200px;\"><strong>Medeni Durumu:<\/strong><\/td>\n<td style=\"width: 350px;\">Evli<\/td>\n<\/tr>\n<tr>\n<td style=\"width: 200px;\"><strong>Bilgisayar Bilgisi<\/strong><\/td>\n<td style=\"width: 350px;\">Word, Excel, Access veri taban\u0131 uygulamalar\u0131<\/td>\n<\/tr>\n<tr>\n<td style=\"width: 200px;\"><strong>Askerlik<\/strong><\/td>\n<td style=\"width: 350px;\">Tamamland\u0131<\/td>\n<\/tr>\n<tr>\n<td colspan=\"2\"><strong>D\u0130KKAT ETMEN\u0130Z GEREKENLER&#8230;<\/strong><\/p>\n<ul>\n<li>En son i\u015finizden ba\u015flamak \u00fczere geriye do\u011fru i\u015flerinizi s\u0131ralay\u0131n\u0131z. En son i\u015finize en \u00e7ok yeri verdi\u011finizden emin olun<\/li>\n<li>Sadece son on y\u0131ll\u0131k veya son \u00fc\u00e7 veya d\u00f6rt pozisyonu detayl\u0131 olarak a\u00e7\u0131klay\u0131n. Daha \u00f6nce \u00e7al\u0131\u015ft\u0131\u011f\u0131n\u0131z pozisyonlar, ba\u015fvurulan pozisyonla do\u011frudan ilgili ise \u00f6zge\u00e7mi\u015finizde yer verin.<\/li>\n<li>G\u00fcn ve ay\u0131 belirtmektense sadece \u00e7al\u0131\u015f\u0131lan y\u0131l aral\u0131\u011f\u0131n\u0131 belirtin. Bu tip detaylar\u0131 m\u00fclakat s\u0131ras\u0131nda belirtebilirsiniz.<\/li>\n<li>Uzun s\u00fcre \u00e7al\u0131\u015ft\u0131\u011f\u0131n\u0131z f\u0131rmadaki de\u011fi\u015ftirdi\u011finiz her pozisyonu belirtmek zorunda de\u011filsiniz.<\/li>\n<li>Bulundu\u011funuz de\u011fi\u015fik pozisyonlarda ayn\u0131 fonksiyonlar\u0131 yerine getirdiyseniz, bu fonksiyonlar\u0131 tekrar tekrar yazmak yerine son pozisyonlar\u0131n\u0131zda g\u00f6sterin.<\/li>\n<li>Pozisyon a\u00e7\u0131klamalar\u0131nda sadece k\u0131sa ve \u00f6z bilgilere yer verin.<\/li>\n<li>Ba\u015fvurdu\u011funuz pozisyonun belirlenmi\u015f olan niteliklerine uygun bilgileri \u00f6zellikle son pozisyonunuzu da detayl\u0131 olarak belirtin.<\/li>\n<li>E\u011fer e\u011fitiminiz (\u00fcniversite mezuniyetiniz, son be\u015f sene i\u00e7erisinde ise) en \u00fcstte yer verebilirsiniz. Tecr\u00fcbenizin daha \u00f6n planda olmas\u0131 gerekiyorsa, e\u011fitiminiz ile ilgili b\u00f6l\u00fcme \u00f6zge\u00e7mi\u015finizin sonunda yer vermelisiniz.<\/li>\n<\/ul>\n<\/td>\n<\/tr>\n<\/tbody>\n<\/table>\n<!-- templates\/buttons-placeholder.php -->\n<div class=\"da-reactions-outer TpostID1390\">\n\t    <div class=\"da-reactions-data da-reactions-container-async center\"\n         data-type=\"post\"\n         data-id=\"1390\"\n         id=\"da-reactions-slot-post-1390\">\n        <div class=\"da-reactions-static\">\n\t\t\t<img src=\"https:\/\/www.kariyer.net\/kariyer-rehberi\/wp-content\/plugins\/da-reactions\/assets\/dist\/loading.svg\" alt=\"Loading spinner\" width=\"48\" height=\"48\" style=\"width:48px\" \/>\n        <\/div>\n    <\/div>\n<\/div>\n","protected":false},"excerpt":{"rendered":"<p>&nbsp; \u0130NSAN KAYNAKLARI ALANINDA KRONOLOJ\u0130K \u00d6ZGE\u00c7M\u0130\u015e \u00d6RNE\u011e\u0130 \u0130HSAN AKARAL Ada Sok. 24\/6 Ada\u015fehir \u0130stanbul Tel: 0212 9329456 Mobil: 0552 3452345 e-mail: akaral@kariyer.net PROFESYONEL \u0130\u015e TECR\u00dcBES\u0130 1993 &#8216;den g\u00fcn\u00fcm\u00fcze SUN \u00c7\u0130MENTO SANAY\u0130\u0130 A.\u015e. Istanbul \u0130nsan Kaynaklar\u0131 M\u00fcd\u00fcr\u00fc1300 personele sahip olan d\u00f6rt fabrikan\u0131n personel ve insan kaynaklar\u0131 fonksiyonlar\u0131n\u0131n yerine getirilmesi, stratejik insan kaynaklar\u0131 planlar\u0131n\u0131n olu\u015fturulmas\u0131 \u00dcst y\u00f6netime [&hellip;]<\/p>\n<!-- templates\/buttons-placeholder.php -->\n<div class=\"da-reactions-outer TpostID1390\">\n\t    <div class=\"da-reactions-data da-reactions-container-async center\"\n         data-type=\"post\"\n         data-id=\"1390\"\n         id=\"da-reactions-slot-post-1390\">\n        <div class=\"da-reactions-static\">\n\t\t\t<img src=\"https:\/\/www.kariyer.net\/kariyer-rehberi\/wp-content\/plugins\/da-reactions\/assets\/dist\/loading.svg\" alt=\"Loading spinner\" width=\"48\" height=\"48\" style=\"width:48px\" \/>\n        <\/div>\n    <\/div>\n<\/div>\n","protected":false},"author":5,"featured_media":4229,"comment_status":"open","ping_status":"open","sticky":false,"template":"","format":"standard","meta":{"footnotes":"","_elementor_edit_mode":"","_elementor_template_type":"","_elementor_data":"","_elementor_page_settings":null,"_elementor_conditions":[]},"categories":[6,2211],"tags":[],"class_list":{"0":"post-1390","1":"post","2":"type-post","3":"status-publish","4":"format-standard","5":"has-post-thumbnail","7":"category-is-bulma-stratejileri","8":"category-kariyer-gelisimi"},"yoast_head":"<!-- This site is optimized with the Yoast SEO Premium plugin v21.4 (Yoast SEO v27.0) - https:\/\/yoast.com\/product\/yoast-seo-premium-wordpress\/ -->\n<title>Kronolojik \u00f6zge\u00e7mi\u015f \u00f6rne\u011fi | Kariyer Rehberi<\/title>\n<meta name=\"description\" content=\"&nbsp; \u0130NSAN KAYNAKLARI ALANINDA KRONOLOJ\u0130K \u00d6ZGE\u00c7M\u0130\u015e \u00d6RNE\u011e\u0130 \u0130HSAN AKARAL Ada Sok. 24\/6 Ada\u015fehir \u0130stanbul Tel: 0212 9329456 Mobil: 0552 3452345 e-mail:\" \/>\n<meta name=\"robots\" content=\"index, follow, max-snippet:-1, max-image-preview:large, max-video-preview:-1\" \/>\n<link rel=\"canonical\" href=\"https:\/\/www.kariyer.net\/kariyer-rehberi\/kronolojik-ozgecmis-ornegi\/\" \/>\n<meta property=\"og:locale\" content=\"tr_TR\" \/>\n<meta property=\"og:type\" content=\"article\" \/>\n<meta property=\"og:title\" content=\"Kronolojik \u00f6zge\u00e7mi\u015f \u00f6rne\u011fi\" \/>\n<meta property=\"og:description\" content=\"&nbsp; \u0130NSAN KAYNAKLARI ALANINDA KRONOLOJ\u0130K \u00d6ZGE\u00c7M\u0130\u015e \u00d6RNE\u011e\u0130 \u0130HSAN AKARAL Ada Sok. 24\/6 Ada\u015fehir \u0130stanbul Tel: 0212 9329456 Mobil: 0552 3452345 e-mail:\" \/>\n<meta property=\"og:url\" content=\"https:\/\/www.kariyer.net\/kariyer-rehberi\/kronolojik-ozgecmis-ornegi\/\" \/>\n<meta property=\"og:site_name\" content=\"Kariyer Rehberi\" \/>\n<meta property=\"article:published_time\" content=\"2012-07-17T00:00:00+00:00\" \/>\n<meta property=\"article:modified_time\" content=\"2024-07-03T12:44:28+00:00\" \/>\n<meta property=\"og:image\" content=\"https:\/\/www.kariyer.net\/kariyer-rehberi\/wp-content\/uploads\/2012\/07\/klavye.jpg\" \/>\n\t<meta property=\"og:image:width\" content=\"290\" \/>\n\t<meta property=\"og:image:height\" content=\"150\" \/>\n\t<meta property=\"og:image:type\" content=\"image\/jpeg\" \/>\n<meta name=\"author\" content=\"P\u0131nar Nogay\" \/>\n<meta name=\"twitter:card\" content=\"summary_large_image\" \/>\n<meta name=\"twitter:label1\" content=\"Yazan:\" \/>\n\t<meta name=\"twitter:data1\" content=\"P\u0131nar Nogay\" \/>\n\t<meta name=\"twitter:label2\" content=\"Tahmini okuma s\u00fcresi\" \/>\n\t<meta name=\"twitter:data2\" content=\"2 dakika\" \/>\n<!-- \/ Yoast SEO Premium plugin. -->","yoast_head_json":{"title":"Kronolojik \u00f6zge\u00e7mi\u015f \u00f6rne\u011fi | Kariyer Rehberi","description":"&nbsp; \u0130NSAN KAYNAKLARI ALANINDA KRONOLOJ\u0130K \u00d6ZGE\u00c7M\u0130\u015e \u00d6RNE\u011e\u0130 \u0130HSAN AKARAL Ada Sok. 24\/6 Ada\u015fehir \u0130stanbul Tel: 0212 9329456 Mobil: 0552 3452345 e-mail:","robots":{"index":"index","follow":"follow","max-snippet":"max-snippet:-1","max-image-preview":"max-image-preview:large","max-video-preview":"max-video-preview:-1"},"canonical":"https:\/\/www.kariyer.net\/kariyer-rehberi\/kronolojik-ozgecmis-ornegi\/","og_locale":"tr_TR","og_type":"article","og_title":"Kronolojik \u00f6zge\u00e7mi\u015f \u00f6rne\u011fi","og_description":"&nbsp; \u0130NSAN KAYNAKLARI ALANINDA KRONOLOJ\u0130K \u00d6ZGE\u00c7M\u0130\u015e \u00d6RNE\u011e\u0130 \u0130HSAN AKARAL Ada Sok. 24\/6 Ada\u015fehir \u0130stanbul Tel: 0212 9329456 Mobil: 0552 3452345 e-mail:","og_url":"https:\/\/www.kariyer.net\/kariyer-rehberi\/kronolojik-ozgecmis-ornegi\/","og_site_name":"Kariyer Rehberi","article_published_time":"2012-07-17T00:00:00+00:00","article_modified_time":"2024-07-03T12:44:28+00:00","og_image":[{"width":290,"height":150,"url":"https:\/\/www.kariyer.net\/kariyer-rehberi\/wp-content\/uploads\/2012\/07\/klavye.jpg","type":"image\/jpeg"}],"author":"P\u0131nar Nogay","twitter_card":"summary_large_image","twitter_misc":{"Yazan:":"P\u0131nar Nogay","Tahmini okuma s\u00fcresi":"2 dakika"},"schema":{"@context":"https:\/\/schema.org","@graph":[{"@type":"Article","@id":"https:\/\/www.kariyer.net\/kariyer-rehberi\/kronolojik-ozgecmis-ornegi\/#article","isPartOf":{"@id":"https:\/\/www.kariyer.net\/kariyer-rehberi\/kronolojik-ozgecmis-ornegi\/"},"author":{"name":"P\u0131nar Nogay","@id":"https:\/\/www.kariyer.net\/kariyer-rehberi\/#\/schema\/person\/ea0977057f6b311990c570cc6d4c25d0"},"headline":"Kronolojik \u00f6zge\u00e7mi\u015f \u00f6rne\u011fi","datePublished":"2012-07-17T00:00:00+00:00","dateModified":"2024-07-03T12:44:28+00:00","mainEntityOfPage":{"@id":"https:\/\/www.kariyer.net\/kariyer-rehberi\/kronolojik-ozgecmis-ornegi\/"},"wordCount":414,"commentCount":0,"publisher":{"@id":"https:\/\/www.kariyer.net\/kariyer-rehberi\/#organization"},"image":{"@id":"https:\/\/www.kariyer.net\/kariyer-rehberi\/kronolojik-ozgecmis-ornegi\/#primaryimage"},"thumbnailUrl":"https:\/\/www.kariyer.net\/kariyer-rehberi\/wp-content\/uploads\/2012\/07\/klavye.jpg","articleSection":["\u0130\u015f Bulma Stratejileri","Kariyer Geli\u015fimi"],"inLanguage":"tr","potentialAction":[{"@type":"CommentAction","name":"Comment","target":["https:\/\/www.kariyer.net\/kariyer-rehberi\/kronolojik-ozgecmis-ornegi\/#respond"]}]},{"@type":"WebPage","@id":"https:\/\/www.kariyer.net\/kariyer-rehberi\/kronolojik-ozgecmis-ornegi\/","url":"https:\/\/www.kariyer.net\/kariyer-rehberi\/kronolojik-ozgecmis-ornegi\/","name":"Kronolojik \u00f6zge\u00e7mi\u015f \u00f6rne\u011fi | Kariyer Rehberi","isPartOf":{"@id":"https:\/\/www.kariyer.net\/kariyer-rehberi\/#website"},"primaryImageOfPage":{"@id":"https:\/\/www.kariyer.net\/kariyer-rehberi\/kronolojik-ozgecmis-ornegi\/#primaryimage"},"image":{"@id":"https:\/\/www.kariyer.net\/kariyer-rehberi\/kronolojik-ozgecmis-ornegi\/#primaryimage"},"thumbnailUrl":"https:\/\/www.kariyer.net\/kariyer-rehberi\/wp-content\/uploads\/2012\/07\/klavye.jpg","datePublished":"2012-07-17T00:00:00+00:00","dateModified":"2024-07-03T12:44:28+00:00","description":"&nbsp; \u0130NSAN KAYNAKLARI ALANINDA KRONOLOJ\u0130K \u00d6ZGE\u00c7M\u0130\u015e \u00d6RNE\u011e\u0130 \u0130HSAN AKARAL Ada Sok. 24\/6 Ada\u015fehir \u0130stanbul Tel: 0212 9329456 Mobil: 0552 3452345 e-mail:","breadcrumb":{"@id":"https:\/\/www.kariyer.net\/kariyer-rehberi\/kronolojik-ozgecmis-ornegi\/#breadcrumb"},"inLanguage":"tr","potentialAction":[{"@type":"ReadAction","target":["https:\/\/www.kariyer.net\/kariyer-rehberi\/kronolojik-ozgecmis-ornegi\/"]}]},{"@type":"ImageObject","inLanguage":"tr","@id":"https:\/\/www.kariyer.net\/kariyer-rehberi\/kronolojik-ozgecmis-ornegi\/#primaryimage","url":"https:\/\/www.kariyer.net\/kariyer-rehberi\/wp-content\/uploads\/2012\/07\/klavye.jpg","contentUrl":"https:\/\/www.kariyer.net\/kariyer-rehberi\/wp-content\/uploads\/2012\/07\/klavye.jpg","width":290,"height":150},{"@type":"BreadcrumbList","@id":"https:\/\/www.kariyer.net\/kariyer-rehberi\/kronolojik-ozgecmis-ornegi\/#breadcrumb","itemListElement":[{"@type":"ListItem","position":1,"name":"Anasayfa","item":"https:\/\/www.kariyer.net\/kariyer-rehberi\/"},{"@type":"ListItem","position":2,"name":"Kronolojik \u00f6zge\u00e7mi\u015f \u00f6rne\u011fi"}]},{"@type":"WebSite","@id":"https:\/\/www.kariyer.net\/kariyer-rehberi\/#website","url":"https:\/\/www.kariyer.net\/kariyer-rehberi\/","name":"Kariyer Rehberi","description":"\u0130\u015f D\u00fcnyas\u0131yla \u0130lgili Bilmek \u0130stedi\u011finiz Her \u015eey","publisher":{"@id":"https:\/\/www.kariyer.net\/kariyer-rehberi\/#organization"},"potentialAction":[{"@type":"SearchAction","target":{"@type":"EntryPoint","urlTemplate":"https:\/\/www.kariyer.net\/kariyer-rehberi\/?s={search_term_string}"},"query-input":{"@type":"PropertyValueSpecification","valueRequired":true,"valueName":"search_term_string"}}],"inLanguage":"tr"},{"@type":"Organization","@id":"https:\/\/www.kariyer.net\/kariyer-rehberi\/#organization","name":"Kariyer.net","url":"https:\/\/www.kariyer.net\/kariyer-rehberi\/","logo":{"@type":"ImageObject","inLanguage":"tr","@id":"https:\/\/www.kariyer.net\/kariyer-rehberi\/#\/schema\/logo\/image\/","url":"https:\/\/www.kariyer.net\/kariyer-rehberi-new\/wp-content\/uploads\/2023\/01\/og-image11.jpg","contentUrl":"https:\/\/www.kariyer.net\/kariyer-rehberi-new\/wp-content\/uploads\/2023\/01\/og-image11.jpg","width":800,"height":800,"caption":"Kariyer.net"},"image":{"@id":"https:\/\/www.kariyer.net\/kariyer-rehberi\/#\/schema\/logo\/image\/"}},{"@type":"Person","@id":"https:\/\/www.kariyer.net\/kariyer-rehberi\/#\/schema\/person\/ea0977057f6b311990c570cc6d4c25d0","name":"P\u0131nar Nogay","image":{"@type":"ImageObject","inLanguage":"tr","@id":"https:\/\/www.kariyer.net\/kariyer-rehberi\/#\/schema\/person\/image\/","url":"https:\/\/secure.gravatar.com\/avatar\/330a216cbd1ec8a38c34e372b2be4a261e51e0805bd9186606e000f5efd0f0cf?s=96&d=mm&r=g","contentUrl":"https:\/\/secure.gravatar.com\/avatar\/330a216cbd1ec8a38c34e372b2be4a261e51e0805bd9186606e000f5efd0f0cf?s=96&d=mm&r=g","caption":"P\u0131nar Nogay"},"description":"Gazeteci olmak i\u00e7in yola \u00e7\u0131karak Eski\u015fehir Anadolu \u00dcniversitesi \u0130leti\u015fim Fak\u00fcltesi\u2019nde Bas\u0131n Yay\u0131n e\u011fitimi ald\u0131. Sekt\u00f6rel yay\u0131nlarda tecr\u00fcbe kazanan, 2007 y\u0131l\u0131nda Kariyer\u2019de Edit\u00f6r olarak \u00e7al\u0131\u015fmaya ba\u015flayan Nogay, 2011\u2019den bu yana Genel Yay\u0131n Y\u00f6netmeni olarak g\u00f6rev yap\u0131yor.","sameAs":["http:\/\/www.kariyer.net\/kariyer-rehberi\/pinar-nogay\/"],"url":"https:\/\/www.kariyer.net\/kariyer-rehberi\/author\/pinar-nogay\/"}]}},"_links":{"self":[{"href":"https:\/\/www.kariyer.net\/kariyer-rehberi\/wp-json\/wp\/v2\/posts\/1390","targetHints":{"allow":["GET"]}}],"collection":[{"href":"https:\/\/www.kariyer.net\/kariyer-rehberi\/wp-json\/wp\/v2\/posts"}],"about":[{"href":"https:\/\/www.kariyer.net\/kariyer-rehberi\/wp-json\/wp\/v2\/types\/post"}],"author":[{"embeddable":true,"href":"https:\/\/www.kariyer.net\/kariyer-rehberi\/wp-json\/wp\/v2\/users\/5"}],"replies":[{"embeddable":true,"href":"https:\/\/www.kariyer.net\/kariyer-rehberi\/wp-json\/wp\/v2\/comments?post=1390"}],"version-history":[{"count":1,"href":"https:\/\/www.kariyer.net\/kariyer-rehberi\/wp-json\/wp\/v2\/posts\/1390\/revisions"}],"predecessor-version":[{"id":20076,"href":"https:\/\/www.kariyer.net\/kariyer-rehberi\/wp-json\/wp\/v2\/posts\/1390\/revisions\/20076"}],"wp:featuredmedia":[{"embeddable":true,"href":"https:\/\/www.kariyer.net\/kariyer-rehberi\/wp-json\/wp\/v2\/media\/4229"}],"wp:attachment":[{"href":"https:\/\/www.kariyer.net\/kariyer-rehberi\/wp-json\/wp\/v2\/media?parent=1390"}],"wp:term":[{"taxonomy":"category","embeddable":true,"href":"https:\/\/www.kariyer.net\/kariyer-rehberi\/wp-json\/wp\/v2\/categories?post=1390"},{"taxonomy":"post_tag","embeddable":true,"href":"https:\/\/www.kariyer.net\/kariyer-rehberi\/wp-json\/wp\/v2\/tags?post=1390"}],"curies":[{"name":"wp","href":"https:\/\/api.w.org\/{rel}","templated":true}]}}