{"id":13941,"date":"2020-09-07T10:00:58","date_gmt":"2020-09-07T07:00:58","guid":{"rendered":"https:\/\/www.kariyer.net\/kariyer-rehberi\/?p=13941"},"modified":"2024-08-08T21:09:31","modified_gmt":"2024-08-08T18:09:31","slug":"pandemi-sonrasinda-yeni-dunyada-dijital-donusum","status":"publish","type":"post","link":"https:\/\/www.kariyer.net\/kariyer-rehberi\/pandemi-sonrasinda-yeni-dunyada-dijital-donusum\/","title":{"rendered":"Pandemi sonras\u0131nda yeni d\u00fcnyada dijital d\u00f6n\u00fc\u015f\u00fcm"},"content":{"rendered":"<p><strong>Pandemi s\u00fcreciyle birlikte d\u00fcnya b\u00fcy\u00fck bir de\u011fi\u015fim s\u00fcreci ge\u00e7irdi. Ekonomiden sosyal hayata, e\u011fitimden sa\u011fl\u0131\u011fa bildi\u011fimiz t\u00fcm sistemlerin de\u011fi\u015fti\u011fini, d\u00f6n\u00fc\u015ft\u00fc\u011f\u00fcn\u00fc g\u00f6r\u00fcyoruz ve ya\u015f\u0131yoruz. Hatta daha \u00f6nce yap\u0131lamaz denen \u015feylerin art\u0131k m\u00fcmk\u00fcn oldu\u011funu deneyimleyerek ya\u015fad\u0131k ve \u00f6\u011frendik. Peki, \u00f6n\u00fcm\u00fczdeki g\u00fcnler neler getirebilir?<\/strong><\/p>\n<p>Hastaneye gitmeden doktor muayenesi, okula gitmeden e\u011fitim, ofise gitmeden \u00e7al\u0131\u015fmak m\u00fcmk\u00fcn. Asl\u0131nda teknoloji ve dijitalle\u015fme bize \u2018without\u2019 \u0130ngilizce kelimesi ile insans\u0131z ara\u00e7lar, doktorsuz hastaneler, kitaps\u0131z k\u00fct\u00fcphaneler diyordu; ancak pandemi de\u011fi\u015fimi biraz daha h\u0131zland\u0131rd\u0131. Evlere kapanarak dijitalin g\u00fcc\u00fcn\u00fc iyice ke\u015ffettik diyebiliriz.<\/p>\n<p>Birka\u00e7 y\u0131l \u00f6ncesine kadar bir robotun kargomuzu getirmesine, restoranlarda sipari\u015fin bir robot taraf\u0131ndan al\u0131nmas\u0131na, hatta basit bir hamburgeri robot bir \u015fefin haz\u0131rlamas\u0131na \u00e7ok s\u0131cak bakm\u0131yorduk. Oysa g\u00fcn\u00fcm\u00fczde, hele ki pandemi sonras\u0131 yeni d\u00fcnyada dijital d\u00f6n\u00fc\u015f\u00fcm ve onunla birlikte hayat\u0131m\u0131za giren, veriyi toplayan ve i\u015fleyen yap\u0131lara (robotlar, makineler) \u00e7ok daha s\u0131cak bak\u0131yoruz. Art\u0131k kar\u015f\u0131m\u0131zda insan istemiyoruz. Robot olsun, otomasyon olsun niyetindeyiz. \u0130nsan yok, temas yok. Art\u0131k kredi kart\u0131 ile al\u0131\u015fveri\u015f yaparken bile \u015fifremizi pos cihaz\u0131na girmek istemiyoruz, temass\u0131z kullan\u0131ma y\u00f6neliyoruz. Eskiden pos cihaz\u0131nda \u015fifre girerken kar\u015f\u0131 taraf kafas\u0131n\u0131 180 derece \u00e7evirirdi. D\u00fc\u015f\u00fcn\u00fcn art\u0131k ne t\u00fcr al\u0131\u015fkanl\u0131klar\u0131m\u0131z bile de\u011fi\u015fti.<\/p>\n<p>Pandemi s\u00fcreci insan\u0131n gelece\u011fi i\u00e7in yapay zeka ve dijital d\u00f6n\u00fc\u015f\u00fcm\u00fcn ne kadar kritik \u00f6nemde oldu\u011funu da g\u00f6sterdi. Art\u0131k biliyoruz ki \u00e7ok yak\u0131n bir gelecekte yeni meslekler de devreye girecek. Gelecekte s\u0131radan i\u015fleri makineler yaparken, insanlar onlar\u0131 kurgulayan, geli\u015ftiren, \u00fcreten s\u00fcre\u00e7lerde yo\u011funla\u015facak. Hatta hekimlik, avukatl\u0131k gibi meslekler bile yapay zek\u00e2y\u0131 iyi kullananlar\u0131n elinde y\u00fckselecek. Veri madencili\u011fi, veri temizli\u011fi, veri m\u00fchendisli\u011fi gibi veri ile ilgili t\u00fcm alanlar\u0131n h\u0131zla parlad\u0131\u011f\u0131n\u0131 g\u00f6rece\u011fiz. \u00c7\u00fcnk\u00fc g\u00fcn\u00fcm\u00fcz\u00fcn en de\u011ferli kayna\u011f\u0131 &#8220;veri &#8220;olmu\u015f durumda.<\/p>\n<p>Dijital d\u00f6n\u00fc\u015f\u00fcm\u00fcn merkezinde, gelece\u011fin mesleklerinin i\u00e7inde olmak i\u00e7in bug\u00fcn\u00fc iyi okumak ve hemen bug\u00fcn de\u011fi\u015fimin merkezinde yer almak gerekiyor. Gerek ya\u015fad\u0131\u011f\u0131m\u0131z sosyoekonomik de\u011fi\u015fim gerekse m\u00fc\u015fterilerin beklentileri dijital d\u00f6n\u00fc\u015f\u00fcm\u00fc ka\u00e7\u0131n\u0131lmaz k\u0131l\u0131yor. Burada d\u00fc\u015f\u00fcn\u00fclmesi gereken en \u00f6nemli \u015fey, dijital d\u00f6n\u00fc\u015f\u00fcm\u00fcn sadece i\u015f s\u00fcre\u00e7lerini dijitale ta\u015f\u0131mak de\u011fil ayn\u0131 zamanda fayda ve de\u011fer yaratmas\u0131n\u0131 sa\u011flamak olmal\u0131. G\u00fcn\u00fcn sonunda bir katma de\u011fer sunmuyorsa, dijital d\u00f6n\u00fc\u015f\u00fcm de pek bir anlam ifade etmeyecektir. Ayr\u0131ca bu s\u00fcre\u00e7te insanlar\u0131n d\u00fc\u015f\u00fcnce ve davran\u0131\u015flar\u0131ndaki de\u011fi\u015fikli\u011fin, t\u00fcketim al\u0131\u015fkanl\u0131klar\u0131n\u0131 etkiledi\u011fi de bir ger\u00e7ek.<\/p>\n<p>Farkl\u0131 \u00fclkelerde yap\u0131lan ara\u015ft\u0131rmalar; karantina ko\u015fullar\u0131n\u0131n yaratt\u0131\u011f\u0131 g\u00fcnl\u00fck rutin ve k\u0131s\u0131tlamalar nedeniyle bireylerin kendilerini yeniden yap\u0131land\u0131rd\u0131\u011f\u0131n\u0131, insanc\u0131l ve naif y\u00f6nlerini ke\u015ffetmeye ba\u015flad\u0131klar\u0131n\u0131 ve karantina d\u00f6neminde insanlar\u0131n yeni kararlar almaya ba\u015flad\u0131klar\u0131n\u0131 g\u00f6steriyor.<\/p>\n<p>G\u00f6r\u00fcnen o ki 2021 y\u0131l\u0131nda dijitalle\u015fme daha da h\u0131zlanacak. Teknoloji, daha az temasta bulunaca\u011f\u0131m\u0131z ve uzaktan bir\u00e7ok i\u015fimizi halledece\u011fimiz \u015fekilde geli\u015fmeye devam edecek. Kimilerine g\u00f6re bu geli\u015fmelerin olumlu oldu\u011fu kadar olumsuz etkileri de var; ancak gelece\u011fin dijitalle\u015fme etkisinde \u015fekillenece\u011fi \u00f6nemli bir ger\u00e7ek. Ayr\u0131ca dijitalle\u015fmeye yat\u0131r\u0131m yapan ve yeniliklere kolay adapte olan kurumlar\u0131n avantajl\u0131 konumda olaca\u011f\u0131 da kesin.<\/p>\n<div class=\"td-post-content tagdiv-type\">\n<p><strong>Konuk Yazar:\u00a0<\/strong>Serkan Eskalen\/Dijital \u0130leti\u015fim Dan\u0131\u015fman\u0131<\/p>\n<\/div>\n<!-- templates\/buttons-placeholder.php -->\n<div class=\"da-reactions-outer TpostID13941\">\n\t    <div class=\"da-reactions-data da-reactions-container-async center\"\n         data-type=\"post\"\n         data-id=\"13941\"\n         id=\"da-reactions-slot-post-13941\">\n        <div class=\"da-reactions-static\">\n\t\t\t<img src=\"https:\/\/www.kariyer.net\/kariyer-rehberi\/wp-content\/plugins\/da-reactions\/assets\/dist\/loading.svg\" alt=\"Loading spinner\" width=\"48\" height=\"48\" style=\"width:48px\" \/>\n        <\/div>\n    <\/div>\n<\/div>\n","protected":false},"excerpt":{"rendered":"<p>Pandemi s\u00fcreciyle birlikte d\u00fcnya b\u00fcy\u00fck bir de\u011fi\u015fim s\u00fcreci ge\u00e7irdi. Ekonomiden sosyal hayata, e\u011fitimden sa\u011fl\u0131\u011fa bildi\u011fimiz t\u00fcm sistemlerin de\u011fi\u015fti\u011fini, d\u00f6n\u00fc\u015ft\u00fc\u011f\u00fcn\u00fc g\u00f6r\u00fcyoruz ve ya\u015f\u0131yoruz. Hatta daha \u00f6nce yap\u0131lamaz denen \u015feylerin art\u0131k m\u00fcmk\u00fcn oldu\u011funu deneyimleyerek ya\u015fad\u0131k ve \u00f6\u011frendik. Peki, \u00f6n\u00fcm\u00fczdeki g\u00fcnler neler getirebilir? Hastaneye gitmeden doktor muayenesi, okula gitmeden e\u011fitim, ofise gitmeden \u00e7al\u0131\u015fmak m\u00fcmk\u00fcn. Asl\u0131nda teknoloji ve dijitalle\u015fme [&hellip;]<\/p>\n<!-- templates\/buttons-placeholder.php -->\n<div class=\"da-reactions-outer TpostID13941\">\n\t    <div class=\"da-reactions-data da-reactions-container-async center\"\n         data-type=\"post\"\n         data-id=\"13941\"\n         id=\"da-reactions-slot-post-13941\">\n        <div class=\"da-reactions-static\">\n\t\t\t<img src=\"https:\/\/www.kariyer.net\/kariyer-rehberi\/wp-content\/plugins\/da-reactions\/assets\/dist\/loading.svg\" alt=\"Loading spinner\" width=\"48\" height=\"48\" style=\"width:48px\" \/>\n        <\/div>\n    <\/div>\n<\/div>\n","protected":false},"author":9,"featured_media":13944,"comment_status":"open","ping_status":"open","sticky":false,"template":"","format":"standard","meta":{"footnotes":"","_elementor_edit_mode":"","_elementor_template_type":"","_elementor_data":"","_elementor_page_settings":null,"_elementor_conditions":[]},"categories":[2203,2211,2214],"tags":[1486,1561,1560],"class_list":{"0":"post-13941","1":"post","2":"type-post","3":"status-publish","4":"format-standard","5":"has-post-thumbnail","7":"category-haberler-duyurular","8":"category-kariyer-gelisimi","9":"category-yasam","10":"tag-corona","11":"tag-dijital-donusum","12":"tag-serkan-eskalen"},"yoast_head":"<!-- This site is optimized with the Yoast SEO Premium plugin v21.4 (Yoast SEO v27.0) - https:\/\/yoast.com\/product\/yoast-seo-premium-wordpress\/ -->\n<title>Pandemi sonras\u0131nda yeni d\u00fcnyada dijital d\u00f6n\u00fc\u015f\u00fcm | Kariyer Rehberi<\/title>\n<meta name=\"description\" content=\"Pandemi s\u00fcreciyle birlikte d\u00fcnya b\u00fcy\u00fck bir de\u011fi\u015fim s\u00fcreci ge\u00e7irdi. Ekonomiden sosyal hayata, e\u011fitimden sa\u011fl\u0131\u011fa bildi\u011fimiz t\u00fcm sistemlerin de\u011fi\u015fti\u011fini,\" \/>\n<meta name=\"robots\" content=\"index, follow, max-snippet:-1, max-image-preview:large, max-video-preview:-1\" \/>\n<link rel=\"canonical\" href=\"https:\/\/www.kariyer.net\/kariyer-rehberi\/pandemi-sonrasinda-yeni-dunyada-dijital-donusum\/\" \/>\n<meta property=\"og:locale\" content=\"tr_TR\" \/>\n<meta property=\"og:type\" content=\"article\" \/>\n<meta property=\"og:title\" content=\"Pandemi sonras\u0131nda yeni d\u00fcnyada dijital d\u00f6n\u00fc\u015f\u00fcm\" \/>\n<meta property=\"og:description\" content=\"Pandemi s\u00fcreciyle birlikte d\u00fcnya b\u00fcy\u00fck bir de\u011fi\u015fim s\u00fcreci ge\u00e7irdi. Ekonomiden sosyal hayata, e\u011fitimden sa\u011fl\u0131\u011fa bildi\u011fimiz t\u00fcm sistemlerin de\u011fi\u015fti\u011fini,\" \/>\n<meta property=\"og:url\" content=\"https:\/\/www.kariyer.net\/kariyer-rehberi\/pandemi-sonrasinda-yeni-dunyada-dijital-donusum\/\" \/>\n<meta property=\"og:site_name\" content=\"Kariyer Rehberi\" \/>\n<meta property=\"article:published_time\" content=\"2020-09-07T07:00:58+00:00\" \/>\n<meta property=\"article:modified_time\" content=\"2024-08-08T18:09:31+00:00\" \/>\n<meta property=\"og:image\" content=\"https:\/\/www.kariyer.net\/kariyer-rehberi\/wp-content\/uploads\/2020\/08\/iStock-1249866947.jpg\" \/>\n\t<meta property=\"og:image:width\" content=\"900\" \/>\n\t<meta property=\"og:image:height\" content=\"600\" \/>\n\t<meta property=\"og:image:type\" content=\"image\/jpeg\" \/>\n<meta name=\"author\" content=\"Konuk Yazar\" \/>\n<meta name=\"twitter:card\" content=\"summary_large_image\" \/>\n<meta name=\"twitter:label1\" content=\"Yazan:\" \/>\n\t<meta name=\"twitter:data1\" content=\"Konuk Yazar\" \/>\n\t<meta name=\"twitter:label2\" content=\"Tahmini okuma s\u00fcresi\" \/>\n\t<meta name=\"twitter:data2\" content=\"3 dakika\" \/>\n<!-- \/ Yoast SEO Premium plugin. -->","yoast_head_json":{"title":"Pandemi sonras\u0131nda yeni d\u00fcnyada dijital d\u00f6n\u00fc\u015f\u00fcm | Kariyer Rehberi","description":"Pandemi s\u00fcreciyle birlikte d\u00fcnya b\u00fcy\u00fck bir de\u011fi\u015fim s\u00fcreci ge\u00e7irdi. Ekonomiden sosyal hayata, e\u011fitimden sa\u011fl\u0131\u011fa bildi\u011fimiz t\u00fcm sistemlerin de\u011fi\u015fti\u011fini,","robots":{"index":"index","follow":"follow","max-snippet":"max-snippet:-1","max-image-preview":"max-image-preview:large","max-video-preview":"max-video-preview:-1"},"canonical":"https:\/\/www.kariyer.net\/kariyer-rehberi\/pandemi-sonrasinda-yeni-dunyada-dijital-donusum\/","og_locale":"tr_TR","og_type":"article","og_title":"Pandemi sonras\u0131nda yeni d\u00fcnyada dijital d\u00f6n\u00fc\u015f\u00fcm","og_description":"Pandemi s\u00fcreciyle birlikte d\u00fcnya b\u00fcy\u00fck bir de\u011fi\u015fim s\u00fcreci ge\u00e7irdi. Ekonomiden sosyal hayata, e\u011fitimden sa\u011fl\u0131\u011fa bildi\u011fimiz t\u00fcm sistemlerin de\u011fi\u015fti\u011fini,","og_url":"https:\/\/www.kariyer.net\/kariyer-rehberi\/pandemi-sonrasinda-yeni-dunyada-dijital-donusum\/","og_site_name":"Kariyer Rehberi","article_published_time":"2020-09-07T07:00:58+00:00","article_modified_time":"2024-08-08T18:09:31+00:00","og_image":[{"width":900,"height":600,"url":"https:\/\/www.kariyer.net\/kariyer-rehberi\/wp-content\/uploads\/2020\/08\/iStock-1249866947.jpg","type":"image\/jpeg"}],"author":"Konuk Yazar","twitter_card":"summary_large_image","twitter_misc":{"Yazan:":"Konuk Yazar","Tahmini okuma s\u00fcresi":"3 dakika"},"schema":{"@context":"https:\/\/schema.org","@graph":[{"@type":"Article","@id":"https:\/\/www.kariyer.net\/kariyer-rehberi\/pandemi-sonrasinda-yeni-dunyada-dijital-donusum\/#article","isPartOf":{"@id":"https:\/\/www.kariyer.net\/kariyer-rehberi\/pandemi-sonrasinda-yeni-dunyada-dijital-donusum\/"},"author":{"name":"Konuk Yazar","@id":"https:\/\/www.kariyer.net\/kariyer-rehberi\/#\/schema\/person\/6154a58a8375a4df7f7fc847997c4657"},"headline":"Pandemi sonras\u0131nda yeni d\u00fcnyada dijital d\u00f6n\u00fc\u015f\u00fcm","datePublished":"2020-09-07T07:00:58+00:00","dateModified":"2024-08-08T18:09:31+00:00","mainEntityOfPage":{"@id":"https:\/\/www.kariyer.net\/kariyer-rehberi\/pandemi-sonrasinda-yeni-dunyada-dijital-donusum\/"},"wordCount":671,"commentCount":0,"publisher":{"@id":"https:\/\/www.kariyer.net\/kariyer-rehberi\/#organization"},"image":{"@id":"https:\/\/www.kariyer.net\/kariyer-rehberi\/pandemi-sonrasinda-yeni-dunyada-dijital-donusum\/#primaryimage"},"thumbnailUrl":"https:\/\/www.kariyer.net\/kariyer-rehberi\/wp-content\/uploads\/2020\/08\/iStock-1249866947.jpg","keywords":["Corona","dijital d\u00f6n\u00fc\u015f\u00fcm","Serkan Eskalen"],"articleSection":["Haberler ve Duyurular","Kariyer Geli\u015fimi","Ya\u015fam"],"inLanguage":"tr","potentialAction":[{"@type":"CommentAction","name":"Comment","target":["https:\/\/www.kariyer.net\/kariyer-rehberi\/pandemi-sonrasinda-yeni-dunyada-dijital-donusum\/#respond"]}]},{"@type":"WebPage","@id":"https:\/\/www.kariyer.net\/kariyer-rehberi\/pandemi-sonrasinda-yeni-dunyada-dijital-donusum\/","url":"https:\/\/www.kariyer.net\/kariyer-rehberi\/pandemi-sonrasinda-yeni-dunyada-dijital-donusum\/","name":"Pandemi sonras\u0131nda yeni d\u00fcnyada dijital d\u00f6n\u00fc\u015f\u00fcm | Kariyer Rehberi","isPartOf":{"@id":"https:\/\/www.kariyer.net\/kariyer-rehberi\/#website"},"primaryImageOfPage":{"@id":"https:\/\/www.kariyer.net\/kariyer-rehberi\/pandemi-sonrasinda-yeni-dunyada-dijital-donusum\/#primaryimage"},"image":{"@id":"https:\/\/www.kariyer.net\/kariyer-rehberi\/pandemi-sonrasinda-yeni-dunyada-dijital-donusum\/#primaryimage"},"thumbnailUrl":"https:\/\/www.kariyer.net\/kariyer-rehberi\/wp-content\/uploads\/2020\/08\/iStock-1249866947.jpg","datePublished":"2020-09-07T07:00:58+00:00","dateModified":"2024-08-08T18:09:31+00:00","description":"Pandemi s\u00fcreciyle birlikte d\u00fcnya b\u00fcy\u00fck bir de\u011fi\u015fim s\u00fcreci ge\u00e7irdi. Ekonomiden sosyal hayata, e\u011fitimden sa\u011fl\u0131\u011fa bildi\u011fimiz t\u00fcm sistemlerin de\u011fi\u015fti\u011fini,","breadcrumb":{"@id":"https:\/\/www.kariyer.net\/kariyer-rehberi\/pandemi-sonrasinda-yeni-dunyada-dijital-donusum\/#breadcrumb"},"inLanguage":"tr","potentialAction":[{"@type":"ReadAction","target":["https:\/\/www.kariyer.net\/kariyer-rehberi\/pandemi-sonrasinda-yeni-dunyada-dijital-donusum\/"]}]},{"@type":"ImageObject","inLanguage":"tr","@id":"https:\/\/www.kariyer.net\/kariyer-rehberi\/pandemi-sonrasinda-yeni-dunyada-dijital-donusum\/#primaryimage","url":"https:\/\/www.kariyer.net\/kariyer-rehberi\/wp-content\/uploads\/2020\/08\/iStock-1249866947.jpg","contentUrl":"https:\/\/www.kariyer.net\/kariyer-rehberi\/wp-content\/uploads\/2020\/08\/iStock-1249866947.jpg","width":900,"height":600},{"@type":"BreadcrumbList","@id":"https:\/\/www.kariyer.net\/kariyer-rehberi\/pandemi-sonrasinda-yeni-dunyada-dijital-donusum\/#breadcrumb","itemListElement":[{"@type":"ListItem","position":1,"name":"Anasayfa","item":"https:\/\/www.kariyer.net\/kariyer-rehberi\/"},{"@type":"ListItem","position":2,"name":"Pandemi sonras\u0131nda yeni d\u00fcnyada dijital d\u00f6n\u00fc\u015f\u00fcm"}]},{"@type":"WebSite","@id":"https:\/\/www.kariyer.net\/kariyer-rehberi\/#website","url":"https:\/\/www.kariyer.net\/kariyer-rehberi\/","name":"Kariyer Rehberi","description":"\u0130\u015f D\u00fcnyas\u0131yla \u0130lgili Bilmek \u0130stedi\u011finiz Her \u015eey","publisher":{"@id":"https:\/\/www.kariyer.net\/kariyer-rehberi\/#organization"},"potentialAction":[{"@type":"SearchAction","target":{"@type":"EntryPoint","urlTemplate":"https:\/\/www.kariyer.net\/kariyer-rehberi\/?s={search_term_string}"},"query-input":{"@type":"PropertyValueSpecification","valueRequired":true,"valueName":"search_term_string"}}],"inLanguage":"tr"},{"@type":"Organization","@id":"https:\/\/www.kariyer.net\/kariyer-rehberi\/#organization","name":"Kariyer.net","url":"https:\/\/www.kariyer.net\/kariyer-rehberi\/","logo":{"@type":"ImageObject","inLanguage":"tr","@id":"https:\/\/www.kariyer.net\/kariyer-rehberi\/#\/schema\/logo\/image\/","url":"https:\/\/www.kariyer.net\/kariyer-rehberi-new\/wp-content\/uploads\/2023\/01\/og-image11.jpg","contentUrl":"https:\/\/www.kariyer.net\/kariyer-rehberi-new\/wp-content\/uploads\/2023\/01\/og-image11.jpg","width":800,"height":800,"caption":"Kariyer.net"},"image":{"@id":"https:\/\/www.kariyer.net\/kariyer-rehberi\/#\/schema\/logo\/image\/"}},{"@type":"Person","@id":"https:\/\/www.kariyer.net\/kariyer-rehberi\/#\/schema\/person\/6154a58a8375a4df7f7fc847997c4657","name":"Konuk Yazar","image":{"@type":"ImageObject","inLanguage":"tr","@id":"https:\/\/www.kariyer.net\/kariyer-rehberi\/#\/schema\/person\/image\/","url":"https:\/\/secure.gravatar.com\/avatar\/f03aa189ddb09160e6f0ad7e5e2c4b69c7102a041cc145a1e45a96f0100baa41?s=96&d=mm&r=g","contentUrl":"https:\/\/secure.gravatar.com\/avatar\/f03aa189ddb09160e6f0ad7e5e2c4b69c7102a041cc145a1e45a96f0100baa41?s=96&d=mm&r=g","caption":"Konuk Yazar"},"url":"https:\/\/www.kariyer.net\/kariyer-rehberi\/author\/konukyazar\/"}]}},"_links":{"self":[{"href":"https:\/\/www.kariyer.net\/kariyer-rehberi\/wp-json\/wp\/v2\/posts\/13941","targetHints":{"allow":["GET"]}}],"collection":[{"href":"https:\/\/www.kariyer.net\/kariyer-rehberi\/wp-json\/wp\/v2\/posts"}],"about":[{"href":"https:\/\/www.kariyer.net\/kariyer-rehberi\/wp-json\/wp\/v2\/types\/post"}],"author":[{"embeddable":true,"href":"https:\/\/www.kariyer.net\/kariyer-rehberi\/wp-json\/wp\/v2\/users\/9"}],"replies":[{"embeddable":true,"href":"https:\/\/www.kariyer.net\/kariyer-rehberi\/wp-json\/wp\/v2\/comments?post=13941"}],"version-history":[{"count":1,"href":"https:\/\/www.kariyer.net\/kariyer-rehberi\/wp-json\/wp\/v2\/posts\/13941\/revisions"}],"predecessor-version":[{"id":18618,"href":"https:\/\/www.kariyer.net\/kariyer-rehberi\/wp-json\/wp\/v2\/posts\/13941\/revisions\/18618"}],"wp:featuredmedia":[{"embeddable":true,"href":"https:\/\/www.kariyer.net\/kariyer-rehberi\/wp-json\/wp\/v2\/media\/13944"}],"wp:attachment":[{"href":"https:\/\/www.kariyer.net\/kariyer-rehberi\/wp-json\/wp\/v2\/media?parent=13941"}],"wp:term":[{"taxonomy":"category","embeddable":true,"href":"https:\/\/www.kariyer.net\/kariyer-rehberi\/wp-json\/wp\/v2\/categories?post=13941"},{"taxonomy":"post_tag","embeddable":true,"href":"https:\/\/www.kariyer.net\/kariyer-rehberi\/wp-json\/wp\/v2\/tags?post=13941"}],"curies":[{"name":"wp","href":"https:\/\/api.w.org\/{rel}","templated":true}]}}