{"id":13959,"date":"2020-09-14T09:00:24","date_gmt":"2020-09-14T06:00:24","guid":{"rendered":"https:\/\/www.kariyer.net\/kariyer-rehberi\/?p=13959"},"modified":"2024-08-08T21:09:31","modified_gmt":"2024-08-08T18:09:31","slug":"dijitallesme-ve-hikaye-anlaticiligi-onemini-daha-da-arttirdi","status":"publish","type":"post","link":"https:\/\/www.kariyer.net\/kariyer-rehberi\/dijitallesme-ve-hikaye-anlaticiligi-onemini-daha-da-arttirdi\/","title":{"rendered":"Dijitalle\u015fme ve hikaye anlat\u0131c\u0131l\u0131\u011f\u0131 \u00f6nemini daha da artt\u0131rd\u0131"},"content":{"rendered":"<p><strong>Ya\u015fad\u0131\u011f\u0131m\u0131z dijital \u00e7a\u011fda s\u00fcrekli bildirimlere a\u00e7\u0131k bir ortamday\u0131z ve ak\u0131ll\u0131 cihazlar\u0131m\u0131za her g\u00fcn onlarca yeni bildirim d\u00fc\u015f\u00fcyor. Bu kadar \u00e7ok uyar\u0131c\u0131n\u0131n i\u00e7inde dikkatimizi \u00e7eken mesajlar ise genellikle bir hikayeye sahip oluyor. Giri\u015fimci, Yazar ve Konu\u015fmac\u0131 Per\u00e7in \u0130mrek, pandemi d\u00f6neminde \u00f6nemi daha da artan dijitalle\u015fme ve hikaye anlat\u0131c\u0131l\u0131\u011f\u0131 konusunda bak\u0131n neler anlat\u0131yor?<\/strong><\/p>\n<p>&#8220;Korona iki \u015feyin g\u00fcc\u00fcn\u00fc daha da artt\u0131rd\u0131: Dijitalle\u015fme ve hikaye anlat\u0131c\u0131l\u0131\u011f\u0131&#8221;<\/p>\n<p>Bu s\u00f6z\u00fc Sinan S\u00fcl\u00fcn isimli, \u00e7ok sevdi\u011fim bir yazar arkada\u015f\u0131m\u0131n bir payla\u015f\u0131m\u0131nda g\u00f6rd\u00fcm. Kendisi de d\u00fcnyan\u0131n en \u00fcnl\u00fc hikaye anlat\u0131c\u0131lar\u0131ndan olan Robert Mckee\u2019nin y\u0131llar \u00f6nce s\u00f6yledi\u011fi \u015fu s\u00f6z\u00fcn\u00fc payla\u015fm\u0131\u015ft\u0131:<\/p>\n<p>&#8220;D\u00fcnyada iki \u015fey art\u0131k hep hayat\u0131m\u0131zda olacak: Dijitalle\u015fme ve hikayele\u015ftirme&#8230;&#8221;<\/p>\n<p>Seneler \u00f6nceden s\u00f6ylenmi\u015f \u015fu s\u00f6z\u00fcn \u00f6ng\u00f6r\u00fcs\u00fcn\u00fcn ne kadar kuvvetli oldu\u011funu \u015fimdi hep birlikte g\u00f6r\u00fcyoruz. Gitgide dijitalle\u015fen d\u00fcnyada korona, dijitalle\u015fmenin h\u0131z\u0131n\u0131 onlarca kat\u0131na \u00e7\u0131kard\u0131. Art\u0131k herkes toplant\u0131lar\u0131n\u0131 Zoom\u2019dan yap\u0131yor, &#8220;Spreadsheet&#8221;lerle ortak \u00e7al\u0131\u015f\u0131yor, evlerinden i\u015flerini y\u00fcr\u00fct\u00fcyor, derslerini online al\u0131yor. Dijitalle\u015fme b\u0131rak\u0131n hayat\u0131m\u0131zda olmay\u0131, art\u0131k hayat\u0131m\u0131zda olmazsa olmaz bir unsur oldu. Yani Robert McKee\u2019nin ilk \u00f6ng\u00f6r\u00fcs\u00fc do\u011fru \u00e7\u0131kt\u0131. B\u0131rak\u0131n do\u011fru \u00e7\u0131kmay\u0131, tahmininin (ve tahminimizin) \u00f6tesinde do\u011fru \u00e7\u0131kt\u0131.<\/p>\n<p>Peki ya hikaye anlat\u0131c\u0131l\u0131\u011f\u0131?<\/p>\n<p>Dijitalle\u015fme zaten g\u00fcn\u00fcm\u00fcz gereksinimlerini kar\u015f\u0131layan, yeni, g\u00fcncel ve zaman\u0131n ruhuyla paralel ilerleyen bir unsur; ama hikaye anlat\u0131c\u0131l\u0131\u011f\u0131 insanlar\u0131n birbiriyle s\u00f6zl\u00fc ileti\u015fim kurmaya ba\u015flad\u0131\u011f\u0131ndan bu yana olan bir \u015fey. Peki Robert McKee, bu kadar &#8220;eski&#8221; bir \u015feyin g\u00fcncel ve pop\u00fcler kalaca\u011f\u0131n\u0131 neden d\u00fc\u015f\u00fcn\u00fcyor?<\/p>\n<p>Asl\u0131nda tam da bu sebepten \u00f6t\u00fcr\u00fc. Hikaye anlat\u0131c\u0131l\u0131\u011f\u0131 atalar\u0131m\u0131zdan kalan, genlerimize i\u015flemi\u015f bir \u015fey. O y\u00fczden iyi bir hikaye anlat\u0131ld\u0131\u011f\u0131nda her zaman durup dinleriz. \u0130yi bir hikaye her zaman kuru bilgiden daha \u00e7ok dikkatimizi \u00e7eker ve biz de iyi bir hikaye anlat\u0131c\u0131s\u0131ysak insanlar\u0131n dikkatini \u00e7ok daha rahat \u00e7ekeriz.<\/p>\n<p>Herkesin konu\u015fmay\u0131 sevdi\u011fi (bilgi, veri ve didaktik eksenli) d\u00fcnyam\u0131zda, hikaye anlat\u0131c\u0131l\u0131\u011f\u0131 h\u00e2l\u00e2 az bulunan bir yetenek olmaya devam ediyor. O y\u00fczden zaman ge\u00e7tik\u00e7e hikaye anlatmak b\u0131rak\u0131n de\u011ferini yitirmeyi, tam aksine de\u011ferini artt\u0131r\u0131yor.<\/p>\n<p>Dijitalle\u015fmenin getirdi\u011fi sonsuz ve s\u00fcrekli ileti\u015fim atmosferinde de iyi bir hikaye, \u00f6n\u00fcm\u00fczden ge\u00e7en milyonlarca verinin aras\u0131nda bir elmas gibi parl\u0131yor. B\u00f6yle olunca da \u00fcstat McKee\u2019nin seneler \u00f6nce yapt\u0131\u011f\u0131 \u00f6ng\u00f6r\u00fc, fazlas\u0131yla do\u011fru ve tutarl\u0131 oluyor. Dijitalle\u015fme ve hikaye anlat\u0131c\u0131l\u0131\u011f\u0131 \u00f6nemini korumakla kalm\u0131yor, her g\u00fcn \u00f6nemini daha da artt\u0131r\u0131yor. Bize de bu iki alana biraz kafay\u0131 yormak d\u00fc\u015f\u00fcyor. Tabii ki zaman\u0131n ruhunu ka\u00e7\u0131rmak istemiyorsak.<\/p>\n<div class=\"td-post-content tagdiv-type\">\n<div class=\"td-post-content\">\n<div class=\"td-post-content\">\n<p><strong>Konuk yazar:<\/strong> Per\u00e7in \u0130mrek \/ Giri\u015fimci, Yazar ve Konu\u015fmac\u0131<\/p>\n<\/div>\n<\/div>\n<\/div>\n<!-- templates\/buttons-placeholder.php -->\n<div class=\"da-reactions-outer TpostID13959\">\n\t    <div class=\"da-reactions-data da-reactions-container-async center\"\n         data-type=\"post\"\n         data-id=\"13959\"\n         id=\"da-reactions-slot-post-13959\">\n        <div class=\"da-reactions-static\">\n\t\t\t<img src=\"https:\/\/www.kariyer.net\/kariyer-rehberi\/wp-content\/plugins\/da-reactions\/assets\/dist\/loading.svg\" alt=\"Loading spinner\" width=\"48\" height=\"48\" style=\"width:48px\" \/>\n        <\/div>\n    <\/div>\n<\/div>\n","protected":false},"excerpt":{"rendered":"<p>Ya\u015fad\u0131\u011f\u0131m\u0131z dijital \u00e7a\u011fda s\u00fcrekli bildirimlere a\u00e7\u0131k bir ortamday\u0131z ve ak\u0131ll\u0131 cihazlar\u0131m\u0131za her g\u00fcn onlarca yeni bildirim d\u00fc\u015f\u00fcyor. Bu kadar \u00e7ok uyar\u0131c\u0131n\u0131n i\u00e7inde dikkatimizi \u00e7eken mesajlar ise genellikle bir hikayeye sahip oluyor. Giri\u015fimci, Yazar ve Konu\u015fmac\u0131 Per\u00e7in \u0130mrek, pandemi d\u00f6neminde \u00f6nemi daha da artan dijitalle\u015fme ve hikaye anlat\u0131c\u0131l\u0131\u011f\u0131 konusunda bak\u0131n neler anlat\u0131yor? &#8220;Korona iki \u015feyin g\u00fcc\u00fcn\u00fc [&hellip;]<\/p>\n<!-- templates\/buttons-placeholder.php -->\n<div class=\"da-reactions-outer TpostID13959\">\n\t    <div class=\"da-reactions-data da-reactions-container-async center\"\n         data-type=\"post\"\n         data-id=\"13959\"\n         id=\"da-reactions-slot-post-13959\">\n        <div class=\"da-reactions-static\">\n\t\t\t<img src=\"https:\/\/www.kariyer.net\/kariyer-rehberi\/wp-content\/plugins\/da-reactions\/assets\/dist\/loading.svg\" alt=\"Loading spinner\" width=\"48\" height=\"48\" style=\"width:48px\" \/>\n        <\/div>\n    <\/div>\n<\/div>\n","protected":false},"author":9,"featured_media":13963,"comment_status":"open","ping_status":"open","sticky":false,"template":"","format":"standard","meta":{"footnotes":"","_elementor_edit_mode":"","_elementor_template_type":"","_elementor_data":"","_elementor_page_settings":null,"_elementor_conditions":[]},"categories":[2203,2211,2214],"tags":[1486,1562,1509,1563],"class_list":{"0":"post-13959","1":"post","2":"type-post","3":"status-publish","4":"format-standard","5":"has-post-thumbnail","7":"category-haberler-duyurular","8":"category-kariyer-gelisimi","9":"category-yasam","10":"tag-corona","11":"tag-dijitallesme-ve-hikaye-anlaticiligi","12":"tag-percin-imrek","13":"tag-storytelling"},"yoast_head":"<!-- This site is optimized with the Yoast SEO Premium plugin v21.4 (Yoast SEO v27.0) - https:\/\/yoast.com\/product\/yoast-seo-premium-wordpress\/ -->\n<title>Dijitalle\u015fme ve hikaye anlat\u0131c\u0131l\u0131\u011f\u0131 \u00f6nemini daha da artt\u0131rd\u0131 | Kariyer Rehberi<\/title>\n<meta name=\"description\" content=\"Ya\u015fad\u0131\u011f\u0131m\u0131z dijital \u00e7a\u011fda s\u00fcrekli bildirimlere a\u00e7\u0131k bir ortamday\u0131z ve ak\u0131ll\u0131 cihazlar\u0131m\u0131za her g\u00fcn onlarca yeni bildirim d\u00fc\u015f\u00fcyor. Bu kadar \u00e7ok uyar\u0131c\u0131n\u0131n\" \/>\n<meta name=\"robots\" content=\"index, follow, max-snippet:-1, max-image-preview:large, max-video-preview:-1\" \/>\n<link rel=\"canonical\" href=\"https:\/\/www.kariyer.net\/kariyer-rehberi\/dijitallesme-ve-hikaye-anlaticiligi-onemini-daha-da-arttirdi\/\" \/>\n<meta property=\"og:locale\" content=\"tr_TR\" \/>\n<meta property=\"og:type\" content=\"article\" \/>\n<meta property=\"og:title\" content=\"Dijitalle\u015fme ve hikaye anlat\u0131c\u0131l\u0131\u011f\u0131 \u00f6nemini daha da artt\u0131rd\u0131\" \/>\n<meta property=\"og:description\" content=\"Ya\u015fad\u0131\u011f\u0131m\u0131z dijital \u00e7a\u011fda s\u00fcrekli bildirimlere a\u00e7\u0131k bir ortamday\u0131z ve ak\u0131ll\u0131 cihazlar\u0131m\u0131za her g\u00fcn onlarca yeni bildirim d\u00fc\u015f\u00fcyor. Bu kadar \u00e7ok uyar\u0131c\u0131n\u0131n\" \/>\n<meta property=\"og:url\" content=\"https:\/\/www.kariyer.net\/kariyer-rehberi\/dijitallesme-ve-hikaye-anlaticiligi-onemini-daha-da-arttirdi\/\" \/>\n<meta property=\"og:site_name\" content=\"Kariyer Rehberi\" \/>\n<meta property=\"article:published_time\" content=\"2020-09-14T06:00:24+00:00\" \/>\n<meta property=\"article:modified_time\" content=\"2024-08-08T18:09:31+00:00\" \/>\n<meta property=\"og:image\" content=\"https:\/\/www.kariyer.net\/kariyer-rehberi\/wp-content\/uploads\/2020\/09\/iStock-1144547910.jpg\" \/>\n\t<meta property=\"og:image:width\" content=\"900\" \/>\n\t<meta property=\"og:image:height\" content=\"600\" \/>\n\t<meta property=\"og:image:type\" content=\"image\/jpeg\" \/>\n<meta name=\"author\" content=\"Konuk Yazar\" \/>\n<meta name=\"twitter:card\" content=\"summary_large_image\" \/>\n<meta name=\"twitter:label1\" content=\"Yazan:\" \/>\n\t<meta name=\"twitter:data1\" content=\"Konuk Yazar\" \/>\n\t<meta name=\"twitter:label2\" content=\"Tahmini okuma s\u00fcresi\" \/>\n\t<meta name=\"twitter:data2\" content=\"3 dakika\" \/>\n<!-- \/ Yoast SEO Premium plugin. -->","yoast_head_json":{"title":"Dijitalle\u015fme ve hikaye anlat\u0131c\u0131l\u0131\u011f\u0131 \u00f6nemini daha da artt\u0131rd\u0131 | Kariyer Rehberi","description":"Ya\u015fad\u0131\u011f\u0131m\u0131z dijital \u00e7a\u011fda s\u00fcrekli bildirimlere a\u00e7\u0131k bir ortamday\u0131z ve ak\u0131ll\u0131 cihazlar\u0131m\u0131za her g\u00fcn onlarca yeni bildirim d\u00fc\u015f\u00fcyor. Bu kadar \u00e7ok uyar\u0131c\u0131n\u0131n","robots":{"index":"index","follow":"follow","max-snippet":"max-snippet:-1","max-image-preview":"max-image-preview:large","max-video-preview":"max-video-preview:-1"},"canonical":"https:\/\/www.kariyer.net\/kariyer-rehberi\/dijitallesme-ve-hikaye-anlaticiligi-onemini-daha-da-arttirdi\/","og_locale":"tr_TR","og_type":"article","og_title":"Dijitalle\u015fme ve hikaye anlat\u0131c\u0131l\u0131\u011f\u0131 \u00f6nemini daha da artt\u0131rd\u0131","og_description":"Ya\u015fad\u0131\u011f\u0131m\u0131z dijital \u00e7a\u011fda s\u00fcrekli bildirimlere a\u00e7\u0131k bir ortamday\u0131z ve ak\u0131ll\u0131 cihazlar\u0131m\u0131za her g\u00fcn onlarca yeni bildirim d\u00fc\u015f\u00fcyor. Bu kadar \u00e7ok uyar\u0131c\u0131n\u0131n","og_url":"https:\/\/www.kariyer.net\/kariyer-rehberi\/dijitallesme-ve-hikaye-anlaticiligi-onemini-daha-da-arttirdi\/","og_site_name":"Kariyer Rehberi","article_published_time":"2020-09-14T06:00:24+00:00","article_modified_time":"2024-08-08T18:09:31+00:00","og_image":[{"width":900,"height":600,"url":"https:\/\/www.kariyer.net\/kariyer-rehberi\/wp-content\/uploads\/2020\/09\/iStock-1144547910.jpg","type":"image\/jpeg"}],"author":"Konuk Yazar","twitter_card":"summary_large_image","twitter_misc":{"Yazan:":"Konuk Yazar","Tahmini okuma s\u00fcresi":"3 dakika"},"schema":{"@context":"https:\/\/schema.org","@graph":[{"@type":"Article","@id":"https:\/\/www.kariyer.net\/kariyer-rehberi\/dijitallesme-ve-hikaye-anlaticiligi-onemini-daha-da-arttirdi\/#article","isPartOf":{"@id":"https:\/\/www.kariyer.net\/kariyer-rehberi\/dijitallesme-ve-hikaye-anlaticiligi-onemini-daha-da-arttirdi\/"},"author":{"name":"Konuk Yazar","@id":"https:\/\/www.kariyer.net\/kariyer-rehberi\/#\/schema\/person\/6154a58a8375a4df7f7fc847997c4657"},"headline":"Dijitalle\u015fme ve hikaye anlat\u0131c\u0131l\u0131\u011f\u0131 \u00f6nemini daha da artt\u0131rd\u0131","datePublished":"2020-09-14T06:00:24+00:00","dateModified":"2024-08-08T18:09:31+00:00","mainEntityOfPage":{"@id":"https:\/\/www.kariyer.net\/kariyer-rehberi\/dijitallesme-ve-hikaye-anlaticiligi-onemini-daha-da-arttirdi\/"},"wordCount":555,"commentCount":0,"publisher":{"@id":"https:\/\/www.kariyer.net\/kariyer-rehberi\/#organization"},"image":{"@id":"https:\/\/www.kariyer.net\/kariyer-rehberi\/dijitallesme-ve-hikaye-anlaticiligi-onemini-daha-da-arttirdi\/#primaryimage"},"thumbnailUrl":"https:\/\/www.kariyer.net\/kariyer-rehberi\/wp-content\/uploads\/2020\/09\/iStock-1144547910.jpg","keywords":["Corona","dijitalle\u015fme ve hikaye anlat\u0131c\u0131l\u0131\u011f\u0131","Per\u00e7in \u0130mrek","storytelling"],"articleSection":["Haberler ve Duyurular","Kariyer Geli\u015fimi","Ya\u015fam"],"inLanguage":"tr","potentialAction":[{"@type":"CommentAction","name":"Comment","target":["https:\/\/www.kariyer.net\/kariyer-rehberi\/dijitallesme-ve-hikaye-anlaticiligi-onemini-daha-da-arttirdi\/#respond"]}]},{"@type":"WebPage","@id":"https:\/\/www.kariyer.net\/kariyer-rehberi\/dijitallesme-ve-hikaye-anlaticiligi-onemini-daha-da-arttirdi\/","url":"https:\/\/www.kariyer.net\/kariyer-rehberi\/dijitallesme-ve-hikaye-anlaticiligi-onemini-daha-da-arttirdi\/","name":"Dijitalle\u015fme ve hikaye anlat\u0131c\u0131l\u0131\u011f\u0131 \u00f6nemini daha da artt\u0131rd\u0131 | Kariyer Rehberi","isPartOf":{"@id":"https:\/\/www.kariyer.net\/kariyer-rehberi\/#website"},"primaryImageOfPage":{"@id":"https:\/\/www.kariyer.net\/kariyer-rehberi\/dijitallesme-ve-hikaye-anlaticiligi-onemini-daha-da-arttirdi\/#primaryimage"},"image":{"@id":"https:\/\/www.kariyer.net\/kariyer-rehberi\/dijitallesme-ve-hikaye-anlaticiligi-onemini-daha-da-arttirdi\/#primaryimage"},"thumbnailUrl":"https:\/\/www.kariyer.net\/kariyer-rehberi\/wp-content\/uploads\/2020\/09\/iStock-1144547910.jpg","datePublished":"2020-09-14T06:00:24+00:00","dateModified":"2024-08-08T18:09:31+00:00","description":"Ya\u015fad\u0131\u011f\u0131m\u0131z dijital \u00e7a\u011fda s\u00fcrekli bildirimlere a\u00e7\u0131k bir ortamday\u0131z ve ak\u0131ll\u0131 cihazlar\u0131m\u0131za her g\u00fcn onlarca yeni bildirim d\u00fc\u015f\u00fcyor. Bu kadar \u00e7ok uyar\u0131c\u0131n\u0131n","breadcrumb":{"@id":"https:\/\/www.kariyer.net\/kariyer-rehberi\/dijitallesme-ve-hikaye-anlaticiligi-onemini-daha-da-arttirdi\/#breadcrumb"},"inLanguage":"tr","potentialAction":[{"@type":"ReadAction","target":["https:\/\/www.kariyer.net\/kariyer-rehberi\/dijitallesme-ve-hikaye-anlaticiligi-onemini-daha-da-arttirdi\/"]}]},{"@type":"ImageObject","inLanguage":"tr","@id":"https:\/\/www.kariyer.net\/kariyer-rehberi\/dijitallesme-ve-hikaye-anlaticiligi-onemini-daha-da-arttirdi\/#primaryimage","url":"https:\/\/www.kariyer.net\/kariyer-rehberi\/wp-content\/uploads\/2020\/09\/iStock-1144547910.jpg","contentUrl":"https:\/\/www.kariyer.net\/kariyer-rehberi\/wp-content\/uploads\/2020\/09\/iStock-1144547910.jpg","width":900,"height":600},{"@type":"BreadcrumbList","@id":"https:\/\/www.kariyer.net\/kariyer-rehberi\/dijitallesme-ve-hikaye-anlaticiligi-onemini-daha-da-arttirdi\/#breadcrumb","itemListElement":[{"@type":"ListItem","position":1,"name":"Anasayfa","item":"https:\/\/www.kariyer.net\/kariyer-rehberi\/"},{"@type":"ListItem","position":2,"name":"Dijitalle\u015fme ve hikaye anlat\u0131c\u0131l\u0131\u011f\u0131 \u00f6nemini daha da artt\u0131rd\u0131"}]},{"@type":"WebSite","@id":"https:\/\/www.kariyer.net\/kariyer-rehberi\/#website","url":"https:\/\/www.kariyer.net\/kariyer-rehberi\/","name":"Kariyer Rehberi","description":"\u0130\u015f D\u00fcnyas\u0131yla \u0130lgili Bilmek \u0130stedi\u011finiz Her \u015eey","publisher":{"@id":"https:\/\/www.kariyer.net\/kariyer-rehberi\/#organization"},"potentialAction":[{"@type":"SearchAction","target":{"@type":"EntryPoint","urlTemplate":"https:\/\/www.kariyer.net\/kariyer-rehberi\/?s={search_term_string}"},"query-input":{"@type":"PropertyValueSpecification","valueRequired":true,"valueName":"search_term_string"}}],"inLanguage":"tr"},{"@type":"Organization","@id":"https:\/\/www.kariyer.net\/kariyer-rehberi\/#organization","name":"Kariyer.net","url":"https:\/\/www.kariyer.net\/kariyer-rehberi\/","logo":{"@type":"ImageObject","inLanguage":"tr","@id":"https:\/\/www.kariyer.net\/kariyer-rehberi\/#\/schema\/logo\/image\/","url":"https:\/\/www.kariyer.net\/kariyer-rehberi-new\/wp-content\/uploads\/2023\/01\/og-image11.jpg","contentUrl":"https:\/\/www.kariyer.net\/kariyer-rehberi-new\/wp-content\/uploads\/2023\/01\/og-image11.jpg","width":800,"height":800,"caption":"Kariyer.net"},"image":{"@id":"https:\/\/www.kariyer.net\/kariyer-rehberi\/#\/schema\/logo\/image\/"}},{"@type":"Person","@id":"https:\/\/www.kariyer.net\/kariyer-rehberi\/#\/schema\/person\/6154a58a8375a4df7f7fc847997c4657","name":"Konuk Yazar","image":{"@type":"ImageObject","inLanguage":"tr","@id":"https:\/\/www.kariyer.net\/kariyer-rehberi\/#\/schema\/person\/image\/","url":"https:\/\/secure.gravatar.com\/avatar\/f03aa189ddb09160e6f0ad7e5e2c4b69c7102a041cc145a1e45a96f0100baa41?s=96&d=mm&r=g","contentUrl":"https:\/\/secure.gravatar.com\/avatar\/f03aa189ddb09160e6f0ad7e5e2c4b69c7102a041cc145a1e45a96f0100baa41?s=96&d=mm&r=g","caption":"Konuk Yazar"},"url":"https:\/\/www.kariyer.net\/kariyer-rehberi\/author\/konukyazar\/"}]}},"_links":{"self":[{"href":"https:\/\/www.kariyer.net\/kariyer-rehberi\/wp-json\/wp\/v2\/posts\/13959","targetHints":{"allow":["GET"]}}],"collection":[{"href":"https:\/\/www.kariyer.net\/kariyer-rehberi\/wp-json\/wp\/v2\/posts"}],"about":[{"href":"https:\/\/www.kariyer.net\/kariyer-rehberi\/wp-json\/wp\/v2\/types\/post"}],"author":[{"embeddable":true,"href":"https:\/\/www.kariyer.net\/kariyer-rehberi\/wp-json\/wp\/v2\/users\/9"}],"replies":[{"embeddable":true,"href":"https:\/\/www.kariyer.net\/kariyer-rehberi\/wp-json\/wp\/v2\/comments?post=13959"}],"version-history":[{"count":1,"href":"https:\/\/www.kariyer.net\/kariyer-rehberi\/wp-json\/wp\/v2\/posts\/13959\/revisions"}],"predecessor-version":[{"id":18617,"href":"https:\/\/www.kariyer.net\/kariyer-rehberi\/wp-json\/wp\/v2\/posts\/13959\/revisions\/18617"}],"wp:featuredmedia":[{"embeddable":true,"href":"https:\/\/www.kariyer.net\/kariyer-rehberi\/wp-json\/wp\/v2\/media\/13963"}],"wp:attachment":[{"href":"https:\/\/www.kariyer.net\/kariyer-rehberi\/wp-json\/wp\/v2\/media?parent=13959"}],"wp:term":[{"taxonomy":"category","embeddable":true,"href":"https:\/\/www.kariyer.net\/kariyer-rehberi\/wp-json\/wp\/v2\/categories?post=13959"},{"taxonomy":"post_tag","embeddable":true,"href":"https:\/\/www.kariyer.net\/kariyer-rehberi\/wp-json\/wp\/v2\/tags?post=13959"}],"curies":[{"name":"wp","href":"https:\/\/api.w.org\/{rel}","templated":true}]}}